{"id":37294,"date":"2023-09-11T00:01:00","date_gmt":"2023-09-11T03:01:00","guid":{"rendered":"https:\/\/www.vagadeempregorj.com.br\/?p=37294"},"modified":"2026-04-22T13:22:05","modified_gmt":"2026-04-22T16:22:05","slug":"bonjour-emplois","status":"publish","type":"post","link":"https:\/\/www.vagadeempregorj.com.br\/fr\/empregos-oi\/","title":{"rendered":"Repr\u00e9sentants commerciaux externes, technicien d&#039;infrastructure junior, sp\u00e9cialiste en s\u00e9curit\u00e9 de l&#039;information, assistant commercial, assistant administratif et bien plus encore chez Oi Company."},"content":{"rendered":"<p class=\"wp-block-paragraph\">Mis \u00e0 jour<\/p>\n\n\n<div class=\"wp-block-post-date\"><time datetime=\"2023-09-11T00:01:00-03:00\">11\/09\/2023<\/time><\/div>\n\n\n<p class=\"wp-block-paragraph\">Toi <strong>Bonjour, emplois <\/strong>Ils offrent un environnement de travail diversifi\u00e9, collaboratif et inclusif o\u00f9 les employ\u00e9s peuvent \u00eatre eux-m\u00eames et partager des exp\u00e9riences positives. Les candidatures sont ouvertes aux professionnels sans distinction de couleur, de race, de sexe, d&#039;origine ethnique, de religion ou d&#039;orientation sexuelle. Pour en savoir plus, veuillez poursuivre votre lecture.&nbsp;<\/p>\n\n\n\n<figure class=\"wp-block-image size-large\"><img loading=\"lazy\" decoding=\"async\" width=\"1024\" height=\"805\" src=\"https:\/\/www.vagadeempregorj.com.br\/wp-content\/uploads\/2023\/01\/image-10-1024x805.png\" alt=\"\" class=\"wp-image-37310\" srcset=\"https:\/\/www.vagadeempregorj.com.br\/wp-content\/uploads\/2023\/01\/image-10-1024x805.png 1024w, https:\/\/www.vagadeempregorj.com.br\/wp-content\/uploads\/2023\/01\/image-10-300x236.png 300w, https:\/\/www.vagadeempregorj.com.br\/wp-content\/uploads\/2023\/01\/image-10-768x604.png 768w, https:\/\/www.vagadeempregorj.com.br\/wp-content\/uploads\/2023\/01\/image-10-1536x1208.png 1536w, https:\/\/www.vagadeempregorj.com.br\/wp-content\/uploads\/2023\/01\/image-10-2048x1610.png 2048w, https:\/\/www.vagadeempregorj.com.br\/wp-content\/uploads\/2023\/01\/image-10-150x118.png 150w\" sizes=\"auto, (max-width: 1024px) 100vw, 1024px\" \/><figcaption class=\"wp-element-caption\">Image : Salut \u2013 Reproduction<\/figcaption><\/figure>\n\n\n\n<h2 class=\"wp-block-heading\">D\u00e9couvrez les offres d&#039;emploi chez Oi.<\/h2>\n\n\n\n<p class=\"wp-block-paragraph\">La soci\u00e9t\u00e9 Oi est pr\u00e9sente dans plusieurs r\u00e9gions br\u00e9siliennes, notamment : Teresina, S\u00e3o Paulo, S\u00e3o Lu\u00eds, Salvador, Rio de Janeiro, Recife, Porto Alegre, Natal, Manaus, Jo\u00e3o Pessoa, Joinville, Imperatriz, Ibotirama, Guanambi, Goi\u00e2nia, Fortaleza, Duque de Caxias, Curitiba, Contagem, Campo dos Goytacazes, Cabo Frio, Bras\u00edlia, Bel\u00e9m et Belo. Horizonte, en plus de plusieurs opportunit\u00e9s pouvant \u00eatre r\u00e9alis\u00e9es \u00e0 distance.&nbsp;<\/p>\n\n\n\n<p class=\"wp-block-paragraph\">Pour faire partie de cette \u00e9quipe, le candidat doit satisfaire aux exigences minimales du poste choisi et r\u00e9sider dans les r\u00e9gions o\u00f9 l&#039;entreprise recrute.&nbsp;<\/p>\n\n\n\n<p class=\"wp-block-paragraph\">Voici quelques options que vous pouvez renseigner maintenant\u00a0:<\/p>\n\n\n\n<ul class=\"wp-block-list\">\n<li>Repr\u00e9sentants commerciaux externes ;<\/li>\n\n\n\n<li>Technicien d&#039;infrastructure junior ;<\/li>\n\n\n\n<li>Responsable technique de l&#039;application PAP\u00a0;<\/li>\n\n\n\n<li>Superviseurs des ventes sp\u00e9cialis\u00e9s;<\/li>\n\n\n\n<li>Banque de talents \u2014 Personnes noires\u00a0;<\/li>\n\n\n\n<li>Responsable des ventes sp\u00e9cialis\u00e9es ;<\/li>\n\n\n\n<li>Cadre dirigeant d&#039;entreprise ;<\/li>\n\n\n\n<li>Sp\u00e9cialiste principal en t\u00e9l\u00e9communications ;<\/li>\n\n\n\n<li>Sp\u00e9cialiste en s\u00e9curit\u00e9 de l&#039;information ;<\/li>\n\n\n\n<li>Sp\u00e9cialiste en r\u00e9glementation ;<\/li>\n\n\n\n<li>Sp\u00e9cialiste en planification et contr\u00f4le des approvisionnements\u00a0;<\/li>\n\n\n\n<li>D\u00e9veloppeur Full Stack ;<\/li>\n\n\n\n<li>D\u00e9veloppeur back-end ;<\/li>\n\n\n\n<li>Consultant en ventes sp\u00e9cialis\u00e9 ;<\/li>\n\n\n\n<li>Banque de talents ;<\/li>\n\n\n\n<li>Assistant commercial sp\u00e9cialis\u00e9 pour les personnes handicap\u00e9es ;<\/li>\n\n\n\n<li>Assistant commercial junior \u2014 Personne handicap\u00e9e\u00a0;<\/li>\n\n\n\n<li>Adjoint administratif PL \u2014 Personne handicap\u00e9e;<\/li>\n\n\n\n<li>Adjoint administratif junior \u2014 Personne handicap\u00e9e\u00a0;<\/li>\n\n\n\n<li>Architecte du portail de facturation\u00a0;<\/li>\n\n\n\n<li>Architecte syst\u00e8me ;<\/li>\n\n\n\n<li>Apprenti en s\u00e9curit\u00e9 de l&#039;information ;<\/li>\n\n\n\n<li>Banque de talents \u2014 Apprenti;<\/li>\n\n\n\n<li>Analyste d&#039;affaires senior ;<\/li>\n\n\n\n<li>Analyste principal(e) du contr\u00f4le et de l&#039;information\u00a0;<\/li>\n\n\n\n<li>Analyste de donn\u00e9es junior.&nbsp;<\/li>\n<\/ul>\n\n\n\n<p class=\"wp-block-paragraph\">Les candidats qui ne trouvent pas de poste vacant dans leur domaine professionnel peuvent remplir un formulaire d&#039;inscription pour \u00eatre inform\u00e9s des futurs postes disponibles au sein de l&#039;entreprise. Si une opportunit\u00e9 correspondant \u00e0 leurs comp\u00e9tences se pr\u00e9sente, l&#039;entreprise les contactera ult\u00e9rieurement.&nbsp;<\/p>\n\n\n\n<h3 class=\"wp-block-heading\">Comment postuler&nbsp;<\/h3>\n\n\n\n<p class=\"wp-block-paragraph\">Le site web ci-dessous restera actif pour une dur\u00e9e ind\u00e9termin\u00e9e et permettra aux candidats de consulter tous les postes vacants, les informations sur l&#039;entreprise et les modalit\u00e9s d&#039;inscription, ainsi que d&#039;\u00e9valuer leur ad\u00e9quation avec la mission et la culture de l&#039;entreprise. Apr\u00e8s avoir trouv\u00e9 un poste correspondant \u00e0 leurs qualifications, les personnes int\u00e9ress\u00e9es sont invit\u00e9es \u00e0 postuler sans tarder, car les postes disponibles peuvent \u00eatre modifi\u00e9s chaque semaine en fonction du nombre de candidatures re\u00e7ues.\u00a0<\/p>\n\n\n\n<ul class=\"wp-block-list\"><\/ul>\n\n\n\n<p class=\"wp-block-paragraph\">Les personnes int\u00e9ress\u00e9es qui ne poss\u00e8dent pas encore d&#039;inscription active sur la plateforme Gupy doivent cr\u00e9er un compte pour se connecter en tant que candidat, et ce n&#039;est qu&#039;alors qu&#039;elles pourront postuler aux postes disponibles au sein de la soci\u00e9t\u00e9 Oi.&nbsp;<\/p>\n\n\n\n<p class=\"wp-block-paragraph\"><strong>Voir aussi\u00a0: <a href=\"https:\/\/www.vagadeempregorj.com.br\/fr\/emplois-renault\/\">Op\u00e9rateur de flux physique, acheteur, responsable de la fabrication \u2013 CVP Bodywork entre autres<\/a><\/strong><\/p>\n\n\n\n<h2 class=\"wp-block-heading\">\u00c0 propos de l&#039;entreprise Oi<\/h2>\n\n\n\n<p class=\"wp-block-paragraph\">Oi est une entreprise br\u00e9silienne de t\u00e9l\u00e9communications qui a \u00e9t\u00e9 pionni\u00e8re dans l&#039;offre de services convergents, notamment le haut d\u00e9bit comme la transmission vocale longue distance, la transmission vocale locale et la t\u00e9l\u00e9vision par satellite.&nbsp;<\/p>\n\n\n\n<p class=\"wp-block-paragraph\">L&#039;entreprise poss\u00e8de le plus vaste r\u00e9seau de fibre optique, avec plus de quatre cent mille km, garantissant sa pr\u00e9sence sur l&#039;ensemble du territoire national, atteignant les zones recul\u00e9es et assurant l&#039;inclusion num\u00e9rique des populations rurales.<\/p>","protected":false},"excerpt":{"rendered":"<p>Atualizado Os empregos Oi oferecem um ambiente de trabalho plural, colaborativo e inclusivo, onde seus colaboradores podem ser aut\u00eanticos e compartilhar boas experi\u00eancias. As oportunidades est\u00e3o dispon\u00edveis para a candidatura de profissionais independente de cor, ra\u00e7a, g\u00eanero, etnia, religi\u00e3o ou orienta\u00e7\u00e3o sexual. Para obter mais detalhes, continue acompanhando.&nbsp; Confira as oportunidades de emprego Oi A&hellip;&nbsp;<\/p>","protected":false},"author":16,"featured_media":37310,"comment_status":"closed","ping_status":"closed","sticky":false,"template":"","format":"standard","meta":{"neve_meta_sidebar":"","neve_meta_container":"","neve_meta_enable_content_width":"","neve_meta_content_width":0,"neve_meta_title_alignment":"","neve_meta_author_avatar":"","neve_post_elements_order":"","neve_meta_disable_header":"","neve_meta_disable_footer":"","neve_meta_disable_title":"","footnotes":""},"categories":[123],"tags":[783,608,147],"class_list":["post-37294","post","type-post","status-publish","format-standard","has-post-thumbnail","hentry","category-vagas-de-emprego-nacionais","tag-oi","tag-oportunidades","tag-vaga-de-emprego"],"yoast_head":"<!-- This site is optimized with the Yoast SEO plugin v28.3 - https:\/\/yoast.com\/product\/yoast-seo-wordpress\/ -->\n<title>Vendedores Externos, T\u00e9cnico de Infraestrutura Jr, Especialista em Seguran\u00e7a da Informa\u00e7\u00e3o, Assistente Comercial, Assistente Administrativo e muito mais na Empresa Oi -<\/title>\n<meta name=\"description\" content=\"Veja em Vagas de Emprego RJ as vagas de emprego com e sem experi\u00eancia no seu Estado e Regi\u00e3o!\" \/>\n<meta name=\"robots\" content=\"index, follow, max-snippet:-1, max-image-preview:large, max-video-preview:-1\" \/>\n<link rel=\"canonical\" href=\"https:\/\/www.vagadeempregorj.com.br\/fr\/bonjour-emplois\/\" \/>\n<meta property=\"og:locale\" content=\"fr_FR\" \/>\n<meta property=\"og:type\" content=\"article\" \/>\n<meta property=\"og:title\" content=\"Vendedores Externos, T\u00e9cnico de Infraestrutura Jr, Especialista em Seguran\u00e7a da Informa\u00e7\u00e3o, Assistente Comercial, Assistente Administrativo e muito mais na Empresa Oi -\" \/>\n<meta property=\"og:description\" content=\"Veja em Vagas de Emprego RJ as vagas de emprego com e sem experi\u00eancia no seu Estado e Regi\u00e3o!\" \/>\n<meta property=\"og:url\" content=\"https:\/\/www.vagadeempregorj.com.br\/fr\/bonjour-emplois\/\" \/>\n<meta property=\"article:publisher\" content=\"https:\/\/www.facebook.com\/empregobrasiloficial\" \/>\n<meta property=\"article:published_time\" content=\"2023-09-11T03:01:00+00:00\" \/>\n<meta property=\"article:modified_time\" content=\"2026-04-22T16:22:05+00:00\" \/>\n<meta property=\"og:image\" content=\"https:\/\/www.vagadeempregorj.com.br\/wp-content\/uploads\/2023\/01\/image-10.png\" \/>\n\t<meta property=\"og:image:width\" content=\"3500\" \/>\n\t<meta property=\"og:image:height\" content=\"2752\" \/>\n\t<meta property=\"og:image:type\" content=\"image\/png\" \/>\n<meta name=\"author\" content=\"Michele\" \/>\n<meta name=\"twitter:card\" content=\"summary_large_image\" \/>\n<meta name=\"twitter:label1\" content=\"\u00c9crit par\" \/>\n\t<meta name=\"twitter:data1\" content=\"Michele\" \/>\n\t<meta name=\"twitter:label2\" content=\"Dur\u00e9e de lecture estim\u00e9e\" \/>\n\t<meta name=\"twitter:data2\" content=\"3 minutes\" \/>\n<script type=\"application\/ld+json\" class=\"yoast-schema-graph\">{\"@context\":\"https:\\\/\\\/schema.org\",\"@graph\":[{\"@type\":\"Article\",\"@id\":\"https:\\\/\\\/www.vagadeempregorj.com.br\\\/empregos-oi\\\/#article\",\"isPartOf\":{\"@id\":\"https:\\\/\\\/www.vagadeempregorj.com.br\\\/empregos-oi\\\/\"},\"author\":{\"name\":\"Michele\",\"@id\":\"https:\\\/\\\/www.vagadeempregorj.com.br\\\/#\\\/schema\\\/person\\\/3ddb19fa0539706786e502152f3aae95\"},\"headline\":\"Vendedores Externos, T\u00e9cnico de Infraestrutura Jr, Especialista em Seguran\u00e7a da Informa\u00e7\u00e3o, Assistente Comercial, Assistente Administrativo e muito mais na Empresa Oi\",\"datePublished\":\"2023-09-11T03:01:00+00:00\",\"dateModified\":\"2026-04-22T16:22:05+00:00\",\"mainEntityOfPage\":{\"@id\":\"https:\\\/\\\/www.vagadeempregorj.com.br\\\/empregos-oi\\\/\"},\"wordCount\":594,\"image\":{\"@id\":\"https:\\\/\\\/www.vagadeempregorj.com.br\\\/empregos-oi\\\/#primaryimage\"},\"thumbnailUrl\":\"https:\\\/\\\/www.vagadeempregorj.com.br\\\/wp-content\\\/uploads\\\/2023\\\/01\\\/image-10.png\",\"keywords\":[\"Oi\",\"oportunidades\",\"vaga de emprego\"],\"articleSection\":[\"Vagas de Emprego Nacionais\"],\"inLanguage\":\"fr-FR\"},{\"@type\":\"WebPage\",\"@id\":\"https:\\\/\\\/www.vagadeempregorj.com.br\\\/empregos-oi\\\/\",\"url\":\"https:\\\/\\\/www.vagadeempregorj.com.br\\\/empregos-oi\\\/\",\"name\":\"Vendedores Externos, T\u00e9cnico de Infraestrutura Jr, Especialista em Seguran\u00e7a da Informa\u00e7\u00e3o, Assistente Comercial, Assistente Administrativo e muito mais na Empresa Oi -\",\"isPartOf\":{\"@id\":\"https:\\\/\\\/www.vagadeempregorj.com.br\\\/#website\"},\"primaryImageOfPage\":{\"@id\":\"https:\\\/\\\/www.vagadeempregorj.com.br\\\/empregos-oi\\\/#primaryimage\"},\"image\":{\"@id\":\"https:\\\/\\\/www.vagadeempregorj.com.br\\\/empregos-oi\\\/#primaryimage\"},\"thumbnailUrl\":\"https:\\\/\\\/www.vagadeempregorj.com.br\\\/wp-content\\\/uploads\\\/2023\\\/01\\\/image-10.png\",\"datePublished\":\"2023-09-11T03:01:00+00:00\",\"dateModified\":\"2026-04-22T16:22:05+00:00\",\"author\":{\"@id\":\"https:\\\/\\\/www.vagadeempregorj.com.br\\\/#\\\/schema\\\/person\\\/3ddb19fa0539706786e502152f3aae95\"},\"description\":\"Veja em Vagas de Emprego RJ as vagas de emprego com e sem experi\u00eancia no seu Estado e Regi\u00e3o!\",\"breadcrumb\":{\"@id\":\"https:\\\/\\\/www.vagadeempregorj.com.br\\\/empregos-oi\\\/#breadcrumb\"},\"inLanguage\":\"fr-FR\",\"potentialAction\":[{\"@type\":\"ReadAction\",\"target\":[\"https:\\\/\\\/www.vagadeempregorj.com.br\\\/empregos-oi\\\/\"]}]},{\"@type\":\"ImageObject\",\"inLanguage\":\"fr-FR\",\"@id\":\"https:\\\/\\\/www.vagadeempregorj.com.br\\\/empregos-oi\\\/#primaryimage\",\"url\":\"https:\\\/\\\/www.vagadeempregorj.com.br\\\/wp-content\\\/uploads\\\/2023\\\/01\\\/image-10.png\",\"contentUrl\":\"https:\\\/\\\/www.vagadeempregorj.com.br\\\/wp-content\\\/uploads\\\/2023\\\/01\\\/image-10.png\",\"width\":3500,\"height\":2752},{\"@type\":\"BreadcrumbList\",\"@id\":\"https:\\\/\\\/www.vagadeempregorj.com.br\\\/empregos-oi\\\/#breadcrumb\",\"itemListElement\":[{\"@type\":\"ListItem\",\"position\":1,\"name\":\"In\u00edcio\",\"item\":\"https:\\\/\\\/www.vagadeempregorj.com.br\\\/\"},{\"@type\":\"ListItem\",\"position\":2,\"name\":\"Vagas de Emprego Nacionais\",\"item\":\"https:\\\/\\\/www.vagadeempregorj.com.br\\\/vagas-de-emprego-nacionais\\\/\"},{\"@type\":\"ListItem\",\"position\":3,\"name\":\"Vendedores Externos, T\u00e9cnico de Infraestrutura Jr, Especialista em Seguran\u00e7a da Informa\u00e7\u00e3o, Assistente Comercial, Assistente Administrativo e muito mais na Empresa Oi\"}]},{\"@type\":\"WebSite\",\"@id\":\"https:\\\/\\\/www.vagadeempregorj.com.br\\\/#website\",\"url\":\"https:\\\/\\\/www.vagadeempregorj.com.br\\\/\",\"name\":\"\",\"description\":\"Conquiste Sonhos: Vagas, Benef\u00edcios e Economia para Transformar Vidas e Alcan\u00e7ar Melhorias Cotidianas\",\"potentialAction\":[{\"@type\":\"SearchAction\",\"target\":{\"@type\":\"EntryPoint\",\"urlTemplate\":\"https:\\\/\\\/www.vagadeempregorj.com.br\\\/?s={search_term_string}\"},\"query-input\":{\"@type\":\"PropertyValueSpecification\",\"valueRequired\":true,\"valueName\":\"search_term_string\"}}],\"inLanguage\":\"fr-FR\"},{\"@type\":\"Person\",\"@id\":\"https:\\\/\\\/www.vagadeempregorj.com.br\\\/#\\\/schema\\\/person\\\/3ddb19fa0539706786e502152f3aae95\",\"name\":\"Michele\",\"image\":{\"@type\":\"ImageObject\",\"inLanguage\":\"fr-FR\",\"@id\":\"https:\\\/\\\/secure.gravatar.com\\\/avatar\\\/6b0eb9d22841282815e2cd856a0061c45e1761cd54b22e952d98c4746939aa85?s=96&r=g\",\"url\":\"https:\\\/\\\/secure.gravatar.com\\\/avatar\\\/6b0eb9d22841282815e2cd856a0061c45e1761cd54b22e952d98c4746939aa85?s=96&r=g\",\"contentUrl\":\"https:\\\/\\\/secure.gravatar.com\\\/avatar\\\/6b0eb9d22841282815e2cd856a0061c45e1761cd54b22e952d98c4746939aa85?s=96&r=g\",\"caption\":\"Michele\"},\"description\":\"Formada em Letras - Portugu\u00eas\\\/ Ingl\u00eas, e idealizadora do site Escritora de Sucesso, busca expandir o conhecimento de todos com informa\u00e7\u00f5es relevantes sobre diversos assuntos, enquanto redatora. No Vaga de Emprego RJ, traz oportunidades e dicas sobre o mercado de trabalho.\",\"url\":\"https:\\\/\\\/www.vagadeempregorj.com.br\\\/fr\\\/author\\\/michele\\\/\"}]}<\/script>\n<!-- \/ Yoast SEO plugin. -->","yoast_head_json":{"title":"Repr\u00e9sentants commerciaux externes, technicien d&#039;infrastructure junior, sp\u00e9cialiste en s\u00e9curit\u00e9 de l&#039;information, assistant commercial, assistant administratif et bien plus encore chez Oi Company -","description":"Consultez les offres d&#039;emploi \u00e0 Rio de Janeiro (RJ) pour les emplois exp\u00e9riment\u00e9s et non exp\u00e9riment\u00e9s dans votre \u00e9tat et votre r\u00e9gion\u00a0!","robots":{"index":"index","follow":"follow","max-snippet":"max-snippet:-1","max-image-preview":"max-image-preview:large","max-video-preview":"max-video-preview:-1"},"canonical":"https:\/\/www.vagadeempregorj.com.br\/fr\/bonjour-emplois\/","og_locale":"fr_FR","og_type":"article","og_title":"Vendedores Externos, T\u00e9cnico de Infraestrutura Jr, Especialista em Seguran\u00e7a da Informa\u00e7\u00e3o, Assistente Comercial, Assistente Administrativo e muito mais na Empresa Oi -","og_description":"Veja em Vagas de Emprego RJ as vagas de emprego com e sem experi\u00eancia no seu Estado e Regi\u00e3o!","og_url":"https:\/\/www.vagadeempregorj.com.br\/fr\/bonjour-emplois\/","article_publisher":"https:\/\/www.facebook.com\/empregobrasiloficial","article_published_time":"2023-09-11T03:01:00+00:00","article_modified_time":"2026-04-22T16:22:05+00:00","og_image":[{"width":3500,"height":2752,"url":"https:\/\/www.vagadeempregorj.com.br\/wp-content\/uploads\/2023\/01\/image-10.png","type":"image\/png"}],"author":"Michele","twitter_card":"summary_large_image","twitter_misc":{"\u00c9crit par":"Michele","Dur\u00e9e de lecture estim\u00e9e":"3 minutes"},"schema":{"@context":"https:\/\/schema.org","@graph":[{"@type":"Article","@id":"https:\/\/www.vagadeempregorj.com.br\/empregos-oi\/#article","isPartOf":{"@id":"https:\/\/www.vagadeempregorj.com.br\/empregos-oi\/"},"author":{"name":"Michele","@id":"https:\/\/www.vagadeempregorj.com.br\/#\/schema\/person\/3ddb19fa0539706786e502152f3aae95"},"headline":"Vendedores Externos, T\u00e9cnico de Infraestrutura Jr, Especialista em Seguran\u00e7a da Informa\u00e7\u00e3o, Assistente Comercial, Assistente Administrativo e muito mais na Empresa Oi","datePublished":"2023-09-11T03:01:00+00:00","dateModified":"2026-04-22T16:22:05+00:00","mainEntityOfPage":{"@id":"https:\/\/www.vagadeempregorj.com.br\/empregos-oi\/"},"wordCount":594,"image":{"@id":"https:\/\/www.vagadeempregorj.com.br\/empregos-oi\/#primaryimage"},"thumbnailUrl":"https:\/\/www.vagadeempregorj.com.br\/wp-content\/uploads\/2023\/01\/image-10.png","keywords":["Oi","oportunidades","vaga de emprego"],"articleSection":["Vagas de Emprego Nacionais"],"inLanguage":"fr-FR"},{"@type":"WebPage","@id":"https:\/\/www.vagadeempregorj.com.br\/empregos-oi\/","url":"https:\/\/www.vagadeempregorj.com.br\/empregos-oi\/","name":"Repr\u00e9sentants commerciaux externes, technicien d&#039;infrastructure junior, sp\u00e9cialiste en s\u00e9curit\u00e9 de l&#039;information, assistant commercial, assistant administratif et bien plus encore chez Oi Company -","isPartOf":{"@id":"https:\/\/www.vagadeempregorj.com.br\/#website"},"primaryImageOfPage":{"@id":"https:\/\/www.vagadeempregorj.com.br\/empregos-oi\/#primaryimage"},"image":{"@id":"https:\/\/www.vagadeempregorj.com.br\/empregos-oi\/#primaryimage"},"thumbnailUrl":"https:\/\/www.vagadeempregorj.com.br\/wp-content\/uploads\/2023\/01\/image-10.png","datePublished":"2023-09-11T03:01:00+00:00","dateModified":"2026-04-22T16:22:05+00:00","author":{"@id":"https:\/\/www.vagadeempregorj.com.br\/#\/schema\/person\/3ddb19fa0539706786e502152f3aae95"},"description":"Consultez les offres d&#039;emploi \u00e0 Rio de Janeiro (RJ) pour les emplois exp\u00e9riment\u00e9s et non exp\u00e9riment\u00e9s dans votre \u00e9tat et votre r\u00e9gion\u00a0!","breadcrumb":{"@id":"https:\/\/www.vagadeempregorj.com.br\/empregos-oi\/#breadcrumb"},"inLanguage":"fr-FR","potentialAction":[{"@type":"ReadAction","target":["https:\/\/www.vagadeempregorj.com.br\/empregos-oi\/"]}]},{"@type":"ImageObject","inLanguage":"fr-FR","@id":"https:\/\/www.vagadeempregorj.com.br\/empregos-oi\/#primaryimage","url":"https:\/\/www.vagadeempregorj.com.br\/wp-content\/uploads\/2023\/01\/image-10.png","contentUrl":"https:\/\/www.vagadeempregorj.com.br\/wp-content\/uploads\/2023\/01\/image-10.png","width":3500,"height":2752},{"@type":"BreadcrumbList","@id":"https:\/\/www.vagadeempregorj.com.br\/empregos-oi\/#breadcrumb","itemListElement":[{"@type":"ListItem","position":1,"name":"In\u00edcio","item":"https:\/\/www.vagadeempregorj.com.br\/"},{"@type":"ListItem","position":2,"name":"Vagas de Emprego Nacionais","item":"https:\/\/www.vagadeempregorj.com.br\/vagas-de-emprego-nacionais\/"},{"@type":"ListItem","position":3,"name":"Vendedores Externos, T\u00e9cnico de Infraestrutura Jr, Especialista em Seguran\u00e7a da Informa\u00e7\u00e3o, Assistente Comercial, Assistente Administrativo e muito mais na Empresa Oi"}]},{"@type":"WebSite","@id":"https:\/\/www.vagadeempregorj.com.br\/#website","url":"https:\/\/www.vagadeempregorj.com.br\/","name":"","description":"R\u00e9alisez vos r\u00eaves\u00a0: offres d\u2019emploi, avantages sociaux et \u00e9conomies pour transformer des vies et am\u00e9liorer votre quotidien.","potentialAction":[{"@type":"SearchAction","target":{"@type":"EntryPoint","urlTemplate":"https:\/\/www.vagadeempregorj.com.br\/?s={search_term_string}"},"query-input":{"@type":"PropertyValueSpecification","valueRequired":true,"valueName":"search_term_string"}}],"inLanguage":"fr-FR"},{"@type":"Person","@id":"https:\/\/www.vagadeempregorj.com.br\/#\/schema\/person\/3ddb19fa0539706786e502152f3aae95","name":"Michele","image":{"@type":"ImageObject","inLanguage":"fr-FR","@id":"https:\/\/secure.gravatar.com\/avatar\/6b0eb9d22841282815e2cd856a0061c45e1761cd54b22e952d98c4746939aa85?s=96&r=g","url":"https:\/\/secure.gravatar.com\/avatar\/6b0eb9d22841282815e2cd856a0061c45e1761cd54b22e952d98c4746939aa85?s=96&r=g","contentUrl":"https:\/\/secure.gravatar.com\/avatar\/6b0eb9d22841282815e2cd856a0061c45e1761cd54b22e952d98c4746939aa85?s=96&r=g","caption":"Michele"},"description":"Dipl\u00f4m\u00e9e en litt\u00e9rature portugaise et anglaise et cr\u00e9atrice du site web Escritora de Sucesso (\u00c9crivaine \u00e0 succ\u00e8s), elle souhaite, en tant qu&#039;\u00e9crivaine, enrichir les connaissances de chacun gr\u00e2ce \u00e0 des informations pertinentes sur divers sujets. Sur Vaga de Emprego RJ (Offres d&#039;emploi RJ), elle partage des opportunit\u00e9s et des conseils sur le march\u00e9 du travail.","url":"https:\/\/www.vagadeempregorj.com.br\/fr\/author\/michele\/"}]}},"_links":{"self":[{"href":"https:\/\/www.vagadeempregorj.com.br\/fr\/wp-json\/wp\/v2\/posts\/37294","targetHints":{"allow":["GET"]}}],"collection":[{"href":"https:\/\/www.vagadeempregorj.com.br\/fr\/wp-json\/wp\/v2\/posts"}],"about":[{"href":"https:\/\/www.vagadeempregorj.com.br\/fr\/wp-json\/wp\/v2\/types\/post"}],"author":[{"embeddable":true,"href":"https:\/\/www.vagadeempregorj.com.br\/fr\/wp-json\/wp\/v2\/users\/16"}],"replies":[{"embeddable":true,"href":"https:\/\/www.vagadeempregorj.com.br\/fr\/wp-json\/wp\/v2\/comments?post=37294"}],"version-history":[{"count":1,"href":"https:\/\/www.vagadeempregorj.com.br\/fr\/wp-json\/wp\/v2\/posts\/37294\/revisions"}],"predecessor-version":[{"id":44233,"href":"https:\/\/www.vagadeempregorj.com.br\/fr\/wp-json\/wp\/v2\/posts\/37294\/revisions\/44233"}],"wp:featuredmedia":[{"embeddable":true,"href":"https:\/\/www.vagadeempregorj.com.br\/fr\/wp-json\/wp\/v2\/media\/37310"}],"wp:attachment":[{"href":"https:\/\/www.vagadeempregorj.com.br\/fr\/wp-json\/wp\/v2\/media?parent=37294"}],"wp:term":[{"taxonomy":"category","embeddable":true,"href":"https:\/\/www.vagadeempregorj.com.br\/fr\/wp-json\/wp\/v2\/categories?post=37294"},{"taxonomy":"post_tag","embeddable":true,"href":"https:\/\/www.vagadeempregorj.com.br\/fr\/wp-json\/wp\/v2\/tags?post=37294"}],"curies":[{"name":"wp","href":"https:\/\/api.w.org\/{rel}","templated":true}]}}