{"id":37299,"date":"2023-09-13T00:01:00","date_gmt":"2023-09-13T03:01:00","guid":{"rendered":"https:\/\/www.vagadeempregorj.com.br\/?p=37299"},"modified":"2025-03-20T20:16:41","modified_gmt":"2025-03-20T23:16:41","slug":"empregos-quem-disse-berenice","status":"publish","type":"post","link":"https:\/\/www.vagadeempregorj.com.br\/fr\/empregos-quem-disse-berenice\/","title":{"rendered":"Empregos Quem Disse Berenice"},"content":{"rendered":"<p>Atualizado<\/p>\n\n\n<div class=\"wp-block-post-date\"><time datetime=\"2023-09-13T00:01:00-03:00\">13\/09\/2023<\/time><\/div>\n\n\n<p>Os <strong>empregos Quem Disse Berenice<\/strong> fazem parte da empresa O Botic\u00e1rio, e tem como principal objetivo encorajar as mulheres a unirem atitude e beleza para se sentirem ainda mais livres e realizarem o que tiverem vontade. Para fazer parte desse grande time, \u00e9 necess\u00e1rio atentar-se aos requisitos m\u00ednimos da fun\u00e7\u00e3o escolhida e se identificar com a cultura da companhia. Para mais informa\u00e7\u00f5es, continue lendo.<\/p>\n\n\n\n<figure class=\"wp-block-image size-large\"><img loading=\"lazy\" decoding=\"async\" width=\"1024\" height=\"594\" src=\"https:\/\/www.vagadeempregorj.com.br\/wp-content\/uploads\/2023\/01\/image-12-1024x594.png\" alt=\"\" class=\"wp-image-37312\" srcset=\"https:\/\/www.vagadeempregorj.com.br\/wp-content\/uploads\/2023\/01\/image-12-1024x594.png 1024w, https:\/\/www.vagadeempregorj.com.br\/wp-content\/uploads\/2023\/01\/image-12-300x174.png 300w, https:\/\/www.vagadeempregorj.com.br\/wp-content\/uploads\/2023\/01\/image-12-768x445.png 768w, https:\/\/www.vagadeempregorj.com.br\/wp-content\/uploads\/2023\/01\/image-12-1536x891.png 1536w, https:\/\/www.vagadeempregorj.com.br\/wp-content\/uploads\/2023\/01\/image-12-150x87.png 150w, https:\/\/www.vagadeempregorj.com.br\/wp-content\/uploads\/2023\/01\/image-12.png 1909w\" sizes=\"auto, (max-width: 1024px) 100vw, 1024px\" \/><figcaption class=\"wp-element-caption\">Imagem: Quem Disse Berenice &#8211; Reprodu\u00e7\u00e3o<\/figcaption><\/figure>\n\n\n\n<h2 class=\"wp-block-heading\">Confira as oportunidades de empregos Quem Disse Berenice<\/h2>\n\n\n\n<p>As oportunidades de empregos Quem Disse Berenice abrangem uma ampla \u00e1rea de segmentos, trabalhando com uma estrat\u00e9gia multicanal, um com\u00e9rcio eletr\u00f4nico e suas lojas f\u00edsicas que est\u00e3o espalhadas por todo o Brasil, permitindo que seus clientes comprem e experimentem todo o seu portf\u00f3lio de produtos.&nbsp;<\/p>\n\n\n\n<p>Para se candidatar o candidato dever\u00e1 deixar cadastrado seu curr\u00edculo no banco de dados da empresa, para isso \u00e9 necess\u00e1rio que o interessado possua um cadastro ativo no site VAGAS.com.br. Caso j\u00e1 possua um cadastro, basta fornecer a identifica\u00e7\u00e3o\/login e senha, que automaticamente o candidato ser\u00e1 direcionado para a p\u00e1gina da empresa.<\/p>\n\n\n\n<h3 class=\"wp-block-heading\">Como se candidatar<\/h3>\n\n\n\n<p>Para confirmar o encaminhamento do seu curr\u00edculo, o profissional deixar\u00e1 \u00e0 disposi\u00e7\u00e3o do Grupo Botic\u00e1rio sua ficha cadastral, para que sejam utilizados em seus processos de recrutamento. \u00c9 necess\u00e1rio preencher atentamente todos os campos obrigat\u00f3rios, principalmente dados pessoais e meios de comunica\u00e7\u00e3o, pois ser\u00e1 dessa maneira que posteriormente o candidato ser\u00e1 avisado sobre a abertura de novas vagas que se encaixem em suas habilidades informadas.<\/p>\n\n\n\n<p>Para conferir mais informa\u00e7\u00f5es sobre a empresa, vagas abertas e o preenchimento das fichas cadastrais, basta acessar o link abaixo:<\/p>\n\n\n\n<ul class=\"wp-block-list\">\n<li>Oportunidades Quem Disse Berenice.<\/li>\n<\/ul>\n\n\n\n<p>Para que o encaminhamento do seu curr\u00edculo seja completo, o candidato dever\u00e1 pressionar o bot\u00e3o CONFIRMA logo ap\u00f3s o preenchimento da sua ficha de cadastro. \u00c9 importante destacar que a empresa exige uma Carta de Apresenta\u00e7\u00e3o e Fontes de Atra\u00e7\u00e3o para contar como conheceu o Grupo Botic\u00e1rio e quem indicou essa vaga.<\/p>\n\n\n\n<h2 class=\"wp-block-heading\">Sobre a empresa Quem Disse Berenice<\/h2>\n\n\n\n<p>Em 2012, o Grupo Botic\u00e1rio lan\u00e7ou a marca de cosm\u00e9ticos &#8220;Berenice&#8221;. O projeto teve seus primeiros pontos de venda em S\u00e3o Paulo ap\u00f3s dois anos de desenvolvimento antes de seu lan\u00e7amento.<\/p>\n\n\n\n<p>Na \u00e9poca, os fundadores da empresa estavam cientes de que o nome inicialmente causaria confus\u00e3o, de acordo com Artur Grynbaum, presidente do Grupo Botic\u00e1rio. Mas essa foi a sugest\u00e3o: surpreender os clientes e despertar a vontade de experimentar os produtos da loja de uma maneira divertida.<\/p>\n\n\n\n<p>A marca vem crescendo e est\u00e1 sendo conquistada cada vez mais por seus diversos produtos e pre\u00e7os atraentes. Desde a sua cria\u00e7\u00e3o, Quem disse, Berenice? Se concentrou em atender e satisfazer todos os seus clientes, uma base foi criada com uma variedade de tons de pele, e seus produtos se misturam bem com cada um, isso fez com que a empresa ganhasse muitos admiradores e seus produtos fossem usados por todo o pa\u00eds.<\/p>","protected":false},"excerpt":{"rendered":"<p>Atualizado Os empregos Quem Disse Berenice fazem parte da empresa O Botic\u00e1rio, e tem como principal objetivo encorajar as mulheres a unirem atitude e beleza para se sentirem ainda mais livres e realizarem o que tiverem vontade. Para fazer parte desse grande time, \u00e9 necess\u00e1rio atentar-se aos requisitos m\u00ednimos da fun\u00e7\u00e3o escolhida e se identificar&hellip;&nbsp;<\/p>","protected":false},"author":16,"featured_media":37312,"comment_status":"closed","ping_status":"closed","sticky":false,"template":"","format":"standard","meta":{"neve_meta_sidebar":"","neve_meta_container":"","neve_meta_enable_content_width":"","neve_meta_content_width":0,"neve_meta_title_alignment":"","neve_meta_author_avatar":"","neve_post_elements_order":"","neve_meta_disable_header":"","neve_meta_disable_footer":"","neve_meta_disable_title":"","footnotes":""},"categories":[123],"tags":[608,784,147],"class_list":["post-37299","post","type-post","status-publish","format-standard","has-post-thumbnail","hentry","category-vagas-de-emprego-nacionais","tag-oportunidades","tag-quem-disse-berenice","tag-vaga-de-emprego"],"yoast_head":"<!-- This site is optimized with the Yoast SEO plugin v27.5 - https:\/\/yoast.com\/product\/yoast-seo-wordpress\/ -->\n<title>Empregos Quem Disse Berenice -<\/title>\n<meta name=\"description\" content=\"Veja em Vagas de Emprego RJ as vagas de emprego com e sem experi\u00eancia no seu Estado e Regi\u00e3o!\" \/>\n<meta name=\"robots\" content=\"index, follow, max-snippet:-1, max-image-preview:large, max-video-preview:-1\" \/>\n<link rel=\"canonical\" href=\"https:\/\/www.vagadeempregorj.com.br\/fr\/empregos-quem-disse-berenice\/\" \/>\n<meta property=\"og:locale\" content=\"fr_FR\" \/>\n<meta property=\"og:type\" content=\"article\" \/>\n<meta property=\"og:title\" content=\"Empregos Quem Disse Berenice -\" \/>\n<meta property=\"og:description\" content=\"Veja em Vagas de Emprego RJ as vagas de emprego com e sem experi\u00eancia no seu Estado e Regi\u00e3o!\" \/>\n<meta property=\"og:url\" content=\"https:\/\/www.vagadeempregorj.com.br\/fr\/empregos-quem-disse-berenice\/\" \/>\n<meta property=\"article:publisher\" content=\"https:\/\/www.facebook.com\/empregobrasiloficial\" \/>\n<meta property=\"article:published_time\" content=\"2023-09-13T03:01:00+00:00\" \/>\n<meta property=\"article:modified_time\" content=\"2025-03-20T23:16:41+00:00\" \/>\n<meta property=\"og:image\" content=\"https:\/\/www.vagadeempregorj.com.br\/wp-content\/uploads\/2023\/01\/image-12.png\" \/>\n\t<meta property=\"og:image:width\" content=\"1909\" \/>\n\t<meta property=\"og:image:height\" content=\"1107\" \/>\n\t<meta property=\"og:image:type\" content=\"image\/png\" \/>\n<meta name=\"author\" content=\"Michele\" \/>\n<meta name=\"twitter:card\" content=\"summary_large_image\" \/>\n<meta name=\"twitter:label1\" content=\"Written by\" \/>\n\t<meta name=\"twitter:data1\" content=\"Michele\" \/>\n\t<meta name=\"twitter:label2\" content=\"Est. reading time\" \/>\n\t<meta name=\"twitter:data2\" content=\"3 minutes\" \/>\n<script type=\"application\/ld+json\" class=\"yoast-schema-graph\">{\"@context\":\"https:\\\/\\\/schema.org\",\"@graph\":[{\"@type\":\"Article\",\"@id\":\"https:\\\/\\\/www.vagadeempregorj.com.br\\\/empregos-quem-disse-berenice\\\/#article\",\"isPartOf\":{\"@id\":\"https:\\\/\\\/www.vagadeempregorj.com.br\\\/empregos-quem-disse-berenice\\\/\"},\"author\":{\"name\":\"Michele\",\"@id\":\"https:\\\/\\\/www.vagadeempregorj.com.br\\\/#\\\/schema\\\/person\\\/3ddb19fa0539706786e502152f3aae95\"},\"headline\":\"Empregos Quem Disse Berenice\",\"datePublished\":\"2023-09-13T03:01:00+00:00\",\"dateModified\":\"2025-03-20T23:16:41+00:00\",\"mainEntityOfPage\":{\"@id\":\"https:\\\/\\\/www.vagadeempregorj.com.br\\\/empregos-quem-disse-berenice\\\/\"},\"wordCount\":519,\"image\":{\"@id\":\"https:\\\/\\\/www.vagadeempregorj.com.br\\\/empregos-quem-disse-berenice\\\/#primaryimage\"},\"thumbnailUrl\":\"https:\\\/\\\/www.vagadeempregorj.com.br\\\/wp-content\\\/uploads\\\/2023\\\/01\\\/image-12.png\",\"keywords\":[\"oportunidades\",\"Quem Disse Berenice\",\"vaga de emprego\"],\"articleSection\":[\"Vagas de Emprego Nacionais\"],\"inLanguage\":\"fr-FR\"},{\"@type\":\"WebPage\",\"@id\":\"https:\\\/\\\/www.vagadeempregorj.com.br\\\/empregos-quem-disse-berenice\\\/\",\"url\":\"https:\\\/\\\/www.vagadeempregorj.com.br\\\/empregos-quem-disse-berenice\\\/\",\"name\":\"Empregos Quem Disse Berenice -\",\"isPartOf\":{\"@id\":\"https:\\\/\\\/www.vagadeempregorj.com.br\\\/#website\"},\"primaryImageOfPage\":{\"@id\":\"https:\\\/\\\/www.vagadeempregorj.com.br\\\/empregos-quem-disse-berenice\\\/#primaryimage\"},\"image\":{\"@id\":\"https:\\\/\\\/www.vagadeempregorj.com.br\\\/empregos-quem-disse-berenice\\\/#primaryimage\"},\"thumbnailUrl\":\"https:\\\/\\\/www.vagadeempregorj.com.br\\\/wp-content\\\/uploads\\\/2023\\\/01\\\/image-12.png\",\"datePublished\":\"2023-09-13T03:01:00+00:00\",\"dateModified\":\"2025-03-20T23:16:41+00:00\",\"author\":{\"@id\":\"https:\\\/\\\/www.vagadeempregorj.com.br\\\/#\\\/schema\\\/person\\\/3ddb19fa0539706786e502152f3aae95\"},\"description\":\"Veja em Vagas de Emprego RJ as vagas de emprego com e sem experi\u00eancia no seu Estado e Regi\u00e3o!\",\"breadcrumb\":{\"@id\":\"https:\\\/\\\/www.vagadeempregorj.com.br\\\/empregos-quem-disse-berenice\\\/#breadcrumb\"},\"inLanguage\":\"fr-FR\",\"potentialAction\":[{\"@type\":\"ReadAction\",\"target\":[\"https:\\\/\\\/www.vagadeempregorj.com.br\\\/empregos-quem-disse-berenice\\\/\"]}]},{\"@type\":\"ImageObject\",\"inLanguage\":\"fr-FR\",\"@id\":\"https:\\\/\\\/www.vagadeempregorj.com.br\\\/empregos-quem-disse-berenice\\\/#primaryimage\",\"url\":\"https:\\\/\\\/www.vagadeempregorj.com.br\\\/wp-content\\\/uploads\\\/2023\\\/01\\\/image-12.png\",\"contentUrl\":\"https:\\\/\\\/www.vagadeempregorj.com.br\\\/wp-content\\\/uploads\\\/2023\\\/01\\\/image-12.png\",\"width\":1909,\"height\":1107},{\"@type\":\"BreadcrumbList\",\"@id\":\"https:\\\/\\\/www.vagadeempregorj.com.br\\\/empregos-quem-disse-berenice\\\/#breadcrumb\",\"itemListElement\":[{\"@type\":\"ListItem\",\"position\":1,\"name\":\"In\u00edcio\",\"item\":\"https:\\\/\\\/www.vagadeempregorj.com.br\\\/\"},{\"@type\":\"ListItem\",\"position\":2,\"name\":\"Vagas de Emprego Nacionais\",\"item\":\"https:\\\/\\\/www.vagadeempregorj.com.br\\\/vagas-de-emprego-nacionais\\\/\"},{\"@type\":\"ListItem\",\"position\":3,\"name\":\"Empregos Quem Disse Berenice\"}]},{\"@type\":\"WebSite\",\"@id\":\"https:\\\/\\\/www.vagadeempregorj.com.br\\\/#website\",\"url\":\"https:\\\/\\\/www.vagadeempregorj.com.br\\\/\",\"name\":\"\",\"description\":\"Conquiste Sonhos: Vagas, Benef\u00edcios e Economia para Transformar Vidas e Alcan\u00e7ar Melhorias Cotidianas\",\"potentialAction\":[{\"@type\":\"SearchAction\",\"target\":{\"@type\":\"EntryPoint\",\"urlTemplate\":\"https:\\\/\\\/www.vagadeempregorj.com.br\\\/?s={search_term_string}\"},\"query-input\":{\"@type\":\"PropertyValueSpecification\",\"valueRequired\":true,\"valueName\":\"search_term_string\"}}],\"inLanguage\":\"fr-FR\"},{\"@type\":\"Person\",\"@id\":\"https:\\\/\\\/www.vagadeempregorj.com.br\\\/#\\\/schema\\\/person\\\/3ddb19fa0539706786e502152f3aae95\",\"name\":\"Michele\",\"image\":{\"@type\":\"ImageObject\",\"inLanguage\":\"fr-FR\",\"@id\":\"https:\\\/\\\/secure.gravatar.com\\\/avatar\\\/6b0eb9d22841282815e2cd856a0061c45e1761cd54b22e952d98c4746939aa85?s=96&r=g\",\"url\":\"https:\\\/\\\/secure.gravatar.com\\\/avatar\\\/6b0eb9d22841282815e2cd856a0061c45e1761cd54b22e952d98c4746939aa85?s=96&r=g\",\"contentUrl\":\"https:\\\/\\\/secure.gravatar.com\\\/avatar\\\/6b0eb9d22841282815e2cd856a0061c45e1761cd54b22e952d98c4746939aa85?s=96&r=g\",\"caption\":\"Michele\"},\"description\":\"Formada em Letras - Portugu\u00eas\\\/ Ingl\u00eas, e idealizadora do site Escritora de Sucesso, busca expandir o conhecimento de todos com informa\u00e7\u00f5es relevantes sobre diversos assuntos, enquanto redatora. No Vaga de Emprego RJ, traz oportunidades e dicas sobre o mercado de trabalho.\",\"url\":\"https:\\\/\\\/www.vagadeempregorj.com.br\\\/fr\\\/author\\\/michele\\\/\"}]}<\/script>\n<!-- \/ Yoast SEO plugin. -->","yoast_head_json":{"title":"Empregos Quem Disse Berenice -","description":"Veja em Vagas de Emprego RJ as vagas de emprego com e sem experi\u00eancia no seu Estado e Regi\u00e3o!","robots":{"index":"index","follow":"follow","max-snippet":"max-snippet:-1","max-image-preview":"max-image-preview:large","max-video-preview":"max-video-preview:-1"},"canonical":"https:\/\/www.vagadeempregorj.com.br\/fr\/empregos-quem-disse-berenice\/","og_locale":"fr_FR","og_type":"article","og_title":"Empregos Quem Disse Berenice -","og_description":"Veja em Vagas de Emprego RJ as vagas de emprego com e sem experi\u00eancia no seu Estado e Regi\u00e3o!","og_url":"https:\/\/www.vagadeempregorj.com.br\/fr\/empregos-quem-disse-berenice\/","article_publisher":"https:\/\/www.facebook.com\/empregobrasiloficial","article_published_time":"2023-09-13T03:01:00+00:00","article_modified_time":"2025-03-20T23:16:41+00:00","og_image":[{"width":1909,"height":1107,"url":"https:\/\/www.vagadeempregorj.com.br\/wp-content\/uploads\/2023\/01\/image-12.png","type":"image\/png"}],"author":"Michele","twitter_card":"summary_large_image","twitter_misc":{"Written by":"Michele","Est. reading time":"3 minutes"},"schema":{"@context":"https:\/\/schema.org","@graph":[{"@type":"Article","@id":"https:\/\/www.vagadeempregorj.com.br\/empregos-quem-disse-berenice\/#article","isPartOf":{"@id":"https:\/\/www.vagadeempregorj.com.br\/empregos-quem-disse-berenice\/"},"author":{"name":"Michele","@id":"https:\/\/www.vagadeempregorj.com.br\/#\/schema\/person\/3ddb19fa0539706786e502152f3aae95"},"headline":"Empregos Quem Disse Berenice","datePublished":"2023-09-13T03:01:00+00:00","dateModified":"2025-03-20T23:16:41+00:00","mainEntityOfPage":{"@id":"https:\/\/www.vagadeempregorj.com.br\/empregos-quem-disse-berenice\/"},"wordCount":519,"image":{"@id":"https:\/\/www.vagadeempregorj.com.br\/empregos-quem-disse-berenice\/#primaryimage"},"thumbnailUrl":"https:\/\/www.vagadeempregorj.com.br\/wp-content\/uploads\/2023\/01\/image-12.png","keywords":["oportunidades","Quem Disse Berenice","vaga de emprego"],"articleSection":["Vagas de Emprego Nacionais"],"inLanguage":"fr-FR"},{"@type":"WebPage","@id":"https:\/\/www.vagadeempregorj.com.br\/empregos-quem-disse-berenice\/","url":"https:\/\/www.vagadeempregorj.com.br\/empregos-quem-disse-berenice\/","name":"Empregos Quem Disse Berenice -","isPartOf":{"@id":"https:\/\/www.vagadeempregorj.com.br\/#website"},"primaryImageOfPage":{"@id":"https:\/\/www.vagadeempregorj.com.br\/empregos-quem-disse-berenice\/#primaryimage"},"image":{"@id":"https:\/\/www.vagadeempregorj.com.br\/empregos-quem-disse-berenice\/#primaryimage"},"thumbnailUrl":"https:\/\/www.vagadeempregorj.com.br\/wp-content\/uploads\/2023\/01\/image-12.png","datePublished":"2023-09-13T03:01:00+00:00","dateModified":"2025-03-20T23:16:41+00:00","author":{"@id":"https:\/\/www.vagadeempregorj.com.br\/#\/schema\/person\/3ddb19fa0539706786e502152f3aae95"},"description":"Veja em Vagas de Emprego RJ as vagas de emprego com e sem experi\u00eancia no seu Estado e Regi\u00e3o!","breadcrumb":{"@id":"https:\/\/www.vagadeempregorj.com.br\/empregos-quem-disse-berenice\/#breadcrumb"},"inLanguage":"fr-FR","potentialAction":[{"@type":"ReadAction","target":["https:\/\/www.vagadeempregorj.com.br\/empregos-quem-disse-berenice\/"]}]},{"@type":"ImageObject","inLanguage":"fr-FR","@id":"https:\/\/www.vagadeempregorj.com.br\/empregos-quem-disse-berenice\/#primaryimage","url":"https:\/\/www.vagadeempregorj.com.br\/wp-content\/uploads\/2023\/01\/image-12.png","contentUrl":"https:\/\/www.vagadeempregorj.com.br\/wp-content\/uploads\/2023\/01\/image-12.png","width":1909,"height":1107},{"@type":"BreadcrumbList","@id":"https:\/\/www.vagadeempregorj.com.br\/empregos-quem-disse-berenice\/#breadcrumb","itemListElement":[{"@type":"ListItem","position":1,"name":"In\u00edcio","item":"https:\/\/www.vagadeempregorj.com.br\/"},{"@type":"ListItem","position":2,"name":"Vagas de Emprego Nacionais","item":"https:\/\/www.vagadeempregorj.com.br\/vagas-de-emprego-nacionais\/"},{"@type":"ListItem","position":3,"name":"Empregos Quem Disse Berenice"}]},{"@type":"WebSite","@id":"https:\/\/www.vagadeempregorj.com.br\/#website","url":"https:\/\/www.vagadeempregorj.com.br\/","name":"","description":"Conquiste Sonhos: Vagas, Benef\u00edcios e Economia para Transformar Vidas e Alcan\u00e7ar Melhorias Cotidianas","potentialAction":[{"@type":"SearchAction","target":{"@type":"EntryPoint","urlTemplate":"https:\/\/www.vagadeempregorj.com.br\/?s={search_term_string}"},"query-input":{"@type":"PropertyValueSpecification","valueRequired":true,"valueName":"search_term_string"}}],"inLanguage":"fr-FR"},{"@type":"Person","@id":"https:\/\/www.vagadeempregorj.com.br\/#\/schema\/person\/3ddb19fa0539706786e502152f3aae95","name":"Michele","image":{"@type":"ImageObject","inLanguage":"fr-FR","@id":"https:\/\/secure.gravatar.com\/avatar\/6b0eb9d22841282815e2cd856a0061c45e1761cd54b22e952d98c4746939aa85?s=96&r=g","url":"https:\/\/secure.gravatar.com\/avatar\/6b0eb9d22841282815e2cd856a0061c45e1761cd54b22e952d98c4746939aa85?s=96&r=g","contentUrl":"https:\/\/secure.gravatar.com\/avatar\/6b0eb9d22841282815e2cd856a0061c45e1761cd54b22e952d98c4746939aa85?s=96&r=g","caption":"Michele"},"description":"Formada em Letras - Portugu\u00eas\/ Ingl\u00eas, e idealizadora do site Escritora de Sucesso, busca expandir o conhecimento de todos com informa\u00e7\u00f5es relevantes sobre diversos assuntos, enquanto redatora. No Vaga de Emprego RJ, traz oportunidades e dicas sobre o mercado de trabalho.","url":"https:\/\/www.vagadeempregorj.com.br\/fr\/author\/michele\/"}]}},"_links":{"self":[{"href":"https:\/\/www.vagadeempregorj.com.br\/fr\/wp-json\/wp\/v2\/posts\/37299","targetHints":{"allow":["GET"]}}],"collection":[{"href":"https:\/\/www.vagadeempregorj.com.br\/fr\/wp-json\/wp\/v2\/posts"}],"about":[{"href":"https:\/\/www.vagadeempregorj.com.br\/fr\/wp-json\/wp\/v2\/types\/post"}],"author":[{"embeddable":true,"href":"https:\/\/www.vagadeempregorj.com.br\/fr\/wp-json\/wp\/v2\/users\/16"}],"replies":[{"embeddable":true,"href":"https:\/\/www.vagadeempregorj.com.br\/fr\/wp-json\/wp\/v2\/comments?post=37299"}],"version-history":[{"count":0,"href":"https:\/\/www.vagadeempregorj.com.br\/fr\/wp-json\/wp\/v2\/posts\/37299\/revisions"}],"wp:featuredmedia":[{"embeddable":true,"href":"https:\/\/www.vagadeempregorj.com.br\/fr\/wp-json\/wp\/v2\/media\/37312"}],"wp:attachment":[{"href":"https:\/\/www.vagadeempregorj.com.br\/fr\/wp-json\/wp\/v2\/media?parent=37299"}],"wp:term":[{"taxonomy":"category","embeddable":true,"href":"https:\/\/www.vagadeempregorj.com.br\/fr\/wp-json\/wp\/v2\/categories?post=37299"},{"taxonomy":"post_tag","embeddable":true,"href":"https:\/\/www.vagadeempregorj.com.br\/fr\/wp-json\/wp\/v2\/tags?post=37299"}],"curies":[{"name":"wp","href":"https:\/\/api.w.org\/{rel}","templated":true}]}}