{"id":37558,"date":"2023-10-11T00:01:00","date_gmt":"2023-10-11T03:01:00","guid":{"rendered":"https:\/\/www.vagadeempregorj.com.br\/?p=37558"},"modified":"2023-10-10T14:29:55","modified_gmt":"2023-10-10T17:29:55","slug":"empregos-positivo-tecnologia-2","status":"publish","type":"post","link":"https:\/\/www.vagadeempregorj.com.br\/fr\/empregos-positivo-tecnologia-2\/","title":{"rendered":"Analistas, T\u00e9cnicos em Inform\u00e1tica, Assistentes de Recursos Humanos, Coordenador de Marketing, Est\u00e1gios e muito mais na Empresa Positivo Tecnologia"},"content":{"rendered":"<p>Atualizado<\/p>\n\n\n<div class=\"wp-block-post-date\"><time datetime=\"2023-10-11T00:01:00-03:00\">11\/10\/2023<\/time><\/div>\n\n\n<p>Os <strong>empregos Positivo Tecnologia<\/strong> procura uma equipe din\u00e2mica e vers\u00e1til que respeite as diferen\u00e7as, seja impulsionada por seus valores fundamentais e por seu compromisso de ser flex\u00edvel, colaborativo, emp\u00e1tico, l\u00edder e ser capaz de tomar a iniciativa de sua carreira profissional. Para fazer parte desse grande time, alguns crit\u00e9rios devem ser atendidos. Para conferir todos os detalhes, continue acompanhando.&nbsp;<\/p>\n\n\n\n<figure class=\"wp-block-image size-full\"><img loading=\"lazy\" decoding=\"async\" width=\"300\" height=\"168\" src=\"https:\/\/www.vagadeempregorj.com.br\/wp-content\/uploads\/2023\/02\/image-7.png\" alt=\"\" class=\"wp-image-37564\" srcset=\"https:\/\/www.vagadeempregorj.com.br\/wp-content\/uploads\/2023\/02\/image-7.png 300w, https:\/\/www.vagadeempregorj.com.br\/wp-content\/uploads\/2023\/02\/image-7-150x84.png 150w\" sizes=\"auto, (max-width: 300px) 100vw, 300px\" \/><figcaption class=\"wp-element-caption\">Imagem: Positivo Tecnologia &#8211; Reprodu\u00e7\u00e3o<\/figcaption><\/figure>\n\n\n\n<h2 class=\"wp-block-heading\">Veja as oportunidades de empregos Positivo Tecnologia&nbsp;<\/h2>\n\n\n\n<p>Os empregos Positivo Tecnologia oferecem novas oportunidades em v\u00e1rias regi\u00f5es brasileiras, incluindo: Uberaba, S\u00e3o Paulo, S\u00e3o Jos\u00e9 dos Campos, Santos, Rio de Janeiro, Recife, Porto Alegre, Natal, Manaus, Jo\u00e3o Pessoa, Jundia\u00ed, Ipatinga, Fortaleza, Curitiba, Campinas, Barueri, Bras\u00edlia e Bauru, al\u00e9m de oportunidades que podem ser exercidas de maneira remota.&nbsp;<\/p>\n\n\n\n<p>Confira a listagem de vagas abertas para candidatura:<\/p>\n\n\n\n<ul class=\"wp-block-list\">\n<li>T\u00e9cnicos em Inform\u00e1tica;<\/li>\n\n\n\n<li>T\u00e9cnicos de Suporte Pleno;<\/li>\n\n\n\n<li>T\u00e9cnicos de Suporte J\u00fanior;<\/li>\n\n\n\n<li>Supervisores de Trade Marketing;<\/li>\n\n\n\n<li>Supervisores de Log\u00edstica;<\/li>\n\n\n\n<li>Supervisores de Contabilidade;<\/li>\n\n\n\n<li>Promotores L\u00edderes;<\/li>\n\n\n\n<li>Procurement;<\/li>\n\n\n\n<li>Gerente de Neg\u00f3cios;<\/li>\n\n\n\n<li>Estagi\u00e1rios em Desenvolvimento e Treinamento;<\/li>\n\n\n\n<li>Estagi\u00e1rios em TI;<\/li>\n\n\n\n<li>Estagi\u00e1rios em Sistemas;<\/li>\n\n\n\n<li>Estagi\u00e1rios em Procurement;<\/li>\n\n\n\n<li>Estagi\u00e1rios em Desenvolvimento Web;<\/li>\n\n\n\n<li>Estagi\u00e1rios em Contabilidade;<\/li>\n\n\n\n<li>Estagi\u00e1rios em Administra\u00e7\u00e3o;<\/li>\n\n\n\n<li>Estagi\u00e1rios em Dados;<\/li>\n\n\n\n<li>Especialistas em DataCenter;<\/li>\n\n\n\n<li>Especialistas de Custos;<\/li>\n\n\n\n<li>Desenvolvedores Mobile Pleno;<\/li>\n\n\n\n<li>Coordenadores de Projetos;<\/li>\n\n\n\n<li>Coordenadores de Marketing;<\/li>\n\n\n\n<li>Coordenadores de Cr\u00e9dito e Cobran\u00e7a;<\/li>\n\n\n\n<li>Coordenadores de Tesouraria.&nbsp;<\/li>\n<\/ul>\n\n\n\n<p>A empresa atualiza regularmente suas vagas, para que aqueles que est\u00e3o interessados, mas n\u00e3o conseguem encontrar uma posi\u00e7\u00e3o que lhes conv\u00e9m, possam deixar seu curr\u00edculo no banco de talentos. A empresa revisar\u00e1 as informa\u00e7\u00f5es e, caso uma posi\u00e7\u00e3o esteja dispon\u00edvel que corresponda \u00e0s suas habilidades, a companhia entrar\u00e1 em contato com o candidato para inform\u00e1-lo sobre as pr\u00f3ximas etapas do processo de sele\u00e7\u00e3o.<\/p>\n\n\n\n<h3 class=\"wp-block-heading\">Como se inscrever<\/h3>\n\n\n\n<p>Os crit\u00e9rios j\u00e1 estabelecidos para o cargo que est\u00e1 sendo considerado devem ser abordados por aqueles interessados em se juntar a essa grande equipe. Tudo o que voc\u00ea precisa fazer para ver todas as informa\u00e7\u00f5es sobre os requisitos necess\u00e1rios em cada setor, responsabilidades, atribui\u00e7\u00f5es e mais detalhes sobre a empresa contratante est\u00e3o dispon\u00edveis dentro do site abaixo.<\/p>\n\n\n\n<ul class=\"wp-block-list\">\n<li><a href=\"https:\/\/positivotecnologia.gupy.io\">Oportunidades Positivo Tecnologia<\/a>.&nbsp;<\/li>\n<\/ul>\n\n\n\n<p>Todas as vagas dispon\u00edveis s\u00e3o eleg\u00edveis para portadores de defici\u00eancia e profissionais independentes de cor, ra\u00e7a, g\u00eanero, religi\u00e3o, orienta\u00e7\u00e3o sexual ou idade. Para participar do processo seletivo basta que suas qualifica\u00e7\u00f5es sejam coerentes aos requisitos exigidos.&nbsp;&nbsp;<\/p>\n\n\n\n<h2 class=\"wp-block-heading\">Sobre a empresa Positivo Tecnologia<\/h2>\n\n\n\n<p>Foi em 1989 quando um grupo de empreendedores da ind\u00fastria educacional come\u00e7ou a produzir computadores no Brasil em um ambiente caracterizado por desafios inesperados e frut\u00edferos. Eles aproveitam essa janela de oportunidade com esp\u00edrito pioneiro: a necessidade de computadores pessoais. Dessa forma, uma genu\u00edna marca de tecnologia brasileira emerge. Surge a Positivo Inform\u00e1tica, que agora \u00e9 conhecida como Positivo Tecnologia a partir de 2017.<\/p>\n\n\n\n<p>Concentrar-se na tecnologia da informa\u00e7\u00e3o tem sido um meio de quebrar barreiras, conquistar o mercado e alcan\u00e7ar milh\u00f5es de brasileiros por mais de duas d\u00e9cadas. Nesta fase, a empresa aprofunda sua compreens\u00e3o dos consumidores brasileiros, incluindo seus h\u00e1bitos, necessidades e desejos, um relacionamento pr\u00f3ximo e valioso. Os seus produtos representam o que \u00e9 mais atual no Brasil, nas escolas e nas casas das fam\u00edlias brasileiras.<\/p>\n\n\n\n<p><strong>Veja tamb\u00e9m: <a href=\"https:\/\/www.vagadeempregorj.com.br\/fr\/empregos-nubank\/\">Designers, Analistas, Engenheiro de Sistemas, Gerentes e muito mais na Empresa Nubank<\/a><\/strong><\/p>","protected":false},"excerpt":{"rendered":"<p>Atualizado Os empregos Positivo Tecnologia procura uma equipe din\u00e2mica e vers\u00e1til que respeite as diferen\u00e7as, seja impulsionada por seus valores fundamentais e por seu compromisso de ser flex\u00edvel, colaborativo, emp\u00e1tico, l\u00edder e ser capaz de tomar a iniciativa de sua carreira profissional. Para fazer parte desse grande time, alguns crit\u00e9rios devem ser atendidos. Para conferir&hellip;&nbsp;<\/p>","protected":false},"author":16,"featured_media":37564,"comment_status":"closed","ping_status":"closed","sticky":false,"template":"","format":"standard","meta":{"neve_meta_sidebar":"","neve_meta_container":"","neve_meta_enable_content_width":"","neve_meta_content_width":0,"neve_meta_title_alignment":"","neve_meta_author_avatar":"","neve_post_elements_order":"","neve_meta_disable_header":"","neve_meta_disable_footer":"","neve_meta_disable_title":"","footnotes":""},"categories":[123],"tags":[608,782,147],"class_list":["post-37558","post","type-post","status-publish","format-standard","has-post-thumbnail","hentry","category-vagas-de-emprego-nacionais","tag-oportunidades","tag-positivo-tecnologia","tag-vaga-de-emprego"],"yoast_head":"<!-- This site is optimized with the Yoast SEO plugin v27.5 - https:\/\/yoast.com\/product\/yoast-seo-wordpress\/ -->\n<title>Analistas, T\u00e9cnicos em Inform\u00e1tica, Assistentes de Recursos Humanos, Coordenador de Marketing, Est\u00e1gios e muito mais na Empresa Positivo Tecnologia -<\/title>\n<meta name=\"description\" content=\"Veja em Vagas de Emprego RJ as vagas de emprego com e sem experi\u00eancia no seu Estado e Regi\u00e3o!\" \/>\n<meta name=\"robots\" content=\"index, follow, max-snippet:-1, max-image-preview:large, max-video-preview:-1\" \/>\n<link rel=\"canonical\" href=\"https:\/\/www.vagadeempregorj.com.br\/fr\/empregos-positivo-tecnologia-2\/\" \/>\n<meta property=\"og:locale\" content=\"fr_FR\" \/>\n<meta property=\"og:type\" content=\"article\" \/>\n<meta property=\"og:title\" content=\"Analistas, T\u00e9cnicos em Inform\u00e1tica, Assistentes de Recursos Humanos, Coordenador de Marketing, Est\u00e1gios e muito mais na Empresa Positivo Tecnologia -\" \/>\n<meta property=\"og:description\" content=\"Veja em Vagas de Emprego RJ as vagas de emprego com e sem experi\u00eancia no seu Estado e Regi\u00e3o!\" \/>\n<meta property=\"og:url\" content=\"https:\/\/www.vagadeempregorj.com.br\/fr\/empregos-positivo-tecnologia-2\/\" \/>\n<meta property=\"article:publisher\" content=\"https:\/\/www.facebook.com\/empregobrasiloficial\" \/>\n<meta property=\"article:published_time\" content=\"2023-10-11T03:01:00+00:00\" \/>\n<meta property=\"og:image\" content=\"https:\/\/www.vagadeempregorj.com.br\/wp-content\/uploads\/2023\/02\/image-7.png\" \/>\n\t<meta property=\"og:image:width\" content=\"300\" \/>\n\t<meta property=\"og:image:height\" content=\"168\" \/>\n\t<meta property=\"og:image:type\" content=\"image\/png\" \/>\n<meta name=\"author\" content=\"Michele\" \/>\n<meta name=\"twitter:card\" content=\"summary_large_image\" \/>\n<meta name=\"twitter:label1\" content=\"Written by\" \/>\n\t<meta name=\"twitter:data1\" content=\"Michele\" \/>\n\t<meta name=\"twitter:label2\" content=\"Est. reading time\" \/>\n\t<meta name=\"twitter:data2\" content=\"3 minutes\" \/>\n<script type=\"application\/ld+json\" class=\"yoast-schema-graph\">{\"@context\":\"https:\\\/\\\/schema.org\",\"@graph\":[{\"@type\":\"Article\",\"@id\":\"https:\\\/\\\/www.vagadeempregorj.com.br\\\/empregos-positivo-tecnologia-2\\\/#article\",\"isPartOf\":{\"@id\":\"https:\\\/\\\/www.vagadeempregorj.com.br\\\/empregos-positivo-tecnologia-2\\\/\"},\"author\":{\"name\":\"Michele\",\"@id\":\"https:\\\/\\\/www.vagadeempregorj.com.br\\\/#\\\/schema\\\/person\\\/3ddb19fa0539706786e502152f3aae95\"},\"headline\":\"Analistas, T\u00e9cnicos em Inform\u00e1tica, Assistentes de Recursos Humanos, Coordenador de Marketing, Est\u00e1gios e muito mais na Empresa Positivo Tecnologia\",\"datePublished\":\"2023-10-11T03:01:00+00:00\",\"mainEntityOfPage\":{\"@id\":\"https:\\\/\\\/www.vagadeempregorj.com.br\\\/empregos-positivo-tecnologia-2\\\/\"},\"wordCount\":616,\"image\":{\"@id\":\"https:\\\/\\\/www.vagadeempregorj.com.br\\\/empregos-positivo-tecnologia-2\\\/#primaryimage\"},\"thumbnailUrl\":\"https:\\\/\\\/www.vagadeempregorj.com.br\\\/wp-content\\\/uploads\\\/2023\\\/02\\\/image-7.png\",\"keywords\":[\"oportunidades\",\"Positivo Tecnologia\",\"vaga de emprego\"],\"articleSection\":[\"Vagas de Emprego Nacionais\"],\"inLanguage\":\"fr-FR\"},{\"@type\":\"WebPage\",\"@id\":\"https:\\\/\\\/www.vagadeempregorj.com.br\\\/empregos-positivo-tecnologia-2\\\/\",\"url\":\"https:\\\/\\\/www.vagadeempregorj.com.br\\\/empregos-positivo-tecnologia-2\\\/\",\"name\":\"Analistas, T\u00e9cnicos em Inform\u00e1tica, Assistentes de Recursos Humanos, Coordenador de Marketing, Est\u00e1gios e muito mais na Empresa Positivo Tecnologia -\",\"isPartOf\":{\"@id\":\"https:\\\/\\\/www.vagadeempregorj.com.br\\\/#website\"},\"primaryImageOfPage\":{\"@id\":\"https:\\\/\\\/www.vagadeempregorj.com.br\\\/empregos-positivo-tecnologia-2\\\/#primaryimage\"},\"image\":{\"@id\":\"https:\\\/\\\/www.vagadeempregorj.com.br\\\/empregos-positivo-tecnologia-2\\\/#primaryimage\"},\"thumbnailUrl\":\"https:\\\/\\\/www.vagadeempregorj.com.br\\\/wp-content\\\/uploads\\\/2023\\\/02\\\/image-7.png\",\"datePublished\":\"2023-10-11T03:01:00+00:00\",\"author\":{\"@id\":\"https:\\\/\\\/www.vagadeempregorj.com.br\\\/#\\\/schema\\\/person\\\/3ddb19fa0539706786e502152f3aae95\"},\"description\":\"Veja em Vagas de Emprego RJ as vagas de emprego com e sem experi\u00eancia no seu Estado e Regi\u00e3o!\",\"breadcrumb\":{\"@id\":\"https:\\\/\\\/www.vagadeempregorj.com.br\\\/empregos-positivo-tecnologia-2\\\/#breadcrumb\"},\"inLanguage\":\"fr-FR\",\"potentialAction\":[{\"@type\":\"ReadAction\",\"target\":[\"https:\\\/\\\/www.vagadeempregorj.com.br\\\/empregos-positivo-tecnologia-2\\\/\"]}]},{\"@type\":\"ImageObject\",\"inLanguage\":\"fr-FR\",\"@id\":\"https:\\\/\\\/www.vagadeempregorj.com.br\\\/empregos-positivo-tecnologia-2\\\/#primaryimage\",\"url\":\"https:\\\/\\\/www.vagadeempregorj.com.br\\\/wp-content\\\/uploads\\\/2023\\\/02\\\/image-7.png\",\"contentUrl\":\"https:\\\/\\\/www.vagadeempregorj.com.br\\\/wp-content\\\/uploads\\\/2023\\\/02\\\/image-7.png\",\"width\":300,\"height\":168},{\"@type\":\"BreadcrumbList\",\"@id\":\"https:\\\/\\\/www.vagadeempregorj.com.br\\\/empregos-positivo-tecnologia-2\\\/#breadcrumb\",\"itemListElement\":[{\"@type\":\"ListItem\",\"position\":1,\"name\":\"In\u00edcio\",\"item\":\"https:\\\/\\\/www.vagadeempregorj.com.br\\\/\"},{\"@type\":\"ListItem\",\"position\":2,\"name\":\"Vagas de Emprego Nacionais\",\"item\":\"https:\\\/\\\/www.vagadeempregorj.com.br\\\/vagas-de-emprego-nacionais\\\/\"},{\"@type\":\"ListItem\",\"position\":3,\"name\":\"Analistas, T\u00e9cnicos em Inform\u00e1tica, Assistentes de Recursos Humanos, Coordenador de Marketing, Est\u00e1gios e muito mais na Empresa Positivo Tecnologia\"}]},{\"@type\":\"WebSite\",\"@id\":\"https:\\\/\\\/www.vagadeempregorj.com.br\\\/#website\",\"url\":\"https:\\\/\\\/www.vagadeempregorj.com.br\\\/\",\"name\":\"\",\"description\":\"Conquiste Sonhos: Vagas, Benef\u00edcios e Economia para Transformar Vidas e Alcan\u00e7ar Melhorias Cotidianas\",\"potentialAction\":[{\"@type\":\"SearchAction\",\"target\":{\"@type\":\"EntryPoint\",\"urlTemplate\":\"https:\\\/\\\/www.vagadeempregorj.com.br\\\/?s={search_term_string}\"},\"query-input\":{\"@type\":\"PropertyValueSpecification\",\"valueRequired\":true,\"valueName\":\"search_term_string\"}}],\"inLanguage\":\"fr-FR\"},{\"@type\":\"Person\",\"@id\":\"https:\\\/\\\/www.vagadeempregorj.com.br\\\/#\\\/schema\\\/person\\\/3ddb19fa0539706786e502152f3aae95\",\"name\":\"Michele\",\"image\":{\"@type\":\"ImageObject\",\"inLanguage\":\"fr-FR\",\"@id\":\"https:\\\/\\\/secure.gravatar.com\\\/avatar\\\/6b0eb9d22841282815e2cd856a0061c45e1761cd54b22e952d98c4746939aa85?s=96&r=g\",\"url\":\"https:\\\/\\\/secure.gravatar.com\\\/avatar\\\/6b0eb9d22841282815e2cd856a0061c45e1761cd54b22e952d98c4746939aa85?s=96&r=g\",\"contentUrl\":\"https:\\\/\\\/secure.gravatar.com\\\/avatar\\\/6b0eb9d22841282815e2cd856a0061c45e1761cd54b22e952d98c4746939aa85?s=96&r=g\",\"caption\":\"Michele\"},\"description\":\"Formada em Letras - Portugu\u00eas\\\/ Ingl\u00eas, e idealizadora do site Escritora de Sucesso, busca expandir o conhecimento de todos com informa\u00e7\u00f5es relevantes sobre diversos assuntos, enquanto redatora. No Vaga de Emprego RJ, traz oportunidades e dicas sobre o mercado de trabalho.\",\"url\":\"https:\\\/\\\/www.vagadeempregorj.com.br\\\/fr\\\/author\\\/michele\\\/\"}]}<\/script>\n<!-- \/ Yoast SEO plugin. -->","yoast_head_json":{"title":"Analistas, T\u00e9cnicos em Inform\u00e1tica, Assistentes de Recursos Humanos, Coordenador de Marketing, Est\u00e1gios e muito mais na Empresa Positivo Tecnologia -","description":"Veja em Vagas de Emprego RJ as vagas de emprego com e sem experi\u00eancia no seu Estado e Regi\u00e3o!","robots":{"index":"index","follow":"follow","max-snippet":"max-snippet:-1","max-image-preview":"max-image-preview:large","max-video-preview":"max-video-preview:-1"},"canonical":"https:\/\/www.vagadeempregorj.com.br\/fr\/empregos-positivo-tecnologia-2\/","og_locale":"fr_FR","og_type":"article","og_title":"Analistas, T\u00e9cnicos em Inform\u00e1tica, Assistentes de Recursos Humanos, Coordenador de Marketing, Est\u00e1gios e muito mais na Empresa Positivo Tecnologia -","og_description":"Veja em Vagas de Emprego RJ as vagas de emprego com e sem experi\u00eancia no seu Estado e Regi\u00e3o!","og_url":"https:\/\/www.vagadeempregorj.com.br\/fr\/empregos-positivo-tecnologia-2\/","article_publisher":"https:\/\/www.facebook.com\/empregobrasiloficial","article_published_time":"2023-10-11T03:01:00+00:00","og_image":[{"width":300,"height":168,"url":"https:\/\/www.vagadeempregorj.com.br\/wp-content\/uploads\/2023\/02\/image-7.png","type":"image\/png"}],"author":"Michele","twitter_card":"summary_large_image","twitter_misc":{"Written by":"Michele","Est. reading time":"3 minutes"},"schema":{"@context":"https:\/\/schema.org","@graph":[{"@type":"Article","@id":"https:\/\/www.vagadeempregorj.com.br\/empregos-positivo-tecnologia-2\/#article","isPartOf":{"@id":"https:\/\/www.vagadeempregorj.com.br\/empregos-positivo-tecnologia-2\/"},"author":{"name":"Michele","@id":"https:\/\/www.vagadeempregorj.com.br\/#\/schema\/person\/3ddb19fa0539706786e502152f3aae95"},"headline":"Analistas, T\u00e9cnicos em Inform\u00e1tica, Assistentes de Recursos Humanos, Coordenador de Marketing, Est\u00e1gios e muito mais na Empresa Positivo Tecnologia","datePublished":"2023-10-11T03:01:00+00:00","mainEntityOfPage":{"@id":"https:\/\/www.vagadeempregorj.com.br\/empregos-positivo-tecnologia-2\/"},"wordCount":616,"image":{"@id":"https:\/\/www.vagadeempregorj.com.br\/empregos-positivo-tecnologia-2\/#primaryimage"},"thumbnailUrl":"https:\/\/www.vagadeempregorj.com.br\/wp-content\/uploads\/2023\/02\/image-7.png","keywords":["oportunidades","Positivo Tecnologia","vaga de emprego"],"articleSection":["Vagas de Emprego Nacionais"],"inLanguage":"fr-FR"},{"@type":"WebPage","@id":"https:\/\/www.vagadeempregorj.com.br\/empregos-positivo-tecnologia-2\/","url":"https:\/\/www.vagadeempregorj.com.br\/empregos-positivo-tecnologia-2\/","name":"Analistas, T\u00e9cnicos em Inform\u00e1tica, Assistentes de Recursos Humanos, Coordenador de Marketing, Est\u00e1gios e muito mais na Empresa Positivo Tecnologia -","isPartOf":{"@id":"https:\/\/www.vagadeempregorj.com.br\/#website"},"primaryImageOfPage":{"@id":"https:\/\/www.vagadeempregorj.com.br\/empregos-positivo-tecnologia-2\/#primaryimage"},"image":{"@id":"https:\/\/www.vagadeempregorj.com.br\/empregos-positivo-tecnologia-2\/#primaryimage"},"thumbnailUrl":"https:\/\/www.vagadeempregorj.com.br\/wp-content\/uploads\/2023\/02\/image-7.png","datePublished":"2023-10-11T03:01:00+00:00","author":{"@id":"https:\/\/www.vagadeempregorj.com.br\/#\/schema\/person\/3ddb19fa0539706786e502152f3aae95"},"description":"Veja em Vagas de Emprego RJ as vagas de emprego com e sem experi\u00eancia no seu Estado e Regi\u00e3o!","breadcrumb":{"@id":"https:\/\/www.vagadeempregorj.com.br\/empregos-positivo-tecnologia-2\/#breadcrumb"},"inLanguage":"fr-FR","potentialAction":[{"@type":"ReadAction","target":["https:\/\/www.vagadeempregorj.com.br\/empregos-positivo-tecnologia-2\/"]}]},{"@type":"ImageObject","inLanguage":"fr-FR","@id":"https:\/\/www.vagadeempregorj.com.br\/empregos-positivo-tecnologia-2\/#primaryimage","url":"https:\/\/www.vagadeempregorj.com.br\/wp-content\/uploads\/2023\/02\/image-7.png","contentUrl":"https:\/\/www.vagadeempregorj.com.br\/wp-content\/uploads\/2023\/02\/image-7.png","width":300,"height":168},{"@type":"BreadcrumbList","@id":"https:\/\/www.vagadeempregorj.com.br\/empregos-positivo-tecnologia-2\/#breadcrumb","itemListElement":[{"@type":"ListItem","position":1,"name":"In\u00edcio","item":"https:\/\/www.vagadeempregorj.com.br\/"},{"@type":"ListItem","position":2,"name":"Vagas de Emprego Nacionais","item":"https:\/\/www.vagadeempregorj.com.br\/vagas-de-emprego-nacionais\/"},{"@type":"ListItem","position":3,"name":"Analistas, T\u00e9cnicos em Inform\u00e1tica, Assistentes de Recursos Humanos, Coordenador de Marketing, Est\u00e1gios e muito mais na Empresa Positivo Tecnologia"}]},{"@type":"WebSite","@id":"https:\/\/www.vagadeempregorj.com.br\/#website","url":"https:\/\/www.vagadeempregorj.com.br\/","name":"","description":"Conquiste Sonhos: Vagas, Benef\u00edcios e Economia para Transformar Vidas e Alcan\u00e7ar Melhorias Cotidianas","potentialAction":[{"@type":"SearchAction","target":{"@type":"EntryPoint","urlTemplate":"https:\/\/www.vagadeempregorj.com.br\/?s={search_term_string}"},"query-input":{"@type":"PropertyValueSpecification","valueRequired":true,"valueName":"search_term_string"}}],"inLanguage":"fr-FR"},{"@type":"Person","@id":"https:\/\/www.vagadeempregorj.com.br\/#\/schema\/person\/3ddb19fa0539706786e502152f3aae95","name":"Michele","image":{"@type":"ImageObject","inLanguage":"fr-FR","@id":"https:\/\/secure.gravatar.com\/avatar\/6b0eb9d22841282815e2cd856a0061c45e1761cd54b22e952d98c4746939aa85?s=96&r=g","url":"https:\/\/secure.gravatar.com\/avatar\/6b0eb9d22841282815e2cd856a0061c45e1761cd54b22e952d98c4746939aa85?s=96&r=g","contentUrl":"https:\/\/secure.gravatar.com\/avatar\/6b0eb9d22841282815e2cd856a0061c45e1761cd54b22e952d98c4746939aa85?s=96&r=g","caption":"Michele"},"description":"Formada em Letras - Portugu\u00eas\/ Ingl\u00eas, e idealizadora do site Escritora de Sucesso, busca expandir o conhecimento de todos com informa\u00e7\u00f5es relevantes sobre diversos assuntos, enquanto redatora. No Vaga de Emprego RJ, traz oportunidades e dicas sobre o mercado de trabalho.","url":"https:\/\/www.vagadeempregorj.com.br\/fr\/author\/michele\/"}]}},"_links":{"self":[{"href":"https:\/\/www.vagadeempregorj.com.br\/fr\/wp-json\/wp\/v2\/posts\/37558","targetHints":{"allow":["GET"]}}],"collection":[{"href":"https:\/\/www.vagadeempregorj.com.br\/fr\/wp-json\/wp\/v2\/posts"}],"about":[{"href":"https:\/\/www.vagadeempregorj.com.br\/fr\/wp-json\/wp\/v2\/types\/post"}],"author":[{"embeddable":true,"href":"https:\/\/www.vagadeempregorj.com.br\/fr\/wp-json\/wp\/v2\/users\/16"}],"replies":[{"embeddable":true,"href":"https:\/\/www.vagadeempregorj.com.br\/fr\/wp-json\/wp\/v2\/comments?post=37558"}],"version-history":[{"count":0,"href":"https:\/\/www.vagadeempregorj.com.br\/fr\/wp-json\/wp\/v2\/posts\/37558\/revisions"}],"wp:featuredmedia":[{"embeddable":true,"href":"https:\/\/www.vagadeempregorj.com.br\/fr\/wp-json\/wp\/v2\/media\/37564"}],"wp:attachment":[{"href":"https:\/\/www.vagadeempregorj.com.br\/fr\/wp-json\/wp\/v2\/media?parent=37558"}],"wp:term":[{"taxonomy":"category","embeddable":true,"href":"https:\/\/www.vagadeempregorj.com.br\/fr\/wp-json\/wp\/v2\/categories?post=37558"},{"taxonomy":"post_tag","embeddable":true,"href":"https:\/\/www.vagadeempregorj.com.br\/fr\/wp-json\/wp\/v2\/tags?post=37558"}],"curies":[{"name":"wp","href":"https:\/\/api.w.org\/{rel}","templated":true}]}}