{"id":37562,"date":"2023-10-12T00:01:00","date_gmt":"2023-10-12T03:01:00","guid":{"rendered":"https:\/\/www.vagadeempregorj.com.br\/?p=37562"},"modified":"2023-10-11T12:46:42","modified_gmt":"2023-10-11T15:46:42","slug":"empregos-special-dog-2","status":"publish","type":"post","link":"https:\/\/www.vagadeempregorj.com.br\/fr\/empregos-special-dog-2\/","title":{"rendered":"Coordenador(a) de Seguran\u00e7a no Trabalho, Eletromec\u00e2nico, Analista de Pesquisa e Desenvolvimento e muito mais na Empresa Special Dog"},"content":{"rendered":"<p>Os<strong> empregos Special Dog<\/strong> est\u00e3o presentes em muitas regi\u00f5es brasileiras, fornecendo aos seus funcion\u00e1rios um ambiente de trabalho din\u00e2mico e colaborativo dando as boas-vindas \u00e0 participa\u00e7\u00e3o de todos no seu processo seletivo. A empresa est\u00e1 ativa no mercado h\u00e1 mais de vinte anos e \u00e9 considerada uma das maiores redes alimentares para c\u00e3es e gatos no pa\u00eds. Acompanhe para obter mais informa\u00e7\u00f5es.<\/p>\n\n\n\n<figure class=\"wp-block-image size-full\"><img loading=\"lazy\" decoding=\"async\" width=\"476\" height=\"249\" src=\"https:\/\/www.vagadeempregorj.com.br\/wp-content\/uploads\/2023\/02\/image-9.png\" alt=\"\" class=\"wp-image-37566\" srcset=\"https:\/\/www.vagadeempregorj.com.br\/wp-content\/uploads\/2023\/02\/image-9.png 476w, https:\/\/www.vagadeempregorj.com.br\/wp-content\/uploads\/2023\/02\/image-9-300x157.png 300w, https:\/\/www.vagadeempregorj.com.br\/wp-content\/uploads\/2023\/02\/image-9-150x78.png 150w\" sizes=\"auto, (max-width: 476px) 100vw, 476px\" \/><figcaption class=\"wp-element-caption\">Imagem: Special Dog &#8211; Reprodu\u00e7\u00e3o<\/figcaption><\/figure>\n\n\n\n<p>&nbsp;<\/p>\n\n\n\n<h2 class=\"wp-block-heading\">Veja as oportunidades de empregos Special Dog&nbsp;<\/h2>\n\n\n\n<p>Os empregos Special Dog est\u00e3o dispon\u00edveis em v\u00e1rias regi\u00f5es brasileiras, incluindo: Santa Cruz do Rio Pardo, Curitiba e mais de oito estados brasileiros, al\u00e9m do Distrito Federal. Os interessados em fazer parte dessa renomada empresa podem escolher a \u00e1rea que melhor se adapta em suas habilidades profissionais. Para conferir todas as vagas dispon\u00edveis, veja abaixo:<\/p>\n\n\n\n<ul class=\"wp-block-list\">\n<li>Eletromec\u00e2nicos;<\/li>\n\n\n\n<li>Coordenadores de Seguran\u00e7a do Trabalho;<\/li>\n\n\n\n<li>Jovem Aprendiz \u2014 banco de talento;<\/li>\n\n\n\n<li>Centros de distribui\u00e7\u00f5es \u2014 banco de talento;<\/li>\n\n\n\n<li>Auxiliares de Distribui\u00e7\u00e3o \u2014 banco de talento;<\/li>\n\n\n\n<li>Auxiliares de expedi\u00e7\u00e3o \u2014 banco de talento;<\/li>\n\n\n\n<li>Ajudantes de Motoristas \u2014 banco de talento;<\/li>\n\n\n\n<li>Banco de Talento \u2014 todas as \u00e1reas;<\/li>\n\n\n\n<li>Auxiliares Administrativos.&nbsp;<\/li>\n<\/ul>\n\n\n\n<p>Constantemente a companhia atualiza suas oportunidades, portanto, os interessados que n\u00e3o encontrarem uma vaga dispon\u00edvel podem deixar seu curr\u00edculo cadastrado dentro do banco de talentos, onde os dados s\u00e3o conferidos pela companhia e caso surja uma vaga correspondente \u00e0s suas habilidades, entrar\u00e1 em contato com o candidato para informar sobre os seguintes passos da sele\u00e7\u00e3o.&nbsp;<\/p>\n\n\n\n<h3 class=\"wp-block-heading\">Como se cadastrar&nbsp;<\/h3>\n\n\n\n<p>Aqueles que est\u00e3o interessados em se juntar a essa grande equipe devem abordar os crit\u00e9rios j\u00e1 estabelecidos para o cargo que est\u00e1 sendo considerado. Tudo o que voc\u00ea precisa fazer para ver todos os detalhes sobre os requisitos necess\u00e1rios em cada setor, responsabilidades, atribui\u00e7\u00f5es e mais informa\u00e7\u00f5es e detalhes sobre a empresa contratante \u00e9 acessar o site abaixo.<\/p>\n\n\n\n<ul class=\"wp-block-list\">\n<li><a href=\"https:\/\/specialdogcompany.gupy.io\">Carreiras Special Dog<\/a>.&nbsp;<\/li>\n<\/ul>\n\n\n\n<p>Al\u00e9m de sal\u00e1rios fixos, todos os novos colaboradores contam com diversos benef\u00edcios, incluindo: programas sociais, academia, presente de casamento, aux\u00edlio creche, licen\u00e7a maternidade e paternidade estendido, happy day mais presentes no dia do anivers\u00e1rio, estacionamento coberto, refei\u00e7\u00f5es sem custo, vale alimenta\u00e7\u00e3o, previd\u00eancia privada, participa\u00e7\u00e3o nos lucros e resultados, conv\u00eanio psic\u00f3logo, conv\u00eanio odontol\u00f3gico, plano de sa\u00fade e seguro de vida.&nbsp;<\/p>\n\n\n\n<h2 class=\"wp-block-heading\">Sobre a empresa Special Dog&nbsp;<\/h2>\n\n\n\n<p>No interior de S\u00e3o Paulo, em Santa Cruz do Rio Pardo, a empresa Special Dog foi fundada no m\u00eas de fevereiro de 2001. Com o desejo de fornecer a gatos e c\u00e3es a comida e compaix\u00e3o de alta qualidade que merecem, a empresa rapidamente subiu \u00e0 posi\u00e7\u00e3o de uma das maiores ind\u00fastrias do setor no Brasil.<\/p>\n\n\n\n<p>A companhia Special Dog \u00e9 consistentemente reconhecida pela (GPTW) como uma das melhores companhias para se trabalhar dentro do Brasil e na Am\u00e9rica Latina devido ao seu compromisso de combinar a excel\u00eancia de seus bens e servi\u00e7os com a aprecia\u00e7\u00e3o de seus funcion\u00e1rios.<\/p>\n\n\n\n<p><strong>Veja tamb\u00e9m: <a href=\"https:\/\/www.vagadeempregorj.com.br\/fr\/empregos-nubank\/\">Designers, Analistas, Engenheiro de Sistemas, Gerentes e muito mais na Empresa Nubank<\/a><\/strong><\/p>","protected":false},"excerpt":{"rendered":"<p>Os empregos Special Dog est\u00e3o presentes em muitas regi\u00f5es brasileiras, fornecendo aos seus funcion\u00e1rios um ambiente de trabalho din\u00e2mico e colaborativo dando as boas-vindas \u00e0 participa\u00e7\u00e3o de todos no seu processo seletivo. A empresa est\u00e1 ativa no mercado h\u00e1 mais de vinte anos e \u00e9 considerada uma das maiores redes alimentares para c\u00e3es e gatos&hellip;&nbsp;<\/p>","protected":false},"author":16,"featured_media":37566,"comment_status":"closed","ping_status":"closed","sticky":false,"template":"","format":"standard","meta":{"neve_meta_sidebar":"","neve_meta_container":"","neve_meta_enable_content_width":"","neve_meta_content_width":0,"neve_meta_title_alignment":"","neve_meta_author_avatar":"","neve_post_elements_order":"","neve_meta_disable_header":"","neve_meta_disable_footer":"","neve_meta_disable_title":"","footnotes":""},"categories":[123],"tags":[608,712,147],"class_list":["post-37562","post","type-post","status-publish","format-standard","has-post-thumbnail","hentry","category-vagas-de-emprego-nacionais","tag-oportunidades","tag-special-dog","tag-vaga-de-emprego"],"yoast_head":"<!-- This site is optimized with the Yoast SEO plugin v27.5 - https:\/\/yoast.com\/product\/yoast-seo-wordpress\/ -->\n<title>Coordenador(a) de Seguran\u00e7a no Trabalho, Eletromec\u00e2nico, Analista de Pesquisa e Desenvolvimento e muito mais na Empresa Special Dog -<\/title>\n<meta name=\"description\" content=\"Veja em Vagas de Emprego RJ as vagas de emprego com e sem experi\u00eancia no seu Estado e Regi\u00e3o!\" \/>\n<meta name=\"robots\" content=\"index, follow, max-snippet:-1, max-image-preview:large, max-video-preview:-1\" \/>\n<link rel=\"canonical\" href=\"https:\/\/www.vagadeempregorj.com.br\/fr\/empregos-special-dog-2\/\" \/>\n<meta property=\"og:locale\" content=\"fr_FR\" \/>\n<meta property=\"og:type\" content=\"article\" \/>\n<meta property=\"og:title\" content=\"Coordenador(a) de Seguran\u00e7a no Trabalho, Eletromec\u00e2nico, Analista de Pesquisa e Desenvolvimento e muito mais na Empresa Special Dog -\" \/>\n<meta property=\"og:description\" content=\"Veja em Vagas de Emprego RJ as vagas de emprego com e sem experi\u00eancia no seu Estado e Regi\u00e3o!\" \/>\n<meta property=\"og:url\" content=\"https:\/\/www.vagadeempregorj.com.br\/fr\/empregos-special-dog-2\/\" \/>\n<meta property=\"article:publisher\" content=\"https:\/\/www.facebook.com\/empregobrasiloficial\" \/>\n<meta property=\"article:published_time\" content=\"2023-10-12T03:01:00+00:00\" \/>\n<meta property=\"og:image\" content=\"https:\/\/www.vagadeempregorj.com.br\/wp-content\/uploads\/2023\/02\/image-9.png\" \/>\n\t<meta property=\"og:image:width\" content=\"476\" \/>\n\t<meta property=\"og:image:height\" content=\"249\" \/>\n\t<meta property=\"og:image:type\" content=\"image\/png\" \/>\n<meta name=\"author\" content=\"Michele\" \/>\n<meta name=\"twitter:card\" content=\"summary_large_image\" \/>\n<meta name=\"twitter:label1\" content=\"Written by\" \/>\n\t<meta name=\"twitter:data1\" content=\"Michele\" \/>\n\t<meta name=\"twitter:label2\" content=\"Est. reading time\" \/>\n\t<meta name=\"twitter:data2\" content=\"3 minutes\" \/>\n<script type=\"application\/ld+json\" class=\"yoast-schema-graph\">{\"@context\":\"https:\\\/\\\/schema.org\",\"@graph\":[{\"@type\":\"Article\",\"@id\":\"https:\\\/\\\/www.vagadeempregorj.com.br\\\/empregos-special-dog-2\\\/#article\",\"isPartOf\":{\"@id\":\"https:\\\/\\\/www.vagadeempregorj.com.br\\\/empregos-special-dog-2\\\/\"},\"author\":{\"name\":\"Michele\",\"@id\":\"https:\\\/\\\/www.vagadeempregorj.com.br\\\/#\\\/schema\\\/person\\\/3ddb19fa0539706786e502152f3aae95\"},\"headline\":\"Coordenador(a) de Seguran\u00e7a no Trabalho, Eletromec\u00e2nico, Analista de Pesquisa e Desenvolvimento e muito mais na Empresa Special Dog\",\"datePublished\":\"2023-10-12T03:01:00+00:00\",\"mainEntityOfPage\":{\"@id\":\"https:\\\/\\\/www.vagadeempregorj.com.br\\\/empregos-special-dog-2\\\/\"},\"wordCount\":548,\"image\":{\"@id\":\"https:\\\/\\\/www.vagadeempregorj.com.br\\\/empregos-special-dog-2\\\/#primaryimage\"},\"thumbnailUrl\":\"https:\\\/\\\/www.vagadeempregorj.com.br\\\/wp-content\\\/uploads\\\/2023\\\/02\\\/image-9.png\",\"keywords\":[\"oportunidades\",\"Special Dog\",\"vaga de emprego\"],\"articleSection\":[\"Vagas de Emprego Nacionais\"],\"inLanguage\":\"fr-FR\"},{\"@type\":\"WebPage\",\"@id\":\"https:\\\/\\\/www.vagadeempregorj.com.br\\\/empregos-special-dog-2\\\/\",\"url\":\"https:\\\/\\\/www.vagadeempregorj.com.br\\\/empregos-special-dog-2\\\/\",\"name\":\"Coordenador(a) de Seguran\u00e7a no Trabalho, Eletromec\u00e2nico, Analista de Pesquisa e Desenvolvimento e muito mais na Empresa Special Dog -\",\"isPartOf\":{\"@id\":\"https:\\\/\\\/www.vagadeempregorj.com.br\\\/#website\"},\"primaryImageOfPage\":{\"@id\":\"https:\\\/\\\/www.vagadeempregorj.com.br\\\/empregos-special-dog-2\\\/#primaryimage\"},\"image\":{\"@id\":\"https:\\\/\\\/www.vagadeempregorj.com.br\\\/empregos-special-dog-2\\\/#primaryimage\"},\"thumbnailUrl\":\"https:\\\/\\\/www.vagadeempregorj.com.br\\\/wp-content\\\/uploads\\\/2023\\\/02\\\/image-9.png\",\"datePublished\":\"2023-10-12T03:01:00+00:00\",\"author\":{\"@id\":\"https:\\\/\\\/www.vagadeempregorj.com.br\\\/#\\\/schema\\\/person\\\/3ddb19fa0539706786e502152f3aae95\"},\"description\":\"Veja em Vagas de Emprego RJ as vagas de emprego com e sem experi\u00eancia no seu Estado e Regi\u00e3o!\",\"breadcrumb\":{\"@id\":\"https:\\\/\\\/www.vagadeempregorj.com.br\\\/empregos-special-dog-2\\\/#breadcrumb\"},\"inLanguage\":\"fr-FR\",\"potentialAction\":[{\"@type\":\"ReadAction\",\"target\":[\"https:\\\/\\\/www.vagadeempregorj.com.br\\\/empregos-special-dog-2\\\/\"]}]},{\"@type\":\"ImageObject\",\"inLanguage\":\"fr-FR\",\"@id\":\"https:\\\/\\\/www.vagadeempregorj.com.br\\\/empregos-special-dog-2\\\/#primaryimage\",\"url\":\"https:\\\/\\\/www.vagadeempregorj.com.br\\\/wp-content\\\/uploads\\\/2023\\\/02\\\/image-9.png\",\"contentUrl\":\"https:\\\/\\\/www.vagadeempregorj.com.br\\\/wp-content\\\/uploads\\\/2023\\\/02\\\/image-9.png\",\"width\":476,\"height\":249},{\"@type\":\"BreadcrumbList\",\"@id\":\"https:\\\/\\\/www.vagadeempregorj.com.br\\\/empregos-special-dog-2\\\/#breadcrumb\",\"itemListElement\":[{\"@type\":\"ListItem\",\"position\":1,\"name\":\"In\u00edcio\",\"item\":\"https:\\\/\\\/www.vagadeempregorj.com.br\\\/\"},{\"@type\":\"ListItem\",\"position\":2,\"name\":\"Vagas de Emprego Nacionais\",\"item\":\"https:\\\/\\\/www.vagadeempregorj.com.br\\\/vagas-de-emprego-nacionais\\\/\"},{\"@type\":\"ListItem\",\"position\":3,\"name\":\"Coordenador(a) de Seguran\u00e7a no Trabalho, Eletromec\u00e2nico, Analista de Pesquisa e Desenvolvimento e muito mais na Empresa Special Dog\"}]},{\"@type\":\"WebSite\",\"@id\":\"https:\\\/\\\/www.vagadeempregorj.com.br\\\/#website\",\"url\":\"https:\\\/\\\/www.vagadeempregorj.com.br\\\/\",\"name\":\"\",\"description\":\"Conquiste Sonhos: Vagas, Benef\u00edcios e Economia para Transformar Vidas e Alcan\u00e7ar Melhorias Cotidianas\",\"potentialAction\":[{\"@type\":\"SearchAction\",\"target\":{\"@type\":\"EntryPoint\",\"urlTemplate\":\"https:\\\/\\\/www.vagadeempregorj.com.br\\\/?s={search_term_string}\"},\"query-input\":{\"@type\":\"PropertyValueSpecification\",\"valueRequired\":true,\"valueName\":\"search_term_string\"}}],\"inLanguage\":\"fr-FR\"},{\"@type\":\"Person\",\"@id\":\"https:\\\/\\\/www.vagadeempregorj.com.br\\\/#\\\/schema\\\/person\\\/3ddb19fa0539706786e502152f3aae95\",\"name\":\"Michele\",\"image\":{\"@type\":\"ImageObject\",\"inLanguage\":\"fr-FR\",\"@id\":\"https:\\\/\\\/secure.gravatar.com\\\/avatar\\\/6b0eb9d22841282815e2cd856a0061c45e1761cd54b22e952d98c4746939aa85?s=96&r=g\",\"url\":\"https:\\\/\\\/secure.gravatar.com\\\/avatar\\\/6b0eb9d22841282815e2cd856a0061c45e1761cd54b22e952d98c4746939aa85?s=96&r=g\",\"contentUrl\":\"https:\\\/\\\/secure.gravatar.com\\\/avatar\\\/6b0eb9d22841282815e2cd856a0061c45e1761cd54b22e952d98c4746939aa85?s=96&r=g\",\"caption\":\"Michele\"},\"description\":\"Formada em Letras - Portugu\u00eas\\\/ Ingl\u00eas, e idealizadora do site Escritora de Sucesso, busca expandir o conhecimento de todos com informa\u00e7\u00f5es relevantes sobre diversos assuntos, enquanto redatora. No Vaga de Emprego RJ, traz oportunidades e dicas sobre o mercado de trabalho.\",\"url\":\"https:\\\/\\\/www.vagadeempregorj.com.br\\\/fr\\\/author\\\/michele\\\/\"}]}<\/script>\n<!-- \/ Yoast SEO plugin. -->","yoast_head_json":{"title":"Coordenador(a) de Seguran\u00e7a no Trabalho, Eletromec\u00e2nico, Analista de Pesquisa e Desenvolvimento e muito mais na Empresa Special Dog -","description":"Veja em Vagas de Emprego RJ as vagas de emprego com e sem experi\u00eancia no seu Estado e Regi\u00e3o!","robots":{"index":"index","follow":"follow","max-snippet":"max-snippet:-1","max-image-preview":"max-image-preview:large","max-video-preview":"max-video-preview:-1"},"canonical":"https:\/\/www.vagadeempregorj.com.br\/fr\/empregos-special-dog-2\/","og_locale":"fr_FR","og_type":"article","og_title":"Coordenador(a) de Seguran\u00e7a no Trabalho, Eletromec\u00e2nico, Analista de Pesquisa e Desenvolvimento e muito mais na Empresa Special Dog -","og_description":"Veja em Vagas de Emprego RJ as vagas de emprego com e sem experi\u00eancia no seu Estado e Regi\u00e3o!","og_url":"https:\/\/www.vagadeempregorj.com.br\/fr\/empregos-special-dog-2\/","article_publisher":"https:\/\/www.facebook.com\/empregobrasiloficial","article_published_time":"2023-10-12T03:01:00+00:00","og_image":[{"width":476,"height":249,"url":"https:\/\/www.vagadeempregorj.com.br\/wp-content\/uploads\/2023\/02\/image-9.png","type":"image\/png"}],"author":"Michele","twitter_card":"summary_large_image","twitter_misc":{"Written by":"Michele","Est. reading time":"3 minutes"},"schema":{"@context":"https:\/\/schema.org","@graph":[{"@type":"Article","@id":"https:\/\/www.vagadeempregorj.com.br\/empregos-special-dog-2\/#article","isPartOf":{"@id":"https:\/\/www.vagadeempregorj.com.br\/empregos-special-dog-2\/"},"author":{"name":"Michele","@id":"https:\/\/www.vagadeempregorj.com.br\/#\/schema\/person\/3ddb19fa0539706786e502152f3aae95"},"headline":"Coordenador(a) de Seguran\u00e7a no Trabalho, Eletromec\u00e2nico, Analista de Pesquisa e Desenvolvimento e muito mais na Empresa Special Dog","datePublished":"2023-10-12T03:01:00+00:00","mainEntityOfPage":{"@id":"https:\/\/www.vagadeempregorj.com.br\/empregos-special-dog-2\/"},"wordCount":548,"image":{"@id":"https:\/\/www.vagadeempregorj.com.br\/empregos-special-dog-2\/#primaryimage"},"thumbnailUrl":"https:\/\/www.vagadeempregorj.com.br\/wp-content\/uploads\/2023\/02\/image-9.png","keywords":["oportunidades","Special Dog","vaga de emprego"],"articleSection":["Vagas de Emprego Nacionais"],"inLanguage":"fr-FR"},{"@type":"WebPage","@id":"https:\/\/www.vagadeempregorj.com.br\/empregos-special-dog-2\/","url":"https:\/\/www.vagadeempregorj.com.br\/empregos-special-dog-2\/","name":"Coordenador(a) de Seguran\u00e7a no Trabalho, Eletromec\u00e2nico, Analista de Pesquisa e Desenvolvimento e muito mais na Empresa Special Dog -","isPartOf":{"@id":"https:\/\/www.vagadeempregorj.com.br\/#website"},"primaryImageOfPage":{"@id":"https:\/\/www.vagadeempregorj.com.br\/empregos-special-dog-2\/#primaryimage"},"image":{"@id":"https:\/\/www.vagadeempregorj.com.br\/empregos-special-dog-2\/#primaryimage"},"thumbnailUrl":"https:\/\/www.vagadeempregorj.com.br\/wp-content\/uploads\/2023\/02\/image-9.png","datePublished":"2023-10-12T03:01:00+00:00","author":{"@id":"https:\/\/www.vagadeempregorj.com.br\/#\/schema\/person\/3ddb19fa0539706786e502152f3aae95"},"description":"Veja em Vagas de Emprego RJ as vagas de emprego com e sem experi\u00eancia no seu Estado e Regi\u00e3o!","breadcrumb":{"@id":"https:\/\/www.vagadeempregorj.com.br\/empregos-special-dog-2\/#breadcrumb"},"inLanguage":"fr-FR","potentialAction":[{"@type":"ReadAction","target":["https:\/\/www.vagadeempregorj.com.br\/empregos-special-dog-2\/"]}]},{"@type":"ImageObject","inLanguage":"fr-FR","@id":"https:\/\/www.vagadeempregorj.com.br\/empregos-special-dog-2\/#primaryimage","url":"https:\/\/www.vagadeempregorj.com.br\/wp-content\/uploads\/2023\/02\/image-9.png","contentUrl":"https:\/\/www.vagadeempregorj.com.br\/wp-content\/uploads\/2023\/02\/image-9.png","width":476,"height":249},{"@type":"BreadcrumbList","@id":"https:\/\/www.vagadeempregorj.com.br\/empregos-special-dog-2\/#breadcrumb","itemListElement":[{"@type":"ListItem","position":1,"name":"In\u00edcio","item":"https:\/\/www.vagadeempregorj.com.br\/"},{"@type":"ListItem","position":2,"name":"Vagas de Emprego Nacionais","item":"https:\/\/www.vagadeempregorj.com.br\/vagas-de-emprego-nacionais\/"},{"@type":"ListItem","position":3,"name":"Coordenador(a) de Seguran\u00e7a no Trabalho, Eletromec\u00e2nico, Analista de Pesquisa e Desenvolvimento e muito mais na Empresa Special Dog"}]},{"@type":"WebSite","@id":"https:\/\/www.vagadeempregorj.com.br\/#website","url":"https:\/\/www.vagadeempregorj.com.br\/","name":"","description":"Conquiste Sonhos: Vagas, Benef\u00edcios e Economia para Transformar Vidas e Alcan\u00e7ar Melhorias Cotidianas","potentialAction":[{"@type":"SearchAction","target":{"@type":"EntryPoint","urlTemplate":"https:\/\/www.vagadeempregorj.com.br\/?s={search_term_string}"},"query-input":{"@type":"PropertyValueSpecification","valueRequired":true,"valueName":"search_term_string"}}],"inLanguage":"fr-FR"},{"@type":"Person","@id":"https:\/\/www.vagadeempregorj.com.br\/#\/schema\/person\/3ddb19fa0539706786e502152f3aae95","name":"Michele","image":{"@type":"ImageObject","inLanguage":"fr-FR","@id":"https:\/\/secure.gravatar.com\/avatar\/6b0eb9d22841282815e2cd856a0061c45e1761cd54b22e952d98c4746939aa85?s=96&r=g","url":"https:\/\/secure.gravatar.com\/avatar\/6b0eb9d22841282815e2cd856a0061c45e1761cd54b22e952d98c4746939aa85?s=96&r=g","contentUrl":"https:\/\/secure.gravatar.com\/avatar\/6b0eb9d22841282815e2cd856a0061c45e1761cd54b22e952d98c4746939aa85?s=96&r=g","caption":"Michele"},"description":"Formada em Letras - Portugu\u00eas\/ Ingl\u00eas, e idealizadora do site Escritora de Sucesso, busca expandir o conhecimento de todos com informa\u00e7\u00f5es relevantes sobre diversos assuntos, enquanto redatora. No Vaga de Emprego RJ, traz oportunidades e dicas sobre o mercado de trabalho.","url":"https:\/\/www.vagadeempregorj.com.br\/fr\/author\/michele\/"}]}},"_links":{"self":[{"href":"https:\/\/www.vagadeempregorj.com.br\/fr\/wp-json\/wp\/v2\/posts\/37562","targetHints":{"allow":["GET"]}}],"collection":[{"href":"https:\/\/www.vagadeempregorj.com.br\/fr\/wp-json\/wp\/v2\/posts"}],"about":[{"href":"https:\/\/www.vagadeempregorj.com.br\/fr\/wp-json\/wp\/v2\/types\/post"}],"author":[{"embeddable":true,"href":"https:\/\/www.vagadeempregorj.com.br\/fr\/wp-json\/wp\/v2\/users\/16"}],"replies":[{"embeddable":true,"href":"https:\/\/www.vagadeempregorj.com.br\/fr\/wp-json\/wp\/v2\/comments?post=37562"}],"version-history":[{"count":0,"href":"https:\/\/www.vagadeempregorj.com.br\/fr\/wp-json\/wp\/v2\/posts\/37562\/revisions"}],"wp:featuredmedia":[{"embeddable":true,"href":"https:\/\/www.vagadeempregorj.com.br\/fr\/wp-json\/wp\/v2\/media\/37566"}],"wp:attachment":[{"href":"https:\/\/www.vagadeempregorj.com.br\/fr\/wp-json\/wp\/v2\/media?parent=37562"}],"wp:term":[{"taxonomy":"category","embeddable":true,"href":"https:\/\/www.vagadeempregorj.com.br\/fr\/wp-json\/wp\/v2\/categories?post=37562"},{"taxonomy":"post_tag","embeddable":true,"href":"https:\/\/www.vagadeempregorj.com.br\/fr\/wp-json\/wp\/v2\/tags?post=37562"}],"curies":[{"name":"wp","href":"https:\/\/api.w.org\/{rel}","templated":true}]}}