{"id":37752,"date":"2023-07-12T23:23:44","date_gmt":"2023-07-13T02:23:44","guid":{"rendered":"https:\/\/www.vagadeempregorj.com.br\/?p=37752"},"modified":"2024-08-12T18:09:21","modified_gmt":"2024-08-12T21:09:21","slug":"governo-brasileiro-lanca-passagens-aereas-por-r200-para-estimular-o-turismo-nacional","status":"publish","type":"post","link":"https:\/\/www.vagadeempregorj.com.br\/fr\/governo-brasileiro-lanca-passagens-aereas-por-r200-para-estimular-o-turismo-nacional\/","title":{"rendered":"Governo Brasileiro Lan\u00e7a Passagens A\u00e9reas por R$200 para Estimular o Turismo Nacional"},"content":{"rendered":"<p>O Governo do Brasil anunciou recentemente uma iniciativa inovadora para estimular o turismo dom\u00e9stico no pa\u00eds. A proposta consiste em oferecer passagens a\u00e9reas a um pre\u00e7o fixo de R$200, visando facilitar a circula\u00e7\u00e3o de turistas entre os estados e promover a ind\u00fastria tur\u00edstica nacional. <\/p>\n\n\n\n<figure class=\"wp-block-image size-large\"><img loading=\"lazy\" decoding=\"async\" width=\"1024\" height=\"576\" src=\"https:\/\/www.vagadeempregorj.com.br\/wp-content\/uploads\/2023\/03\/plane-1024x576.png\" alt=\"\" class=\"wp-image-37753\" srcset=\"https:\/\/www.vagadeempregorj.com.br\/wp-content\/uploads\/2023\/03\/plane-1024x576.png 1024w, https:\/\/www.vagadeempregorj.com.br\/wp-content\/uploads\/2023\/03\/plane-300x169.png 300w, https:\/\/www.vagadeempregorj.com.br\/wp-content\/uploads\/2023\/03\/plane-768x432.png 768w, https:\/\/www.vagadeempregorj.com.br\/wp-content\/uploads\/2023\/03\/plane-383x215.png 383w, https:\/\/www.vagadeempregorj.com.br\/wp-content\/uploads\/2023\/03\/plane-150x84.png 150w, https:\/\/www.vagadeempregorj.com.br\/wp-content\/uploads\/2023\/03\/plane.png 1200w\" sizes=\"auto, (max-width: 1024px) 100vw, 1024px\" \/><\/figure>\n\n\n\n<p>Diferentemente das <strong>promo\u00e7\u00f5es de passagens a\u00e9reas<\/strong> tradicionais, essa medida \u00e9 um incentivo governamental com o objetivo de fomentar o setor em um momento crucial de retomada econ\u00f4mica.<\/p>\n\n\n\n<h1 class=\"wp-block-heading\">Companhias a\u00e9reas participantes<\/h1>\n\n\n\n<p>O programa, que tem como alvo os principais destinos tur\u00edsticos do Brasil, conta com a participa\u00e7\u00e3o de v\u00e1rias companhias a\u00e9reas nacionais, entre elas:<\/p>\n\n\n\n<ol class=\"wp-block-list\">\n<li><strong><a href=\"https:\/\/www.voegol.com.br\/\">Gol Linhas A\u00e9reas<\/a><\/strong><\/li>\n\n\n\n<li><strong><a href=\"https:\/\/www.latamairlines.com\/br\/pt\">LATAM Airlines Brasil<\/a><\/strong><\/li>\n\n\n\n<li><strong><a href=\"https:\/\/www.voeazul.com.br\/br\/pt\/home\">Azul Linhas A\u00e9reas Brasileiras<\/a><\/strong><\/li>\n\n\n\n<li><strong>Avianca Brasil (Oceanair)<\/strong><\/li>\n<\/ol>\n\n\n\n<p>Essas empresas t\u00eam demonstrado apoio \u00e0 iniciativa e est\u00e3o comprometidas em trabalhar em conjunto com o governo para garantir o sucesso do programa.<\/p>\n\n\n\n<h1 class=\"wp-block-heading\"><strong>Incentivo governamental, n\u00e3o uma promo\u00e7\u00e3o<\/strong><\/h1>\n\n\n\n<p>\u00c9 importante destacar que essa medida n\u00e3o deve ser confundida com uma promo\u00e7\u00e3o de passagens a\u00e9reas. Promo\u00e7\u00f5es s\u00e3o a\u00e7\u00f5es de marketing realizadas pelas pr\u00f3prias companhias a\u00e9reas, com o intuito de aumentar as vendas em determinados per\u00edodos ou destinos. No entanto, a iniciativa do governo \u00e9 um incentivo direto para impulsionar o turismo nacional.<\/p>\n\n\n\n<p>O <strong><em>programa de passagens a\u00e9reas por R$200 <\/em><\/strong>envolve a redu\u00e7\u00e3o de impostos e tarifas para as companhias a\u00e9reas participantes, permitindo-lhes oferecer tarifas mais baixas aos passageiros sem comprometer a rentabilidade das opera\u00e7\u00f5es. Al\u00e9m disso, a iniciativa busca atrair um maior n\u00famero de turistas \u00e0s regi\u00f5es menos conhecidas do pa\u00eds, contribuindo para o desenvolvimento econ\u00f4mico e social dessas \u00e1reas.<\/p>\n\n\n\n<p>Efeitos esperados e benef\u00edcios<\/p>\n\n\n\n<p>O governo espera que essa medida traga uma s\u00e9rie de benef\u00edcios para o pa\u00eds. Entre eles:<\/p>\n\n\n\n<ol class=\"wp-block-list\">\n<li>Est\u00edmulo ao turismo nacional: Com passagens a\u00e9reas mais acess\u00edveis, mais brasileiros poder\u00e3o conhecer e explorar as diversas regi\u00f5es do Brasil, fomentando o turismo dom\u00e9stico e a economia local.<\/li>\n\n\n\n<li>Desenvolvimento regional: A iniciativa contribuir\u00e1 para o desenvolvimento de regi\u00f5es menos conhecidas, atraindo investimentos e gerando empregos no setor tur\u00edstico.<\/li>\n\n\n\n<li>Crescimento do setor a\u00e9reo: Ao facilitar a mobilidade dos passageiros, o programa tamb\u00e9m impulsionar\u00e1 a demanda por voos, estimulando o crescimento das companhias a\u00e9reas e a expans\u00e3o dos servi\u00e7os aeroportu\u00e1rios.<\/li>\n<\/ol>\n\n\n\n<p>A iniciativa do governo de oferecer passagens a\u00e9reas por R$200 \u00e9 uma medida inovadora e promissora para impulsionar o turismo nacional e fortalecer a economia do pa\u00eds. Com o apoio das principais companhias a\u00e9reas brasileiras, o programa tem o potencial de ampliar o acesso a viagens a\u00e9reas e incentivar o desenvolvimento regional. O sucesso dessa medida ser\u00e1 um marco importante na recupera\u00e7\u00e3o econ\u00f4mica brasileira.<\/p>\n\n\n<div class=\"wp-block-post-date\"><time datetime=\"2023-07-12T23:23:44-03:00\">12\/07\/2023<\/time><\/div>","protected":false},"excerpt":{"rendered":"<p>O Governo do Brasil anunciou recentemente uma iniciativa inovadora para estimular o turismo dom\u00e9stico no pa\u00eds. A proposta consiste em oferecer passagens a\u00e9reas a um pre\u00e7o fixo de R$200, visando facilitar a circula\u00e7\u00e3o de turistas entre os estados e promover a ind\u00fastria tur\u00edstica nacional. <\/p>","protected":false},"author":1,"featured_media":37753,"comment_status":"closed","ping_status":"closed","sticky":false,"template":"","format":"standard","meta":{"neve_meta_sidebar":"","neve_meta_container":"","neve_meta_enable_content_width":"","neve_meta_content_width":0,"neve_meta_title_alignment":"","neve_meta_author_avatar":"","neve_post_elements_order":"","neve_meta_disable_header":"","neve_meta_disable_footer":"","neve_meta_disable_title":"","footnotes":""},"categories":[804],"tags":[794,795,796],"class_list":["post-37752","post","type-post","status-publish","format-standard","has-post-thumbnail","hentry","category-economia","tag-latam","tag-passagens-aereas","tag-voa-brasil"],"yoast_head":"<!-- This site is optimized with the Yoast SEO plugin v27.5 - https:\/\/yoast.com\/product\/yoast-seo-wordpress\/ -->\n<title>Governo Brasileiro Lan\u00e7a Passagens A\u00e9reas por R$200 para Estimular o Turismo Nacional -<\/title>\n<meta name=\"description\" content=\"O Governo do Brasil anunciou recentemente uma iniciativa inovadora para estimular o turismo dom\u00e9stico no pa\u00eds. A proposta consiste em...\" \/>\n<meta name=\"robots\" content=\"index, follow, max-snippet:-1, max-image-preview:large, max-video-preview:-1\" \/>\n<link rel=\"canonical\" href=\"https:\/\/www.vagadeempregorj.com.br\/fr\/governo-brasileiro-lanca-passagens-aereas-por-r200-para-estimular-o-turismo-nacional\/\" \/>\n<meta property=\"og:locale\" content=\"fr_FR\" \/>\n<meta property=\"og:type\" content=\"article\" \/>\n<meta property=\"og:title\" content=\"Governo Brasileiro Lan\u00e7a Passagens A\u00e9reas por R$200 para Estimular o Turismo Nacional -\" \/>\n<meta property=\"og:description\" content=\"O Governo do Brasil anunciou recentemente uma iniciativa inovadora para estimular o turismo dom\u00e9stico no pa\u00eds. A proposta consiste em...\" \/>\n<meta property=\"og:url\" content=\"https:\/\/www.vagadeempregorj.com.br\/fr\/governo-brasileiro-lanca-passagens-aereas-por-r200-para-estimular-o-turismo-nacional\/\" \/>\n<meta property=\"article:publisher\" content=\"https:\/\/www.facebook.com\/empregobrasiloficial\" \/>\n<meta property=\"article:published_time\" content=\"2023-07-13T02:23:44+00:00\" \/>\n<meta property=\"article:modified_time\" content=\"2024-08-12T21:09:21+00:00\" \/>\n<meta property=\"og:image\" content=\"https:\/\/www.vagadeempregorj.com.br\/wp-content\/uploads\/2023\/03\/plane.png\" \/>\n\t<meta property=\"og:image:width\" content=\"1200\" \/>\n\t<meta property=\"og:image:height\" content=\"675\" \/>\n\t<meta property=\"og:image:type\" content=\"image\/png\" \/>\n<meta name=\"author\" content=\"Ana B.\" \/>\n<meta name=\"twitter:card\" content=\"summary_large_image\" \/>\n<meta name=\"twitter:label1\" content=\"Written by\" \/>\n\t<meta name=\"twitter:data1\" content=\"Ana B.\" \/>\n\t<meta name=\"twitter:label2\" content=\"Est. reading time\" \/>\n\t<meta name=\"twitter:data2\" content=\"2 minutes\" \/>\n<script type=\"application\/ld+json\" class=\"yoast-schema-graph\">{\"@context\":\"https:\\\/\\\/schema.org\",\"@graph\":[{\"@type\":\"Article\",\"@id\":\"https:\\\/\\\/www.vagadeempregorj.com.br\\\/governo-brasileiro-lanca-passagens-aereas-por-r200-para-estimular-o-turismo-nacional\\\/#article\",\"isPartOf\":{\"@id\":\"https:\\\/\\\/www.vagadeempregorj.com.br\\\/governo-brasileiro-lanca-passagens-aereas-por-r200-para-estimular-o-turismo-nacional\\\/\"},\"author\":{\"name\":\"Ana B.\",\"@id\":\"https:\\\/\\\/www.vagadeempregorj.com.br\\\/#\\\/schema\\\/person\\\/c0c38d5d765e86c3b7c8f12fb1ae6477\"},\"headline\":\"Governo Brasileiro Lan\u00e7a Passagens A\u00e9reas por R$200 para Estimular o Turismo Nacional\",\"datePublished\":\"2023-07-13T02:23:44+00:00\",\"dateModified\":\"2024-08-12T21:09:21+00:00\",\"mainEntityOfPage\":{\"@id\":\"https:\\\/\\\/www.vagadeempregorj.com.br\\\/governo-brasileiro-lanca-passagens-aereas-por-r200-para-estimular-o-turismo-nacional\\\/\"},\"wordCount\":483,\"image\":{\"@id\":\"https:\\\/\\\/www.vagadeempregorj.com.br\\\/governo-brasileiro-lanca-passagens-aereas-por-r200-para-estimular-o-turismo-nacional\\\/#primaryimage\"},\"thumbnailUrl\":\"https:\\\/\\\/www.vagadeempregorj.com.br\\\/wp-content\\\/uploads\\\/2023\\\/03\\\/plane.png\",\"keywords\":[\"latam\",\"passagens aereas\",\"voa brasil\"],\"articleSection\":[\"Economia\"],\"inLanguage\":\"fr-FR\"},{\"@type\":\"WebPage\",\"@id\":\"https:\\\/\\\/www.vagadeempregorj.com.br\\\/governo-brasileiro-lanca-passagens-aereas-por-r200-para-estimular-o-turismo-nacional\\\/\",\"url\":\"https:\\\/\\\/www.vagadeempregorj.com.br\\\/governo-brasileiro-lanca-passagens-aereas-por-r200-para-estimular-o-turismo-nacional\\\/\",\"name\":\"Governo Brasileiro Lan\u00e7a Passagens A\u00e9reas por R$200 para Estimular o Turismo Nacional -\",\"isPartOf\":{\"@id\":\"https:\\\/\\\/www.vagadeempregorj.com.br\\\/#website\"},\"primaryImageOfPage\":{\"@id\":\"https:\\\/\\\/www.vagadeempregorj.com.br\\\/governo-brasileiro-lanca-passagens-aereas-por-r200-para-estimular-o-turismo-nacional\\\/#primaryimage\"},\"image\":{\"@id\":\"https:\\\/\\\/www.vagadeempregorj.com.br\\\/governo-brasileiro-lanca-passagens-aereas-por-r200-para-estimular-o-turismo-nacional\\\/#primaryimage\"},\"thumbnailUrl\":\"https:\\\/\\\/www.vagadeempregorj.com.br\\\/wp-content\\\/uploads\\\/2023\\\/03\\\/plane.png\",\"datePublished\":\"2023-07-13T02:23:44+00:00\",\"dateModified\":\"2024-08-12T21:09:21+00:00\",\"author\":{\"@id\":\"https:\\\/\\\/www.vagadeempregorj.com.br\\\/#\\\/schema\\\/person\\\/c0c38d5d765e86c3b7c8f12fb1ae6477\"},\"description\":\"O Governo do Brasil anunciou recentemente uma iniciativa inovadora para estimular o turismo dom\u00e9stico no pa\u00eds. A proposta consiste em...\",\"breadcrumb\":{\"@id\":\"https:\\\/\\\/www.vagadeempregorj.com.br\\\/governo-brasileiro-lanca-passagens-aereas-por-r200-para-estimular-o-turismo-nacional\\\/#breadcrumb\"},\"inLanguage\":\"fr-FR\",\"potentialAction\":[{\"@type\":\"ReadAction\",\"target\":[\"https:\\\/\\\/www.vagadeempregorj.com.br\\\/governo-brasileiro-lanca-passagens-aereas-por-r200-para-estimular-o-turismo-nacional\\\/\"]}]},{\"@type\":\"ImageObject\",\"inLanguage\":\"fr-FR\",\"@id\":\"https:\\\/\\\/www.vagadeempregorj.com.br\\\/governo-brasileiro-lanca-passagens-aereas-por-r200-para-estimular-o-turismo-nacional\\\/#primaryimage\",\"url\":\"https:\\\/\\\/www.vagadeempregorj.com.br\\\/wp-content\\\/uploads\\\/2023\\\/03\\\/plane.png\",\"contentUrl\":\"https:\\\/\\\/www.vagadeempregorj.com.br\\\/wp-content\\\/uploads\\\/2023\\\/03\\\/plane.png\",\"width\":1200,\"height\":675},{\"@type\":\"BreadcrumbList\",\"@id\":\"https:\\\/\\\/www.vagadeempregorj.com.br\\\/governo-brasileiro-lanca-passagens-aereas-por-r200-para-estimular-o-turismo-nacional\\\/#breadcrumb\",\"itemListElement\":[{\"@type\":\"ListItem\",\"position\":1,\"name\":\"In\u00edcio\",\"item\":\"https:\\\/\\\/www.vagadeempregorj.com.br\\\/\"},{\"@type\":\"ListItem\",\"position\":2,\"name\":\"Economia\",\"item\":\"https:\\\/\\\/www.vagadeempregorj.com.br\\\/economia\\\/\"},{\"@type\":\"ListItem\",\"position\":3,\"name\":\"Governo Brasileiro Lan\u00e7a Passagens A\u00e9reas por R$200 para Estimular o Turismo Nacional\"}]},{\"@type\":\"WebSite\",\"@id\":\"https:\\\/\\\/www.vagadeempregorj.com.br\\\/#website\",\"url\":\"https:\\\/\\\/www.vagadeempregorj.com.br\\\/\",\"name\":\"\",\"description\":\"Conquiste Sonhos: Vagas, Benef\u00edcios e Economia para Transformar Vidas e Alcan\u00e7ar Melhorias Cotidianas\",\"potentialAction\":[{\"@type\":\"SearchAction\",\"target\":{\"@type\":\"EntryPoint\",\"urlTemplate\":\"https:\\\/\\\/www.vagadeempregorj.com.br\\\/?s={search_term_string}\"},\"query-input\":{\"@type\":\"PropertyValueSpecification\",\"valueRequired\":true,\"valueName\":\"search_term_string\"}}],\"inLanguage\":\"fr-FR\"},{\"@type\":\"Person\",\"@id\":\"https:\\\/\\\/www.vagadeempregorj.com.br\\\/#\\\/schema\\\/person\\\/c0c38d5d765e86c3b7c8f12fb1ae6477\",\"name\":\"Ana B.\",\"image\":{\"@type\":\"ImageObject\",\"inLanguage\":\"fr-FR\",\"@id\":\"https:\\\/\\\/secure.gravatar.com\\\/avatar\\\/f5efa58599e07f8dd92f26c7cfbc442fd115582bc681245452e503c2ef2334f3?s=96&r=g\",\"url\":\"https:\\\/\\\/secure.gravatar.com\\\/avatar\\\/f5efa58599e07f8dd92f26c7cfbc442fd115582bc681245452e503c2ef2334f3?s=96&r=g\",\"contentUrl\":\"https:\\\/\\\/secure.gravatar.com\\\/avatar\\\/f5efa58599e07f8dd92f26c7cfbc442fd115582bc681245452e503c2ef2334f3?s=96&r=g\",\"caption\":\"Ana B.\"},\"description\":\"Meu nome \u00e9 Ana e sou apaixonada em escrever. Dedico meu tempo escrevendo not\u00edcias e vagas de emprego diariamente no portal Vaga de Emprego RJ.\",\"url\":\"https:\\\/\\\/www.vagadeempregorj.com.br\\\/fr\\\/author\\\/vgrj\\\/\"}]}<\/script>\n<!-- \/ Yoast SEO plugin. -->","yoast_head_json":{"title":"Governo Brasileiro Lan\u00e7a Passagens A\u00e9reas por R$200 para Estimular o Turismo Nacional -","description":"O Governo do Brasil anunciou recentemente uma iniciativa inovadora para estimular o turismo dom\u00e9stico no pa\u00eds. A proposta consiste em...","robots":{"index":"index","follow":"follow","max-snippet":"max-snippet:-1","max-image-preview":"max-image-preview:large","max-video-preview":"max-video-preview:-1"},"canonical":"https:\/\/www.vagadeempregorj.com.br\/fr\/governo-brasileiro-lanca-passagens-aereas-por-r200-para-estimular-o-turismo-nacional\/","og_locale":"fr_FR","og_type":"article","og_title":"Governo Brasileiro Lan\u00e7a Passagens A\u00e9reas por R$200 para Estimular o Turismo Nacional -","og_description":"O Governo do Brasil anunciou recentemente uma iniciativa inovadora para estimular o turismo dom\u00e9stico no pa\u00eds. A proposta consiste em...","og_url":"https:\/\/www.vagadeempregorj.com.br\/fr\/governo-brasileiro-lanca-passagens-aereas-por-r200-para-estimular-o-turismo-nacional\/","article_publisher":"https:\/\/www.facebook.com\/empregobrasiloficial","article_published_time":"2023-07-13T02:23:44+00:00","article_modified_time":"2024-08-12T21:09:21+00:00","og_image":[{"width":1200,"height":675,"url":"https:\/\/www.vagadeempregorj.com.br\/wp-content\/uploads\/2023\/03\/plane.png","type":"image\/png"}],"author":"Ana B.","twitter_card":"summary_large_image","twitter_misc":{"Written by":"Ana B.","Est. reading time":"2 minutes"},"schema":{"@context":"https:\/\/schema.org","@graph":[{"@type":"Article","@id":"https:\/\/www.vagadeempregorj.com.br\/governo-brasileiro-lanca-passagens-aereas-por-r200-para-estimular-o-turismo-nacional\/#article","isPartOf":{"@id":"https:\/\/www.vagadeempregorj.com.br\/governo-brasileiro-lanca-passagens-aereas-por-r200-para-estimular-o-turismo-nacional\/"},"author":{"name":"Ana B.","@id":"https:\/\/www.vagadeempregorj.com.br\/#\/schema\/person\/c0c38d5d765e86c3b7c8f12fb1ae6477"},"headline":"Governo Brasileiro Lan\u00e7a Passagens A\u00e9reas por R$200 para Estimular o Turismo Nacional","datePublished":"2023-07-13T02:23:44+00:00","dateModified":"2024-08-12T21:09:21+00:00","mainEntityOfPage":{"@id":"https:\/\/www.vagadeempregorj.com.br\/governo-brasileiro-lanca-passagens-aereas-por-r200-para-estimular-o-turismo-nacional\/"},"wordCount":483,"image":{"@id":"https:\/\/www.vagadeempregorj.com.br\/governo-brasileiro-lanca-passagens-aereas-por-r200-para-estimular-o-turismo-nacional\/#primaryimage"},"thumbnailUrl":"https:\/\/www.vagadeempregorj.com.br\/wp-content\/uploads\/2023\/03\/plane.png","keywords":["latam","passagens aereas","voa brasil"],"articleSection":["Economia"],"inLanguage":"fr-FR"},{"@type":"WebPage","@id":"https:\/\/www.vagadeempregorj.com.br\/governo-brasileiro-lanca-passagens-aereas-por-r200-para-estimular-o-turismo-nacional\/","url":"https:\/\/www.vagadeempregorj.com.br\/governo-brasileiro-lanca-passagens-aereas-por-r200-para-estimular-o-turismo-nacional\/","name":"Governo Brasileiro Lan\u00e7a Passagens A\u00e9reas por R$200 para Estimular o Turismo Nacional -","isPartOf":{"@id":"https:\/\/www.vagadeempregorj.com.br\/#website"},"primaryImageOfPage":{"@id":"https:\/\/www.vagadeempregorj.com.br\/governo-brasileiro-lanca-passagens-aereas-por-r200-para-estimular-o-turismo-nacional\/#primaryimage"},"image":{"@id":"https:\/\/www.vagadeempregorj.com.br\/governo-brasileiro-lanca-passagens-aereas-por-r200-para-estimular-o-turismo-nacional\/#primaryimage"},"thumbnailUrl":"https:\/\/www.vagadeempregorj.com.br\/wp-content\/uploads\/2023\/03\/plane.png","datePublished":"2023-07-13T02:23:44+00:00","dateModified":"2024-08-12T21:09:21+00:00","author":{"@id":"https:\/\/www.vagadeempregorj.com.br\/#\/schema\/person\/c0c38d5d765e86c3b7c8f12fb1ae6477"},"description":"O Governo do Brasil anunciou recentemente uma iniciativa inovadora para estimular o turismo dom\u00e9stico no pa\u00eds. A proposta consiste em...","breadcrumb":{"@id":"https:\/\/www.vagadeempregorj.com.br\/governo-brasileiro-lanca-passagens-aereas-por-r200-para-estimular-o-turismo-nacional\/#breadcrumb"},"inLanguage":"fr-FR","potentialAction":[{"@type":"ReadAction","target":["https:\/\/www.vagadeempregorj.com.br\/governo-brasileiro-lanca-passagens-aereas-por-r200-para-estimular-o-turismo-nacional\/"]}]},{"@type":"ImageObject","inLanguage":"fr-FR","@id":"https:\/\/www.vagadeempregorj.com.br\/governo-brasileiro-lanca-passagens-aereas-por-r200-para-estimular-o-turismo-nacional\/#primaryimage","url":"https:\/\/www.vagadeempregorj.com.br\/wp-content\/uploads\/2023\/03\/plane.png","contentUrl":"https:\/\/www.vagadeempregorj.com.br\/wp-content\/uploads\/2023\/03\/plane.png","width":1200,"height":675},{"@type":"BreadcrumbList","@id":"https:\/\/www.vagadeempregorj.com.br\/governo-brasileiro-lanca-passagens-aereas-por-r200-para-estimular-o-turismo-nacional\/#breadcrumb","itemListElement":[{"@type":"ListItem","position":1,"name":"In\u00edcio","item":"https:\/\/www.vagadeempregorj.com.br\/"},{"@type":"ListItem","position":2,"name":"Economia","item":"https:\/\/www.vagadeempregorj.com.br\/economia\/"},{"@type":"ListItem","position":3,"name":"Governo Brasileiro Lan\u00e7a Passagens A\u00e9reas por R$200 para Estimular o Turismo Nacional"}]},{"@type":"WebSite","@id":"https:\/\/www.vagadeempregorj.com.br\/#website","url":"https:\/\/www.vagadeempregorj.com.br\/","name":"","description":"Conquiste Sonhos: Vagas, Benef\u00edcios e Economia para Transformar Vidas e Alcan\u00e7ar Melhorias Cotidianas","potentialAction":[{"@type":"SearchAction","target":{"@type":"EntryPoint","urlTemplate":"https:\/\/www.vagadeempregorj.com.br\/?s={search_term_string}"},"query-input":{"@type":"PropertyValueSpecification","valueRequired":true,"valueName":"search_term_string"}}],"inLanguage":"fr-FR"},{"@type":"Person","@id":"https:\/\/www.vagadeempregorj.com.br\/#\/schema\/person\/c0c38d5d765e86c3b7c8f12fb1ae6477","name":"Ana B.","image":{"@type":"ImageObject","inLanguage":"fr-FR","@id":"https:\/\/secure.gravatar.com\/avatar\/f5efa58599e07f8dd92f26c7cfbc442fd115582bc681245452e503c2ef2334f3?s=96&r=g","url":"https:\/\/secure.gravatar.com\/avatar\/f5efa58599e07f8dd92f26c7cfbc442fd115582bc681245452e503c2ef2334f3?s=96&r=g","contentUrl":"https:\/\/secure.gravatar.com\/avatar\/f5efa58599e07f8dd92f26c7cfbc442fd115582bc681245452e503c2ef2334f3?s=96&r=g","caption":"Ana B."},"description":"Meu nome \u00e9 Ana e sou apaixonada em escrever. Dedico meu tempo escrevendo not\u00edcias e vagas de emprego diariamente no portal Vaga de Emprego RJ.","url":"https:\/\/www.vagadeempregorj.com.br\/fr\/author\/vgrj\/"}]}},"_links":{"self":[{"href":"https:\/\/www.vagadeempregorj.com.br\/fr\/wp-json\/wp\/v2\/posts\/37752","targetHints":{"allow":["GET"]}}],"collection":[{"href":"https:\/\/www.vagadeempregorj.com.br\/fr\/wp-json\/wp\/v2\/posts"}],"about":[{"href":"https:\/\/www.vagadeempregorj.com.br\/fr\/wp-json\/wp\/v2\/types\/post"}],"author":[{"embeddable":true,"href":"https:\/\/www.vagadeempregorj.com.br\/fr\/wp-json\/wp\/v2\/users\/1"}],"replies":[{"embeddable":true,"href":"https:\/\/www.vagadeempregorj.com.br\/fr\/wp-json\/wp\/v2\/comments?post=37752"}],"version-history":[{"count":0,"href":"https:\/\/www.vagadeempregorj.com.br\/fr\/wp-json\/wp\/v2\/posts\/37752\/revisions"}],"wp:featuredmedia":[{"embeddable":true,"href":"https:\/\/www.vagadeempregorj.com.br\/fr\/wp-json\/wp\/v2\/media\/37753"}],"wp:attachment":[{"href":"https:\/\/www.vagadeempregorj.com.br\/fr\/wp-json\/wp\/v2\/media?parent=37752"}],"wp:term":[{"taxonomy":"category","embeddable":true,"href":"https:\/\/www.vagadeempregorj.com.br\/fr\/wp-json\/wp\/v2\/categories?post=37752"},{"taxonomy":"post_tag","embeddable":true,"href":"https:\/\/www.vagadeempregorj.com.br\/fr\/wp-json\/wp\/v2\/tags?post=37752"}],"curies":[{"name":"wp","href":"https:\/\/api.w.org\/{rel}","templated":true}]}}