{"id":38879,"date":"2023-08-14T23:06:02","date_gmt":"2023-08-15T02:06:02","guid":{"rendered":"https:\/\/www.vagadeempregorj.com.br\/?p=38879"},"modified":"2023-08-14T23:06:04","modified_gmt":"2023-08-15T02:06:04","slug":"como-participar-do-programa-desenrola-brasil-veja-o-passo-a-passo","status":"publish","type":"post","link":"https:\/\/www.vagadeempregorj.com.br\/fr\/como-participar-do-programa-desenrola-brasil-veja-o-passo-a-passo\/","title":{"rendered":"Como participar do Programa Desenrola Brasil: Veja o passo-a-passo"},"content":{"rendered":"<p>O <strong>Programa Desenrola Brasil<\/strong>, iniciativa do Governo Federal, est\u00e1 em vigor a partir de 17 de julho de 2023. A data foi antecipada para beneficiar devedores que possuem renda mensal de at\u00e9 R$20 mil e possuem d\u00e9bitos junto a institui\u00e7\u00f5es banc\u00e1rias. Adicionalmente, os bancos ser\u00e3o respons\u00e1veis por regularizar a situa\u00e7\u00e3o financeira de at\u00e9 1,5 milh\u00e3o de correntistas que apresentam d\u00edvidas inferiores a R$100. Este processo dever\u00e1 ser conclu\u00eddo at\u00e9 28 de julho.<\/p>\n\n\n\n<p>Em uma a\u00e7\u00e3o anterior, o Minist\u00e9rio da Fazenda divulgou uma portaria em 28 de junho, que estabeleceu as regras para um programa de reestrutura\u00e7\u00e3o de d\u00e9bitos para pessoas f\u00edsicas. Essa iniciativa ser\u00e1 dividida em duas categorias e, de acordo com as estimativas governamentais, abranger\u00e1 cerca de 70 milh\u00f5es de indiv\u00edduos.<\/p>\n\n\n\n<h2 class=\"wp-block-heading\">Como aderir ao programa Desenrola Brasil?<\/h2>\n\n\n\n<p>Para fazer parte do programa Desenrola Brasil, pessoas f\u00edsicas devem possuir d\u00edvidas ativas contra\u00eddas entre 1\u00ba de janeiro de 2019 e 31 de dezembro de 2022, al\u00e9m de enquadrarem-se em uma das duas categorias estabelecidas pelo programa.&nbsp;<\/p>\n\n\n\n<p>A &#8220;Categoria 1&#8221; \u00e9 destinada a pessoas com d\u00edvidas de at\u00e9 R$5 mil, e uma renda mensal m\u00e1xima de 2 sal\u00e1rios m\u00ednimos ou que estejam inscritas no Cadastro \u00danico (Cad\u00danico). J\u00e1 a &#8220;Categoria 2&#8221; abrange indiv\u00edduos com renda mensal de at\u00e9 R$20 mil, oferecendo ao devedor inadimplente um per\u00edodo m\u00ednimo de 12 meses para quitar o d\u00e9bito.<\/p>\n\n\n\n<p>O processo de renegocia\u00e7\u00e3o das d\u00edvidas ser\u00e1 conduzido por meio da plataforma digital do programa Desenrola Brasil. O usu\u00e1rio dever\u00e1 acessar o sistema utilizando as credenciais do portal gov.br e selecionar uma institui\u00e7\u00e3o financeira cadastrada no programa para conduzir a renegocia\u00e7\u00e3o. O devedor ter\u00e1 a op\u00e7\u00e3o de escolher o n\u00famero de parcelas para pagamento.<\/p>\n\n\n\n<p><strong>D\u00edvidas no valor de at\u00e9 R$100,00 ser\u00e3o automaticamente perdoadas. Os bancos participantes do programa t\u00eam um prazo de 30 dias para realizar esse perd\u00e3o e retirar o nome do cliente da lista de devedores.<\/strong><\/p>\n\n\n\n<h2 class=\"wp-block-heading\">Quando o programa Desenrola Brasil entrar\u00e1 em vigor?<\/h2>\n\n\n\n<p>O programa estar\u00e1 em vigor a partir de 17 de julho, abrangendo as negocia\u00e7\u00f5es para pessoas com renda de at\u00e9 R$20 mil por m\u00eas que possuam d\u00edvidas banc\u00e1rias. A partir de setembro, indiv\u00edduos com renda de at\u00e9 R$2.640 ter\u00e3o a oportunidade de renegociar suas d\u00edvidas.<\/p>\n\n\n\n<figure class=\"wp-block-image size-large\"><img loading=\"lazy\" decoding=\"async\" width=\"1024\" height=\"682\" src=\"https:\/\/www.vagadeempregorj.com.br\/wp-content\/uploads\/2023\/08\/image-1024x682.png\" alt=\"\" class=\"wp-image-38880\" srcset=\"https:\/\/www.vagadeempregorj.com.br\/wp-content\/uploads\/2023\/08\/image-1024x682.png 1024w, https:\/\/www.vagadeempregorj.com.br\/wp-content\/uploads\/2023\/08\/image-300x200.png 300w, https:\/\/www.vagadeempregorj.com.br\/wp-content\/uploads\/2023\/08\/image-768x512.png 768w, https:\/\/www.vagadeempregorj.com.br\/wp-content\/uploads\/2023\/08\/image-150x100.png 150w, https:\/\/www.vagadeempregorj.com.br\/wp-content\/uploads\/2023\/08\/image.png 1280w\" sizes=\"auto, (max-width: 1024px) 100vw, 1024px\" \/><\/figure>\n\n\n\n<h2 class=\"wp-block-heading\">O Programa Desenrola Brasil j\u00e1 foi aprovado?<\/h2>\n\n\n\n<p>Para que o programa Desenrola Brasil se torne uma lei, ele ainda precisa ser submetido \u00e0 vota\u00e7\u00e3o e aprova\u00e7\u00e3o pelo Congresso Nacional. O programa foi publicado no Di\u00e1rio Oficial como Medida Provis\u00f3ria (MP) em 6 de junho de 2023, e seus efeitos s\u00e3o imediatos. O Congresso tem um prazo de 90 dias para avaliar o programa.<\/p>\n\n\n\n<p>Em 28 de junho, o Minist\u00e9rio da Fazenda emitiu uma portaria estabelecendo as diretrizes para a renegocia\u00e7\u00e3o de d\u00edvidas por meio do programa. Essa regulamenta\u00e7\u00e3o divide o programa Desenrola Brasil em duas categorias e prev\u00ea o perd\u00e3o autom\u00e1tico das d\u00edvidas de at\u00e9 R$100.<\/p>\n\n\n\n<h2 class=\"wp-block-heading\">Quem tem direito ao programa Desenrola Brasil?<\/h2>\n\n\n\n<p>O Desenrola Brasil destina-se a pessoas f\u00edsicas com renda de at\u00e9 R$20 mil que possuam d\u00edvidas junto a bancos, varejistas e servi\u00e7os como \u00e1gua, luz e telefone. O programa \u00e9 estratificado com base na renda dos devedores. Indiv\u00edduos com renda de at\u00e9 2 sal\u00e1rios m\u00ednimos ou inscritos no Cadastro \u00danico para Programas Sociais do Governo Federal, conhecido como Cad\u00danico, est\u00e3o na &#8220;Categoria 1&#8221;. Aqueles com renda mensal de at\u00e9 R$20 mil se enquadram na &#8220;Categoria 2&#8221;.<\/p>\n\n\n\n<p>Este benef\u00edcio tem o potencial de auxiliar mais de 70 milh\u00f5es de cidad\u00e3os brasileiros. Com a publica\u00e7\u00e3o da Medida Provis\u00f3ria, espera-se que essas renegocia\u00e7\u00f5es proporcionem al\u00edvio para a popula\u00e7\u00e3o do pa\u00eds.<\/p>\n\n\n\n<h2 class=\"wp-block-heading\">Quais os bancos aderiram ao Desenrola Brasil?<\/h2>\n\n\n\n<p>Ao longo dos dias, o Programa Desenrola Brasil, implementado pelo Governo Federal, tem conquistado a participa\u00e7\u00e3o de um n\u00famero crescente de entidades. S\u00e3o bancos e redes de varejo que est\u00e3o comprometidos em oferecer descontos e prazos flex\u00edveis para as d\u00edvidas de seus clientes.\u00a0<\/p>\n\n\n\n<p>O objetivo \u00e9 ajudar os clientes a reestabelecerem seu cr\u00e9dito, sa\u00edrem da inadimpl\u00eancia e conseguirem remover seus nomes de listas de devedores, como por exemplo, o Serasa.<\/p>\n\n\n\n<p>D\u00edvidas acumuladas em cart\u00f5es de cr\u00e9dito disponibilizados por redes de lojas como Magazine Luiza, Extra, Ponto Frio, Marisa, Assa\u00ed e Hipercard, os quais s\u00e3o emitidos pelo Ita\u00fa, e tamb\u00e9m as d\u00edvidas vinculadas \u00e0 Renner, atrav\u00e9s da sua financiadora Realize CFI, estar\u00e3o sujeitas a renegocia\u00e7\u00e3o no \u00e2mbito do programa.<\/p>\n\n\n\n<p><strong>Os cinco maiores bancos do pa\u00eds, Ita\u00fa, Bradesco, Santander, Banco do Brasil e Caixa Econ\u00f4mica Federal (CEF), j\u00e1 tornaram p\u00fablico seu compromisso com o programa.&nbsp;<\/strong><\/p>\n\n\n\n<p>Devido \u00e0 grande demanda, a CEF anunciou que abrir\u00e1 suas ag\u00eancias uma hora mais cedo na sexta-feira (21), a fim de atender aos clientes que buscam renegociar suas d\u00edvidas. O banco p\u00fablico reportou um aumento de duas vezes na procura por negocia\u00e7\u00f5es de d\u00edvidas atrav\u00e9s de seus canais em um intervalo de dois dias.<\/p>\n\n\n\n<p>Al\u00e9m disso, tamb\u00e9m confirmaram sua participa\u00e7\u00e3o no Desenrola Brasil o Banrisul, Daycoval, Inter, PagBank e Pan.<\/p>\n\n\n\n<h3 class=\"wp-block-heading\">A ades\u00e3o do Nubank<\/h3>\n\n\n\n<p>Ap\u00f3s o ministro da Fazenda, Fernando Haddad, expressar nesta semana que a inclus\u00e3o de at\u00e9 2,5 milh\u00f5es de indiv\u00edduos com d\u00edvidas de at\u00e9 R$ 100 nos registros de devedores poderia ocorrer caso o Nubank se unisse ao programa, o banco optou por se juntar \u00e0 iniciativa. O Nubank, sozinho, possui mais de um milh\u00e3o de clientes com registro negativo.<\/p>\n\n\n\n<p>Dados obtidos a partir dos balan\u00e7os financeiros do primeiro trimestre de 2023, compilados pelo Departamento Intersindical de Estat\u00edstica e Estudos Socioecon\u00f4micos (Dieese) e pela Confedera\u00e7\u00e3o Nacional dos Trabalhadores no Ramo Financeiro (Contraf-CUT), revelam que os clientes do Nubank correspondem a 46% da popula\u00e7\u00e3o adulta do Brasil. A taxa de inadimpl\u00eancia, com d\u00edvidas atrasadas por mais de 90 dias, alcan\u00e7ou 5,5% no primeiro trimestre deste ano.<\/p>\n\n\n\n<p>A inadimpl\u00eancia entre os clientes com renda de at\u00e9 um sal\u00e1rio m\u00ednimo (R$ 1.320) \u00e9 de 7,4%. J\u00e1 na faixa de renda entre 1 e 2 sal\u00e1rios m\u00ednimos (R$ 2.260), a inadimpl\u00eancia atinge 6,8%. Esses n\u00fameros est\u00e3o acima da m\u00e9dia geral. Especificamente no caso de d\u00edvidas em cart\u00e3o de cr\u00e9dito, a inadimpl\u00eancia nesses dois grupos de renda ultrapassa 10%, enquanto no cr\u00e9dito pessoal excede 13%. Notavelmente, esse \u00e9 o p\u00fablico-alvo da Faixa 1 do programa Desenrola, lan\u00e7ado pelo governo federal.<\/p>\n\n\n\n<h2 class=\"wp-block-heading\">10 dicas para limpar o nome e sair das d\u00edvidas<\/h2>\n\n\n\n<p>No cen\u00e1rio financeiro atual, onde muitos indiv\u00edduos enfrentam desafios relacionados a d\u00edvidas e inadimpl\u00eancia, \u00e9 fundamental entender as estrat\u00e9gias para limpar o nome e retomar o controle das finan\u00e7as pessoais.&nbsp;<\/p>\n\n\n\n<p>Uma abordagem que tem ganhado destaque \u00e9 o Programa Desenrola Brasil, uma iniciativa do governo federal que visa auxiliar pessoas a sa\u00edrem das listas de devedores e reconquistarem a estabilidade financeira.<\/p>\n\n\n\n<h3 class=\"wp-block-heading\">Dica 1: Autoconsci\u00eancia Financeira &#8211; O Primeiro Passo para a Mudan\u00e7a<\/h3>\n\n\n\n<p>A jornada para manter o nome limpo e sair das d\u00edvidas come\u00e7a com um profundo entendimento da sua situa\u00e7\u00e3o financeira. Encare a realidade de frente, analisando suas d\u00edvidas, renda e despesas de maneira objetiva. Crie um panorama claro das suas obriga\u00e7\u00f5es financeiras e estabele\u00e7a metas realistas para superar essa situa\u00e7\u00e3o.<\/p>\n\n\n\n<h3 class=\"wp-block-heading\">Dica 2: Or\u00e7amento &#8211; O Guia para o Controle Financeiro<\/h3>\n\n\n\n<p>Elaborar um or\u00e7amento s\u00f3lido \u00e9 essencial para direcionar seus gastos de maneira eficaz. Liste todas as suas fontes de renda e todas as despesas mensais, categorizando-as de acordo com sua prioridade. Comprometa-se a viver de acordo com esse or\u00e7amento, cortando gastos sup\u00e9rfluos e evitando novas d\u00edvidas.<\/p>\n\n\n\n<h3 class=\"wp-block-heading\">Dica 3: Negocia\u00e7\u00e3o de D\u00edvidas &#8211; Buscando Solu\u00e7\u00f5es Vi\u00e1veis<\/h3>\n\n\n\n<p>Se voc\u00ea j\u00e1 est\u00e1 endividado, n\u00e3o hesite em negociar com os credores. Muitas vezes, as institui\u00e7\u00f5es financeiras est\u00e3o dispostas a renegociar as d\u00edvidas, oferecendo condi\u00e7\u00f5es de pagamento mais flex\u00edveis. Busque taxas de juros mais baixas ou planos de parcelamento que se adequem \u00e0 sua situa\u00e7\u00e3o financeira atual.<\/p>\n\n\n\n<h3 class=\"wp-block-heading\">Dica 4: Prioriza\u00e7\u00e3o de D\u00edvidas &#8211; Estrat\u00e9gia de Pagamento Inteligente<\/h3>\n\n\n\n<p>Nem todas as d\u00edvidas s\u00e3o iguais. Algumas podem ter taxas de juros mais altas ou consequ\u00eancias mais graves em caso de n\u00e3o pagamento. Priorize as d\u00edvidas de acordo com sua urg\u00eancia e impacto financeiro. Geralmente, \u00e9 s\u00e1bio come\u00e7ar pelas d\u00edvidas com as maiores taxas de juros, enquanto mant\u00e9m os pagamentos m\u00ednimos em outras para evitar penalidades.<\/p>\n\n\n\n<h3 class=\"wp-block-heading\">Dica 5: Estilo de Vida Sustent\u00e1vel &#8211; Redefinindo H\u00e1bitos de Consumo<\/h3>\n\n\n\n<p>Enquanto trabalha para sair das d\u00edvidas, considere adotar um estilo de vida mais sustent\u00e1vel. Isso n\u00e3o apenas ajudar\u00e1 a economizar dinheiro, mas tamb\u00e9m a evitar a acumula\u00e7\u00e3o de d\u00edvidas futuras. Avalie seus h\u00e1bitos de consumo, identificando \u00e1reas onde \u00e9 poss\u00edvel reduzir despesas, como comer fora com menos frequ\u00eancia, cancelar assinaturas desnecess\u00e1rias e buscar op\u00e7\u00f5es mais econ\u00f4micas.<\/p>\n\n\n\n<h3 class=\"wp-block-heading\">Dica 6: Gera\u00e7\u00e3o de Renda Adicional &#8211; Explorando Novas Oportunidades<\/h3>\n\n\n\n<p>Para acelerar o processo de quita\u00e7\u00e3o de d\u00edvidas, considere a possibilidade de aumentar sua renda. Isso pode ser feito atrav\u00e9s de freelancing, trabalho tempor\u00e1rio ou at\u00e9 mesmo explorando habilidades e paix\u00f5es que podem se transformar em uma fonte adicional de dinheiro. A renda extra pode ser direcionada diretamente para o pagamento das d\u00edvidas, ajudando a aliviar a press\u00e3o financeira.<\/p>\n\n\n\n<h3 class=\"wp-block-heading\">Dica 7: Educa\u00e7\u00e3o Financeira &#8211; Investindo no Seu Conhecimento<\/h3>\n\n\n\n<p>Entender os conceitos b\u00e1sicos de finan\u00e7as pessoais \u00e9 crucial para evitar futuras d\u00edvidas. Dedique tempo para aprender sobre gerenciamento de dinheiro, investimentos, planejamento de aposentadoria e como evitar armadilhas financeiras. Quanto mais voc\u00ea souber sobre como lidar com o dinheiro de forma inteligente, menor ser\u00e1 a probabilidade de cair em d\u00edvidas novamente.<\/p>\n\n\n\n<h3 class=\"wp-block-heading\">Dica 8: Reserva de Emerg\u00eancia &#8211; Protegendo-se contra Imprevistos<\/h3>\n\n\n\n<p>Uma das raz\u00f5es pelas quais as pessoas frequentemente acumulam d\u00edvidas \u00e9 a falta de uma reserva de emerg\u00eancia. Estabele\u00e7a o objetivo de economizar um fundo de emerg\u00eancia que cubra de tr\u00eas a seis meses de despesas. Isso garantir\u00e1 que voc\u00ea n\u00e3o precise recorrer a empr\u00e9stimos ou cart\u00f5es de cr\u00e9dito em momentos de imprevistos, mantendo seu nome limpo.<\/p>\n\n\n\n<h3 class=\"wp-block-heading\">Dica 9: Aconselhamento Financeiro &#8211; Buscando Orienta\u00e7\u00e3o Profissional<\/h3>\n\n\n\n<p>Se suas d\u00edvidas s\u00e3o complexas ou parecem insuper\u00e1veis, considere buscar a ajuda de um consultor financeiro. Esses profissionais podem oferecer insights personalizados sobre como gerenciar suas finan\u00e7as, desenvolver um plano de pagamento e tra\u00e7ar um caminho eficaz para sair das d\u00edvidas.<\/p>\n\n\n\n<h3 class=\"wp-block-heading\">Dica 10: Persist\u00eancia e Disciplina &#8211; O Caminho para a Liberdade Financeira<\/h3>\n\n\n\n<p>Sair das d\u00edvidas e manter o nome limpo exige paci\u00eancia, persist\u00eancia e disciplina. O processo pode ser desafiador e demorado, mas cada pagamento que voc\u00ea faz e cada escolha financeira prudente o aproximam do objetivo final. Mantenha sua motiva\u00e7\u00e3o alta, celebre as pequenas vit\u00f3rias ao longo do caminho e lembre-se de que a liberdade financeira vale o esfor\u00e7o.<\/p>\n\n\n\n<h2 class=\"wp-block-heading\">Saia das d\u00edvidas com o Programa Desenrola Brasil<\/h2>\n\n\n\n<p>J\u00e1 imaginou a sensa\u00e7\u00e3o de finalmente se libertar das d\u00edvidas que t\u00eam pesado sobre voc\u00ea? Se a ideia de recuperar sua tranquilidade financeira e reerguer sua vida econ\u00f4mica parece um sonho distante, \u00e9 hora de conhecer o Programa Desenrola Brasil.&nbsp;<\/p>\n\n\n\n<p>Este programa inovador, criado pelo governo federal, oferece uma oportunidade \u00fanica para voc\u00ea sair das d\u00edvidas e retomar o controle de suas finan\u00e7as de maneira eficaz e acess\u00edvel.<\/p>\n\n\n\n<p>A montanha de d\u00edvidas acumuladas pode se transformar em um fardo insustent\u00e1vel, afetando sua qualidade de vida e suas perspectivas de futuro. No entanto, com o Desenrola Brasil, a esperan\u00e7a est\u00e1 ao seu alcance.&nbsp;<\/p>\n\n\n\n<p>O programa re\u00fane uma s\u00e9rie de benef\u00edcios cuidadosamente elaborados para ajudar indiv\u00edduos como voc\u00ea a reverter essa situa\u00e7\u00e3o, conquistando sua liberdade financeira de volta.<\/p>\n\n\n\n<p>Tenha seu nome limpo, livre de registros negativos e restri\u00e7\u00f5es. O Desenrola Brasil n\u00e3o \u00e9 apenas um programa de renegocia\u00e7\u00e3o de d\u00edvidas, \u00e9 uma chance de recome\u00e7o.<\/p>\n\n\n\n<p>Com a ades\u00e3o de bancos renomados e redes de lojas, o programa oferece descontos e prazos diferenciados para liquidar suas d\u00edvidas de forma mais amena. O processo \u00e9 simples e direto, projetado para remover obst\u00e1culos e facilitar sua jornada em dire\u00e7\u00e3o \u00e0 solv\u00eancia financeira.<\/p>\n\n\n\n<p><strong>Veja tamb\u00e9m: <a href=\"https:\/\/www.vagadeempregorj.com.br\/fr\/auxiliar-de-montagem\/\">Auxiliar de montagem, Encanador, Operador de produ\u00e7\u00e3o e outras vagas na Geolab, inscreva-se<\/a><\/strong><\/p>\n\n\n\n<p>14 de agosto de 2023<\/p>","protected":false},"excerpt":{"rendered":"<p>O Programa Desenrola Brasil, iniciativa do Governo Federal, est\u00e1 em vigor a partir de 17 de julho de 2023. A data foi antecipada para beneficiar devedores que possuem renda mensal de at\u00e9 R$20 mil e possuem d\u00e9bitos junto a institui\u00e7\u00f5es banc\u00e1rias. Adicionalmente, os bancos ser\u00e3o respons\u00e1veis por regularizar a situa\u00e7\u00e3o financeira de at\u00e9 1,5 milh\u00e3o&hellip;&nbsp;<\/p>","protected":false},"author":16,"featured_media":38877,"comment_status":"closed","ping_status":"closed","sticky":false,"template":"","format":"standard","meta":{"neve_meta_sidebar":"","neve_meta_container":"","neve_meta_enable_content_width":"","neve_meta_content_width":0,"neve_meta_title_alignment":"","neve_meta_author_avatar":"","neve_post_elements_order":"","neve_meta_disable_header":"","neve_meta_disable_footer":"","neve_meta_disable_title":"","footnotes":""},"categories":[1],"tags":[806,805,608],"class_list":["post-38879","post","type-post","status-publish","format-standard","has-post-thumbnail","hentry","category-beneficios-sociais","tag-desenrola-brasil","tag-limpa-nome","tag-oportunidades"],"yoast_head":"<!-- This site is optimized with the Yoast SEO plugin v27.5 - https:\/\/yoast.com\/product\/yoast-seo-wordpress\/ -->\n<title>Como participar do Programa Desenrola Brasil: Veja o passo-a-passo -<\/title>\n<meta name=\"description\" content=\"Veja em Vagas de Emprego RJ as vagas de emprego com e sem experi\u00eancia no seu Estado e Regi\u00e3o!\" \/>\n<meta name=\"robots\" content=\"index, follow, max-snippet:-1, max-image-preview:large, max-video-preview:-1\" \/>\n<link rel=\"canonical\" href=\"https:\/\/www.vagadeempregorj.com.br\/fr\/como-participar-do-programa-desenrola-brasil-veja-o-passo-a-passo\/\" \/>\n<meta property=\"og:locale\" content=\"fr_FR\" \/>\n<meta property=\"og:type\" content=\"article\" \/>\n<meta property=\"og:title\" content=\"Como participar do Programa Desenrola Brasil: Veja o passo-a-passo -\" \/>\n<meta property=\"og:description\" content=\"Veja em Vagas de Emprego RJ as vagas de emprego com e sem experi\u00eancia no seu Estado e Regi\u00e3o!\" \/>\n<meta property=\"og:url\" content=\"https:\/\/www.vagadeempregorj.com.br\/fr\/como-participar-do-programa-desenrola-brasil-veja-o-passo-a-passo\/\" \/>\n<meta property=\"article:publisher\" content=\"https:\/\/www.facebook.com\/empregobrasiloficial\" \/>\n<meta property=\"article:published_time\" content=\"2023-08-15T02:06:02+00:00\" \/>\n<meta property=\"article:modified_time\" content=\"2023-08-15T02:06:04+00:00\" \/>\n<meta property=\"og:image\" content=\"https:\/\/www.vagadeempregorj.com.br\/wp-content\/uploads\/2023\/08\/photo-1588286492514-ddb61b527086.jpeg\" \/>\n\t<meta property=\"og:image:width\" content=\"1080\" \/>\n\t<meta property=\"og:image:height\" content=\"720\" \/>\n\t<meta property=\"og:image:type\" content=\"image\/jpeg\" \/>\n<meta name=\"author\" content=\"Michele\" \/>\n<meta name=\"twitter:card\" content=\"summary_large_image\" \/>\n<meta name=\"twitter:label1\" content=\"Written by\" \/>\n\t<meta name=\"twitter:data1\" content=\"Michele\" \/>\n\t<meta name=\"twitter:label2\" content=\"Est. reading time\" \/>\n\t<meta name=\"twitter:data2\" content=\"11 minutes\" \/>\n<script type=\"application\/ld+json\" class=\"yoast-schema-graph\">{\"@context\":\"https:\\\/\\\/schema.org\",\"@graph\":[{\"@type\":\"Article\",\"@id\":\"https:\\\/\\\/www.vagadeempregorj.com.br\\\/como-participar-do-programa-desenrola-brasil-veja-o-passo-a-passo\\\/#article\",\"isPartOf\":{\"@id\":\"https:\\\/\\\/www.vagadeempregorj.com.br\\\/como-participar-do-programa-desenrola-brasil-veja-o-passo-a-passo\\\/\"},\"author\":{\"name\":\"Michele\",\"@id\":\"https:\\\/\\\/www.vagadeempregorj.com.br\\\/#\\\/schema\\\/person\\\/3ddb19fa0539706786e502152f3aae95\"},\"headline\":\"Como participar do Programa Desenrola Brasil: Veja o passo-a-passo\",\"datePublished\":\"2023-08-15T02:06:02+00:00\",\"dateModified\":\"2023-08-15T02:06:04+00:00\",\"mainEntityOfPage\":{\"@id\":\"https:\\\/\\\/www.vagadeempregorj.com.br\\\/como-participar-do-programa-desenrola-brasil-veja-o-passo-a-passo\\\/\"},\"wordCount\":2133,\"image\":{\"@id\":\"https:\\\/\\\/www.vagadeempregorj.com.br\\\/como-participar-do-programa-desenrola-brasil-veja-o-passo-a-passo\\\/#primaryimage\"},\"thumbnailUrl\":\"https:\\\/\\\/www.vagadeempregorj.com.br\\\/wp-content\\\/uploads\\\/2023\\\/08\\\/photo-1588286492514-ddb61b527086.jpeg\",\"keywords\":[\"desenrola brasil\",\"limpa nome\",\"oportunidades\"],\"articleSection\":[\"Benef\u00edcios Sociais\"],\"inLanguage\":\"fr-FR\"},{\"@type\":\"WebPage\",\"@id\":\"https:\\\/\\\/www.vagadeempregorj.com.br\\\/como-participar-do-programa-desenrola-brasil-veja-o-passo-a-passo\\\/\",\"url\":\"https:\\\/\\\/www.vagadeempregorj.com.br\\\/como-participar-do-programa-desenrola-brasil-veja-o-passo-a-passo\\\/\",\"name\":\"Como participar do Programa Desenrola Brasil: Veja o passo-a-passo -\",\"isPartOf\":{\"@id\":\"https:\\\/\\\/www.vagadeempregorj.com.br\\\/#website\"},\"primaryImageOfPage\":{\"@id\":\"https:\\\/\\\/www.vagadeempregorj.com.br\\\/como-participar-do-programa-desenrola-brasil-veja-o-passo-a-passo\\\/#primaryimage\"},\"image\":{\"@id\":\"https:\\\/\\\/www.vagadeempregorj.com.br\\\/como-participar-do-programa-desenrola-brasil-veja-o-passo-a-passo\\\/#primaryimage\"},\"thumbnailUrl\":\"https:\\\/\\\/www.vagadeempregorj.com.br\\\/wp-content\\\/uploads\\\/2023\\\/08\\\/photo-1588286492514-ddb61b527086.jpeg\",\"datePublished\":\"2023-08-15T02:06:02+00:00\",\"dateModified\":\"2023-08-15T02:06:04+00:00\",\"author\":{\"@id\":\"https:\\\/\\\/www.vagadeempregorj.com.br\\\/#\\\/schema\\\/person\\\/3ddb19fa0539706786e502152f3aae95\"},\"description\":\"Veja em Vagas de Emprego RJ as vagas de emprego com e sem experi\u00eancia no seu Estado e Regi\u00e3o!\",\"breadcrumb\":{\"@id\":\"https:\\\/\\\/www.vagadeempregorj.com.br\\\/como-participar-do-programa-desenrola-brasil-veja-o-passo-a-passo\\\/#breadcrumb\"},\"inLanguage\":\"fr-FR\",\"potentialAction\":[{\"@type\":\"ReadAction\",\"target\":[\"https:\\\/\\\/www.vagadeempregorj.com.br\\\/como-participar-do-programa-desenrola-brasil-veja-o-passo-a-passo\\\/\"]}]},{\"@type\":\"ImageObject\",\"inLanguage\":\"fr-FR\",\"@id\":\"https:\\\/\\\/www.vagadeempregorj.com.br\\\/como-participar-do-programa-desenrola-brasil-veja-o-passo-a-passo\\\/#primaryimage\",\"url\":\"https:\\\/\\\/www.vagadeempregorj.com.br\\\/wp-content\\\/uploads\\\/2023\\\/08\\\/photo-1588286492514-ddb61b527086.jpeg\",\"contentUrl\":\"https:\\\/\\\/www.vagadeempregorj.com.br\\\/wp-content\\\/uploads\\\/2023\\\/08\\\/photo-1588286492514-ddb61b527086.jpeg\",\"width\":1080,\"height\":720},{\"@type\":\"BreadcrumbList\",\"@id\":\"https:\\\/\\\/www.vagadeempregorj.com.br\\\/como-participar-do-programa-desenrola-brasil-veja-o-passo-a-passo\\\/#breadcrumb\",\"itemListElement\":[{\"@type\":\"ListItem\",\"position\":1,\"name\":\"In\u00edcio\",\"item\":\"https:\\\/\\\/www.vagadeempregorj.com.br\\\/\"},{\"@type\":\"ListItem\",\"position\":2,\"name\":\"Benef\u00edcios Sociais\",\"item\":\"https:\\\/\\\/www.vagadeempregorj.com.br\\\/beneficios-sociais\\\/\"},{\"@type\":\"ListItem\",\"position\":3,\"name\":\"Como participar do Programa Desenrola Brasil: Veja o passo-a-passo\"}]},{\"@type\":\"WebSite\",\"@id\":\"https:\\\/\\\/www.vagadeempregorj.com.br\\\/#website\",\"url\":\"https:\\\/\\\/www.vagadeempregorj.com.br\\\/\",\"name\":\"\",\"description\":\"Conquiste Sonhos: Vagas, Benef\u00edcios e Economia para Transformar Vidas e Alcan\u00e7ar Melhorias Cotidianas\",\"potentialAction\":[{\"@type\":\"SearchAction\",\"target\":{\"@type\":\"EntryPoint\",\"urlTemplate\":\"https:\\\/\\\/www.vagadeempregorj.com.br\\\/?s={search_term_string}\"},\"query-input\":{\"@type\":\"PropertyValueSpecification\",\"valueRequired\":true,\"valueName\":\"search_term_string\"}}],\"inLanguage\":\"fr-FR\"},{\"@type\":\"Person\",\"@id\":\"https:\\\/\\\/www.vagadeempregorj.com.br\\\/#\\\/schema\\\/person\\\/3ddb19fa0539706786e502152f3aae95\",\"name\":\"Michele\",\"image\":{\"@type\":\"ImageObject\",\"inLanguage\":\"fr-FR\",\"@id\":\"https:\\\/\\\/secure.gravatar.com\\\/avatar\\\/6b0eb9d22841282815e2cd856a0061c45e1761cd54b22e952d98c4746939aa85?s=96&r=g\",\"url\":\"https:\\\/\\\/secure.gravatar.com\\\/avatar\\\/6b0eb9d22841282815e2cd856a0061c45e1761cd54b22e952d98c4746939aa85?s=96&r=g\",\"contentUrl\":\"https:\\\/\\\/secure.gravatar.com\\\/avatar\\\/6b0eb9d22841282815e2cd856a0061c45e1761cd54b22e952d98c4746939aa85?s=96&r=g\",\"caption\":\"Michele\"},\"description\":\"Formada em Letras - Portugu\u00eas\\\/ Ingl\u00eas, e idealizadora do site Escritora de Sucesso, busca expandir o conhecimento de todos com informa\u00e7\u00f5es relevantes sobre diversos assuntos, enquanto redatora. No Vaga de Emprego RJ, traz oportunidades e dicas sobre o mercado de trabalho.\",\"url\":\"https:\\\/\\\/www.vagadeempregorj.com.br\\\/fr\\\/author\\\/michele\\\/\"}]}<\/script>\n<!-- \/ Yoast SEO plugin. -->","yoast_head_json":{"title":"Como participar do Programa Desenrola Brasil: Veja o passo-a-passo -","description":"Veja em Vagas de Emprego RJ as vagas de emprego com e sem experi\u00eancia no seu Estado e Regi\u00e3o!","robots":{"index":"index","follow":"follow","max-snippet":"max-snippet:-1","max-image-preview":"max-image-preview:large","max-video-preview":"max-video-preview:-1"},"canonical":"https:\/\/www.vagadeempregorj.com.br\/fr\/como-participar-do-programa-desenrola-brasil-veja-o-passo-a-passo\/","og_locale":"fr_FR","og_type":"article","og_title":"Como participar do Programa Desenrola Brasil: Veja o passo-a-passo -","og_description":"Veja em Vagas de Emprego RJ as vagas de emprego com e sem experi\u00eancia no seu Estado e Regi\u00e3o!","og_url":"https:\/\/www.vagadeempregorj.com.br\/fr\/como-participar-do-programa-desenrola-brasil-veja-o-passo-a-passo\/","article_publisher":"https:\/\/www.facebook.com\/empregobrasiloficial","article_published_time":"2023-08-15T02:06:02+00:00","article_modified_time":"2023-08-15T02:06:04+00:00","og_image":[{"width":1080,"height":720,"url":"https:\/\/www.vagadeempregorj.com.br\/wp-content\/uploads\/2023\/08\/photo-1588286492514-ddb61b527086.jpeg","type":"image\/jpeg"}],"author":"Michele","twitter_card":"summary_large_image","twitter_misc":{"Written by":"Michele","Est. reading time":"11 minutes"},"schema":{"@context":"https:\/\/schema.org","@graph":[{"@type":"Article","@id":"https:\/\/www.vagadeempregorj.com.br\/como-participar-do-programa-desenrola-brasil-veja-o-passo-a-passo\/#article","isPartOf":{"@id":"https:\/\/www.vagadeempregorj.com.br\/como-participar-do-programa-desenrola-brasil-veja-o-passo-a-passo\/"},"author":{"name":"Michele","@id":"https:\/\/www.vagadeempregorj.com.br\/#\/schema\/person\/3ddb19fa0539706786e502152f3aae95"},"headline":"Como participar do Programa Desenrola Brasil: Veja o passo-a-passo","datePublished":"2023-08-15T02:06:02+00:00","dateModified":"2023-08-15T02:06:04+00:00","mainEntityOfPage":{"@id":"https:\/\/www.vagadeempregorj.com.br\/como-participar-do-programa-desenrola-brasil-veja-o-passo-a-passo\/"},"wordCount":2133,"image":{"@id":"https:\/\/www.vagadeempregorj.com.br\/como-participar-do-programa-desenrola-brasil-veja-o-passo-a-passo\/#primaryimage"},"thumbnailUrl":"https:\/\/www.vagadeempregorj.com.br\/wp-content\/uploads\/2023\/08\/photo-1588286492514-ddb61b527086.jpeg","keywords":["desenrola brasil","limpa nome","oportunidades"],"articleSection":["Benef\u00edcios Sociais"],"inLanguage":"fr-FR"},{"@type":"WebPage","@id":"https:\/\/www.vagadeempregorj.com.br\/como-participar-do-programa-desenrola-brasil-veja-o-passo-a-passo\/","url":"https:\/\/www.vagadeempregorj.com.br\/como-participar-do-programa-desenrola-brasil-veja-o-passo-a-passo\/","name":"Como participar do Programa Desenrola Brasil: Veja o passo-a-passo -","isPartOf":{"@id":"https:\/\/www.vagadeempregorj.com.br\/#website"},"primaryImageOfPage":{"@id":"https:\/\/www.vagadeempregorj.com.br\/como-participar-do-programa-desenrola-brasil-veja-o-passo-a-passo\/#primaryimage"},"image":{"@id":"https:\/\/www.vagadeempregorj.com.br\/como-participar-do-programa-desenrola-brasil-veja-o-passo-a-passo\/#primaryimage"},"thumbnailUrl":"https:\/\/www.vagadeempregorj.com.br\/wp-content\/uploads\/2023\/08\/photo-1588286492514-ddb61b527086.jpeg","datePublished":"2023-08-15T02:06:02+00:00","dateModified":"2023-08-15T02:06:04+00:00","author":{"@id":"https:\/\/www.vagadeempregorj.com.br\/#\/schema\/person\/3ddb19fa0539706786e502152f3aae95"},"description":"Veja em Vagas de Emprego RJ as vagas de emprego com e sem experi\u00eancia no seu Estado e Regi\u00e3o!","breadcrumb":{"@id":"https:\/\/www.vagadeempregorj.com.br\/como-participar-do-programa-desenrola-brasil-veja-o-passo-a-passo\/#breadcrumb"},"inLanguage":"fr-FR","potentialAction":[{"@type":"ReadAction","target":["https:\/\/www.vagadeempregorj.com.br\/como-participar-do-programa-desenrola-brasil-veja-o-passo-a-passo\/"]}]},{"@type":"ImageObject","inLanguage":"fr-FR","@id":"https:\/\/www.vagadeempregorj.com.br\/como-participar-do-programa-desenrola-brasil-veja-o-passo-a-passo\/#primaryimage","url":"https:\/\/www.vagadeempregorj.com.br\/wp-content\/uploads\/2023\/08\/photo-1588286492514-ddb61b527086.jpeg","contentUrl":"https:\/\/www.vagadeempregorj.com.br\/wp-content\/uploads\/2023\/08\/photo-1588286492514-ddb61b527086.jpeg","width":1080,"height":720},{"@type":"BreadcrumbList","@id":"https:\/\/www.vagadeempregorj.com.br\/como-participar-do-programa-desenrola-brasil-veja-o-passo-a-passo\/#breadcrumb","itemListElement":[{"@type":"ListItem","position":1,"name":"In\u00edcio","item":"https:\/\/www.vagadeempregorj.com.br\/"},{"@type":"ListItem","position":2,"name":"Benef\u00edcios Sociais","item":"https:\/\/www.vagadeempregorj.com.br\/beneficios-sociais\/"},{"@type":"ListItem","position":3,"name":"Como participar do Programa Desenrola Brasil: Veja o passo-a-passo"}]},{"@type":"WebSite","@id":"https:\/\/www.vagadeempregorj.com.br\/#website","url":"https:\/\/www.vagadeempregorj.com.br\/","name":"","description":"Conquiste Sonhos: Vagas, Benef\u00edcios e Economia para Transformar Vidas e Alcan\u00e7ar Melhorias Cotidianas","potentialAction":[{"@type":"SearchAction","target":{"@type":"EntryPoint","urlTemplate":"https:\/\/www.vagadeempregorj.com.br\/?s={search_term_string}"},"query-input":{"@type":"PropertyValueSpecification","valueRequired":true,"valueName":"search_term_string"}}],"inLanguage":"fr-FR"},{"@type":"Person","@id":"https:\/\/www.vagadeempregorj.com.br\/#\/schema\/person\/3ddb19fa0539706786e502152f3aae95","name":"Michele","image":{"@type":"ImageObject","inLanguage":"fr-FR","@id":"https:\/\/secure.gravatar.com\/avatar\/6b0eb9d22841282815e2cd856a0061c45e1761cd54b22e952d98c4746939aa85?s=96&r=g","url":"https:\/\/secure.gravatar.com\/avatar\/6b0eb9d22841282815e2cd856a0061c45e1761cd54b22e952d98c4746939aa85?s=96&r=g","contentUrl":"https:\/\/secure.gravatar.com\/avatar\/6b0eb9d22841282815e2cd856a0061c45e1761cd54b22e952d98c4746939aa85?s=96&r=g","caption":"Michele"},"description":"Formada em Letras - Portugu\u00eas\/ Ingl\u00eas, e idealizadora do site Escritora de Sucesso, busca expandir o conhecimento de todos com informa\u00e7\u00f5es relevantes sobre diversos assuntos, enquanto redatora. No Vaga de Emprego RJ, traz oportunidades e dicas sobre o mercado de trabalho.","url":"https:\/\/www.vagadeempregorj.com.br\/fr\/author\/michele\/"}]}},"_links":{"self":[{"href":"https:\/\/www.vagadeempregorj.com.br\/fr\/wp-json\/wp\/v2\/posts\/38879","targetHints":{"allow":["GET"]}}],"collection":[{"href":"https:\/\/www.vagadeempregorj.com.br\/fr\/wp-json\/wp\/v2\/posts"}],"about":[{"href":"https:\/\/www.vagadeempregorj.com.br\/fr\/wp-json\/wp\/v2\/types\/post"}],"author":[{"embeddable":true,"href":"https:\/\/www.vagadeempregorj.com.br\/fr\/wp-json\/wp\/v2\/users\/16"}],"replies":[{"embeddable":true,"href":"https:\/\/www.vagadeempregorj.com.br\/fr\/wp-json\/wp\/v2\/comments?post=38879"}],"version-history":[{"count":0,"href":"https:\/\/www.vagadeempregorj.com.br\/fr\/wp-json\/wp\/v2\/posts\/38879\/revisions"}],"wp:featuredmedia":[{"embeddable":true,"href":"https:\/\/www.vagadeempregorj.com.br\/fr\/wp-json\/wp\/v2\/media\/38877"}],"wp:attachment":[{"href":"https:\/\/www.vagadeempregorj.com.br\/fr\/wp-json\/wp\/v2\/media?parent=38879"}],"wp:term":[{"taxonomy":"category","embeddable":true,"href":"https:\/\/www.vagadeempregorj.com.br\/fr\/wp-json\/wp\/v2\/categories?post=38879"},{"taxonomy":"post_tag","embeddable":true,"href":"https:\/\/www.vagadeempregorj.com.br\/fr\/wp-json\/wp\/v2\/tags?post=38879"}],"curies":[{"name":"wp","href":"https:\/\/api.w.org\/{rel}","templated":true}]}}