{"id":39059,"date":"2023-10-10T00:01:00","date_gmt":"2023-10-10T03:01:00","guid":{"rendered":"https:\/\/www.vagadeempregorj.com.br\/?p=39059"},"modified":"2023-09-27T21:47:03","modified_gmt":"2023-09-28T00:47:03","slug":"cadastro-unico-nao-foi-possivel-listar-perfis-para-este-usuario-entenda-a-mensagem","status":"publish","type":"post","link":"https:\/\/www.vagadeempregorj.com.br\/fr\/cadastro-unico-nao-foi-possivel-listar-perfis-para-este-usuario-entenda-a-mensagem\/","title":{"rendered":"Cadastro \u00fanico n\u00e3o foi poss\u00edvel listar perfis para este usu\u00e1rio; entenda a mensagem"},"content":{"rendered":"<p>O <strong>Cadastro \u00danico<\/strong> \u00e9 um programa do governo brasileiro que tem como objetivo cadastrar fam\u00edlias de baixa renda, a fim de proporcionar acesso a diversos programas sociais e benef\u00edcios, como o Bolsa Fam\u00edlia, o Benef\u00edcio de Presta\u00e7\u00e3o Continuada (BPC) e muitos outros. Este sistema desempenha um papel crucial na assist\u00eancia social do pa\u00eds, facilitando o acesso a recursos para aqueles que mais necessitam.&nbsp;<\/p>\n\n\n\n<p>No entanto, muitas vezes, os benefici\u00e1rios podem se deparar com mensagens de erro, como &#8220;N\u00e3o Foi Poss\u00edvel Listar Perfis para Este Usu\u00e1rio&#8221;. Mas o que essa mensagem significa? E o que voc\u00ea deve fazer quando a encontra? Neste artigo, vamos esclarecer tudo isso e ajud\u00e1-lo a entender melhor o processo do Cadastro \u00danico.<\/p>\n\n\n\n<h2 class=\"wp-block-heading\">O Que Significa a Mensagem &#8220;N\u00e3o Foi Poss\u00edvel Listar Perfis para Este Usu\u00e1rio&#8221;?<\/h2>\n\n\n\n<p>Quando voc\u00ea tenta acessar o Cadastro \u00danico, seja para realizar alguma consulta ou atualiza\u00e7\u00e3o cadastral, pode se deparar com a mensagem de erro &#8220;N\u00e3o Foi Poss\u00edvel Listar Perfis para Este Usu\u00e1rio&#8221;. Essa mensagem geralmente indica que h\u00e1 algum problema na identifica\u00e7\u00e3o do usu\u00e1rio no sistema. Para entender melhor essa situa\u00e7\u00e3o, \u00e9 importante conhecer alguns dos fatores que podem levar a essa mensagem:<\/p>\n\n\n\n<figure class=\"wp-block-image size-full\"><img loading=\"lazy\" decoding=\"async\" width=\"1024\" height=\"1024\" src=\"https:\/\/www.vagadeempregorj.com.br\/wp-content\/uploads\/2023\/09\/image-16.png\" alt=\"\" class=\"wp-image-39060\" srcset=\"https:\/\/www.vagadeempregorj.com.br\/wp-content\/uploads\/2023\/09\/image-16.png 1024w, https:\/\/www.vagadeempregorj.com.br\/wp-content\/uploads\/2023\/09\/image-16-300x300.png 300w, https:\/\/www.vagadeempregorj.com.br\/wp-content\/uploads\/2023\/09\/image-16-150x150.png 150w, https:\/\/www.vagadeempregorj.com.br\/wp-content\/uploads\/2023\/09\/image-16-768x768.png 768w, https:\/\/www.vagadeempregorj.com.br\/wp-content\/uploads\/2023\/09\/image-16-96x96.png 96w\" sizes=\"auto, (max-width: 1024px) 100vw, 1024px\" \/><\/figure>\n\n\n\n<h3 class=\"wp-block-heading\">1. Dados Desatualizados<\/h3>\n\n\n\n<p>Uma das raz\u00f5es mais comuns para essa mensagem de erro \u00e9 a falta de atualiza\u00e7\u00e3o dos dados cadastrais. As informa\u00e7\u00f5es no Cadastro \u00danico precisam estar sempre atualizadas, pois qualquer inconsist\u00eancia pode impedir o acesso aos benef\u00edcios. Certifique-se de que todos os dados, como endere\u00e7o, composi\u00e7\u00e3o familiar e renda, estejam corretos e atualizados.<\/p>\n\n\n\n<h3 class=\"wp-block-heading\">2. N\u00famero de NIS Incorreto<\/h3>\n\n\n\n<p>O N\u00famero de Identifica\u00e7\u00e3o Social (NIS) \u00e9 uma informa\u00e7\u00e3o fundamental para acessar os benef\u00edcios sociais. Certifique-se de que voc\u00ea est\u00e1 inserindo o NIS correto ao tentar acessar o sistema. Qualquer erro na digita\u00e7\u00e3o desse n\u00famero pode resultar na mensagem de erro.<\/p>\n\n\n\n<h3 class=\"wp-block-heading\">3. Problemas T\u00e9cnicos<\/h3>\n\n\n\n<p>\u00c0s vezes, a mensagem &#8220;N\u00e3o Foi Poss\u00edvel Listar Perfis para Este Usu\u00e1rio&#8221; pode ser causada por problemas t\u00e9cnicos no sistema. Nesse caso, a solu\u00e7\u00e3o geralmente envolve aguardar um pouco e tentar novamente mais tarde. Se o problema persistir, \u00e9 recomend\u00e1vel entrar em contato com o suporte t\u00e9cnico do Cadastro \u00danico.<\/p>\n\n\n\n<h3 class=\"wp-block-heading\">4. Suspens\u00e3o ou Cancelamento do Cadastro<\/h3>\n\n\n\n<p>Outra possibilidade \u00e9 que o seu cadastro tenha sido suspenso ou cancelado por algum motivo. Isso pode ocorrer se houver irregularidades identificadas nas informa\u00e7\u00f5es fornecidas ou se voc\u00ea n\u00e3o atender aos crit\u00e9rios necess\u00e1rios para a manuten\u00e7\u00e3o do cadastro. Nesse caso, \u00e9 importante entrar em contato com o \u00f3rg\u00e3o respons\u00e1vel para esclarecer a situa\u00e7\u00e3o e tomar as medidas necess\u00e1rias.<\/p>\n\n\n\n<h2 class=\"wp-block-heading\">O que fazer quando houver problemas no Cadastro \u00danico?<\/h2>\n\n\n\n<p>Quando voc\u00ea enfrentar problemas com o Cadastro \u00danico, \u00e9 importante tomar algumas medidas para resolver a situa\u00e7\u00e3o e garantir que voc\u00ea continue tendo acesso aos benef\u00edcios sociais a que tem direito. Aqui est\u00e3o as a\u00e7\u00f5es que voc\u00ea pode tomar quando houver problemas com o Cadastro \u00danico:<\/p>\n\n\n\n<h3 class=\"wp-block-heading\">Verifique os Dados Cadastrais<\/h3>\n\n\n\n<p>O primeiro passo \u00e9 verificar se todas as informa\u00e7\u00f5es no seu cadastro est\u00e3o atualizadas e corretas. Isso inclui detalhes como endere\u00e7o, composi\u00e7\u00e3o familiar, renda e outros dados relevantes. Se houver informa\u00e7\u00f5es desatualizadas ou incorretas, fa\u00e7a as devidas corre\u00e7\u00f5es.<\/p>\n\n\n\n<h3 class=\"wp-block-heading\">Confira o NIS (N\u00famero de Identifica\u00e7\u00e3o Social)<\/h3>\n\n\n\n<p>Certifique-se de que voc\u00ea digitou o NIS corretamente ao tentar acessar o sistema. Qualquer erro na digita\u00e7\u00e3o desse n\u00famero pode resultar em problemas de acesso.<\/p>\n\n\n\n<h3 class=\"wp-block-heading\">Aguarde e Tente Novamente<\/h3>\n\n\n\n<p>\u00c0s vezes, problemas de acesso ao Cadastro \u00danico podem ser tempor\u00e1rios e relacionados a quest\u00f5es t\u00e9cnicas. Se voc\u00ea receber uma mensagem de erro, aguarde um pouco e tente acessar o sistema novamente mais tarde. Problemas t\u00e9cnicos podem ser resolvidos rapidamente pelas equipes de suporte.<\/p>\n\n\n\n<h3 class=\"wp-block-heading\">Contate o Suporte T\u00e9cnico<\/h3>\n\n\n\n<p>Se o problema persistir e voc\u00ea n\u00e3o conseguir resolver por conta pr\u00f3pria, entre em contato com o suporte t\u00e9cnico do Cadastro \u00danico. Eles podem fornecer assist\u00eancia, orienta\u00e7\u00e3o e solu\u00e7\u00f5es para problemas t\u00e9cnicos mais complexos. Geralmente, h\u00e1 um telefone de contato ou um canal de atendimento dispon\u00edvel para essas situa\u00e7\u00f5es.<\/p>\n\n\n\n<h3 class=\"wp-block-heading\">Verifique a Situa\u00e7\u00e3o do Cadastro<\/h3>\n\n\n\n<p>Se voc\u00ea suspeita que seu cadastro possa estar suspenso ou cancelado, entre em contato com o \u00f3rg\u00e3o respons\u00e1vel pelo Cadastro \u00danico para verificar a situa\u00e7\u00e3o. Eles podem informar o motivo da suspens\u00e3o ou cancelamento e orientar sobre as medidas necess\u00e1rias para regularizar seu cadastro, se for o caso.<\/p>\n\n\n\n<h3 class=\"wp-block-heading\">Mantenha-se Atualizado<\/h3>\n\n\n\n<p>Esteja atento \u00e0s atualiza\u00e7\u00f5es e prazos relacionados ao Cadastro \u00danico e aos programas sociais. Isso inclui a renova\u00e7\u00e3o peri\u00f3dica do cadastro, que \u00e9 necess\u00e1ria para manter a elegibilidade aos benef\u00edcios. Fique informado sobre as regras e requisitos dos programas sociais em que voc\u00ea est\u00e1 inscrito.<\/p>\n\n\n\n<h3 class=\"wp-block-heading\">Busque Ajuda de \u00d3rg\u00e3os de Assist\u00eancia Social<\/h3>\n\n\n\n<p>Se voc\u00ea enfrentar dificuldades para resolver problemas com o Cadastro \u00danico, pode buscar ajuda em \u00f3rg\u00e3os de assist\u00eancia social, como os Centros de Refer\u00eancia de Assist\u00eancia Social (CRAS) ou os Centros de Refer\u00eancia Especializados de Assist\u00eancia Social (CREAS). Eles podem fornecer orienta\u00e7\u00e3o e suporte em quest\u00f5es relacionadas a benef\u00edcios sociais.<\/p>\n\n\n\n<h2 class=\"wp-block-heading\">O Que Fazer Quando Encontrar Essa Mensagem?<\/h2>\n\n\n\n<p>Se voc\u00ea se deparar com a mensagem &#8220;N\u00e3o Foi Poss\u00edvel Listar Perfis para Este Usu\u00e1rio&#8221; ao acessar o Cadastro \u00danico, siga estas etapas para resolver o problema:<\/p>\n\n\n\n<ul class=\"wp-block-list\">\n<li><strong>Verifique os Dados Cadastrais:<\/strong> Certifique-se de que todas as informa\u00e7\u00f5es no seu cadastro est\u00e3o atualizadas e corretas. Se necess\u00e1rio, fa\u00e7a as devidas corre\u00e7\u00f5es.<\/li>\n\n\n\n<li><strong>Confira o NIS: <\/strong>Verifique se voc\u00ea digitou corretamente o seu N\u00famero de Identifica\u00e7\u00e3o Social (NIS). Qualquer erro nessa informa\u00e7\u00e3o pode resultar em problemas de acesso.<\/li>\n\n\n\n<li><strong>Aguarde e Tente Novamente:<\/strong> Se o problema for causado por quest\u00f5es t\u00e9cnicas tempor\u00e1rias, aguarde um pouco e tente acessar o sistema novamente mais tarde.<\/li>\n\n\n\n<li>Contate o Suporte T\u00e9cnico: Se as tentativas anteriores n\u00e3o resolverem o problema, entre em contato com o suporte t\u00e9cnico do Cadastro \u00danico para obter assist\u00eancia adicional.<\/li>\n\n\n\n<li><strong>Verifique a Situa\u00e7\u00e3o do Cadastro: <\/strong>Se voc\u00ea suspeita que seu cadastro possa estar suspenso ou cancelado, entre em contato com o \u00f3rg\u00e3o respons\u00e1vel para verificar a situa\u00e7\u00e3o e tomar as medidas necess\u00e1rias para regulariz\u00e1-lo.<\/li>\n<\/ul>\n\n\n\n<p>Lembrando que o Cadastro \u00danico \u00e9 uma ferramenta fundamental para o acesso a diversos benef\u00edcios sociais, por isso \u00e9 importante garantir que suas informa\u00e7\u00f5es estejam sempre atualizadas e corretas. A mensagem de erro &#8220;N\u00e3o Foi Poss\u00edvel Listar Perfis para Este Usu\u00e1rio&#8221; pode ser resolvida com as a\u00e7\u00f5es adequadas e o devido cuidado na manuten\u00e7\u00e3o de seu cadastro.<\/p>\n\n\n\n<p>Em resumo, ao encontrar essa mensagem, n\u00e3o entre em p\u00e2nico. Siga os passos mencionados acima para identificar e resolver o problema, garantindo assim que voc\u00ea continue tendo acesso aos benef\u00edcios sociais a que tem direito por meio do Cadastro \u00danico.<\/p>\n\n\n\n<p><strong>Veja tamb\u00e9m: <a href=\"https:\/\/www.vagadeempregorj.com.br\/fr\/e-possivel-utilizar-o-fgts-para-compra-de-terreno-veja-a-resposta\/\">\u00c9 poss\u00edvel utilizar o FGTS para compra de terreno? Veja a resposta<\/a><\/strong><\/p>\n\n\n\n<p>10 de outubro de 2023<\/p>","protected":false},"excerpt":{"rendered":"<p>O Cadastro \u00danico \u00e9 um programa do governo brasileiro que tem como objetivo cadastrar fam\u00edlias de baixa renda, a fim de proporcionar acesso a diversos programas sociais e benef\u00edcios, como o Bolsa Fam\u00edlia, o Benef\u00edcio de Presta\u00e7\u00e3o Continuada (BPC) e muitos outros. Este sistema desempenha um papel crucial na assist\u00eancia social do pa\u00eds, facilitando o&hellip;&nbsp;<\/p>","protected":false},"author":16,"featured_media":39060,"comment_status":"closed","ping_status":"closed","sticky":false,"template":"","format":"standard","meta":{"neve_meta_sidebar":"","neve_meta_container":"","neve_meta_enable_content_width":"","neve_meta_content_width":0,"neve_meta_title_alignment":"","neve_meta_author_avatar":"","neve_post_elements_order":"","neve_meta_disable_header":"","neve_meta_disable_footer":"","neve_meta_disable_title":"","footnotes":""},"categories":[1],"tags":[],"class_list":["post-39059","post","type-post","status-publish","format-standard","has-post-thumbnail","hentry","category-beneficios-sociais"],"yoast_head":"<!-- This site is optimized with the Yoast SEO plugin v27.5 - https:\/\/yoast.com\/product\/yoast-seo-wordpress\/ -->\n<title>Cadastro \u00fanico n\u00e3o foi poss\u00edvel listar perfis para este usu\u00e1rio; entenda a mensagem -<\/title>\n<meta name=\"description\" content=\"Veja em Vagas de Emprego RJ as vagas de emprego com e sem experi\u00eancia no seu Estado e Regi\u00e3o!\" \/>\n<meta name=\"robots\" content=\"index, follow, max-snippet:-1, max-image-preview:large, max-video-preview:-1\" \/>\n<link rel=\"canonical\" href=\"https:\/\/www.vagadeempregorj.com.br\/fr\/cadastro-unico-nao-foi-possivel-listar-perfis-para-este-usuario-entenda-a-mensagem\/\" \/>\n<meta property=\"og:locale\" content=\"fr_FR\" \/>\n<meta property=\"og:type\" content=\"article\" \/>\n<meta property=\"og:title\" content=\"Cadastro \u00fanico n\u00e3o foi poss\u00edvel listar perfis para este usu\u00e1rio; entenda a mensagem -\" \/>\n<meta property=\"og:description\" content=\"Veja em Vagas de Emprego RJ as vagas de emprego com e sem experi\u00eancia no seu Estado e Regi\u00e3o!\" \/>\n<meta property=\"og:url\" content=\"https:\/\/www.vagadeempregorj.com.br\/fr\/cadastro-unico-nao-foi-possivel-listar-perfis-para-este-usuario-entenda-a-mensagem\/\" \/>\n<meta property=\"article:publisher\" content=\"https:\/\/www.facebook.com\/empregobrasiloficial\" \/>\n<meta property=\"article:published_time\" content=\"2023-10-10T03:01:00+00:00\" \/>\n<meta property=\"og:image\" content=\"https:\/\/www.vagadeempregorj.com.br\/wp-content\/uploads\/2023\/09\/image-16.png\" \/>\n\t<meta property=\"og:image:width\" content=\"1024\" \/>\n\t<meta property=\"og:image:height\" content=\"1024\" \/>\n\t<meta property=\"og:image:type\" content=\"image\/png\" \/>\n<meta name=\"author\" content=\"Michele\" \/>\n<meta name=\"twitter:card\" content=\"summary_large_image\" \/>\n<meta name=\"twitter:label1\" content=\"Written by\" \/>\n\t<meta name=\"twitter:data1\" content=\"Michele\" \/>\n\t<meta name=\"twitter:label2\" content=\"Est. reading time\" \/>\n\t<meta name=\"twitter:data2\" content=\"6 minutes\" \/>\n<script type=\"application\/ld+json\" class=\"yoast-schema-graph\">{\"@context\":\"https:\\\/\\\/schema.org\",\"@graph\":[{\"@type\":\"Article\",\"@id\":\"https:\\\/\\\/www.vagadeempregorj.com.br\\\/cadastro-unico-nao-foi-possivel-listar-perfis-para-este-usuario-entenda-a-mensagem\\\/#article\",\"isPartOf\":{\"@id\":\"https:\\\/\\\/www.vagadeempregorj.com.br\\\/cadastro-unico-nao-foi-possivel-listar-perfis-para-este-usuario-entenda-a-mensagem\\\/\"},\"author\":{\"name\":\"Michele\",\"@id\":\"https:\\\/\\\/www.vagadeempregorj.com.br\\\/#\\\/schema\\\/person\\\/3ddb19fa0539706786e502152f3aae95\"},\"headline\":\"Cadastro \u00fanico n\u00e3o foi poss\u00edvel listar perfis para este usu\u00e1rio; entenda a mensagem\",\"datePublished\":\"2023-10-10T03:01:00+00:00\",\"mainEntityOfPage\":{\"@id\":\"https:\\\/\\\/www.vagadeempregorj.com.br\\\/cadastro-unico-nao-foi-possivel-listar-perfis-para-este-usuario-entenda-a-mensagem\\\/\"},\"wordCount\":1217,\"image\":{\"@id\":\"https:\\\/\\\/www.vagadeempregorj.com.br\\\/cadastro-unico-nao-foi-possivel-listar-perfis-para-este-usuario-entenda-a-mensagem\\\/#primaryimage\"},\"thumbnailUrl\":\"https:\\\/\\\/www.vagadeempregorj.com.br\\\/wp-content\\\/uploads\\\/2023\\\/09\\\/image-16.png\",\"articleSection\":[\"Benef\u00edcios Sociais\"],\"inLanguage\":\"fr-FR\"},{\"@type\":\"WebPage\",\"@id\":\"https:\\\/\\\/www.vagadeempregorj.com.br\\\/cadastro-unico-nao-foi-possivel-listar-perfis-para-este-usuario-entenda-a-mensagem\\\/\",\"url\":\"https:\\\/\\\/www.vagadeempregorj.com.br\\\/cadastro-unico-nao-foi-possivel-listar-perfis-para-este-usuario-entenda-a-mensagem\\\/\",\"name\":\"Cadastro \u00fanico n\u00e3o foi poss\u00edvel listar perfis para este usu\u00e1rio; entenda a mensagem -\",\"isPartOf\":{\"@id\":\"https:\\\/\\\/www.vagadeempregorj.com.br\\\/#website\"},\"primaryImageOfPage\":{\"@id\":\"https:\\\/\\\/www.vagadeempregorj.com.br\\\/cadastro-unico-nao-foi-possivel-listar-perfis-para-este-usuario-entenda-a-mensagem\\\/#primaryimage\"},\"image\":{\"@id\":\"https:\\\/\\\/www.vagadeempregorj.com.br\\\/cadastro-unico-nao-foi-possivel-listar-perfis-para-este-usuario-entenda-a-mensagem\\\/#primaryimage\"},\"thumbnailUrl\":\"https:\\\/\\\/www.vagadeempregorj.com.br\\\/wp-content\\\/uploads\\\/2023\\\/09\\\/image-16.png\",\"datePublished\":\"2023-10-10T03:01:00+00:00\",\"author\":{\"@id\":\"https:\\\/\\\/www.vagadeempregorj.com.br\\\/#\\\/schema\\\/person\\\/3ddb19fa0539706786e502152f3aae95\"},\"description\":\"Veja em Vagas de Emprego RJ as vagas de emprego com e sem experi\u00eancia no seu Estado e Regi\u00e3o!\",\"breadcrumb\":{\"@id\":\"https:\\\/\\\/www.vagadeempregorj.com.br\\\/cadastro-unico-nao-foi-possivel-listar-perfis-para-este-usuario-entenda-a-mensagem\\\/#breadcrumb\"},\"inLanguage\":\"fr-FR\",\"potentialAction\":[{\"@type\":\"ReadAction\",\"target\":[\"https:\\\/\\\/www.vagadeempregorj.com.br\\\/cadastro-unico-nao-foi-possivel-listar-perfis-para-este-usuario-entenda-a-mensagem\\\/\"]}]},{\"@type\":\"ImageObject\",\"inLanguage\":\"fr-FR\",\"@id\":\"https:\\\/\\\/www.vagadeempregorj.com.br\\\/cadastro-unico-nao-foi-possivel-listar-perfis-para-este-usuario-entenda-a-mensagem\\\/#primaryimage\",\"url\":\"https:\\\/\\\/www.vagadeempregorj.com.br\\\/wp-content\\\/uploads\\\/2023\\\/09\\\/image-16.png\",\"contentUrl\":\"https:\\\/\\\/www.vagadeempregorj.com.br\\\/wp-content\\\/uploads\\\/2023\\\/09\\\/image-16.png\",\"width\":1024,\"height\":1024},{\"@type\":\"BreadcrumbList\",\"@id\":\"https:\\\/\\\/www.vagadeempregorj.com.br\\\/cadastro-unico-nao-foi-possivel-listar-perfis-para-este-usuario-entenda-a-mensagem\\\/#breadcrumb\",\"itemListElement\":[{\"@type\":\"ListItem\",\"position\":1,\"name\":\"In\u00edcio\",\"item\":\"https:\\\/\\\/www.vagadeempregorj.com.br\\\/\"},{\"@type\":\"ListItem\",\"position\":2,\"name\":\"Benef\u00edcios Sociais\",\"item\":\"https:\\\/\\\/www.vagadeempregorj.com.br\\\/beneficios-sociais\\\/\"},{\"@type\":\"ListItem\",\"position\":3,\"name\":\"Cadastro \u00fanico n\u00e3o foi poss\u00edvel listar perfis para este usu\u00e1rio; entenda a mensagem\"}]},{\"@type\":\"WebSite\",\"@id\":\"https:\\\/\\\/www.vagadeempregorj.com.br\\\/#website\",\"url\":\"https:\\\/\\\/www.vagadeempregorj.com.br\\\/\",\"name\":\"\",\"description\":\"Conquiste Sonhos: Vagas, Benef\u00edcios e Economia para Transformar Vidas e Alcan\u00e7ar Melhorias Cotidianas\",\"potentialAction\":[{\"@type\":\"SearchAction\",\"target\":{\"@type\":\"EntryPoint\",\"urlTemplate\":\"https:\\\/\\\/www.vagadeempregorj.com.br\\\/?s={search_term_string}\"},\"query-input\":{\"@type\":\"PropertyValueSpecification\",\"valueRequired\":true,\"valueName\":\"search_term_string\"}}],\"inLanguage\":\"fr-FR\"},{\"@type\":\"Person\",\"@id\":\"https:\\\/\\\/www.vagadeempregorj.com.br\\\/#\\\/schema\\\/person\\\/3ddb19fa0539706786e502152f3aae95\",\"name\":\"Michele\",\"image\":{\"@type\":\"ImageObject\",\"inLanguage\":\"fr-FR\",\"@id\":\"https:\\\/\\\/secure.gravatar.com\\\/avatar\\\/6b0eb9d22841282815e2cd856a0061c45e1761cd54b22e952d98c4746939aa85?s=96&r=g\",\"url\":\"https:\\\/\\\/secure.gravatar.com\\\/avatar\\\/6b0eb9d22841282815e2cd856a0061c45e1761cd54b22e952d98c4746939aa85?s=96&r=g\",\"contentUrl\":\"https:\\\/\\\/secure.gravatar.com\\\/avatar\\\/6b0eb9d22841282815e2cd856a0061c45e1761cd54b22e952d98c4746939aa85?s=96&r=g\",\"caption\":\"Michele\"},\"description\":\"Formada em Letras - Portugu\u00eas\\\/ Ingl\u00eas, e idealizadora do site Escritora de Sucesso, busca expandir o conhecimento de todos com informa\u00e7\u00f5es relevantes sobre diversos assuntos, enquanto redatora. No Vaga de Emprego RJ, traz oportunidades e dicas sobre o mercado de trabalho.\",\"url\":\"https:\\\/\\\/www.vagadeempregorj.com.br\\\/fr\\\/author\\\/michele\\\/\"}]}<\/script>\n<!-- \/ Yoast SEO plugin. -->","yoast_head_json":{"title":"Cadastro \u00fanico n\u00e3o foi poss\u00edvel listar perfis para este usu\u00e1rio; entenda a mensagem -","description":"Veja em Vagas de Emprego RJ as vagas de emprego com e sem experi\u00eancia no seu Estado e Regi\u00e3o!","robots":{"index":"index","follow":"follow","max-snippet":"max-snippet:-1","max-image-preview":"max-image-preview:large","max-video-preview":"max-video-preview:-1"},"canonical":"https:\/\/www.vagadeempregorj.com.br\/fr\/cadastro-unico-nao-foi-possivel-listar-perfis-para-este-usuario-entenda-a-mensagem\/","og_locale":"fr_FR","og_type":"article","og_title":"Cadastro \u00fanico n\u00e3o foi poss\u00edvel listar perfis para este usu\u00e1rio; entenda a mensagem -","og_description":"Veja em Vagas de Emprego RJ as vagas de emprego com e sem experi\u00eancia no seu Estado e Regi\u00e3o!","og_url":"https:\/\/www.vagadeempregorj.com.br\/fr\/cadastro-unico-nao-foi-possivel-listar-perfis-para-este-usuario-entenda-a-mensagem\/","article_publisher":"https:\/\/www.facebook.com\/empregobrasiloficial","article_published_time":"2023-10-10T03:01:00+00:00","og_image":[{"width":1024,"height":1024,"url":"https:\/\/www.vagadeempregorj.com.br\/wp-content\/uploads\/2023\/09\/image-16.png","type":"image\/png"}],"author":"Michele","twitter_card":"summary_large_image","twitter_misc":{"Written by":"Michele","Est. reading time":"6 minutes"},"schema":{"@context":"https:\/\/schema.org","@graph":[{"@type":"Article","@id":"https:\/\/www.vagadeempregorj.com.br\/cadastro-unico-nao-foi-possivel-listar-perfis-para-este-usuario-entenda-a-mensagem\/#article","isPartOf":{"@id":"https:\/\/www.vagadeempregorj.com.br\/cadastro-unico-nao-foi-possivel-listar-perfis-para-este-usuario-entenda-a-mensagem\/"},"author":{"name":"Michele","@id":"https:\/\/www.vagadeempregorj.com.br\/#\/schema\/person\/3ddb19fa0539706786e502152f3aae95"},"headline":"Cadastro \u00fanico n\u00e3o foi poss\u00edvel listar perfis para este usu\u00e1rio; entenda a mensagem","datePublished":"2023-10-10T03:01:00+00:00","mainEntityOfPage":{"@id":"https:\/\/www.vagadeempregorj.com.br\/cadastro-unico-nao-foi-possivel-listar-perfis-para-este-usuario-entenda-a-mensagem\/"},"wordCount":1217,"image":{"@id":"https:\/\/www.vagadeempregorj.com.br\/cadastro-unico-nao-foi-possivel-listar-perfis-para-este-usuario-entenda-a-mensagem\/#primaryimage"},"thumbnailUrl":"https:\/\/www.vagadeempregorj.com.br\/wp-content\/uploads\/2023\/09\/image-16.png","articleSection":["Benef\u00edcios Sociais"],"inLanguage":"fr-FR"},{"@type":"WebPage","@id":"https:\/\/www.vagadeempregorj.com.br\/cadastro-unico-nao-foi-possivel-listar-perfis-para-este-usuario-entenda-a-mensagem\/","url":"https:\/\/www.vagadeempregorj.com.br\/cadastro-unico-nao-foi-possivel-listar-perfis-para-este-usuario-entenda-a-mensagem\/","name":"Cadastro \u00fanico n\u00e3o foi poss\u00edvel listar perfis para este usu\u00e1rio; entenda a mensagem -","isPartOf":{"@id":"https:\/\/www.vagadeempregorj.com.br\/#website"},"primaryImageOfPage":{"@id":"https:\/\/www.vagadeempregorj.com.br\/cadastro-unico-nao-foi-possivel-listar-perfis-para-este-usuario-entenda-a-mensagem\/#primaryimage"},"image":{"@id":"https:\/\/www.vagadeempregorj.com.br\/cadastro-unico-nao-foi-possivel-listar-perfis-para-este-usuario-entenda-a-mensagem\/#primaryimage"},"thumbnailUrl":"https:\/\/www.vagadeempregorj.com.br\/wp-content\/uploads\/2023\/09\/image-16.png","datePublished":"2023-10-10T03:01:00+00:00","author":{"@id":"https:\/\/www.vagadeempregorj.com.br\/#\/schema\/person\/3ddb19fa0539706786e502152f3aae95"},"description":"Veja em Vagas de Emprego RJ as vagas de emprego com e sem experi\u00eancia no seu Estado e Regi\u00e3o!","breadcrumb":{"@id":"https:\/\/www.vagadeempregorj.com.br\/cadastro-unico-nao-foi-possivel-listar-perfis-para-este-usuario-entenda-a-mensagem\/#breadcrumb"},"inLanguage":"fr-FR","potentialAction":[{"@type":"ReadAction","target":["https:\/\/www.vagadeempregorj.com.br\/cadastro-unico-nao-foi-possivel-listar-perfis-para-este-usuario-entenda-a-mensagem\/"]}]},{"@type":"ImageObject","inLanguage":"fr-FR","@id":"https:\/\/www.vagadeempregorj.com.br\/cadastro-unico-nao-foi-possivel-listar-perfis-para-este-usuario-entenda-a-mensagem\/#primaryimage","url":"https:\/\/www.vagadeempregorj.com.br\/wp-content\/uploads\/2023\/09\/image-16.png","contentUrl":"https:\/\/www.vagadeempregorj.com.br\/wp-content\/uploads\/2023\/09\/image-16.png","width":1024,"height":1024},{"@type":"BreadcrumbList","@id":"https:\/\/www.vagadeempregorj.com.br\/cadastro-unico-nao-foi-possivel-listar-perfis-para-este-usuario-entenda-a-mensagem\/#breadcrumb","itemListElement":[{"@type":"ListItem","position":1,"name":"In\u00edcio","item":"https:\/\/www.vagadeempregorj.com.br\/"},{"@type":"ListItem","position":2,"name":"Benef\u00edcios Sociais","item":"https:\/\/www.vagadeempregorj.com.br\/beneficios-sociais\/"},{"@type":"ListItem","position":3,"name":"Cadastro \u00fanico n\u00e3o foi poss\u00edvel listar perfis para este usu\u00e1rio; entenda a mensagem"}]},{"@type":"WebSite","@id":"https:\/\/www.vagadeempregorj.com.br\/#website","url":"https:\/\/www.vagadeempregorj.com.br\/","name":"","description":"Conquiste Sonhos: Vagas, Benef\u00edcios e Economia para Transformar Vidas e Alcan\u00e7ar Melhorias Cotidianas","potentialAction":[{"@type":"SearchAction","target":{"@type":"EntryPoint","urlTemplate":"https:\/\/www.vagadeempregorj.com.br\/?s={search_term_string}"},"query-input":{"@type":"PropertyValueSpecification","valueRequired":true,"valueName":"search_term_string"}}],"inLanguage":"fr-FR"},{"@type":"Person","@id":"https:\/\/www.vagadeempregorj.com.br\/#\/schema\/person\/3ddb19fa0539706786e502152f3aae95","name":"Michele","image":{"@type":"ImageObject","inLanguage":"fr-FR","@id":"https:\/\/secure.gravatar.com\/avatar\/6b0eb9d22841282815e2cd856a0061c45e1761cd54b22e952d98c4746939aa85?s=96&r=g","url":"https:\/\/secure.gravatar.com\/avatar\/6b0eb9d22841282815e2cd856a0061c45e1761cd54b22e952d98c4746939aa85?s=96&r=g","contentUrl":"https:\/\/secure.gravatar.com\/avatar\/6b0eb9d22841282815e2cd856a0061c45e1761cd54b22e952d98c4746939aa85?s=96&r=g","caption":"Michele"},"description":"Formada em Letras - Portugu\u00eas\/ Ingl\u00eas, e idealizadora do site Escritora de Sucesso, busca expandir o conhecimento de todos com informa\u00e7\u00f5es relevantes sobre diversos assuntos, enquanto redatora. No Vaga de Emprego RJ, traz oportunidades e dicas sobre o mercado de trabalho.","url":"https:\/\/www.vagadeempregorj.com.br\/fr\/author\/michele\/"}]}},"_links":{"self":[{"href":"https:\/\/www.vagadeempregorj.com.br\/fr\/wp-json\/wp\/v2\/posts\/39059","targetHints":{"allow":["GET"]}}],"collection":[{"href":"https:\/\/www.vagadeempregorj.com.br\/fr\/wp-json\/wp\/v2\/posts"}],"about":[{"href":"https:\/\/www.vagadeempregorj.com.br\/fr\/wp-json\/wp\/v2\/types\/post"}],"author":[{"embeddable":true,"href":"https:\/\/www.vagadeempregorj.com.br\/fr\/wp-json\/wp\/v2\/users\/16"}],"replies":[{"embeddable":true,"href":"https:\/\/www.vagadeempregorj.com.br\/fr\/wp-json\/wp\/v2\/comments?post=39059"}],"version-history":[{"count":0,"href":"https:\/\/www.vagadeempregorj.com.br\/fr\/wp-json\/wp\/v2\/posts\/39059\/revisions"}],"wp:featuredmedia":[{"embeddable":true,"href":"https:\/\/www.vagadeempregorj.com.br\/fr\/wp-json\/wp\/v2\/media\/39060"}],"wp:attachment":[{"href":"https:\/\/www.vagadeempregorj.com.br\/fr\/wp-json\/wp\/v2\/media?parent=39059"}],"wp:term":[{"taxonomy":"category","embeddable":true,"href":"https:\/\/www.vagadeempregorj.com.br\/fr\/wp-json\/wp\/v2\/categories?post=39059"},{"taxonomy":"post_tag","embeddable":true,"href":"https:\/\/www.vagadeempregorj.com.br\/fr\/wp-json\/wp\/v2\/tags?post=39059"}],"curies":[{"name":"wp","href":"https:\/\/api.w.org\/{rel}","templated":true}]}}