{"id":39103,"date":"2023-10-20T00:01:00","date_gmt":"2023-10-20T03:01:00","guid":{"rendered":"https:\/\/www.vagadeempregorj.com.br\/?p=39103"},"modified":"2023-10-14T16:30:58","modified_gmt":"2023-10-14T19:30:58","slug":"cartao-bolsa-familia-como-conseguir-o-seu-e-informacoes","status":"publish","type":"post","link":"https:\/\/www.vagadeempregorj.com.br\/fr\/cartao-bolsa-familia-como-conseguir-o-seu-e-informacoes\/","title":{"rendered":"Cart\u00e3o Bolsa Fam\u00edlia: Como conseguir o seu e informa\u00e7\u00f5es"},"content":{"rendered":"<p>O Programa Bolsa Fam\u00edlia \u00e9 uma das iniciativas de assist\u00eancia social mais importantes do Brasil. Criado em 2003, durante o governo do ex-presidente Luiz In\u00e1cio Lula da Silva, o programa tem como objetivo principal combater a pobreza e a desigualdade, proporcionando aux\u00edlio financeiro para fam\u00edlias de baixa renda. O cora\u00e7\u00e3o desse programa \u00e9 o Cart\u00e3o Bolsa Fam\u00edlia, que \u00e9 a chave para acessar os benef\u00edcios.&nbsp;<\/p>\n\n\n\n<h2 class=\"wp-block-heading\">O que \u00e9 o Programa Bolsa Fam\u00edlia?<\/h2>\n\n\n\n<p>O Programa Bolsa Fam\u00edlia \u00e9 uma iniciativa do governo federal que visa combater a pobreza e a desigualdade no Brasil. Ele oferece aux\u00edlio financeiro mensal para fam\u00edlias em situa\u00e7\u00e3o de extrema pobreza e pobreza. Al\u00e9m disso, o programa possui outros objetivos, como melhorar o acesso \u00e0 sa\u00fade e \u00e0 educa\u00e7\u00e3o para crian\u00e7as e adolescentes dessas fam\u00edlias.<\/p>\n\n\n\n<figure class=\"wp-block-image size-large\"><img loading=\"lazy\" decoding=\"async\" width=\"1024\" height=\"576\" src=\"https:\/\/www.vagadeempregorj.com.br\/wp-content\/uploads\/2023\/10\/image-5-1024x576.png\" alt=\"\" class=\"wp-image-39104\" srcset=\"https:\/\/www.vagadeempregorj.com.br\/wp-content\/uploads\/2023\/10\/image-5-1024x576.png 1024w, https:\/\/www.vagadeempregorj.com.br\/wp-content\/uploads\/2023\/10\/image-5-300x169.png 300w, https:\/\/www.vagadeempregorj.com.br\/wp-content\/uploads\/2023\/10\/image-5-768x432.png 768w, https:\/\/www.vagadeempregorj.com.br\/wp-content\/uploads\/2023\/10\/image-5-383x215.png 383w, https:\/\/www.vagadeempregorj.com.br\/wp-content\/uploads\/2023\/10\/image-5-150x84.png 150w, https:\/\/www.vagadeempregorj.com.br\/wp-content\/uploads\/2023\/10\/image-5.png 1200w\" sizes=\"auto, (max-width: 1024px) 100vw, 1024px\" \/><figcaption class=\"wp-element-caption\">Imagem: Reprodu\u00e7\u00e3o<\/figcaption><\/figure>\n\n\n\n<p>Os benef\u00edcios do Bolsa Fam\u00edlia s\u00e3o direcionados a fam\u00edlias que se encaixam nos crit\u00e9rios de renda estabelecidos pelo governo. O valor do benef\u00edcio varia de acordo com a composi\u00e7\u00e3o da fam\u00edlia, a renda per capita e a situa\u00e7\u00e3o de cada unidade familiar. Os valores s\u00e3o reajustados anualmente com base na infla\u00e7\u00e3o.<\/p>\n\n\n\n<h2 class=\"wp-block-heading\">Como funciona o Cart\u00e3o Bolsa Fam\u00edlia?<\/h2>\n\n\n\n<p>O Cart\u00e3o Bolsa Fam\u00edlia \u00e9 o meio pelo qual as fam\u00edlias benefici\u00e1rias do programa recebem o aux\u00edlio financeiro. Esse cart\u00e3o \u00e9 emitido pelo governo e permite o saque do valor mensal em caixas eletr\u00f4nicos ou estabelecimentos comerciais autorizados, como supermercados e farm\u00e1cias.<\/p>\n\n\n\n<p>O processo de obten\u00e7\u00e3o do Cart\u00e3o Bolsa Fam\u00edlia \u00e9 relativamente simples, mas requer que a fam\u00edlia esteja cadastrada no Cadastro \u00danico para Programas Sociais do Governo Federal (Cad\u00danico). O Cad\u00danico \u00e9 uma base de dados que re\u00fane informa\u00e7\u00f5es sobre fam\u00edlias de baixa renda e \u00e9 utilizado para a sele\u00e7\u00e3o de benefici\u00e1rios de diversos programas sociais, incluindo o Bolsa Fam\u00edlia.<\/p>\n\n\n\n<h2 class=\"wp-block-heading\">Como conseguir o seu Cart\u00e3o Bolsa Fam\u00edlia?<\/h2>\n\n\n\n<p>Para obter o Cart\u00e3o Bolsa Fam\u00edlia, siga os passos a seguir:<\/p>\n\n\n\n<ul class=\"wp-block-list\">\n<li>Cadastro no Cad\u00danico: O primeiro passo \u00e9 fazer o cadastro da fam\u00edlia no Cad\u00danico. Isso pode ser feito no Centro de Refer\u00eancia de Assist\u00eancia Social (CRAS) mais pr\u00f3ximo de sua resid\u00eancia. L\u00e1, voc\u00ea receber\u00e1 orienta\u00e7\u00f5es sobre a documenta\u00e7\u00e3o necess\u00e1ria e o preenchimento do formul\u00e1rio.<\/li>\n\n\n\n<li>An\u00e1lise e sele\u00e7\u00e3o: Ap\u00f3s o cadastro no Cad\u00danico, a sele\u00e7\u00e3o das fam\u00edlias benefici\u00e1rias do Bolsa Fam\u00edlia \u00e9 feita pelo Minist\u00e9rio da Cidadania, que leva em considera\u00e7\u00e3o a renda e a situa\u00e7\u00e3o socioecon\u00f4mica das fam\u00edlias. N\u00e3o \u00e9 poss\u00edvel solicitar o benef\u00edcio diretamente, pois a sele\u00e7\u00e3o \u00e9 autom\u00e1tica.<\/li>\n\n\n\n<li>Comunica\u00e7\u00e3o sobre o benef\u00edcio: Se a fam\u00edlia for selecionada para receber o Bolsa Fam\u00edlia, ela receber\u00e1 uma carta informando sobre o benef\u00edcio. \u00c9 importante manter os dados cadastrais atualizados no CRAS para evitar problemas na comunica\u00e7\u00e3o.<\/li>\n\n\n\n<li>Retirada do Cart\u00e3o Bolsa Fam\u00edlia: Ap\u00f3s receber a comunica\u00e7\u00e3o de que a fam\u00edlia foi selecionada, \u00e9 necess\u00e1rio ir at\u00e9 uma ag\u00eancia da Caixa Econ\u00f4mica Federal ou a um posto de atendimento autorizado para retirar o Cart\u00e3o Bolsa Fam\u00edlia.<\/li>\n\n\n\n<li>Ativa\u00e7\u00e3o do cart\u00e3o e saque: Ap\u00f3s receber o cart\u00e3o, \u00e9 preciso ativ\u00e1-lo e definir uma senha em um caixa eletr\u00f4nico da Caixa Econ\u00f4mica Federal. Com o cart\u00e3o ativado, a fam\u00edlia poder\u00e1 realizar saques mensais do benef\u00edcio.<\/li>\n<\/ul>\n\n\n\n<p>\u00c9 importante lembrar que as fam\u00edlias benefici\u00e1rias do Bolsa Fam\u00edlia devem cumprir algumas condicionalidades, como manter as crian\u00e7as na escola e garantir o acompanhamento da sa\u00fade, para continuar recebendo o benef\u00edcio. Al\u00e9m disso, \u00e9 fundamental manter o Cad\u00danico sempre atualizado, informando qualquer mudan\u00e7a na composi\u00e7\u00e3o familiar, na renda ou no endere\u00e7o.<\/p>\n\n\n\n<h2 class=\"wp-block-heading\">Informa\u00e7\u00f5es Importantes sobre o Bolsa Fam\u00edlia e o Cart\u00e3o<\/h2>\n\n\n\n<ul class=\"wp-block-list\">\n<li>Reajustes anuais: Os valores do Bolsa Fam\u00edlia s\u00e3o reajustados anualmente, com base na infla\u00e7\u00e3o. \u00c9 importante ficar atento a esses reajustes, pois o valor do benef\u00edcio pode mudar a cada ano.<\/li>\n<\/ul>\n\n\n\n<ul class=\"wp-block-list\">\n<li>Prazo para saque: Ap\u00f3s o cr\u00e9dito no cart\u00e3o, as fam\u00edlias benefici\u00e1rias t\u00eam um prazo para efetuar o saque. Esse prazo \u00e9 informado no extrato mensal do Bolsa Fam\u00edlia. Caso o saque n\u00e3o seja realizado dentro desse prazo, o benef\u00edcio poder\u00e1 ser bloqueado ou cancelado.<\/li>\n\n\n\n<li>Uso do cart\u00e3o: O Cart\u00e3o Bolsa Fam\u00edlia \u00e9 de uso exclusivo das fam\u00edlias benefici\u00e1rias. Ele n\u00e3o pode ser emprestado, vendido ou cedido a terceiros. Qualquer irregularidade no uso do cart\u00e3o pode resultar no cancelamento do benef\u00edcio.<\/li>\n\n\n\n<li>Atualiza\u00e7\u00e3o cadastral: Manter o cadastro no Cad\u00danico atualizado \u00e9 fundamental para garantir a continuidade do benef\u00edcio. Qualquer altera\u00e7\u00e3o na renda, na composi\u00e7\u00e3o familiar ou no endere\u00e7o deve ser comunicada ao CRAS.<\/li>\n\n\n\n<li>Programas complementares: Al\u00e9m do Bolsa Fam\u00edlia, existem programas complementares que podem beneficiar as fam\u00edlias de baixa renda, como o Benef\u00edcio de Presta\u00e7\u00e3o Continuada (BPC) e o Programa de Aquisi\u00e7\u00e3o de Alimentos (PAA). Verifique se a sua fam\u00edlia se enquadra em outros programas.<\/li>\n<\/ul>\n\n\n\n<h2 class=\"wp-block-heading\">Conclus\u00e3o<\/h2>\n\n\n\n<p>O Cart\u00e3o Bolsa Fam\u00edlia \u00e9 a porta de entrada para os benef\u00edcios do Programa Bolsa Fam\u00edlia, uma iniciativa crucial na luta contra a pobreza e a desigualdade no Brasil. Para conseguir o seu cart\u00e3o, \u00e9 fundamental que a fam\u00edlia esteja cadastrada no Cad\u00danico e atenda aos crit\u00e9rios de renda estabelecidos pelo governo.<\/p>\n\n\n\n<p>Manter o cadastro atualizado e cumprir as condicionalidades do programa s\u00e3o passos essenciais para garantir a continuidade do benef\u00edcio. Al\u00e9m disso, \u00e9 importante estar atento a informa\u00e7\u00f5es relevantes, como os reajustes anuais e o prazo para saque do benef\u00edcio.<\/p>\n\n\n\n<p>O Programa Bolsa Fam\u00edlia desempenha um papel vital na melhoria da qualidade de vida das fam\u00edlias de baixa renda, proporcionando um suporte financeiro que pode fazer a diferen\u00e7a em suas vidas. Al\u00e9m disso, ao promover o acesso \u00e0 educa\u00e7\u00e3o e \u00e0 sa\u00fade, contribui para a quebra do ciclo da pobreza, permitindo que as crian\u00e7as tenham um futuro mais promissor.<\/p>\n\n\n\n<p>Outro ponto importante a se destacar \u00e9 que o Bolsa Fam\u00edlia n\u00e3o \u00e9 apenas um programa de transfer\u00eancia de renda, mas tamb\u00e9m um meio de promover a inclus\u00e3o social e econ\u00f4mica. Quando as fam\u00edlias t\u00eam acesso a recursos adicionais, podem investir em sua educa\u00e7\u00e3o, melhorar suas condi\u00e7\u00f5es de moradia e buscar oportunidades de trabalho.<\/p>\n\n\n\n<p><strong>Veja tamb\u00e9m: <a href=\"https:\/\/www.vagadeempregorj.com.br\/fr\/cnh-para-quem-tem-bolsa-familia-veja-se-voce-tem-direito-a-sua\/\">CNH para quem tem bolsa fam\u00edlia: Veja se voc\u00ea tem direito a sua<\/a><\/strong><\/p>\n\n\n\n<p>20 de outubro de 2023<\/p>","protected":false},"excerpt":{"rendered":"<p>O Programa Bolsa Fam\u00edlia \u00e9 uma das iniciativas de assist\u00eancia social mais importantes do Brasil. Criado em 2003, durante o governo do ex-presidente Luiz In\u00e1cio Lula da Silva, o programa tem como objetivo principal combater a pobreza e a desigualdade, proporcionando aux\u00edlio financeiro para fam\u00edlias de baixa renda. O cora\u00e7\u00e3o desse programa \u00e9 o Cart\u00e3o&hellip;&nbsp;<\/p>","protected":false},"author":16,"featured_media":39104,"comment_status":"closed","ping_status":"closed","sticky":false,"template":"","format":"standard","meta":{"neve_meta_sidebar":"","neve_meta_container":"","neve_meta_enable_content_width":"","neve_meta_content_width":0,"neve_meta_title_alignment":"","neve_meta_author_avatar":"","neve_post_elements_order":"","neve_meta_disable_header":"","neve_meta_disable_footer":"","neve_meta_disable_title":"","footnotes":""},"categories":[1],"tags":[],"class_list":["post-39103","post","type-post","status-publish","format-standard","has-post-thumbnail","hentry","category-beneficios-sociais"],"yoast_head":"<!-- This site is optimized with the Yoast SEO plugin v27.5 - https:\/\/yoast.com\/product\/yoast-seo-wordpress\/ -->\n<title>Cart\u00e3o Bolsa Fam\u00edlia: Como conseguir o seu e informa\u00e7\u00f5es -<\/title>\n<meta name=\"description\" content=\"Veja em Vagas de Emprego RJ as vagas de emprego com e sem experi\u00eancia no seu Estado e Regi\u00e3o!\" \/>\n<meta name=\"robots\" content=\"index, follow, max-snippet:-1, max-image-preview:large, max-video-preview:-1\" \/>\n<link rel=\"canonical\" href=\"https:\/\/www.vagadeempregorj.com.br\/fr\/cartao-bolsa-familia-como-conseguir-o-seu-e-informacoes\/\" \/>\n<meta property=\"og:locale\" content=\"fr_FR\" \/>\n<meta property=\"og:type\" content=\"article\" \/>\n<meta property=\"og:title\" content=\"Cart\u00e3o Bolsa Fam\u00edlia: Como conseguir o seu e informa\u00e7\u00f5es -\" \/>\n<meta property=\"og:description\" content=\"Veja em Vagas de Emprego RJ as vagas de emprego com e sem experi\u00eancia no seu Estado e Regi\u00e3o!\" \/>\n<meta property=\"og:url\" content=\"https:\/\/www.vagadeempregorj.com.br\/fr\/cartao-bolsa-familia-como-conseguir-o-seu-e-informacoes\/\" \/>\n<meta property=\"article:publisher\" content=\"https:\/\/www.facebook.com\/empregobrasiloficial\" \/>\n<meta property=\"article:published_time\" content=\"2023-10-20T03:01:00+00:00\" \/>\n<meta property=\"og:image\" content=\"https:\/\/www.vagadeempregorj.com.br\/wp-content\/uploads\/2023\/10\/image-5.png\" \/>\n\t<meta property=\"og:image:width\" content=\"1200\" \/>\n\t<meta property=\"og:image:height\" content=\"675\" \/>\n\t<meta property=\"og:image:type\" content=\"image\/png\" \/>\n<meta name=\"author\" content=\"Michele\" \/>\n<meta name=\"twitter:card\" content=\"summary_large_image\" \/>\n<meta name=\"twitter:label1\" content=\"Written by\" \/>\n\t<meta name=\"twitter:data1\" content=\"Michele\" \/>\n\t<meta name=\"twitter:label2\" content=\"Est. reading time\" \/>\n\t<meta name=\"twitter:data2\" content=\"6 minutes\" \/>\n<script type=\"application\/ld+json\" class=\"yoast-schema-graph\">{\"@context\":\"https:\\\/\\\/schema.org\",\"@graph\":[{\"@type\":\"Article\",\"@id\":\"https:\\\/\\\/www.vagadeempregorj.com.br\\\/cartao-bolsa-familia-como-conseguir-o-seu-e-informacoes\\\/#article\",\"isPartOf\":{\"@id\":\"https:\\\/\\\/www.vagadeempregorj.com.br\\\/cartao-bolsa-familia-como-conseguir-o-seu-e-informacoes\\\/\"},\"author\":{\"name\":\"Michele\",\"@id\":\"https:\\\/\\\/www.vagadeempregorj.com.br\\\/#\\\/schema\\\/person\\\/3ddb19fa0539706786e502152f3aae95\"},\"headline\":\"Cart\u00e3o Bolsa Fam\u00edlia: Como conseguir o seu e informa\u00e7\u00f5es\",\"datePublished\":\"2023-10-20T03:01:00+00:00\",\"mainEntityOfPage\":{\"@id\":\"https:\\\/\\\/www.vagadeempregorj.com.br\\\/cartao-bolsa-familia-como-conseguir-o-seu-e-informacoes\\\/\"},\"wordCount\":1146,\"image\":{\"@id\":\"https:\\\/\\\/www.vagadeempregorj.com.br\\\/cartao-bolsa-familia-como-conseguir-o-seu-e-informacoes\\\/#primaryimage\"},\"thumbnailUrl\":\"https:\\\/\\\/www.vagadeempregorj.com.br\\\/wp-content\\\/uploads\\\/2023\\\/10\\\/image-5.png\",\"articleSection\":[\"Benef\u00edcios Sociais\"],\"inLanguage\":\"fr-FR\"},{\"@type\":\"WebPage\",\"@id\":\"https:\\\/\\\/www.vagadeempregorj.com.br\\\/cartao-bolsa-familia-como-conseguir-o-seu-e-informacoes\\\/\",\"url\":\"https:\\\/\\\/www.vagadeempregorj.com.br\\\/cartao-bolsa-familia-como-conseguir-o-seu-e-informacoes\\\/\",\"name\":\"Cart\u00e3o Bolsa Fam\u00edlia: Como conseguir o seu e informa\u00e7\u00f5es -\",\"isPartOf\":{\"@id\":\"https:\\\/\\\/www.vagadeempregorj.com.br\\\/#website\"},\"primaryImageOfPage\":{\"@id\":\"https:\\\/\\\/www.vagadeempregorj.com.br\\\/cartao-bolsa-familia-como-conseguir-o-seu-e-informacoes\\\/#primaryimage\"},\"image\":{\"@id\":\"https:\\\/\\\/www.vagadeempregorj.com.br\\\/cartao-bolsa-familia-como-conseguir-o-seu-e-informacoes\\\/#primaryimage\"},\"thumbnailUrl\":\"https:\\\/\\\/www.vagadeempregorj.com.br\\\/wp-content\\\/uploads\\\/2023\\\/10\\\/image-5.png\",\"datePublished\":\"2023-10-20T03:01:00+00:00\",\"author\":{\"@id\":\"https:\\\/\\\/www.vagadeempregorj.com.br\\\/#\\\/schema\\\/person\\\/3ddb19fa0539706786e502152f3aae95\"},\"description\":\"Veja em Vagas de Emprego RJ as vagas de emprego com e sem experi\u00eancia no seu Estado e Regi\u00e3o!\",\"breadcrumb\":{\"@id\":\"https:\\\/\\\/www.vagadeempregorj.com.br\\\/cartao-bolsa-familia-como-conseguir-o-seu-e-informacoes\\\/#breadcrumb\"},\"inLanguage\":\"fr-FR\",\"potentialAction\":[{\"@type\":\"ReadAction\",\"target\":[\"https:\\\/\\\/www.vagadeempregorj.com.br\\\/cartao-bolsa-familia-como-conseguir-o-seu-e-informacoes\\\/\"]}]},{\"@type\":\"ImageObject\",\"inLanguage\":\"fr-FR\",\"@id\":\"https:\\\/\\\/www.vagadeempregorj.com.br\\\/cartao-bolsa-familia-como-conseguir-o-seu-e-informacoes\\\/#primaryimage\",\"url\":\"https:\\\/\\\/www.vagadeempregorj.com.br\\\/wp-content\\\/uploads\\\/2023\\\/10\\\/image-5.png\",\"contentUrl\":\"https:\\\/\\\/www.vagadeempregorj.com.br\\\/wp-content\\\/uploads\\\/2023\\\/10\\\/image-5.png\",\"width\":1200,\"height\":675},{\"@type\":\"BreadcrumbList\",\"@id\":\"https:\\\/\\\/www.vagadeempregorj.com.br\\\/cartao-bolsa-familia-como-conseguir-o-seu-e-informacoes\\\/#breadcrumb\",\"itemListElement\":[{\"@type\":\"ListItem\",\"position\":1,\"name\":\"In\u00edcio\",\"item\":\"https:\\\/\\\/www.vagadeempregorj.com.br\\\/\"},{\"@type\":\"ListItem\",\"position\":2,\"name\":\"Benef\u00edcios Sociais\",\"item\":\"https:\\\/\\\/www.vagadeempregorj.com.br\\\/beneficios-sociais\\\/\"},{\"@type\":\"ListItem\",\"position\":3,\"name\":\"Cart\u00e3o Bolsa Fam\u00edlia: Como conseguir o seu e informa\u00e7\u00f5es\"}]},{\"@type\":\"WebSite\",\"@id\":\"https:\\\/\\\/www.vagadeempregorj.com.br\\\/#website\",\"url\":\"https:\\\/\\\/www.vagadeempregorj.com.br\\\/\",\"name\":\"\",\"description\":\"Conquiste Sonhos: Vagas, Benef\u00edcios e Economia para Transformar Vidas e Alcan\u00e7ar Melhorias Cotidianas\",\"potentialAction\":[{\"@type\":\"SearchAction\",\"target\":{\"@type\":\"EntryPoint\",\"urlTemplate\":\"https:\\\/\\\/www.vagadeempregorj.com.br\\\/?s={search_term_string}\"},\"query-input\":{\"@type\":\"PropertyValueSpecification\",\"valueRequired\":true,\"valueName\":\"search_term_string\"}}],\"inLanguage\":\"fr-FR\"},{\"@type\":\"Person\",\"@id\":\"https:\\\/\\\/www.vagadeempregorj.com.br\\\/#\\\/schema\\\/person\\\/3ddb19fa0539706786e502152f3aae95\",\"name\":\"Michele\",\"image\":{\"@type\":\"ImageObject\",\"inLanguage\":\"fr-FR\",\"@id\":\"https:\\\/\\\/secure.gravatar.com\\\/avatar\\\/6b0eb9d22841282815e2cd856a0061c45e1761cd54b22e952d98c4746939aa85?s=96&r=g\",\"url\":\"https:\\\/\\\/secure.gravatar.com\\\/avatar\\\/6b0eb9d22841282815e2cd856a0061c45e1761cd54b22e952d98c4746939aa85?s=96&r=g\",\"contentUrl\":\"https:\\\/\\\/secure.gravatar.com\\\/avatar\\\/6b0eb9d22841282815e2cd856a0061c45e1761cd54b22e952d98c4746939aa85?s=96&r=g\",\"caption\":\"Michele\"},\"description\":\"Formada em Letras - Portugu\u00eas\\\/ Ingl\u00eas, e idealizadora do site Escritora de Sucesso, busca expandir o conhecimento de todos com informa\u00e7\u00f5es relevantes sobre diversos assuntos, enquanto redatora. No Vaga de Emprego RJ, traz oportunidades e dicas sobre o mercado de trabalho.\",\"url\":\"https:\\\/\\\/www.vagadeempregorj.com.br\\\/fr\\\/author\\\/michele\\\/\"}]}<\/script>\n<!-- \/ Yoast SEO plugin. -->","yoast_head_json":{"title":"Cart\u00e3o Bolsa Fam\u00edlia: Como conseguir o seu e informa\u00e7\u00f5es -","description":"Veja em Vagas de Emprego RJ as vagas de emprego com e sem experi\u00eancia no seu Estado e Regi\u00e3o!","robots":{"index":"index","follow":"follow","max-snippet":"max-snippet:-1","max-image-preview":"max-image-preview:large","max-video-preview":"max-video-preview:-1"},"canonical":"https:\/\/www.vagadeempregorj.com.br\/fr\/cartao-bolsa-familia-como-conseguir-o-seu-e-informacoes\/","og_locale":"fr_FR","og_type":"article","og_title":"Cart\u00e3o Bolsa Fam\u00edlia: Como conseguir o seu e informa\u00e7\u00f5es -","og_description":"Veja em Vagas de Emprego RJ as vagas de emprego com e sem experi\u00eancia no seu Estado e Regi\u00e3o!","og_url":"https:\/\/www.vagadeempregorj.com.br\/fr\/cartao-bolsa-familia-como-conseguir-o-seu-e-informacoes\/","article_publisher":"https:\/\/www.facebook.com\/empregobrasiloficial","article_published_time":"2023-10-20T03:01:00+00:00","og_image":[{"width":1200,"height":675,"url":"https:\/\/www.vagadeempregorj.com.br\/wp-content\/uploads\/2023\/10\/image-5.png","type":"image\/png"}],"author":"Michele","twitter_card":"summary_large_image","twitter_misc":{"Written by":"Michele","Est. reading time":"6 minutes"},"schema":{"@context":"https:\/\/schema.org","@graph":[{"@type":"Article","@id":"https:\/\/www.vagadeempregorj.com.br\/cartao-bolsa-familia-como-conseguir-o-seu-e-informacoes\/#article","isPartOf":{"@id":"https:\/\/www.vagadeempregorj.com.br\/cartao-bolsa-familia-como-conseguir-o-seu-e-informacoes\/"},"author":{"name":"Michele","@id":"https:\/\/www.vagadeempregorj.com.br\/#\/schema\/person\/3ddb19fa0539706786e502152f3aae95"},"headline":"Cart\u00e3o Bolsa Fam\u00edlia: Como conseguir o seu e informa\u00e7\u00f5es","datePublished":"2023-10-20T03:01:00+00:00","mainEntityOfPage":{"@id":"https:\/\/www.vagadeempregorj.com.br\/cartao-bolsa-familia-como-conseguir-o-seu-e-informacoes\/"},"wordCount":1146,"image":{"@id":"https:\/\/www.vagadeempregorj.com.br\/cartao-bolsa-familia-como-conseguir-o-seu-e-informacoes\/#primaryimage"},"thumbnailUrl":"https:\/\/www.vagadeempregorj.com.br\/wp-content\/uploads\/2023\/10\/image-5.png","articleSection":["Benef\u00edcios Sociais"],"inLanguage":"fr-FR"},{"@type":"WebPage","@id":"https:\/\/www.vagadeempregorj.com.br\/cartao-bolsa-familia-como-conseguir-o-seu-e-informacoes\/","url":"https:\/\/www.vagadeempregorj.com.br\/cartao-bolsa-familia-como-conseguir-o-seu-e-informacoes\/","name":"Cart\u00e3o Bolsa Fam\u00edlia: Como conseguir o seu e informa\u00e7\u00f5es -","isPartOf":{"@id":"https:\/\/www.vagadeempregorj.com.br\/#website"},"primaryImageOfPage":{"@id":"https:\/\/www.vagadeempregorj.com.br\/cartao-bolsa-familia-como-conseguir-o-seu-e-informacoes\/#primaryimage"},"image":{"@id":"https:\/\/www.vagadeempregorj.com.br\/cartao-bolsa-familia-como-conseguir-o-seu-e-informacoes\/#primaryimage"},"thumbnailUrl":"https:\/\/www.vagadeempregorj.com.br\/wp-content\/uploads\/2023\/10\/image-5.png","datePublished":"2023-10-20T03:01:00+00:00","author":{"@id":"https:\/\/www.vagadeempregorj.com.br\/#\/schema\/person\/3ddb19fa0539706786e502152f3aae95"},"description":"Veja em Vagas de Emprego RJ as vagas de emprego com e sem experi\u00eancia no seu Estado e Regi\u00e3o!","breadcrumb":{"@id":"https:\/\/www.vagadeempregorj.com.br\/cartao-bolsa-familia-como-conseguir-o-seu-e-informacoes\/#breadcrumb"},"inLanguage":"fr-FR","potentialAction":[{"@type":"ReadAction","target":["https:\/\/www.vagadeempregorj.com.br\/cartao-bolsa-familia-como-conseguir-o-seu-e-informacoes\/"]}]},{"@type":"ImageObject","inLanguage":"fr-FR","@id":"https:\/\/www.vagadeempregorj.com.br\/cartao-bolsa-familia-como-conseguir-o-seu-e-informacoes\/#primaryimage","url":"https:\/\/www.vagadeempregorj.com.br\/wp-content\/uploads\/2023\/10\/image-5.png","contentUrl":"https:\/\/www.vagadeempregorj.com.br\/wp-content\/uploads\/2023\/10\/image-5.png","width":1200,"height":675},{"@type":"BreadcrumbList","@id":"https:\/\/www.vagadeempregorj.com.br\/cartao-bolsa-familia-como-conseguir-o-seu-e-informacoes\/#breadcrumb","itemListElement":[{"@type":"ListItem","position":1,"name":"In\u00edcio","item":"https:\/\/www.vagadeempregorj.com.br\/"},{"@type":"ListItem","position":2,"name":"Benef\u00edcios Sociais","item":"https:\/\/www.vagadeempregorj.com.br\/beneficios-sociais\/"},{"@type":"ListItem","position":3,"name":"Cart\u00e3o Bolsa Fam\u00edlia: Como conseguir o seu e informa\u00e7\u00f5es"}]},{"@type":"WebSite","@id":"https:\/\/www.vagadeempregorj.com.br\/#website","url":"https:\/\/www.vagadeempregorj.com.br\/","name":"","description":"Conquiste Sonhos: Vagas, Benef\u00edcios e Economia para Transformar Vidas e Alcan\u00e7ar Melhorias Cotidianas","potentialAction":[{"@type":"SearchAction","target":{"@type":"EntryPoint","urlTemplate":"https:\/\/www.vagadeempregorj.com.br\/?s={search_term_string}"},"query-input":{"@type":"PropertyValueSpecification","valueRequired":true,"valueName":"search_term_string"}}],"inLanguage":"fr-FR"},{"@type":"Person","@id":"https:\/\/www.vagadeempregorj.com.br\/#\/schema\/person\/3ddb19fa0539706786e502152f3aae95","name":"Michele","image":{"@type":"ImageObject","inLanguage":"fr-FR","@id":"https:\/\/secure.gravatar.com\/avatar\/6b0eb9d22841282815e2cd856a0061c45e1761cd54b22e952d98c4746939aa85?s=96&r=g","url":"https:\/\/secure.gravatar.com\/avatar\/6b0eb9d22841282815e2cd856a0061c45e1761cd54b22e952d98c4746939aa85?s=96&r=g","contentUrl":"https:\/\/secure.gravatar.com\/avatar\/6b0eb9d22841282815e2cd856a0061c45e1761cd54b22e952d98c4746939aa85?s=96&r=g","caption":"Michele"},"description":"Formada em Letras - Portugu\u00eas\/ Ingl\u00eas, e idealizadora do site Escritora de Sucesso, busca expandir o conhecimento de todos com informa\u00e7\u00f5es relevantes sobre diversos assuntos, enquanto redatora. No Vaga de Emprego RJ, traz oportunidades e dicas sobre o mercado de trabalho.","url":"https:\/\/www.vagadeempregorj.com.br\/fr\/author\/michele\/"}]}},"_links":{"self":[{"href":"https:\/\/www.vagadeempregorj.com.br\/fr\/wp-json\/wp\/v2\/posts\/39103","targetHints":{"allow":["GET"]}}],"collection":[{"href":"https:\/\/www.vagadeempregorj.com.br\/fr\/wp-json\/wp\/v2\/posts"}],"about":[{"href":"https:\/\/www.vagadeempregorj.com.br\/fr\/wp-json\/wp\/v2\/types\/post"}],"author":[{"embeddable":true,"href":"https:\/\/www.vagadeempregorj.com.br\/fr\/wp-json\/wp\/v2\/users\/16"}],"replies":[{"embeddable":true,"href":"https:\/\/www.vagadeempregorj.com.br\/fr\/wp-json\/wp\/v2\/comments?post=39103"}],"version-history":[{"count":0,"href":"https:\/\/www.vagadeempregorj.com.br\/fr\/wp-json\/wp\/v2\/posts\/39103\/revisions"}],"wp:featuredmedia":[{"embeddable":true,"href":"https:\/\/www.vagadeempregorj.com.br\/fr\/wp-json\/wp\/v2\/media\/39104"}],"wp:attachment":[{"href":"https:\/\/www.vagadeempregorj.com.br\/fr\/wp-json\/wp\/v2\/media?parent=39103"}],"wp:term":[{"taxonomy":"category","embeddable":true,"href":"https:\/\/www.vagadeempregorj.com.br\/fr\/wp-json\/wp\/v2\/categories?post=39103"},{"taxonomy":"post_tag","embeddable":true,"href":"https:\/\/www.vagadeempregorj.com.br\/fr\/wp-json\/wp\/v2\/tags?post=39103"}],"curies":[{"name":"wp","href":"https:\/\/api.w.org\/{rel}","templated":true}]}}