{"id":39284,"date":"2023-12-16T22:43:33","date_gmt":"2023-12-17T01:43:33","guid":{"rendered":"https:\/\/www.vagadeempregorj.com.br\/?p=39284"},"modified":"2023-12-16T22:43:35","modified_gmt":"2023-12-17T01:43:35","slug":"oportunidades-por-todo-o-pais-vagas-de-emprego-nacionais-em-destaque","status":"publish","type":"post","link":"https:\/\/www.vagadeempregorj.com.br\/fr\/oportunidades-por-todo-o-pais-vagas-de-emprego-nacionais-em-destaque\/","title":{"rendered":"Oportunidades por Todo o Pa\u00eds: Vagas de Emprego Nacionais em Destaque"},"content":{"rendered":"<p>Em um cen\u00e1rio econ\u00f4mico din\u00e2mico, repleto de desafios e oportunidades, \u00e9 fundamental manter-se informado sobre as vagas de emprego dispon\u00edveis em todo o pa\u00eds. Se voc\u00ea est\u00e1 em busca de novas oportunidades profissionais ou simplesmente deseja explorar o mercado de trabalho nacional, este conte\u00fado \u00e9 para voc\u00ea. Vamos destacar algumas das vagas em alta, setores promissores e dicas valiosas para garantir o sucesso na sua busca por emprego.<\/p>\n\n\n\n<h2 class=\"wp-block-heading\">Setores em Ascens\u00e3o: Vagas de emprego nacionais<\/h2>\n\n\n\n<p>Em um panorama econ\u00f4mico em constante transforma\u00e7\u00e3o, a busca por oportunidades de emprego torna-se uma jornada estrat\u00e9gica e desafiadora. Veja essas orienta\u00e7\u00f5es.<\/p>\n\n\n\n<h3 class=\"wp-block-heading\">Tecnologia da Informa\u00e7\u00e3o (TI)<\/h3>\n\n\n\n<p>O setor de Tecnologia da Informa\u00e7\u00e3o continua em plena expans\u00e3o, com uma demanda crescente por profissionais qualificados. Vagas em desenvolvimento de software, an\u00e1lise de dados, seguran\u00e7a cibern\u00e9tica e intelig\u00eancia artificial est\u00e3o entre as mais procuradas. Certifica\u00e7\u00f5es e habilidades t\u00e9cnicas s\u00e3o ativos essenciais para se destacar nesse campo.<\/p>\n\n\n\n<figure class=\"wp-block-image size-large\"><img loading=\"lazy\" decoding=\"async\" width=\"1024\" height=\"682\" src=\"https:\/\/www.vagadeempregorj.com.br\/wp-content\/uploads\/2023\/12\/image-3-1024x682.png\" alt=\"\" class=\"wp-image-39285\" srcset=\"https:\/\/www.vagadeempregorj.com.br\/wp-content\/uploads\/2023\/12\/image-3-1024x682.png 1024w, https:\/\/www.vagadeempregorj.com.br\/wp-content\/uploads\/2023\/12\/image-3-300x200.png 300w, https:\/\/www.vagadeempregorj.com.br\/wp-content\/uploads\/2023\/12\/image-3-768x512.png 768w, https:\/\/www.vagadeempregorj.com.br\/wp-content\/uploads\/2023\/12\/image-3-150x100.png 150w, https:\/\/www.vagadeempregorj.com.br\/wp-content\/uploads\/2023\/12\/image-3.png 1280w\" sizes=\"auto, (max-width: 1024px) 100vw, 1024px\" \/><\/figure>\n\n\n\n<h3 class=\"wp-block-heading\">Sa\u00fade<\/h3>\n\n\n\n<p>A pandemia global destacou a import\u00e2ncia do setor de sa\u00fade, gerando uma demanda significativa por profissionais da \u00e1rea. Vagas para enfermeiros, t\u00e9cnicos de sa\u00fade, farmac\u00eauticos e profissionais de pesquisa m\u00e9dica est\u00e3o em alta. A qualifica\u00e7\u00e3o e a experi\u00eancia cl\u00ednica s\u00e3o fatores cruciais para se destacar nesse setor.<\/p>\n\n\n\n<h3 class=\"wp-block-heading\">Energias Renov\u00e1veis<\/h3>\n\n\n\n<p>Com a crescente preocupa\u00e7\u00e3o com o meio ambiente, as vagas em energias renov\u00e1veis t\u00eam ganhado destaque. Engenheiros ambientais, t\u00e9cnicos em energia solar e profissionais de pesquisa em fontes limpas de energia est\u00e3o sendo cada vez mais requisitados. A forma\u00e7\u00e3o acad\u00eamica e a paix\u00e3o pela sustentabilidade s\u00e3o diferenciais importantes.<\/p>\n\n\n\n<h2 class=\"wp-block-heading\">Vagas de Emprego em Destaque<\/h2>\n\n\n\n<p>Nesta se\u00e7\u00e3o, mergulharemos em oportunidades espec\u00edficas que est\u00e3o capturando a aten\u00e7\u00e3o de profissionais em todo o pa\u00eds. Seja voc\u00ea um especialista em tecnologia, um profissional da sa\u00fade comprometido ou um engenheiro voltado para o futuro sustent\u00e1vel, aqui, desvendaremos as vagas que n\u00e3o apenas oferecem uma carreira, mas tamb\u00e9m a promessa de crescimento e realiza\u00e7\u00e3o profissional.<\/p>\n\n\n\n<h3 class=\"wp-block-heading\">1. Desenvolvedor(a) Full Stack &#8211; S\u00e3o Paulo, SP<\/h3>\n\n\n\n<p>Uma renomada empresa de tecnologia est\u00e1 em busca de um(a) desenvolvedor(a) full stack para integrar sua equipe em S\u00e3o Paulo. \u00c9 necess\u00e1rio ter experi\u00eancia em linguagens como JavaScript, React e Node.js. A capacidade de trabalhar em equipe e solucionar problemas de forma criativa s\u00e3o habilidades essenciais.<\/p>\n\n\n\n<h3 class=\"wp-block-heading\">2. Enfermeiro(a) Assistencial &#8211; Rio de Janeiro, RJ<\/h3>\n\n\n\n<p>Um hospital de grande porte no Rio de Janeiro est\u00e1 com vagas abertas para enfermeiros(as) assistenciais. A forma\u00e7\u00e3o em enfermagem, registro profissional ativo e experi\u00eancia cl\u00ednica s\u00e3o requisitos fundamentais. A dedica\u00e7\u00e3o ao cuidado do paciente e a capacidade de trabalho em equipe s\u00e3o aspectos valorizados.<\/p>\n\n\n\n<h3 class=\"wp-block-heading\">3. Engenheiro(a) de Energias Renov\u00e1veis &#8211; Bras\u00edlia, DF<\/h3>\n\n\n\n<p>Uma empresa l\u00edder em projetos de energias renov\u00e1veis est\u00e1 contratando um(a) engenheiro(a) para integrar sua equipe em Bras\u00edlia. \u00c9 necess\u00e1rio ter forma\u00e7\u00e3o em engenharia ambiental, el\u00e9trica ou \u00e1reas relacionadas. Experi\u00eancia em projetos de energia solar ou e\u00f3lica e conhecimentos em normas ambientais s\u00e3o diferenciais importantes.<\/p>\n\n\n\n<h2 class=\"wp-block-heading\">Dicas para uma Busca de Emprego Bem-Sucedida<\/h2>\n\n\n\n<h3 class=\"wp-block-heading\">Atualize Seu Curr\u00edculo<\/h3>\n\n\n\n<p>Certifique-se de que seu curr\u00edculo est\u00e1 atualizado e destaca suas habilidades e conquistas relevantes. Personalize-o para cada aplica\u00e7\u00e3o, destacando os pontos que s\u00e3o mais pertinentes para a vaga desejada.<\/p>\n\n\n\n<h3 class=\"wp-block-heading\">Networking<\/h3>\n\n\n\n<p>Participe de eventos e encontros da sua \u00e1rea de atua\u00e7\u00e3o. O networking pode ser uma ferramenta poderosa na busca por oportunidades de emprego. Mantenha contato com colegas de trabalho antigos, professores e profissionais do setor.<\/p>\n\n\n\n<h3 class=\"wp-block-heading\">Esteja Aberto a Novas Possibilidades<\/h3>\n\n\n\n<p>Mantenha uma mente aberta para oportunidades que possam surgir em diferentes setores ou regi\u00f5es do pa\u00eds. \u00c0s vezes, a oportunidade perfeita pode estar onde voc\u00ea menos espera.<\/p>\n\n\n\n<h3 class=\"wp-block-heading\">Aprimore Suas Habilidades<\/h3>\n\n\n\n<p>Esteja sempre atualizado com as tend\u00eancias do seu setor. Cursos, certifica\u00e7\u00f5es e workshops podem ser \u00f3timas maneiras de aprimorar suas habilidades e tornar-se mais competitivo no mercado de trabalho.<\/p>\n\n\n\n<h3 class=\"wp-block-heading\">Prepara-se para Entrevistas<\/h3>\n\n\n\n<p>Pratique respostas para perguntas comuns de entrevistas e esteja preparado para destacar suas habilidades e experi\u00eancias de forma clara e convincente. A confian\u00e7a e a comunica\u00e7\u00e3o eficaz s\u00e3o elementos-chave durante uma entrevista.<\/p>\n\n\n\n<p>Em resumo, as oportunidades de emprego est\u00e3o por todo o pa\u00eds, e o mercado de trabalho est\u00e1 em constante evolu\u00e7\u00e3o. Ao estar atento \u00e0s tend\u00eancias, investir em sua forma\u00e7\u00e3o e seguir estrat\u00e9gias eficazes na busca por emprego, voc\u00ea estar\u00e1 mais preparado para conquistar a vaga dos seus sonhos. Boa sorte na sua jornada profissional!<\/p>\n\n\n\n<p><strong>Veja tamb\u00e9m: <a href=\"https:\/\/www.vagadeempregorj.com.br\/fr\/dicas-atuais-para-decolar-na-busca-por-emprego-estrategias-que-funcionam\/\">Dicas Atuais para Decolar na Busca por Emprego: Estrat\u00e9gias que Funcionam<\/a><\/strong><\/p>\n\n\n\n<p>16 de dezembro de 2023<\/p>","protected":false},"excerpt":{"rendered":"<p>Em um cen\u00e1rio econ\u00f4mico din\u00e2mico, repleto de desafios e oportunidades, \u00e9 fundamental manter-se informado sobre as vagas de emprego dispon\u00edveis em todo o pa\u00eds. Se voc\u00ea est\u00e1 em busca de novas oportunidades profissionais ou simplesmente deseja explorar o mercado de trabalho nacional, este conte\u00fado \u00e9 para voc\u00ea. Vamos destacar algumas das vagas em alta, setores&hellip;&nbsp;<\/p>","protected":false},"author":16,"featured_media":39285,"comment_status":"closed","ping_status":"closed","sticky":false,"template":"","format":"standard","meta":{"neve_meta_sidebar":"","neve_meta_container":"","neve_meta_enable_content_width":"","neve_meta_content_width":0,"neve_meta_title_alignment":"","neve_meta_author_avatar":"","neve_post_elements_order":"","neve_meta_disable_header":"","neve_meta_disable_footer":"","neve_meta_disable_title":"","footnotes":""},"categories":[123],"tags":[],"class_list":["post-39284","post","type-post","status-publish","format-standard","has-post-thumbnail","hentry","category-vagas-de-emprego-nacionais"],"yoast_head":"<!-- This site is optimized with the Yoast SEO plugin v27.5 - https:\/\/yoast.com\/product\/yoast-seo-wordpress\/ -->\n<title>Oportunidades por Todo o Pa\u00eds: Vagas de Emprego Nacionais em Destaque -<\/title>\n<meta name=\"description\" content=\"Veja em Vagas de Emprego RJ as vagas de emprego com e sem experi\u00eancia no seu Estado e Regi\u00e3o!\" \/>\n<meta name=\"robots\" content=\"index, follow, max-snippet:-1, max-image-preview:large, max-video-preview:-1\" \/>\n<link rel=\"canonical\" href=\"https:\/\/www.vagadeempregorj.com.br\/fr\/oportunidades-por-todo-o-pais-vagas-de-emprego-nacionais-em-destaque\/\" \/>\n<meta property=\"og:locale\" content=\"fr_FR\" \/>\n<meta property=\"og:type\" content=\"article\" \/>\n<meta property=\"og:title\" content=\"Oportunidades por Todo o Pa\u00eds: Vagas de Emprego Nacionais em Destaque -\" \/>\n<meta property=\"og:description\" content=\"Veja em Vagas de Emprego RJ as vagas de emprego com e sem experi\u00eancia no seu Estado e Regi\u00e3o!\" \/>\n<meta property=\"og:url\" content=\"https:\/\/www.vagadeempregorj.com.br\/fr\/oportunidades-por-todo-o-pais-vagas-de-emprego-nacionais-em-destaque\/\" \/>\n<meta property=\"article:publisher\" content=\"https:\/\/www.facebook.com\/empregobrasiloficial\" \/>\n<meta property=\"article:published_time\" content=\"2023-12-17T01:43:33+00:00\" \/>\n<meta property=\"article:modified_time\" content=\"2023-12-17T01:43:35+00:00\" \/>\n<meta property=\"og:image\" content=\"https:\/\/www.vagadeempregorj.com.br\/wp-content\/uploads\/2023\/12\/image-3.png\" \/>\n\t<meta property=\"og:image:width\" content=\"1280\" \/>\n\t<meta property=\"og:image:height\" content=\"853\" \/>\n\t<meta property=\"og:image:type\" content=\"image\/png\" \/>\n<meta name=\"author\" content=\"Michele\" \/>\n<meta name=\"twitter:card\" content=\"summary_large_image\" \/>\n<meta name=\"twitter:label1\" content=\"Written by\" \/>\n\t<meta name=\"twitter:data1\" content=\"Michele\" \/>\n\t<meta name=\"twitter:label2\" content=\"Est. reading time\" \/>\n\t<meta name=\"twitter:data2\" content=\"4 minutes\" \/>\n<script type=\"application\/ld+json\" class=\"yoast-schema-graph\">{\"@context\":\"https:\\\/\\\/schema.org\",\"@graph\":[{\"@type\":\"Article\",\"@id\":\"https:\\\/\\\/www.vagadeempregorj.com.br\\\/oportunidades-por-todo-o-pais-vagas-de-emprego-nacionais-em-destaque\\\/#article\",\"isPartOf\":{\"@id\":\"https:\\\/\\\/www.vagadeempregorj.com.br\\\/oportunidades-por-todo-o-pais-vagas-de-emprego-nacionais-em-destaque\\\/\"},\"author\":{\"name\":\"Michele\",\"@id\":\"https:\\\/\\\/www.vagadeempregorj.com.br\\\/#\\\/schema\\\/person\\\/3ddb19fa0539706786e502152f3aae95\"},\"headline\":\"Oportunidades por Todo o Pa\u00eds: Vagas de Emprego Nacionais em Destaque\",\"datePublished\":\"2023-12-17T01:43:33+00:00\",\"dateModified\":\"2023-12-17T01:43:35+00:00\",\"mainEntityOfPage\":{\"@id\":\"https:\\\/\\\/www.vagadeempregorj.com.br\\\/oportunidades-por-todo-o-pais-vagas-de-emprego-nacionais-em-destaque\\\/\"},\"wordCount\":821,\"image\":{\"@id\":\"https:\\\/\\\/www.vagadeempregorj.com.br\\\/oportunidades-por-todo-o-pais-vagas-de-emprego-nacionais-em-destaque\\\/#primaryimage\"},\"thumbnailUrl\":\"https:\\\/\\\/www.vagadeempregorj.com.br\\\/wp-content\\\/uploads\\\/2023\\\/12\\\/image-3.png\",\"articleSection\":[\"Vagas de Emprego Nacionais\"],\"inLanguage\":\"fr-FR\"},{\"@type\":\"WebPage\",\"@id\":\"https:\\\/\\\/www.vagadeempregorj.com.br\\\/oportunidades-por-todo-o-pais-vagas-de-emprego-nacionais-em-destaque\\\/\",\"url\":\"https:\\\/\\\/www.vagadeempregorj.com.br\\\/oportunidades-por-todo-o-pais-vagas-de-emprego-nacionais-em-destaque\\\/\",\"name\":\"Oportunidades por Todo o Pa\u00eds: Vagas de Emprego Nacionais em Destaque -\",\"isPartOf\":{\"@id\":\"https:\\\/\\\/www.vagadeempregorj.com.br\\\/#website\"},\"primaryImageOfPage\":{\"@id\":\"https:\\\/\\\/www.vagadeempregorj.com.br\\\/oportunidades-por-todo-o-pais-vagas-de-emprego-nacionais-em-destaque\\\/#primaryimage\"},\"image\":{\"@id\":\"https:\\\/\\\/www.vagadeempregorj.com.br\\\/oportunidades-por-todo-o-pais-vagas-de-emprego-nacionais-em-destaque\\\/#primaryimage\"},\"thumbnailUrl\":\"https:\\\/\\\/www.vagadeempregorj.com.br\\\/wp-content\\\/uploads\\\/2023\\\/12\\\/image-3.png\",\"datePublished\":\"2023-12-17T01:43:33+00:00\",\"dateModified\":\"2023-12-17T01:43:35+00:00\",\"author\":{\"@id\":\"https:\\\/\\\/www.vagadeempregorj.com.br\\\/#\\\/schema\\\/person\\\/3ddb19fa0539706786e502152f3aae95\"},\"description\":\"Veja em Vagas de Emprego RJ as vagas de emprego com e sem experi\u00eancia no seu Estado e Regi\u00e3o!\",\"breadcrumb\":{\"@id\":\"https:\\\/\\\/www.vagadeempregorj.com.br\\\/oportunidades-por-todo-o-pais-vagas-de-emprego-nacionais-em-destaque\\\/#breadcrumb\"},\"inLanguage\":\"fr-FR\",\"potentialAction\":[{\"@type\":\"ReadAction\",\"target\":[\"https:\\\/\\\/www.vagadeempregorj.com.br\\\/oportunidades-por-todo-o-pais-vagas-de-emprego-nacionais-em-destaque\\\/\"]}]},{\"@type\":\"ImageObject\",\"inLanguage\":\"fr-FR\",\"@id\":\"https:\\\/\\\/www.vagadeempregorj.com.br\\\/oportunidades-por-todo-o-pais-vagas-de-emprego-nacionais-em-destaque\\\/#primaryimage\",\"url\":\"https:\\\/\\\/www.vagadeempregorj.com.br\\\/wp-content\\\/uploads\\\/2023\\\/12\\\/image-3.png\",\"contentUrl\":\"https:\\\/\\\/www.vagadeempregorj.com.br\\\/wp-content\\\/uploads\\\/2023\\\/12\\\/image-3.png\",\"width\":1280,\"height\":853},{\"@type\":\"BreadcrumbList\",\"@id\":\"https:\\\/\\\/www.vagadeempregorj.com.br\\\/oportunidades-por-todo-o-pais-vagas-de-emprego-nacionais-em-destaque\\\/#breadcrumb\",\"itemListElement\":[{\"@type\":\"ListItem\",\"position\":1,\"name\":\"In\u00edcio\",\"item\":\"https:\\\/\\\/www.vagadeempregorj.com.br\\\/\"},{\"@type\":\"ListItem\",\"position\":2,\"name\":\"Vagas de Emprego Nacionais\",\"item\":\"https:\\\/\\\/www.vagadeempregorj.com.br\\\/vagas-de-emprego-nacionais\\\/\"},{\"@type\":\"ListItem\",\"position\":3,\"name\":\"Oportunidades por Todo o Pa\u00eds: Vagas de Emprego Nacionais em Destaque\"}]},{\"@type\":\"WebSite\",\"@id\":\"https:\\\/\\\/www.vagadeempregorj.com.br\\\/#website\",\"url\":\"https:\\\/\\\/www.vagadeempregorj.com.br\\\/\",\"name\":\"\",\"description\":\"Conquiste Sonhos: Vagas, Benef\u00edcios e Economia para Transformar Vidas e Alcan\u00e7ar Melhorias Cotidianas\",\"potentialAction\":[{\"@type\":\"SearchAction\",\"target\":{\"@type\":\"EntryPoint\",\"urlTemplate\":\"https:\\\/\\\/www.vagadeempregorj.com.br\\\/?s={search_term_string}\"},\"query-input\":{\"@type\":\"PropertyValueSpecification\",\"valueRequired\":true,\"valueName\":\"search_term_string\"}}],\"inLanguage\":\"fr-FR\"},{\"@type\":\"Person\",\"@id\":\"https:\\\/\\\/www.vagadeempregorj.com.br\\\/#\\\/schema\\\/person\\\/3ddb19fa0539706786e502152f3aae95\",\"name\":\"Michele\",\"image\":{\"@type\":\"ImageObject\",\"inLanguage\":\"fr-FR\",\"@id\":\"https:\\\/\\\/secure.gravatar.com\\\/avatar\\\/6b0eb9d22841282815e2cd856a0061c45e1761cd54b22e952d98c4746939aa85?s=96&r=g\",\"url\":\"https:\\\/\\\/secure.gravatar.com\\\/avatar\\\/6b0eb9d22841282815e2cd856a0061c45e1761cd54b22e952d98c4746939aa85?s=96&r=g\",\"contentUrl\":\"https:\\\/\\\/secure.gravatar.com\\\/avatar\\\/6b0eb9d22841282815e2cd856a0061c45e1761cd54b22e952d98c4746939aa85?s=96&r=g\",\"caption\":\"Michele\"},\"description\":\"Formada em Letras - Portugu\u00eas\\\/ Ingl\u00eas, e idealizadora do site Escritora de Sucesso, busca expandir o conhecimento de todos com informa\u00e7\u00f5es relevantes sobre diversos assuntos, enquanto redatora. No Vaga de Emprego RJ, traz oportunidades e dicas sobre o mercado de trabalho.\",\"url\":\"https:\\\/\\\/www.vagadeempregorj.com.br\\\/fr\\\/author\\\/michele\\\/\"}]}<\/script>\n<!-- \/ Yoast SEO plugin. -->","yoast_head_json":{"title":"Oportunidades por Todo o Pa\u00eds: Vagas de Emprego Nacionais em Destaque -","description":"Veja em Vagas de Emprego RJ as vagas de emprego com e sem experi\u00eancia no seu Estado e Regi\u00e3o!","robots":{"index":"index","follow":"follow","max-snippet":"max-snippet:-1","max-image-preview":"max-image-preview:large","max-video-preview":"max-video-preview:-1"},"canonical":"https:\/\/www.vagadeempregorj.com.br\/fr\/oportunidades-por-todo-o-pais-vagas-de-emprego-nacionais-em-destaque\/","og_locale":"fr_FR","og_type":"article","og_title":"Oportunidades por Todo o Pa\u00eds: Vagas de Emprego Nacionais em Destaque -","og_description":"Veja em Vagas de Emprego RJ as vagas de emprego com e sem experi\u00eancia no seu Estado e Regi\u00e3o!","og_url":"https:\/\/www.vagadeempregorj.com.br\/fr\/oportunidades-por-todo-o-pais-vagas-de-emprego-nacionais-em-destaque\/","article_publisher":"https:\/\/www.facebook.com\/empregobrasiloficial","article_published_time":"2023-12-17T01:43:33+00:00","article_modified_time":"2023-12-17T01:43:35+00:00","og_image":[{"width":1280,"height":853,"url":"https:\/\/www.vagadeempregorj.com.br\/wp-content\/uploads\/2023\/12\/image-3.png","type":"image\/png"}],"author":"Michele","twitter_card":"summary_large_image","twitter_misc":{"Written by":"Michele","Est. reading time":"4 minutes"},"schema":{"@context":"https:\/\/schema.org","@graph":[{"@type":"Article","@id":"https:\/\/www.vagadeempregorj.com.br\/oportunidades-por-todo-o-pais-vagas-de-emprego-nacionais-em-destaque\/#article","isPartOf":{"@id":"https:\/\/www.vagadeempregorj.com.br\/oportunidades-por-todo-o-pais-vagas-de-emprego-nacionais-em-destaque\/"},"author":{"name":"Michele","@id":"https:\/\/www.vagadeempregorj.com.br\/#\/schema\/person\/3ddb19fa0539706786e502152f3aae95"},"headline":"Oportunidades por Todo o Pa\u00eds: Vagas de Emprego Nacionais em Destaque","datePublished":"2023-12-17T01:43:33+00:00","dateModified":"2023-12-17T01:43:35+00:00","mainEntityOfPage":{"@id":"https:\/\/www.vagadeempregorj.com.br\/oportunidades-por-todo-o-pais-vagas-de-emprego-nacionais-em-destaque\/"},"wordCount":821,"image":{"@id":"https:\/\/www.vagadeempregorj.com.br\/oportunidades-por-todo-o-pais-vagas-de-emprego-nacionais-em-destaque\/#primaryimage"},"thumbnailUrl":"https:\/\/www.vagadeempregorj.com.br\/wp-content\/uploads\/2023\/12\/image-3.png","articleSection":["Vagas de Emprego Nacionais"],"inLanguage":"fr-FR"},{"@type":"WebPage","@id":"https:\/\/www.vagadeempregorj.com.br\/oportunidades-por-todo-o-pais-vagas-de-emprego-nacionais-em-destaque\/","url":"https:\/\/www.vagadeempregorj.com.br\/oportunidades-por-todo-o-pais-vagas-de-emprego-nacionais-em-destaque\/","name":"Oportunidades por Todo o Pa\u00eds: Vagas de Emprego Nacionais em Destaque -","isPartOf":{"@id":"https:\/\/www.vagadeempregorj.com.br\/#website"},"primaryImageOfPage":{"@id":"https:\/\/www.vagadeempregorj.com.br\/oportunidades-por-todo-o-pais-vagas-de-emprego-nacionais-em-destaque\/#primaryimage"},"image":{"@id":"https:\/\/www.vagadeempregorj.com.br\/oportunidades-por-todo-o-pais-vagas-de-emprego-nacionais-em-destaque\/#primaryimage"},"thumbnailUrl":"https:\/\/www.vagadeempregorj.com.br\/wp-content\/uploads\/2023\/12\/image-3.png","datePublished":"2023-12-17T01:43:33+00:00","dateModified":"2023-12-17T01:43:35+00:00","author":{"@id":"https:\/\/www.vagadeempregorj.com.br\/#\/schema\/person\/3ddb19fa0539706786e502152f3aae95"},"description":"Veja em Vagas de Emprego RJ as vagas de emprego com e sem experi\u00eancia no seu Estado e Regi\u00e3o!","breadcrumb":{"@id":"https:\/\/www.vagadeempregorj.com.br\/oportunidades-por-todo-o-pais-vagas-de-emprego-nacionais-em-destaque\/#breadcrumb"},"inLanguage":"fr-FR","potentialAction":[{"@type":"ReadAction","target":["https:\/\/www.vagadeempregorj.com.br\/oportunidades-por-todo-o-pais-vagas-de-emprego-nacionais-em-destaque\/"]}]},{"@type":"ImageObject","inLanguage":"fr-FR","@id":"https:\/\/www.vagadeempregorj.com.br\/oportunidades-por-todo-o-pais-vagas-de-emprego-nacionais-em-destaque\/#primaryimage","url":"https:\/\/www.vagadeempregorj.com.br\/wp-content\/uploads\/2023\/12\/image-3.png","contentUrl":"https:\/\/www.vagadeempregorj.com.br\/wp-content\/uploads\/2023\/12\/image-3.png","width":1280,"height":853},{"@type":"BreadcrumbList","@id":"https:\/\/www.vagadeempregorj.com.br\/oportunidades-por-todo-o-pais-vagas-de-emprego-nacionais-em-destaque\/#breadcrumb","itemListElement":[{"@type":"ListItem","position":1,"name":"In\u00edcio","item":"https:\/\/www.vagadeempregorj.com.br\/"},{"@type":"ListItem","position":2,"name":"Vagas de Emprego Nacionais","item":"https:\/\/www.vagadeempregorj.com.br\/vagas-de-emprego-nacionais\/"},{"@type":"ListItem","position":3,"name":"Oportunidades por Todo o Pa\u00eds: Vagas de Emprego Nacionais em Destaque"}]},{"@type":"WebSite","@id":"https:\/\/www.vagadeempregorj.com.br\/#website","url":"https:\/\/www.vagadeempregorj.com.br\/","name":"","description":"Conquiste Sonhos: Vagas, Benef\u00edcios e Economia para Transformar Vidas e Alcan\u00e7ar Melhorias Cotidianas","potentialAction":[{"@type":"SearchAction","target":{"@type":"EntryPoint","urlTemplate":"https:\/\/www.vagadeempregorj.com.br\/?s={search_term_string}"},"query-input":{"@type":"PropertyValueSpecification","valueRequired":true,"valueName":"search_term_string"}}],"inLanguage":"fr-FR"},{"@type":"Person","@id":"https:\/\/www.vagadeempregorj.com.br\/#\/schema\/person\/3ddb19fa0539706786e502152f3aae95","name":"Michele","image":{"@type":"ImageObject","inLanguage":"fr-FR","@id":"https:\/\/secure.gravatar.com\/avatar\/6b0eb9d22841282815e2cd856a0061c45e1761cd54b22e952d98c4746939aa85?s=96&r=g","url":"https:\/\/secure.gravatar.com\/avatar\/6b0eb9d22841282815e2cd856a0061c45e1761cd54b22e952d98c4746939aa85?s=96&r=g","contentUrl":"https:\/\/secure.gravatar.com\/avatar\/6b0eb9d22841282815e2cd856a0061c45e1761cd54b22e952d98c4746939aa85?s=96&r=g","caption":"Michele"},"description":"Formada em Letras - Portugu\u00eas\/ Ingl\u00eas, e idealizadora do site Escritora de Sucesso, busca expandir o conhecimento de todos com informa\u00e7\u00f5es relevantes sobre diversos assuntos, enquanto redatora. No Vaga de Emprego RJ, traz oportunidades e dicas sobre o mercado de trabalho.","url":"https:\/\/www.vagadeempregorj.com.br\/fr\/author\/michele\/"}]}},"_links":{"self":[{"href":"https:\/\/www.vagadeempregorj.com.br\/fr\/wp-json\/wp\/v2\/posts\/39284","targetHints":{"allow":["GET"]}}],"collection":[{"href":"https:\/\/www.vagadeempregorj.com.br\/fr\/wp-json\/wp\/v2\/posts"}],"about":[{"href":"https:\/\/www.vagadeempregorj.com.br\/fr\/wp-json\/wp\/v2\/types\/post"}],"author":[{"embeddable":true,"href":"https:\/\/www.vagadeempregorj.com.br\/fr\/wp-json\/wp\/v2\/users\/16"}],"replies":[{"embeddable":true,"href":"https:\/\/www.vagadeempregorj.com.br\/fr\/wp-json\/wp\/v2\/comments?post=39284"}],"version-history":[{"count":0,"href":"https:\/\/www.vagadeempregorj.com.br\/fr\/wp-json\/wp\/v2\/posts\/39284\/revisions"}],"wp:featuredmedia":[{"embeddable":true,"href":"https:\/\/www.vagadeempregorj.com.br\/fr\/wp-json\/wp\/v2\/media\/39285"}],"wp:attachment":[{"href":"https:\/\/www.vagadeempregorj.com.br\/fr\/wp-json\/wp\/v2\/media?parent=39284"}],"wp:term":[{"taxonomy":"category","embeddable":true,"href":"https:\/\/www.vagadeempregorj.com.br\/fr\/wp-json\/wp\/v2\/categories?post=39284"},{"taxonomy":"post_tag","embeddable":true,"href":"https:\/\/www.vagadeempregorj.com.br\/fr\/wp-json\/wp\/v2\/tags?post=39284"}],"curies":[{"name":"wp","href":"https:\/\/api.w.org\/{rel}","templated":true}]}}