{"id":39301,"date":"2023-12-25T21:49:42","date_gmt":"2023-12-26T00:49:42","guid":{"rendered":"https:\/\/www.vagadeempregorj.com.br\/?p=39301"},"modified":"2023-12-25T21:49:44","modified_gmt":"2023-12-26T00:49:44","slug":"conheca-as-vagas-de-emprego-na-coopavel-e-cadastre-seu-curriculo","status":"publish","type":"post","link":"https:\/\/www.vagadeempregorj.com.br\/fr\/conheca-as-vagas-de-emprego-na-coopavel-e-cadastre-seu-curriculo\/","title":{"rendered":"Conhe\u00e7a as vagas de emprego na Coopavel e cadastre seu curr\u00edculo"},"content":{"rendered":"<p>A busca por oportunidades de emprego em uma empresa s\u00f3lida e comprometida com o desenvolvimento \u00e9 o desejo de muitos profissionais. Se voc\u00ea est\u00e1 em busca de uma carreira promissora, a Coopavel pode ser o lugar ideal para voc\u00ea. Neste conte\u00fado, exploraremos as incr\u00edveis oportunidades de emprego oferecidas por uma das maiores cooperativas do Brasil.<\/p>\n\n\n\n<h2 class=\"wp-block-heading\">Quem \u00e9 a Coopavel?<\/h2>\n\n\n\n<p>A Coopavel \u00e9 uma cooperativa agroindustrial brasileira que atua no segmento do agroneg\u00f3cio. Fundada em 1970, a empresa tem uma trajet\u00f3ria de sucesso e consolidou-se como refer\u00eancia em produ\u00e7\u00e3o agropecu\u00e1ria, comercializa\u00e7\u00e3o de gr\u00e3os, agroindustrializa\u00e7\u00e3o e inova\u00e7\u00e3o no setor.<\/p>\n\n\n\n<h2 class=\"wp-block-heading\">Por que Trabalhar na Coopavel?<\/h2>\n\n\n\n<p>Trabalhar na Coopavel oferece uma s\u00e9rie de vantagens e oportunidades que fazem da empresa uma escolha atrativa para profissionais que buscam uma carreira significativa e desafiadora no setor do agroneg\u00f3cio. Aqui est\u00e3o algumas raz\u00f5es convincentes para considerar uma carreira na Coopavel:<\/p>\n\n\n\n<h3 class=\"wp-block-heading\">Compromisso com a Sustentabilidade<\/h3>\n\n\n\n<p>A Coopavel destaca-se por seu compromisso s\u00f3lido com a sustentabilidade no agroneg\u00f3cio. Ao trabalhar na empresa, voc\u00ea far\u00e1 parte de uma organiza\u00e7\u00e3o que valoriza pr\u00e1ticas ambientalmente respons\u00e1veis e busca constantemente maneiras inovadoras de promover o desenvolvimento sustent\u00e1vel.<\/p>\n\n\n\n<figure class=\"wp-block-image size-large\"><img loading=\"lazy\" decoding=\"async\" width=\"1024\" height=\"536\" src=\"https:\/\/www.vagadeempregorj.com.br\/wp-content\/uploads\/2023\/12\/image-5-1024x536.png\" alt=\"\" class=\"wp-image-39302\" srcset=\"https:\/\/www.vagadeempregorj.com.br\/wp-content\/uploads\/2023\/12\/image-5-1024x536.png 1024w, https:\/\/www.vagadeempregorj.com.br\/wp-content\/uploads\/2023\/12\/image-5-300x157.png 300w, https:\/\/www.vagadeempregorj.com.br\/wp-content\/uploads\/2023\/12\/image-5-768x402.png 768w, https:\/\/www.vagadeempregorj.com.br\/wp-content\/uploads\/2023\/12\/image-5-150x79.png 150w, https:\/\/www.vagadeempregorj.com.br\/wp-content\/uploads\/2023\/12\/image-5.png 1200w\" sizes=\"auto, (max-width: 1024px) 100vw, 1024px\" \/><\/figure>\n\n\n\n<h3 class=\"wp-block-heading\">Ambiente de Trabalho Inovador<\/h3>\n\n\n\n<p>A inova\u00e7\u00e3o \u00e9 uma parte fundamental da cultura da Coopavel. A empresa investe em tecnologias de ponta, pesquisa e desenvolvimento para impulsionar a efici\u00eancia em todas as suas opera\u00e7\u00f5es. Ao ingressar na Coopavel, voc\u00ea ter\u00e1 a oportunidade de trabalhar em um ambiente din\u00e2mico, estimulante e prop\u00edcio ao aprendizado cont\u00ednuo.<\/p>\n\n\n\n<h3 class=\"wp-block-heading\">Crescimento Profissional e Desenvolvimento Pessoal<\/h3>\n\n\n\n<p>A Coopavel reconhece e valoriza o potencial de seus colaboradores. A empresa oferece programas de desenvolvimento profissional, treinamentos especializados e oportunidades de crescimento interno. Seja voc\u00ea um profissional experiente ou um talento em ascens\u00e3o, a Coopavel est\u00e1 empenhada em ajudar voc\u00ea a alcan\u00e7ar seu pleno potencial.<\/p>\n\n\n\n<h3 class=\"wp-block-heading\">Cultura de Colabora\u00e7\u00e3o<\/h3>\n\n\n\n<p>A Coopavel promove uma cultura de colabora\u00e7\u00e3o e trabalho em equipe. Ao ingressar na empresa, voc\u00ea se torna parte de uma comunidade de profissionais dedicados, todos comprometidos com o sucesso coletivo. A colabora\u00e7\u00e3o \u00e9 incentivada em todos os n\u00edveis da organiza\u00e7\u00e3o, proporcionando um ambiente de trabalho positivo e enriquecedor.<\/p>\n\n\n\n<h3 class=\"wp-block-heading\">Reconhecimento e Valoriza\u00e7\u00e3o dos Colaboradores<\/h3>\n\n\n\n<p>A Coopavel reconhece que seus colaboradores s\u00e3o o seu ativo mais valioso. A empresa valoriza e recompensa o desempenho excepcional, oferecendo benef\u00edcios competitivos e programas de reconhecimento. Seu trabalho \u00e1rduo e dedica\u00e7\u00e3o n\u00e3o passar\u00e3o despercebidos na Coopavel.<\/p>\n\n\n\n<h3 class=\"wp-block-heading\">Contribui\u00e7\u00e3o para o Agroneg\u00f3cio Brasileiro<\/h3>\n\n\n\n<p>Ao se juntar \u00e0 Coopavel, voc\u00ea se torna parte integrante do cen\u00e1rio do agroneg\u00f3cio brasileiro. A empresa desempenha um papel crucial na produ\u00e7\u00e3o, comercializa\u00e7\u00e3o e industrializa\u00e7\u00e3o de produtos agropecu\u00e1rios, contribuindo diretamente para o crescimento econ\u00f4mico e a seguran\u00e7a alimentar do pa\u00eds.<\/p>\n\n\n\n<h2 class=\"wp-block-heading\">Oportunidades de Emprego na Coopavel<\/h2>\n\n\n\n<p>A Coopavel est\u00e1 constantemente em busca de profissionais talentosos e comprometidos para integrar sua equipe. As oportunidades de emprego abrangem diversas \u00e1reas, desde a produ\u00e7\u00e3o agr\u00edcola at\u00e9 fun\u00e7\u00f5es administrativas e de suporte. Algumas das \u00e1reas de destaque incluem:<\/p>\n\n\n\n<ul class=\"wp-block-list\">\n<li><strong>Agronomia: <\/strong>Se voc\u00ea \u00e9 formado em Agronomia ou \u00e1reas relacionadas, a Coopavel oferece oportunidades para profissionais apaixonados pela agricultura e inova\u00e7\u00e3o no campo.<\/li>\n\n\n\n<li><strong>Log\u00edstica:<\/strong> A empresa busca talentos para otimizar sua cadeia de suprimentos e garantir a efici\u00eancia na distribui\u00e7\u00e3o de produtos.<\/li>\n\n\n\n<li><strong>Administrativo:<\/strong> Vagas em setores administrativos, como recursos humanos, finan\u00e7as e tecnologia da informa\u00e7\u00e3o, proporcionam oportunidades para profissionais qualificados nessas \u00e1reas.<\/li>\n\n\n\n<li><strong>Produ\u00e7\u00e3o Industrial: <\/strong>Para quem tem experi\u00eancia ou interesse na \u00e1rea industrial, a Coopavel oferece oportunidades em suas unidades de processamento e produ\u00e7\u00e3o.<\/li>\n<\/ul>\n\n\n\n<h2 class=\"wp-block-heading\">Como se Candidatar?<\/h2>\n\n\n\n<p>Candidatar-se a uma vaga na Coopavel \u00e9 simples e r\u00e1pido. Acesse o site oficial da empresa e v\u00e1 at\u00e9 a se\u00e7\u00e3o de &#8220;Trabalhe Conosco&#8221; ou &#8220;Vagas Abertas&#8221;. L\u00e1, voc\u00ea encontrar\u00e1 informa\u00e7\u00f5es detalhadas sobre as oportunidades dispon\u00edveis, requisitos e o processo de inscri\u00e7\u00e3o.<\/p>\n\n\n\n<p>Ao cadastrar seu curr\u00edculo, certifique-se de destacar suas habilidades, experi\u00eancias relevantes e motiva\u00e7\u00e3o para integrar a equipe da Coopavel. Este \u00e9 o momento de se destacar e mostrar por que voc\u00ea \u00e9 o candidato ideal para a vaga desejada.<\/p>\n\n\n\n<h2 class=\"wp-block-heading\">Uma comunidade de profissionais dedicados<\/h2>\n\n\n\n<p>A Coopavel \u00e9 mais do que uma cooperativa, \u00e9 uma comunidade de profissionais dedicados que trabalham juntos para impulsionar o desenvolvimento do agroneg\u00f3cio no Brasil. Ao conhecer as vagas de emprego na Coopavel e cadastrar seu curr\u00edculo, voc\u00ea est\u00e1 dando o primeiro passo em dire\u00e7\u00e3o a uma carreira promissora e gratificante.<\/p>\n\n\n\n<p>N\u00e3o perca a oportunidade de fazer parte dessa equipe comprometida e apaixonada. Visite o site da Coopavel hoje mesmo, conhe\u00e7a as vagas dispon\u00edveis e d\u00ea um passo importante em dire\u00e7\u00e3o ao seu sucesso profissional. A Coopavel espera por voc\u00ea!<\/p>\n\n\n\n<p><strong>Veja tamb\u00e9m: <a href=\"https:\/\/www.vagadeempregorj.com.br\/fr\/o-impacto-das-tendencias-tecnologicas-na-economia-oportunidades-e-desafios-para-empresarios-e-investidores\/\">O Impacto das Tend\u00eancias Tecnol\u00f3gicas na Economia: Oportunidades e Desafios para Empres\u00e1rios e Investidores<\/a><\/strong><\/p>\n\n\n\n<p>25 de dezembro de 2023<\/p>","protected":false},"excerpt":{"rendered":"<p>A busca por oportunidades de emprego em uma empresa s\u00f3lida e comprometida com o desenvolvimento \u00e9 o desejo de muitos profissionais. Se voc\u00ea est\u00e1 em busca de uma carreira promissora, a Coopavel pode ser o lugar ideal para voc\u00ea. Neste conte\u00fado, exploraremos as incr\u00edveis oportunidades de emprego oferecidas por uma das maiores cooperativas do Brasil.&hellip;&nbsp;<\/p>","protected":false},"author":16,"featured_media":39302,"comment_status":"closed","ping_status":"closed","sticky":false,"template":"","format":"standard","meta":{"neve_meta_sidebar":"","neve_meta_container":"","neve_meta_enable_content_width":"","neve_meta_content_width":0,"neve_meta_title_alignment":"","neve_meta_author_avatar":"","neve_post_elements_order":"","neve_meta_disable_header":"","neve_meta_disable_footer":"","neve_meta_disable_title":"","footnotes":""},"categories":[123],"tags":[],"class_list":["post-39301","post","type-post","status-publish","format-standard","has-post-thumbnail","hentry","category-vagas-de-emprego-nacionais"],"yoast_head":"<!-- This site is optimized with the Yoast SEO plugin v27.5 - https:\/\/yoast.com\/product\/yoast-seo-wordpress\/ -->\n<title>Conhe\u00e7a as vagas de emprego na Coopavel e cadastre seu curr\u00edculo -<\/title>\n<meta name=\"description\" content=\"Veja em Vagas de Emprego RJ as vagas de emprego com e sem experi\u00eancia no seu Estado e Regi\u00e3o!\" \/>\n<meta name=\"robots\" content=\"index, follow, max-snippet:-1, max-image-preview:large, max-video-preview:-1\" \/>\n<link rel=\"canonical\" href=\"https:\/\/www.vagadeempregorj.com.br\/fr\/conheca-as-vagas-de-emprego-na-coopavel-e-cadastre-seu-curriculo\/\" \/>\n<meta property=\"og:locale\" content=\"fr_FR\" \/>\n<meta property=\"og:type\" content=\"article\" \/>\n<meta property=\"og:title\" content=\"Conhe\u00e7a as vagas de emprego na Coopavel e cadastre seu curr\u00edculo -\" \/>\n<meta property=\"og:description\" content=\"Veja em Vagas de Emprego RJ as vagas de emprego com e sem experi\u00eancia no seu Estado e Regi\u00e3o!\" \/>\n<meta property=\"og:url\" content=\"https:\/\/www.vagadeempregorj.com.br\/fr\/conheca-as-vagas-de-emprego-na-coopavel-e-cadastre-seu-curriculo\/\" \/>\n<meta property=\"article:publisher\" content=\"https:\/\/www.facebook.com\/empregobrasiloficial\" \/>\n<meta property=\"article:published_time\" content=\"2023-12-26T00:49:42+00:00\" \/>\n<meta property=\"article:modified_time\" content=\"2023-12-26T00:49:44+00:00\" \/>\n<meta property=\"og:image\" content=\"https:\/\/www.vagadeempregorj.com.br\/wp-content\/uploads\/2023\/12\/image-5.png\" \/>\n\t<meta property=\"og:image:width\" content=\"1200\" \/>\n\t<meta property=\"og:image:height\" content=\"628\" \/>\n\t<meta property=\"og:image:type\" content=\"image\/png\" \/>\n<meta name=\"author\" content=\"Michele\" \/>\n<meta name=\"twitter:card\" content=\"summary_large_image\" \/>\n<meta name=\"twitter:label1\" content=\"Written by\" \/>\n\t<meta name=\"twitter:data1\" content=\"Michele\" \/>\n\t<meta name=\"twitter:label2\" content=\"Est. reading time\" \/>\n\t<meta name=\"twitter:data2\" content=\"4 minutes\" \/>\n<script type=\"application\/ld+json\" class=\"yoast-schema-graph\">{\"@context\":\"https:\\\/\\\/schema.org\",\"@graph\":[{\"@type\":\"Article\",\"@id\":\"https:\\\/\\\/www.vagadeempregorj.com.br\\\/conheca-as-vagas-de-emprego-na-coopavel-e-cadastre-seu-curriculo\\\/#article\",\"isPartOf\":{\"@id\":\"https:\\\/\\\/www.vagadeempregorj.com.br\\\/conheca-as-vagas-de-emprego-na-coopavel-e-cadastre-seu-curriculo\\\/\"},\"author\":{\"name\":\"Michele\",\"@id\":\"https:\\\/\\\/www.vagadeempregorj.com.br\\\/#\\\/schema\\\/person\\\/3ddb19fa0539706786e502152f3aae95\"},\"headline\":\"Conhe\u00e7a as vagas de emprego na Coopavel e cadastre seu curr\u00edculo\",\"datePublished\":\"2023-12-26T00:49:42+00:00\",\"dateModified\":\"2023-12-26T00:49:44+00:00\",\"mainEntityOfPage\":{\"@id\":\"https:\\\/\\\/www.vagadeempregorj.com.br\\\/conheca-as-vagas-de-emprego-na-coopavel-e-cadastre-seu-curriculo\\\/\"},\"wordCount\":836,\"image\":{\"@id\":\"https:\\\/\\\/www.vagadeempregorj.com.br\\\/conheca-as-vagas-de-emprego-na-coopavel-e-cadastre-seu-curriculo\\\/#primaryimage\"},\"thumbnailUrl\":\"https:\\\/\\\/www.vagadeempregorj.com.br\\\/wp-content\\\/uploads\\\/2023\\\/12\\\/image-5.png\",\"articleSection\":[\"Vagas de Emprego Nacionais\"],\"inLanguage\":\"fr-FR\"},{\"@type\":\"WebPage\",\"@id\":\"https:\\\/\\\/www.vagadeempregorj.com.br\\\/conheca-as-vagas-de-emprego-na-coopavel-e-cadastre-seu-curriculo\\\/\",\"url\":\"https:\\\/\\\/www.vagadeempregorj.com.br\\\/conheca-as-vagas-de-emprego-na-coopavel-e-cadastre-seu-curriculo\\\/\",\"name\":\"Conhe\u00e7a as vagas de emprego na Coopavel e cadastre seu curr\u00edculo -\",\"isPartOf\":{\"@id\":\"https:\\\/\\\/www.vagadeempregorj.com.br\\\/#website\"},\"primaryImageOfPage\":{\"@id\":\"https:\\\/\\\/www.vagadeempregorj.com.br\\\/conheca-as-vagas-de-emprego-na-coopavel-e-cadastre-seu-curriculo\\\/#primaryimage\"},\"image\":{\"@id\":\"https:\\\/\\\/www.vagadeempregorj.com.br\\\/conheca-as-vagas-de-emprego-na-coopavel-e-cadastre-seu-curriculo\\\/#primaryimage\"},\"thumbnailUrl\":\"https:\\\/\\\/www.vagadeempregorj.com.br\\\/wp-content\\\/uploads\\\/2023\\\/12\\\/image-5.png\",\"datePublished\":\"2023-12-26T00:49:42+00:00\",\"dateModified\":\"2023-12-26T00:49:44+00:00\",\"author\":{\"@id\":\"https:\\\/\\\/www.vagadeempregorj.com.br\\\/#\\\/schema\\\/person\\\/3ddb19fa0539706786e502152f3aae95\"},\"description\":\"Veja em Vagas de Emprego RJ as vagas de emprego com e sem experi\u00eancia no seu Estado e Regi\u00e3o!\",\"breadcrumb\":{\"@id\":\"https:\\\/\\\/www.vagadeempregorj.com.br\\\/conheca-as-vagas-de-emprego-na-coopavel-e-cadastre-seu-curriculo\\\/#breadcrumb\"},\"inLanguage\":\"fr-FR\",\"potentialAction\":[{\"@type\":\"ReadAction\",\"target\":[\"https:\\\/\\\/www.vagadeempregorj.com.br\\\/conheca-as-vagas-de-emprego-na-coopavel-e-cadastre-seu-curriculo\\\/\"]}]},{\"@type\":\"ImageObject\",\"inLanguage\":\"fr-FR\",\"@id\":\"https:\\\/\\\/www.vagadeempregorj.com.br\\\/conheca-as-vagas-de-emprego-na-coopavel-e-cadastre-seu-curriculo\\\/#primaryimage\",\"url\":\"https:\\\/\\\/www.vagadeempregorj.com.br\\\/wp-content\\\/uploads\\\/2023\\\/12\\\/image-5.png\",\"contentUrl\":\"https:\\\/\\\/www.vagadeempregorj.com.br\\\/wp-content\\\/uploads\\\/2023\\\/12\\\/image-5.png\",\"width\":1200,\"height\":628},{\"@type\":\"BreadcrumbList\",\"@id\":\"https:\\\/\\\/www.vagadeempregorj.com.br\\\/conheca-as-vagas-de-emprego-na-coopavel-e-cadastre-seu-curriculo\\\/#breadcrumb\",\"itemListElement\":[{\"@type\":\"ListItem\",\"position\":1,\"name\":\"In\u00edcio\",\"item\":\"https:\\\/\\\/www.vagadeempregorj.com.br\\\/\"},{\"@type\":\"ListItem\",\"position\":2,\"name\":\"Vagas de Emprego Nacionais\",\"item\":\"https:\\\/\\\/www.vagadeempregorj.com.br\\\/vagas-de-emprego-nacionais\\\/\"},{\"@type\":\"ListItem\",\"position\":3,\"name\":\"Conhe\u00e7a as vagas de emprego na Coopavel e cadastre seu curr\u00edculo\"}]},{\"@type\":\"WebSite\",\"@id\":\"https:\\\/\\\/www.vagadeempregorj.com.br\\\/#website\",\"url\":\"https:\\\/\\\/www.vagadeempregorj.com.br\\\/\",\"name\":\"\",\"description\":\"Conquiste Sonhos: Vagas, Benef\u00edcios e Economia para Transformar Vidas e Alcan\u00e7ar Melhorias Cotidianas\",\"potentialAction\":[{\"@type\":\"SearchAction\",\"target\":{\"@type\":\"EntryPoint\",\"urlTemplate\":\"https:\\\/\\\/www.vagadeempregorj.com.br\\\/?s={search_term_string}\"},\"query-input\":{\"@type\":\"PropertyValueSpecification\",\"valueRequired\":true,\"valueName\":\"search_term_string\"}}],\"inLanguage\":\"fr-FR\"},{\"@type\":\"Person\",\"@id\":\"https:\\\/\\\/www.vagadeempregorj.com.br\\\/#\\\/schema\\\/person\\\/3ddb19fa0539706786e502152f3aae95\",\"name\":\"Michele\",\"image\":{\"@type\":\"ImageObject\",\"inLanguage\":\"fr-FR\",\"@id\":\"https:\\\/\\\/secure.gravatar.com\\\/avatar\\\/6b0eb9d22841282815e2cd856a0061c45e1761cd54b22e952d98c4746939aa85?s=96&r=g\",\"url\":\"https:\\\/\\\/secure.gravatar.com\\\/avatar\\\/6b0eb9d22841282815e2cd856a0061c45e1761cd54b22e952d98c4746939aa85?s=96&r=g\",\"contentUrl\":\"https:\\\/\\\/secure.gravatar.com\\\/avatar\\\/6b0eb9d22841282815e2cd856a0061c45e1761cd54b22e952d98c4746939aa85?s=96&r=g\",\"caption\":\"Michele\"},\"description\":\"Formada em Letras - Portugu\u00eas\\\/ Ingl\u00eas, e idealizadora do site Escritora de Sucesso, busca expandir o conhecimento de todos com informa\u00e7\u00f5es relevantes sobre diversos assuntos, enquanto redatora. No Vaga de Emprego RJ, traz oportunidades e dicas sobre o mercado de trabalho.\",\"url\":\"https:\\\/\\\/www.vagadeempregorj.com.br\\\/fr\\\/author\\\/michele\\\/\"}]}<\/script>\n<!-- \/ Yoast SEO plugin. -->","yoast_head_json":{"title":"Conhe\u00e7a as vagas de emprego na Coopavel e cadastre seu curr\u00edculo -","description":"Veja em Vagas de Emprego RJ as vagas de emprego com e sem experi\u00eancia no seu Estado e Regi\u00e3o!","robots":{"index":"index","follow":"follow","max-snippet":"max-snippet:-1","max-image-preview":"max-image-preview:large","max-video-preview":"max-video-preview:-1"},"canonical":"https:\/\/www.vagadeempregorj.com.br\/fr\/conheca-as-vagas-de-emprego-na-coopavel-e-cadastre-seu-curriculo\/","og_locale":"fr_FR","og_type":"article","og_title":"Conhe\u00e7a as vagas de emprego na Coopavel e cadastre seu curr\u00edculo -","og_description":"Veja em Vagas de Emprego RJ as vagas de emprego com e sem experi\u00eancia no seu Estado e Regi\u00e3o!","og_url":"https:\/\/www.vagadeempregorj.com.br\/fr\/conheca-as-vagas-de-emprego-na-coopavel-e-cadastre-seu-curriculo\/","article_publisher":"https:\/\/www.facebook.com\/empregobrasiloficial","article_published_time":"2023-12-26T00:49:42+00:00","article_modified_time":"2023-12-26T00:49:44+00:00","og_image":[{"width":1200,"height":628,"url":"https:\/\/www.vagadeempregorj.com.br\/wp-content\/uploads\/2023\/12\/image-5.png","type":"image\/png"}],"author":"Michele","twitter_card":"summary_large_image","twitter_misc":{"Written by":"Michele","Est. reading time":"4 minutes"},"schema":{"@context":"https:\/\/schema.org","@graph":[{"@type":"Article","@id":"https:\/\/www.vagadeempregorj.com.br\/conheca-as-vagas-de-emprego-na-coopavel-e-cadastre-seu-curriculo\/#article","isPartOf":{"@id":"https:\/\/www.vagadeempregorj.com.br\/conheca-as-vagas-de-emprego-na-coopavel-e-cadastre-seu-curriculo\/"},"author":{"name":"Michele","@id":"https:\/\/www.vagadeempregorj.com.br\/#\/schema\/person\/3ddb19fa0539706786e502152f3aae95"},"headline":"Conhe\u00e7a as vagas de emprego na Coopavel e cadastre seu curr\u00edculo","datePublished":"2023-12-26T00:49:42+00:00","dateModified":"2023-12-26T00:49:44+00:00","mainEntityOfPage":{"@id":"https:\/\/www.vagadeempregorj.com.br\/conheca-as-vagas-de-emprego-na-coopavel-e-cadastre-seu-curriculo\/"},"wordCount":836,"image":{"@id":"https:\/\/www.vagadeempregorj.com.br\/conheca-as-vagas-de-emprego-na-coopavel-e-cadastre-seu-curriculo\/#primaryimage"},"thumbnailUrl":"https:\/\/www.vagadeempregorj.com.br\/wp-content\/uploads\/2023\/12\/image-5.png","articleSection":["Vagas de Emprego Nacionais"],"inLanguage":"fr-FR"},{"@type":"WebPage","@id":"https:\/\/www.vagadeempregorj.com.br\/conheca-as-vagas-de-emprego-na-coopavel-e-cadastre-seu-curriculo\/","url":"https:\/\/www.vagadeempregorj.com.br\/conheca-as-vagas-de-emprego-na-coopavel-e-cadastre-seu-curriculo\/","name":"Conhe\u00e7a as vagas de emprego na Coopavel e cadastre seu curr\u00edculo -","isPartOf":{"@id":"https:\/\/www.vagadeempregorj.com.br\/#website"},"primaryImageOfPage":{"@id":"https:\/\/www.vagadeempregorj.com.br\/conheca-as-vagas-de-emprego-na-coopavel-e-cadastre-seu-curriculo\/#primaryimage"},"image":{"@id":"https:\/\/www.vagadeempregorj.com.br\/conheca-as-vagas-de-emprego-na-coopavel-e-cadastre-seu-curriculo\/#primaryimage"},"thumbnailUrl":"https:\/\/www.vagadeempregorj.com.br\/wp-content\/uploads\/2023\/12\/image-5.png","datePublished":"2023-12-26T00:49:42+00:00","dateModified":"2023-12-26T00:49:44+00:00","author":{"@id":"https:\/\/www.vagadeempregorj.com.br\/#\/schema\/person\/3ddb19fa0539706786e502152f3aae95"},"description":"Veja em Vagas de Emprego RJ as vagas de emprego com e sem experi\u00eancia no seu Estado e Regi\u00e3o!","breadcrumb":{"@id":"https:\/\/www.vagadeempregorj.com.br\/conheca-as-vagas-de-emprego-na-coopavel-e-cadastre-seu-curriculo\/#breadcrumb"},"inLanguage":"fr-FR","potentialAction":[{"@type":"ReadAction","target":["https:\/\/www.vagadeempregorj.com.br\/conheca-as-vagas-de-emprego-na-coopavel-e-cadastre-seu-curriculo\/"]}]},{"@type":"ImageObject","inLanguage":"fr-FR","@id":"https:\/\/www.vagadeempregorj.com.br\/conheca-as-vagas-de-emprego-na-coopavel-e-cadastre-seu-curriculo\/#primaryimage","url":"https:\/\/www.vagadeempregorj.com.br\/wp-content\/uploads\/2023\/12\/image-5.png","contentUrl":"https:\/\/www.vagadeempregorj.com.br\/wp-content\/uploads\/2023\/12\/image-5.png","width":1200,"height":628},{"@type":"BreadcrumbList","@id":"https:\/\/www.vagadeempregorj.com.br\/conheca-as-vagas-de-emprego-na-coopavel-e-cadastre-seu-curriculo\/#breadcrumb","itemListElement":[{"@type":"ListItem","position":1,"name":"In\u00edcio","item":"https:\/\/www.vagadeempregorj.com.br\/"},{"@type":"ListItem","position":2,"name":"Vagas de Emprego Nacionais","item":"https:\/\/www.vagadeempregorj.com.br\/vagas-de-emprego-nacionais\/"},{"@type":"ListItem","position":3,"name":"Conhe\u00e7a as vagas de emprego na Coopavel e cadastre seu curr\u00edculo"}]},{"@type":"WebSite","@id":"https:\/\/www.vagadeempregorj.com.br\/#website","url":"https:\/\/www.vagadeempregorj.com.br\/","name":"","description":"Conquiste Sonhos: Vagas, Benef\u00edcios e Economia para Transformar Vidas e Alcan\u00e7ar Melhorias Cotidianas","potentialAction":[{"@type":"SearchAction","target":{"@type":"EntryPoint","urlTemplate":"https:\/\/www.vagadeempregorj.com.br\/?s={search_term_string}"},"query-input":{"@type":"PropertyValueSpecification","valueRequired":true,"valueName":"search_term_string"}}],"inLanguage":"fr-FR"},{"@type":"Person","@id":"https:\/\/www.vagadeempregorj.com.br\/#\/schema\/person\/3ddb19fa0539706786e502152f3aae95","name":"Michele","image":{"@type":"ImageObject","inLanguage":"fr-FR","@id":"https:\/\/secure.gravatar.com\/avatar\/6b0eb9d22841282815e2cd856a0061c45e1761cd54b22e952d98c4746939aa85?s=96&r=g","url":"https:\/\/secure.gravatar.com\/avatar\/6b0eb9d22841282815e2cd856a0061c45e1761cd54b22e952d98c4746939aa85?s=96&r=g","contentUrl":"https:\/\/secure.gravatar.com\/avatar\/6b0eb9d22841282815e2cd856a0061c45e1761cd54b22e952d98c4746939aa85?s=96&r=g","caption":"Michele"},"description":"Formada em Letras - Portugu\u00eas\/ Ingl\u00eas, e idealizadora do site Escritora de Sucesso, busca expandir o conhecimento de todos com informa\u00e7\u00f5es relevantes sobre diversos assuntos, enquanto redatora. No Vaga de Emprego RJ, traz oportunidades e dicas sobre o mercado de trabalho.","url":"https:\/\/www.vagadeempregorj.com.br\/fr\/author\/michele\/"}]}},"_links":{"self":[{"href":"https:\/\/www.vagadeempregorj.com.br\/fr\/wp-json\/wp\/v2\/posts\/39301","targetHints":{"allow":["GET"]}}],"collection":[{"href":"https:\/\/www.vagadeempregorj.com.br\/fr\/wp-json\/wp\/v2\/posts"}],"about":[{"href":"https:\/\/www.vagadeempregorj.com.br\/fr\/wp-json\/wp\/v2\/types\/post"}],"author":[{"embeddable":true,"href":"https:\/\/www.vagadeempregorj.com.br\/fr\/wp-json\/wp\/v2\/users\/16"}],"replies":[{"embeddable":true,"href":"https:\/\/www.vagadeempregorj.com.br\/fr\/wp-json\/wp\/v2\/comments?post=39301"}],"version-history":[{"count":0,"href":"https:\/\/www.vagadeempregorj.com.br\/fr\/wp-json\/wp\/v2\/posts\/39301\/revisions"}],"wp:featuredmedia":[{"embeddable":true,"href":"https:\/\/www.vagadeempregorj.com.br\/fr\/wp-json\/wp\/v2\/media\/39302"}],"wp:attachment":[{"href":"https:\/\/www.vagadeempregorj.com.br\/fr\/wp-json\/wp\/v2\/media?parent=39301"}],"wp:term":[{"taxonomy":"category","embeddable":true,"href":"https:\/\/www.vagadeempregorj.com.br\/fr\/wp-json\/wp\/v2\/categories?post=39301"},{"taxonomy":"post_tag","embeddable":true,"href":"https:\/\/www.vagadeempregorj.com.br\/fr\/wp-json\/wp\/v2\/tags?post=39301"}],"curies":[{"name":"wp","href":"https:\/\/api.w.org\/{rel}","templated":true}]}}