{"id":39318,"date":"2024-01-06T00:01:00","date_gmt":"2024-01-06T03:01:00","guid":{"rendered":"https:\/\/www.vagadeempregorj.com.br\/?p=39318"},"modified":"2024-01-01T21:53:54","modified_gmt":"2024-01-02T00:53:54","slug":"situacao-economica-analises-e-reflexoes-sobre-o-panorama-atual-do-brasil","status":"publish","type":"post","link":"https:\/\/www.vagadeempregorj.com.br\/fr\/situacao-economica-analises-e-reflexoes-sobre-o-panorama-atual-do-brasil\/","title":{"rendered":"Situa\u00e7\u00e3o Econ\u00f4mica: An\u00e1lises e Reflex\u00f5es sobre o Panorama Atual do Brasil"},"content":{"rendered":"<p>O cen\u00e1rio econ\u00f4mico do Brasil \u00e9 constantemente alvo de discuss\u00f5es, debates e an\u00e1lises por parte de especialistas, acad\u00eamicos e cidad\u00e3os preocupados com o futuro do pa\u00eds. Nos \u00faltimos anos, a na\u00e7\u00e3o enfrenta desafios significativos que impactaram diretamente sua estabilidade financeira.&nbsp;<\/p>\n\n\n\n<h2 class=\"wp-block-heading\">An\u00e1lises e Reflex\u00f5es sobre o panorama atual do Brasil<\/h2>\n\n\n\n<p>Veja alguns dos principais aspectos que comp\u00f5em o atual panorama econ\u00f4mico brasileiro, oferecendo an\u00e1lises cr\u00edticas e reflex\u00f5es sobre o que est\u00e1 em jogo.<\/p>\n\n\n\n<h3 class=\"wp-block-heading\">1. Crescimento Econ\u00f4mico e Desafios Estruturais<\/h3>\n\n\n\n<p>O crescimento econ\u00f4mico \u00e9 um indicador crucial para medir a sa\u00fade financeira de um pa\u00eds. No Brasil, entretanto, temos observado um crescimento que oscila e apresenta desafios estruturais persistentes.&nbsp;<\/p>\n\n\n\n<p>O Produto Interno Bruto (PIB) tem mostrado varia\u00e7\u00f5es anuais, e muitos apontam para a necessidade de reformas estruturais para impulsionar um crescimento mais consistente. A complexidade tribut\u00e1ria, a burocracia excessiva e a falta de investimentos em infraestrutura s\u00e3o alguns dos fatores que continuam a ser obst\u00e1culos significativos.<\/p>\n\n\n\n<h3 class=\"wp-block-heading\">2. Infla\u00e7\u00e3o e Pol\u00edtica Monet\u00e1ria<\/h3>\n\n\n\n<p>Outro ponto de aten\u00e7\u00e3o \u00e9 a infla\u00e7\u00e3o, que pode afetar diretamente o poder de compra da popula\u00e7\u00e3o. Nos \u00faltimos anos, o Brasil tem enfrentado press\u00f5es inflacion\u00e1rias, levando o Banco Central a adotar medidas para conter esse aumento de pre\u00e7os.<\/p>\n\n\n\n<p>A pol\u00edtica monet\u00e1ria desempenha um papel crucial nesse contexto, com decis\u00f5es sobre taxas de juros e controle da oferta de moeda sendo ferramentas fundamentais para manter a estabilidade econ\u00f4mica.<\/p>\n\n\n\n<h3 class=\"wp-block-heading\">3. Desemprego e Desigualdade Social<\/h3>\n\n\n\n<p>O desemprego \u00e9 um indicador sens\u00edvel que reflete n\u00e3o apenas a situa\u00e7\u00e3o econ\u00f4mica do pa\u00eds, mas tamb\u00e9m sua din\u00e2mica social. O Brasil tem enfrentado desafios significativos no combate ao desemprego, e a pandemia de COVID-19 agravou ainda mais essa situa\u00e7\u00e3o.\u00a0<\/p>\n\n\n\n<figure class=\"wp-block-image size-large\"><img loading=\"lazy\" decoding=\"async\" width=\"1024\" height=\"682\" src=\"https:\/\/www.vagadeempregorj.com.br\/wp-content\/uploads\/2024\/01\/image-2-1024x682.png\" alt=\"\" class=\"wp-image-39319\" srcset=\"https:\/\/www.vagadeempregorj.com.br\/wp-content\/uploads\/2024\/01\/image-2-1024x682.png 1024w, https:\/\/www.vagadeempregorj.com.br\/wp-content\/uploads\/2024\/01\/image-2-300x200.png 300w, https:\/\/www.vagadeempregorj.com.br\/wp-content\/uploads\/2024\/01\/image-2-768x512.png 768w, https:\/\/www.vagadeempregorj.com.br\/wp-content\/uploads\/2024\/01\/image-2-150x100.png 150w, https:\/\/www.vagadeempregorj.com.br\/wp-content\/uploads\/2024\/01\/image-2.png 1280w\" sizes=\"auto, (max-width: 1024px) 100vw, 1024px\" \/><\/figure>\n\n\n\n<p>Al\u00e9m disso, a desigualdade social persistente \u00e9 uma preocupa\u00e7\u00e3o constante, exigindo pol\u00edticas p\u00fablicas que abordem n\u00e3o apenas a gera\u00e7\u00e3o de empregos, mas tamb\u00e9m a distribui\u00e7\u00e3o justa de renda.<\/p>\n\n\n\n<h3 class=\"wp-block-heading\">4. D\u00e9ficit Fiscal e Reformas Estruturais<\/h3>\n\n\n\n<p>O d\u00e9ficit fiscal \u00e9 uma preocupa\u00e7\u00e3o que impacta diretamente a capacidade do governo de investir em \u00e1reas cruciais, como sa\u00fade, educa\u00e7\u00e3o e infraestrutura. As reformas estruturais tornam-se imperativas para reequilibrar as contas p\u00fablicas e criar um ambiente prop\u00edcio para o crescimento sustent\u00e1vel. No entanto, a implementa\u00e7\u00e3o dessas reformas muitas vezes encontra resist\u00eancia pol\u00edtica e social, tornando o processo complexo e demorado.<\/p>\n\n\n\n<h3 class=\"wp-block-heading\">5. Perspectivas para o Futuro<\/h3>\n\n\n\n<p>\u00c0 medida que analisamos as perspectivas para o futuro econ\u00f4mico do Brasil, \u00e9 imperativo reconhecer tanto os desafios prementes quanto as oportunidades latentes que podem moldar o destino do pa\u00eds. O cen\u00e1rio atual, marcado por desafios estruturais e incertezas globais, exige uma abordagem estrat\u00e9gica e inovadora para impulsionar o crescimento e a sustentabilidade econ\u00f4mica.<\/p>\n\n\n\n<h4 class=\"wp-block-heading\">Reformas Estruturais como Impulsionadoras do Crescimento Sustent\u00e1vel<\/h4>\n\n\n\n<p>Um dos principais caminhos para assegurar um futuro mais promissor \u00e9 a implementa\u00e7\u00e3o de reformas estruturais abrangentes. Isso inclui reformas tribut\u00e1rias para simplificar o sistema, tornando-o mais transparente e eficiente, e reformas no mercado de trabalho para promover a flexibilidade sem comprometer os direitos dos trabalhadores. Al\u00e9m disso, \u00e9 essencial avan\u00e7ar em reformas educacionais que preparem a for\u00e7a de trabalho para as demandas do mercado globalizado e em constante evolu\u00e7\u00e3o.<\/p>\n\n\n\n<h4 class=\"wp-block-heading\">Inova\u00e7\u00e3o e Investimentos em Tecnologia<\/h4>\n\n\n\n<p>O papel da inova\u00e7\u00e3o e dos investimentos em tecnologia n\u00e3o pode ser subestimado quando se trata de moldar as perspectivas econ\u00f4micas. O Brasil possui um potencial consider\u00e1vel para se tornar um polo de inova\u00e7\u00e3o, aproveitando seus recursos naturais e capital humano. Incentivos fiscais, parcerias p\u00fablico-privadas e investimentos em pesquisa e desenvolvimento podem criar um ambiente prop\u00edcio para o surgimento de novas ind\u00fastrias e o fortalecimento das j\u00e1 existentes.<\/p>\n\n\n\n<h4 class=\"wp-block-heading\">Sustentabilidade Ambiental e Social<\/h4>\n\n\n\n<p>\u00c0 medida que avan\u00e7amos para o futuro, a sustentabilidade torna-se uma palavra-chave cr\u00edtica. O Brasil, com sua vasta biodiversidade e recursos naturais, tem a oportunidade de liderar esfor\u00e7os globais em prol da sustentabilidade ambiental. Investir em energias renov\u00e1veis, preservar ecossistemas cruciais e adotar pr\u00e1ticas sustent\u00e1veis na agricultura s\u00e3o passos essenciais para garantir um futuro econ\u00f4mico que respeite os limites do planeta.<\/p>\n\n\n\n<h2 class=\"wp-block-heading\">Desafios e Oportunidades<\/h2>\n\n\n\n<p>Em conclus\u00e3o, a situa\u00e7\u00e3o econ\u00f4mica do Brasil \u00e9 complexa e multifacetada. Enfrentamos desafios estruturais que demandam solu\u00e7\u00f5es a longo prazo, mas tamb\u00e9m temos oportunidades para transformar a economia e impulsionar o desenvolvimento.<\/p>\n\n\n\n<p>\u00c9 crucial que os l\u00edderes pol\u00edticos, a sociedade civil e o setor privado trabalhem em conjunto para superar os obst\u00e1culos existentes e construir um futuro mais pr\u00f3spero e equitativo para todos. A an\u00e1lise cr\u00edtica e as reflex\u00f5es constantes sobre o panorama econ\u00f4mico s\u00e3o essenciais para guiar as decis\u00f5es e as a\u00e7\u00f5es que moldar\u00e3o o destino do Brasil nos pr\u00f3ximos anos.<\/p>\n\n\n\n<p><strong>Veja tamb\u00e9m: <a href=\"https:\/\/www.vagadeempregorj.com.br\/fr\/o-impacto-das-tendencias-tecnologicas-na-economia-oportunidades-e-desafios-para-empresarios-e-investidores\/\">O Impacto das Tend\u00eancias Tecnol\u00f3gicas na Economia: Oportunidades e Desafios para Empres\u00e1rios e Investidores<\/a><\/strong><\/p>\n\n\n\n<p>6 de janeiro de 2024<\/p>","protected":false},"excerpt":{"rendered":"<p>O cen\u00e1rio econ\u00f4mico do Brasil \u00e9 constantemente alvo de discuss\u00f5es, debates e an\u00e1lises por parte de especialistas, acad\u00eamicos e cidad\u00e3os preocupados com o futuro do pa\u00eds. Nos \u00faltimos anos, a na\u00e7\u00e3o enfrenta desafios significativos que impactaram diretamente sua estabilidade financeira.&nbsp; An\u00e1lises e Reflex\u00f5es sobre o panorama atual do Brasil Veja alguns dos principais aspectos que&hellip;&nbsp;<\/p>","protected":false},"author":16,"featured_media":39319,"comment_status":"closed","ping_status":"closed","sticky":false,"template":"","format":"standard","meta":{"neve_meta_sidebar":"","neve_meta_container":"","neve_meta_enable_content_width":"","neve_meta_content_width":0,"neve_meta_title_alignment":"","neve_meta_author_avatar":"","neve_post_elements_order":"","neve_meta_disable_header":"","neve_meta_disable_footer":"","neve_meta_disable_title":"","footnotes":""},"categories":[804],"tags":[],"class_list":["post-39318","post","type-post","status-publish","format-standard","has-post-thumbnail","hentry","category-economia"],"yoast_head":"<!-- This site is optimized with the Yoast SEO plugin v27.5 - https:\/\/yoast.com\/product\/yoast-seo-wordpress\/ -->\n<title>Situa\u00e7\u00e3o Econ\u00f4mica: An\u00e1lises e Reflex\u00f5es sobre o Panorama Atual do Brasil -<\/title>\n<meta name=\"description\" content=\"Veja em Vagas de Emprego RJ as vagas de emprego com e sem experi\u00eancia no seu Estado e Regi\u00e3o!\" \/>\n<meta name=\"robots\" content=\"index, follow, max-snippet:-1, max-image-preview:large, max-video-preview:-1\" \/>\n<link rel=\"canonical\" href=\"https:\/\/www.vagadeempregorj.com.br\/fr\/situacao-economica-analises-e-reflexoes-sobre-o-panorama-atual-do-brasil\/\" \/>\n<meta property=\"og:locale\" content=\"fr_FR\" \/>\n<meta property=\"og:type\" content=\"article\" \/>\n<meta property=\"og:title\" content=\"Situa\u00e7\u00e3o Econ\u00f4mica: An\u00e1lises e Reflex\u00f5es sobre o Panorama Atual do Brasil -\" \/>\n<meta property=\"og:description\" content=\"Veja em Vagas de Emprego RJ as vagas de emprego com e sem experi\u00eancia no seu Estado e Regi\u00e3o!\" \/>\n<meta property=\"og:url\" content=\"https:\/\/www.vagadeempregorj.com.br\/fr\/situacao-economica-analises-e-reflexoes-sobre-o-panorama-atual-do-brasil\/\" \/>\n<meta property=\"article:publisher\" content=\"https:\/\/www.facebook.com\/empregobrasiloficial\" \/>\n<meta property=\"article:published_time\" content=\"2024-01-06T03:01:00+00:00\" \/>\n<meta property=\"og:image\" content=\"https:\/\/www.vagadeempregorj.com.br\/wp-content\/uploads\/2024\/01\/image-2.png\" \/>\n\t<meta property=\"og:image:width\" content=\"1280\" \/>\n\t<meta property=\"og:image:height\" content=\"853\" \/>\n\t<meta property=\"og:image:type\" content=\"image\/png\" \/>\n<meta name=\"author\" content=\"Michele\" \/>\n<meta name=\"twitter:card\" content=\"summary_large_image\" \/>\n<meta name=\"twitter:label1\" content=\"Written by\" \/>\n\t<meta name=\"twitter:data1\" content=\"Michele\" \/>\n\t<meta name=\"twitter:label2\" content=\"Est. reading time\" \/>\n\t<meta name=\"twitter:data2\" content=\"4 minutes\" \/>\n<script type=\"application\/ld+json\" class=\"yoast-schema-graph\">{\"@context\":\"https:\\\/\\\/schema.org\",\"@graph\":[{\"@type\":\"Article\",\"@id\":\"https:\\\/\\\/www.vagadeempregorj.com.br\\\/situacao-economica-analises-e-reflexoes-sobre-o-panorama-atual-do-brasil\\\/#article\",\"isPartOf\":{\"@id\":\"https:\\\/\\\/www.vagadeempregorj.com.br\\\/situacao-economica-analises-e-reflexoes-sobre-o-panorama-atual-do-brasil\\\/\"},\"author\":{\"name\":\"Michele\",\"@id\":\"https:\\\/\\\/www.vagadeempregorj.com.br\\\/#\\\/schema\\\/person\\\/3ddb19fa0539706786e502152f3aae95\"},\"headline\":\"Situa\u00e7\u00e3o Econ\u00f4mica: An\u00e1lises e Reflex\u00f5es sobre o Panorama Atual do Brasil\",\"datePublished\":\"2024-01-06T03:01:00+00:00\",\"mainEntityOfPage\":{\"@id\":\"https:\\\/\\\/www.vagadeempregorj.com.br\\\/situacao-economica-analises-e-reflexoes-sobre-o-panorama-atual-do-brasil\\\/\"},\"wordCount\":868,\"image\":{\"@id\":\"https:\\\/\\\/www.vagadeempregorj.com.br\\\/situacao-economica-analises-e-reflexoes-sobre-o-panorama-atual-do-brasil\\\/#primaryimage\"},\"thumbnailUrl\":\"https:\\\/\\\/www.vagadeempregorj.com.br\\\/wp-content\\\/uploads\\\/2024\\\/01\\\/image-2.png\",\"articleSection\":[\"Economia\"],\"inLanguage\":\"fr-FR\"},{\"@type\":\"WebPage\",\"@id\":\"https:\\\/\\\/www.vagadeempregorj.com.br\\\/situacao-economica-analises-e-reflexoes-sobre-o-panorama-atual-do-brasil\\\/\",\"url\":\"https:\\\/\\\/www.vagadeempregorj.com.br\\\/situacao-economica-analises-e-reflexoes-sobre-o-panorama-atual-do-brasil\\\/\",\"name\":\"Situa\u00e7\u00e3o Econ\u00f4mica: An\u00e1lises e Reflex\u00f5es sobre o Panorama Atual do Brasil -\",\"isPartOf\":{\"@id\":\"https:\\\/\\\/www.vagadeempregorj.com.br\\\/#website\"},\"primaryImageOfPage\":{\"@id\":\"https:\\\/\\\/www.vagadeempregorj.com.br\\\/situacao-economica-analises-e-reflexoes-sobre-o-panorama-atual-do-brasil\\\/#primaryimage\"},\"image\":{\"@id\":\"https:\\\/\\\/www.vagadeempregorj.com.br\\\/situacao-economica-analises-e-reflexoes-sobre-o-panorama-atual-do-brasil\\\/#primaryimage\"},\"thumbnailUrl\":\"https:\\\/\\\/www.vagadeempregorj.com.br\\\/wp-content\\\/uploads\\\/2024\\\/01\\\/image-2.png\",\"datePublished\":\"2024-01-06T03:01:00+00:00\",\"author\":{\"@id\":\"https:\\\/\\\/www.vagadeempregorj.com.br\\\/#\\\/schema\\\/person\\\/3ddb19fa0539706786e502152f3aae95\"},\"description\":\"Veja em Vagas de Emprego RJ as vagas de emprego com e sem experi\u00eancia no seu Estado e Regi\u00e3o!\",\"breadcrumb\":{\"@id\":\"https:\\\/\\\/www.vagadeempregorj.com.br\\\/situacao-economica-analises-e-reflexoes-sobre-o-panorama-atual-do-brasil\\\/#breadcrumb\"},\"inLanguage\":\"fr-FR\",\"potentialAction\":[{\"@type\":\"ReadAction\",\"target\":[\"https:\\\/\\\/www.vagadeempregorj.com.br\\\/situacao-economica-analises-e-reflexoes-sobre-o-panorama-atual-do-brasil\\\/\"]}]},{\"@type\":\"ImageObject\",\"inLanguage\":\"fr-FR\",\"@id\":\"https:\\\/\\\/www.vagadeempregorj.com.br\\\/situacao-economica-analises-e-reflexoes-sobre-o-panorama-atual-do-brasil\\\/#primaryimage\",\"url\":\"https:\\\/\\\/www.vagadeempregorj.com.br\\\/wp-content\\\/uploads\\\/2024\\\/01\\\/image-2.png\",\"contentUrl\":\"https:\\\/\\\/www.vagadeempregorj.com.br\\\/wp-content\\\/uploads\\\/2024\\\/01\\\/image-2.png\",\"width\":1280,\"height\":853},{\"@type\":\"BreadcrumbList\",\"@id\":\"https:\\\/\\\/www.vagadeempregorj.com.br\\\/situacao-economica-analises-e-reflexoes-sobre-o-panorama-atual-do-brasil\\\/#breadcrumb\",\"itemListElement\":[{\"@type\":\"ListItem\",\"position\":1,\"name\":\"In\u00edcio\",\"item\":\"https:\\\/\\\/www.vagadeempregorj.com.br\\\/\"},{\"@type\":\"ListItem\",\"position\":2,\"name\":\"Economia\",\"item\":\"https:\\\/\\\/www.vagadeempregorj.com.br\\\/economia\\\/\"},{\"@type\":\"ListItem\",\"position\":3,\"name\":\"Situa\u00e7\u00e3o Econ\u00f4mica: An\u00e1lises e Reflex\u00f5es sobre o Panorama Atual do Brasil\"}]},{\"@type\":\"WebSite\",\"@id\":\"https:\\\/\\\/www.vagadeempregorj.com.br\\\/#website\",\"url\":\"https:\\\/\\\/www.vagadeempregorj.com.br\\\/\",\"name\":\"\",\"description\":\"Conquiste Sonhos: Vagas, Benef\u00edcios e Economia para Transformar Vidas e Alcan\u00e7ar Melhorias Cotidianas\",\"potentialAction\":[{\"@type\":\"SearchAction\",\"target\":{\"@type\":\"EntryPoint\",\"urlTemplate\":\"https:\\\/\\\/www.vagadeempregorj.com.br\\\/?s={search_term_string}\"},\"query-input\":{\"@type\":\"PropertyValueSpecification\",\"valueRequired\":true,\"valueName\":\"search_term_string\"}}],\"inLanguage\":\"fr-FR\"},{\"@type\":\"Person\",\"@id\":\"https:\\\/\\\/www.vagadeempregorj.com.br\\\/#\\\/schema\\\/person\\\/3ddb19fa0539706786e502152f3aae95\",\"name\":\"Michele\",\"image\":{\"@type\":\"ImageObject\",\"inLanguage\":\"fr-FR\",\"@id\":\"https:\\\/\\\/secure.gravatar.com\\\/avatar\\\/6b0eb9d22841282815e2cd856a0061c45e1761cd54b22e952d98c4746939aa85?s=96&r=g\",\"url\":\"https:\\\/\\\/secure.gravatar.com\\\/avatar\\\/6b0eb9d22841282815e2cd856a0061c45e1761cd54b22e952d98c4746939aa85?s=96&r=g\",\"contentUrl\":\"https:\\\/\\\/secure.gravatar.com\\\/avatar\\\/6b0eb9d22841282815e2cd856a0061c45e1761cd54b22e952d98c4746939aa85?s=96&r=g\",\"caption\":\"Michele\"},\"description\":\"Formada em Letras - Portugu\u00eas\\\/ Ingl\u00eas, e idealizadora do site Escritora de Sucesso, busca expandir o conhecimento de todos com informa\u00e7\u00f5es relevantes sobre diversos assuntos, enquanto redatora. No Vaga de Emprego RJ, traz oportunidades e dicas sobre o mercado de trabalho.\",\"url\":\"https:\\\/\\\/www.vagadeempregorj.com.br\\\/fr\\\/author\\\/michele\\\/\"}]}<\/script>\n<!-- \/ Yoast SEO plugin. -->","yoast_head_json":{"title":"Situa\u00e7\u00e3o Econ\u00f4mica: An\u00e1lises e Reflex\u00f5es sobre o Panorama Atual do Brasil -","description":"Veja em Vagas de Emprego RJ as vagas de emprego com e sem experi\u00eancia no seu Estado e Regi\u00e3o!","robots":{"index":"index","follow":"follow","max-snippet":"max-snippet:-1","max-image-preview":"max-image-preview:large","max-video-preview":"max-video-preview:-1"},"canonical":"https:\/\/www.vagadeempregorj.com.br\/fr\/situacao-economica-analises-e-reflexoes-sobre-o-panorama-atual-do-brasil\/","og_locale":"fr_FR","og_type":"article","og_title":"Situa\u00e7\u00e3o Econ\u00f4mica: An\u00e1lises e Reflex\u00f5es sobre o Panorama Atual do Brasil -","og_description":"Veja em Vagas de Emprego RJ as vagas de emprego com e sem experi\u00eancia no seu Estado e Regi\u00e3o!","og_url":"https:\/\/www.vagadeempregorj.com.br\/fr\/situacao-economica-analises-e-reflexoes-sobre-o-panorama-atual-do-brasil\/","article_publisher":"https:\/\/www.facebook.com\/empregobrasiloficial","article_published_time":"2024-01-06T03:01:00+00:00","og_image":[{"width":1280,"height":853,"url":"https:\/\/www.vagadeempregorj.com.br\/wp-content\/uploads\/2024\/01\/image-2.png","type":"image\/png"}],"author":"Michele","twitter_card":"summary_large_image","twitter_misc":{"Written by":"Michele","Est. reading time":"4 minutes"},"schema":{"@context":"https:\/\/schema.org","@graph":[{"@type":"Article","@id":"https:\/\/www.vagadeempregorj.com.br\/situacao-economica-analises-e-reflexoes-sobre-o-panorama-atual-do-brasil\/#article","isPartOf":{"@id":"https:\/\/www.vagadeempregorj.com.br\/situacao-economica-analises-e-reflexoes-sobre-o-panorama-atual-do-brasil\/"},"author":{"name":"Michele","@id":"https:\/\/www.vagadeempregorj.com.br\/#\/schema\/person\/3ddb19fa0539706786e502152f3aae95"},"headline":"Situa\u00e7\u00e3o Econ\u00f4mica: An\u00e1lises e Reflex\u00f5es sobre o Panorama Atual do Brasil","datePublished":"2024-01-06T03:01:00+00:00","mainEntityOfPage":{"@id":"https:\/\/www.vagadeempregorj.com.br\/situacao-economica-analises-e-reflexoes-sobre-o-panorama-atual-do-brasil\/"},"wordCount":868,"image":{"@id":"https:\/\/www.vagadeempregorj.com.br\/situacao-economica-analises-e-reflexoes-sobre-o-panorama-atual-do-brasil\/#primaryimage"},"thumbnailUrl":"https:\/\/www.vagadeempregorj.com.br\/wp-content\/uploads\/2024\/01\/image-2.png","articleSection":["Economia"],"inLanguage":"fr-FR"},{"@type":"WebPage","@id":"https:\/\/www.vagadeempregorj.com.br\/situacao-economica-analises-e-reflexoes-sobre-o-panorama-atual-do-brasil\/","url":"https:\/\/www.vagadeempregorj.com.br\/situacao-economica-analises-e-reflexoes-sobre-o-panorama-atual-do-brasil\/","name":"Situa\u00e7\u00e3o Econ\u00f4mica: An\u00e1lises e Reflex\u00f5es sobre o Panorama Atual do Brasil -","isPartOf":{"@id":"https:\/\/www.vagadeempregorj.com.br\/#website"},"primaryImageOfPage":{"@id":"https:\/\/www.vagadeempregorj.com.br\/situacao-economica-analises-e-reflexoes-sobre-o-panorama-atual-do-brasil\/#primaryimage"},"image":{"@id":"https:\/\/www.vagadeempregorj.com.br\/situacao-economica-analises-e-reflexoes-sobre-o-panorama-atual-do-brasil\/#primaryimage"},"thumbnailUrl":"https:\/\/www.vagadeempregorj.com.br\/wp-content\/uploads\/2024\/01\/image-2.png","datePublished":"2024-01-06T03:01:00+00:00","author":{"@id":"https:\/\/www.vagadeempregorj.com.br\/#\/schema\/person\/3ddb19fa0539706786e502152f3aae95"},"description":"Veja em Vagas de Emprego RJ as vagas de emprego com e sem experi\u00eancia no seu Estado e Regi\u00e3o!","breadcrumb":{"@id":"https:\/\/www.vagadeempregorj.com.br\/situacao-economica-analises-e-reflexoes-sobre-o-panorama-atual-do-brasil\/#breadcrumb"},"inLanguage":"fr-FR","potentialAction":[{"@type":"ReadAction","target":["https:\/\/www.vagadeempregorj.com.br\/situacao-economica-analises-e-reflexoes-sobre-o-panorama-atual-do-brasil\/"]}]},{"@type":"ImageObject","inLanguage":"fr-FR","@id":"https:\/\/www.vagadeempregorj.com.br\/situacao-economica-analises-e-reflexoes-sobre-o-panorama-atual-do-brasil\/#primaryimage","url":"https:\/\/www.vagadeempregorj.com.br\/wp-content\/uploads\/2024\/01\/image-2.png","contentUrl":"https:\/\/www.vagadeempregorj.com.br\/wp-content\/uploads\/2024\/01\/image-2.png","width":1280,"height":853},{"@type":"BreadcrumbList","@id":"https:\/\/www.vagadeempregorj.com.br\/situacao-economica-analises-e-reflexoes-sobre-o-panorama-atual-do-brasil\/#breadcrumb","itemListElement":[{"@type":"ListItem","position":1,"name":"In\u00edcio","item":"https:\/\/www.vagadeempregorj.com.br\/"},{"@type":"ListItem","position":2,"name":"Economia","item":"https:\/\/www.vagadeempregorj.com.br\/economia\/"},{"@type":"ListItem","position":3,"name":"Situa\u00e7\u00e3o Econ\u00f4mica: An\u00e1lises e Reflex\u00f5es sobre o Panorama Atual do Brasil"}]},{"@type":"WebSite","@id":"https:\/\/www.vagadeempregorj.com.br\/#website","url":"https:\/\/www.vagadeempregorj.com.br\/","name":"","description":"Conquiste Sonhos: Vagas, Benef\u00edcios e Economia para Transformar Vidas e Alcan\u00e7ar Melhorias Cotidianas","potentialAction":[{"@type":"SearchAction","target":{"@type":"EntryPoint","urlTemplate":"https:\/\/www.vagadeempregorj.com.br\/?s={search_term_string}"},"query-input":{"@type":"PropertyValueSpecification","valueRequired":true,"valueName":"search_term_string"}}],"inLanguage":"fr-FR"},{"@type":"Person","@id":"https:\/\/www.vagadeempregorj.com.br\/#\/schema\/person\/3ddb19fa0539706786e502152f3aae95","name":"Michele","image":{"@type":"ImageObject","inLanguage":"fr-FR","@id":"https:\/\/secure.gravatar.com\/avatar\/6b0eb9d22841282815e2cd856a0061c45e1761cd54b22e952d98c4746939aa85?s=96&r=g","url":"https:\/\/secure.gravatar.com\/avatar\/6b0eb9d22841282815e2cd856a0061c45e1761cd54b22e952d98c4746939aa85?s=96&r=g","contentUrl":"https:\/\/secure.gravatar.com\/avatar\/6b0eb9d22841282815e2cd856a0061c45e1761cd54b22e952d98c4746939aa85?s=96&r=g","caption":"Michele"},"description":"Formada em Letras - Portugu\u00eas\/ Ingl\u00eas, e idealizadora do site Escritora de Sucesso, busca expandir o conhecimento de todos com informa\u00e7\u00f5es relevantes sobre diversos assuntos, enquanto redatora. No Vaga de Emprego RJ, traz oportunidades e dicas sobre o mercado de trabalho.","url":"https:\/\/www.vagadeempregorj.com.br\/fr\/author\/michele\/"}]}},"_links":{"self":[{"href":"https:\/\/www.vagadeempregorj.com.br\/fr\/wp-json\/wp\/v2\/posts\/39318","targetHints":{"allow":["GET"]}}],"collection":[{"href":"https:\/\/www.vagadeempregorj.com.br\/fr\/wp-json\/wp\/v2\/posts"}],"about":[{"href":"https:\/\/www.vagadeempregorj.com.br\/fr\/wp-json\/wp\/v2\/types\/post"}],"author":[{"embeddable":true,"href":"https:\/\/www.vagadeempregorj.com.br\/fr\/wp-json\/wp\/v2\/users\/16"}],"replies":[{"embeddable":true,"href":"https:\/\/www.vagadeempregorj.com.br\/fr\/wp-json\/wp\/v2\/comments?post=39318"}],"version-history":[{"count":0,"href":"https:\/\/www.vagadeempregorj.com.br\/fr\/wp-json\/wp\/v2\/posts\/39318\/revisions"}],"wp:featuredmedia":[{"embeddable":true,"href":"https:\/\/www.vagadeempregorj.com.br\/fr\/wp-json\/wp\/v2\/media\/39319"}],"wp:attachment":[{"href":"https:\/\/www.vagadeempregorj.com.br\/fr\/wp-json\/wp\/v2\/media?parent=39318"}],"wp:term":[{"taxonomy":"category","embeddable":true,"href":"https:\/\/www.vagadeempregorj.com.br\/fr\/wp-json\/wp\/v2\/categories?post=39318"},{"taxonomy":"post_tag","embeddable":true,"href":"https:\/\/www.vagadeempregorj.com.br\/fr\/wp-json\/wp\/v2\/tags?post=39318"}],"curies":[{"name":"wp","href":"https:\/\/api.w.org\/{rel}","templated":true}]}}