{"id":39351,"date":"2024-01-14T16:01:02","date_gmt":"2024-01-14T19:01:02","guid":{"rendered":"https:\/\/www.vagadeempregorj.com.br\/?p=39351"},"modified":"2024-01-14T16:01:03","modified_gmt":"2024-01-14T19:01:03","slug":"fgts-pode-ser-descontado-do-salario-entenda","status":"publish","type":"post","link":"https:\/\/www.vagadeempregorj.com.br\/fr\/fgts-pode-ser-descontado-do-salario-entenda\/","title":{"rendered":"FGTS pode ser descontado do sal\u00e1rio? Entenda"},"content":{"rendered":"<p>O Fundo de Garantia do Tempo de Servi\u00e7o (FGTS) \u00e9 um dos benef\u00edcios mais importantes para os trabalhadores no Brasil. Criado para assegurar a estabilidade financeira do empregado, o FGTS \u00e9 composto por dep\u00f3sitos mensais feitos pelo empregador em uma conta vinculada ao trabalhador. Mas surge a d\u00favida: o FGTS pode ser descontado do sal\u00e1rio? Vamos explorar essa quest\u00e3o em detalhes.<\/p>\n\n\n\n<h2 class=\"wp-block-heading\">O Que \u00e9 o FGTS e Como Funciona?<\/h2>\n\n\n\n<p>O Fundo de Garantia do Tempo de Servi\u00e7o, popularmente conhecido como FGTS, \u00e9 um instrumento fundamental do sistema trabalhista brasileiro. Estabelecido em 1966, o FGTS tem como principal objetivo assegurar aos trabalhadores uma esp\u00e9cie de reserva financeira para situa\u00e7\u00f5es espec\u00edficas ao longo de sua vida profissional.<\/p>\n\n\n\n<p>O funcionamento do FGTS \u00e9 bastante simples. Mensalmente, o empregador \u00e9 obrigado a depositar o equivalente a 8% do sal\u00e1rio do empregado em uma conta vinculada na Caixa Econ\u00f4mica Federal. Esse montante \u00e9 destinado a criar uma reserva financeira, que poder\u00e1 ser acessada em circunst\u00e2ncias previstas em lei, tais como demiss\u00e3o sem justa causa, aquisi\u00e7\u00e3o de moradia, aposentadoria ou doen\u00e7as graves.<\/p>\n\n\n\n<p>O valor depositado na conta vinculada do trabalhador \u00e9 corrigido periodicamente, geralmente de acordo com \u00edndices estipulados pelo governo. Al\u00e9m disso, o FGTS pode ser utilizado em diversas modalidades, como o financiamento da casa pr\u00f3pria atrav\u00e9s do Programa Minha Casa, Minha Vida, amortiza\u00e7\u00e3o ou quita\u00e7\u00e3o de saldo devedor em financiamento imobili\u00e1rio, e at\u00e9 mesmo como parte do pagamento das mensalidades de cursos superiores.<\/p>\n\n\n\n<figure class=\"wp-block-image size-large\"><img loading=\"lazy\" decoding=\"async\" width=\"1024\" height=\"768\" src=\"https:\/\/www.vagadeempregorj.com.br\/wp-content\/uploads\/2024\/01\/image-4-1024x768.png\" alt=\"\" class=\"wp-image-39352\" srcset=\"https:\/\/www.vagadeempregorj.com.br\/wp-content\/uploads\/2024\/01\/image-4-1024x768.png 1024w, https:\/\/www.vagadeempregorj.com.br\/wp-content\/uploads\/2024\/01\/image-4-300x225.png 300w, https:\/\/www.vagadeempregorj.com.br\/wp-content\/uploads\/2024\/01\/image-4-768x576.png 768w, https:\/\/www.vagadeempregorj.com.br\/wp-content\/uploads\/2024\/01\/image-4-1536x1152.png 1536w, https:\/\/www.vagadeempregorj.com.br\/wp-content\/uploads\/2024\/01\/image-4-2048x1536.png 2048w, https:\/\/www.vagadeempregorj.com.br\/wp-content\/uploads\/2024\/01\/image-4-150x113.png 150w\" sizes=\"auto, (max-width: 1024px) 100vw, 1024px\" \/><figcaption class=\"wp-element-caption\">Imagem: Reprodu\u00e7\u00e3o UOL<\/figcaption><\/figure>\n\n\n\n<p>Essa caracter\u00edstica multifuncional do FGTS o torna uma ferramenta vers\u00e1til para os trabalhadores, proporcionando benef\u00edcios que v\u00e3o al\u00e9m da simples reserva para situa\u00e7\u00f5es emergenciais. A possibilidade de utiliza\u00e7\u00e3o em diferentes \u00e1reas, especialmente no \u00e2mbito habitacional, contribui para a realiza\u00e7\u00e3o de projetos pessoais e familiares.<\/p>\n\n\n\n<h2 class=\"wp-block-heading\">Desconto do FGTS no Sal\u00e1rio: Entenda as Limita\u00e7\u00f5es<\/h2>\n\n\n\n<p>A legisla\u00e7\u00e3o trabalhista brasileira \u00e9 clara quanto \u00e0 natureza indenizat\u00f3ria do FGTS. Ele \u00e9 um direito do empregado, e seu valor n\u00e3o pode ser descontado diretamente do sal\u00e1rio. Ou seja, o empregador n\u00e3o tem permiss\u00e3o para subtrair do pagamento mensal do trabalhador os 8% destinados ao FGTS.<\/p>\n\n\n\n<p>Qualquer pr\u00e1tica nesse sentido configura uma viola\u00e7\u00e3o da legisla\u00e7\u00e3o trabalhista, pass\u00edvel de san\u00e7\u00f5es e penalidades legais. A natureza do FGTS como garantia de direitos fundamentais do trabalhador impede que ele seja utilizado como instrumento de compensa\u00e7\u00e3o ou desconto em outras obriga\u00e7\u00f5es.<\/p>\n\n\n\n<h2 class=\"wp-block-heading\">Descontos Legais e as Exce\u00e7\u00f5es<\/h2>\n\n\n\n<p>Embora o FGTS seja protegido contra descontos diretos, \u00e9 importante mencionar que existem outros descontos legais que podem incidir sobre o sal\u00e1rio do trabalhador. Impostos, contribui\u00e7\u00f5es previdenci\u00e1rias, pens\u00f5es aliment\u00edcias e outros descontos previstos em lei podem ser aplicados mensalmente.<\/p>\n\n\n\n<p>Entretanto, esses descontos s\u00e3o diferentes do FGTS, pois n\u00e3o interferem no valor total do Fundo de Garantia depositado na conta vinculada do trabalhador. Cada desconto legal possui suas regras espec\u00edficas, e o FGTS permanece intocado por essas dedu\u00e7\u00f5es.<\/p>\n\n\n\n<h2 class=\"wp-block-heading\">A Import\u00e2ncia do FGTS na Vida do Trabalhador<\/h2>\n\n\n\n<p>O FGTS desempenha um papel crucial na vida financeira dos trabalhadores brasileiros. Al\u00e9m de garantir uma reserva financeira em casos de necessidade, como a perda do emprego, ele tamb\u00e9m contribui para o financiamento de moradias por meio do Programa Minha Casa, Minha Vida, e pode ser utilizado para o pagamento de parte das mensalidades de cursos superiores.<\/p>\n\n\n\n<p>Sua fun\u00e7\u00e3o principal, no entanto, \u00e9 servir como uma garantia ao trabalhador, proporcionando uma rede de seguran\u00e7a em momentos de instabilidade econ\u00f4mica. \u00c9 um benef\u00edcio que visa proteger o empregado e garantir que ele tenha recursos dispon\u00edveis em situa\u00e7\u00f5es cr\u00edticas.<\/p>\n\n\n\n<h2 class=\"wp-block-heading\">FGTS como Direito Inegoci\u00e1vel<\/h2>\n\n\n\n<p>Em suma, o FGTS \u00e9 um direito inegoci\u00e1vel do trabalhador, protegido por leis espec\u00edficas que pro\u00edbem seu desconto direto no sal\u00e1rio. Qualquer tentativa de desvio dessa norma configura uma infra\u00e7\u00e3o trabalhista, pass\u00edvel de medidas legais.<\/p>\n\n\n\n<p>\u00c9 essencial que os trabalhadores conhe\u00e7am seus direitos e estejam cientes das pr\u00e1ticas legais no ambiente de trabalho. Caso ocorram irregularidades, \u00e9 recomend\u00e1vel buscar orienta\u00e7\u00e3o jur\u00eddica para tomar as medidas cab\u00edveis e garantir a preserva\u00e7\u00e3o dos direitos trabalhistas.<\/p>\n\n\n\n<p>Portanto, fica claro que o FGTS n\u00e3o pode ser descontado do sal\u00e1rio, sendo um direito sagrado do trabalhador brasileiro, fundamentado na busca pela justi\u00e7a e equidade nas rela\u00e7\u00f5es de trabalho.<\/p>\n\n\n\n<p><strong>Veja tamb\u00e9m: <a href=\"https:\/\/www.vagadeempregorj.com.br\/fr\/como-trabalhar-na-azul-linhas-aereas\/\">Como trabalhar na Azul Linhas A\u00e9reas, candidate-se<\/a><\/strong><\/p>\n\n\n\n<p>14 de janeiro de 2024<\/p>","protected":false},"excerpt":{"rendered":"<p>O Fundo de Garantia do Tempo de Servi\u00e7o (FGTS) \u00e9 um dos benef\u00edcios mais importantes para os trabalhadores no Brasil. Criado para assegurar a estabilidade financeira do empregado, o FGTS \u00e9 composto por dep\u00f3sitos mensais feitos pelo empregador em uma conta vinculada ao trabalhador. Mas surge a d\u00favida: o FGTS pode ser descontado do sal\u00e1rio?&hellip;&nbsp;<\/p>","protected":false},"author":16,"featured_media":39352,"comment_status":"closed","ping_status":"closed","sticky":false,"template":"","format":"standard","meta":{"neve_meta_sidebar":"","neve_meta_container":"","neve_meta_enable_content_width":"","neve_meta_content_width":0,"neve_meta_title_alignment":"","neve_meta_author_avatar":"","neve_post_elements_order":"","neve_meta_disable_header":"","neve_meta_disable_footer":"","neve_meta_disable_title":"","footnotes":""},"categories":[1],"tags":[],"class_list":["post-39351","post","type-post","status-publish","format-standard","has-post-thumbnail","hentry","category-beneficios-sociais"],"yoast_head":"<!-- This site is optimized with the Yoast SEO plugin v27.5 - https:\/\/yoast.com\/product\/yoast-seo-wordpress\/ -->\n<title>FGTS pode ser descontado do sal\u00e1rio? Entenda -<\/title>\n<meta name=\"description\" content=\"Veja em Vagas de Emprego RJ as vagas de emprego com e sem experi\u00eancia no seu Estado e Regi\u00e3o!\" \/>\n<meta name=\"robots\" content=\"index, follow, max-snippet:-1, max-image-preview:large, max-video-preview:-1\" \/>\n<link rel=\"canonical\" href=\"https:\/\/www.vagadeempregorj.com.br\/fr\/fgts-pode-ser-descontado-do-salario-entenda\/\" \/>\n<meta property=\"og:locale\" content=\"fr_FR\" \/>\n<meta property=\"og:type\" content=\"article\" \/>\n<meta property=\"og:title\" content=\"FGTS pode ser descontado do sal\u00e1rio? Entenda -\" \/>\n<meta property=\"og:description\" content=\"Veja em Vagas de Emprego RJ as vagas de emprego com e sem experi\u00eancia no seu Estado e Regi\u00e3o!\" \/>\n<meta property=\"og:url\" content=\"https:\/\/www.vagadeempregorj.com.br\/fr\/fgts-pode-ser-descontado-do-salario-entenda\/\" \/>\n<meta property=\"article:publisher\" content=\"https:\/\/www.facebook.com\/empregobrasiloficial\" \/>\n<meta property=\"article:published_time\" content=\"2024-01-14T19:01:02+00:00\" \/>\n<meta property=\"article:modified_time\" content=\"2024-01-14T19:01:03+00:00\" \/>\n<meta property=\"og:image\" content=\"https:\/\/www.vagadeempregorj.com.br\/wp-content\/uploads\/2024\/01\/image-4-1024x768.png\" \/>\n\t<meta property=\"og:image:width\" content=\"1024\" \/>\n\t<meta property=\"og:image:height\" content=\"768\" \/>\n\t<meta property=\"og:image:type\" content=\"image\/png\" \/>\n<meta name=\"author\" content=\"Michele\" \/>\n<meta name=\"twitter:card\" content=\"summary_large_image\" \/>\n<meta name=\"twitter:label1\" content=\"Written by\" \/>\n\t<meta name=\"twitter:data1\" content=\"Michele\" \/>\n\t<meta name=\"twitter:label2\" content=\"Est. reading time\" \/>\n\t<meta name=\"twitter:data2\" content=\"4 minutes\" \/>\n<script type=\"application\/ld+json\" class=\"yoast-schema-graph\">{\"@context\":\"https:\\\/\\\/schema.org\",\"@graph\":[{\"@type\":\"Article\",\"@id\":\"https:\\\/\\\/www.vagadeempregorj.com.br\\\/fgts-pode-ser-descontado-do-salario-entenda\\\/#article\",\"isPartOf\":{\"@id\":\"https:\\\/\\\/www.vagadeempregorj.com.br\\\/fgts-pode-ser-descontado-do-salario-entenda\\\/\"},\"author\":{\"name\":\"Michele\",\"@id\":\"https:\\\/\\\/www.vagadeempregorj.com.br\\\/#\\\/schema\\\/person\\\/3ddb19fa0539706786e502152f3aae95\"},\"headline\":\"FGTS pode ser descontado do sal\u00e1rio? Entenda\",\"datePublished\":\"2024-01-14T19:01:02+00:00\",\"dateModified\":\"2024-01-14T19:01:03+00:00\",\"mainEntityOfPage\":{\"@id\":\"https:\\\/\\\/www.vagadeempregorj.com.br\\\/fgts-pode-ser-descontado-do-salario-entenda\\\/\"},\"wordCount\":762,\"image\":{\"@id\":\"https:\\\/\\\/www.vagadeempregorj.com.br\\\/fgts-pode-ser-descontado-do-salario-entenda\\\/#primaryimage\"},\"thumbnailUrl\":\"https:\\\/\\\/www.vagadeempregorj.com.br\\\/wp-content\\\/uploads\\\/2024\\\/01\\\/image-4.png\",\"articleSection\":[\"Benef\u00edcios Sociais\"],\"inLanguage\":\"fr-FR\"},{\"@type\":\"WebPage\",\"@id\":\"https:\\\/\\\/www.vagadeempregorj.com.br\\\/fgts-pode-ser-descontado-do-salario-entenda\\\/\",\"url\":\"https:\\\/\\\/www.vagadeempregorj.com.br\\\/fgts-pode-ser-descontado-do-salario-entenda\\\/\",\"name\":\"FGTS pode ser descontado do sal\u00e1rio? Entenda -\",\"isPartOf\":{\"@id\":\"https:\\\/\\\/www.vagadeempregorj.com.br\\\/#website\"},\"primaryImageOfPage\":{\"@id\":\"https:\\\/\\\/www.vagadeempregorj.com.br\\\/fgts-pode-ser-descontado-do-salario-entenda\\\/#primaryimage\"},\"image\":{\"@id\":\"https:\\\/\\\/www.vagadeempregorj.com.br\\\/fgts-pode-ser-descontado-do-salario-entenda\\\/#primaryimage\"},\"thumbnailUrl\":\"https:\\\/\\\/www.vagadeempregorj.com.br\\\/wp-content\\\/uploads\\\/2024\\\/01\\\/image-4.png\",\"datePublished\":\"2024-01-14T19:01:02+00:00\",\"dateModified\":\"2024-01-14T19:01:03+00:00\",\"author\":{\"@id\":\"https:\\\/\\\/www.vagadeempregorj.com.br\\\/#\\\/schema\\\/person\\\/3ddb19fa0539706786e502152f3aae95\"},\"description\":\"Veja em Vagas de Emprego RJ as vagas de emprego com e sem experi\u00eancia no seu Estado e Regi\u00e3o!\",\"breadcrumb\":{\"@id\":\"https:\\\/\\\/www.vagadeempregorj.com.br\\\/fgts-pode-ser-descontado-do-salario-entenda\\\/#breadcrumb\"},\"inLanguage\":\"fr-FR\",\"potentialAction\":[{\"@type\":\"ReadAction\",\"target\":[\"https:\\\/\\\/www.vagadeempregorj.com.br\\\/fgts-pode-ser-descontado-do-salario-entenda\\\/\"]}]},{\"@type\":\"ImageObject\",\"inLanguage\":\"fr-FR\",\"@id\":\"https:\\\/\\\/www.vagadeempregorj.com.br\\\/fgts-pode-ser-descontado-do-salario-entenda\\\/#primaryimage\",\"url\":\"https:\\\/\\\/www.vagadeempregorj.com.br\\\/wp-content\\\/uploads\\\/2024\\\/01\\\/image-4.png\",\"contentUrl\":\"https:\\\/\\\/www.vagadeempregorj.com.br\\\/wp-content\\\/uploads\\\/2024\\\/01\\\/image-4.png\",\"width\":3636,\"height\":2727},{\"@type\":\"BreadcrumbList\",\"@id\":\"https:\\\/\\\/www.vagadeempregorj.com.br\\\/fgts-pode-ser-descontado-do-salario-entenda\\\/#breadcrumb\",\"itemListElement\":[{\"@type\":\"ListItem\",\"position\":1,\"name\":\"In\u00edcio\",\"item\":\"https:\\\/\\\/www.vagadeempregorj.com.br\\\/\"},{\"@type\":\"ListItem\",\"position\":2,\"name\":\"Benef\u00edcios Sociais\",\"item\":\"https:\\\/\\\/www.vagadeempregorj.com.br\\\/beneficios-sociais\\\/\"},{\"@type\":\"ListItem\",\"position\":3,\"name\":\"FGTS pode ser descontado do sal\u00e1rio? Entenda\"}]},{\"@type\":\"WebSite\",\"@id\":\"https:\\\/\\\/www.vagadeempregorj.com.br\\\/#website\",\"url\":\"https:\\\/\\\/www.vagadeempregorj.com.br\\\/\",\"name\":\"\",\"description\":\"Conquiste Sonhos: Vagas, Benef\u00edcios e Economia para Transformar Vidas e Alcan\u00e7ar Melhorias Cotidianas\",\"potentialAction\":[{\"@type\":\"SearchAction\",\"target\":{\"@type\":\"EntryPoint\",\"urlTemplate\":\"https:\\\/\\\/www.vagadeempregorj.com.br\\\/?s={search_term_string}\"},\"query-input\":{\"@type\":\"PropertyValueSpecification\",\"valueRequired\":true,\"valueName\":\"search_term_string\"}}],\"inLanguage\":\"fr-FR\"},{\"@type\":\"Person\",\"@id\":\"https:\\\/\\\/www.vagadeempregorj.com.br\\\/#\\\/schema\\\/person\\\/3ddb19fa0539706786e502152f3aae95\",\"name\":\"Michele\",\"image\":{\"@type\":\"ImageObject\",\"inLanguage\":\"fr-FR\",\"@id\":\"https:\\\/\\\/secure.gravatar.com\\\/avatar\\\/6b0eb9d22841282815e2cd856a0061c45e1761cd54b22e952d98c4746939aa85?s=96&r=g\",\"url\":\"https:\\\/\\\/secure.gravatar.com\\\/avatar\\\/6b0eb9d22841282815e2cd856a0061c45e1761cd54b22e952d98c4746939aa85?s=96&r=g\",\"contentUrl\":\"https:\\\/\\\/secure.gravatar.com\\\/avatar\\\/6b0eb9d22841282815e2cd856a0061c45e1761cd54b22e952d98c4746939aa85?s=96&r=g\",\"caption\":\"Michele\"},\"description\":\"Formada em Letras - Portugu\u00eas\\\/ Ingl\u00eas, e idealizadora do site Escritora de Sucesso, busca expandir o conhecimento de todos com informa\u00e7\u00f5es relevantes sobre diversos assuntos, enquanto redatora. No Vaga de Emprego RJ, traz oportunidades e dicas sobre o mercado de trabalho.\",\"url\":\"https:\\\/\\\/www.vagadeempregorj.com.br\\\/fr\\\/author\\\/michele\\\/\"}]}<\/script>\n<!-- \/ Yoast SEO plugin. -->","yoast_head_json":{"title":"FGTS pode ser descontado do sal\u00e1rio? Entenda -","description":"Veja em Vagas de Emprego RJ as vagas de emprego com e sem experi\u00eancia no seu Estado e Regi\u00e3o!","robots":{"index":"index","follow":"follow","max-snippet":"max-snippet:-1","max-image-preview":"max-image-preview:large","max-video-preview":"max-video-preview:-1"},"canonical":"https:\/\/www.vagadeempregorj.com.br\/fr\/fgts-pode-ser-descontado-do-salario-entenda\/","og_locale":"fr_FR","og_type":"article","og_title":"FGTS pode ser descontado do sal\u00e1rio? Entenda -","og_description":"Veja em Vagas de Emprego RJ as vagas de emprego com e sem experi\u00eancia no seu Estado e Regi\u00e3o!","og_url":"https:\/\/www.vagadeempregorj.com.br\/fr\/fgts-pode-ser-descontado-do-salario-entenda\/","article_publisher":"https:\/\/www.facebook.com\/empregobrasiloficial","article_published_time":"2024-01-14T19:01:02+00:00","article_modified_time":"2024-01-14T19:01:03+00:00","og_image":[{"width":1024,"height":768,"url":"https:\/\/www.vagadeempregorj.com.br\/wp-content\/uploads\/2024\/01\/image-4-1024x768.png","type":"image\/png"}],"author":"Michele","twitter_card":"summary_large_image","twitter_misc":{"Written by":"Michele","Est. reading time":"4 minutes"},"schema":{"@context":"https:\/\/schema.org","@graph":[{"@type":"Article","@id":"https:\/\/www.vagadeempregorj.com.br\/fgts-pode-ser-descontado-do-salario-entenda\/#article","isPartOf":{"@id":"https:\/\/www.vagadeempregorj.com.br\/fgts-pode-ser-descontado-do-salario-entenda\/"},"author":{"name":"Michele","@id":"https:\/\/www.vagadeempregorj.com.br\/#\/schema\/person\/3ddb19fa0539706786e502152f3aae95"},"headline":"FGTS pode ser descontado do sal\u00e1rio? Entenda","datePublished":"2024-01-14T19:01:02+00:00","dateModified":"2024-01-14T19:01:03+00:00","mainEntityOfPage":{"@id":"https:\/\/www.vagadeempregorj.com.br\/fgts-pode-ser-descontado-do-salario-entenda\/"},"wordCount":762,"image":{"@id":"https:\/\/www.vagadeempregorj.com.br\/fgts-pode-ser-descontado-do-salario-entenda\/#primaryimage"},"thumbnailUrl":"https:\/\/www.vagadeempregorj.com.br\/wp-content\/uploads\/2024\/01\/image-4.png","articleSection":["Benef\u00edcios Sociais"],"inLanguage":"fr-FR"},{"@type":"WebPage","@id":"https:\/\/www.vagadeempregorj.com.br\/fgts-pode-ser-descontado-do-salario-entenda\/","url":"https:\/\/www.vagadeempregorj.com.br\/fgts-pode-ser-descontado-do-salario-entenda\/","name":"FGTS pode ser descontado do sal\u00e1rio? Entenda -","isPartOf":{"@id":"https:\/\/www.vagadeempregorj.com.br\/#website"},"primaryImageOfPage":{"@id":"https:\/\/www.vagadeempregorj.com.br\/fgts-pode-ser-descontado-do-salario-entenda\/#primaryimage"},"image":{"@id":"https:\/\/www.vagadeempregorj.com.br\/fgts-pode-ser-descontado-do-salario-entenda\/#primaryimage"},"thumbnailUrl":"https:\/\/www.vagadeempregorj.com.br\/wp-content\/uploads\/2024\/01\/image-4.png","datePublished":"2024-01-14T19:01:02+00:00","dateModified":"2024-01-14T19:01:03+00:00","author":{"@id":"https:\/\/www.vagadeempregorj.com.br\/#\/schema\/person\/3ddb19fa0539706786e502152f3aae95"},"description":"Veja em Vagas de Emprego RJ as vagas de emprego com e sem experi\u00eancia no seu Estado e Regi\u00e3o!","breadcrumb":{"@id":"https:\/\/www.vagadeempregorj.com.br\/fgts-pode-ser-descontado-do-salario-entenda\/#breadcrumb"},"inLanguage":"fr-FR","potentialAction":[{"@type":"ReadAction","target":["https:\/\/www.vagadeempregorj.com.br\/fgts-pode-ser-descontado-do-salario-entenda\/"]}]},{"@type":"ImageObject","inLanguage":"fr-FR","@id":"https:\/\/www.vagadeempregorj.com.br\/fgts-pode-ser-descontado-do-salario-entenda\/#primaryimage","url":"https:\/\/www.vagadeempregorj.com.br\/wp-content\/uploads\/2024\/01\/image-4.png","contentUrl":"https:\/\/www.vagadeempregorj.com.br\/wp-content\/uploads\/2024\/01\/image-4.png","width":3636,"height":2727},{"@type":"BreadcrumbList","@id":"https:\/\/www.vagadeempregorj.com.br\/fgts-pode-ser-descontado-do-salario-entenda\/#breadcrumb","itemListElement":[{"@type":"ListItem","position":1,"name":"In\u00edcio","item":"https:\/\/www.vagadeempregorj.com.br\/"},{"@type":"ListItem","position":2,"name":"Benef\u00edcios Sociais","item":"https:\/\/www.vagadeempregorj.com.br\/beneficios-sociais\/"},{"@type":"ListItem","position":3,"name":"FGTS pode ser descontado do sal\u00e1rio? Entenda"}]},{"@type":"WebSite","@id":"https:\/\/www.vagadeempregorj.com.br\/#website","url":"https:\/\/www.vagadeempregorj.com.br\/","name":"","description":"Conquiste Sonhos: Vagas, Benef\u00edcios e Economia para Transformar Vidas e Alcan\u00e7ar Melhorias Cotidianas","potentialAction":[{"@type":"SearchAction","target":{"@type":"EntryPoint","urlTemplate":"https:\/\/www.vagadeempregorj.com.br\/?s={search_term_string}"},"query-input":{"@type":"PropertyValueSpecification","valueRequired":true,"valueName":"search_term_string"}}],"inLanguage":"fr-FR"},{"@type":"Person","@id":"https:\/\/www.vagadeempregorj.com.br\/#\/schema\/person\/3ddb19fa0539706786e502152f3aae95","name":"Michele","image":{"@type":"ImageObject","inLanguage":"fr-FR","@id":"https:\/\/secure.gravatar.com\/avatar\/6b0eb9d22841282815e2cd856a0061c45e1761cd54b22e952d98c4746939aa85?s=96&r=g","url":"https:\/\/secure.gravatar.com\/avatar\/6b0eb9d22841282815e2cd856a0061c45e1761cd54b22e952d98c4746939aa85?s=96&r=g","contentUrl":"https:\/\/secure.gravatar.com\/avatar\/6b0eb9d22841282815e2cd856a0061c45e1761cd54b22e952d98c4746939aa85?s=96&r=g","caption":"Michele"},"description":"Formada em Letras - Portugu\u00eas\/ Ingl\u00eas, e idealizadora do site Escritora de Sucesso, busca expandir o conhecimento de todos com informa\u00e7\u00f5es relevantes sobre diversos assuntos, enquanto redatora. No Vaga de Emprego RJ, traz oportunidades e dicas sobre o mercado de trabalho.","url":"https:\/\/www.vagadeempregorj.com.br\/fr\/author\/michele\/"}]}},"_links":{"self":[{"href":"https:\/\/www.vagadeempregorj.com.br\/fr\/wp-json\/wp\/v2\/posts\/39351","targetHints":{"allow":["GET"]}}],"collection":[{"href":"https:\/\/www.vagadeempregorj.com.br\/fr\/wp-json\/wp\/v2\/posts"}],"about":[{"href":"https:\/\/www.vagadeempregorj.com.br\/fr\/wp-json\/wp\/v2\/types\/post"}],"author":[{"embeddable":true,"href":"https:\/\/www.vagadeempregorj.com.br\/fr\/wp-json\/wp\/v2\/users\/16"}],"replies":[{"embeddable":true,"href":"https:\/\/www.vagadeempregorj.com.br\/fr\/wp-json\/wp\/v2\/comments?post=39351"}],"version-history":[{"count":0,"href":"https:\/\/www.vagadeempregorj.com.br\/fr\/wp-json\/wp\/v2\/posts\/39351\/revisions"}],"wp:featuredmedia":[{"embeddable":true,"href":"https:\/\/www.vagadeempregorj.com.br\/fr\/wp-json\/wp\/v2\/media\/39352"}],"wp:attachment":[{"href":"https:\/\/www.vagadeempregorj.com.br\/fr\/wp-json\/wp\/v2\/media?parent=39351"}],"wp:term":[{"taxonomy":"category","embeddable":true,"href":"https:\/\/www.vagadeempregorj.com.br\/fr\/wp-json\/wp\/v2\/categories?post=39351"},{"taxonomy":"post_tag","embeddable":true,"href":"https:\/\/www.vagadeempregorj.com.br\/fr\/wp-json\/wp\/v2\/tags?post=39351"}],"curies":[{"name":"wp","href":"https:\/\/api.w.org\/{rel}","templated":true}]}}