{"id":39371,"date":"2024-02-01T00:01:00","date_gmt":"2024-02-01T03:01:00","guid":{"rendered":"https:\/\/www.vagadeempregorj.com.br\/?p=39371"},"modified":"2025-06-15T14:31:29","modified_gmt":"2025-06-15T17:31:29","slug":"o-que-falar-em-uma-entrevista-de-emprego-sobre-mim","status":"publish","type":"post","link":"https:\/\/www.vagadeempregorj.com.br\/fr\/o-que-falar-em-uma-entrevista-de-emprego-sobre-mim\/","title":{"rendered":"O que falar em uma entrevista de emprego sobre mim"},"content":{"rendered":"\n<p>Em um mundo profissional cada vez mais competitivo, a entrevista de emprego continua a ser um dos momentos cruciais para garantir o sucesso em sua busca por uma nova oportunidade de trabalho. Um dos desafios mais comuns enfrentados pelos candidatos \u00e9 responder \u00e0 temida pergunta: &#8220;Fale um pouco sobre voc\u00ea.&#8221; Neste blogpost, vamos desvendar esse mist\u00e9rio e fornecer dicas pr\u00e1ticas sobre o que dizer para causar uma impress\u00e3o positiva durante a entrevista.<\/p>\n\n\n\n<h2 class=\"wp-block-heading\">O que falar em uma entrevista de emprego sobre mim<\/h2>\n\n\n\n<p>Em um cen\u00e1rio profissional onde a primeira impress\u00e3o pode ser determinante, a quest\u00e3o &#8220;Fale um pouco sobre voc\u00ea&#8221; durante uma entrevista de emprego frequentemente deixa os candidatos em um dilema. Muitos se veem perplexos sobre o que revelar, como estruturar suas respostas e, acima de tudo, como apresentar-se de maneira convincente.&nbsp;<\/p>\n\n\n\n<p>Neste guia, exploraremos estrat\u00e9gias essenciais para desvendar o enigma da autoapresenta\u00e7\u00e3o, capacitando-o a transmitir sua hist\u00f3ria profissional de maneira impactante e confiante. Afinal, a chave para o sucesso nesse momento crucial reside na arte de articular suas experi\u00eancias de forma envolvente e relevante. Prepare-se para desmistificar a pergunta &#8220;Fale um pouco sobre voc\u00ea&#8221; e destacar-se como o candidato ideal para a vaga dos seus sonhos.<\/p>\n\n\n\n<h3 class=\"wp-block-heading\">1. Autoconhecimento: A Base da Resposta<\/h3>\n\n\n\n<p>Antes de entrar em detalhes sobre sua carreira e habilidades, \u00e9 crucial ter um profundo conhecimento de si mesmo. Reflita sobre suas experi\u00eancias, conquistas, valores e metas. Isso n\u00e3o apenas o ajudar\u00e1 a responder \u00e0 pergunta de forma mais convincente, mas tamb\u00e9m o manter\u00e1 confiante durante a entrevista.<\/p>\n\n\n\n<h3 class=\"wp-block-heading\">2. Estrutura da Resposta: Apresenta\u00e7\u00e3o Profissional<\/h3>\n\n\n\n<p>Inicie sua resposta com uma breve introdu\u00e7\u00e3o, mencionando seu nome e forma\u00e7\u00e3o acad\u00eamica. Em seguida, destaque uma ou duas realiza\u00e7\u00f5es significativas em sua carreira que estejam alinhadas com os requisitos da vaga.<\/p>\n\n\n\n<p>Exemplo:<\/p>\n\n\n\n<p>&#8220;Meu nome \u00e9 [Seu Nome], sou formado em [Sua Forma\u00e7\u00e3o] e tenho uma s\u00f3lida experi\u00eancia em [Sua \u00c1rea de Atua\u00e7\u00e3o]. Recentemente, fui respons\u00e1vel por [Destaque uma Conquista ou Projeto Relevante] na empresa [Nome da Empresa].&#8221;<\/p>\n\n\n\n<h3 class=\"wp-block-heading\">3. Habilidades e Compet\u00eancias: Destaque o que \u00e9 Relevante<\/h3>\n\n\n\n<p>Enfatize as habilidades e compet\u00eancias que s\u00e3o mais relevantes para a posi\u00e7\u00e3o desejada. Seja espec\u00edfico e forne\u00e7a exemplos concretos que demonstrem como voc\u00ea aplicou essas habilidades no passado.<\/p>\n\n\n\n<p>Exemplo:<\/p>\n\n\n\n<p>&#8220;Minhas principais habilidades incluem [Habilidade 1], [Habilidade 2] e [Habilidade 3]. Na minha \u00faltima posi\u00e7\u00e3o na empresa [Nome da Empresa], fui capaz de utilizar essas habilidades para [Exemplo Concreto de Aplica\u00e7\u00e3o].&#8221;<\/p>\n\n\n\n<figure class=\"wp-block-image size-large\"><img loading=\"lazy\" decoding=\"async\" width=\"1024\" height=\"678\" src=\"https:\/\/www.vagadeempregorj.com.br\/wp-content\/uploads\/2024\/01\/image-10-1024x678.png\" alt=\"\" class=\"wp-image-39388\" srcset=\"https:\/\/www.vagadeempregorj.com.br\/wp-content\/uploads\/2024\/01\/image-10-1024x678.png 1024w, https:\/\/www.vagadeempregorj.com.br\/wp-content\/uploads\/2024\/01\/image-10-300x199.png 300w, https:\/\/www.vagadeempregorj.com.br\/wp-content\/uploads\/2024\/01\/image-10-768x509.png 768w, https:\/\/www.vagadeempregorj.com.br\/wp-content\/uploads\/2024\/01\/image-10-150x99.png 150w, https:\/\/www.vagadeempregorj.com.br\/wp-content\/uploads\/2024\/01\/image-10.png 1280w\" sizes=\"auto, (max-width: 1024px) 100vw, 1024px\" \/><\/figure>\n\n\n\n<h3 class=\"wp-block-heading\">4. Paix\u00e3o e Motiva\u00e7\u00e3o: Mostre seu Interesse pela Vaga<\/h3>\n\n\n\n<p>Demonstre seu entusiasmo pela oportunidade e explique por que est\u00e1 interessado na vaga e na empresa em quest\u00e3o. Destacar como suas habilidades e valores se alinham \u00e0 cultura organizacional pode fazer toda a diferen\u00e7a.<\/p>\n\n\n\n<p>Exemplo:<\/p>\n\n\n\n<p>&#8220;Estou muito entusiasmado com a possibilidade de fazer parte da equipe da [Nome da Empresa]. Admiro a empresa por [Raz\u00e3o espec\u00edfica, como valores, projetos, etc.] e acredito que minha experi\u00eancia em [Sua \u00c1rea de Atua\u00e7\u00e3o] pode contribuir significativamente para alcan\u00e7ar os objetivos da equipe.&#8221;<\/p>\n\n\n\n<h3 class=\"wp-block-heading\">5. Conclus\u00e3o: S\u00edntese e Abertura para Perguntas<\/h3>\n\n\n\n<p>Conclua sua resposta de forma sucinta, refor\u00e7ando seu interesse na posi\u00e7\u00e3o. Este \u00e9 tamb\u00e9m o momento ideal para perguntar se o entrevistador gostaria de saber mais detalhes sobre algum aspecto espec\u00edfico de sua carreira.<\/p>\n\n\n\n<p>Exemplo:<\/p>\n\n\n\n<p>&#8220;Em resumo, acredito que minha experi\u00eancia em [Sua \u00c1rea de Atua\u00e7\u00e3o] e minhas habilidades em [Habilidades Relevantes] me tornam um candidato ideal para a vaga. Estou animado com a possibilidade de contribuir para a [Nome da Empresa]. Existe algo mais que voc\u00ea gostaria de saber sobre minha carreira ou experi\u00eancia?&#8221;<\/p>\n\n\n\n<h2 class=\"wp-block-heading\">O Poder de uma Resposta Preparada<\/h2>\n\n\n\n<p>Ao abordar a pergunta &#8220;Fale um pouco sobre voc\u00ea&#8221; de forma estruturada e cuidadosamente preparada, voc\u00ea n\u00e3o apenas transmitir\u00e1 confian\u00e7a ao entrevistador, mas tamb\u00e9m destacar\u00e1 o seu valor como profissional. Lembre-se de adaptar suas respostas para cada entrevista, focando nas qualidades que fazem de voc\u00ea o candidato ideal para aquela posi\u00e7\u00e3o espec\u00edfica. Com pr\u00e1tica e autoconhecimento, voc\u00ea estar\u00e1 mais preparado para conquistar a t\u00e3o sonhada oportunidade profissional. Boa sorte!<\/p>\n\n\n\n<p><strong><strong>Veja tamb\u00e9m: <a href=\"https:\/\/www.vagadeempregorj.com.br\/6-erros-no-curriculo-que-podem-te-desclassificar\/\">6 erros no curr\u00edculo que podem te desclassificar<\/a><\/strong><\/strong><\/p>\n\n\n\n<p>1 de fevereiro de 2024<\/p>\n","protected":false},"excerpt":{"rendered":"<p>Em um mundo profissional cada vez mais competitivo, a entrevista de emprego continua a ser um dos momentos cruciais para garantir o sucesso em sua busca por uma nova oportunidade de trabalho. Um dos desafios mais comuns enfrentados pelos candidatos \u00e9 responder \u00e0 temida pergunta: &#8220;Fale um pouco sobre voc\u00ea.&#8221; Neste blogpost, vamos desvendar esse&hellip;&nbsp;<\/p>","protected":false},"author":16,"featured_media":39388,"comment_status":"closed","ping_status":"closed","sticky":false,"template":"","format":"standard","meta":{"neve_meta_sidebar":"","neve_meta_container":"","neve_meta_enable_content_width":"","neve_meta_content_width":0,"neve_meta_title_alignment":"","neve_meta_author_avatar":"","neve_post_elements_order":"","neve_meta_disable_header":"","neve_meta_disable_footer":"","neve_meta_disable_title":"","footnotes":""},"categories":[123],"tags":[],"class_list":["post-39371","post","type-post","status-publish","format-standard","has-post-thumbnail","hentry","category-vagas-de-emprego-nacionais"],"yoast_head":"<!-- This site is optimized with the Yoast SEO plugin v27.5 - https:\/\/yoast.com\/product\/yoast-seo-wordpress\/ -->\n<title>O que falar em uma entrevista de emprego sobre mim -<\/title>\n<meta name=\"description\" content=\"Veja em Vagas de Emprego RJ as vagas de emprego com e sem experi\u00eancia no seu Estado e Regi\u00e3o!\" \/>\n<meta name=\"robots\" content=\"index, follow, max-snippet:-1, max-image-preview:large, max-video-preview:-1\" \/>\n<link rel=\"canonical\" href=\"https:\/\/www.vagadeempregorj.com.br\/fr\/o-que-falar-em-uma-entrevista-de-emprego-sobre-mim\/\" \/>\n<meta property=\"og:locale\" content=\"fr_FR\" \/>\n<meta property=\"og:type\" content=\"article\" \/>\n<meta property=\"og:title\" content=\"O que falar em uma entrevista de emprego sobre mim -\" \/>\n<meta property=\"og:description\" content=\"Veja em Vagas de Emprego RJ as vagas de emprego com e sem experi\u00eancia no seu Estado e Regi\u00e3o!\" \/>\n<meta property=\"og:url\" content=\"https:\/\/www.vagadeempregorj.com.br\/fr\/o-que-falar-em-uma-entrevista-de-emprego-sobre-mim\/\" \/>\n<meta property=\"article:publisher\" content=\"https:\/\/www.facebook.com\/empregobrasiloficial\" \/>\n<meta property=\"article:published_time\" content=\"2024-02-01T03:01:00+00:00\" \/>\n<meta property=\"article:modified_time\" content=\"2025-06-15T17:31:29+00:00\" \/>\n<meta property=\"og:image\" content=\"https:\/\/www.vagadeempregorj.com.br\/wp-content\/uploads\/2024\/01\/image-10.png\" \/>\n\t<meta property=\"og:image:width\" content=\"1280\" \/>\n\t<meta property=\"og:image:height\" content=\"848\" \/>\n\t<meta property=\"og:image:type\" content=\"image\/png\" \/>\n<meta name=\"author\" content=\"Michele\" \/>\n<meta name=\"twitter:card\" content=\"summary_large_image\" \/>\n<meta name=\"twitter:label1\" content=\"Written by\" \/>\n\t<meta name=\"twitter:data1\" content=\"Michele\" \/>\n\t<meta name=\"twitter:label2\" content=\"Est. reading time\" \/>\n\t<meta name=\"twitter:data2\" content=\"4 minutes\" \/>\n<script type=\"application\/ld+json\" class=\"yoast-schema-graph\">{\"@context\":\"https:\\\/\\\/schema.org\",\"@graph\":[{\"@type\":\"Article\",\"@id\":\"https:\\\/\\\/www.vagadeempregorj.com.br\\\/o-que-falar-em-uma-entrevista-de-emprego-sobre-mim\\\/#article\",\"isPartOf\":{\"@id\":\"https:\\\/\\\/www.vagadeempregorj.com.br\\\/o-que-falar-em-uma-entrevista-de-emprego-sobre-mim\\\/\"},\"author\":{\"name\":\"Michele\",\"@id\":\"https:\\\/\\\/www.vagadeempregorj.com.br\\\/#\\\/schema\\\/person\\\/3ddb19fa0539706786e502152f3aae95\"},\"headline\":\"O que falar em uma entrevista de emprego sobre mim\",\"datePublished\":\"2024-02-01T03:01:00+00:00\",\"dateModified\":\"2025-06-15T17:31:29+00:00\",\"mainEntityOfPage\":{\"@id\":\"https:\\\/\\\/www.vagadeempregorj.com.br\\\/o-que-falar-em-uma-entrevista-de-emprego-sobre-mim\\\/\"},\"wordCount\":715,\"image\":{\"@id\":\"https:\\\/\\\/www.vagadeempregorj.com.br\\\/o-que-falar-em-uma-entrevista-de-emprego-sobre-mim\\\/#primaryimage\"},\"thumbnailUrl\":\"https:\\\/\\\/www.vagadeempregorj.com.br\\\/wp-content\\\/uploads\\\/2024\\\/01\\\/image-10.png\",\"articleSection\":[\"Vagas de Emprego Nacionais\"],\"inLanguage\":\"fr-FR\"},{\"@type\":\"WebPage\",\"@id\":\"https:\\\/\\\/www.vagadeempregorj.com.br\\\/o-que-falar-em-uma-entrevista-de-emprego-sobre-mim\\\/\",\"url\":\"https:\\\/\\\/www.vagadeempregorj.com.br\\\/o-que-falar-em-uma-entrevista-de-emprego-sobre-mim\\\/\",\"name\":\"O que falar em uma entrevista de emprego sobre mim -\",\"isPartOf\":{\"@id\":\"https:\\\/\\\/www.vagadeempregorj.com.br\\\/#website\"},\"primaryImageOfPage\":{\"@id\":\"https:\\\/\\\/www.vagadeempregorj.com.br\\\/o-que-falar-em-uma-entrevista-de-emprego-sobre-mim\\\/#primaryimage\"},\"image\":{\"@id\":\"https:\\\/\\\/www.vagadeempregorj.com.br\\\/o-que-falar-em-uma-entrevista-de-emprego-sobre-mim\\\/#primaryimage\"},\"thumbnailUrl\":\"https:\\\/\\\/www.vagadeempregorj.com.br\\\/wp-content\\\/uploads\\\/2024\\\/01\\\/image-10.png\",\"datePublished\":\"2024-02-01T03:01:00+00:00\",\"dateModified\":\"2025-06-15T17:31:29+00:00\",\"author\":{\"@id\":\"https:\\\/\\\/www.vagadeempregorj.com.br\\\/#\\\/schema\\\/person\\\/3ddb19fa0539706786e502152f3aae95\"},\"description\":\"Veja em Vagas de Emprego RJ as vagas de emprego com e sem experi\u00eancia no seu Estado e Regi\u00e3o!\",\"breadcrumb\":{\"@id\":\"https:\\\/\\\/www.vagadeempregorj.com.br\\\/o-que-falar-em-uma-entrevista-de-emprego-sobre-mim\\\/#breadcrumb\"},\"inLanguage\":\"fr-FR\",\"potentialAction\":[{\"@type\":\"ReadAction\",\"target\":[\"https:\\\/\\\/www.vagadeempregorj.com.br\\\/o-que-falar-em-uma-entrevista-de-emprego-sobre-mim\\\/\"]}]},{\"@type\":\"ImageObject\",\"inLanguage\":\"fr-FR\",\"@id\":\"https:\\\/\\\/www.vagadeempregorj.com.br\\\/o-que-falar-em-uma-entrevista-de-emprego-sobre-mim\\\/#primaryimage\",\"url\":\"https:\\\/\\\/www.vagadeempregorj.com.br\\\/wp-content\\\/uploads\\\/2024\\\/01\\\/image-10.png\",\"contentUrl\":\"https:\\\/\\\/www.vagadeempregorj.com.br\\\/wp-content\\\/uploads\\\/2024\\\/01\\\/image-10.png\",\"width\":1280,\"height\":848},{\"@type\":\"BreadcrumbList\",\"@id\":\"https:\\\/\\\/www.vagadeempregorj.com.br\\\/o-que-falar-em-uma-entrevista-de-emprego-sobre-mim\\\/#breadcrumb\",\"itemListElement\":[{\"@type\":\"ListItem\",\"position\":1,\"name\":\"In\u00edcio\",\"item\":\"https:\\\/\\\/www.vagadeempregorj.com.br\\\/\"},{\"@type\":\"ListItem\",\"position\":2,\"name\":\"O que falar em uma entrevista de emprego sobre mim\"}]},{\"@type\":\"WebSite\",\"@id\":\"https:\\\/\\\/www.vagadeempregorj.com.br\\\/#website\",\"url\":\"https:\\\/\\\/www.vagadeempregorj.com.br\\\/\",\"name\":\"\",\"description\":\"Conquiste Sonhos: Vagas, Benef\u00edcios e Economia para Transformar Vidas e Alcan\u00e7ar Melhorias Cotidianas\",\"potentialAction\":[{\"@type\":\"SearchAction\",\"target\":{\"@type\":\"EntryPoint\",\"urlTemplate\":\"https:\\\/\\\/www.vagadeempregorj.com.br\\\/?s={search_term_string}\"},\"query-input\":{\"@type\":\"PropertyValueSpecification\",\"valueRequired\":true,\"valueName\":\"search_term_string\"}}],\"inLanguage\":\"fr-FR\"},{\"@type\":\"Person\",\"@id\":\"https:\\\/\\\/www.vagadeempregorj.com.br\\\/#\\\/schema\\\/person\\\/3ddb19fa0539706786e502152f3aae95\",\"name\":\"Michele\",\"image\":{\"@type\":\"ImageObject\",\"inLanguage\":\"fr-FR\",\"@id\":\"https:\\\/\\\/secure.gravatar.com\\\/avatar\\\/6b0eb9d22841282815e2cd856a0061c45e1761cd54b22e952d98c4746939aa85?s=96&r=g\",\"url\":\"https:\\\/\\\/secure.gravatar.com\\\/avatar\\\/6b0eb9d22841282815e2cd856a0061c45e1761cd54b22e952d98c4746939aa85?s=96&r=g\",\"contentUrl\":\"https:\\\/\\\/secure.gravatar.com\\\/avatar\\\/6b0eb9d22841282815e2cd856a0061c45e1761cd54b22e952d98c4746939aa85?s=96&r=g\",\"caption\":\"Michele\"},\"description\":\"Formada em Letras - Portugu\u00eas\\\/ Ingl\u00eas, e idealizadora do site Escritora de Sucesso, busca expandir o conhecimento de todos com informa\u00e7\u00f5es relevantes sobre diversos assuntos, enquanto redatora. No Vaga de Emprego RJ, traz oportunidades e dicas sobre o mercado de trabalho.\",\"url\":\"https:\\\/\\\/www.vagadeempregorj.com.br\\\/fr\\\/author\\\/michele\\\/\"}]}<\/script>\n<!-- \/ Yoast SEO plugin. -->","yoast_head_json":{"title":"O que falar em uma entrevista de emprego sobre mim -","description":"Veja em Vagas de Emprego RJ as vagas de emprego com e sem experi\u00eancia no seu Estado e Regi\u00e3o!","robots":{"index":"index","follow":"follow","max-snippet":"max-snippet:-1","max-image-preview":"max-image-preview:large","max-video-preview":"max-video-preview:-1"},"canonical":"https:\/\/www.vagadeempregorj.com.br\/fr\/o-que-falar-em-uma-entrevista-de-emprego-sobre-mim\/","og_locale":"fr_FR","og_type":"article","og_title":"O que falar em uma entrevista de emprego sobre mim -","og_description":"Veja em Vagas de Emprego RJ as vagas de emprego com e sem experi\u00eancia no seu Estado e Regi\u00e3o!","og_url":"https:\/\/www.vagadeempregorj.com.br\/fr\/o-que-falar-em-uma-entrevista-de-emprego-sobre-mim\/","article_publisher":"https:\/\/www.facebook.com\/empregobrasiloficial","article_published_time":"2024-02-01T03:01:00+00:00","article_modified_time":"2025-06-15T17:31:29+00:00","og_image":[{"width":1280,"height":848,"url":"https:\/\/www.vagadeempregorj.com.br\/wp-content\/uploads\/2024\/01\/image-10.png","type":"image\/png"}],"author":"Michele","twitter_card":"summary_large_image","twitter_misc":{"Written by":"Michele","Est. reading time":"4 minutes"},"schema":{"@context":"https:\/\/schema.org","@graph":[{"@type":"Article","@id":"https:\/\/www.vagadeempregorj.com.br\/o-que-falar-em-uma-entrevista-de-emprego-sobre-mim\/#article","isPartOf":{"@id":"https:\/\/www.vagadeempregorj.com.br\/o-que-falar-em-uma-entrevista-de-emprego-sobre-mim\/"},"author":{"name":"Michele","@id":"https:\/\/www.vagadeempregorj.com.br\/#\/schema\/person\/3ddb19fa0539706786e502152f3aae95"},"headline":"O que falar em uma entrevista de emprego sobre mim","datePublished":"2024-02-01T03:01:00+00:00","dateModified":"2025-06-15T17:31:29+00:00","mainEntityOfPage":{"@id":"https:\/\/www.vagadeempregorj.com.br\/o-que-falar-em-uma-entrevista-de-emprego-sobre-mim\/"},"wordCount":715,"image":{"@id":"https:\/\/www.vagadeempregorj.com.br\/o-que-falar-em-uma-entrevista-de-emprego-sobre-mim\/#primaryimage"},"thumbnailUrl":"https:\/\/www.vagadeempregorj.com.br\/wp-content\/uploads\/2024\/01\/image-10.png","articleSection":["Vagas de Emprego Nacionais"],"inLanguage":"fr-FR"},{"@type":"WebPage","@id":"https:\/\/www.vagadeempregorj.com.br\/o-que-falar-em-uma-entrevista-de-emprego-sobre-mim\/","url":"https:\/\/www.vagadeempregorj.com.br\/o-que-falar-em-uma-entrevista-de-emprego-sobre-mim\/","name":"O que falar em uma entrevista de emprego sobre mim -","isPartOf":{"@id":"https:\/\/www.vagadeempregorj.com.br\/#website"},"primaryImageOfPage":{"@id":"https:\/\/www.vagadeempregorj.com.br\/o-que-falar-em-uma-entrevista-de-emprego-sobre-mim\/#primaryimage"},"image":{"@id":"https:\/\/www.vagadeempregorj.com.br\/o-que-falar-em-uma-entrevista-de-emprego-sobre-mim\/#primaryimage"},"thumbnailUrl":"https:\/\/www.vagadeempregorj.com.br\/wp-content\/uploads\/2024\/01\/image-10.png","datePublished":"2024-02-01T03:01:00+00:00","dateModified":"2025-06-15T17:31:29+00:00","author":{"@id":"https:\/\/www.vagadeempregorj.com.br\/#\/schema\/person\/3ddb19fa0539706786e502152f3aae95"},"description":"Veja em Vagas de Emprego RJ as vagas de emprego com e sem experi\u00eancia no seu Estado e Regi\u00e3o!","breadcrumb":{"@id":"https:\/\/www.vagadeempregorj.com.br\/o-que-falar-em-uma-entrevista-de-emprego-sobre-mim\/#breadcrumb"},"inLanguage":"fr-FR","potentialAction":[{"@type":"ReadAction","target":["https:\/\/www.vagadeempregorj.com.br\/o-que-falar-em-uma-entrevista-de-emprego-sobre-mim\/"]}]},{"@type":"ImageObject","inLanguage":"fr-FR","@id":"https:\/\/www.vagadeempregorj.com.br\/o-que-falar-em-uma-entrevista-de-emprego-sobre-mim\/#primaryimage","url":"https:\/\/www.vagadeempregorj.com.br\/wp-content\/uploads\/2024\/01\/image-10.png","contentUrl":"https:\/\/www.vagadeempregorj.com.br\/wp-content\/uploads\/2024\/01\/image-10.png","width":1280,"height":848},{"@type":"BreadcrumbList","@id":"https:\/\/www.vagadeempregorj.com.br\/o-que-falar-em-uma-entrevista-de-emprego-sobre-mim\/#breadcrumb","itemListElement":[{"@type":"ListItem","position":1,"name":"In\u00edcio","item":"https:\/\/www.vagadeempregorj.com.br\/"},{"@type":"ListItem","position":2,"name":"O que falar em uma entrevista de emprego sobre mim"}]},{"@type":"WebSite","@id":"https:\/\/www.vagadeempregorj.com.br\/#website","url":"https:\/\/www.vagadeempregorj.com.br\/","name":"","description":"Conquiste Sonhos: Vagas, Benef\u00edcios e Economia para Transformar Vidas e Alcan\u00e7ar Melhorias Cotidianas","potentialAction":[{"@type":"SearchAction","target":{"@type":"EntryPoint","urlTemplate":"https:\/\/www.vagadeempregorj.com.br\/?s={search_term_string}"},"query-input":{"@type":"PropertyValueSpecification","valueRequired":true,"valueName":"search_term_string"}}],"inLanguage":"fr-FR"},{"@type":"Person","@id":"https:\/\/www.vagadeempregorj.com.br\/#\/schema\/person\/3ddb19fa0539706786e502152f3aae95","name":"Michele","image":{"@type":"ImageObject","inLanguage":"fr-FR","@id":"https:\/\/secure.gravatar.com\/avatar\/6b0eb9d22841282815e2cd856a0061c45e1761cd54b22e952d98c4746939aa85?s=96&r=g","url":"https:\/\/secure.gravatar.com\/avatar\/6b0eb9d22841282815e2cd856a0061c45e1761cd54b22e952d98c4746939aa85?s=96&r=g","contentUrl":"https:\/\/secure.gravatar.com\/avatar\/6b0eb9d22841282815e2cd856a0061c45e1761cd54b22e952d98c4746939aa85?s=96&r=g","caption":"Michele"},"description":"Formada em Letras - Portugu\u00eas\/ Ingl\u00eas, e idealizadora do site Escritora de Sucesso, busca expandir o conhecimento de todos com informa\u00e7\u00f5es relevantes sobre diversos assuntos, enquanto redatora. No Vaga de Emprego RJ, traz oportunidades e dicas sobre o mercado de trabalho.","url":"https:\/\/www.vagadeempregorj.com.br\/fr\/author\/michele\/"}]}},"_links":{"self":[{"href":"https:\/\/www.vagadeempregorj.com.br\/fr\/wp-json\/wp\/v2\/posts\/39371","targetHints":{"allow":["GET"]}}],"collection":[{"href":"https:\/\/www.vagadeempregorj.com.br\/fr\/wp-json\/wp\/v2\/posts"}],"about":[{"href":"https:\/\/www.vagadeempregorj.com.br\/fr\/wp-json\/wp\/v2\/types\/post"}],"author":[{"embeddable":true,"href":"https:\/\/www.vagadeempregorj.com.br\/fr\/wp-json\/wp\/v2\/users\/16"}],"replies":[{"embeddable":true,"href":"https:\/\/www.vagadeempregorj.com.br\/fr\/wp-json\/wp\/v2\/comments?post=39371"}],"version-history":[{"count":1,"href":"https:\/\/www.vagadeempregorj.com.br\/fr\/wp-json\/wp\/v2\/posts\/39371\/revisions"}],"predecessor-version":[{"id":43567,"href":"https:\/\/www.vagadeempregorj.com.br\/fr\/wp-json\/wp\/v2\/posts\/39371\/revisions\/43567"}],"wp:featuredmedia":[{"embeddable":true,"href":"https:\/\/www.vagadeempregorj.com.br\/fr\/wp-json\/wp\/v2\/media\/39388"}],"wp:attachment":[{"href":"https:\/\/www.vagadeempregorj.com.br\/fr\/wp-json\/wp\/v2\/media?parent=39371"}],"wp:term":[{"taxonomy":"category","embeddable":true,"href":"https:\/\/www.vagadeempregorj.com.br\/fr\/wp-json\/wp\/v2\/categories?post=39371"},{"taxonomy":"post_tag","embeddable":true,"href":"https:\/\/www.vagadeempregorj.com.br\/fr\/wp-json\/wp\/v2\/tags?post=39371"}],"curies":[{"name":"wp","href":"https:\/\/api.w.org\/{rel}","templated":true}]}}