{"id":39538,"date":"2024-03-19T21:44:04","date_gmt":"2024-03-20T00:44:04","guid":{"rendered":"https:\/\/www.vagadeempregorj.com.br\/?p=39538"},"modified":"2024-03-19T21:44:06","modified_gmt":"2024-03-20T00:44:06","slug":"bolsa-familia-cancelado-saiba-como-proceder-neste-caso","status":"publish","type":"post","link":"https:\/\/www.vagadeempregorj.com.br\/fr\/bolsa-familia-cancelado-saiba-como-proceder-neste-caso\/","title":{"rendered":"Bolsa Fam\u00edlia CANCELADO? Saiba como proceder neste caso"},"content":{"rendered":"<p>O Bolsa Fam\u00edlia \u00e9 um dos programas sociais mais importantes do Brasil, promovendo aux\u00edlio financeiro a fam\u00edlias em situa\u00e7\u00e3o de pobreza e extrema pobreza. Desde sua implementa\u00e7\u00e3o em 2003, tem sido crucial na redu\u00e7\u00e3o da desigualdade social e na promo\u00e7\u00e3o de condi\u00e7\u00f5es m\u00ednimas de vida para milh\u00f5es de brasileiros.&nbsp;<\/p>\n\n\n\n<p>Contudo, como qualquer programa governamental, podem ocorrer situa\u00e7\u00f5es em que os benef\u00edcios s\u00e3o cancelados, seja por quest\u00f5es administrativas, mudan\u00e7as nas condi\u00e7\u00f5es de elegibilidade ou outros motivos.&nbsp;<\/p>\n\n\n\n<h2 class=\"wp-block-heading\">Bolsa Fam\u00edlia cancelado, o que aconteceu?<\/h2>\n\n\n\n<p>Receber a not\u00edcia de que o <a href=\"https:\/\/www.gov.br\/mds\/pt-br\/acoes-e-programas\/bolsa-familia\">Bolsa Fam\u00edlia<\/a> foi cancelado pode ser desesperador para muitas fam\u00edlias que dependem desse aux\u00edlio para suprir necessidades b\u00e1sicas. Mas o que pode levar ao cancelamento desse benef\u00edcio t\u00e3o importante? Vamos ver alguns dos motivos mais comuns.<\/p>\n\n\n\n<h3 class=\"wp-block-heading\">Atualiza\u00e7\u00e3o Cadastral<\/h3>\n\n\n\n<p>O Cadastro \u00danico para Programas Sociais do Governo Federal, utilizado para a sele\u00e7\u00e3o de benefici\u00e1rios do Bolsa Fam\u00edlia, requer atualiza\u00e7\u00f5es peri\u00f3dicas das informa\u00e7\u00f5es das fam\u00edlias cadastradas. Se uma fam\u00edlia n\u00e3o atualiza seus dados dentro do prazo estipulado, o benef\u00edcio pode ser cancelado automaticamente.<\/p>\n\n\n\n<h3 class=\"wp-block-heading\">Mudan\u00e7a nas Condi\u00e7\u00f5es Financeiras<\/h3>\n\n\n\n<p>O Bolsa Fam\u00edlia \u00e9 destinado a fam\u00edlias em situa\u00e7\u00e3o de pobreza e extrema pobreza. Se a situa\u00e7\u00e3o financeira da fam\u00edlia melhorar e ela ultrapassar os limites de renda estabelecidos pelo programa, o benef\u00edcio pode ser cancelado.<\/p>\n\n\n\n<figure class=\"wp-block-image size-large\"><img loading=\"lazy\" decoding=\"async\" width=\"1024\" height=\"683\" src=\"https:\/\/www.vagadeempregorj.com.br\/wp-content\/uploads\/2024\/03\/bolsa-familia-cancelado-1024x683.png\" alt=\"\" class=\"wp-image-39539\" srcset=\"https:\/\/www.vagadeempregorj.com.br\/wp-content\/uploads\/2024\/03\/bolsa-familia-cancelado-1024x683.png 1024w, https:\/\/www.vagadeempregorj.com.br\/wp-content\/uploads\/2024\/03\/bolsa-familia-cancelado-300x200.png 300w, https:\/\/www.vagadeempregorj.com.br\/wp-content\/uploads\/2024\/03\/bolsa-familia-cancelado-768x512.png 768w, https:\/\/www.vagadeempregorj.com.br\/wp-content\/uploads\/2024\/03\/bolsa-familia-cancelado-150x100.png 150w, https:\/\/www.vagadeempregorj.com.br\/wp-content\/uploads\/2024\/03\/bolsa-familia-cancelado.png 1200w\" sizes=\"auto, (max-width: 1024px) 100vw, 1024px\" \/><\/figure>\n\n\n\n<h3 class=\"wp-block-heading\">Descumprimento de Condicionalidades<\/h3>\n\n\n\n<p>Para manter o benef\u00edcio, \u00e9 necess\u00e1rio cumprir algumas condicionalidades estabelecidas pelo programa, como manter as crian\u00e7as na escola e manter em dia o calend\u00e1rio de vacina\u00e7\u00e3o. Se a fam\u00edlia n\u00e3o cumprir essas exig\u00eancias, o Bolsa Fam\u00edlia pode ser suspenso ou cancelado.<\/p>\n\n\n\n<h3 class=\"wp-block-heading\">Identifica\u00e7\u00e3o de Irregularidades<\/h3>\n\n\n\n<p>Em alguns casos, o cancelamento do Bolsa Fam\u00edlia pode ocorrer devido \u00e0 identifica\u00e7\u00e3o de irregularidades no cadastro da fam\u00edlia, como informa\u00e7\u00f5es falsas ou omiss\u00e3o de dados relevantes.<\/p>\n\n\n\n<h2 class=\"wp-block-heading\">O que fazer se o Bolsa Fam\u00edlia for cancelado?<\/h2>\n\n\n\n<p>Receber a not\u00edcia do cancelamento do Bolsa Fam\u00edlia n\u00e3o \u00e9 o fim do caminho. Existem passos que podem ser tomados para reverter essa situa\u00e7\u00e3o ou buscar alternativas para garantir o sustento da fam\u00edlia:<\/p>\n\n\n\n<h3 class=\"wp-block-heading\">Verificar o Motivo do Cancelamento<\/h3>\n\n\n\n<p>O primeiro passo \u00e9 entender o motivo pelo qual o Bolsa Fam\u00edlia foi cancelado. Isso pode ser feito entrando em contato com o \u00f3rg\u00e3o respons\u00e1vel pelo programa, geralmente a Secretaria de Desenvolvimento Social do munic\u00edpio.<\/p>\n\n\n\n<h3 class=\"wp-block-heading\">Atualizar o Cadastro<\/h3>\n\n\n\n<p>Se o cancelamento ocorreu devido \u00e0 falta de atualiza\u00e7\u00e3o cadastral, \u00e9 importante regularizar a situa\u00e7\u00e3o o mais r\u00e1pido poss\u00edvel. Isso pode envolver a atualiza\u00e7\u00e3o dos dados no Cadastro \u00danico e a apresenta\u00e7\u00e3o dos documentos necess\u00e1rios.<\/p>\n\n\n\n<h3 class=\"wp-block-heading\">Recorrer da Decis\u00e3o<\/h3>\n\n\n\n<p>Se a fam\u00edlia acredita que o cancelamento foi injusto ou baseado em informa\u00e7\u00f5es incorretas, \u00e9 poss\u00edvel recorrer da decis\u00e3o. Isso geralmente envolve apresentar documentos que comprovem a situa\u00e7\u00e3o da fam\u00edlia e explicar o motivo pelo qual o benef\u00edcio \u00e9 necess\u00e1rio.<\/p>\n\n\n\n<h3 class=\"wp-block-heading\">Buscar Alternativas<\/h3>\n\n\n\n<p>Enquanto o Bolsa Fam\u00edlia est\u00e1 suspenso, pode ser necess\u00e1rio buscar alternativas para garantir o sustento da fam\u00edlia, como procurar por programas sociais locais, buscar emprego ou contar com o apoio de familiares e amigos.<\/p>\n\n\n\n<h2 class=\"wp-block-heading\">Entenda as medidas necess\u00e1rias<\/h2>\n\n\n\n<p>O cancelamento do Bolsa Fam\u00edlia pode ser uma situa\u00e7\u00e3o dif\u00edcil de enfrentar, mas n\u00e3o significa o fim das possibilidades. \u00c9 importante agir rapidamente, entender o motivo do cancelamento e buscar as medidas necess\u00e1rias para reverter essa situa\u00e7\u00e3o. O aux\u00edlio de \u00f3rg\u00e3os governamentais e organiza\u00e7\u00f5es da sociedade civil pode ser fundamental nesse processo.&nbsp;<\/p>\n\n\n\n<p>Mais do que nunca, \u00e9 essencial que as fam\u00edlias em situa\u00e7\u00e3o de vulnerabilidade tenham acesso aos recursos necess\u00e1rios para garantir sua subsist\u00eancia e promover uma vida digna para todos.<\/p>\n\n\n\n<p><strong>Veja tamb\u00e9m: <a href=\"https:\/\/www.vagadeempregorj.com.br\/fr\/tenho-carteira-assinada-posso-receber-bolsa-familia-2024\/\">Tenho carteira assinada, posso receber bolsa fam\u00edlia 2024?<\/a><\/strong><\/p>\n\n\n\n<p>19 de mar\u00e7o de 2024<\/p>","protected":false},"excerpt":{"rendered":"<p>O Bolsa Fam\u00edlia \u00e9 um dos programas sociais mais importantes do Brasil, promovendo aux\u00edlio financeiro a fam\u00edlias em situa\u00e7\u00e3o de pobreza e extrema pobreza. Desde sua implementa\u00e7\u00e3o em 2003, tem sido crucial na redu\u00e7\u00e3o da desigualdade social e na promo\u00e7\u00e3o de condi\u00e7\u00f5es m\u00ednimas de vida para milh\u00f5es de brasileiros.&nbsp; Contudo, como qualquer programa governamental, podem&hellip;&nbsp;<\/p>","protected":false},"author":16,"featured_media":39539,"comment_status":"closed","ping_status":"closed","sticky":false,"template":"","format":"standard","meta":{"neve_meta_sidebar":"","neve_meta_container":"","neve_meta_enable_content_width":"","neve_meta_content_width":0,"neve_meta_title_alignment":"","neve_meta_author_avatar":"","neve_post_elements_order":"","neve_meta_disable_header":"","neve_meta_disable_footer":"","neve_meta_disable_title":"","footnotes":""},"categories":[1],"tags":[],"class_list":["post-39538","post","type-post","status-publish","format-standard","has-post-thumbnail","hentry","category-beneficios-sociais"],"yoast_head":"<!-- This site is optimized with the Yoast SEO plugin v27.5 - https:\/\/yoast.com\/product\/yoast-seo-wordpress\/ -->\n<title>Bolsa Fam\u00edlia CANCELADO? Saiba como proceder neste caso -<\/title>\n<meta name=\"description\" content=\"Veja em Vagas de Emprego RJ as vagas de emprego com e sem experi\u00eancia no seu Estado e Regi\u00e3o!\" \/>\n<meta name=\"robots\" content=\"index, follow, max-snippet:-1, max-image-preview:large, max-video-preview:-1\" \/>\n<link rel=\"canonical\" href=\"https:\/\/www.vagadeempregorj.com.br\/fr\/bolsa-familia-cancelado-saiba-como-proceder-neste-caso\/\" \/>\n<meta property=\"og:locale\" content=\"fr_FR\" \/>\n<meta property=\"og:type\" content=\"article\" \/>\n<meta property=\"og:title\" content=\"Bolsa Fam\u00edlia CANCELADO? Saiba como proceder neste caso -\" \/>\n<meta property=\"og:description\" content=\"Veja em Vagas de Emprego RJ as vagas de emprego com e sem experi\u00eancia no seu Estado e Regi\u00e3o!\" \/>\n<meta property=\"og:url\" content=\"https:\/\/www.vagadeempregorj.com.br\/fr\/bolsa-familia-cancelado-saiba-como-proceder-neste-caso\/\" \/>\n<meta property=\"article:publisher\" content=\"https:\/\/www.facebook.com\/empregobrasiloficial\" \/>\n<meta property=\"article:published_time\" content=\"2024-03-20T00:44:04+00:00\" \/>\n<meta property=\"article:modified_time\" content=\"2024-03-20T00:44:06+00:00\" \/>\n<meta property=\"og:image\" content=\"https:\/\/www.vagadeempregorj.com.br\/wp-content\/uploads\/2024\/03\/bolsa-familia-cancelado.png\" \/>\n\t<meta property=\"og:image:width\" content=\"1200\" \/>\n\t<meta property=\"og:image:height\" content=\"800\" \/>\n\t<meta property=\"og:image:type\" content=\"image\/png\" \/>\n<meta name=\"author\" content=\"Michele\" \/>\n<meta name=\"twitter:card\" content=\"summary_large_image\" \/>\n<meta name=\"twitter:label1\" content=\"Written by\" \/>\n\t<meta name=\"twitter:data1\" content=\"Michele\" \/>\n\t<meta name=\"twitter:label2\" content=\"Est. reading time\" \/>\n\t<meta name=\"twitter:data2\" content=\"3 minutes\" \/>\n<script type=\"application\/ld+json\" class=\"yoast-schema-graph\">{\"@context\":\"https:\\\/\\\/schema.org\",\"@graph\":[{\"@type\":\"Article\",\"@id\":\"https:\\\/\\\/www.vagadeempregorj.com.br\\\/bolsa-familia-cancelado-saiba-como-proceder-neste-caso\\\/#article\",\"isPartOf\":{\"@id\":\"https:\\\/\\\/www.vagadeempregorj.com.br\\\/bolsa-familia-cancelado-saiba-como-proceder-neste-caso\\\/\"},\"author\":{\"name\":\"Michele\",\"@id\":\"https:\\\/\\\/www.vagadeempregorj.com.br\\\/#\\\/schema\\\/person\\\/3ddb19fa0539706786e502152f3aae95\"},\"headline\":\"Bolsa Fam\u00edlia CANCELADO? Saiba como proceder neste caso\",\"datePublished\":\"2024-03-20T00:44:04+00:00\",\"dateModified\":\"2024-03-20T00:44:06+00:00\",\"mainEntityOfPage\":{\"@id\":\"https:\\\/\\\/www.vagadeempregorj.com.br\\\/bolsa-familia-cancelado-saiba-como-proceder-neste-caso\\\/\"},\"wordCount\":681,\"image\":{\"@id\":\"https:\\\/\\\/www.vagadeempregorj.com.br\\\/bolsa-familia-cancelado-saiba-como-proceder-neste-caso\\\/#primaryimage\"},\"thumbnailUrl\":\"https:\\\/\\\/www.vagadeempregorj.com.br\\\/wp-content\\\/uploads\\\/2024\\\/03\\\/bolsa-familia-cancelado.png\",\"articleSection\":[\"Benef\u00edcios Sociais\"],\"inLanguage\":\"fr-FR\"},{\"@type\":\"WebPage\",\"@id\":\"https:\\\/\\\/www.vagadeempregorj.com.br\\\/bolsa-familia-cancelado-saiba-como-proceder-neste-caso\\\/\",\"url\":\"https:\\\/\\\/www.vagadeempregorj.com.br\\\/bolsa-familia-cancelado-saiba-como-proceder-neste-caso\\\/\",\"name\":\"Bolsa Fam\u00edlia CANCELADO? Saiba como proceder neste caso -\",\"isPartOf\":{\"@id\":\"https:\\\/\\\/www.vagadeempregorj.com.br\\\/#website\"},\"primaryImageOfPage\":{\"@id\":\"https:\\\/\\\/www.vagadeempregorj.com.br\\\/bolsa-familia-cancelado-saiba-como-proceder-neste-caso\\\/#primaryimage\"},\"image\":{\"@id\":\"https:\\\/\\\/www.vagadeempregorj.com.br\\\/bolsa-familia-cancelado-saiba-como-proceder-neste-caso\\\/#primaryimage\"},\"thumbnailUrl\":\"https:\\\/\\\/www.vagadeempregorj.com.br\\\/wp-content\\\/uploads\\\/2024\\\/03\\\/bolsa-familia-cancelado.png\",\"datePublished\":\"2024-03-20T00:44:04+00:00\",\"dateModified\":\"2024-03-20T00:44:06+00:00\",\"author\":{\"@id\":\"https:\\\/\\\/www.vagadeempregorj.com.br\\\/#\\\/schema\\\/person\\\/3ddb19fa0539706786e502152f3aae95\"},\"description\":\"Veja em Vagas de Emprego RJ as vagas de emprego com e sem experi\u00eancia no seu Estado e Regi\u00e3o!\",\"breadcrumb\":{\"@id\":\"https:\\\/\\\/www.vagadeempregorj.com.br\\\/bolsa-familia-cancelado-saiba-como-proceder-neste-caso\\\/#breadcrumb\"},\"inLanguage\":\"fr-FR\",\"potentialAction\":[{\"@type\":\"ReadAction\",\"target\":[\"https:\\\/\\\/www.vagadeempregorj.com.br\\\/bolsa-familia-cancelado-saiba-como-proceder-neste-caso\\\/\"]}]},{\"@type\":\"ImageObject\",\"inLanguage\":\"fr-FR\",\"@id\":\"https:\\\/\\\/www.vagadeempregorj.com.br\\\/bolsa-familia-cancelado-saiba-como-proceder-neste-caso\\\/#primaryimage\",\"url\":\"https:\\\/\\\/www.vagadeempregorj.com.br\\\/wp-content\\\/uploads\\\/2024\\\/03\\\/bolsa-familia-cancelado.png\",\"contentUrl\":\"https:\\\/\\\/www.vagadeempregorj.com.br\\\/wp-content\\\/uploads\\\/2024\\\/03\\\/bolsa-familia-cancelado.png\",\"width\":1200,\"height\":800},{\"@type\":\"BreadcrumbList\",\"@id\":\"https:\\\/\\\/www.vagadeempregorj.com.br\\\/bolsa-familia-cancelado-saiba-como-proceder-neste-caso\\\/#breadcrumb\",\"itemListElement\":[{\"@type\":\"ListItem\",\"position\":1,\"name\":\"In\u00edcio\",\"item\":\"https:\\\/\\\/www.vagadeempregorj.com.br\\\/\"},{\"@type\":\"ListItem\",\"position\":2,\"name\":\"Benef\u00edcios Sociais\",\"item\":\"https:\\\/\\\/www.vagadeempregorj.com.br\\\/beneficios-sociais\\\/\"},{\"@type\":\"ListItem\",\"position\":3,\"name\":\"Bolsa Fam\u00edlia CANCELADO? Saiba como proceder neste caso\"}]},{\"@type\":\"WebSite\",\"@id\":\"https:\\\/\\\/www.vagadeempregorj.com.br\\\/#website\",\"url\":\"https:\\\/\\\/www.vagadeempregorj.com.br\\\/\",\"name\":\"\",\"description\":\"Conquiste Sonhos: Vagas, Benef\u00edcios e Economia para Transformar Vidas e Alcan\u00e7ar Melhorias Cotidianas\",\"potentialAction\":[{\"@type\":\"SearchAction\",\"target\":{\"@type\":\"EntryPoint\",\"urlTemplate\":\"https:\\\/\\\/www.vagadeempregorj.com.br\\\/?s={search_term_string}\"},\"query-input\":{\"@type\":\"PropertyValueSpecification\",\"valueRequired\":true,\"valueName\":\"search_term_string\"}}],\"inLanguage\":\"fr-FR\"},{\"@type\":\"Person\",\"@id\":\"https:\\\/\\\/www.vagadeempregorj.com.br\\\/#\\\/schema\\\/person\\\/3ddb19fa0539706786e502152f3aae95\",\"name\":\"Michele\",\"image\":{\"@type\":\"ImageObject\",\"inLanguage\":\"fr-FR\",\"@id\":\"https:\\\/\\\/secure.gravatar.com\\\/avatar\\\/6b0eb9d22841282815e2cd856a0061c45e1761cd54b22e952d98c4746939aa85?s=96&r=g\",\"url\":\"https:\\\/\\\/secure.gravatar.com\\\/avatar\\\/6b0eb9d22841282815e2cd856a0061c45e1761cd54b22e952d98c4746939aa85?s=96&r=g\",\"contentUrl\":\"https:\\\/\\\/secure.gravatar.com\\\/avatar\\\/6b0eb9d22841282815e2cd856a0061c45e1761cd54b22e952d98c4746939aa85?s=96&r=g\",\"caption\":\"Michele\"},\"description\":\"Formada em Letras - Portugu\u00eas\\\/ Ingl\u00eas, e idealizadora do site Escritora de Sucesso, busca expandir o conhecimento de todos com informa\u00e7\u00f5es relevantes sobre diversos assuntos, enquanto redatora. No Vaga de Emprego RJ, traz oportunidades e dicas sobre o mercado de trabalho.\",\"url\":\"https:\\\/\\\/www.vagadeempregorj.com.br\\\/fr\\\/author\\\/michele\\\/\"}]}<\/script>\n<!-- \/ Yoast SEO plugin. -->","yoast_head_json":{"title":"Bolsa Fam\u00edlia CANCELADO? Saiba como proceder neste caso -","description":"Veja em Vagas de Emprego RJ as vagas de emprego com e sem experi\u00eancia no seu Estado e Regi\u00e3o!","robots":{"index":"index","follow":"follow","max-snippet":"max-snippet:-1","max-image-preview":"max-image-preview:large","max-video-preview":"max-video-preview:-1"},"canonical":"https:\/\/www.vagadeempregorj.com.br\/fr\/bolsa-familia-cancelado-saiba-como-proceder-neste-caso\/","og_locale":"fr_FR","og_type":"article","og_title":"Bolsa Fam\u00edlia CANCELADO? Saiba como proceder neste caso -","og_description":"Veja em Vagas de Emprego RJ as vagas de emprego com e sem experi\u00eancia no seu Estado e Regi\u00e3o!","og_url":"https:\/\/www.vagadeempregorj.com.br\/fr\/bolsa-familia-cancelado-saiba-como-proceder-neste-caso\/","article_publisher":"https:\/\/www.facebook.com\/empregobrasiloficial","article_published_time":"2024-03-20T00:44:04+00:00","article_modified_time":"2024-03-20T00:44:06+00:00","og_image":[{"width":1200,"height":800,"url":"https:\/\/www.vagadeempregorj.com.br\/wp-content\/uploads\/2024\/03\/bolsa-familia-cancelado.png","type":"image\/png"}],"author":"Michele","twitter_card":"summary_large_image","twitter_misc":{"Written by":"Michele","Est. reading time":"3 minutes"},"schema":{"@context":"https:\/\/schema.org","@graph":[{"@type":"Article","@id":"https:\/\/www.vagadeempregorj.com.br\/bolsa-familia-cancelado-saiba-como-proceder-neste-caso\/#article","isPartOf":{"@id":"https:\/\/www.vagadeempregorj.com.br\/bolsa-familia-cancelado-saiba-como-proceder-neste-caso\/"},"author":{"name":"Michele","@id":"https:\/\/www.vagadeempregorj.com.br\/#\/schema\/person\/3ddb19fa0539706786e502152f3aae95"},"headline":"Bolsa Fam\u00edlia CANCELADO? Saiba como proceder neste caso","datePublished":"2024-03-20T00:44:04+00:00","dateModified":"2024-03-20T00:44:06+00:00","mainEntityOfPage":{"@id":"https:\/\/www.vagadeempregorj.com.br\/bolsa-familia-cancelado-saiba-como-proceder-neste-caso\/"},"wordCount":681,"image":{"@id":"https:\/\/www.vagadeempregorj.com.br\/bolsa-familia-cancelado-saiba-como-proceder-neste-caso\/#primaryimage"},"thumbnailUrl":"https:\/\/www.vagadeempregorj.com.br\/wp-content\/uploads\/2024\/03\/bolsa-familia-cancelado.png","articleSection":["Benef\u00edcios Sociais"],"inLanguage":"fr-FR"},{"@type":"WebPage","@id":"https:\/\/www.vagadeempregorj.com.br\/bolsa-familia-cancelado-saiba-como-proceder-neste-caso\/","url":"https:\/\/www.vagadeempregorj.com.br\/bolsa-familia-cancelado-saiba-como-proceder-neste-caso\/","name":"Bolsa Fam\u00edlia CANCELADO? Saiba como proceder neste caso -","isPartOf":{"@id":"https:\/\/www.vagadeempregorj.com.br\/#website"},"primaryImageOfPage":{"@id":"https:\/\/www.vagadeempregorj.com.br\/bolsa-familia-cancelado-saiba-como-proceder-neste-caso\/#primaryimage"},"image":{"@id":"https:\/\/www.vagadeempregorj.com.br\/bolsa-familia-cancelado-saiba-como-proceder-neste-caso\/#primaryimage"},"thumbnailUrl":"https:\/\/www.vagadeempregorj.com.br\/wp-content\/uploads\/2024\/03\/bolsa-familia-cancelado.png","datePublished":"2024-03-20T00:44:04+00:00","dateModified":"2024-03-20T00:44:06+00:00","author":{"@id":"https:\/\/www.vagadeempregorj.com.br\/#\/schema\/person\/3ddb19fa0539706786e502152f3aae95"},"description":"Veja em Vagas de Emprego RJ as vagas de emprego com e sem experi\u00eancia no seu Estado e Regi\u00e3o!","breadcrumb":{"@id":"https:\/\/www.vagadeempregorj.com.br\/bolsa-familia-cancelado-saiba-como-proceder-neste-caso\/#breadcrumb"},"inLanguage":"fr-FR","potentialAction":[{"@type":"ReadAction","target":["https:\/\/www.vagadeempregorj.com.br\/bolsa-familia-cancelado-saiba-como-proceder-neste-caso\/"]}]},{"@type":"ImageObject","inLanguage":"fr-FR","@id":"https:\/\/www.vagadeempregorj.com.br\/bolsa-familia-cancelado-saiba-como-proceder-neste-caso\/#primaryimage","url":"https:\/\/www.vagadeempregorj.com.br\/wp-content\/uploads\/2024\/03\/bolsa-familia-cancelado.png","contentUrl":"https:\/\/www.vagadeempregorj.com.br\/wp-content\/uploads\/2024\/03\/bolsa-familia-cancelado.png","width":1200,"height":800},{"@type":"BreadcrumbList","@id":"https:\/\/www.vagadeempregorj.com.br\/bolsa-familia-cancelado-saiba-como-proceder-neste-caso\/#breadcrumb","itemListElement":[{"@type":"ListItem","position":1,"name":"In\u00edcio","item":"https:\/\/www.vagadeempregorj.com.br\/"},{"@type":"ListItem","position":2,"name":"Benef\u00edcios Sociais","item":"https:\/\/www.vagadeempregorj.com.br\/beneficios-sociais\/"},{"@type":"ListItem","position":3,"name":"Bolsa Fam\u00edlia CANCELADO? Saiba como proceder neste caso"}]},{"@type":"WebSite","@id":"https:\/\/www.vagadeempregorj.com.br\/#website","url":"https:\/\/www.vagadeempregorj.com.br\/","name":"","description":"Conquiste Sonhos: Vagas, Benef\u00edcios e Economia para Transformar Vidas e Alcan\u00e7ar Melhorias Cotidianas","potentialAction":[{"@type":"SearchAction","target":{"@type":"EntryPoint","urlTemplate":"https:\/\/www.vagadeempregorj.com.br\/?s={search_term_string}"},"query-input":{"@type":"PropertyValueSpecification","valueRequired":true,"valueName":"search_term_string"}}],"inLanguage":"fr-FR"},{"@type":"Person","@id":"https:\/\/www.vagadeempregorj.com.br\/#\/schema\/person\/3ddb19fa0539706786e502152f3aae95","name":"Michele","image":{"@type":"ImageObject","inLanguage":"fr-FR","@id":"https:\/\/secure.gravatar.com\/avatar\/6b0eb9d22841282815e2cd856a0061c45e1761cd54b22e952d98c4746939aa85?s=96&r=g","url":"https:\/\/secure.gravatar.com\/avatar\/6b0eb9d22841282815e2cd856a0061c45e1761cd54b22e952d98c4746939aa85?s=96&r=g","contentUrl":"https:\/\/secure.gravatar.com\/avatar\/6b0eb9d22841282815e2cd856a0061c45e1761cd54b22e952d98c4746939aa85?s=96&r=g","caption":"Michele"},"description":"Formada em Letras - Portugu\u00eas\/ Ingl\u00eas, e idealizadora do site Escritora de Sucesso, busca expandir o conhecimento de todos com informa\u00e7\u00f5es relevantes sobre diversos assuntos, enquanto redatora. No Vaga de Emprego RJ, traz oportunidades e dicas sobre o mercado de trabalho.","url":"https:\/\/www.vagadeempregorj.com.br\/fr\/author\/michele\/"}]}},"_links":{"self":[{"href":"https:\/\/www.vagadeempregorj.com.br\/fr\/wp-json\/wp\/v2\/posts\/39538","targetHints":{"allow":["GET"]}}],"collection":[{"href":"https:\/\/www.vagadeempregorj.com.br\/fr\/wp-json\/wp\/v2\/posts"}],"about":[{"href":"https:\/\/www.vagadeempregorj.com.br\/fr\/wp-json\/wp\/v2\/types\/post"}],"author":[{"embeddable":true,"href":"https:\/\/www.vagadeempregorj.com.br\/fr\/wp-json\/wp\/v2\/users\/16"}],"replies":[{"embeddable":true,"href":"https:\/\/www.vagadeempregorj.com.br\/fr\/wp-json\/wp\/v2\/comments?post=39538"}],"version-history":[{"count":0,"href":"https:\/\/www.vagadeempregorj.com.br\/fr\/wp-json\/wp\/v2\/posts\/39538\/revisions"}],"wp:featuredmedia":[{"embeddable":true,"href":"https:\/\/www.vagadeempregorj.com.br\/fr\/wp-json\/wp\/v2\/media\/39539"}],"wp:attachment":[{"href":"https:\/\/www.vagadeempregorj.com.br\/fr\/wp-json\/wp\/v2\/media?parent=39538"}],"wp:term":[{"taxonomy":"category","embeddable":true,"href":"https:\/\/www.vagadeempregorj.com.br\/fr\/wp-json\/wp\/v2\/categories?post=39538"},{"taxonomy":"post_tag","embeddable":true,"href":"https:\/\/www.vagadeempregorj.com.br\/fr\/wp-json\/wp\/v2\/tags?post=39538"}],"curies":[{"name":"wp","href":"https:\/\/api.w.org\/{rel}","templated":true}]}}