{"id":39554,"date":"2024-04-03T00:01:00","date_gmt":"2024-04-03T03:01:00","guid":{"rendered":"https:\/\/www.vagadeempregorj.com.br\/?p=39554"},"modified":"2024-03-27T14:00:58","modified_gmt":"2024-03-27T17:00:58","slug":"quais-pessoas-podem-fazer-o-bolsa-familia-veja-criterios","status":"publish","type":"post","link":"https:\/\/www.vagadeempregorj.com.br\/fr\/quais-pessoas-podem-fazer-o-bolsa-familia-veja-criterios\/","title":{"rendered":"Quais pessoas podem fazer o Bolsa Fam\u00edlia? Veja crit\u00e9rios"},"content":{"rendered":"<p>O Bolsa Fam\u00edlia, um dos programas sociais mais conhecidos e importantes do Brasil, tem sido um elemento crucial na luta contra a pobreza e a desigualdade no pa\u00eds. Desde o seu lan\u00e7amento em 2003, ele tem ajudado milh\u00f5es de fam\u00edlias a garantir uma renda m\u00ednima e acesso a servi\u00e7os b\u00e1sicos. No entanto, para que uma fam\u00edlia possa se beneficiar do programa, \u00e9 necess\u00e1rio atender a certos crit\u00e9rios estabelecidos pelo governo.&nbsp;<\/p>\n\n\n\n<h2 class=\"wp-block-heading\">O que \u00e9 o Bolsa Fam\u00edlia?<\/h2>\n\n\n\n<p>Antes de entrarmos nos crit\u00e9rios de elegibilidade, \u00e9 importante entender o que \u00e9 o Bolsa Fam\u00edlia e como ele funciona. Criado pelo governo federal, o Bolsa Fam\u00edlia \u00e9 um programa de transfer\u00eancia de renda voltado para fam\u00edlias em situa\u00e7\u00e3o de pobreza e extrema pobreza. Seu principal objetivo \u00e9 garantir o acesso dessas fam\u00edlias a condi\u00e7\u00f5es m\u00ednimas de alimenta\u00e7\u00e3o, sa\u00fade e educa\u00e7\u00e3o.<\/p>\n\n\n\n<p>O programa funciona de forma bastante simples: as fam\u00edlias que se enquadram nos crit\u00e9rios estabelecidos pelo governo recebem um benef\u00edcio em dinheiro, que varia de acordo com o n\u00famero de membros da fam\u00edlia, a renda per capita e outras vari\u00e1veis. Esse benef\u00edcio \u00e9 pago mensalmente e est\u00e1 condicionado ao cumprimento de algumas contrapartidas, como a frequ\u00eancia escolar das crian\u00e7as e adolescentes e o acompanhamento da sa\u00fade.<\/p>\n\n\n\n<figure class=\"wp-block-image size-large\"><img loading=\"lazy\" decoding=\"async\" width=\"1024\" height=\"683\" src=\"https:\/\/www.vagadeempregorj.com.br\/wp-content\/uploads\/2024\/03\/image-4-1024x683.png\" alt=\"\" class=\"wp-image-39569\" srcset=\"https:\/\/www.vagadeempregorj.com.br\/wp-content\/uploads\/2024\/03\/image-4-1024x683.png 1024w, https:\/\/www.vagadeempregorj.com.br\/wp-content\/uploads\/2024\/03\/image-4-300x200.png 300w, https:\/\/www.vagadeempregorj.com.br\/wp-content\/uploads\/2024\/03\/image-4-768x512.png 768w, https:\/\/www.vagadeempregorj.com.br\/wp-content\/uploads\/2024\/03\/image-4-150x100.png 150w, https:\/\/www.vagadeempregorj.com.br\/wp-content\/uploads\/2024\/03\/image-4.png 1150w\" sizes=\"auto, (max-width: 1024px) 100vw, 1024px\" \/><figcaption class=\"wp-element-caption\">Imagem: Reprodu\u00e7\u00e3o<\/figcaption><\/figure>\n\n\n\n<h2 class=\"wp-block-heading\">Quem pode fazer o Bolsa Fam\u00edlia?<\/h2>\n\n\n\n<p>Para poder fazer o Bolsa Fam\u00edlia, a fam\u00edlia precisa atender a uma s\u00e9rie de crit\u00e9rios socioecon\u00f4micos estabelecidos pelo governo. Esses crit\u00e9rios incluem:<\/p>\n\n\n\n<ul class=\"wp-block-list\">\n<li>Renda per capita: A renda per capita da fam\u00edlia deve ser de at\u00e9 R$ 89,00 mensais para que ela seja considerada em situa\u00e7\u00e3o de extrema pobreza, ou de R$ 178,00 mensais para que seja considerada em situa\u00e7\u00e3o de pobreza.<\/li>\n\n\n\n<li>Cadastro no Cad\u00danico: A fam\u00edlia deve estar cadastrada no Cadastro \u00danico para Programas Sociais do Governo Federal (Cad\u00danico). Este cadastro \u00e9 a porta de entrada para diversos programas sociais, incluindo o Bolsa Fam\u00edlia, e \u00e9 utilizado para identificar e caracterizar as fam\u00edlias de baixa renda.<\/li>\n\n\n\n<li>Informa\u00e7\u00f5es atualizadas no Cad\u00danico: \u00c9 importante que as informa\u00e7\u00f5es cadastrais da fam\u00edlia no Cad\u00danico estejam atualizadas, pois \u00e9 com base nessas informa\u00e7\u00f5es que o governo avaliar\u00e1 se ela tem direito ao benef\u00edcio e qual ser\u00e1 o valor do benef\u00edcio.<\/li>\n\n\n\n<li>Frequ\u00eancia escolar: As crian\u00e7as e adolescentes de 6 a 15 anos de idade que fazem parte da fam\u00edlia devem estar devidamente matriculadas na escola e devem ter uma frequ\u00eancia escolar m\u00ednima de 85% para que a fam\u00edlia possa receber o benef\u00edcio. J\u00e1 os jovens de 16 e 17 anos devem ter uma frequ\u00eancia escolar m\u00ednima de 75%.<\/li>\n\n\n\n<li>Acompanhamento da sa\u00fade: As gestantes e crian\u00e7as de at\u00e9 7 anos de idade que fazem parte da fam\u00edlia devem estar devidamente acompanhadas pela sa\u00fade, com as vacinas em dia e participando dos programas de pr\u00e9-natal e puericultura.<\/li>\n<\/ul>\n\n\n\n<p>Al\u00e9m desses crit\u00e9rios b\u00e1sicos, \u00e9 importante ressaltar que o Bolsa Fam\u00edlia d\u00e1 prioridade \u00e0s fam\u00edlias que se encontram em situa\u00e7\u00e3o de extrema pobreza, ou seja, aquelas cuja renda per capita \u00e9 de at\u00e9 R$ 89,00 mensais. Essas fam\u00edlias recebem um benef\u00edcio maior e t\u00eam acesso a um acompanhamento mais intensivo por parte dos \u00f3rg\u00e3os respons\u00e1veis pelo programa.<\/p>\n\n\n\n<h2 class=\"wp-block-heading\">Luta contra a pobreza e desigualdade<\/h2>\n\n\n\n<p>O Bolsa Fam\u00edlia \u00e9 um programa fundamental na luta contra a pobreza e a desigualdade no Brasil, e tem ajudado milh\u00f5es de fam\u00edlias a garantir uma renda m\u00ednima e acesso a servi\u00e7os b\u00e1sicos.&nbsp;<\/p>\n\n\n\n<p>No entanto, para que uma fam\u00edlia possa se beneficiar do programa, \u00e9 necess\u00e1rio atender a certos crit\u00e9rios estabelecidos pelo governo, como ter uma renda per capita de at\u00e9 R$ 89,00 mensais, estar cadastrada no Cad\u00danico, manter as informa\u00e7\u00f5es atualizadas, garantir a frequ\u00eancia escolar das crian\u00e7as e o acompanhamento da sa\u00fade.<\/p>\n\n\n\n<p>\u00c9 importante que o governo continue investindo no Bolsa Fam\u00edlia e em outros programas sociais que visam reduzir a pobreza e promover a inclus\u00e3o social, garantindo assim um futuro mais justo e igualit\u00e1rio para todos os brasileiros.<\/p>\n\n\n\n<p><strong>Veja tamb\u00e9m: <a href=\"https:\/\/www.vagadeempregorj.com.br\/fr\/fgts-retido-quando-posso-sacar-veja-as-informacoes\/\">FGTS retido quando posso sacar? Veja as informa\u00e7\u00f5es<\/a><\/strong><\/p>\n\n\n\n<p>3 de abril de 2024<\/p>","protected":false},"excerpt":{"rendered":"<p>O Bolsa Fam\u00edlia, um dos programas sociais mais conhecidos e importantes do Brasil, tem sido um elemento crucial na luta contra a pobreza e a desigualdade no pa\u00eds. Desde o seu lan\u00e7amento em 2003, ele tem ajudado milh\u00f5es de fam\u00edlias a garantir uma renda m\u00ednima e acesso a servi\u00e7os b\u00e1sicos. No entanto, para que uma&hellip;&nbsp;<\/p>","protected":false},"author":16,"featured_media":39569,"comment_status":"closed","ping_status":"closed","sticky":false,"template":"","format":"standard","meta":{"neve_meta_sidebar":"","neve_meta_container":"","neve_meta_enable_content_width":"","neve_meta_content_width":0,"neve_meta_title_alignment":"","neve_meta_author_avatar":"","neve_post_elements_order":"","neve_meta_disable_header":"","neve_meta_disable_footer":"","neve_meta_disable_title":"","footnotes":""},"categories":[1],"tags":[],"class_list":["post-39554","post","type-post","status-publish","format-standard","has-post-thumbnail","hentry","category-beneficios-sociais"],"yoast_head":"<!-- This site is optimized with the Yoast SEO plugin v27.5 - https:\/\/yoast.com\/product\/yoast-seo-wordpress\/ -->\n<title>Quais pessoas podem fazer o Bolsa Fam\u00edlia? Veja crit\u00e9rios -<\/title>\n<meta name=\"description\" content=\"Veja em Vagas de Emprego RJ as vagas de emprego com e sem experi\u00eancia no seu Estado e Regi\u00e3o!\" \/>\n<meta name=\"robots\" content=\"index, follow, max-snippet:-1, max-image-preview:large, max-video-preview:-1\" \/>\n<link rel=\"canonical\" href=\"https:\/\/www.vagadeempregorj.com.br\/fr\/quais-pessoas-podem-fazer-o-bolsa-familia-veja-criterios\/\" \/>\n<meta property=\"og:locale\" content=\"fr_FR\" \/>\n<meta property=\"og:type\" content=\"article\" \/>\n<meta property=\"og:title\" content=\"Quais pessoas podem fazer o Bolsa Fam\u00edlia? Veja crit\u00e9rios -\" \/>\n<meta property=\"og:description\" content=\"Veja em Vagas de Emprego RJ as vagas de emprego com e sem experi\u00eancia no seu Estado e Regi\u00e3o!\" \/>\n<meta property=\"og:url\" content=\"https:\/\/www.vagadeempregorj.com.br\/fr\/quais-pessoas-podem-fazer-o-bolsa-familia-veja-criterios\/\" \/>\n<meta property=\"article:publisher\" content=\"https:\/\/www.facebook.com\/empregobrasiloficial\" \/>\n<meta property=\"article:published_time\" content=\"2024-04-03T03:01:00+00:00\" \/>\n<meta property=\"og:image\" content=\"https:\/\/www.vagadeempregorj.com.br\/wp-content\/uploads\/2024\/03\/image-4.png\" \/>\n\t<meta property=\"og:image:width\" content=\"1150\" \/>\n\t<meta property=\"og:image:height\" content=\"767\" \/>\n\t<meta property=\"og:image:type\" content=\"image\/png\" \/>\n<meta name=\"author\" content=\"Michele\" \/>\n<meta name=\"twitter:card\" content=\"summary_large_image\" \/>\n<meta name=\"twitter:label1\" content=\"Written by\" \/>\n\t<meta name=\"twitter:data1\" content=\"Michele\" \/>\n\t<meta name=\"twitter:label2\" content=\"Est. reading time\" \/>\n\t<meta name=\"twitter:data2\" content=\"4 minutes\" \/>\n<script type=\"application\/ld+json\" class=\"yoast-schema-graph\">{\"@context\":\"https:\\\/\\\/schema.org\",\"@graph\":[{\"@type\":\"Article\",\"@id\":\"https:\\\/\\\/www.vagadeempregorj.com.br\\\/quais-pessoas-podem-fazer-o-bolsa-familia-veja-criterios\\\/#article\",\"isPartOf\":{\"@id\":\"https:\\\/\\\/www.vagadeempregorj.com.br\\\/quais-pessoas-podem-fazer-o-bolsa-familia-veja-criterios\\\/\"},\"author\":{\"name\":\"Michele\",\"@id\":\"https:\\\/\\\/www.vagadeempregorj.com.br\\\/#\\\/schema\\\/person\\\/3ddb19fa0539706786e502152f3aae95\"},\"headline\":\"Quais pessoas podem fazer o Bolsa Fam\u00edlia? Veja crit\u00e9rios\",\"datePublished\":\"2024-04-03T03:01:00+00:00\",\"mainEntityOfPage\":{\"@id\":\"https:\\\/\\\/www.vagadeempregorj.com.br\\\/quais-pessoas-podem-fazer-o-bolsa-familia-veja-criterios\\\/\"},\"wordCount\":733,\"image\":{\"@id\":\"https:\\\/\\\/www.vagadeempregorj.com.br\\\/quais-pessoas-podem-fazer-o-bolsa-familia-veja-criterios\\\/#primaryimage\"},\"thumbnailUrl\":\"https:\\\/\\\/www.vagadeempregorj.com.br\\\/wp-content\\\/uploads\\\/2024\\\/03\\\/image-4.png\",\"articleSection\":[\"Benef\u00edcios Sociais\"],\"inLanguage\":\"fr-FR\"},{\"@type\":\"WebPage\",\"@id\":\"https:\\\/\\\/www.vagadeempregorj.com.br\\\/quais-pessoas-podem-fazer-o-bolsa-familia-veja-criterios\\\/\",\"url\":\"https:\\\/\\\/www.vagadeempregorj.com.br\\\/quais-pessoas-podem-fazer-o-bolsa-familia-veja-criterios\\\/\",\"name\":\"Quais pessoas podem fazer o Bolsa Fam\u00edlia? Veja crit\u00e9rios -\",\"isPartOf\":{\"@id\":\"https:\\\/\\\/www.vagadeempregorj.com.br\\\/#website\"},\"primaryImageOfPage\":{\"@id\":\"https:\\\/\\\/www.vagadeempregorj.com.br\\\/quais-pessoas-podem-fazer-o-bolsa-familia-veja-criterios\\\/#primaryimage\"},\"image\":{\"@id\":\"https:\\\/\\\/www.vagadeempregorj.com.br\\\/quais-pessoas-podem-fazer-o-bolsa-familia-veja-criterios\\\/#primaryimage\"},\"thumbnailUrl\":\"https:\\\/\\\/www.vagadeempregorj.com.br\\\/wp-content\\\/uploads\\\/2024\\\/03\\\/image-4.png\",\"datePublished\":\"2024-04-03T03:01:00+00:00\",\"author\":{\"@id\":\"https:\\\/\\\/www.vagadeempregorj.com.br\\\/#\\\/schema\\\/person\\\/3ddb19fa0539706786e502152f3aae95\"},\"description\":\"Veja em Vagas de Emprego RJ as vagas de emprego com e sem experi\u00eancia no seu Estado e Regi\u00e3o!\",\"breadcrumb\":{\"@id\":\"https:\\\/\\\/www.vagadeempregorj.com.br\\\/quais-pessoas-podem-fazer-o-bolsa-familia-veja-criterios\\\/#breadcrumb\"},\"inLanguage\":\"fr-FR\",\"potentialAction\":[{\"@type\":\"ReadAction\",\"target\":[\"https:\\\/\\\/www.vagadeempregorj.com.br\\\/quais-pessoas-podem-fazer-o-bolsa-familia-veja-criterios\\\/\"]}]},{\"@type\":\"ImageObject\",\"inLanguage\":\"fr-FR\",\"@id\":\"https:\\\/\\\/www.vagadeempregorj.com.br\\\/quais-pessoas-podem-fazer-o-bolsa-familia-veja-criterios\\\/#primaryimage\",\"url\":\"https:\\\/\\\/www.vagadeempregorj.com.br\\\/wp-content\\\/uploads\\\/2024\\\/03\\\/image-4.png\",\"contentUrl\":\"https:\\\/\\\/www.vagadeempregorj.com.br\\\/wp-content\\\/uploads\\\/2024\\\/03\\\/image-4.png\",\"width\":1150,\"height\":767},{\"@type\":\"BreadcrumbList\",\"@id\":\"https:\\\/\\\/www.vagadeempregorj.com.br\\\/quais-pessoas-podem-fazer-o-bolsa-familia-veja-criterios\\\/#breadcrumb\",\"itemListElement\":[{\"@type\":\"ListItem\",\"position\":1,\"name\":\"In\u00edcio\",\"item\":\"https:\\\/\\\/www.vagadeempregorj.com.br\\\/\"},{\"@type\":\"ListItem\",\"position\":2,\"name\":\"Benef\u00edcios Sociais\",\"item\":\"https:\\\/\\\/www.vagadeempregorj.com.br\\\/beneficios-sociais\\\/\"},{\"@type\":\"ListItem\",\"position\":3,\"name\":\"Quais pessoas podem fazer o Bolsa Fam\u00edlia? Veja crit\u00e9rios\"}]},{\"@type\":\"WebSite\",\"@id\":\"https:\\\/\\\/www.vagadeempregorj.com.br\\\/#website\",\"url\":\"https:\\\/\\\/www.vagadeempregorj.com.br\\\/\",\"name\":\"\",\"description\":\"Conquiste Sonhos: Vagas, Benef\u00edcios e Economia para Transformar Vidas e Alcan\u00e7ar Melhorias Cotidianas\",\"potentialAction\":[{\"@type\":\"SearchAction\",\"target\":{\"@type\":\"EntryPoint\",\"urlTemplate\":\"https:\\\/\\\/www.vagadeempregorj.com.br\\\/?s={search_term_string}\"},\"query-input\":{\"@type\":\"PropertyValueSpecification\",\"valueRequired\":true,\"valueName\":\"search_term_string\"}}],\"inLanguage\":\"fr-FR\"},{\"@type\":\"Person\",\"@id\":\"https:\\\/\\\/www.vagadeempregorj.com.br\\\/#\\\/schema\\\/person\\\/3ddb19fa0539706786e502152f3aae95\",\"name\":\"Michele\",\"image\":{\"@type\":\"ImageObject\",\"inLanguage\":\"fr-FR\",\"@id\":\"https:\\\/\\\/secure.gravatar.com\\\/avatar\\\/6b0eb9d22841282815e2cd856a0061c45e1761cd54b22e952d98c4746939aa85?s=96&r=g\",\"url\":\"https:\\\/\\\/secure.gravatar.com\\\/avatar\\\/6b0eb9d22841282815e2cd856a0061c45e1761cd54b22e952d98c4746939aa85?s=96&r=g\",\"contentUrl\":\"https:\\\/\\\/secure.gravatar.com\\\/avatar\\\/6b0eb9d22841282815e2cd856a0061c45e1761cd54b22e952d98c4746939aa85?s=96&r=g\",\"caption\":\"Michele\"},\"description\":\"Formada em Letras - Portugu\u00eas\\\/ Ingl\u00eas, e idealizadora do site Escritora de Sucesso, busca expandir o conhecimento de todos com informa\u00e7\u00f5es relevantes sobre diversos assuntos, enquanto redatora. No Vaga de Emprego RJ, traz oportunidades e dicas sobre o mercado de trabalho.\",\"url\":\"https:\\\/\\\/www.vagadeempregorj.com.br\\\/fr\\\/author\\\/michele\\\/\"}]}<\/script>\n<!-- \/ Yoast SEO plugin. -->","yoast_head_json":{"title":"Quais pessoas podem fazer o Bolsa Fam\u00edlia? Veja crit\u00e9rios -","description":"Veja em Vagas de Emprego RJ as vagas de emprego com e sem experi\u00eancia no seu Estado e Regi\u00e3o!","robots":{"index":"index","follow":"follow","max-snippet":"max-snippet:-1","max-image-preview":"max-image-preview:large","max-video-preview":"max-video-preview:-1"},"canonical":"https:\/\/www.vagadeempregorj.com.br\/fr\/quais-pessoas-podem-fazer-o-bolsa-familia-veja-criterios\/","og_locale":"fr_FR","og_type":"article","og_title":"Quais pessoas podem fazer o Bolsa Fam\u00edlia? Veja crit\u00e9rios -","og_description":"Veja em Vagas de Emprego RJ as vagas de emprego com e sem experi\u00eancia no seu Estado e Regi\u00e3o!","og_url":"https:\/\/www.vagadeempregorj.com.br\/fr\/quais-pessoas-podem-fazer-o-bolsa-familia-veja-criterios\/","article_publisher":"https:\/\/www.facebook.com\/empregobrasiloficial","article_published_time":"2024-04-03T03:01:00+00:00","og_image":[{"width":1150,"height":767,"url":"https:\/\/www.vagadeempregorj.com.br\/wp-content\/uploads\/2024\/03\/image-4.png","type":"image\/png"}],"author":"Michele","twitter_card":"summary_large_image","twitter_misc":{"Written by":"Michele","Est. reading time":"4 minutes"},"schema":{"@context":"https:\/\/schema.org","@graph":[{"@type":"Article","@id":"https:\/\/www.vagadeempregorj.com.br\/quais-pessoas-podem-fazer-o-bolsa-familia-veja-criterios\/#article","isPartOf":{"@id":"https:\/\/www.vagadeempregorj.com.br\/quais-pessoas-podem-fazer-o-bolsa-familia-veja-criterios\/"},"author":{"name":"Michele","@id":"https:\/\/www.vagadeempregorj.com.br\/#\/schema\/person\/3ddb19fa0539706786e502152f3aae95"},"headline":"Quais pessoas podem fazer o Bolsa Fam\u00edlia? Veja crit\u00e9rios","datePublished":"2024-04-03T03:01:00+00:00","mainEntityOfPage":{"@id":"https:\/\/www.vagadeempregorj.com.br\/quais-pessoas-podem-fazer-o-bolsa-familia-veja-criterios\/"},"wordCount":733,"image":{"@id":"https:\/\/www.vagadeempregorj.com.br\/quais-pessoas-podem-fazer-o-bolsa-familia-veja-criterios\/#primaryimage"},"thumbnailUrl":"https:\/\/www.vagadeempregorj.com.br\/wp-content\/uploads\/2024\/03\/image-4.png","articleSection":["Benef\u00edcios Sociais"],"inLanguage":"fr-FR"},{"@type":"WebPage","@id":"https:\/\/www.vagadeempregorj.com.br\/quais-pessoas-podem-fazer-o-bolsa-familia-veja-criterios\/","url":"https:\/\/www.vagadeempregorj.com.br\/quais-pessoas-podem-fazer-o-bolsa-familia-veja-criterios\/","name":"Quais pessoas podem fazer o Bolsa Fam\u00edlia? Veja crit\u00e9rios -","isPartOf":{"@id":"https:\/\/www.vagadeempregorj.com.br\/#website"},"primaryImageOfPage":{"@id":"https:\/\/www.vagadeempregorj.com.br\/quais-pessoas-podem-fazer-o-bolsa-familia-veja-criterios\/#primaryimage"},"image":{"@id":"https:\/\/www.vagadeempregorj.com.br\/quais-pessoas-podem-fazer-o-bolsa-familia-veja-criterios\/#primaryimage"},"thumbnailUrl":"https:\/\/www.vagadeempregorj.com.br\/wp-content\/uploads\/2024\/03\/image-4.png","datePublished":"2024-04-03T03:01:00+00:00","author":{"@id":"https:\/\/www.vagadeempregorj.com.br\/#\/schema\/person\/3ddb19fa0539706786e502152f3aae95"},"description":"Veja em Vagas de Emprego RJ as vagas de emprego com e sem experi\u00eancia no seu Estado e Regi\u00e3o!","breadcrumb":{"@id":"https:\/\/www.vagadeempregorj.com.br\/quais-pessoas-podem-fazer-o-bolsa-familia-veja-criterios\/#breadcrumb"},"inLanguage":"fr-FR","potentialAction":[{"@type":"ReadAction","target":["https:\/\/www.vagadeempregorj.com.br\/quais-pessoas-podem-fazer-o-bolsa-familia-veja-criterios\/"]}]},{"@type":"ImageObject","inLanguage":"fr-FR","@id":"https:\/\/www.vagadeempregorj.com.br\/quais-pessoas-podem-fazer-o-bolsa-familia-veja-criterios\/#primaryimage","url":"https:\/\/www.vagadeempregorj.com.br\/wp-content\/uploads\/2024\/03\/image-4.png","contentUrl":"https:\/\/www.vagadeempregorj.com.br\/wp-content\/uploads\/2024\/03\/image-4.png","width":1150,"height":767},{"@type":"BreadcrumbList","@id":"https:\/\/www.vagadeempregorj.com.br\/quais-pessoas-podem-fazer-o-bolsa-familia-veja-criterios\/#breadcrumb","itemListElement":[{"@type":"ListItem","position":1,"name":"In\u00edcio","item":"https:\/\/www.vagadeempregorj.com.br\/"},{"@type":"ListItem","position":2,"name":"Benef\u00edcios Sociais","item":"https:\/\/www.vagadeempregorj.com.br\/beneficios-sociais\/"},{"@type":"ListItem","position":3,"name":"Quais pessoas podem fazer o Bolsa Fam\u00edlia? Veja crit\u00e9rios"}]},{"@type":"WebSite","@id":"https:\/\/www.vagadeempregorj.com.br\/#website","url":"https:\/\/www.vagadeempregorj.com.br\/","name":"","description":"Conquiste Sonhos: Vagas, Benef\u00edcios e Economia para Transformar Vidas e Alcan\u00e7ar Melhorias Cotidianas","potentialAction":[{"@type":"SearchAction","target":{"@type":"EntryPoint","urlTemplate":"https:\/\/www.vagadeempregorj.com.br\/?s={search_term_string}"},"query-input":{"@type":"PropertyValueSpecification","valueRequired":true,"valueName":"search_term_string"}}],"inLanguage":"fr-FR"},{"@type":"Person","@id":"https:\/\/www.vagadeempregorj.com.br\/#\/schema\/person\/3ddb19fa0539706786e502152f3aae95","name":"Michele","image":{"@type":"ImageObject","inLanguage":"fr-FR","@id":"https:\/\/secure.gravatar.com\/avatar\/6b0eb9d22841282815e2cd856a0061c45e1761cd54b22e952d98c4746939aa85?s=96&r=g","url":"https:\/\/secure.gravatar.com\/avatar\/6b0eb9d22841282815e2cd856a0061c45e1761cd54b22e952d98c4746939aa85?s=96&r=g","contentUrl":"https:\/\/secure.gravatar.com\/avatar\/6b0eb9d22841282815e2cd856a0061c45e1761cd54b22e952d98c4746939aa85?s=96&r=g","caption":"Michele"},"description":"Formada em Letras - Portugu\u00eas\/ Ingl\u00eas, e idealizadora do site Escritora de Sucesso, busca expandir o conhecimento de todos com informa\u00e7\u00f5es relevantes sobre diversos assuntos, enquanto redatora. No Vaga de Emprego RJ, traz oportunidades e dicas sobre o mercado de trabalho.","url":"https:\/\/www.vagadeempregorj.com.br\/fr\/author\/michele\/"}]}},"_links":{"self":[{"href":"https:\/\/www.vagadeempregorj.com.br\/fr\/wp-json\/wp\/v2\/posts\/39554","targetHints":{"allow":["GET"]}}],"collection":[{"href":"https:\/\/www.vagadeempregorj.com.br\/fr\/wp-json\/wp\/v2\/posts"}],"about":[{"href":"https:\/\/www.vagadeempregorj.com.br\/fr\/wp-json\/wp\/v2\/types\/post"}],"author":[{"embeddable":true,"href":"https:\/\/www.vagadeempregorj.com.br\/fr\/wp-json\/wp\/v2\/users\/16"}],"replies":[{"embeddable":true,"href":"https:\/\/www.vagadeempregorj.com.br\/fr\/wp-json\/wp\/v2\/comments?post=39554"}],"version-history":[{"count":0,"href":"https:\/\/www.vagadeempregorj.com.br\/fr\/wp-json\/wp\/v2\/posts\/39554\/revisions"}],"wp:featuredmedia":[{"embeddable":true,"href":"https:\/\/www.vagadeempregorj.com.br\/fr\/wp-json\/wp\/v2\/media\/39569"}],"wp:attachment":[{"href":"https:\/\/www.vagadeempregorj.com.br\/fr\/wp-json\/wp\/v2\/media?parent=39554"}],"wp:term":[{"taxonomy":"category","embeddable":true,"href":"https:\/\/www.vagadeempregorj.com.br\/fr\/wp-json\/wp\/v2\/categories?post=39554"},{"taxonomy":"post_tag","embeddable":true,"href":"https:\/\/www.vagadeempregorj.com.br\/fr\/wp-json\/wp\/v2\/tags?post=39554"}],"curies":[{"name":"wp","href":"https:\/\/api.w.org\/{rel}","templated":true}]}}