{"id":39558,"date":"2024-04-09T00:01:00","date_gmt":"2024-04-09T03:01:00","guid":{"rendered":"https:\/\/www.vagadeempregorj.com.br\/?p=39558"},"modified":"2024-03-27T14:05:27","modified_gmt":"2024-03-27T17:05:27","slug":"inflacao-em-foco-entenda-os-impactos-da-atual-situacao-economica-no-seu-bolso","status":"publish","type":"post","link":"https:\/\/www.vagadeempregorj.com.br\/fr\/inflacao-em-foco-entenda-os-impactos-da-atual-situacao-economica-no-seu-bolso\/","title":{"rendered":"Infla\u00e7\u00e3o em Foco: Entenda os Impactos da Atual Situa\u00e7\u00e3o Econ\u00f4mica no seu Bolso"},"content":{"rendered":"<p>A infla\u00e7\u00e3o \u00e9 um fen\u00f4meno econ\u00f4mico que afeta diretamente o poder de compra dos consumidores e o funcionamento das empresas. Ela representa o aumento generalizado e cont\u00ednuo dos pre\u00e7os dos bens e servi\u00e7os em uma economia ao longo do tempo. Nos \u00faltimos tempos, tem sido objeto de preocupa\u00e7\u00e3o para muitos cidad\u00e3os, especialmente aqueles que sentem o aperto em seus or\u00e7amentos dom\u00e9sticos.&nbsp;<\/p>\n\n\n\n<h2 class=\"wp-block-heading\">Entendendo a Infla\u00e7\u00e3o<\/h2>\n\n\n\n<p>A infla\u00e7\u00e3o pode ser causada por diversos fatores, mas os principais incluem o aumento da demanda por bens e servi\u00e7os, o aumento dos custos de produ\u00e7\u00e3o e a pol\u00edtica monet\u00e1ria do governo. Quando a demanda por produtos excede a capacidade de produ\u00e7\u00e3o da economia, os pre\u00e7os tendem a subir.&nbsp;<\/p>\n\n\n\n<p>Da mesma forma, quando os custos de produ\u00e7\u00e3o, como sal\u00e1rios e mat\u00e9rias-primas, aumentam, as empresas repassam esses custos para os consumidores atrav\u00e9s do aumento dos pre\u00e7os. Al\u00e9m disso, as pol\u00edticas monet\u00e1rias que aumentam a quantidade de dinheiro em circula\u00e7\u00e3o tamb\u00e9m podem levar a press\u00f5es inflacion\u00e1rias.<\/p>\n\n\n\n<figure class=\"wp-block-image size-large\"><img loading=\"lazy\" decoding=\"async\" width=\"1024\" height=\"682\" src=\"https:\/\/www.vagadeempregorj.com.br\/wp-content\/uploads\/2024\/03\/image-6-1024x682.png\" alt=\"\" class=\"wp-image-39571\" srcset=\"https:\/\/www.vagadeempregorj.com.br\/wp-content\/uploads\/2024\/03\/image-6-1024x682.png 1024w, https:\/\/www.vagadeempregorj.com.br\/wp-content\/uploads\/2024\/03\/image-6-300x200.png 300w, https:\/\/www.vagadeempregorj.com.br\/wp-content\/uploads\/2024\/03\/image-6-768x512.png 768w, https:\/\/www.vagadeempregorj.com.br\/wp-content\/uploads\/2024\/03\/image-6-150x100.png 150w, https:\/\/www.vagadeempregorj.com.br\/wp-content\/uploads\/2024\/03\/image-6.png 1280w\" sizes=\"auto, (max-width: 1024px) 100vw, 1024px\" \/><\/figure>\n\n\n\n<h2 class=\"wp-block-heading\">Impactos da Infla\u00e7\u00e3o no seu Bolso<\/h2>\n\n\n\n<p>Os impactos da infla\u00e7\u00e3o podem ser sentidos em diversos aspectos da vida cotidiana. Aqui est\u00e3o algumas maneiras pelas quais ela afeta o seu bolso:<\/p>\n\n\n\n<h3 class=\"wp-block-heading\">1. Diminui\u00e7\u00e3o do Poder de Compra<\/h3>\n\n\n\n<p>Com o aumento dos pre\u00e7os, o seu dinheiro compra menos bens e servi\u00e7os do que antes. Isso significa que voc\u00ea precisa gastar mais para manter o mesmo padr\u00e3o de vida, o que pode comprometer o seu or\u00e7amento e reduzir o seu poder de compra.<\/p>\n\n\n\n<h3 class=\"wp-block-heading\">2. Aumento dos Custos de Empr\u00e9stimos<\/h3>\n\n\n\n<p>Se voc\u00ea possui empr\u00e9stimos ou financiamentos, a infla\u00e7\u00e3o pode levar a um aumento das taxas de juros. Isso significa que voc\u00ea pagar\u00e1 mais em juros ao longo do tempo, o que pode aumentar o custo total do seu empr\u00e9stimo.<\/p>\n\n\n\n<h3 class=\"wp-block-heading\">3. Impacto nos Investimentos<\/h3>\n\n\n\n<p>A infla\u00e7\u00e3o tamb\u00e9m pode afetar os seus investimentos. Por exemplo, se a taxa de infla\u00e7\u00e3o for superior \u00e0 taxa de retorno dos seus investimentos, o seu dinheiro estar\u00e1 perdendo valor em termos reais. Isso pode diminuir o retorno dos seus investimentos e dificultar o alcance de seus objetivos financeiros.<\/p>\n\n\n\n<h3 class=\"wp-block-heading\">4. Press\u00e3o sobre os Or\u00e7amentos Familiares<\/h3>\n\n\n\n<p>Para as fam\u00edlias, a infla\u00e7\u00e3o pode representar uma press\u00e3o adicional sobre os or\u00e7amentos. Com o aumento dos pre\u00e7os dos alimentos, combust\u00edveis, alugu\u00e9is e outros itens essenciais, pode ser necess\u00e1rio fazer ajustes nos gastos e at\u00e9 mesmo cortar despesas para equilibrar as contas.<\/p>\n\n\n\n<h3 class=\"wp-block-heading\">5. Redu\u00e7\u00e3o do Poder de Negocia\u00e7\u00e3o<\/h3>\n\n\n\n<p>Se voc\u00ea \u00e9 um trabalhador assalariado, a infla\u00e7\u00e3o pode reduzir o seu poder de negocia\u00e7\u00e3o salarial. Mesmo que voc\u00ea receba aumentos, se eles n\u00e3o acompanharem a taxa de infla\u00e7\u00e3o, o seu sal\u00e1rio real estar\u00e1 diminuindo.<\/p>\n\n\n\n<h2 class=\"wp-block-heading\">Estrat\u00e9gias para Lidar com a Infla\u00e7\u00e3o<\/h2>\n\n\n\n<p>Embora a infla\u00e7\u00e3o possa parecer preocupante, existem algumas estrat\u00e9gias que voc\u00ea pode adotar para proteger o seu bolso:<\/p>\n\n\n\n<h3 class=\"wp-block-heading\">1. Diversifique os seus Investimentos<\/h3>\n\n\n\n<p>Investir em uma variedade de ativos pode ajudar a proteger o seu portf\u00f3lio contra os efeitos da infla\u00e7\u00e3o. Por exemplo, investir em a\u00e7\u00f5es, t\u00edtulos indexados \u00e0 infla\u00e7\u00e3o e commodities pode ajudar a garantir que voc\u00ea mantenha o seu poder de compra ao longo do tempo.<\/p>\n\n\n\n<h3 class=\"wp-block-heading\">2. Mantenha um Or\u00e7amento Flex\u00edvel<\/h3>\n\n\n\n<p>\u00c9 importante revisar regularmente o seu or\u00e7amento e fazer ajustes conforme necess\u00e1rio para lidar com o aumento dos pre\u00e7os. Priorize os gastos essenciais e esteja preparado para cortar despesas desnecess\u00e1rias.<\/p>\n\n\n\n<h3 class=\"wp-block-heading\">3. Considere Alternativas de Financiamento<\/h3>\n\n\n\n<p>Se voc\u00ea est\u00e1 pensando em fazer uma grande compra, como um carro ou uma casa, pode ser prudente considerar op\u00e7\u00f5es de financiamento que ofere\u00e7am taxas fixas de juros. Isso pode ajudar a proteger voc\u00ea contra aumentos nas taxas de juros causados pela infla\u00e7\u00e3o.<\/p>\n\n\n\n<h3 class=\"wp-block-heading\">4. Invista em Educa\u00e7\u00e3o Financeira<\/h3>\n\n\n\n<p>Entender como a infla\u00e7\u00e3o afeta o seu bolso e quais s\u00e3o as melhores estrat\u00e9gias para lidar com ela \u00e9 fundamental. Invista em educa\u00e7\u00e3o financeira para tomar decis\u00f5es informadas e proteger o seu patrim\u00f4nio.<\/p>\n\n\n\n<p>A infla\u00e7\u00e3o pode ter um impacto significativo no seu bolso, reduzindo o seu poder de compra e aumentando o custo de vida. No entanto, ao entender as causas da infla\u00e7\u00e3o e adotar estrat\u00e9gias para lidar com ela, voc\u00ea pode proteger o seu patrim\u00f4nio e garantir a seguran\u00e7a financeira a longo prazo.&nbsp;<\/p>\n\n\n\n<p>Esteja sempre atento \u00e0s mudan\u00e7as na economia e esteja preparado para ajustar o seu plano financeiro conforme necess\u00e1rio. Com conhecimento e planejamento, \u00e9 poss\u00edvel enfrentar os desafios impostos pela infla\u00e7\u00e3o e manter as suas finan\u00e7as sob controle.<\/p>\n\n\n\n<p><strong>Veja tamb\u00e9m: <a href=\"https:\/\/www.vagadeempregorj.com.br\/fr\/fgts-retido-quando-posso-sacar-veja-as-informacoes\/\">FGTS retido quando posso sacar? Veja as informa\u00e7\u00f5es<\/a><\/strong><\/p>\n\n\n\n<p>9 de abril de 2024<\/p>","protected":false},"excerpt":{"rendered":"<p>A infla\u00e7\u00e3o \u00e9 um fen\u00f4meno econ\u00f4mico que afeta diretamente o poder de compra dos consumidores e o funcionamento das empresas. Ela representa o aumento generalizado e cont\u00ednuo dos pre\u00e7os dos bens e servi\u00e7os em uma economia ao longo do tempo. Nos \u00faltimos tempos, tem sido objeto de preocupa\u00e7\u00e3o para muitos cidad\u00e3os, especialmente aqueles que sentem&hellip;&nbsp;<\/p>","protected":false},"author":16,"featured_media":39571,"comment_status":"closed","ping_status":"closed","sticky":false,"template":"","format":"standard","meta":{"neve_meta_sidebar":"","neve_meta_container":"","neve_meta_enable_content_width":"","neve_meta_content_width":0,"neve_meta_title_alignment":"","neve_meta_author_avatar":"","neve_post_elements_order":"","neve_meta_disable_header":"","neve_meta_disable_footer":"","neve_meta_disable_title":"","footnotes":""},"categories":[804],"tags":[],"class_list":["post-39558","post","type-post","status-publish","format-standard","has-post-thumbnail","hentry","category-economia"],"yoast_head":"<!-- This site is optimized with the Yoast SEO plugin v27.5 - https:\/\/yoast.com\/product\/yoast-seo-wordpress\/ -->\n<title>Infla\u00e7\u00e3o em Foco: Entenda os Impactos da Atual Situa\u00e7\u00e3o Econ\u00f4mica no seu Bolso -<\/title>\n<meta name=\"description\" content=\"Veja em Vagas de Emprego RJ as vagas de emprego com e sem experi\u00eancia no seu Estado e Regi\u00e3o!\" \/>\n<meta name=\"robots\" content=\"index, follow, max-snippet:-1, max-image-preview:large, max-video-preview:-1\" \/>\n<link rel=\"canonical\" href=\"https:\/\/www.vagadeempregorj.com.br\/fr\/inflacao-em-foco-entenda-os-impactos-da-atual-situacao-economica-no-seu-bolso\/\" \/>\n<meta property=\"og:locale\" content=\"fr_FR\" \/>\n<meta property=\"og:type\" content=\"article\" \/>\n<meta property=\"og:title\" content=\"Infla\u00e7\u00e3o em Foco: Entenda os Impactos da Atual Situa\u00e7\u00e3o Econ\u00f4mica no seu Bolso -\" \/>\n<meta property=\"og:description\" content=\"Veja em Vagas de Emprego RJ as vagas de emprego com e sem experi\u00eancia no seu Estado e Regi\u00e3o!\" \/>\n<meta property=\"og:url\" content=\"https:\/\/www.vagadeempregorj.com.br\/fr\/inflacao-em-foco-entenda-os-impactos-da-atual-situacao-economica-no-seu-bolso\/\" \/>\n<meta property=\"article:publisher\" content=\"https:\/\/www.facebook.com\/empregobrasiloficial\" \/>\n<meta property=\"article:published_time\" content=\"2024-04-09T03:01:00+00:00\" \/>\n<meta property=\"og:image\" content=\"https:\/\/www.vagadeempregorj.com.br\/wp-content\/uploads\/2024\/03\/image-6.png\" \/>\n\t<meta property=\"og:image:width\" content=\"1280\" \/>\n\t<meta property=\"og:image:height\" content=\"853\" \/>\n\t<meta property=\"og:image:type\" content=\"image\/png\" \/>\n<meta name=\"author\" content=\"Michele\" \/>\n<meta name=\"twitter:card\" content=\"summary_large_image\" \/>\n<meta name=\"twitter:label1\" content=\"Written by\" \/>\n\t<meta name=\"twitter:data1\" content=\"Michele\" \/>\n\t<meta name=\"twitter:label2\" content=\"Est. reading time\" \/>\n\t<meta name=\"twitter:data2\" content=\"4 minutes\" \/>\n<script type=\"application\/ld+json\" class=\"yoast-schema-graph\">{\"@context\":\"https:\\\/\\\/schema.org\",\"@graph\":[{\"@type\":\"Article\",\"@id\":\"https:\\\/\\\/www.vagadeempregorj.com.br\\\/inflacao-em-foco-entenda-os-impactos-da-atual-situacao-economica-no-seu-bolso\\\/#article\",\"isPartOf\":{\"@id\":\"https:\\\/\\\/www.vagadeempregorj.com.br\\\/inflacao-em-foco-entenda-os-impactos-da-atual-situacao-economica-no-seu-bolso\\\/\"},\"author\":{\"name\":\"Michele\",\"@id\":\"https:\\\/\\\/www.vagadeempregorj.com.br\\\/#\\\/schema\\\/person\\\/3ddb19fa0539706786e502152f3aae95\"},\"headline\":\"Infla\u00e7\u00e3o em Foco: Entenda os Impactos da Atual Situa\u00e7\u00e3o Econ\u00f4mica no seu Bolso\",\"datePublished\":\"2024-04-09T03:01:00+00:00\",\"mainEntityOfPage\":{\"@id\":\"https:\\\/\\\/www.vagadeempregorj.com.br\\\/inflacao-em-foco-entenda-os-impactos-da-atual-situacao-economica-no-seu-bolso\\\/\"},\"wordCount\":823,\"image\":{\"@id\":\"https:\\\/\\\/www.vagadeempregorj.com.br\\\/inflacao-em-foco-entenda-os-impactos-da-atual-situacao-economica-no-seu-bolso\\\/#primaryimage\"},\"thumbnailUrl\":\"https:\\\/\\\/www.vagadeempregorj.com.br\\\/wp-content\\\/uploads\\\/2024\\\/03\\\/image-6.png\",\"articleSection\":[\"Economia\"],\"inLanguage\":\"fr-FR\"},{\"@type\":\"WebPage\",\"@id\":\"https:\\\/\\\/www.vagadeempregorj.com.br\\\/inflacao-em-foco-entenda-os-impactos-da-atual-situacao-economica-no-seu-bolso\\\/\",\"url\":\"https:\\\/\\\/www.vagadeempregorj.com.br\\\/inflacao-em-foco-entenda-os-impactos-da-atual-situacao-economica-no-seu-bolso\\\/\",\"name\":\"Infla\u00e7\u00e3o em Foco: Entenda os Impactos da Atual Situa\u00e7\u00e3o Econ\u00f4mica no seu Bolso -\",\"isPartOf\":{\"@id\":\"https:\\\/\\\/www.vagadeempregorj.com.br\\\/#website\"},\"primaryImageOfPage\":{\"@id\":\"https:\\\/\\\/www.vagadeempregorj.com.br\\\/inflacao-em-foco-entenda-os-impactos-da-atual-situacao-economica-no-seu-bolso\\\/#primaryimage\"},\"image\":{\"@id\":\"https:\\\/\\\/www.vagadeempregorj.com.br\\\/inflacao-em-foco-entenda-os-impactos-da-atual-situacao-economica-no-seu-bolso\\\/#primaryimage\"},\"thumbnailUrl\":\"https:\\\/\\\/www.vagadeempregorj.com.br\\\/wp-content\\\/uploads\\\/2024\\\/03\\\/image-6.png\",\"datePublished\":\"2024-04-09T03:01:00+00:00\",\"author\":{\"@id\":\"https:\\\/\\\/www.vagadeempregorj.com.br\\\/#\\\/schema\\\/person\\\/3ddb19fa0539706786e502152f3aae95\"},\"description\":\"Veja em Vagas de Emprego RJ as vagas de emprego com e sem experi\u00eancia no seu Estado e Regi\u00e3o!\",\"breadcrumb\":{\"@id\":\"https:\\\/\\\/www.vagadeempregorj.com.br\\\/inflacao-em-foco-entenda-os-impactos-da-atual-situacao-economica-no-seu-bolso\\\/#breadcrumb\"},\"inLanguage\":\"fr-FR\",\"potentialAction\":[{\"@type\":\"ReadAction\",\"target\":[\"https:\\\/\\\/www.vagadeempregorj.com.br\\\/inflacao-em-foco-entenda-os-impactos-da-atual-situacao-economica-no-seu-bolso\\\/\"]}]},{\"@type\":\"ImageObject\",\"inLanguage\":\"fr-FR\",\"@id\":\"https:\\\/\\\/www.vagadeempregorj.com.br\\\/inflacao-em-foco-entenda-os-impactos-da-atual-situacao-economica-no-seu-bolso\\\/#primaryimage\",\"url\":\"https:\\\/\\\/www.vagadeempregorj.com.br\\\/wp-content\\\/uploads\\\/2024\\\/03\\\/image-6.png\",\"contentUrl\":\"https:\\\/\\\/www.vagadeempregorj.com.br\\\/wp-content\\\/uploads\\\/2024\\\/03\\\/image-6.png\",\"width\":1280,\"height\":853},{\"@type\":\"BreadcrumbList\",\"@id\":\"https:\\\/\\\/www.vagadeempregorj.com.br\\\/inflacao-em-foco-entenda-os-impactos-da-atual-situacao-economica-no-seu-bolso\\\/#breadcrumb\",\"itemListElement\":[{\"@type\":\"ListItem\",\"position\":1,\"name\":\"In\u00edcio\",\"item\":\"https:\\\/\\\/www.vagadeempregorj.com.br\\\/\"},{\"@type\":\"ListItem\",\"position\":2,\"name\":\"Economia\",\"item\":\"https:\\\/\\\/www.vagadeempregorj.com.br\\\/economia\\\/\"},{\"@type\":\"ListItem\",\"position\":3,\"name\":\"Infla\u00e7\u00e3o em Foco: Entenda os Impactos da Atual Situa\u00e7\u00e3o Econ\u00f4mica no seu Bolso\"}]},{\"@type\":\"WebSite\",\"@id\":\"https:\\\/\\\/www.vagadeempregorj.com.br\\\/#website\",\"url\":\"https:\\\/\\\/www.vagadeempregorj.com.br\\\/\",\"name\":\"\",\"description\":\"Conquiste Sonhos: Vagas, Benef\u00edcios e Economia para Transformar Vidas e Alcan\u00e7ar Melhorias Cotidianas\",\"potentialAction\":[{\"@type\":\"SearchAction\",\"target\":{\"@type\":\"EntryPoint\",\"urlTemplate\":\"https:\\\/\\\/www.vagadeempregorj.com.br\\\/?s={search_term_string}\"},\"query-input\":{\"@type\":\"PropertyValueSpecification\",\"valueRequired\":true,\"valueName\":\"search_term_string\"}}],\"inLanguage\":\"fr-FR\"},{\"@type\":\"Person\",\"@id\":\"https:\\\/\\\/www.vagadeempregorj.com.br\\\/#\\\/schema\\\/person\\\/3ddb19fa0539706786e502152f3aae95\",\"name\":\"Michele\",\"image\":{\"@type\":\"ImageObject\",\"inLanguage\":\"fr-FR\",\"@id\":\"https:\\\/\\\/secure.gravatar.com\\\/avatar\\\/6b0eb9d22841282815e2cd856a0061c45e1761cd54b22e952d98c4746939aa85?s=96&r=g\",\"url\":\"https:\\\/\\\/secure.gravatar.com\\\/avatar\\\/6b0eb9d22841282815e2cd856a0061c45e1761cd54b22e952d98c4746939aa85?s=96&r=g\",\"contentUrl\":\"https:\\\/\\\/secure.gravatar.com\\\/avatar\\\/6b0eb9d22841282815e2cd856a0061c45e1761cd54b22e952d98c4746939aa85?s=96&r=g\",\"caption\":\"Michele\"},\"description\":\"Formada em Letras - Portugu\u00eas\\\/ Ingl\u00eas, e idealizadora do site Escritora de Sucesso, busca expandir o conhecimento de todos com informa\u00e7\u00f5es relevantes sobre diversos assuntos, enquanto redatora. No Vaga de Emprego RJ, traz oportunidades e dicas sobre o mercado de trabalho.\",\"url\":\"https:\\\/\\\/www.vagadeempregorj.com.br\\\/fr\\\/author\\\/michele\\\/\"}]}<\/script>\n<!-- \/ Yoast SEO plugin. -->","yoast_head_json":{"title":"Infla\u00e7\u00e3o em Foco: Entenda os Impactos da Atual Situa\u00e7\u00e3o Econ\u00f4mica no seu Bolso -","description":"Veja em Vagas de Emprego RJ as vagas de emprego com e sem experi\u00eancia no seu Estado e Regi\u00e3o!","robots":{"index":"index","follow":"follow","max-snippet":"max-snippet:-1","max-image-preview":"max-image-preview:large","max-video-preview":"max-video-preview:-1"},"canonical":"https:\/\/www.vagadeempregorj.com.br\/fr\/inflacao-em-foco-entenda-os-impactos-da-atual-situacao-economica-no-seu-bolso\/","og_locale":"fr_FR","og_type":"article","og_title":"Infla\u00e7\u00e3o em Foco: Entenda os Impactos da Atual Situa\u00e7\u00e3o Econ\u00f4mica no seu Bolso -","og_description":"Veja em Vagas de Emprego RJ as vagas de emprego com e sem experi\u00eancia no seu Estado e Regi\u00e3o!","og_url":"https:\/\/www.vagadeempregorj.com.br\/fr\/inflacao-em-foco-entenda-os-impactos-da-atual-situacao-economica-no-seu-bolso\/","article_publisher":"https:\/\/www.facebook.com\/empregobrasiloficial","article_published_time":"2024-04-09T03:01:00+00:00","og_image":[{"width":1280,"height":853,"url":"https:\/\/www.vagadeempregorj.com.br\/wp-content\/uploads\/2024\/03\/image-6.png","type":"image\/png"}],"author":"Michele","twitter_card":"summary_large_image","twitter_misc":{"Written by":"Michele","Est. reading time":"4 minutes"},"schema":{"@context":"https:\/\/schema.org","@graph":[{"@type":"Article","@id":"https:\/\/www.vagadeempregorj.com.br\/inflacao-em-foco-entenda-os-impactos-da-atual-situacao-economica-no-seu-bolso\/#article","isPartOf":{"@id":"https:\/\/www.vagadeempregorj.com.br\/inflacao-em-foco-entenda-os-impactos-da-atual-situacao-economica-no-seu-bolso\/"},"author":{"name":"Michele","@id":"https:\/\/www.vagadeempregorj.com.br\/#\/schema\/person\/3ddb19fa0539706786e502152f3aae95"},"headline":"Infla\u00e7\u00e3o em Foco: Entenda os Impactos da Atual Situa\u00e7\u00e3o Econ\u00f4mica no seu Bolso","datePublished":"2024-04-09T03:01:00+00:00","mainEntityOfPage":{"@id":"https:\/\/www.vagadeempregorj.com.br\/inflacao-em-foco-entenda-os-impactos-da-atual-situacao-economica-no-seu-bolso\/"},"wordCount":823,"image":{"@id":"https:\/\/www.vagadeempregorj.com.br\/inflacao-em-foco-entenda-os-impactos-da-atual-situacao-economica-no-seu-bolso\/#primaryimage"},"thumbnailUrl":"https:\/\/www.vagadeempregorj.com.br\/wp-content\/uploads\/2024\/03\/image-6.png","articleSection":["Economia"],"inLanguage":"fr-FR"},{"@type":"WebPage","@id":"https:\/\/www.vagadeempregorj.com.br\/inflacao-em-foco-entenda-os-impactos-da-atual-situacao-economica-no-seu-bolso\/","url":"https:\/\/www.vagadeempregorj.com.br\/inflacao-em-foco-entenda-os-impactos-da-atual-situacao-economica-no-seu-bolso\/","name":"Infla\u00e7\u00e3o em Foco: Entenda os Impactos da Atual Situa\u00e7\u00e3o Econ\u00f4mica no seu Bolso -","isPartOf":{"@id":"https:\/\/www.vagadeempregorj.com.br\/#website"},"primaryImageOfPage":{"@id":"https:\/\/www.vagadeempregorj.com.br\/inflacao-em-foco-entenda-os-impactos-da-atual-situacao-economica-no-seu-bolso\/#primaryimage"},"image":{"@id":"https:\/\/www.vagadeempregorj.com.br\/inflacao-em-foco-entenda-os-impactos-da-atual-situacao-economica-no-seu-bolso\/#primaryimage"},"thumbnailUrl":"https:\/\/www.vagadeempregorj.com.br\/wp-content\/uploads\/2024\/03\/image-6.png","datePublished":"2024-04-09T03:01:00+00:00","author":{"@id":"https:\/\/www.vagadeempregorj.com.br\/#\/schema\/person\/3ddb19fa0539706786e502152f3aae95"},"description":"Veja em Vagas de Emprego RJ as vagas de emprego com e sem experi\u00eancia no seu Estado e Regi\u00e3o!","breadcrumb":{"@id":"https:\/\/www.vagadeempregorj.com.br\/inflacao-em-foco-entenda-os-impactos-da-atual-situacao-economica-no-seu-bolso\/#breadcrumb"},"inLanguage":"fr-FR","potentialAction":[{"@type":"ReadAction","target":["https:\/\/www.vagadeempregorj.com.br\/inflacao-em-foco-entenda-os-impactos-da-atual-situacao-economica-no-seu-bolso\/"]}]},{"@type":"ImageObject","inLanguage":"fr-FR","@id":"https:\/\/www.vagadeempregorj.com.br\/inflacao-em-foco-entenda-os-impactos-da-atual-situacao-economica-no-seu-bolso\/#primaryimage","url":"https:\/\/www.vagadeempregorj.com.br\/wp-content\/uploads\/2024\/03\/image-6.png","contentUrl":"https:\/\/www.vagadeempregorj.com.br\/wp-content\/uploads\/2024\/03\/image-6.png","width":1280,"height":853},{"@type":"BreadcrumbList","@id":"https:\/\/www.vagadeempregorj.com.br\/inflacao-em-foco-entenda-os-impactos-da-atual-situacao-economica-no-seu-bolso\/#breadcrumb","itemListElement":[{"@type":"ListItem","position":1,"name":"In\u00edcio","item":"https:\/\/www.vagadeempregorj.com.br\/"},{"@type":"ListItem","position":2,"name":"Economia","item":"https:\/\/www.vagadeempregorj.com.br\/economia\/"},{"@type":"ListItem","position":3,"name":"Infla\u00e7\u00e3o em Foco: Entenda os Impactos da Atual Situa\u00e7\u00e3o Econ\u00f4mica no seu Bolso"}]},{"@type":"WebSite","@id":"https:\/\/www.vagadeempregorj.com.br\/#website","url":"https:\/\/www.vagadeempregorj.com.br\/","name":"","description":"Conquiste Sonhos: Vagas, Benef\u00edcios e Economia para Transformar Vidas e Alcan\u00e7ar Melhorias Cotidianas","potentialAction":[{"@type":"SearchAction","target":{"@type":"EntryPoint","urlTemplate":"https:\/\/www.vagadeempregorj.com.br\/?s={search_term_string}"},"query-input":{"@type":"PropertyValueSpecification","valueRequired":true,"valueName":"search_term_string"}}],"inLanguage":"fr-FR"},{"@type":"Person","@id":"https:\/\/www.vagadeempregorj.com.br\/#\/schema\/person\/3ddb19fa0539706786e502152f3aae95","name":"Michele","image":{"@type":"ImageObject","inLanguage":"fr-FR","@id":"https:\/\/secure.gravatar.com\/avatar\/6b0eb9d22841282815e2cd856a0061c45e1761cd54b22e952d98c4746939aa85?s=96&r=g","url":"https:\/\/secure.gravatar.com\/avatar\/6b0eb9d22841282815e2cd856a0061c45e1761cd54b22e952d98c4746939aa85?s=96&r=g","contentUrl":"https:\/\/secure.gravatar.com\/avatar\/6b0eb9d22841282815e2cd856a0061c45e1761cd54b22e952d98c4746939aa85?s=96&r=g","caption":"Michele"},"description":"Formada em Letras - Portugu\u00eas\/ Ingl\u00eas, e idealizadora do site Escritora de Sucesso, busca expandir o conhecimento de todos com informa\u00e7\u00f5es relevantes sobre diversos assuntos, enquanto redatora. No Vaga de Emprego RJ, traz oportunidades e dicas sobre o mercado de trabalho.","url":"https:\/\/www.vagadeempregorj.com.br\/fr\/author\/michele\/"}]}},"_links":{"self":[{"href":"https:\/\/www.vagadeempregorj.com.br\/fr\/wp-json\/wp\/v2\/posts\/39558","targetHints":{"allow":["GET"]}}],"collection":[{"href":"https:\/\/www.vagadeempregorj.com.br\/fr\/wp-json\/wp\/v2\/posts"}],"about":[{"href":"https:\/\/www.vagadeempregorj.com.br\/fr\/wp-json\/wp\/v2\/types\/post"}],"author":[{"embeddable":true,"href":"https:\/\/www.vagadeempregorj.com.br\/fr\/wp-json\/wp\/v2\/users\/16"}],"replies":[{"embeddable":true,"href":"https:\/\/www.vagadeempregorj.com.br\/fr\/wp-json\/wp\/v2\/comments?post=39558"}],"version-history":[{"count":0,"href":"https:\/\/www.vagadeempregorj.com.br\/fr\/wp-json\/wp\/v2\/posts\/39558\/revisions"}],"wp:featuredmedia":[{"embeddable":true,"href":"https:\/\/www.vagadeempregorj.com.br\/fr\/wp-json\/wp\/v2\/media\/39571"}],"wp:attachment":[{"href":"https:\/\/www.vagadeempregorj.com.br\/fr\/wp-json\/wp\/v2\/media?parent=39558"}],"wp:term":[{"taxonomy":"category","embeddable":true,"href":"https:\/\/www.vagadeempregorj.com.br\/fr\/wp-json\/wp\/v2\/categories?post=39558"},{"taxonomy":"post_tag","embeddable":true,"href":"https:\/\/www.vagadeempregorj.com.br\/fr\/wp-json\/wp\/v2\/tags?post=39558"}],"curies":[{"name":"wp","href":"https:\/\/api.w.org\/{rel}","templated":true}]}}