{"id":39564,"date":"2024-04-18T00:01:00","date_gmt":"2024-04-18T03:01:00","guid":{"rendered":"https:\/\/www.vagadeempregorj.com.br\/?p=39564"},"modified":"2024-03-27T14:06:18","modified_gmt":"2024-03-27T17:06:18","slug":"est-il-possible-dutiliser-le-fgts-fonds-bresilien-dindemnites-de-licenciement-pour-rembourser-des-dettes-compris","status":"publish","type":"post","link":"https:\/\/www.vagadeempregorj.com.br\/fr\/e-possivel-usar-o-fgts-para-pagar-dividas-entenda\/","title":{"rendered":"Est-il possible d&#039;utiliser le FGTS (fonds br\u00e9silien d&#039;indemnit\u00e9s de licenciement) pour rembourser des dettes\u00a0? Expliquez pourquoi."},"content":{"rendered":"<p class=\"wp-block-paragraph\">Le Fonds d&#039;indemnit\u00e9s de licenciement (FGTS) est une ressource essentielle pour des millions de travailleurs br\u00e9siliens, leur offrant un filet de s\u00e9curit\u00e9 financi\u00e8re en cas de besoin. Cependant, nombreux sont ceux qui se demandent s&#039;il est possible d&#039;utiliser ce fonds pour rembourser des dettes. <\/p>\n\n\n\n<h2 class=\"wp-block-heading\">Qu&#039;est-ce que le FGTS\u00a0?<\/h2>\n\n\n\n<p class=\"wp-block-paragraph\">Le FGTS (Fonds d&#039;indemnit\u00e9s de licenciement) a \u00e9t\u00e9 cr\u00e9\u00e9 en 1966 afin de prot\u00e9ger les travailleurs licenci\u00e9s sans motif valable, en leur garantissant une forme d&#039;\u00e9pargne obligatoire. L&#039;employeur est tenu de verser mensuellement une somme correspondant \u00e0 81 TP3T du salaire du salari\u00e9 sur un compte li\u00e9 au FGTS. Ce fonds est g\u00e9r\u00e9 par la Caixa Econ\u00f4mica Federal et peut \u00eatre utilis\u00e9 dans des situations sp\u00e9cifiques, telles que l&#039;acquisition d&#039;un logement, la retraite, les maladies graves et les catastrophes naturelles.<\/p>\n\n\n\n<h2 class=\"wp-block-heading\">Utilisation du FGTS (Fonds br\u00e9silien d&#039;indemnit\u00e9s de d\u00e9part) pour le remboursement des dettes\u00a0: possibilit\u00e9s et limites<\/h2>\n\n\n\n<p class=\"wp-block-paragraph\">Le Fonds d&#039;indemnit\u00e9s de licenciement (FGTS) constitue une importante r\u00e9serve financi\u00e8re pour les travailleurs br\u00e9siliens, leur offrant une s\u00e9curit\u00e9 \u00e9conomique dans diverses situations. Parmi les questions les plus fr\u00e9quentes concernant le FGTS figure la possibilit\u00e9 de l&#039;utiliser pour rembourser des dettes.\u00a0<\/p>\n\n\n\n<figure class=\"wp-block-image size-full\"><img loading=\"lazy\" decoding=\"async\" width=\"1024\" height=\"536\" src=\"https:\/\/www.vagadeempregorj.com.br\/wp-content\/uploads\/2024\/03\/image-9.png\" alt=\"\" class=\"wp-image-39574\" srcset=\"https:\/\/www.vagadeempregorj.com.br\/wp-content\/uploads\/2024\/03\/image-9.png 1024w, https:\/\/www.vagadeempregorj.com.br\/wp-content\/uploads\/2024\/03\/image-9-300x157.png 300w, https:\/\/www.vagadeempregorj.com.br\/wp-content\/uploads\/2024\/03\/image-9-768x402.png 768w, https:\/\/www.vagadeempregorj.com.br\/wp-content\/uploads\/2024\/03\/image-9-150x79.png 150w\" sizes=\"auto, (max-width: 1024px) 100vw, 1024px\" \/><figcaption class=\"wp-element-caption\">Image : Reproduction<\/figcaption><\/figure>\n\n\n\n<h3 class=\"wp-block-heading\">Amortissement hypoth\u00e9caire<\/h3>\n\n\n\n<p class=\"wp-block-paragraph\">L&#039;un des principaux usages du FGTS (Fonds br\u00e9silien d&#039;indemnisation des employ\u00e9s) est l&#039;amortissement des pr\u00eats hypoth\u00e9caires. Le solde du FGTS peut servir \u00e0 r\u00e9duire le montant des mensualit\u00e9s ou le capital restant d\u00fb, all\u00e9geant ainsi le poids des paiements mensuels.<\/p>\n\n\n\n<h3 class=\"wp-block-heading\">Paiement des \u00e9ch\u00e9ances en retard sur un financement immobilier<\/h3>\n\n\n\n<p class=\"wp-block-paragraph\">En cas de difficult\u00e9s financi\u00e8res, le FGTS (Fonds br\u00e9silien d&#039;indemnisation des licenciements) peut \u00e9galement servir \u00e0 r\u00e9gler les \u00e9ch\u00e9ances impay\u00e9es des pr\u00eats hypoth\u00e9caires. Cette mesure peut contribuer \u00e0 \u00e9viter la saisie du bien immobilier.<\/p>\n\n\n\n<h3 class=\"wp-block-heading\">R\u00e8glement des consortiums immobiliers<\/h3>\n\n\n\n<p class=\"wp-block-paragraph\">Le FGTS (Fonds br\u00e9silien d&#039;indemnit\u00e9s de d\u00e9part) peut \u00eatre utilis\u00e9 pour rembourser ou amortir les consortiums immobiliers, \u00e0 condition que le travailleur ait au moins trois ans d&#039;anciennet\u00e9 dans le syst\u00e8me FGTS, m\u00eame non cons\u00e9cutifs, et ne dispose pas d&#039;un accord de financement actif dans le Syst\u00e8me de financement du logement (SFH).<\/p>\n\n\n\n<h3 class=\"wp-block-heading\">Non autoris\u00e9 pour d&#039;autres types de dettes<\/h3>\n\n\n\n<p class=\"wp-block-paragraph\">Il est important de souligner que, hormis dans les cas mentionn\u00e9s ci-dessus, il n&#039;est pas possible d&#039;utiliser le FGTS (Fonds br\u00e9silien d&#039;indemnit\u00e9s de rupture) pour r\u00e9gler d&#039;autres dettes, telles que les pr\u00eats personnels, les cartes de cr\u00e9dit ou les financements automobiles. Ce fonds a une finalit\u00e9 sp\u00e9cifique et son utilisation est limit\u00e9e aux situations pr\u00e9alablement pr\u00e9vues par la loi.<\/p>\n\n\n\n<h2 class=\"wp-block-heading\">Proc\u00e9dures d&#039;utilisation du FGTS (Fonds br\u00e9silien d&#039;indemnit\u00e9s de d\u00e9part)<\/h2>\n\n\n\n<p class=\"wp-block-paragraph\">Pour utiliser le FGTS (fonds br\u00e9silien d&#039;indemnit\u00e9s de d\u00e9part des employ\u00e9s) afin de rembourser des dettes, il est n\u00e9cessaire de suivre certaines proc\u00e9dures\u00a0:<\/p>\n\n\n\n<ul class=\"wp-block-list\">\n<li>V\u00e9rification du solde de votre compte FGTS\u00a0: Les travailleurs doivent v\u00e9rifier le solde disponible sur leur compte FGTS via le site web de la Caixa Econ\u00f4mica Federal ou l\u2019application FGTS.<\/li>\n\n\n\n<li>Contacter l&#039;\u00e9tablissement financier\u00a0: Si vous souhaitez utiliser votre FGTS (fonds br\u00e9silien d&#039;indemnit\u00e9s de d\u00e9part des employ\u00e9s) pour rembourser ou amortir un pr\u00eat hypoth\u00e9caire, vous devez contacter l&#039;\u00e9tablissement financier responsable du pr\u00eat pour obtenir des informations sur les proc\u00e9dures n\u00e9cessaires.<\/li>\n\n\n\n<li>Documents requis\u00a0: G\u00e9n\u00e9ralement, vous devrez pr\u00e9senter des documents prouvant la n\u00e9cessit\u00e9 d\u2019utiliser le FGTS (fonds br\u00e9silien d\u2019indemnit\u00e9s de d\u00e9part des employ\u00e9s), tels qu\u2019une preuve de revenus et une d\u00e9claration de revenus.<\/li>\n\n\n\n<li>Autorisation d&#039;utilisation des fonds FGTS\u00a0: Apr\u00e8s analyse et approbation par l&#039;\u00e9tablissement financier, le travailleur doit signer une autorisation d&#039;utilisation des fonds FGTS pour rembourser la dette.<\/li>\n\n\n\n<li>Versement par l&#039;organisme gestionnaire : Apr\u00e8s autorisation, le montant du FGTS (fonds br\u00e9silien d&#039;indemnit\u00e9s de d\u00e9part des employ\u00e9s) sera vers\u00e9 par l&#039;organisme gestionnaire du fonds, en l&#039;occurrence la Caixa Econ\u00f4mica Federal, directement \u00e0 l&#039;\u00e9tablissement financier.<\/li>\n<\/ul>\n\n\n\n<p class=\"wp-block-paragraph\">Bien que le FGTS (Fonds br\u00e9silien d&#039;indemnit\u00e9s de d\u00e9part) soit un outil financier important pour les travailleurs br\u00e9siliens, son utilisation pour rembourser les dettes est limit\u00e9e \u00e0 des situations sp\u00e9cifiques, telles que l&#039;amortissement des pr\u00eats hypoth\u00e9caires et le r\u00e8glement des consortiums immobiliers.&nbsp;<\/p>\n\n\n\n<p class=\"wp-block-paragraph\">Pour d&#039;autres types de dettes, comme les pr\u00eats personnels et les cartes de cr\u00e9dit, le FGTS (Fonds br\u00e9silien d&#039;indemnisation des employ\u00e9s) ne peut \u00eatre utilis\u00e9. Il est donc essentiel de bien comprendre les possibilit\u00e9s et les limites de l&#039;utilisation du FGTS pour le remboursement des dettes et de se renseigner aupr\u00e8s d&#039;un conseiller en cas de questions.<\/p>\n\n\n\n<p class=\"wp-block-paragraph\"><strong>Voir aussi\u00a0: <a href=\"https:\/\/www.vagadeempregorj.com.br\/fr\/fgts-retido-quando-posso-sacar-veja-as-informacoes\/\">Indemnit\u00e9s de d\u00e9part retenues au titre du FGTS (Fonds br\u00e9silien d&#039;indemnisation des licenciements)\u00a0: quand puis-je les retirer\u00a0? Consultez les informations.<\/a><\/strong><\/p>\n\n\n\n<p class=\"wp-block-paragraph\">18 avril 2024<\/p>","protected":false},"excerpt":{"rendered":"<p>O Fundo de Garantia do Tempo de Servi\u00e7o (FGTS) \u00e9 um recurso vital para milh\u00f5es de trabalhadores brasileiros, servindo como uma rede de seguran\u00e7a financeira em momentos de necessidade. No entanto, muitos se perguntam se \u00e9 poss\u00edvel utilizar esse fundo para quitar d\u00edvidas. O que \u00e9 o FGTS? O FGTS foi institu\u00eddo em 1966 como&hellip;&nbsp;<\/p>","protected":false},"author":16,"featured_media":39574,"comment_status":"closed","ping_status":"closed","sticky":false,"template":"","format":"standard","meta":{"neve_meta_sidebar":"","neve_meta_container":"","neve_meta_enable_content_width":"","neve_meta_content_width":0,"neve_meta_title_alignment":"","neve_meta_author_avatar":"","neve_post_elements_order":"","neve_meta_disable_header":"","neve_meta_disable_footer":"","neve_meta_disable_title":"","footnotes":""},"categories":[1],"tags":[],"class_list":["post-39564","post","type-post","status-publish","format-standard","has-post-thumbnail","hentry","category-beneficios-sociais"],"yoast_head":"<!-- This site is optimized with the Yoast SEO plugin v28.3 - https:\/\/yoast.com\/product\/yoast-seo-wordpress\/ -->\n<title>\u00c9 poss\u00edvel usar o FGTS para pagar d\u00edvidas? Entenda -<\/title>\n<meta name=\"description\" content=\"Veja em Vagas de Emprego RJ as vagas de emprego com e sem experi\u00eancia no seu Estado e Regi\u00e3o!\" \/>\n<meta name=\"robots\" content=\"index, follow, max-snippet:-1, max-image-preview:large, max-video-preview:-1\" \/>\n<link rel=\"canonical\" href=\"https:\/\/www.vagadeempregorj.com.br\/fr\/est-il-possible-dutiliser-le-fgts-fonds-bresilien-dindemnites-de-licenciement-pour-rembourser-des-dettes-compris\/\" \/>\n<meta property=\"og:locale\" content=\"fr_FR\" \/>\n<meta property=\"og:type\" content=\"article\" \/>\n<meta property=\"og:title\" content=\"\u00c9 poss\u00edvel usar o FGTS para pagar d\u00edvidas? Entenda -\" \/>\n<meta property=\"og:description\" content=\"Veja em Vagas de Emprego RJ as vagas de emprego com e sem experi\u00eancia no seu Estado e Regi\u00e3o!\" \/>\n<meta property=\"og:url\" content=\"https:\/\/www.vagadeempregorj.com.br\/fr\/est-il-possible-dutiliser-le-fgts-fonds-bresilien-dindemnites-de-licenciement-pour-rembourser-des-dettes-compris\/\" \/>\n<meta property=\"article:publisher\" content=\"https:\/\/www.facebook.com\/empregobrasiloficial\" \/>\n<meta property=\"article:published_time\" content=\"2024-04-18T03:01:00+00:00\" \/>\n<meta property=\"og:image\" content=\"https:\/\/www.vagadeempregorj.com.br\/wp-content\/uploads\/2024\/03\/image-9.png\" \/>\n\t<meta property=\"og:image:width\" content=\"1024\" \/>\n\t<meta property=\"og:image:height\" content=\"536\" \/>\n\t<meta property=\"og:image:type\" content=\"image\/png\" \/>\n<meta name=\"author\" content=\"Michele\" \/>\n<meta name=\"twitter:card\" content=\"summary_large_image\" \/>\n<meta name=\"twitter:label1\" content=\"\u00c9crit par\" \/>\n\t<meta name=\"twitter:data1\" content=\"Michele\" \/>\n\t<meta name=\"twitter:label2\" content=\"Dur\u00e9e de lecture estim\u00e9e\" \/>\n\t<meta name=\"twitter:data2\" content=\"4 minutes\" \/>\n<script type=\"application\/ld+json\" class=\"yoast-schema-graph\">{\"@context\":\"https:\\\/\\\/schema.org\",\"@graph\":[{\"@type\":\"Article\",\"@id\":\"https:\\\/\\\/www.vagadeempregorj.com.br\\\/e-possivel-usar-o-fgts-para-pagar-dividas-entenda\\\/#article\",\"isPartOf\":{\"@id\":\"https:\\\/\\\/www.vagadeempregorj.com.br\\\/e-possivel-usar-o-fgts-para-pagar-dividas-entenda\\\/\"},\"author\":{\"name\":\"Michele\",\"@id\":\"https:\\\/\\\/www.vagadeempregorj.com.br\\\/#\\\/schema\\\/person\\\/3ddb19fa0539706786e502152f3aae95\"},\"headline\":\"\u00c9 poss\u00edvel usar o FGTS para pagar d\u00edvidas? Entenda\",\"datePublished\":\"2024-04-18T03:01:00+00:00\",\"mainEntityOfPage\":{\"@id\":\"https:\\\/\\\/www.vagadeempregorj.com.br\\\/e-possivel-usar-o-fgts-para-pagar-dividas-entenda\\\/\"},\"wordCount\":715,\"image\":{\"@id\":\"https:\\\/\\\/www.vagadeempregorj.com.br\\\/e-possivel-usar-o-fgts-para-pagar-dividas-entenda\\\/#primaryimage\"},\"thumbnailUrl\":\"https:\\\/\\\/www.vagadeempregorj.com.br\\\/wp-content\\\/uploads\\\/2024\\\/03\\\/image-9.png\",\"articleSection\":[\"Benef\u00edcios Sociais\"],\"inLanguage\":\"fr-FR\"},{\"@type\":\"WebPage\",\"@id\":\"https:\\\/\\\/www.vagadeempregorj.com.br\\\/e-possivel-usar-o-fgts-para-pagar-dividas-entenda\\\/\",\"url\":\"https:\\\/\\\/www.vagadeempregorj.com.br\\\/e-possivel-usar-o-fgts-para-pagar-dividas-entenda\\\/\",\"name\":\"\u00c9 poss\u00edvel usar o FGTS para pagar d\u00edvidas? Entenda -\",\"isPartOf\":{\"@id\":\"https:\\\/\\\/www.vagadeempregorj.com.br\\\/#website\"},\"primaryImageOfPage\":{\"@id\":\"https:\\\/\\\/www.vagadeempregorj.com.br\\\/e-possivel-usar-o-fgts-para-pagar-dividas-entenda\\\/#primaryimage\"},\"image\":{\"@id\":\"https:\\\/\\\/www.vagadeempregorj.com.br\\\/e-possivel-usar-o-fgts-para-pagar-dividas-entenda\\\/#primaryimage\"},\"thumbnailUrl\":\"https:\\\/\\\/www.vagadeempregorj.com.br\\\/wp-content\\\/uploads\\\/2024\\\/03\\\/image-9.png\",\"datePublished\":\"2024-04-18T03:01:00+00:00\",\"author\":{\"@id\":\"https:\\\/\\\/www.vagadeempregorj.com.br\\\/#\\\/schema\\\/person\\\/3ddb19fa0539706786e502152f3aae95\"},\"description\":\"Veja em Vagas de Emprego RJ as vagas de emprego com e sem experi\u00eancia no seu Estado e Regi\u00e3o!\",\"breadcrumb\":{\"@id\":\"https:\\\/\\\/www.vagadeempregorj.com.br\\\/e-possivel-usar-o-fgts-para-pagar-dividas-entenda\\\/#breadcrumb\"},\"inLanguage\":\"fr-FR\",\"potentialAction\":[{\"@type\":\"ReadAction\",\"target\":[\"https:\\\/\\\/www.vagadeempregorj.com.br\\\/e-possivel-usar-o-fgts-para-pagar-dividas-entenda\\\/\"]}]},{\"@type\":\"ImageObject\",\"inLanguage\":\"fr-FR\",\"@id\":\"https:\\\/\\\/www.vagadeempregorj.com.br\\\/e-possivel-usar-o-fgts-para-pagar-dividas-entenda\\\/#primaryimage\",\"url\":\"https:\\\/\\\/www.vagadeempregorj.com.br\\\/wp-content\\\/uploads\\\/2024\\\/03\\\/image-9.png\",\"contentUrl\":\"https:\\\/\\\/www.vagadeempregorj.com.br\\\/wp-content\\\/uploads\\\/2024\\\/03\\\/image-9.png\",\"width\":1024,\"height\":536},{\"@type\":\"BreadcrumbList\",\"@id\":\"https:\\\/\\\/www.vagadeempregorj.com.br\\\/e-possivel-usar-o-fgts-para-pagar-dividas-entenda\\\/#breadcrumb\",\"itemListElement\":[{\"@type\":\"ListItem\",\"position\":1,\"name\":\"In\u00edcio\",\"item\":\"https:\\\/\\\/www.vagadeempregorj.com.br\\\/\"},{\"@type\":\"ListItem\",\"position\":2,\"name\":\"Benef\u00edcios Sociais\",\"item\":\"https:\\\/\\\/www.vagadeempregorj.com.br\\\/beneficios-sociais\\\/\"},{\"@type\":\"ListItem\",\"position\":3,\"name\":\"\u00c9 poss\u00edvel usar o FGTS para pagar d\u00edvidas? Entenda\"}]},{\"@type\":\"WebSite\",\"@id\":\"https:\\\/\\\/www.vagadeempregorj.com.br\\\/#website\",\"url\":\"https:\\\/\\\/www.vagadeempregorj.com.br\\\/\",\"name\":\"\",\"description\":\"Conquiste Sonhos: Vagas, Benef\u00edcios e Economia para Transformar Vidas e Alcan\u00e7ar Melhorias Cotidianas\",\"potentialAction\":[{\"@type\":\"SearchAction\",\"target\":{\"@type\":\"EntryPoint\",\"urlTemplate\":\"https:\\\/\\\/www.vagadeempregorj.com.br\\\/?s={search_term_string}\"},\"query-input\":{\"@type\":\"PropertyValueSpecification\",\"valueRequired\":true,\"valueName\":\"search_term_string\"}}],\"inLanguage\":\"fr-FR\"},{\"@type\":\"Person\",\"@id\":\"https:\\\/\\\/www.vagadeempregorj.com.br\\\/#\\\/schema\\\/person\\\/3ddb19fa0539706786e502152f3aae95\",\"name\":\"Michele\",\"image\":{\"@type\":\"ImageObject\",\"inLanguage\":\"fr-FR\",\"@id\":\"https:\\\/\\\/secure.gravatar.com\\\/avatar\\\/6b0eb9d22841282815e2cd856a0061c45e1761cd54b22e952d98c4746939aa85?s=96&r=g\",\"url\":\"https:\\\/\\\/secure.gravatar.com\\\/avatar\\\/6b0eb9d22841282815e2cd856a0061c45e1761cd54b22e952d98c4746939aa85?s=96&r=g\",\"contentUrl\":\"https:\\\/\\\/secure.gravatar.com\\\/avatar\\\/6b0eb9d22841282815e2cd856a0061c45e1761cd54b22e952d98c4746939aa85?s=96&r=g\",\"caption\":\"Michele\"},\"description\":\"Formada em Letras - Portugu\u00eas\\\/ Ingl\u00eas, e idealizadora do site Escritora de Sucesso, busca expandir o conhecimento de todos com informa\u00e7\u00f5es relevantes sobre diversos assuntos, enquanto redatora. No Vaga de Emprego RJ, traz oportunidades e dicas sobre o mercado de trabalho.\",\"url\":\"https:\\\/\\\/www.vagadeempregorj.com.br\\\/fr\\\/author\\\/michele\\\/\"}]}<\/script>\n<!-- \/ Yoast SEO plugin. -->","yoast_head_json":{"title":"Est-il possible d&#039;utiliser le FGTS (Fonds br\u00e9silien d&#039;indemnit\u00e9s de licenciement) pour rembourser des dettes\u00a0? D\u00e9couvrez pourquoi.","description":"Consultez les offres d&#039;emploi \u00e0 Rio de Janeiro (RJ) pour les emplois exp\u00e9riment\u00e9s et non exp\u00e9riment\u00e9s dans votre \u00e9tat et votre r\u00e9gion\u00a0!","robots":{"index":"index","follow":"follow","max-snippet":"max-snippet:-1","max-image-preview":"max-image-preview:large","max-video-preview":"max-video-preview:-1"},"canonical":"https:\/\/www.vagadeempregorj.com.br\/fr\/est-il-possible-dutiliser-le-fgts-fonds-bresilien-dindemnites-de-licenciement-pour-rembourser-des-dettes-compris\/","og_locale":"fr_FR","og_type":"article","og_title":"\u00c9 poss\u00edvel usar o FGTS para pagar d\u00edvidas? Entenda -","og_description":"Veja em Vagas de Emprego RJ as vagas de emprego com e sem experi\u00eancia no seu Estado e Regi\u00e3o!","og_url":"https:\/\/www.vagadeempregorj.com.br\/fr\/est-il-possible-dutiliser-le-fgts-fonds-bresilien-dindemnites-de-licenciement-pour-rembourser-des-dettes-compris\/","article_publisher":"https:\/\/www.facebook.com\/empregobrasiloficial","article_published_time":"2024-04-18T03:01:00+00:00","og_image":[{"width":1024,"height":536,"url":"https:\/\/www.vagadeempregorj.com.br\/wp-content\/uploads\/2024\/03\/image-9.png","type":"image\/png"}],"author":"Michele","twitter_card":"summary_large_image","twitter_misc":{"\u00c9crit par":"Michele","Dur\u00e9e de lecture estim\u00e9e":"4 minutes"},"schema":{"@context":"https:\/\/schema.org","@graph":[{"@type":"Article","@id":"https:\/\/www.vagadeempregorj.com.br\/e-possivel-usar-o-fgts-para-pagar-dividas-entenda\/#article","isPartOf":{"@id":"https:\/\/www.vagadeempregorj.com.br\/e-possivel-usar-o-fgts-para-pagar-dividas-entenda\/"},"author":{"name":"Michele","@id":"https:\/\/www.vagadeempregorj.com.br\/#\/schema\/person\/3ddb19fa0539706786e502152f3aae95"},"headline":"\u00c9 poss\u00edvel usar o FGTS para pagar d\u00edvidas? Entenda","datePublished":"2024-04-18T03:01:00+00:00","mainEntityOfPage":{"@id":"https:\/\/www.vagadeempregorj.com.br\/e-possivel-usar-o-fgts-para-pagar-dividas-entenda\/"},"wordCount":715,"image":{"@id":"https:\/\/www.vagadeempregorj.com.br\/e-possivel-usar-o-fgts-para-pagar-dividas-entenda\/#primaryimage"},"thumbnailUrl":"https:\/\/www.vagadeempregorj.com.br\/wp-content\/uploads\/2024\/03\/image-9.png","articleSection":["Benef\u00edcios Sociais"],"inLanguage":"fr-FR"},{"@type":"WebPage","@id":"https:\/\/www.vagadeempregorj.com.br\/e-possivel-usar-o-fgts-para-pagar-dividas-entenda\/","url":"https:\/\/www.vagadeempregorj.com.br\/e-possivel-usar-o-fgts-para-pagar-dividas-entenda\/","name":"Est-il possible d&#039;utiliser le FGTS (Fonds br\u00e9silien d&#039;indemnit\u00e9s de licenciement) pour rembourser des dettes\u00a0? D\u00e9couvrez pourquoi.","isPartOf":{"@id":"https:\/\/www.vagadeempregorj.com.br\/#website"},"primaryImageOfPage":{"@id":"https:\/\/www.vagadeempregorj.com.br\/e-possivel-usar-o-fgts-para-pagar-dividas-entenda\/#primaryimage"},"image":{"@id":"https:\/\/www.vagadeempregorj.com.br\/e-possivel-usar-o-fgts-para-pagar-dividas-entenda\/#primaryimage"},"thumbnailUrl":"https:\/\/www.vagadeempregorj.com.br\/wp-content\/uploads\/2024\/03\/image-9.png","datePublished":"2024-04-18T03:01:00+00:00","author":{"@id":"https:\/\/www.vagadeempregorj.com.br\/#\/schema\/person\/3ddb19fa0539706786e502152f3aae95"},"description":"Consultez les offres d&#039;emploi \u00e0 Rio de Janeiro (RJ) pour les emplois exp\u00e9riment\u00e9s et non exp\u00e9riment\u00e9s dans votre \u00e9tat et votre r\u00e9gion\u00a0!","breadcrumb":{"@id":"https:\/\/www.vagadeempregorj.com.br\/e-possivel-usar-o-fgts-para-pagar-dividas-entenda\/#breadcrumb"},"inLanguage":"fr-FR","potentialAction":[{"@type":"ReadAction","target":["https:\/\/www.vagadeempregorj.com.br\/e-possivel-usar-o-fgts-para-pagar-dividas-entenda\/"]}]},{"@type":"ImageObject","inLanguage":"fr-FR","@id":"https:\/\/www.vagadeempregorj.com.br\/e-possivel-usar-o-fgts-para-pagar-dividas-entenda\/#primaryimage","url":"https:\/\/www.vagadeempregorj.com.br\/wp-content\/uploads\/2024\/03\/image-9.png","contentUrl":"https:\/\/www.vagadeempregorj.com.br\/wp-content\/uploads\/2024\/03\/image-9.png","width":1024,"height":536},{"@type":"BreadcrumbList","@id":"https:\/\/www.vagadeempregorj.com.br\/e-possivel-usar-o-fgts-para-pagar-dividas-entenda\/#breadcrumb","itemListElement":[{"@type":"ListItem","position":1,"name":"In\u00edcio","item":"https:\/\/www.vagadeempregorj.com.br\/"},{"@type":"ListItem","position":2,"name":"Benef\u00edcios Sociais","item":"https:\/\/www.vagadeempregorj.com.br\/beneficios-sociais\/"},{"@type":"ListItem","position":3,"name":"\u00c9 poss\u00edvel usar o FGTS para pagar d\u00edvidas? Entenda"}]},{"@type":"WebSite","@id":"https:\/\/www.vagadeempregorj.com.br\/#website","url":"https:\/\/www.vagadeempregorj.com.br\/","name":"","description":"R\u00e9alisez vos r\u00eaves\u00a0: offres d\u2019emploi, avantages sociaux et \u00e9conomies pour transformer des vies et am\u00e9liorer votre quotidien.","potentialAction":[{"@type":"SearchAction","target":{"@type":"EntryPoint","urlTemplate":"https:\/\/www.vagadeempregorj.com.br\/?s={search_term_string}"},"query-input":{"@type":"PropertyValueSpecification","valueRequired":true,"valueName":"search_term_string"}}],"inLanguage":"fr-FR"},{"@type":"Person","@id":"https:\/\/www.vagadeempregorj.com.br\/#\/schema\/person\/3ddb19fa0539706786e502152f3aae95","name":"Michele","image":{"@type":"ImageObject","inLanguage":"fr-FR","@id":"https:\/\/secure.gravatar.com\/avatar\/6b0eb9d22841282815e2cd856a0061c45e1761cd54b22e952d98c4746939aa85?s=96&r=g","url":"https:\/\/secure.gravatar.com\/avatar\/6b0eb9d22841282815e2cd856a0061c45e1761cd54b22e952d98c4746939aa85?s=96&r=g","contentUrl":"https:\/\/secure.gravatar.com\/avatar\/6b0eb9d22841282815e2cd856a0061c45e1761cd54b22e952d98c4746939aa85?s=96&r=g","caption":"Michele"},"description":"Dipl\u00f4m\u00e9e en litt\u00e9rature portugaise et anglaise et cr\u00e9atrice du site web Escritora de Sucesso (\u00c9crivaine \u00e0 succ\u00e8s), elle souhaite, en tant qu&#039;\u00e9crivaine, enrichir les connaissances de chacun gr\u00e2ce \u00e0 des informations pertinentes sur divers sujets. Sur Vaga de Emprego RJ (Offres d&#039;emploi RJ), elle partage des opportunit\u00e9s et des conseils sur le march\u00e9 du travail.","url":"https:\/\/www.vagadeempregorj.com.br\/fr\/author\/michele\/"}]}},"_links":{"self":[{"href":"https:\/\/www.vagadeempregorj.com.br\/fr\/wp-json\/wp\/v2\/posts\/39564","targetHints":{"allow":["GET"]}}],"collection":[{"href":"https:\/\/www.vagadeempregorj.com.br\/fr\/wp-json\/wp\/v2\/posts"}],"about":[{"href":"https:\/\/www.vagadeempregorj.com.br\/fr\/wp-json\/wp\/v2\/types\/post"}],"author":[{"embeddable":true,"href":"https:\/\/www.vagadeempregorj.com.br\/fr\/wp-json\/wp\/v2\/users\/16"}],"replies":[{"embeddable":true,"href":"https:\/\/www.vagadeempregorj.com.br\/fr\/wp-json\/wp\/v2\/comments?post=39564"}],"version-history":[{"count":0,"href":"https:\/\/www.vagadeempregorj.com.br\/fr\/wp-json\/wp\/v2\/posts\/39564\/revisions"}],"wp:featuredmedia":[{"embeddable":true,"href":"https:\/\/www.vagadeempregorj.com.br\/fr\/wp-json\/wp\/v2\/media\/39574"}],"wp:attachment":[{"href":"https:\/\/www.vagadeempregorj.com.br\/fr\/wp-json\/wp\/v2\/media?parent=39564"}],"wp:term":[{"taxonomy":"category","embeddable":true,"href":"https:\/\/www.vagadeempregorj.com.br\/fr\/wp-json\/wp\/v2\/categories?post=39564"},{"taxonomy":"post_tag","embeddable":true,"href":"https:\/\/www.vagadeempregorj.com.br\/fr\/wp-json\/wp\/v2\/tags?post=39564"}],"curies":[{"name":"wp","href":"https:\/\/api.w.org\/{rel}","templated":true}]}}