{"id":39620,"date":"2024-05-09T00:01:00","date_gmt":"2024-05-09T03:01:00","guid":{"rendered":"https:\/\/www.vagadeempregorj.com.br\/?p=39620"},"modified":"2025-06-15T14:31:29","modified_gmt":"2025-06-15T17:31:29","slug":"o-poder-da-impressao-como-deixar-uma-marca-positiva-em-entrevistas-e-processos-seletivos","status":"publish","type":"post","link":"https:\/\/www.vagadeempregorj.com.br\/fr\/o-poder-da-impressao-como-deixar-uma-marca-positiva-em-entrevistas-e-processos-seletivos\/","title":{"rendered":"O Poder da Impress\u00e3o: Como Deixar uma Marca Positiva em Entrevistas e Processos Seletivos"},"content":{"rendered":"<p>Entrar em uma entrevista de emprego ou em um processo seletivo pode ser uma experi\u00eancia emocionante e desafiadora. No entanto, muitos candidatos se perguntam: como posso me destacar e deixar uma impress\u00e3o positiva que me destaque entre os demais concorrentes?<\/p>\n\n\n\n<p>A resposta pode residir no poder da impress\u00e3o. N\u00e3o estamos falando apenas sobre a apar\u00eancia f\u00edsica, embora isso tamb\u00e9m seja importante. Estamos nos referindo \u00e0 impress\u00e3o que voc\u00ea deixa em seus entrevistadores por meio de suas a\u00e7\u00f5es, comunica\u00e7\u00e3o e habilidades interpessoais.&nbsp;<\/p>\n\n\n\n<h2 class=\"wp-block-heading\">1. Pesquise a Empresa<\/h2>\n\n\n\n<p>Antes de entrar em qualquer entrevista de emprego ou processo seletivo, \u00e9 imperativo que os candidatos dediquem tempo para pesquisar a empresa em quest\u00e3o. Essa etapa inicial n\u00e3o apenas demonstra interesse genu\u00edno pela oportunidade, mas tamb\u00e9m oferece insights valiosos que podem informar suas respostas e abordagem durante a entrevista.<\/p>\n\n\n\n<h3 class=\"wp-block-heading\">a) Entenda a Miss\u00e3o e Valores<\/h3>\n\n\n\n<p>Come\u00e7ar pela miss\u00e3o e valores da empresa pode proporcionar uma compreens\u00e3o fundamental de sua cultura organizacional e dire\u00e7\u00e3o estrat\u00e9gica. Isso ajuda os candidatos a alinhar suas pr\u00f3prias cren\u00e7as e valores com os da empresa, garantindo uma boa adapta\u00e7\u00e3o cultural e uma base s\u00f3lida para a colabora\u00e7\u00e3o futura.<\/p>\n\n\n\n<h3 class=\"wp-block-heading\">b) Conhe\u00e7a os Produtos ou Servi\u00e7os<\/h3>\n\n\n\n<p>Ter um conhecimento s\u00f3lido sobre os produtos ou servi\u00e7os oferecidos pela empresa \u00e9 essencial. Isso n\u00e3o apenas demonstra familiaridade com o neg\u00f3cio, mas tamb\u00e9m pode gerar discuss\u00f5es significativas durante a entrevista, mostrando como suas habilidades e experi\u00eancias podem ser aplicadas para melhorar ou impulsionar esses produtos ou servi\u00e7os.<\/p>\n\n\n\n<h3 class=\"wp-block-heading\">c) Analise a Concorr\u00eancia e o Mercado<\/h3>\n\n\n\n<p>Estar ciente da concorr\u00eancia e das tend\u00eancias do mercado pode demonstrar uma compreens\u00e3o mais ampla do ambiente em que a empresa opera. Os entrevistadores podem valorizar candidatos que mostram uma vis\u00e3o estrat\u00e9gica e capacidade de adapta\u00e7\u00e3o \u00e0s mudan\u00e7as do mercado, al\u00e9m de oferecerem insights valiosos sobre poss\u00edveis desafios e oportunidades para a empresa.<\/p>\n\n\n\n<h2 class=\"wp-block-heading\">2. Vista-se Adequadamente<\/h2>\n\n\n\n<p>A vestimenta adequada pode variar dependendo da cultura da empresa, mas \u00e9 importante se vestir de forma profissional e adequada para a ocasi\u00e3o. Escolha roupas que transmitam confian\u00e7a e respeito pelo ambiente profissional.<\/p>\n\n\n\n<figure class=\"wp-block-image size-large\"><img loading=\"lazy\" decoding=\"async\" width=\"1024\" height=\"768\" src=\"https:\/\/www.vagadeempregorj.com.br\/wp-content\/uploads\/2024\/05\/image-1-1024x768.png\" alt=\"\" class=\"wp-image-39623\" srcset=\"https:\/\/www.vagadeempregorj.com.br\/wp-content\/uploads\/2024\/05\/image-1-1024x768.png 1024w, https:\/\/www.vagadeempregorj.com.br\/wp-content\/uploads\/2024\/05\/image-1-300x225.png 300w, https:\/\/www.vagadeempregorj.com.br\/wp-content\/uploads\/2024\/05\/image-1-768x576.png 768w, https:\/\/www.vagadeempregorj.com.br\/wp-content\/uploads\/2024\/05\/image-1-150x113.png 150w, https:\/\/www.vagadeempregorj.com.br\/wp-content\/uploads\/2024\/05\/image-1.png 1280w\" sizes=\"auto, (max-width: 1024px) 100vw, 1024px\" \/><\/figure>\n\n\n\n<h2 class=\"wp-block-heading\">3. Demonstre Confian\u00e7a<\/h2>\n\n\n\n<p>A linguagem corporal pode comunicar tanto quanto as palavras que voc\u00ea diz. Mantenha contato visual, cumprimente com firmeza e mantenha uma postura ereta. Demonstrar confian\u00e7a em si mesmo pode influenciar positivamente a percep\u00e7\u00e3o dos entrevistadores sobre voc\u00ea.<\/p>\n\n\n\n<h2 class=\"wp-block-heading\">4. Seja Aut\u00eantico<\/h2>\n\n\n\n<p>\u00c9 importante ser voc\u00ea mesmo durante uma entrevista. Tentar ser quem voc\u00ea n\u00e3o \u00e9 pode ser percebido como falso ou desonesto. Seja honesto sobre suas habilidades, experi\u00eancias e expectativas profissionais. A autenticidade \u00e9 frequentemente valorizada pelos recrutadores.<\/p>\n\n\n\n<h2 class=\"wp-block-heading\">5. Comunique-se Efetivamente<\/h2>\n\n\n\n<p>A comunica\u00e7\u00e3o eficaz \u00e9 fundamental durante uma entrevista. Fale claramente, ou\u00e7a atentamente e articule suas ideias de forma coerente. Evite jarg\u00f5es desnecess\u00e1rios e adapte sua linguagem ao p\u00fablico e contexto da entrevista.<\/p>\n\n\n\n<h2 class=\"wp-block-heading\">6. Destaque suas Conquistas<\/h2>\n\n\n\n<p>Durante a entrevista, n\u00e3o hesite em destacar suas conquistas passadas e experi\u00eancias relevantes. Use exemplos concretos para ilustrar suas habilidades e compet\u00eancias. Isso ajuda os entrevistadores a entenderem melhor como voc\u00ea pode agregar valor \u00e0 empresa.<\/p>\n\n\n\n<h2 class=\"wp-block-heading\">7. Fa\u00e7a Perguntas Inteligentes<\/h2>\n\n\n\n<p>Demonstrar interesse genu\u00edno pelo papel e pela empresa pode ser feito por meio de perguntas inteligentes. Prepare algumas perguntas relevantes sobre o papel, equipe, cultura da empresa ou oportunidades de desenvolvimento. Isso mostra que voc\u00ea est\u00e1 pensando estrategicamente sobre seu futuro na organiza\u00e7\u00e3o.<\/p>\n\n\n\n<h2 class=\"wp-block-heading\">8. Agrade\u00e7a e Siga em Frente<\/h2>\n\n\n\n<p>Ap\u00f3s a entrevista, envie um e-mail de agradecimento aos entrevistadores, expressando sua gratid\u00e3o pela oportunidade e reiterando seu interesse na posi\u00e7\u00e3o. Isso demonstra cortesia e profissionalismo, al\u00e9m de manter voc\u00ea presente na mente dos recrutadores.<\/p>\n\n\n\n<p>Deixar uma marca positiva em entrevistas e processos seletivos envolve prepara\u00e7\u00e3o, confian\u00e7a, autenticidade e comunica\u00e7\u00e3o eficaz. Ao seguir essas dicas, voc\u00ea estar\u00e1 um passo mais perto de impressionar seus entrevistadores e aumentar suas chances de sucesso na busca por oportunidades profissionais. Lembre-se sempre do poder que voc\u00ea tem de influenciar a percep\u00e7\u00e3o dos outros e fa\u00e7a uso disso de forma positiva e construtiva.<\/p>\n\n\n\n<p><strong>Veja tamb\u00e9m: <a href=\"https:\/\/www.vagadeempregorj.com.br\/fr\/emprego-em-tempos-de-crise-estrategias-para-encontrar-oportunidades\/\">Emprego em Tempos de Crise: Estrat\u00e9gias para Encontrar Oportunidades<\/a><\/strong><\/p>\n\n\n\n<p>9 de maio de 2024<\/p>","protected":false},"excerpt":{"rendered":"<p>Entrar em uma entrevista de emprego ou em um processo seletivo pode ser uma experi\u00eancia emocionante e desafiadora. No entanto, muitos candidatos se perguntam: como posso me destacar e deixar uma impress\u00e3o positiva que me destaque entre os demais concorrentes? A resposta pode residir no poder da impress\u00e3o. N\u00e3o estamos falando apenas sobre a apar\u00eancia&hellip;&nbsp;<\/p>","protected":false},"author":16,"featured_media":39623,"comment_status":"closed","ping_status":"closed","sticky":false,"template":"","format":"standard","meta":{"neve_meta_sidebar":"","neve_meta_container":"","neve_meta_enable_content_width":"","neve_meta_content_width":0,"neve_meta_title_alignment":"","neve_meta_author_avatar":"","neve_post_elements_order":"","neve_meta_disable_header":"","neve_meta_disable_footer":"","neve_meta_disable_title":"","footnotes":""},"categories":[123],"tags":[],"class_list":["post-39620","post","type-post","status-publish","format-standard","has-post-thumbnail","hentry","category-vagas-de-emprego-nacionais"],"yoast_head":"<!-- This site is optimized with the Yoast SEO plugin v27.5 - https:\/\/yoast.com\/product\/yoast-seo-wordpress\/ -->\n<title>O Poder da Impress\u00e3o: Como Deixar uma Marca Positiva em Entrevistas e Processos Seletivos -<\/title>\n<meta name=\"description\" content=\"Veja em Vagas de Emprego RJ as vagas de emprego com e sem experi\u00eancia no seu Estado e Regi\u00e3o!\" \/>\n<meta name=\"robots\" content=\"index, follow, max-snippet:-1, max-image-preview:large, max-video-preview:-1\" \/>\n<link rel=\"canonical\" href=\"https:\/\/www.vagadeempregorj.com.br\/fr\/o-poder-da-impressao-como-deixar-uma-marca-positiva-em-entrevistas-e-processos-seletivos\/\" \/>\n<meta property=\"og:locale\" content=\"fr_FR\" \/>\n<meta property=\"og:type\" content=\"article\" \/>\n<meta property=\"og:title\" content=\"O Poder da Impress\u00e3o: Como Deixar uma Marca Positiva em Entrevistas e Processos Seletivos -\" \/>\n<meta property=\"og:description\" content=\"Veja em Vagas de Emprego RJ as vagas de emprego com e sem experi\u00eancia no seu Estado e Regi\u00e3o!\" \/>\n<meta property=\"og:url\" content=\"https:\/\/www.vagadeempregorj.com.br\/fr\/o-poder-da-impressao-como-deixar-uma-marca-positiva-em-entrevistas-e-processos-seletivos\/\" \/>\n<meta property=\"article:publisher\" content=\"https:\/\/www.facebook.com\/empregobrasiloficial\" \/>\n<meta property=\"article:published_time\" content=\"2024-05-09T03:01:00+00:00\" \/>\n<meta property=\"article:modified_time\" content=\"2025-06-15T17:31:29+00:00\" \/>\n<meta property=\"og:image\" content=\"https:\/\/www.vagadeempregorj.com.br\/wp-content\/uploads\/2024\/05\/image-1-1024x768.png\" \/>\n\t<meta property=\"og:image:width\" content=\"1024\" \/>\n\t<meta property=\"og:image:height\" content=\"768\" \/>\n\t<meta property=\"og:image:type\" content=\"image\/png\" \/>\n<meta name=\"author\" content=\"Michele\" \/>\n<meta name=\"twitter:card\" content=\"summary_large_image\" \/>\n<meta name=\"twitter:label1\" content=\"Written by\" \/>\n\t<meta name=\"twitter:data1\" content=\"Michele\" \/>\n\t<meta name=\"twitter:label2\" content=\"Est. reading time\" \/>\n\t<meta name=\"twitter:data2\" content=\"4 minutes\" \/>\n<script type=\"application\/ld+json\" class=\"yoast-schema-graph\">{\"@context\":\"https:\\\/\\\/schema.org\",\"@graph\":[{\"@type\":\"Article\",\"@id\":\"https:\\\/\\\/www.vagadeempregorj.com.br\\\/o-poder-da-impressao-como-deixar-uma-marca-positiva-em-entrevistas-e-processos-seletivos\\\/#article\",\"isPartOf\":{\"@id\":\"https:\\\/\\\/www.vagadeempregorj.com.br\\\/o-poder-da-impressao-como-deixar-uma-marca-positiva-em-entrevistas-e-processos-seletivos\\\/\"},\"author\":{\"name\":\"Michele\",\"@id\":\"https:\\\/\\\/www.vagadeempregorj.com.br\\\/#\\\/schema\\\/person\\\/3ddb19fa0539706786e502152f3aae95\"},\"headline\":\"O Poder da Impress\u00e3o: Como Deixar uma Marca Positiva em Entrevistas e Processos Seletivos\",\"datePublished\":\"2024-05-09T03:01:00+00:00\",\"dateModified\":\"2025-06-15T17:31:29+00:00\",\"mainEntityOfPage\":{\"@id\":\"https:\\\/\\\/www.vagadeempregorj.com.br\\\/o-poder-da-impressao-como-deixar-uma-marca-positiva-em-entrevistas-e-processos-seletivos\\\/\"},\"wordCount\":732,\"image\":{\"@id\":\"https:\\\/\\\/www.vagadeempregorj.com.br\\\/o-poder-da-impressao-como-deixar-uma-marca-positiva-em-entrevistas-e-processos-seletivos\\\/#primaryimage\"},\"thumbnailUrl\":\"https:\\\/\\\/www.vagadeempregorj.com.br\\\/wp-content\\\/uploads\\\/2024\\\/05\\\/image-1.png\",\"articleSection\":[\"Vagas de Emprego Nacionais\"],\"inLanguage\":\"fr-FR\"},{\"@type\":\"WebPage\",\"@id\":\"https:\\\/\\\/www.vagadeempregorj.com.br\\\/o-poder-da-impressao-como-deixar-uma-marca-positiva-em-entrevistas-e-processos-seletivos\\\/\",\"url\":\"https:\\\/\\\/www.vagadeempregorj.com.br\\\/o-poder-da-impressao-como-deixar-uma-marca-positiva-em-entrevistas-e-processos-seletivos\\\/\",\"name\":\"O Poder da Impress\u00e3o: Como Deixar uma Marca Positiva em Entrevistas e Processos Seletivos -\",\"isPartOf\":{\"@id\":\"https:\\\/\\\/www.vagadeempregorj.com.br\\\/#website\"},\"primaryImageOfPage\":{\"@id\":\"https:\\\/\\\/www.vagadeempregorj.com.br\\\/o-poder-da-impressao-como-deixar-uma-marca-positiva-em-entrevistas-e-processos-seletivos\\\/#primaryimage\"},\"image\":{\"@id\":\"https:\\\/\\\/www.vagadeempregorj.com.br\\\/o-poder-da-impressao-como-deixar-uma-marca-positiva-em-entrevistas-e-processos-seletivos\\\/#primaryimage\"},\"thumbnailUrl\":\"https:\\\/\\\/www.vagadeempregorj.com.br\\\/wp-content\\\/uploads\\\/2024\\\/05\\\/image-1.png\",\"datePublished\":\"2024-05-09T03:01:00+00:00\",\"dateModified\":\"2025-06-15T17:31:29+00:00\",\"author\":{\"@id\":\"https:\\\/\\\/www.vagadeempregorj.com.br\\\/#\\\/schema\\\/person\\\/3ddb19fa0539706786e502152f3aae95\"},\"description\":\"Veja em Vagas de Emprego RJ as vagas de emprego com e sem experi\u00eancia no seu Estado e Regi\u00e3o!\",\"breadcrumb\":{\"@id\":\"https:\\\/\\\/www.vagadeempregorj.com.br\\\/o-poder-da-impressao-como-deixar-uma-marca-positiva-em-entrevistas-e-processos-seletivos\\\/#breadcrumb\"},\"inLanguage\":\"fr-FR\",\"potentialAction\":[{\"@type\":\"ReadAction\",\"target\":[\"https:\\\/\\\/www.vagadeempregorj.com.br\\\/o-poder-da-impressao-como-deixar-uma-marca-positiva-em-entrevistas-e-processos-seletivos\\\/\"]}]},{\"@type\":\"ImageObject\",\"inLanguage\":\"fr-FR\",\"@id\":\"https:\\\/\\\/www.vagadeempregorj.com.br\\\/o-poder-da-impressao-como-deixar-uma-marca-positiva-em-entrevistas-e-processos-seletivos\\\/#primaryimage\",\"url\":\"https:\\\/\\\/www.vagadeempregorj.com.br\\\/wp-content\\\/uploads\\\/2024\\\/05\\\/image-1.png\",\"contentUrl\":\"https:\\\/\\\/www.vagadeempregorj.com.br\\\/wp-content\\\/uploads\\\/2024\\\/05\\\/image-1.png\",\"width\":1280,\"height\":960},{\"@type\":\"BreadcrumbList\",\"@id\":\"https:\\\/\\\/www.vagadeempregorj.com.br\\\/o-poder-da-impressao-como-deixar-uma-marca-positiva-em-entrevistas-e-processos-seletivos\\\/#breadcrumb\",\"itemListElement\":[{\"@type\":\"ListItem\",\"position\":1,\"name\":\"In\u00edcio\",\"item\":\"https:\\\/\\\/www.vagadeempregorj.com.br\\\/\"},{\"@type\":\"ListItem\",\"position\":2,\"name\":\"O Poder da Impress\u00e3o: Como Deixar uma Marca Positiva em Entrevistas e Processos Seletivos\"}]},{\"@type\":\"WebSite\",\"@id\":\"https:\\\/\\\/www.vagadeempregorj.com.br\\\/#website\",\"url\":\"https:\\\/\\\/www.vagadeempregorj.com.br\\\/\",\"name\":\"\",\"description\":\"Conquiste Sonhos: Vagas, Benef\u00edcios e Economia para Transformar Vidas e Alcan\u00e7ar Melhorias Cotidianas\",\"potentialAction\":[{\"@type\":\"SearchAction\",\"target\":{\"@type\":\"EntryPoint\",\"urlTemplate\":\"https:\\\/\\\/www.vagadeempregorj.com.br\\\/?s={search_term_string}\"},\"query-input\":{\"@type\":\"PropertyValueSpecification\",\"valueRequired\":true,\"valueName\":\"search_term_string\"}}],\"inLanguage\":\"fr-FR\"},{\"@type\":\"Person\",\"@id\":\"https:\\\/\\\/www.vagadeempregorj.com.br\\\/#\\\/schema\\\/person\\\/3ddb19fa0539706786e502152f3aae95\",\"name\":\"Michele\",\"image\":{\"@type\":\"ImageObject\",\"inLanguage\":\"fr-FR\",\"@id\":\"https:\\\/\\\/secure.gravatar.com\\\/avatar\\\/6b0eb9d22841282815e2cd856a0061c45e1761cd54b22e952d98c4746939aa85?s=96&r=g\",\"url\":\"https:\\\/\\\/secure.gravatar.com\\\/avatar\\\/6b0eb9d22841282815e2cd856a0061c45e1761cd54b22e952d98c4746939aa85?s=96&r=g\",\"contentUrl\":\"https:\\\/\\\/secure.gravatar.com\\\/avatar\\\/6b0eb9d22841282815e2cd856a0061c45e1761cd54b22e952d98c4746939aa85?s=96&r=g\",\"caption\":\"Michele\"},\"description\":\"Formada em Letras - Portugu\u00eas\\\/ Ingl\u00eas, e idealizadora do site Escritora de Sucesso, busca expandir o conhecimento de todos com informa\u00e7\u00f5es relevantes sobre diversos assuntos, enquanto redatora. No Vaga de Emprego RJ, traz oportunidades e dicas sobre o mercado de trabalho.\",\"url\":\"https:\\\/\\\/www.vagadeempregorj.com.br\\\/fr\\\/author\\\/michele\\\/\"}]}<\/script>\n<!-- \/ Yoast SEO plugin. -->","yoast_head_json":{"title":"O Poder da Impress\u00e3o: Como Deixar uma Marca Positiva em Entrevistas e Processos Seletivos -","description":"Veja em Vagas de Emprego RJ as vagas de emprego com e sem experi\u00eancia no seu Estado e Regi\u00e3o!","robots":{"index":"index","follow":"follow","max-snippet":"max-snippet:-1","max-image-preview":"max-image-preview:large","max-video-preview":"max-video-preview:-1"},"canonical":"https:\/\/www.vagadeempregorj.com.br\/fr\/o-poder-da-impressao-como-deixar-uma-marca-positiva-em-entrevistas-e-processos-seletivos\/","og_locale":"fr_FR","og_type":"article","og_title":"O Poder da Impress\u00e3o: Como Deixar uma Marca Positiva em Entrevistas e Processos Seletivos -","og_description":"Veja em Vagas de Emprego RJ as vagas de emprego com e sem experi\u00eancia no seu Estado e Regi\u00e3o!","og_url":"https:\/\/www.vagadeempregorj.com.br\/fr\/o-poder-da-impressao-como-deixar-uma-marca-positiva-em-entrevistas-e-processos-seletivos\/","article_publisher":"https:\/\/www.facebook.com\/empregobrasiloficial","article_published_time":"2024-05-09T03:01:00+00:00","article_modified_time":"2025-06-15T17:31:29+00:00","og_image":[{"width":1024,"height":768,"url":"https:\/\/www.vagadeempregorj.com.br\/wp-content\/uploads\/2024\/05\/image-1-1024x768.png","type":"image\/png"}],"author":"Michele","twitter_card":"summary_large_image","twitter_misc":{"Written by":"Michele","Est. reading time":"4 minutes"},"schema":{"@context":"https:\/\/schema.org","@graph":[{"@type":"Article","@id":"https:\/\/www.vagadeempregorj.com.br\/o-poder-da-impressao-como-deixar-uma-marca-positiva-em-entrevistas-e-processos-seletivos\/#article","isPartOf":{"@id":"https:\/\/www.vagadeempregorj.com.br\/o-poder-da-impressao-como-deixar-uma-marca-positiva-em-entrevistas-e-processos-seletivos\/"},"author":{"name":"Michele","@id":"https:\/\/www.vagadeempregorj.com.br\/#\/schema\/person\/3ddb19fa0539706786e502152f3aae95"},"headline":"O Poder da Impress\u00e3o: Como Deixar uma Marca Positiva em Entrevistas e Processos Seletivos","datePublished":"2024-05-09T03:01:00+00:00","dateModified":"2025-06-15T17:31:29+00:00","mainEntityOfPage":{"@id":"https:\/\/www.vagadeempregorj.com.br\/o-poder-da-impressao-como-deixar-uma-marca-positiva-em-entrevistas-e-processos-seletivos\/"},"wordCount":732,"image":{"@id":"https:\/\/www.vagadeempregorj.com.br\/o-poder-da-impressao-como-deixar-uma-marca-positiva-em-entrevistas-e-processos-seletivos\/#primaryimage"},"thumbnailUrl":"https:\/\/www.vagadeempregorj.com.br\/wp-content\/uploads\/2024\/05\/image-1.png","articleSection":["Vagas de Emprego Nacionais"],"inLanguage":"fr-FR"},{"@type":"WebPage","@id":"https:\/\/www.vagadeempregorj.com.br\/o-poder-da-impressao-como-deixar-uma-marca-positiva-em-entrevistas-e-processos-seletivos\/","url":"https:\/\/www.vagadeempregorj.com.br\/o-poder-da-impressao-como-deixar-uma-marca-positiva-em-entrevistas-e-processos-seletivos\/","name":"O Poder da Impress\u00e3o: Como Deixar uma Marca Positiva em Entrevistas e Processos Seletivos -","isPartOf":{"@id":"https:\/\/www.vagadeempregorj.com.br\/#website"},"primaryImageOfPage":{"@id":"https:\/\/www.vagadeempregorj.com.br\/o-poder-da-impressao-como-deixar-uma-marca-positiva-em-entrevistas-e-processos-seletivos\/#primaryimage"},"image":{"@id":"https:\/\/www.vagadeempregorj.com.br\/o-poder-da-impressao-como-deixar-uma-marca-positiva-em-entrevistas-e-processos-seletivos\/#primaryimage"},"thumbnailUrl":"https:\/\/www.vagadeempregorj.com.br\/wp-content\/uploads\/2024\/05\/image-1.png","datePublished":"2024-05-09T03:01:00+00:00","dateModified":"2025-06-15T17:31:29+00:00","author":{"@id":"https:\/\/www.vagadeempregorj.com.br\/#\/schema\/person\/3ddb19fa0539706786e502152f3aae95"},"description":"Veja em Vagas de Emprego RJ as vagas de emprego com e sem experi\u00eancia no seu Estado e Regi\u00e3o!","breadcrumb":{"@id":"https:\/\/www.vagadeempregorj.com.br\/o-poder-da-impressao-como-deixar-uma-marca-positiva-em-entrevistas-e-processos-seletivos\/#breadcrumb"},"inLanguage":"fr-FR","potentialAction":[{"@type":"ReadAction","target":["https:\/\/www.vagadeempregorj.com.br\/o-poder-da-impressao-como-deixar-uma-marca-positiva-em-entrevistas-e-processos-seletivos\/"]}]},{"@type":"ImageObject","inLanguage":"fr-FR","@id":"https:\/\/www.vagadeempregorj.com.br\/o-poder-da-impressao-como-deixar-uma-marca-positiva-em-entrevistas-e-processos-seletivos\/#primaryimage","url":"https:\/\/www.vagadeempregorj.com.br\/wp-content\/uploads\/2024\/05\/image-1.png","contentUrl":"https:\/\/www.vagadeempregorj.com.br\/wp-content\/uploads\/2024\/05\/image-1.png","width":1280,"height":960},{"@type":"BreadcrumbList","@id":"https:\/\/www.vagadeempregorj.com.br\/o-poder-da-impressao-como-deixar-uma-marca-positiva-em-entrevistas-e-processos-seletivos\/#breadcrumb","itemListElement":[{"@type":"ListItem","position":1,"name":"In\u00edcio","item":"https:\/\/www.vagadeempregorj.com.br\/"},{"@type":"ListItem","position":2,"name":"O Poder da Impress\u00e3o: Como Deixar uma Marca Positiva em Entrevistas e Processos Seletivos"}]},{"@type":"WebSite","@id":"https:\/\/www.vagadeempregorj.com.br\/#website","url":"https:\/\/www.vagadeempregorj.com.br\/","name":"","description":"Conquiste Sonhos: Vagas, Benef\u00edcios e Economia para Transformar Vidas e Alcan\u00e7ar Melhorias Cotidianas","potentialAction":[{"@type":"SearchAction","target":{"@type":"EntryPoint","urlTemplate":"https:\/\/www.vagadeempregorj.com.br\/?s={search_term_string}"},"query-input":{"@type":"PropertyValueSpecification","valueRequired":true,"valueName":"search_term_string"}}],"inLanguage":"fr-FR"},{"@type":"Person","@id":"https:\/\/www.vagadeempregorj.com.br\/#\/schema\/person\/3ddb19fa0539706786e502152f3aae95","name":"Michele","image":{"@type":"ImageObject","inLanguage":"fr-FR","@id":"https:\/\/secure.gravatar.com\/avatar\/6b0eb9d22841282815e2cd856a0061c45e1761cd54b22e952d98c4746939aa85?s=96&r=g","url":"https:\/\/secure.gravatar.com\/avatar\/6b0eb9d22841282815e2cd856a0061c45e1761cd54b22e952d98c4746939aa85?s=96&r=g","contentUrl":"https:\/\/secure.gravatar.com\/avatar\/6b0eb9d22841282815e2cd856a0061c45e1761cd54b22e952d98c4746939aa85?s=96&r=g","caption":"Michele"},"description":"Formada em Letras - Portugu\u00eas\/ Ingl\u00eas, e idealizadora do site Escritora de Sucesso, busca expandir o conhecimento de todos com informa\u00e7\u00f5es relevantes sobre diversos assuntos, enquanto redatora. No Vaga de Emprego RJ, traz oportunidades e dicas sobre o mercado de trabalho.","url":"https:\/\/www.vagadeempregorj.com.br\/fr\/author\/michele\/"}]}},"_links":{"self":[{"href":"https:\/\/www.vagadeempregorj.com.br\/fr\/wp-json\/wp\/v2\/posts\/39620","targetHints":{"allow":["GET"]}}],"collection":[{"href":"https:\/\/www.vagadeempregorj.com.br\/fr\/wp-json\/wp\/v2\/posts"}],"about":[{"href":"https:\/\/www.vagadeempregorj.com.br\/fr\/wp-json\/wp\/v2\/types\/post"}],"author":[{"embeddable":true,"href":"https:\/\/www.vagadeempregorj.com.br\/fr\/wp-json\/wp\/v2\/users\/16"}],"replies":[{"embeddable":true,"href":"https:\/\/www.vagadeempregorj.com.br\/fr\/wp-json\/wp\/v2\/comments?post=39620"}],"version-history":[{"count":1,"href":"https:\/\/www.vagadeempregorj.com.br\/fr\/wp-json\/wp\/v2\/posts\/39620\/revisions"}],"predecessor-version":[{"id":43561,"href":"https:\/\/www.vagadeempregorj.com.br\/fr\/wp-json\/wp\/v2\/posts\/39620\/revisions\/43561"}],"wp:featuredmedia":[{"embeddable":true,"href":"https:\/\/www.vagadeempregorj.com.br\/fr\/wp-json\/wp\/v2\/media\/39623"}],"wp:attachment":[{"href":"https:\/\/www.vagadeempregorj.com.br\/fr\/wp-json\/wp\/v2\/media?parent=39620"}],"wp:term":[{"taxonomy":"category","embeddable":true,"href":"https:\/\/www.vagadeempregorj.com.br\/fr\/wp-json\/wp\/v2\/categories?post=39620"},{"taxonomy":"post_tag","embeddable":true,"href":"https:\/\/www.vagadeempregorj.com.br\/fr\/wp-json\/wp\/v2\/tags?post=39620"}],"curies":[{"name":"wp","href":"https:\/\/api.w.org\/{rel}","templated":true}]}}