{"id":39664,"date":"2024-05-27T15:49:28","date_gmt":"2024-05-27T18:49:28","guid":{"rendered":"https:\/\/www.vagadeempregorj.com.br\/?p=39664"},"modified":"2026-02-02T17:51:23","modified_gmt":"2026-02-02T20:51:23","slug":"decouvrez-le-bresil-ce-que-vous-devez-savoir-sur-le-programme-social","status":"publish","type":"post","link":"https:\/\/www.vagadeempregorj.com.br\/fr\/desenrola-brasil-o-que-voce-deve-saber-sobre-o-programa-social\/","title":{"rendered":"D\u00e9couvrez le Br\u00e9sil : ce que vous devez savoir sur le programme social"},"content":{"rendered":"<p class=\"wp-block-paragraph\">Ces derni\u00e8res ann\u00e9es, le Br\u00e9sil a d\u00fb faire face \u00e0 d&#039;importants d\u00e9fis \u00e9conomiques. L&#039;une des r\u00e9ponses du gouvernement f\u00e9d\u00e9ral \u00e0 ces d\u00e9fis est le programme social \u201c\u00a0Desenrola Brasil\u00a0\u201d (D\u00e9voiler le Br\u00e9sil). Ce programme vise \u00e0 soutenir la population br\u00e9silienne, en particulier les personnes en situation de vuln\u00e9rabilit\u00e9 \u00e9conomique, afin de les aider \u00e0 surmonter leurs difficult\u00e9s financi\u00e8res et de promouvoir un d\u00e9veloppement durable et inclusif.&nbsp;<\/p>\n\n\n\n<h2 class=\"wp-block-heading\">Qu&#039;est-ce que Desenrola Brasil ?<\/h2>\n\n\n\n<p class=\"wp-block-paragraph\">Desenrola Brasil est un programme social cr\u00e9\u00e9 par le gouvernement f\u00e9d\u00e9ral afin d&#039;all\u00e9ger la pression financi\u00e8re sur les Br\u00e9siliens \u00e0 faibles revenus. Ce programme propose diverses mesures, allant de la ren\u00e9gociation de dettes \u00e0 un acc\u00e8s facilit\u00e9 au cr\u00e9dit, en passant par des initiatives d&#039;\u00e9ducation financi\u00e8re et un soutien \u00e0 l&#039;entrepreneuriat.<\/p>\n\n\n\n<h2 class=\"wp-block-heading\">Comment fonctionne le programme ?<\/h2>\n\n\n\n<p class=\"wp-block-paragraph\">Comprendre le fonctionnement de Desenrola Brasil est essentiel pour tirer pleinement parti des avantages qu&#039;elle offre. Le programme s&#039;articule autour de plusieurs axes, chacun con\u00e7u pour r\u00e9pondre \u00e0 diff\u00e9rents aspects des difficult\u00e9s financi\u00e8res rencontr\u00e9es par les Br\u00e9siliens.&nbsp;<\/p>\n\n\n\n<p class=\"wp-block-paragraph\">De la ren\u00e9gociation de la dette \u00e0 la facilitation de l&#039;acc\u00e8s au cr\u00e9dit, Desenrola Brasil propose une gamme de solutions visant non seulement \u00e0 all\u00e9ger le fardeau financier imm\u00e9diat, mais aussi \u00e0 fournir des outils et des ressources pour une gestion financi\u00e8re \u00e0 long terme plus durable.<\/p>\n\n\n\n<figure class=\"wp-block-image size-full\"><img loading=\"lazy\" decoding=\"async\" width=\"768\" height=\"431\" src=\"https:\/\/www.vagadeempregorj.com.br\/wp-content\/uploads\/2024\/05\/image-8.png\" alt=\"\" class=\"wp-image-39665\" srcset=\"https:\/\/www.vagadeempregorj.com.br\/wp-content\/uploads\/2024\/05\/image-8.png 768w, https:\/\/www.vagadeempregorj.com.br\/wp-content\/uploads\/2024\/05\/image-8-300x168.png 300w, https:\/\/www.vagadeempregorj.com.br\/wp-content\/uploads\/2024\/05\/image-8-350x195.png 350w, https:\/\/www.vagadeempregorj.com.br\/wp-content\/uploads\/2024\/05\/image-8-383x215.png 383w, https:\/\/www.vagadeempregorj.com.br\/wp-content\/uploads\/2024\/05\/image-8-150x84.png 150w\" sizes=\"auto, (max-width: 768px) 100vw, 768px\" \/><\/figure>\n\n\n\n<h3 class=\"wp-block-heading\">Ren\u00e9gociation de la dette<\/h3>\n\n\n\n<p class=\"wp-block-paragraph\">L&#039;une des principales initiatives de Desenrola Brasil est la ren\u00e9gociation de la dette. Ce programme travaille en partenariat avec des institutions financi\u00e8res afin d&#039;offrir des conditions plus favorables permettant aux d\u00e9biteurs de r\u00e9gulariser leur situation financi\u00e8re. Cela inclut des r\u00e9ductions de taux d&#039;int\u00e9r\u00eat, des d\u00e9lais de paiement plus longs et, dans certains cas, m\u00eame une remise partielle de dette.<\/p>\n\n\n\n<h3 class=\"wp-block-heading\">Acc\u00e8s au cr\u00e9dit<\/h3>\n\n\n\n<p class=\"wp-block-paragraph\">Outre la ren\u00e9gociation des dettes, le programme facilite \u00e9galement l&#039;acc\u00e8s au cr\u00e9dit pour les personnes \u00e0 faibles revenus. Il s&#039;agit de lignes de cr\u00e9dit \u00e0 taux d&#039;int\u00e9r\u00eat plus bas et \u00e0 plus long terme, permettant aux b\u00e9n\u00e9ficiaires d&#039;investir dans des petites entreprises, d&#039;am\u00e9liorer leurs conditions de logement ou de faire face \u00e0 des difficult\u00e9s financi\u00e8res sans avoir recours \u00e0 des usuriers ou \u00e0 d&#039;autres formes de cr\u00e9dit informelles et plus co\u00fbteuses.<\/p>\n\n\n\n<h3 class=\"wp-block-heading\">\u00c9ducation financi\u00e8re<\/h3>\n\n\n\n<p class=\"wp-block-paragraph\">Le programme Desenrola Brasil comprend \u00e9galement des initiatives ax\u00e9es sur l&#039;\u00e9ducation financi\u00e8re. L&#039;objectif est de donner aux citoyens les moyens de mieux g\u00e9rer leurs finances personnelles, de comprendre l&#039;importance de la planification financi\u00e8re et d&#039;\u00e9viter un endettement excessif. Ces initiatives incluent des ateliers, des conf\u00e9rences et des cours en ligne gratuits.<\/p>\n\n\n\n<h3 class=\"wp-block-heading\">Soutien \u00e0 l&#039;entrepreneuriat<\/h3>\n\n\n\n<p class=\"wp-block-paragraph\">Un autre pilier du programme est l&#039;encouragement de l&#039;entrepreneuriat. Desenrola Brasil offre un soutien aux petites entreprises, notamment en mati\u00e8re d&#039;acc\u00e8s au cr\u00e9dit, de conseil et de formation. L&#039;objectif est de favoriser la cr\u00e9ation de nouvelles entreprises et de consolider celles qui existent d\u00e9j\u00e0, contribuant ainsi \u00e0 la cr\u00e9ation d&#039;emplois et de revenus au sein des communaut\u00e9s.<\/p>\n\n\n\n<h2 class=\"wp-block-heading\">Qui peut en b\u00e9n\u00e9ficier ?<\/h2>\n\n\n\n<p class=\"wp-block-paragraph\">Le programme Desenrola Brasil s&#039;adresse principalement aux personnes \u00e0 faibles revenus, mais les crit\u00e8res d&#039;admissibilit\u00e9 sp\u00e9cifiques peuvent varier selon le type de prestation offerte. En g\u00e9n\u00e9ral, les cat\u00e9gories suivantes sont consid\u00e9r\u00e9es comme prioritaires\u00a0:<\/p>\n\n\n\n<ul class=\"wp-block-list\">\n<li>Familles inscrites au Registre unifi\u00e9 (Cad\u00danico) pour les programmes sociaux du gouvernement f\u00e9d\u00e9ral.<\/li>\n\n\n\n<li>Microentrepreneurs Individuels (MEI).<\/li>\n\n\n\n<li>Les travailleurs du secteur informel et les ch\u00f4meurs.<\/li>\n\n\n\n<li>Les personnes qui ont des dettes aupr\u00e8s d&#039;institutions financi\u00e8res et qui sont en d\u00e9faut de paiement.<\/li>\n<\/ul>\n\n\n\n<p class=\"wp-block-paragraph\">Pour s&#039;inscrire au programme, les personnes int\u00e9ress\u00e9es doivent consulter le site web officiel de Desenrola Brasil ou se rendre dans un point de service agr\u00e9\u00e9. Il est important d&#039;avoir tous les documents personnels \u00e0 jour, tels que la carte d&#039;identit\u00e9, le CPF (num\u00e9ro d&#039;identification fiscale br\u00e9silien) et un justificatif de domicile, ainsi que des documents attestant de leur situation financi\u00e8re actuelle.<\/p>\n\n\n\n<h2 class=\"wp-block-heading\">Principaux objectifs de Desenrola Brasil<\/h2>\n\n\n\n<p class=\"wp-block-paragraph\">Les principaux objectifs de Desenrola Brasil sont\u00a0:<\/p>\n\n\n\n<ul class=\"wp-block-list\">\n<li>R\u00e9duction de la dette : all\u00e9ger la pression de la dette sur les familles \u00e0 faible revenu et cr\u00e9er un environnement financier plus sain.<\/li>\n\n\n\n<li>Inclusion financi\u00e8re : faciliter l\u2019acc\u00e8s au cr\u00e9dit et aux services financiers pour les personnes qui ont historiquement \u00e9t\u00e9 exclues du syst\u00e8me financier traditionnel.<\/li>\n\n\n\n<li>\u00c9ducation financi\u00e8re : Donner aux citoyens les moyens de mieux g\u00e9rer leurs finances et de prendre des d\u00e9cisions plus \u00e9clair\u00e9es.<\/li>\n\n\n\n<li>Promouvoir l&#039;entrepreneuriat : soutenir les petits entrepreneurs afin qu&#039;ils puissent se d\u00e9velopper et cr\u00e9er davantage d&#039;emplois et de revenus.<\/li>\n\n\n\n<li>D\u00e9veloppement durable : Promouvoir un d\u00e9veloppement \u00e9conomique inclusif et durable qui profite \u00e0 tous.<\/li>\n<\/ul>\n\n\n\n<p class=\"wp-block-paragraph\">Desenrola Brasil est une initiative majeure qui vise \u00e0 relever l&#039;un des plus grands d\u00e9fis \u00e9conomiques du pays\u00a0: l&#039;endettement des familles \u00e0 faibles revenus. En proposant des solutions concr\u00e8tes et accessibles, ce programme a le potentiel de transformer la vie de millions de Br\u00e9siliens, en leur offrant une r\u00e9elle opportunit\u00e9 de repartir \u00e0 z\u00e9ro et de b\u00e2tir un avenir financier plus stable et prometteur.<\/p>\n\n\n\n<p class=\"wp-block-paragraph\">Si vous ou une personne de votre entourage rencontrez des difficult\u00e9s financi\u00e8res, il est judicieux d&#039;explorer les options offertes par Desenrola Brasil et de profiter des avantages de ce programme novateur.<\/p>\n\n\n\n<p class=\"wp-block-paragraph\">27 mai 2024<\/p>","protected":false},"excerpt":{"rendered":"<p>Nos \u00faltimos anos, o Brasil tem enfrentado desafios econ\u00f4micos significativos, e uma das respostas do governo federal a esses desafios \u00e9 o programa social &#8220;Desenrola Brasil&#8221;. Este programa visa apoiar a popula\u00e7\u00e3o brasileira, especialmente aqueles em situa\u00e7\u00e3o de vulnerabilidade econ\u00f4mica, a superar dificuldades financeiras e promover um desenvolvimento sustent\u00e1vel e inclusivo.&nbsp; O que \u00e9 o&hellip;&nbsp;<\/p>","protected":false},"author":16,"featured_media":39665,"comment_status":"closed","ping_status":"closed","sticky":false,"template":"","format":"standard","meta":{"neve_meta_sidebar":"","neve_meta_container":"","neve_meta_enable_content_width":"","neve_meta_content_width":0,"neve_meta_title_alignment":"","neve_meta_author_avatar":"","neve_post_elements_order":"","neve_meta_disable_header":"","neve_meta_disable_footer":"","neve_meta_disable_title":"","footnotes":""},"categories":[804],"tags":[],"class_list":["post-39664","post","type-post","status-publish","format-standard","has-post-thumbnail","hentry","category-economia"],"yoast_head":"<!-- This site is optimized with the Yoast SEO plugin v28.3 - https:\/\/yoast.com\/product\/yoast-seo-wordpress\/ -->\n<title>Desenrola Brasil: O que voc\u00ea deve saber sobre o programa social -<\/title>\n<meta name=\"description\" content=\"Veja em Vagas de Emprego RJ as vagas de emprego com e sem experi\u00eancia no seu Estado e Regi\u00e3o!\" \/>\n<meta name=\"robots\" content=\"index, follow, max-snippet:-1, max-image-preview:large, max-video-preview:-1\" \/>\n<link rel=\"canonical\" href=\"https:\/\/www.vagadeempregorj.com.br\/fr\/decouvrez-le-bresil-ce-que-vous-devez-savoir-sur-le-programme-social\/\" \/>\n<meta property=\"og:locale\" content=\"fr_FR\" \/>\n<meta property=\"og:type\" content=\"article\" \/>\n<meta property=\"og:title\" content=\"Desenrola Brasil: O que voc\u00ea deve saber sobre o programa social -\" \/>\n<meta property=\"og:description\" content=\"Veja em Vagas de Emprego RJ as vagas de emprego com e sem experi\u00eancia no seu Estado e Regi\u00e3o!\" \/>\n<meta property=\"og:url\" content=\"https:\/\/www.vagadeempregorj.com.br\/fr\/decouvrez-le-bresil-ce-que-vous-devez-savoir-sur-le-programme-social\/\" \/>\n<meta property=\"article:publisher\" content=\"https:\/\/www.facebook.com\/empregobrasiloficial\" \/>\n<meta property=\"article:published_time\" content=\"2024-05-27T18:49:28+00:00\" \/>\n<meta property=\"article:modified_time\" content=\"2026-02-02T20:51:23+00:00\" \/>\n<meta property=\"og:image\" content=\"https:\/\/www.vagadeempregorj.com.br\/wp-content\/uploads\/2024\/05\/image-8.png\" \/>\n\t<meta property=\"og:image:width\" content=\"768\" \/>\n\t<meta property=\"og:image:height\" content=\"431\" \/>\n\t<meta property=\"og:image:type\" content=\"image\/png\" \/>\n<meta name=\"author\" content=\"Michele\" \/>\n<meta name=\"twitter:card\" content=\"summary_large_image\" \/>\n<meta name=\"twitter:label1\" content=\"\u00c9crit par\" \/>\n\t<meta name=\"twitter:data1\" content=\"Michele\" \/>\n\t<meta name=\"twitter:label2\" content=\"Dur\u00e9e de lecture estim\u00e9e\" \/>\n\t<meta name=\"twitter:data2\" content=\"4 minutes\" \/>\n<script type=\"application\/ld+json\" class=\"yoast-schema-graph\">{\"@context\":\"https:\\\/\\\/schema.org\",\"@graph\":[{\"@type\":\"Article\",\"@id\":\"https:\\\/\\\/www.vagadeempregorj.com.br\\\/desenrola-brasil-o-que-voce-deve-saber-sobre-o-programa-social\\\/#article\",\"isPartOf\":{\"@id\":\"https:\\\/\\\/www.vagadeempregorj.com.br\\\/desenrola-brasil-o-que-voce-deve-saber-sobre-o-programa-social\\\/\"},\"author\":{\"name\":\"Michele\",\"@id\":\"https:\\\/\\\/www.vagadeempregorj.com.br\\\/#\\\/schema\\\/person\\\/3ddb19fa0539706786e502152f3aae95\"},\"headline\":\"Desenrola Brasil: O que voc\u00ea deve saber sobre o programa social\",\"datePublished\":\"2024-05-27T18:49:28+00:00\",\"dateModified\":\"2026-02-02T20:51:23+00:00\",\"mainEntityOfPage\":{\"@id\":\"https:\\\/\\\/www.vagadeempregorj.com.br\\\/desenrola-brasil-o-que-voce-deve-saber-sobre-o-programa-social\\\/\"},\"wordCount\":829,\"image\":{\"@id\":\"https:\\\/\\\/www.vagadeempregorj.com.br\\\/desenrola-brasil-o-que-voce-deve-saber-sobre-o-programa-social\\\/#primaryimage\"},\"thumbnailUrl\":\"https:\\\/\\\/www.vagadeempregorj.com.br\\\/wp-content\\\/uploads\\\/2024\\\/05\\\/image-8.png\",\"articleSection\":[\"Economia\"],\"inLanguage\":\"fr-FR\"},{\"@type\":\"WebPage\",\"@id\":\"https:\\\/\\\/www.vagadeempregorj.com.br\\\/desenrola-brasil-o-que-voce-deve-saber-sobre-o-programa-social\\\/\",\"url\":\"https:\\\/\\\/www.vagadeempregorj.com.br\\\/desenrola-brasil-o-que-voce-deve-saber-sobre-o-programa-social\\\/\",\"name\":\"Desenrola Brasil: O que voc\u00ea deve saber sobre o programa social -\",\"isPartOf\":{\"@id\":\"https:\\\/\\\/www.vagadeempregorj.com.br\\\/#website\"},\"primaryImageOfPage\":{\"@id\":\"https:\\\/\\\/www.vagadeempregorj.com.br\\\/desenrola-brasil-o-que-voce-deve-saber-sobre-o-programa-social\\\/#primaryimage\"},\"image\":{\"@id\":\"https:\\\/\\\/www.vagadeempregorj.com.br\\\/desenrola-brasil-o-que-voce-deve-saber-sobre-o-programa-social\\\/#primaryimage\"},\"thumbnailUrl\":\"https:\\\/\\\/www.vagadeempregorj.com.br\\\/wp-content\\\/uploads\\\/2024\\\/05\\\/image-8.png\",\"datePublished\":\"2024-05-27T18:49:28+00:00\",\"dateModified\":\"2026-02-02T20:51:23+00:00\",\"author\":{\"@id\":\"https:\\\/\\\/www.vagadeempregorj.com.br\\\/#\\\/schema\\\/person\\\/3ddb19fa0539706786e502152f3aae95\"},\"description\":\"Veja em Vagas de Emprego RJ as vagas de emprego com e sem experi\u00eancia no seu Estado e Regi\u00e3o!\",\"breadcrumb\":{\"@id\":\"https:\\\/\\\/www.vagadeempregorj.com.br\\\/desenrola-brasil-o-que-voce-deve-saber-sobre-o-programa-social\\\/#breadcrumb\"},\"inLanguage\":\"fr-FR\",\"potentialAction\":[{\"@type\":\"ReadAction\",\"target\":[\"https:\\\/\\\/www.vagadeempregorj.com.br\\\/desenrola-brasil-o-que-voce-deve-saber-sobre-o-programa-social\\\/\"]}]},{\"@type\":\"ImageObject\",\"inLanguage\":\"fr-FR\",\"@id\":\"https:\\\/\\\/www.vagadeempregorj.com.br\\\/desenrola-brasil-o-que-voce-deve-saber-sobre-o-programa-social\\\/#primaryimage\",\"url\":\"https:\\\/\\\/www.vagadeempregorj.com.br\\\/wp-content\\\/uploads\\\/2024\\\/05\\\/image-8.png\",\"contentUrl\":\"https:\\\/\\\/www.vagadeempregorj.com.br\\\/wp-content\\\/uploads\\\/2024\\\/05\\\/image-8.png\",\"width\":768,\"height\":431},{\"@type\":\"BreadcrumbList\",\"@id\":\"https:\\\/\\\/www.vagadeempregorj.com.br\\\/desenrola-brasil-o-que-voce-deve-saber-sobre-o-programa-social\\\/#breadcrumb\",\"itemListElement\":[{\"@type\":\"ListItem\",\"position\":1,\"name\":\"In\u00edcio\",\"item\":\"https:\\\/\\\/www.vagadeempregorj.com.br\\\/\"},{\"@type\":\"ListItem\",\"position\":2,\"name\":\"Economia\",\"item\":\"https:\\\/\\\/www.vagadeempregorj.com.br\\\/economia\\\/\"},{\"@type\":\"ListItem\",\"position\":3,\"name\":\"Desenrola Brasil: O que voc\u00ea deve saber sobre o programa social\"}]},{\"@type\":\"WebSite\",\"@id\":\"https:\\\/\\\/www.vagadeempregorj.com.br\\\/#website\",\"url\":\"https:\\\/\\\/www.vagadeempregorj.com.br\\\/\",\"name\":\"\",\"description\":\"Conquiste Sonhos: Vagas, Benef\u00edcios e Economia para Transformar Vidas e Alcan\u00e7ar Melhorias Cotidianas\",\"potentialAction\":[{\"@type\":\"SearchAction\",\"target\":{\"@type\":\"EntryPoint\",\"urlTemplate\":\"https:\\\/\\\/www.vagadeempregorj.com.br\\\/?s={search_term_string}\"},\"query-input\":{\"@type\":\"PropertyValueSpecification\",\"valueRequired\":true,\"valueName\":\"search_term_string\"}}],\"inLanguage\":\"fr-FR\"},{\"@type\":\"Person\",\"@id\":\"https:\\\/\\\/www.vagadeempregorj.com.br\\\/#\\\/schema\\\/person\\\/3ddb19fa0539706786e502152f3aae95\",\"name\":\"Michele\",\"image\":{\"@type\":\"ImageObject\",\"inLanguage\":\"fr-FR\",\"@id\":\"https:\\\/\\\/secure.gravatar.com\\\/avatar\\\/6b0eb9d22841282815e2cd856a0061c45e1761cd54b22e952d98c4746939aa85?s=96&r=g\",\"url\":\"https:\\\/\\\/secure.gravatar.com\\\/avatar\\\/6b0eb9d22841282815e2cd856a0061c45e1761cd54b22e952d98c4746939aa85?s=96&r=g\",\"contentUrl\":\"https:\\\/\\\/secure.gravatar.com\\\/avatar\\\/6b0eb9d22841282815e2cd856a0061c45e1761cd54b22e952d98c4746939aa85?s=96&r=g\",\"caption\":\"Michele\"},\"description\":\"Formada em Letras - Portugu\u00eas\\\/ Ingl\u00eas, e idealizadora do site Escritora de Sucesso, busca expandir o conhecimento de todos com informa\u00e7\u00f5es relevantes sobre diversos assuntos, enquanto redatora. No Vaga de Emprego RJ, traz oportunidades e dicas sobre o mercado de trabalho.\",\"url\":\"https:\\\/\\\/www.vagadeempregorj.com.br\\\/fr\\\/author\\\/michele\\\/\"}]}<\/script>\n<!-- \/ Yoast SEO plugin. -->","yoast_head_json":{"title":"D\u00e9couvrez le Br\u00e9sil : ce que vous devez savoir sur le programme social -","description":"Consultez les offres d&#039;emploi \u00e0 Rio de Janeiro (RJ) pour les emplois exp\u00e9riment\u00e9s et non exp\u00e9riment\u00e9s dans votre \u00e9tat et votre r\u00e9gion\u00a0!","robots":{"index":"index","follow":"follow","max-snippet":"max-snippet:-1","max-image-preview":"max-image-preview:large","max-video-preview":"max-video-preview:-1"},"canonical":"https:\/\/www.vagadeempregorj.com.br\/fr\/decouvrez-le-bresil-ce-que-vous-devez-savoir-sur-le-programme-social\/","og_locale":"fr_FR","og_type":"article","og_title":"Desenrola Brasil: O que voc\u00ea deve saber sobre o programa social -","og_description":"Veja em Vagas de Emprego RJ as vagas de emprego com e sem experi\u00eancia no seu Estado e Regi\u00e3o!","og_url":"https:\/\/www.vagadeempregorj.com.br\/fr\/decouvrez-le-bresil-ce-que-vous-devez-savoir-sur-le-programme-social\/","article_publisher":"https:\/\/www.facebook.com\/empregobrasiloficial","article_published_time":"2024-05-27T18:49:28+00:00","article_modified_time":"2026-02-02T20:51:23+00:00","og_image":[{"width":768,"height":431,"url":"https:\/\/www.vagadeempregorj.com.br\/wp-content\/uploads\/2024\/05\/image-8.png","type":"image\/png"}],"author":"Michele","twitter_card":"summary_large_image","twitter_misc":{"\u00c9crit par":"Michele","Dur\u00e9e de lecture estim\u00e9e":"4 minutes"},"schema":{"@context":"https:\/\/schema.org","@graph":[{"@type":"Article","@id":"https:\/\/www.vagadeempregorj.com.br\/desenrola-brasil-o-que-voce-deve-saber-sobre-o-programa-social\/#article","isPartOf":{"@id":"https:\/\/www.vagadeempregorj.com.br\/desenrola-brasil-o-que-voce-deve-saber-sobre-o-programa-social\/"},"author":{"name":"Michele","@id":"https:\/\/www.vagadeempregorj.com.br\/#\/schema\/person\/3ddb19fa0539706786e502152f3aae95"},"headline":"Desenrola Brasil: O que voc\u00ea deve saber sobre o programa social","datePublished":"2024-05-27T18:49:28+00:00","dateModified":"2026-02-02T20:51:23+00:00","mainEntityOfPage":{"@id":"https:\/\/www.vagadeempregorj.com.br\/desenrola-brasil-o-que-voce-deve-saber-sobre-o-programa-social\/"},"wordCount":829,"image":{"@id":"https:\/\/www.vagadeempregorj.com.br\/desenrola-brasil-o-que-voce-deve-saber-sobre-o-programa-social\/#primaryimage"},"thumbnailUrl":"https:\/\/www.vagadeempregorj.com.br\/wp-content\/uploads\/2024\/05\/image-8.png","articleSection":["Economia"],"inLanguage":"fr-FR"},{"@type":"WebPage","@id":"https:\/\/www.vagadeempregorj.com.br\/desenrola-brasil-o-que-voce-deve-saber-sobre-o-programa-social\/","url":"https:\/\/www.vagadeempregorj.com.br\/desenrola-brasil-o-que-voce-deve-saber-sobre-o-programa-social\/","name":"D\u00e9couvrez le Br\u00e9sil : ce que vous devez savoir sur le programme social -","isPartOf":{"@id":"https:\/\/www.vagadeempregorj.com.br\/#website"},"primaryImageOfPage":{"@id":"https:\/\/www.vagadeempregorj.com.br\/desenrola-brasil-o-que-voce-deve-saber-sobre-o-programa-social\/#primaryimage"},"image":{"@id":"https:\/\/www.vagadeempregorj.com.br\/desenrola-brasil-o-que-voce-deve-saber-sobre-o-programa-social\/#primaryimage"},"thumbnailUrl":"https:\/\/www.vagadeempregorj.com.br\/wp-content\/uploads\/2024\/05\/image-8.png","datePublished":"2024-05-27T18:49:28+00:00","dateModified":"2026-02-02T20:51:23+00:00","author":{"@id":"https:\/\/www.vagadeempregorj.com.br\/#\/schema\/person\/3ddb19fa0539706786e502152f3aae95"},"description":"Consultez les offres d&#039;emploi \u00e0 Rio de Janeiro (RJ) pour les emplois exp\u00e9riment\u00e9s et non exp\u00e9riment\u00e9s dans votre \u00e9tat et votre r\u00e9gion\u00a0!","breadcrumb":{"@id":"https:\/\/www.vagadeempregorj.com.br\/desenrola-brasil-o-que-voce-deve-saber-sobre-o-programa-social\/#breadcrumb"},"inLanguage":"fr-FR","potentialAction":[{"@type":"ReadAction","target":["https:\/\/www.vagadeempregorj.com.br\/desenrola-brasil-o-que-voce-deve-saber-sobre-o-programa-social\/"]}]},{"@type":"ImageObject","inLanguage":"fr-FR","@id":"https:\/\/www.vagadeempregorj.com.br\/desenrola-brasil-o-que-voce-deve-saber-sobre-o-programa-social\/#primaryimage","url":"https:\/\/www.vagadeempregorj.com.br\/wp-content\/uploads\/2024\/05\/image-8.png","contentUrl":"https:\/\/www.vagadeempregorj.com.br\/wp-content\/uploads\/2024\/05\/image-8.png","width":768,"height":431},{"@type":"BreadcrumbList","@id":"https:\/\/www.vagadeempregorj.com.br\/desenrola-brasil-o-que-voce-deve-saber-sobre-o-programa-social\/#breadcrumb","itemListElement":[{"@type":"ListItem","position":1,"name":"In\u00edcio","item":"https:\/\/www.vagadeempregorj.com.br\/"},{"@type":"ListItem","position":2,"name":"Economia","item":"https:\/\/www.vagadeempregorj.com.br\/economia\/"},{"@type":"ListItem","position":3,"name":"Desenrola Brasil: O que voc\u00ea deve saber sobre o programa social"}]},{"@type":"WebSite","@id":"https:\/\/www.vagadeempregorj.com.br\/#website","url":"https:\/\/www.vagadeempregorj.com.br\/","name":"","description":"R\u00e9alisez vos r\u00eaves\u00a0: offres d\u2019emploi, avantages sociaux et \u00e9conomies pour transformer des vies et am\u00e9liorer votre quotidien.","potentialAction":[{"@type":"SearchAction","target":{"@type":"EntryPoint","urlTemplate":"https:\/\/www.vagadeempregorj.com.br\/?s={search_term_string}"},"query-input":{"@type":"PropertyValueSpecification","valueRequired":true,"valueName":"search_term_string"}}],"inLanguage":"fr-FR"},{"@type":"Person","@id":"https:\/\/www.vagadeempregorj.com.br\/#\/schema\/person\/3ddb19fa0539706786e502152f3aae95","name":"Michele","image":{"@type":"ImageObject","inLanguage":"fr-FR","@id":"https:\/\/secure.gravatar.com\/avatar\/6b0eb9d22841282815e2cd856a0061c45e1761cd54b22e952d98c4746939aa85?s=96&r=g","url":"https:\/\/secure.gravatar.com\/avatar\/6b0eb9d22841282815e2cd856a0061c45e1761cd54b22e952d98c4746939aa85?s=96&r=g","contentUrl":"https:\/\/secure.gravatar.com\/avatar\/6b0eb9d22841282815e2cd856a0061c45e1761cd54b22e952d98c4746939aa85?s=96&r=g","caption":"Michele"},"description":"Dipl\u00f4m\u00e9e en litt\u00e9rature portugaise et anglaise et cr\u00e9atrice du site web Escritora de Sucesso (\u00c9crivaine \u00e0 succ\u00e8s), elle souhaite, en tant qu&#039;\u00e9crivaine, enrichir les connaissances de chacun gr\u00e2ce \u00e0 des informations pertinentes sur divers sujets. Sur Vaga de Emprego RJ (Offres d&#039;emploi RJ), elle partage des opportunit\u00e9s et des conseils sur le march\u00e9 du travail.","url":"https:\/\/www.vagadeempregorj.com.br\/fr\/author\/michele\/"}]}},"_links":{"self":[{"href":"https:\/\/www.vagadeempregorj.com.br\/fr\/wp-json\/wp\/v2\/posts\/39664","targetHints":{"allow":["GET"]}}],"collection":[{"href":"https:\/\/www.vagadeempregorj.com.br\/fr\/wp-json\/wp\/v2\/posts"}],"about":[{"href":"https:\/\/www.vagadeempregorj.com.br\/fr\/wp-json\/wp\/v2\/types\/post"}],"author":[{"embeddable":true,"href":"https:\/\/www.vagadeempregorj.com.br\/fr\/wp-json\/wp\/v2\/users\/16"}],"replies":[{"embeddable":true,"href":"https:\/\/www.vagadeempregorj.com.br\/fr\/wp-json\/wp\/v2\/comments?post=39664"}],"version-history":[{"count":1,"href":"https:\/\/www.vagadeempregorj.com.br\/fr\/wp-json\/wp\/v2\/posts\/39664\/revisions"}],"predecessor-version":[{"id":44214,"href":"https:\/\/www.vagadeempregorj.com.br\/fr\/wp-json\/wp\/v2\/posts\/39664\/revisions\/44214"}],"wp:featuredmedia":[{"embeddable":true,"href":"https:\/\/www.vagadeempregorj.com.br\/fr\/wp-json\/wp\/v2\/media\/39665"}],"wp:attachment":[{"href":"https:\/\/www.vagadeempregorj.com.br\/fr\/wp-json\/wp\/v2\/media?parent=39664"}],"wp:term":[{"taxonomy":"category","embeddable":true,"href":"https:\/\/www.vagadeempregorj.com.br\/fr\/wp-json\/wp\/v2\/categories?post=39664"},{"taxonomy":"post_tag","embeddable":true,"href":"https:\/\/www.vagadeempregorj.com.br\/fr\/wp-json\/wp\/v2\/tags?post=39664"}],"curies":[{"name":"wp","href":"https:\/\/api.w.org\/{rel}","templated":true}]}}