{"id":39715,"date":"2024-06-02T21:28:11","date_gmt":"2024-06-03T00:28:11","guid":{"rendered":"https:\/\/www.vagadeempregorj.com.br\/?p=39715"},"modified":"2024-06-02T21:28:12","modified_gmt":"2024-06-03T00:28:12","slug":"vagas-de-emprego-na-bayer-conheca-as-oportunidades","status":"publish","type":"post","link":"https:\/\/www.vagadeempregorj.com.br\/fr\/vagas-de-emprego-na-bayer-conheca-as-oportunidades\/","title":{"rendered":"Vagas de emprego na Bayer: Conhe\u00e7a as oportunidades"},"content":{"rendered":"<p>A <strong>Bayer <\/strong>\u00e9 uma das empresas mais reconhecidas e respeitadas no mundo, com uma longa hist\u00f3ria de inova\u00e7\u00e3o e compromisso com a melhoria da vida humana. Fundada em 1863, a multinacional alem\u00e3 \u00e9 conhecida por seus avan\u00e7os na \u00e1rea farmac\u00eautica e agr\u00edcola, oferecendo solu\u00e7\u00f5es que v\u00e3o desde medicamentos para sa\u00fade humana e animal at\u00e9 produtos de prote\u00e7\u00e3o de cultivos.\u00a0<\/p>\n\n\n\n<h2 class=\"wp-block-heading\">Conhe\u00e7a as vagas de emprego na Bayer<\/h2>\n\n\n\n<p>A Bayer oferece uma ampla gama de oportunidades de emprego em diversas \u00e1reas, refletindo sua presen\u00e7a global e diversifica\u00e7\u00e3o de neg\u00f3cios. As vagas est\u00e3o dispon\u00edveis em departamentos como:<\/p>\n\n\n\n<h3 class=\"wp-block-heading\">Pesquisa e Desenvolvimento (P&D)<\/h3>\n\n\n\n<p>A inova\u00e7\u00e3o est\u00e1 no cora\u00e7\u00e3o da Bayer, e o setor de Pesquisa e Desenvolvimento \u00e9 essencial para manter a empresa na vanguarda cient\u00edfica. Vagas neste departamento incluem posi\u00e7\u00f5es para cientistas, pesquisadores, engenheiros qu\u00edmicos e farmac\u00eauticos, al\u00e9m de profissionais de biotecnologia. Os colaboradores dessa \u00e1rea trabalham no desenvolvimento de novos medicamentos, tratamentos e tecnologias que podem melhorar significativamente a sa\u00fade e a qualidade de vida das pessoas.<\/p>\n\n\n\n<h3 class=\"wp-block-heading\">Produ\u00e7\u00e3o e Opera\u00e7\u00f5es<\/h3>\n\n\n\n<p>A Bayer possui in\u00fameras instala\u00e7\u00f5es de produ\u00e7\u00e3o ao redor do mundo, onde produtos farmac\u00eauticos, agr\u00edcolas e de consumo s\u00e3o fabricados. As vagas neste setor incluem operadores de produ\u00e7\u00e3o, engenheiros de processos, t\u00e9cnicos de manuten\u00e7\u00e3o e especialistas em garantia de qualidade. Esses profissionais garantem que os produtos sejam fabricados com os mais altos padr\u00f5es de qualidade e efici\u00eancia.<\/p>\n\n\n\n<h3 class=\"wp-block-heading\">Marketing e Vendas<\/h3>\n\n\n\n<p>O setor de Marketing e Vendas da Bayer \u00e9 respons\u00e1vel por promover e distribuir seus produtos em mercados globais. As oportunidades de emprego nesta \u00e1rea incluem gerentes de produto, analistas de mercado, especialistas em comunica\u00e7\u00e3o e profissionais de vendas. Os colaboradores deste departamento trabalham para entender as necessidades dos clientes e desenvolver estrat\u00e9gias de mercado eficazes.<\/p>\n\n\n\n<figure class=\"wp-block-image size-large\"><img loading=\"lazy\" decoding=\"async\" width=\"1024\" height=\"683\" src=\"https:\/\/www.vagadeempregorj.com.br\/wp-content\/uploads\/2024\/06\/image-6-1024x683.png\" alt=\"\" class=\"wp-image-39716\" srcset=\"https:\/\/www.vagadeempregorj.com.br\/wp-content\/uploads\/2024\/06\/image-6-1024x683.png 1024w, https:\/\/www.vagadeempregorj.com.br\/wp-content\/uploads\/2024\/06\/image-6-300x200.png 300w, https:\/\/www.vagadeempregorj.com.br\/wp-content\/uploads\/2024\/06\/image-6-768x512.png 768w, https:\/\/www.vagadeempregorj.com.br\/wp-content\/uploads\/2024\/06\/image-6-1536x1024.png 1536w, https:\/\/www.vagadeempregorj.com.br\/wp-content\/uploads\/2024\/06\/image-6-2048x1366.png 2048w, https:\/\/www.vagadeempregorj.com.br\/wp-content\/uploads\/2024\/06\/image-6-150x100.png 150w\" sizes=\"auto, (max-width: 1024px) 100vw, 1024px\" \/><\/figure>\n\n\n\n<h3 class=\"wp-block-heading\">Finan\u00e7as e Administra\u00e7\u00e3o<\/h3>\n\n\n\n<p>Como qualquer grande empresa, a Bayer depende de uma forte equipe de finan\u00e7as e administra\u00e7\u00e3o para manter suas opera\u00e7\u00f5es funcionando sem problemas. As vagas nesta \u00e1rea incluem contadores, analistas financeiros, gerentes de projetos e especialistas em recursos humanos. Esses profissionais garantem a sustentabilidade financeira da empresa e apoiam todos os outros departamentos em suas necessidades operacionais.<\/p>\n\n\n\n<h3 class=\"wp-block-heading\">TI e Digitaliza\u00e7\u00e3o<\/h3>\n\n\n\n<p>Com a crescente import\u00e2ncia da tecnologia digital em todas as \u00e1reas de neg\u00f3cios, a Bayer est\u00e1 investindo fortemente em TI e digitaliza\u00e7\u00e3o. As vagas nesta \u00e1rea incluem desenvolvedores de software, especialistas em seguran\u00e7a da informa\u00e7\u00e3o, analistas de dados e gerentes de projetos de TI. Esses profissionais s\u00e3o fundamentais para implementar solu\u00e7\u00f5es tecnol\u00f3gicas que aumentem a efici\u00eancia e inova\u00e7\u00e3o da empresa.<\/p>\n\n\n\n<h2 class=\"wp-block-heading\">O que \u00e9 preciso para trabalhar na Bayer?<\/h2>\n\n\n\n<p>Trabalhar na Bayer requer mais do que apenas qualifica\u00e7\u00f5es t\u00e9cnicas. A empresa valoriza habilidades e caracter\u00edsticas pessoais que contribuam para um ambiente de trabalho produtivo e inovador. Aqui est\u00e3o alguns dos requisitos e qualidades que a Bayer procura em seus candidatos:<\/p>\n\n\n\n<h3 class=\"wp-block-heading\">Qualifica\u00e7\u00f5es T\u00e9cnicas<\/h3>\n\n\n\n<p>Dependendo da vaga, a Bayer exige diferentes n\u00edveis de forma\u00e7\u00e3o e experi\u00eancia. Para posi\u00e7\u00f5es em Pesquisa e Desenvolvimento, por exemplo, \u00e9 comum que se exija um diploma avan\u00e7ado (mestrado ou doutorado) em \u00e1reas como qu\u00edmica, biologia, farmacologia ou engenharia. Para vagas em Produ\u00e7\u00e3o e Opera\u00e7\u00f5es, um diploma t\u00e9cnico ou gradua\u00e7\u00e3o em engenharia pode ser necess\u00e1rio.<\/p>\n\n\n\n<h3 class=\"wp-block-heading\">Habilidades Pessoais<\/h3>\n\n\n\n<p>A Bayer valoriza habilidades interpessoais e comportamentais, como trabalho em equipe, comunica\u00e7\u00e3o eficaz e capacidade de resolu\u00e7\u00e3o de problemas. A empresa busca profissionais que sejam proativos, inovadores e capazes de trabalhar em um ambiente din\u00e2mico e desafiador.<\/p>\n\n\n\n<h3 class=\"wp-block-heading\">Alinhamento com os Valores da Empresa<\/h3>\n\n\n\n<p>A Bayer tem um forte compromisso com a sustentabilidade, a \u00e9tica e a responsabilidade social. Portanto, \u00e9 importante que os candidatos compartilhem desses valores e estejam dispostos a contribuir para a miss\u00e3o da empresa de &#8220;Ci\u00eancia para uma vida melhor&#8221;.<\/p>\n\n\n\n<h3 class=\"wp-block-heading\">Idiomas<\/h3>\n\n\n\n<p>Dado o car\u00e1ter global da Bayer, o conhecimento de idiomas, especialmente o ingl\u00eas, \u00e9 frequentemente um requisito. Para algumas posi\u00e7\u00f5es, a flu\u00eancia em outras l\u00ednguas pode ser um diferencial importante.<\/p>\n\n\n\n<h2 class=\"wp-block-heading\">Como se candidatar?<\/h2>\n\n\n\n<p>O processo de candidatura para uma vaga na Bayer \u00e9 bastante estruturado e pode ser realizado online atrav\u00e9s do <a href=\"https:\/\/www.bayer.com.br\/pt\/br\/career\/home\"><strong>site oficial da empresa<\/strong><\/a>.&nbsp;<\/p>\n\n\n\n<p>O primeiro passo \u00e9 acessar o site de carreiras da Bayer e pesquisar as vagas dispon\u00edveis. Voc\u00ea pode filtrar as oportunidades por localiza\u00e7\u00e3o, \u00e1rea de interesse e n\u00edvel de experi\u00eancia.<\/p>\n\n\n\n<p>Ap\u00f3s encontrar uma vaga de interesse, voc\u00ea pode clicar nela para ver mais detalhes e iniciar o processo de candidatura. Ser\u00e1 necess\u00e1rio criar um perfil no site, onde voc\u00ea poder\u00e1 preencher suas informa\u00e7\u00f5es pessoais, educacionais e profissionais. Al\u00e9m disso, ser\u00e1 solicitado que voc\u00ea envie seu curr\u00edculo e, em alguns casos, uma carta de apresenta\u00e7\u00e3o.<\/p>\n\n\n\n<p>Se sua candidatura for selecionada, o pr\u00f3ximo passo ser\u00e1 participar do processo seletivo, que pode incluir v\u00e1rias etapas, como entrevistas (presenciais ou virtuais), testes t\u00e9cnicos e avalia\u00e7\u00f5es comportamentais. A Bayer valoriza a transpar\u00eancia e a comunica\u00e7\u00e3o durante o processo seletivo, ent\u00e3o voc\u00ea pode esperar receber feedback em cada etapa.<\/p>\n\n\n\n<h2 class=\"wp-block-heading\">Candidate-se na Bayer!<\/h2>\n\n\n\n<p>A Bayer oferece uma vasta gama de oportunidades de carreira para profissionais de diversas \u00e1reas e n\u00edveis de experi\u00eancia. Trabalhar na Bayer n\u00e3o \u00e9 apenas uma chance de desenvolver sua carreira em uma empresa l\u00edder global, mas tamb\u00e9m de fazer parte de uma miss\u00e3o maior de melhorar a vida das pessoas atrav\u00e9s da ci\u00eancia e inova\u00e7\u00e3o.&nbsp;<\/p>\n\n\n\n<p>Se voc\u00ea possui as qualifica\u00e7\u00f5es e valores que a Bayer procura, n\u00e3o hesite em explorar as vagas dispon\u00edveis e candidatar-se. Quem sabe, a pr\u00f3xima grande inova\u00e7\u00e3o da Bayer pode ser desenvolvida com sua ajuda!<\/p>\n\n\n\n<p><strong>Veja tamb\u00e9m: <a href=\"https:\/\/www.vagadeempregorj.com.br\/fr\/brf-abre-novas-vagas-de-emprego-pelo-brasil\/\">BRF abre NOVAS vagas de emprego pelo Brasil<\/a><\/strong><\/p>\n\n\n\n<p>02 de junho de 2024<\/p>","protected":false},"excerpt":{"rendered":"<p>A Bayer \u00e9 uma das empresas mais reconhecidas e respeitadas no mundo, com uma longa hist\u00f3ria de inova\u00e7\u00e3o e compromisso com a melhoria da vida humana. Fundada em 1863, a multinacional alem\u00e3 \u00e9 conhecida por seus avan\u00e7os na \u00e1rea farmac\u00eautica e agr\u00edcola, oferecendo solu\u00e7\u00f5es que v\u00e3o desde medicamentos para sa\u00fade humana e animal at\u00e9 produtos&hellip;&nbsp;<\/p>","protected":false},"author":16,"featured_media":39716,"comment_status":"closed","ping_status":"closed","sticky":false,"template":"","format":"standard","meta":{"neve_meta_sidebar":"","neve_meta_container":"","neve_meta_enable_content_width":"","neve_meta_content_width":0,"neve_meta_title_alignment":"","neve_meta_author_avatar":"","neve_post_elements_order":"","neve_meta_disable_header":"","neve_meta_disable_footer":"","neve_meta_disable_title":"","footnotes":""},"categories":[123],"tags":[],"class_list":["post-39715","post","type-post","status-publish","format-standard","has-post-thumbnail","hentry","category-vagas-de-emprego-nacionais"],"yoast_head":"<!-- This site is optimized with the Yoast SEO plugin v27.5 - https:\/\/yoast.com\/product\/yoast-seo-wordpress\/ -->\n<title>Vagas de emprego na Bayer: Conhe\u00e7a as oportunidades -<\/title>\n<meta name=\"description\" content=\"Veja em Vagas de Emprego RJ as vagas de emprego com e sem experi\u00eancia no seu Estado e Regi\u00e3o!\" \/>\n<meta name=\"robots\" content=\"index, follow, max-snippet:-1, max-image-preview:large, max-video-preview:-1\" \/>\n<link rel=\"canonical\" href=\"https:\/\/www.vagadeempregorj.com.br\/fr\/vagas-de-emprego-na-bayer-conheca-as-oportunidades\/\" \/>\n<meta property=\"og:locale\" content=\"fr_FR\" \/>\n<meta property=\"og:type\" content=\"article\" \/>\n<meta property=\"og:title\" content=\"Vagas de emprego na Bayer: Conhe\u00e7a as oportunidades -\" \/>\n<meta property=\"og:description\" content=\"Veja em Vagas de Emprego RJ as vagas de emprego com e sem experi\u00eancia no seu Estado e Regi\u00e3o!\" \/>\n<meta property=\"og:url\" content=\"https:\/\/www.vagadeempregorj.com.br\/fr\/vagas-de-emprego-na-bayer-conheca-as-oportunidades\/\" \/>\n<meta property=\"article:publisher\" content=\"https:\/\/www.facebook.com\/empregobrasiloficial\" \/>\n<meta property=\"article:published_time\" content=\"2024-06-03T00:28:11+00:00\" \/>\n<meta property=\"article:modified_time\" content=\"2024-06-03T00:28:12+00:00\" \/>\n<meta property=\"og:image\" content=\"https:\/\/www.vagadeempregorj.com.br\/wp-content\/uploads\/2024\/06\/image-6-1024x683.png\" \/>\n\t<meta property=\"og:image:width\" content=\"1024\" \/>\n\t<meta property=\"og:image:height\" content=\"683\" \/>\n\t<meta property=\"og:image:type\" content=\"image\/png\" \/>\n<meta name=\"author\" content=\"Michele\" \/>\n<meta name=\"twitter:card\" content=\"summary_large_image\" \/>\n<meta name=\"twitter:label1\" content=\"\u00c9crit par\" \/>\n\t<meta name=\"twitter:data1\" content=\"Michele\" \/>\n\t<meta name=\"twitter:label2\" content=\"Dur\u00e9e de lecture estim\u00e9e\" \/>\n\t<meta name=\"twitter:data2\" content=\"5 minutes\" \/>\n<script type=\"application\/ld+json\" class=\"yoast-schema-graph\">{\"@context\":\"https:\\\/\\\/schema.org\",\"@graph\":[{\"@type\":\"Article\",\"@id\":\"https:\\\/\\\/www.vagadeempregorj.com.br\\\/vagas-de-emprego-na-bayer-conheca-as-oportunidades\\\/#article\",\"isPartOf\":{\"@id\":\"https:\\\/\\\/www.vagadeempregorj.com.br\\\/vagas-de-emprego-na-bayer-conheca-as-oportunidades\\\/\"},\"author\":{\"name\":\"Michele\",\"@id\":\"https:\\\/\\\/www.vagadeempregorj.com.br\\\/#\\\/schema\\\/person\\\/3ddb19fa0539706786e502152f3aae95\"},\"headline\":\"Vagas de emprego na Bayer: Conhe\u00e7a as oportunidades\",\"datePublished\":\"2024-06-03T00:28:11+00:00\",\"dateModified\":\"2024-06-03T00:28:12+00:00\",\"mainEntityOfPage\":{\"@id\":\"https:\\\/\\\/www.vagadeempregorj.com.br\\\/vagas-de-emprego-na-bayer-conheca-as-oportunidades\\\/\"},\"wordCount\":1008,\"image\":{\"@id\":\"https:\\\/\\\/www.vagadeempregorj.com.br\\\/vagas-de-emprego-na-bayer-conheca-as-oportunidades\\\/#primaryimage\"},\"thumbnailUrl\":\"https:\\\/\\\/www.vagadeempregorj.com.br\\\/wp-content\\\/uploads\\\/2024\\\/06\\\/image-6.png\",\"articleSection\":[\"Vagas de Emprego Nacionais\"],\"inLanguage\":\"fr-FR\"},{\"@type\":\"WebPage\",\"@id\":\"https:\\\/\\\/www.vagadeempregorj.com.br\\\/vagas-de-emprego-na-bayer-conheca-as-oportunidades\\\/\",\"url\":\"https:\\\/\\\/www.vagadeempregorj.com.br\\\/vagas-de-emprego-na-bayer-conheca-as-oportunidades\\\/\",\"name\":\"Vagas de emprego na Bayer: Conhe\u00e7a as oportunidades -\",\"isPartOf\":{\"@id\":\"https:\\\/\\\/www.vagadeempregorj.com.br\\\/#website\"},\"primaryImageOfPage\":{\"@id\":\"https:\\\/\\\/www.vagadeempregorj.com.br\\\/vagas-de-emprego-na-bayer-conheca-as-oportunidades\\\/#primaryimage\"},\"image\":{\"@id\":\"https:\\\/\\\/www.vagadeempregorj.com.br\\\/vagas-de-emprego-na-bayer-conheca-as-oportunidades\\\/#primaryimage\"},\"thumbnailUrl\":\"https:\\\/\\\/www.vagadeempregorj.com.br\\\/wp-content\\\/uploads\\\/2024\\\/06\\\/image-6.png\",\"datePublished\":\"2024-06-03T00:28:11+00:00\",\"dateModified\":\"2024-06-03T00:28:12+00:00\",\"author\":{\"@id\":\"https:\\\/\\\/www.vagadeempregorj.com.br\\\/#\\\/schema\\\/person\\\/3ddb19fa0539706786e502152f3aae95\"},\"description\":\"Veja em Vagas de Emprego RJ as vagas de emprego com e sem experi\u00eancia no seu Estado e Regi\u00e3o!\",\"breadcrumb\":{\"@id\":\"https:\\\/\\\/www.vagadeempregorj.com.br\\\/vagas-de-emprego-na-bayer-conheca-as-oportunidades\\\/#breadcrumb\"},\"inLanguage\":\"fr-FR\",\"potentialAction\":[{\"@type\":\"ReadAction\",\"target\":[\"https:\\\/\\\/www.vagadeempregorj.com.br\\\/vagas-de-emprego-na-bayer-conheca-as-oportunidades\\\/\"]}]},{\"@type\":\"ImageObject\",\"inLanguage\":\"fr-FR\",\"@id\":\"https:\\\/\\\/www.vagadeempregorj.com.br\\\/vagas-de-emprego-na-bayer-conheca-as-oportunidades\\\/#primaryimage\",\"url\":\"https:\\\/\\\/www.vagadeempregorj.com.br\\\/wp-content\\\/uploads\\\/2024\\\/06\\\/image-6.png\",\"contentUrl\":\"https:\\\/\\\/www.vagadeempregorj.com.br\\\/wp-content\\\/uploads\\\/2024\\\/06\\\/image-6.png\",\"width\":4000,\"height\":2667},{\"@type\":\"BreadcrumbList\",\"@id\":\"https:\\\/\\\/www.vagadeempregorj.com.br\\\/vagas-de-emprego-na-bayer-conheca-as-oportunidades\\\/#breadcrumb\",\"itemListElement\":[{\"@type\":\"ListItem\",\"position\":1,\"name\":\"In\u00edcio\",\"item\":\"https:\\\/\\\/www.vagadeempregorj.com.br\\\/\"},{\"@type\":\"ListItem\",\"position\":2,\"name\":\"Vagas de Emprego Nacionais\",\"item\":\"https:\\\/\\\/www.vagadeempregorj.com.br\\\/vagas-de-emprego-nacionais\\\/\"},{\"@type\":\"ListItem\",\"position\":3,\"name\":\"Vagas de emprego na Bayer: Conhe\u00e7a as oportunidades\"}]},{\"@type\":\"WebSite\",\"@id\":\"https:\\\/\\\/www.vagadeempregorj.com.br\\\/#website\",\"url\":\"https:\\\/\\\/www.vagadeempregorj.com.br\\\/\",\"name\":\"\",\"description\":\"Conquiste Sonhos: Vagas, Benef\u00edcios e Economia para Transformar Vidas e Alcan\u00e7ar Melhorias Cotidianas\",\"potentialAction\":[{\"@type\":\"SearchAction\",\"target\":{\"@type\":\"EntryPoint\",\"urlTemplate\":\"https:\\\/\\\/www.vagadeempregorj.com.br\\\/?s={search_term_string}\"},\"query-input\":{\"@type\":\"PropertyValueSpecification\",\"valueRequired\":true,\"valueName\":\"search_term_string\"}}],\"inLanguage\":\"fr-FR\"},{\"@type\":\"Person\",\"@id\":\"https:\\\/\\\/www.vagadeempregorj.com.br\\\/#\\\/schema\\\/person\\\/3ddb19fa0539706786e502152f3aae95\",\"name\":\"Michele\",\"image\":{\"@type\":\"ImageObject\",\"inLanguage\":\"fr-FR\",\"@id\":\"https:\\\/\\\/secure.gravatar.com\\\/avatar\\\/6b0eb9d22841282815e2cd856a0061c45e1761cd54b22e952d98c4746939aa85?s=96&r=g\",\"url\":\"https:\\\/\\\/secure.gravatar.com\\\/avatar\\\/6b0eb9d22841282815e2cd856a0061c45e1761cd54b22e952d98c4746939aa85?s=96&r=g\",\"contentUrl\":\"https:\\\/\\\/secure.gravatar.com\\\/avatar\\\/6b0eb9d22841282815e2cd856a0061c45e1761cd54b22e952d98c4746939aa85?s=96&r=g\",\"caption\":\"Michele\"},\"description\":\"Formada em Letras - Portugu\u00eas\\\/ Ingl\u00eas, e idealizadora do site Escritora de Sucesso, busca expandir o conhecimento de todos com informa\u00e7\u00f5es relevantes sobre diversos assuntos, enquanto redatora. No Vaga de Emprego RJ, traz oportunidades e dicas sobre o mercado de trabalho.\",\"url\":\"https:\\\/\\\/www.vagadeempregorj.com.br\\\/fr\\\/author\\\/michele\\\/\"}]}<\/script>\n<!-- \/ Yoast SEO plugin. -->","yoast_head_json":{"title":"Vagas de emprego na Bayer: Conhe\u00e7a as oportunidades -","description":"Veja em Vagas de Emprego RJ as vagas de emprego com e sem experi\u00eancia no seu Estado e Regi\u00e3o!","robots":{"index":"index","follow":"follow","max-snippet":"max-snippet:-1","max-image-preview":"max-image-preview:large","max-video-preview":"max-video-preview:-1"},"canonical":"https:\/\/www.vagadeempregorj.com.br\/fr\/vagas-de-emprego-na-bayer-conheca-as-oportunidades\/","og_locale":"fr_FR","og_type":"article","og_title":"Vagas de emprego na Bayer: Conhe\u00e7a as oportunidades -","og_description":"Veja em Vagas de Emprego RJ as vagas de emprego com e sem experi\u00eancia no seu Estado e Regi\u00e3o!","og_url":"https:\/\/www.vagadeempregorj.com.br\/fr\/vagas-de-emprego-na-bayer-conheca-as-oportunidades\/","article_publisher":"https:\/\/www.facebook.com\/empregobrasiloficial","article_published_time":"2024-06-03T00:28:11+00:00","article_modified_time":"2024-06-03T00:28:12+00:00","og_image":[{"width":1024,"height":683,"url":"https:\/\/www.vagadeempregorj.com.br\/wp-content\/uploads\/2024\/06\/image-6-1024x683.png","type":"image\/png"}],"author":"Michele","twitter_card":"summary_large_image","twitter_misc":{"\u00c9crit par":"Michele","Dur\u00e9e de lecture estim\u00e9e":"5 minutes"},"schema":{"@context":"https:\/\/schema.org","@graph":[{"@type":"Article","@id":"https:\/\/www.vagadeempregorj.com.br\/vagas-de-emprego-na-bayer-conheca-as-oportunidades\/#article","isPartOf":{"@id":"https:\/\/www.vagadeempregorj.com.br\/vagas-de-emprego-na-bayer-conheca-as-oportunidades\/"},"author":{"name":"Michele","@id":"https:\/\/www.vagadeempregorj.com.br\/#\/schema\/person\/3ddb19fa0539706786e502152f3aae95"},"headline":"Vagas de emprego na Bayer: Conhe\u00e7a as oportunidades","datePublished":"2024-06-03T00:28:11+00:00","dateModified":"2024-06-03T00:28:12+00:00","mainEntityOfPage":{"@id":"https:\/\/www.vagadeempregorj.com.br\/vagas-de-emprego-na-bayer-conheca-as-oportunidades\/"},"wordCount":1008,"image":{"@id":"https:\/\/www.vagadeempregorj.com.br\/vagas-de-emprego-na-bayer-conheca-as-oportunidades\/#primaryimage"},"thumbnailUrl":"https:\/\/www.vagadeempregorj.com.br\/wp-content\/uploads\/2024\/06\/image-6.png","articleSection":["Vagas de Emprego Nacionais"],"inLanguage":"fr-FR"},{"@type":"WebPage","@id":"https:\/\/www.vagadeempregorj.com.br\/vagas-de-emprego-na-bayer-conheca-as-oportunidades\/","url":"https:\/\/www.vagadeempregorj.com.br\/vagas-de-emprego-na-bayer-conheca-as-oportunidades\/","name":"Vagas de emprego na Bayer: Conhe\u00e7a as oportunidades -","isPartOf":{"@id":"https:\/\/www.vagadeempregorj.com.br\/#website"},"primaryImageOfPage":{"@id":"https:\/\/www.vagadeempregorj.com.br\/vagas-de-emprego-na-bayer-conheca-as-oportunidades\/#primaryimage"},"image":{"@id":"https:\/\/www.vagadeempregorj.com.br\/vagas-de-emprego-na-bayer-conheca-as-oportunidades\/#primaryimage"},"thumbnailUrl":"https:\/\/www.vagadeempregorj.com.br\/wp-content\/uploads\/2024\/06\/image-6.png","datePublished":"2024-06-03T00:28:11+00:00","dateModified":"2024-06-03T00:28:12+00:00","author":{"@id":"https:\/\/www.vagadeempregorj.com.br\/#\/schema\/person\/3ddb19fa0539706786e502152f3aae95"},"description":"Veja em Vagas de Emprego RJ as vagas de emprego com e sem experi\u00eancia no seu Estado e Regi\u00e3o!","breadcrumb":{"@id":"https:\/\/www.vagadeempregorj.com.br\/vagas-de-emprego-na-bayer-conheca-as-oportunidades\/#breadcrumb"},"inLanguage":"fr-FR","potentialAction":[{"@type":"ReadAction","target":["https:\/\/www.vagadeempregorj.com.br\/vagas-de-emprego-na-bayer-conheca-as-oportunidades\/"]}]},{"@type":"ImageObject","inLanguage":"fr-FR","@id":"https:\/\/www.vagadeempregorj.com.br\/vagas-de-emprego-na-bayer-conheca-as-oportunidades\/#primaryimage","url":"https:\/\/www.vagadeempregorj.com.br\/wp-content\/uploads\/2024\/06\/image-6.png","contentUrl":"https:\/\/www.vagadeempregorj.com.br\/wp-content\/uploads\/2024\/06\/image-6.png","width":4000,"height":2667},{"@type":"BreadcrumbList","@id":"https:\/\/www.vagadeempregorj.com.br\/vagas-de-emprego-na-bayer-conheca-as-oportunidades\/#breadcrumb","itemListElement":[{"@type":"ListItem","position":1,"name":"In\u00edcio","item":"https:\/\/www.vagadeempregorj.com.br\/"},{"@type":"ListItem","position":2,"name":"Vagas de Emprego Nacionais","item":"https:\/\/www.vagadeempregorj.com.br\/vagas-de-emprego-nacionais\/"},{"@type":"ListItem","position":3,"name":"Vagas de emprego na Bayer: Conhe\u00e7a as oportunidades"}]},{"@type":"WebSite","@id":"https:\/\/www.vagadeempregorj.com.br\/#website","url":"https:\/\/www.vagadeempregorj.com.br\/","name":"","description":"Conquiste Sonhos: Vagas, Benef\u00edcios e Economia para Transformar Vidas e Alcan\u00e7ar Melhorias Cotidianas","potentialAction":[{"@type":"SearchAction","target":{"@type":"EntryPoint","urlTemplate":"https:\/\/www.vagadeempregorj.com.br\/?s={search_term_string}"},"query-input":{"@type":"PropertyValueSpecification","valueRequired":true,"valueName":"search_term_string"}}],"inLanguage":"fr-FR"},{"@type":"Person","@id":"https:\/\/www.vagadeempregorj.com.br\/#\/schema\/person\/3ddb19fa0539706786e502152f3aae95","name":"Michele","image":{"@type":"ImageObject","inLanguage":"fr-FR","@id":"https:\/\/secure.gravatar.com\/avatar\/6b0eb9d22841282815e2cd856a0061c45e1761cd54b22e952d98c4746939aa85?s=96&r=g","url":"https:\/\/secure.gravatar.com\/avatar\/6b0eb9d22841282815e2cd856a0061c45e1761cd54b22e952d98c4746939aa85?s=96&r=g","contentUrl":"https:\/\/secure.gravatar.com\/avatar\/6b0eb9d22841282815e2cd856a0061c45e1761cd54b22e952d98c4746939aa85?s=96&r=g","caption":"Michele"},"description":"Formada em Letras - Portugu\u00eas\/ Ingl\u00eas, e idealizadora do site Escritora de Sucesso, busca expandir o conhecimento de todos com informa\u00e7\u00f5es relevantes sobre diversos assuntos, enquanto redatora. No Vaga de Emprego RJ, traz oportunidades e dicas sobre o mercado de trabalho.","url":"https:\/\/www.vagadeempregorj.com.br\/fr\/author\/michele\/"}]}},"_links":{"self":[{"href":"https:\/\/www.vagadeempregorj.com.br\/fr\/wp-json\/wp\/v2\/posts\/39715","targetHints":{"allow":["GET"]}}],"collection":[{"href":"https:\/\/www.vagadeempregorj.com.br\/fr\/wp-json\/wp\/v2\/posts"}],"about":[{"href":"https:\/\/www.vagadeempregorj.com.br\/fr\/wp-json\/wp\/v2\/types\/post"}],"author":[{"embeddable":true,"href":"https:\/\/www.vagadeempregorj.com.br\/fr\/wp-json\/wp\/v2\/users\/16"}],"replies":[{"embeddable":true,"href":"https:\/\/www.vagadeempregorj.com.br\/fr\/wp-json\/wp\/v2\/comments?post=39715"}],"version-history":[{"count":0,"href":"https:\/\/www.vagadeempregorj.com.br\/fr\/wp-json\/wp\/v2\/posts\/39715\/revisions"}],"wp:featuredmedia":[{"embeddable":true,"href":"https:\/\/www.vagadeempregorj.com.br\/fr\/wp-json\/wp\/v2\/media\/39716"}],"wp:attachment":[{"href":"https:\/\/www.vagadeempregorj.com.br\/fr\/wp-json\/wp\/v2\/media?parent=39715"}],"wp:term":[{"taxonomy":"category","embeddable":true,"href":"https:\/\/www.vagadeempregorj.com.br\/fr\/wp-json\/wp\/v2\/categories?post=39715"},{"taxonomy":"post_tag","embeddable":true,"href":"https:\/\/www.vagadeempregorj.com.br\/fr\/wp-json\/wp\/v2\/tags?post=39715"}],"curies":[{"name":"wp","href":"https:\/\/api.w.org\/{rel}","templated":true}]}}