{"id":39790,"date":"2024-06-19T06:00:00","date_gmt":"2024-06-19T09:00:00","guid":{"rendered":"https:\/\/www.vagadeempregorj.com.br\/?p=39790"},"modified":"2025-07-20T13:55:48","modified_gmt":"2025-07-20T16:55:48","slug":"vagas-de-emprego-em-mercado-6-opcoes-para-enviar-curriculo","status":"publish","type":"post","link":"https:\/\/www.vagadeempregorj.com.br\/fr\/vagas-de-emprego-em-mercado-6-opcoes-para-enviar-curriculo\/","title":{"rendered":"Vagas de emprego em mercado: 6 op\u00e7\u00f5es para enviar curr\u00edculo"},"content":{"rendered":"<p>Os mercados, seja de pequeno, m\u00e9dio ou grande porte, s\u00e3o uma parte essencial do dia a dia de milh\u00f5es de pessoas. Para garantir que tudo funcione corretamente, essas empresas precisam de uma equipe dedicada e eficiente. Se voc\u00ea est\u00e1 procurando uma oportunidade de trabalho em um mercado, saiba que h\u00e1 diversas op\u00e7\u00f5es dispon\u00edveis.&nbsp;<\/p>\n\n\n\n<h2 class=\"wp-block-heading\">1. P\u00e3o de A\u00e7\u00facar<\/h2>\n\n\n\n<p>O P\u00e3o de A\u00e7\u00facar \u00e9 uma das maiores redes de supermercados do Brasil, conhecida por oferecer uma ampla variedade de produtos e servi\u00e7os de qualidade. A empresa est\u00e1 sempre em busca de profissionais comprometidos para compor suas equipes nas mais variadas fun\u00e7\u00f5es, desde caixas e repositores at\u00e9 cargos administrativos e de gest\u00e3o.<\/p>\n\n\n\n<p>Para se candidatar a uma vaga no P\u00e3o de A\u00e7\u00facar, voc\u00ea deve acessar o site oficial da empresa e procurar pela se\u00e7\u00e3o <a href=\"https:\/\/www.gpabr.com\/trabalhe-conosco\/\">Trabalhe Conosco<\/a>. L\u00e1, voc\u00ea encontrar\u00e1 informa\u00e7\u00f5es sobre as vagas dispon\u00edveis e poder\u00e1 cadastrar seu curr\u00edculo diretamente na plataforma. Al\u00e9m disso, a empresa costuma realizar processos seletivos peri\u00f3dicos, ent\u00e3o \u00e9 importante ficar atento \u00e0s atualiza\u00e7\u00f5es.<\/p>\n\n\n\n<h2 class=\"wp-block-heading\">2. Carrefour<\/h2>\n\n\n\n<p>Outra gigante do setor \u00e9 o Carrefour, que tamb\u00e9m oferece in\u00fameras oportunidades de emprego em suas lojas espalhadas por todo o pa\u00eds. A empresa valoriza a diversidade e a inclus\u00e3o, buscando sempre profissionais que queiram crescer e se desenvolver junto com a marca.<\/p>\n\n\n\n<p>No <a href=\"https:\/\/www.carrefour.com.br\/trabalhe-conosco\">site do Carrefour<\/a>, voc\u00ea encontrar\u00e1 a \u00e1rea dedicada a carreiras, onde \u00e9 poss\u00edvel visualizar as vagas abertas e cadastrar seu curr\u00edculo. O processo de candidatura \u00e9 simples e feito totalmente online, o que facilita a participa\u00e7\u00e3o de candidatos de diversas regi\u00f5es.<\/p>\n\n\n\n<h2 class=\"wp-block-heading\">3. Assa\u00ed Atacadista<\/h2>\n\n\n\n<p>Especializada em vendas no atacado, o Assa\u00ed Atacadista \u00e9 uma excelente op\u00e7\u00e3o para quem busca estabilidade e crescimento profissional. A empresa est\u00e1 constantemente expandindo suas opera\u00e7\u00f5es, o que gera novas oportunidades de emprego em diversas \u00e1reas.<\/p>\n\n\n\n<p>Para enviar seu curr\u00edculo ao Assa\u00ed, acesse o site oficial e v\u00e1 at\u00e9 a se\u00e7\u00e3o <a href=\"https:\/\/www.assai.com.br\/trabalhe-conosco\">Trabalhe Conosco<\/a>. L\u00e1, voc\u00ea pode se inscrever para as vagas que est\u00e3o em aberto ou cadastrar seu curr\u00edculo para futuras oportunidades. O Assa\u00ed tamb\u00e9m realiza programas de treinamento e desenvolvimento para seus colaboradores, proporcionando um ambiente de trabalho din\u00e2mico e desafiador.<\/p>\n\n\n\n<h2 class=\"wp-block-heading\">4. Grupo Big<\/h2>\n\n\n\n<p>O Grupo Big, anteriormente conhecido como Walmart Brasil, opera v\u00e1rias marcas de supermercados e hipermercados no pa\u00eds, como Big, Bompre\u00e7o e Nacional. A empresa oferece diversas oportunidades de emprego, desde fun\u00e7\u00f5es operacionais at\u00e9 cargos de lideran\u00e7a.<\/p>\n\n\n\n<p>Para se candidatar, visite o site do Grupo Big e acesse a \u00e1rea de carreiras. L\u00e1, voc\u00ea pode buscar por vagas de acordo com sua localidade e \u00e1rea de interesse, al\u00e9m de cadastrar seu curr\u00edculo para ser considerado em processos seletivos futuros.<\/p>\n\n\n\n<h2 class=\"wp-block-heading\">5. Extra<\/h2>\n\n\n\n<p>Parte do Grupo P\u00e3o de A\u00e7\u00facar, o Extra \u00e9 outra grande rede de supermercados que oferece in\u00fameras oportunidades de emprego. A empresa valoriza a excel\u00eancia no atendimento e a qualidade de seus produtos, buscando profissionais que compartilhem desses valores.<\/p>\n\n\n\n<p>O processo de candidatura para o Extra \u00e9 feito pelo mesmo portal do P\u00e3o de A\u00e7\u00facar. Acesse a se\u00e7\u00e3o <a href=\"https:\/\/www.gpabr.com\/trabalhe-conosco\/\">Trabalhe Conosco<\/a>, escolha a marca Extra e veja as vagas dispon\u00edveis. Cadastre seu curr\u00edculo e acompanhe as oportunidades que surgirem.<\/p>\n\n\n\n<h2 class=\"wp-block-heading\">6. Atacad\u00e3o<\/h2>\n\n\n\n<p>O Atacad\u00e3o \u00e9 uma das maiores redes de atacado do Brasil e faz parte do Grupo Carrefour. Com um modelo de neg\u00f3cio voltado para o com\u00e9rcio em grande escala, a empresa est\u00e1 sempre \u00e0 procura de novos talentos para integrar suas equipes.<\/p>\n\n\n\n<p>Para se candidatar a uma vaga no Atacad\u00e3o, voc\u00ea deve acessar o <a href=\"https:\/\/www.atacadao.com.br\/institucional\/trabalhe-conosco\">site do Carrefour<\/a> e procurar pela se\u00e7\u00e3o de carreiras. L\u00e1, voc\u00ea encontrar\u00e1 as vagas dispon\u00edveis no Atacad\u00e3o e poder\u00e1 enviar seu curr\u00edculo de forma pr\u00e1tica e r\u00e1pida.<\/p>\n\n\n\n<h2 class=\"wp-block-heading\">Encontre a melhor oportunidade em mercados!<\/h2>\n\n\n\n<p>Os mercados s\u00e3o uma excelente oportunidade para quem busca um emprego est\u00e1vel e com possibilidades de crescimento. Com diversas redes espalhadas pelo pa\u00eds, as op\u00e7\u00f5es s\u00e3o variadas e acess\u00edveis.&nbsp;<\/p>\n\n\n\n<p>Cada uma das empresas mencionadas possui um processo de candidatura online, o que facilita a participa\u00e7\u00e3o de candidatos de diferentes regi\u00f5es. N\u00e3o deixe de acessar os sites oficiais e cadastrar seu curr\u00edculo. Boa sorte na sua busca por uma nova oportunidade de trabalho!<\/p>\n\n\n\n<p><strong>Veja tamb\u00e9m: <a href=\"https:\/\/www.vagadeempregorj.com.br\/fr\/unimed-tem-vagas-de-emprego-abertas-pelo-pais-veja-os-cargos\/\">Unimed tem vagas de emprego abertas pelo pa\u00eds; veja os cargos<\/a><\/strong><\/p>\n\n\n\n<p>19 de junho de 2024<\/p>","protected":false},"excerpt":{"rendered":"<p>Os mercados, seja de pequeno, m\u00e9dio ou grande porte, s\u00e3o uma parte essencial do dia a dia de milh\u00f5es de pessoas. Para garantir que tudo funcione corretamente, essas empresas precisam de uma equipe dedicada e eficiente. Se voc\u00ea est\u00e1 procurando uma oportunidade de trabalho em um mercado, saiba que h\u00e1 diversas op\u00e7\u00f5es dispon\u00edveis.&nbsp; 1. P\u00e3o&hellip;&nbsp;<\/p>","protected":false},"author":16,"featured_media":39796,"comment_status":"closed","ping_status":"closed","sticky":false,"template":"","format":"standard","meta":{"neve_meta_sidebar":"","neve_meta_container":"","neve_meta_enable_content_width":"","neve_meta_content_width":0,"neve_meta_title_alignment":"","neve_meta_author_avatar":"","neve_post_elements_order":"","neve_meta_disable_header":"","neve_meta_disable_footer":"","neve_meta_disable_title":"","footnotes":""},"categories":[123],"tags":[830,608],"class_list":["post-39790","post","type-post","status-publish","format-standard","has-post-thumbnail","hentry","category-vagas-de-emprego-nacionais","tag-empregos","tag-oportunidades"],"yoast_head":"<!-- This site is optimized with the Yoast SEO plugin v27.5 - https:\/\/yoast.com\/product\/yoast-seo-wordpress\/ -->\n<title>Vagas de emprego em mercado: 6 op\u00e7\u00f5es para enviar curr\u00edculo -<\/title>\n<meta name=\"description\" content=\"Veja em Vagas de Emprego RJ as vagas de emprego com e sem experi\u00eancia no seu Estado e Regi\u00e3o!\" \/>\n<meta name=\"robots\" content=\"index, follow, max-snippet:-1, max-image-preview:large, max-video-preview:-1\" \/>\n<link rel=\"canonical\" href=\"https:\/\/www.vagadeempregorj.com.br\/fr\/vagas-de-emprego-em-mercado-6-opcoes-para-enviar-curriculo\/\" \/>\n<meta property=\"og:locale\" content=\"fr_FR\" \/>\n<meta property=\"og:type\" content=\"article\" \/>\n<meta property=\"og:title\" content=\"Vagas de emprego em mercado: 6 op\u00e7\u00f5es para enviar curr\u00edculo -\" \/>\n<meta property=\"og:description\" content=\"Veja em Vagas de Emprego RJ as vagas de emprego com e sem experi\u00eancia no seu Estado e Regi\u00e3o!\" \/>\n<meta property=\"og:url\" content=\"https:\/\/www.vagadeempregorj.com.br\/fr\/vagas-de-emprego-em-mercado-6-opcoes-para-enviar-curriculo\/\" \/>\n<meta property=\"article:publisher\" content=\"https:\/\/www.facebook.com\/empregobrasiloficial\" \/>\n<meta property=\"article:published_time\" content=\"2024-06-19T09:00:00+00:00\" \/>\n<meta property=\"article:modified_time\" content=\"2025-07-20T16:55:48+00:00\" \/>\n<meta property=\"og:image\" content=\"https:\/\/www.vagadeempregorj.com.br\/wp-content\/uploads\/2024\/06\/image-23.png\" \/>\n\t<meta property=\"og:image:width\" content=\"740\" \/>\n\t<meta property=\"og:image:height\" content=\"493\" \/>\n\t<meta property=\"og:image:type\" content=\"image\/png\" \/>\n<meta name=\"author\" content=\"Michele\" \/>\n<meta name=\"twitter:card\" content=\"summary_large_image\" \/>\n<meta name=\"twitter:label1\" content=\"Written by\" \/>\n\t<meta name=\"twitter:data1\" content=\"Michele\" \/>\n\t<meta name=\"twitter:label2\" content=\"Est. reading time\" \/>\n\t<meta name=\"twitter:data2\" content=\"4 minutes\" \/>\n<script type=\"application\/ld+json\" class=\"yoast-schema-graph\">{\"@context\":\"https:\\\/\\\/schema.org\",\"@graph\":[{\"@type\":\"Article\",\"@id\":\"https:\\\/\\\/www.vagadeempregorj.com.br\\\/vagas-de-emprego-em-mercado-6-opcoes-para-enviar-curriculo\\\/#article\",\"isPartOf\":{\"@id\":\"https:\\\/\\\/www.vagadeempregorj.com.br\\\/vagas-de-emprego-em-mercado-6-opcoes-para-enviar-curriculo\\\/\"},\"author\":{\"name\":\"Michele\",\"@id\":\"https:\\\/\\\/www.vagadeempregorj.com.br\\\/#\\\/schema\\\/person\\\/3ddb19fa0539706786e502152f3aae95\"},\"headline\":\"Vagas de emprego em mercado: 6 op\u00e7\u00f5es para enviar curr\u00edculo\",\"datePublished\":\"2024-06-19T09:00:00+00:00\",\"dateModified\":\"2025-07-20T16:55:48+00:00\",\"mainEntityOfPage\":{\"@id\":\"https:\\\/\\\/www.vagadeempregorj.com.br\\\/vagas-de-emprego-em-mercado-6-opcoes-para-enviar-curriculo\\\/\"},\"wordCount\":759,\"image\":{\"@id\":\"https:\\\/\\\/www.vagadeempregorj.com.br\\\/vagas-de-emprego-em-mercado-6-opcoes-para-enviar-curriculo\\\/#primaryimage\"},\"thumbnailUrl\":\"https:\\\/\\\/www.vagadeempregorj.com.br\\\/wp-content\\\/uploads\\\/2024\\\/06\\\/image-23.png\",\"keywords\":[\"empregos\",\"oportunidades\"],\"articleSection\":[\"Vagas de Emprego Nacionais\"],\"inLanguage\":\"fr-FR\"},{\"@type\":\"WebPage\",\"@id\":\"https:\\\/\\\/www.vagadeempregorj.com.br\\\/vagas-de-emprego-em-mercado-6-opcoes-para-enviar-curriculo\\\/\",\"url\":\"https:\\\/\\\/www.vagadeempregorj.com.br\\\/vagas-de-emprego-em-mercado-6-opcoes-para-enviar-curriculo\\\/\",\"name\":\"Vagas de emprego em mercado: 6 op\u00e7\u00f5es para enviar curr\u00edculo -\",\"isPartOf\":{\"@id\":\"https:\\\/\\\/www.vagadeempregorj.com.br\\\/#website\"},\"primaryImageOfPage\":{\"@id\":\"https:\\\/\\\/www.vagadeempregorj.com.br\\\/vagas-de-emprego-em-mercado-6-opcoes-para-enviar-curriculo\\\/#primaryimage\"},\"image\":{\"@id\":\"https:\\\/\\\/www.vagadeempregorj.com.br\\\/vagas-de-emprego-em-mercado-6-opcoes-para-enviar-curriculo\\\/#primaryimage\"},\"thumbnailUrl\":\"https:\\\/\\\/www.vagadeempregorj.com.br\\\/wp-content\\\/uploads\\\/2024\\\/06\\\/image-23.png\",\"datePublished\":\"2024-06-19T09:00:00+00:00\",\"dateModified\":\"2025-07-20T16:55:48+00:00\",\"author\":{\"@id\":\"https:\\\/\\\/www.vagadeempregorj.com.br\\\/#\\\/schema\\\/person\\\/3ddb19fa0539706786e502152f3aae95\"},\"description\":\"Veja em Vagas de Emprego RJ as vagas de emprego com e sem experi\u00eancia no seu Estado e Regi\u00e3o!\",\"breadcrumb\":{\"@id\":\"https:\\\/\\\/www.vagadeempregorj.com.br\\\/vagas-de-emprego-em-mercado-6-opcoes-para-enviar-curriculo\\\/#breadcrumb\"},\"inLanguage\":\"fr-FR\",\"potentialAction\":[{\"@type\":\"ReadAction\",\"target\":[\"https:\\\/\\\/www.vagadeempregorj.com.br\\\/vagas-de-emprego-em-mercado-6-opcoes-para-enviar-curriculo\\\/\"]}]},{\"@type\":\"ImageObject\",\"inLanguage\":\"fr-FR\",\"@id\":\"https:\\\/\\\/www.vagadeempregorj.com.br\\\/vagas-de-emprego-em-mercado-6-opcoes-para-enviar-curriculo\\\/#primaryimage\",\"url\":\"https:\\\/\\\/www.vagadeempregorj.com.br\\\/wp-content\\\/uploads\\\/2024\\\/06\\\/image-23.png\",\"contentUrl\":\"https:\\\/\\\/www.vagadeempregorj.com.br\\\/wp-content\\\/uploads\\\/2024\\\/06\\\/image-23.png\",\"width\":740,\"height\":493},{\"@type\":\"BreadcrumbList\",\"@id\":\"https:\\\/\\\/www.vagadeempregorj.com.br\\\/vagas-de-emprego-em-mercado-6-opcoes-para-enviar-curriculo\\\/#breadcrumb\",\"itemListElement\":[{\"@type\":\"ListItem\",\"position\":1,\"name\":\"In\u00edcio\",\"item\":\"https:\\\/\\\/www.vagadeempregorj.com.br\\\/\"},{\"@type\":\"ListItem\",\"position\":2,\"name\":\"Vagas de Emprego Nacionais\",\"item\":\"https:\\\/\\\/www.vagadeempregorj.com.br\\\/vagas-de-emprego-nacionais\\\/\"},{\"@type\":\"ListItem\",\"position\":3,\"name\":\"Vagas de emprego em mercado: 6 op\u00e7\u00f5es para enviar curr\u00edculo\"}]},{\"@type\":\"WebSite\",\"@id\":\"https:\\\/\\\/www.vagadeempregorj.com.br\\\/#website\",\"url\":\"https:\\\/\\\/www.vagadeempregorj.com.br\\\/\",\"name\":\"\",\"description\":\"Conquiste Sonhos: Vagas, Benef\u00edcios e Economia para Transformar Vidas e Alcan\u00e7ar Melhorias Cotidianas\",\"potentialAction\":[{\"@type\":\"SearchAction\",\"target\":{\"@type\":\"EntryPoint\",\"urlTemplate\":\"https:\\\/\\\/www.vagadeempregorj.com.br\\\/?s={search_term_string}\"},\"query-input\":{\"@type\":\"PropertyValueSpecification\",\"valueRequired\":true,\"valueName\":\"search_term_string\"}}],\"inLanguage\":\"fr-FR\"},{\"@type\":\"Person\",\"@id\":\"https:\\\/\\\/www.vagadeempregorj.com.br\\\/#\\\/schema\\\/person\\\/3ddb19fa0539706786e502152f3aae95\",\"name\":\"Michele\",\"image\":{\"@type\":\"ImageObject\",\"inLanguage\":\"fr-FR\",\"@id\":\"https:\\\/\\\/secure.gravatar.com\\\/avatar\\\/6b0eb9d22841282815e2cd856a0061c45e1761cd54b22e952d98c4746939aa85?s=96&r=g\",\"url\":\"https:\\\/\\\/secure.gravatar.com\\\/avatar\\\/6b0eb9d22841282815e2cd856a0061c45e1761cd54b22e952d98c4746939aa85?s=96&r=g\",\"contentUrl\":\"https:\\\/\\\/secure.gravatar.com\\\/avatar\\\/6b0eb9d22841282815e2cd856a0061c45e1761cd54b22e952d98c4746939aa85?s=96&r=g\",\"caption\":\"Michele\"},\"description\":\"Formada em Letras - Portugu\u00eas\\\/ Ingl\u00eas, e idealizadora do site Escritora de Sucesso, busca expandir o conhecimento de todos com informa\u00e7\u00f5es relevantes sobre diversos assuntos, enquanto redatora. No Vaga de Emprego RJ, traz oportunidades e dicas sobre o mercado de trabalho.\",\"url\":\"https:\\\/\\\/www.vagadeempregorj.com.br\\\/fr\\\/author\\\/michele\\\/\"}]}<\/script>\n<!-- \/ Yoast SEO plugin. -->","yoast_head_json":{"title":"Vagas de emprego em mercado: 6 op\u00e7\u00f5es para enviar curr\u00edculo -","description":"Veja em Vagas de Emprego RJ as vagas de emprego com e sem experi\u00eancia no seu Estado e Regi\u00e3o!","robots":{"index":"index","follow":"follow","max-snippet":"max-snippet:-1","max-image-preview":"max-image-preview:large","max-video-preview":"max-video-preview:-1"},"canonical":"https:\/\/www.vagadeempregorj.com.br\/fr\/vagas-de-emprego-em-mercado-6-opcoes-para-enviar-curriculo\/","og_locale":"fr_FR","og_type":"article","og_title":"Vagas de emprego em mercado: 6 op\u00e7\u00f5es para enviar curr\u00edculo -","og_description":"Veja em Vagas de Emprego RJ as vagas de emprego com e sem experi\u00eancia no seu Estado e Regi\u00e3o!","og_url":"https:\/\/www.vagadeempregorj.com.br\/fr\/vagas-de-emprego-em-mercado-6-opcoes-para-enviar-curriculo\/","article_publisher":"https:\/\/www.facebook.com\/empregobrasiloficial","article_published_time":"2024-06-19T09:00:00+00:00","article_modified_time":"2025-07-20T16:55:48+00:00","og_image":[{"width":740,"height":493,"url":"https:\/\/www.vagadeempregorj.com.br\/wp-content\/uploads\/2024\/06\/image-23.png","type":"image\/png"}],"author":"Michele","twitter_card":"summary_large_image","twitter_misc":{"Written by":"Michele","Est. reading time":"4 minutes"},"schema":{"@context":"https:\/\/schema.org","@graph":[{"@type":"Article","@id":"https:\/\/www.vagadeempregorj.com.br\/vagas-de-emprego-em-mercado-6-opcoes-para-enviar-curriculo\/#article","isPartOf":{"@id":"https:\/\/www.vagadeempregorj.com.br\/vagas-de-emprego-em-mercado-6-opcoes-para-enviar-curriculo\/"},"author":{"name":"Michele","@id":"https:\/\/www.vagadeempregorj.com.br\/#\/schema\/person\/3ddb19fa0539706786e502152f3aae95"},"headline":"Vagas de emprego em mercado: 6 op\u00e7\u00f5es para enviar curr\u00edculo","datePublished":"2024-06-19T09:00:00+00:00","dateModified":"2025-07-20T16:55:48+00:00","mainEntityOfPage":{"@id":"https:\/\/www.vagadeempregorj.com.br\/vagas-de-emprego-em-mercado-6-opcoes-para-enviar-curriculo\/"},"wordCount":759,"image":{"@id":"https:\/\/www.vagadeempregorj.com.br\/vagas-de-emprego-em-mercado-6-opcoes-para-enviar-curriculo\/#primaryimage"},"thumbnailUrl":"https:\/\/www.vagadeempregorj.com.br\/wp-content\/uploads\/2024\/06\/image-23.png","keywords":["empregos","oportunidades"],"articleSection":["Vagas de Emprego Nacionais"],"inLanguage":"fr-FR"},{"@type":"WebPage","@id":"https:\/\/www.vagadeempregorj.com.br\/vagas-de-emprego-em-mercado-6-opcoes-para-enviar-curriculo\/","url":"https:\/\/www.vagadeempregorj.com.br\/vagas-de-emprego-em-mercado-6-opcoes-para-enviar-curriculo\/","name":"Vagas de emprego em mercado: 6 op\u00e7\u00f5es para enviar curr\u00edculo -","isPartOf":{"@id":"https:\/\/www.vagadeempregorj.com.br\/#website"},"primaryImageOfPage":{"@id":"https:\/\/www.vagadeempregorj.com.br\/vagas-de-emprego-em-mercado-6-opcoes-para-enviar-curriculo\/#primaryimage"},"image":{"@id":"https:\/\/www.vagadeempregorj.com.br\/vagas-de-emprego-em-mercado-6-opcoes-para-enviar-curriculo\/#primaryimage"},"thumbnailUrl":"https:\/\/www.vagadeempregorj.com.br\/wp-content\/uploads\/2024\/06\/image-23.png","datePublished":"2024-06-19T09:00:00+00:00","dateModified":"2025-07-20T16:55:48+00:00","author":{"@id":"https:\/\/www.vagadeempregorj.com.br\/#\/schema\/person\/3ddb19fa0539706786e502152f3aae95"},"description":"Veja em Vagas de Emprego RJ as vagas de emprego com e sem experi\u00eancia no seu Estado e Regi\u00e3o!","breadcrumb":{"@id":"https:\/\/www.vagadeempregorj.com.br\/vagas-de-emprego-em-mercado-6-opcoes-para-enviar-curriculo\/#breadcrumb"},"inLanguage":"fr-FR","potentialAction":[{"@type":"ReadAction","target":["https:\/\/www.vagadeempregorj.com.br\/vagas-de-emprego-em-mercado-6-opcoes-para-enviar-curriculo\/"]}]},{"@type":"ImageObject","inLanguage":"fr-FR","@id":"https:\/\/www.vagadeempregorj.com.br\/vagas-de-emprego-em-mercado-6-opcoes-para-enviar-curriculo\/#primaryimage","url":"https:\/\/www.vagadeempregorj.com.br\/wp-content\/uploads\/2024\/06\/image-23.png","contentUrl":"https:\/\/www.vagadeempregorj.com.br\/wp-content\/uploads\/2024\/06\/image-23.png","width":740,"height":493},{"@type":"BreadcrumbList","@id":"https:\/\/www.vagadeempregorj.com.br\/vagas-de-emprego-em-mercado-6-opcoes-para-enviar-curriculo\/#breadcrumb","itemListElement":[{"@type":"ListItem","position":1,"name":"In\u00edcio","item":"https:\/\/www.vagadeempregorj.com.br\/"},{"@type":"ListItem","position":2,"name":"Vagas de Emprego Nacionais","item":"https:\/\/www.vagadeempregorj.com.br\/vagas-de-emprego-nacionais\/"},{"@type":"ListItem","position":3,"name":"Vagas de emprego em mercado: 6 op\u00e7\u00f5es para enviar curr\u00edculo"}]},{"@type":"WebSite","@id":"https:\/\/www.vagadeempregorj.com.br\/#website","url":"https:\/\/www.vagadeempregorj.com.br\/","name":"","description":"Conquiste Sonhos: Vagas, Benef\u00edcios e Economia para Transformar Vidas e Alcan\u00e7ar Melhorias Cotidianas","potentialAction":[{"@type":"SearchAction","target":{"@type":"EntryPoint","urlTemplate":"https:\/\/www.vagadeempregorj.com.br\/?s={search_term_string}"},"query-input":{"@type":"PropertyValueSpecification","valueRequired":true,"valueName":"search_term_string"}}],"inLanguage":"fr-FR"},{"@type":"Person","@id":"https:\/\/www.vagadeempregorj.com.br\/#\/schema\/person\/3ddb19fa0539706786e502152f3aae95","name":"Michele","image":{"@type":"ImageObject","inLanguage":"fr-FR","@id":"https:\/\/secure.gravatar.com\/avatar\/6b0eb9d22841282815e2cd856a0061c45e1761cd54b22e952d98c4746939aa85?s=96&r=g","url":"https:\/\/secure.gravatar.com\/avatar\/6b0eb9d22841282815e2cd856a0061c45e1761cd54b22e952d98c4746939aa85?s=96&r=g","contentUrl":"https:\/\/secure.gravatar.com\/avatar\/6b0eb9d22841282815e2cd856a0061c45e1761cd54b22e952d98c4746939aa85?s=96&r=g","caption":"Michele"},"description":"Formada em Letras - Portugu\u00eas\/ Ingl\u00eas, e idealizadora do site Escritora de Sucesso, busca expandir o conhecimento de todos com informa\u00e7\u00f5es relevantes sobre diversos assuntos, enquanto redatora. No Vaga de Emprego RJ, traz oportunidades e dicas sobre o mercado de trabalho.","url":"https:\/\/www.vagadeempregorj.com.br\/fr\/author\/michele\/"}]}},"_links":{"self":[{"href":"https:\/\/www.vagadeempregorj.com.br\/fr\/wp-json\/wp\/v2\/posts\/39790","targetHints":{"allow":["GET"]}}],"collection":[{"href":"https:\/\/www.vagadeempregorj.com.br\/fr\/wp-json\/wp\/v2\/posts"}],"about":[{"href":"https:\/\/www.vagadeempregorj.com.br\/fr\/wp-json\/wp\/v2\/types\/post"}],"author":[{"embeddable":true,"href":"https:\/\/www.vagadeempregorj.com.br\/fr\/wp-json\/wp\/v2\/users\/16"}],"replies":[{"embeddable":true,"href":"https:\/\/www.vagadeempregorj.com.br\/fr\/wp-json\/wp\/v2\/comments?post=39790"}],"version-history":[{"count":3,"href":"https:\/\/www.vagadeempregorj.com.br\/fr\/wp-json\/wp\/v2\/posts\/39790\/revisions"}],"predecessor-version":[{"id":43706,"href":"https:\/\/www.vagadeempregorj.com.br\/fr\/wp-json\/wp\/v2\/posts\/39790\/revisions\/43706"}],"wp:featuredmedia":[{"embeddable":true,"href":"https:\/\/www.vagadeempregorj.com.br\/fr\/wp-json\/wp\/v2\/media\/39796"}],"wp:attachment":[{"href":"https:\/\/www.vagadeempregorj.com.br\/fr\/wp-json\/wp\/v2\/media?parent=39790"}],"wp:term":[{"taxonomy":"category","embeddable":true,"href":"https:\/\/www.vagadeempregorj.com.br\/fr\/wp-json\/wp\/v2\/categories?post=39790"},{"taxonomy":"post_tag","embeddable":true,"href":"https:\/\/www.vagadeempregorj.com.br\/fr\/wp-json\/wp\/v2\/tags?post=39790"}],"curies":[{"name":"wp","href":"https:\/\/api.w.org\/{rel}","templated":true}]}}