{"id":39808,"date":"2024-06-20T21:14:18","date_gmt":"2024-06-21T00:14:18","guid":{"rendered":"https:\/\/www.vagadeempregorj.com.br\/?p=39808"},"modified":"2024-06-20T21:14:19","modified_gmt":"2024-06-21T00:14:19","slug":"fgts-pode-ser-descontado-do-funcionario-entenda","status":"publish","type":"post","link":"https:\/\/www.vagadeempregorj.com.br\/fr\/fgts-pode-ser-descontado-do-funcionario-entenda\/","title":{"rendered":"FGTS pode ser descontado do funcion\u00e1rio? Entenda"},"content":{"rendered":"<p>O Fundo de Garantia do Tempo de Servi\u00e7o, conhecido pela sigla FGTS, \u00e9 um direito garantido aos trabalhadores brasileiros regidos pela Consolida\u00e7\u00e3o das Leis do Trabalho (CLT). Criado com o objetivo de proteger o trabalhador em caso de demiss\u00e3o sem justa causa, o FGTS \u00e9 um fundo de dep\u00f3sito obrigat\u00f3rio composto por uma porcentagem do sal\u00e1rio do empregado.&nbsp;<\/p>\n\n\n\n<h2 class=\"wp-block-heading\">O que \u00e9 o FGTS?<\/h2>\n\n\n\n<p>O Fundo de Garantia do Tempo de Servi\u00e7o (FGTS) foi institu\u00eddo pela Lei n\u00ba 5.107\/1966 e \u00e9 regulamentado atualmente pela Lei n\u00ba 8.036\/1990. Ele funciona como uma forma de poupan\u00e7a compuls\u00f3ria, onde os empregadores s\u00e3o obrigados a depositar mensalmente um valor equivalente a 8% do sal\u00e1rio do empregado em uma conta vinculada ao FGTS na Caixa Econ\u00f4mica Federal.<\/p>\n\n\n\n<p>Os recursos depositados no FGTS s\u00e3o utilizados para diversos fins, como financiamento de programas habitacionais, saneamento b\u00e1sico e infraestrutura urbana. Al\u00e9m disso, o trabalhador pode sacar o saldo de sua conta do FGTS em casos espec\u00edficos, como demiss\u00e3o sem justa causa, aposentadoria, compra da casa pr\u00f3pria, entre outros.<\/p>\n\n\n\n<figure class=\"wp-block-image size-full is-resized\"><img loading=\"lazy\" decoding=\"async\" width=\"740\" height=\"493\" src=\"https:\/\/www.vagadeempregorj.com.br\/wp-content\/uploads\/2024\/06\/image-27.png\" alt=\"\" class=\"wp-image-39809\" style=\"width:840px;height:auto\" srcset=\"https:\/\/www.vagadeempregorj.com.br\/wp-content\/uploads\/2024\/06\/image-27.png 740w, https:\/\/www.vagadeempregorj.com.br\/wp-content\/uploads\/2024\/06\/image-27-300x200.png 300w, https:\/\/www.vagadeempregorj.com.br\/wp-content\/uploads\/2024\/06\/image-27-150x100.png 150w\" sizes=\"auto, (max-width: 740px) 100vw, 740px\" \/><\/figure>\n\n\n\n<h2 class=\"wp-block-heading\">Desconto do FGTS do funcion\u00e1rio: \u00e9 poss\u00edvel?<\/h2>\n\n\n\n<p>A principal d\u00favida que surge entre os trabalhadores \u00e9 se o empregador pode descontar o FGTS diretamente do sal\u00e1rio do funcion\u00e1rio. \u00c9 importante esclarecer que, de acordo com a legisla\u00e7\u00e3o brasileira, o FGTS n\u00e3o pode ser descontado do sal\u00e1rio do empregado em nenhuma circunst\u00e2ncia.<\/p>\n\n\n\n<p>O dep\u00f3sito do FGTS \u00e9 uma obriga\u00e7\u00e3o exclusiva do empregador, n\u00e3o podendo ser transferida ou repassada ao trabalhador. O n\u00e3o cumprimento dessa obriga\u00e7\u00e3o sujeita o empregador a penalidades severas, incluindo multas e san\u00e7\u00f5es administrativas.<\/p>\n\n\n\n<h2 class=\"wp-block-heading\">Situa\u00e7\u00f5es espec\u00edficas e poss\u00edveis d\u00favidas<\/h2>\n\n\n\n<p>Em meio \u00e0s complexidades das rela\u00e7\u00f5es trabalhistas, surgem situa\u00e7\u00f5es espec\u00edficas que demandam esclarecimentos detalhados. Trabalhadores estagi\u00e1rios, aprendizes e tempor\u00e1rios, por exemplo, frequentemente questionam seus direitos em rela\u00e7\u00e3o ao FGTS.<\/p>\n\n\n\n<p>A legisla\u00e7\u00e3o trabalhista brasileira define claramente as condi\u00e7\u00f5es sob as quais o FGTS deve ser depositado, mas essas categorias t\u00eam suas peculiaridades. Da mesma forma, trabalhadores dom\u00e9sticos enfrentam cen\u00e1rios distintos, pois a obrigatoriedade de dep\u00f3sito do FGTS para essa categoria foi estabelecida mais recentemente.&nbsp;<\/p>\n\n\n\n<p>Este segmento explora essas nuances, oferecendo compreens\u00e3o aprofundada e respostas para d\u00favidas comuns que permeiam essas circunst\u00e2ncias espec\u00edficas.<\/p>\n\n\n\n<h3 class=\"wp-block-heading\">Estagi\u00e1rios e trabalhadores tempor\u00e1rios<\/h3>\n\n\n\n<p>No caso de estagi\u00e1rios, aprendizes e trabalhadores tempor\u00e1rios, n\u00e3o h\u00e1 obriga\u00e7\u00e3o por parte do empregador de depositar o FGTS. Essas categorias de trabalhadores n\u00e3o t\u00eam direito ao FGTS, visto que n\u00e3o se enquadram na defini\u00e7\u00e3o de trabalhador regido pela CLT.<\/p>\n\n\n\n<h3 class=\"wp-block-heading\">Trabalhadores dom\u00e9sticos<\/h3>\n\n\n\n<p>Para os trabalhadores dom\u00e9sticos, o FGTS tamb\u00e9m n\u00e3o \u00e9 obrigat\u00f3rio. A obrigatoriedade do dep\u00f3sito do FGTS para empregados dom\u00e9sticos foi estabelecida apenas a partir da Lei Complementar n\u00ba 150\/2015.<\/p>\n\n\n\n<h3 class=\"wp-block-heading\">Acordo entre empregado e empregador<\/h3>\n\n\n\n<p>Em nenhuma hip\u00f3tese pode haver acordo para desconto do FGTS do sal\u00e1rio do empregado. Qualquer tentativa nesse sentido configura viola\u00e7\u00e3o da legisla\u00e7\u00e3o trabalhista e deve ser reportada aos \u00f3rg\u00e3os competentes, como o Minist\u00e9rio P\u00fablico do Trabalho e a Superintend\u00eancia Regional do Trabalho.<\/p>\n\n\n\n<h2 class=\"wp-block-heading\">Consequ\u00eancias do n\u00e3o dep\u00f3sito do FGTS pelo empregador<\/h2>\n\n\n\n<p>O n\u00e3o cumprimento da obriga\u00e7\u00e3o de dep\u00f3sito do FGTS pelo empregador acarreta diversas consequ\u00eancias jur\u00eddicas e financeiras. Entre elas, destacam-se:<\/p>\n\n\n\n<ul class=\"wp-block-list\">\n<li><strong>Multa administrativa: <\/strong>O empregador est\u00e1 sujeito a uma multa administrativa, cujo valor pode variar de acordo com a gravidade da infra\u00e7\u00e3o e o n\u00famero de trabalhadores prejudicados.<\/li>\n<\/ul>\n\n\n\n<ul class=\"wp-block-list\">\n<li><strong>Recolhimento retroativo: <\/strong>O empregador dever\u00e1 realizar o recolhimento retroativo dos valores n\u00e3o depositados, acrescido de corre\u00e7\u00e3o monet\u00e1ria e juros.<\/li>\n<\/ul>\n\n\n\n<ul class=\"wp-block-list\">\n<li><strong>A\u00e7\u00e3o judicial: <\/strong>O trabalhador pode ingressar com uma a\u00e7\u00e3o judicial para garantir o dep\u00f3sito do FGTS e buscar indeniza\u00e7\u00e3o pelos danos causados.<\/li>\n<\/ul>\n\n\n\n<h2 class=\"wp-block-heading\">Como verificar se o FGTS est\u00e1 sendo depositado corretamente?<\/h2>\n\n\n\n<p>Os trabalhadores podem verificar se o FGTS est\u00e1 sendo depositado corretamente atrav\u00e9s do extrato disponibilizado pela Caixa Econ\u00f4mica Federal. Esse extrato pode ser consultado pela internet, no site da Caixa, utilizando o n\u00famero do NIS (PIS\/PASEP) e uma senha cadastrada pelo pr\u00f3prio trabalhador.<\/p>\n\n\n\n<p>Caso o trabalhador identifique alguma irregularidade no dep\u00f3sito do FGTS, deve comunicar imediatamente o empregador e, caso n\u00e3o haja regulariza\u00e7\u00e3o, buscar orienta\u00e7\u00e3o junto aos \u00f3rg\u00e3os competentes.<\/p>\n\n\n\n<h2 class=\"wp-block-heading\">Um direito fundamental dos trabalhadores<\/h2>\n\n\n\n<p>O FGTS \u00e9 um direito fundamental dos trabalhadores regidos pela CLT, e seu dep\u00f3sito \u00e9 uma obriga\u00e7\u00e3o exclusiva do empregador, n\u00e3o podendo ser descontado do sal\u00e1rio do funcion\u00e1rio em nenhuma circunst\u00e2ncia. A legisla\u00e7\u00e3o trabalhista brasileira protege o trabalhador contra qualquer tentativa de desvio dessa norma, assegurando mecanismos para garantir o cumprimento dessa obriga\u00e7\u00e3o.&nbsp;<\/p>\n\n\n\n<p>Portanto, \u00e9 essencial que os trabalhadores conhe\u00e7am seus direitos e estejam atentos \u00e0 regularidade dos dep\u00f3sitos do FGTS, utilizando os recursos dispon\u00edveis para monitorar essa importante garantia trabalhista.<\/p>\n\n\n\n<p><strong>Veja tamb\u00e9m: <a href=\"https:\/\/www.vagadeempregorj.com.br\/fr\/fgts-retido-quando-posso-sacar-veja-as-informacoes\/\">FGTS retido quando posso sacar? Veja as informa\u00e7\u00f5es<\/a><\/strong><\/p>\n\n\n\n<p>20 de junho de 2024<\/p>","protected":false},"excerpt":{"rendered":"<p>O Fundo de Garantia do Tempo de Servi\u00e7o, conhecido pela sigla FGTS, \u00e9 um direito garantido aos trabalhadores brasileiros regidos pela Consolida\u00e7\u00e3o das Leis do Trabalho (CLT). Criado com o objetivo de proteger o trabalhador em caso de demiss\u00e3o sem justa causa, o FGTS \u00e9 um fundo de dep\u00f3sito obrigat\u00f3rio composto por uma porcentagem do&hellip;&nbsp;<\/p>","protected":false},"author":16,"featured_media":39809,"comment_status":"closed","ping_status":"closed","sticky":false,"template":"","format":"standard","meta":{"neve_meta_sidebar":"","neve_meta_container":"","neve_meta_enable_content_width":"","neve_meta_content_width":0,"neve_meta_title_alignment":"","neve_meta_author_avatar":"","neve_post_elements_order":"","neve_meta_disable_header":"","neve_meta_disable_footer":"","neve_meta_disable_title":"","footnotes":""},"categories":[1],"tags":[833,828],"class_list":["post-39808","post","type-post","status-publish","format-standard","has-post-thumbnail","hentry","category-beneficios-sociais","tag-desconto","tag-fgts"],"yoast_head":"<!-- This site is optimized with the Yoast SEO plugin v27.5 - https:\/\/yoast.com\/product\/yoast-seo-wordpress\/ -->\n<title>FGTS pode ser descontado do funcion\u00e1rio? Entenda -<\/title>\n<meta name=\"description\" content=\"Veja em Vagas de Emprego RJ as vagas de emprego com e sem experi\u00eancia no seu Estado e Regi\u00e3o!\" \/>\n<meta name=\"robots\" content=\"index, follow, max-snippet:-1, max-image-preview:large, max-video-preview:-1\" \/>\n<link rel=\"canonical\" href=\"https:\/\/www.vagadeempregorj.com.br\/fr\/fgts-pode-ser-descontado-do-funcionario-entenda\/\" \/>\n<meta property=\"og:locale\" content=\"fr_FR\" \/>\n<meta property=\"og:type\" content=\"article\" \/>\n<meta property=\"og:title\" content=\"FGTS pode ser descontado do funcion\u00e1rio? Entenda -\" \/>\n<meta property=\"og:description\" content=\"Veja em Vagas de Emprego RJ as vagas de emprego com e sem experi\u00eancia no seu Estado e Regi\u00e3o!\" \/>\n<meta property=\"og:url\" content=\"https:\/\/www.vagadeempregorj.com.br\/fr\/fgts-pode-ser-descontado-do-funcionario-entenda\/\" \/>\n<meta property=\"article:publisher\" content=\"https:\/\/www.facebook.com\/empregobrasiloficial\" \/>\n<meta property=\"article:published_time\" content=\"2024-06-21T00:14:18+00:00\" \/>\n<meta property=\"article:modified_time\" content=\"2024-06-21T00:14:19+00:00\" \/>\n<meta property=\"og:image\" content=\"https:\/\/www.vagadeempregorj.com.br\/wp-content\/uploads\/2024\/06\/image-27.png\" \/>\n\t<meta property=\"og:image:width\" content=\"740\" \/>\n\t<meta property=\"og:image:height\" content=\"493\" \/>\n\t<meta property=\"og:image:type\" content=\"image\/png\" \/>\n<meta name=\"author\" content=\"Michele\" \/>\n<meta name=\"twitter:card\" content=\"summary_large_image\" \/>\n<meta name=\"twitter:label1\" content=\"Written by\" \/>\n\t<meta name=\"twitter:data1\" content=\"Michele\" \/>\n\t<meta name=\"twitter:label2\" content=\"Est. reading time\" \/>\n\t<meta name=\"twitter:data2\" content=\"4 minutes\" \/>\n<script type=\"application\/ld+json\" class=\"yoast-schema-graph\">{\"@context\":\"https:\\\/\\\/schema.org\",\"@graph\":[{\"@type\":\"Article\",\"@id\":\"https:\\\/\\\/www.vagadeempregorj.com.br\\\/fgts-pode-ser-descontado-do-funcionario-entenda\\\/#article\",\"isPartOf\":{\"@id\":\"https:\\\/\\\/www.vagadeempregorj.com.br\\\/fgts-pode-ser-descontado-do-funcionario-entenda\\\/\"},\"author\":{\"name\":\"Michele\",\"@id\":\"https:\\\/\\\/www.vagadeempregorj.com.br\\\/#\\\/schema\\\/person\\\/3ddb19fa0539706786e502152f3aae95\"},\"headline\":\"FGTS pode ser descontado do funcion\u00e1rio? Entenda\",\"datePublished\":\"2024-06-21T00:14:18+00:00\",\"dateModified\":\"2024-06-21T00:14:19+00:00\",\"mainEntityOfPage\":{\"@id\":\"https:\\\/\\\/www.vagadeempregorj.com.br\\\/fgts-pode-ser-descontado-do-funcionario-entenda\\\/\"},\"wordCount\":858,\"image\":{\"@id\":\"https:\\\/\\\/www.vagadeempregorj.com.br\\\/fgts-pode-ser-descontado-do-funcionario-entenda\\\/#primaryimage\"},\"thumbnailUrl\":\"https:\\\/\\\/www.vagadeempregorj.com.br\\\/wp-content\\\/uploads\\\/2024\\\/06\\\/image-27.png\",\"keywords\":[\"desconto\",\"FGTS\"],\"articleSection\":[\"Benef\u00edcios Sociais\"],\"inLanguage\":\"fr-FR\"},{\"@type\":\"WebPage\",\"@id\":\"https:\\\/\\\/www.vagadeempregorj.com.br\\\/fgts-pode-ser-descontado-do-funcionario-entenda\\\/\",\"url\":\"https:\\\/\\\/www.vagadeempregorj.com.br\\\/fgts-pode-ser-descontado-do-funcionario-entenda\\\/\",\"name\":\"FGTS pode ser descontado do funcion\u00e1rio? Entenda -\",\"isPartOf\":{\"@id\":\"https:\\\/\\\/www.vagadeempregorj.com.br\\\/#website\"},\"primaryImageOfPage\":{\"@id\":\"https:\\\/\\\/www.vagadeempregorj.com.br\\\/fgts-pode-ser-descontado-do-funcionario-entenda\\\/#primaryimage\"},\"image\":{\"@id\":\"https:\\\/\\\/www.vagadeempregorj.com.br\\\/fgts-pode-ser-descontado-do-funcionario-entenda\\\/#primaryimage\"},\"thumbnailUrl\":\"https:\\\/\\\/www.vagadeempregorj.com.br\\\/wp-content\\\/uploads\\\/2024\\\/06\\\/image-27.png\",\"datePublished\":\"2024-06-21T00:14:18+00:00\",\"dateModified\":\"2024-06-21T00:14:19+00:00\",\"author\":{\"@id\":\"https:\\\/\\\/www.vagadeempregorj.com.br\\\/#\\\/schema\\\/person\\\/3ddb19fa0539706786e502152f3aae95\"},\"description\":\"Veja em Vagas de Emprego RJ as vagas de emprego com e sem experi\u00eancia no seu Estado e Regi\u00e3o!\",\"breadcrumb\":{\"@id\":\"https:\\\/\\\/www.vagadeempregorj.com.br\\\/fgts-pode-ser-descontado-do-funcionario-entenda\\\/#breadcrumb\"},\"inLanguage\":\"fr-FR\",\"potentialAction\":[{\"@type\":\"ReadAction\",\"target\":[\"https:\\\/\\\/www.vagadeempregorj.com.br\\\/fgts-pode-ser-descontado-do-funcionario-entenda\\\/\"]}]},{\"@type\":\"ImageObject\",\"inLanguage\":\"fr-FR\",\"@id\":\"https:\\\/\\\/www.vagadeempregorj.com.br\\\/fgts-pode-ser-descontado-do-funcionario-entenda\\\/#primaryimage\",\"url\":\"https:\\\/\\\/www.vagadeempregorj.com.br\\\/wp-content\\\/uploads\\\/2024\\\/06\\\/image-27.png\",\"contentUrl\":\"https:\\\/\\\/www.vagadeempregorj.com.br\\\/wp-content\\\/uploads\\\/2024\\\/06\\\/image-27.png\",\"width\":740,\"height\":493},{\"@type\":\"BreadcrumbList\",\"@id\":\"https:\\\/\\\/www.vagadeempregorj.com.br\\\/fgts-pode-ser-descontado-do-funcionario-entenda\\\/#breadcrumb\",\"itemListElement\":[{\"@type\":\"ListItem\",\"position\":1,\"name\":\"In\u00edcio\",\"item\":\"https:\\\/\\\/www.vagadeempregorj.com.br\\\/\"},{\"@type\":\"ListItem\",\"position\":2,\"name\":\"Benef\u00edcios Sociais\",\"item\":\"https:\\\/\\\/www.vagadeempregorj.com.br\\\/beneficios-sociais\\\/\"},{\"@type\":\"ListItem\",\"position\":3,\"name\":\"FGTS pode ser descontado do funcion\u00e1rio? Entenda\"}]},{\"@type\":\"WebSite\",\"@id\":\"https:\\\/\\\/www.vagadeempregorj.com.br\\\/#website\",\"url\":\"https:\\\/\\\/www.vagadeempregorj.com.br\\\/\",\"name\":\"\",\"description\":\"Conquiste Sonhos: Vagas, Benef\u00edcios e Economia para Transformar Vidas e Alcan\u00e7ar Melhorias Cotidianas\",\"potentialAction\":[{\"@type\":\"SearchAction\",\"target\":{\"@type\":\"EntryPoint\",\"urlTemplate\":\"https:\\\/\\\/www.vagadeempregorj.com.br\\\/?s={search_term_string}\"},\"query-input\":{\"@type\":\"PropertyValueSpecification\",\"valueRequired\":true,\"valueName\":\"search_term_string\"}}],\"inLanguage\":\"fr-FR\"},{\"@type\":\"Person\",\"@id\":\"https:\\\/\\\/www.vagadeempregorj.com.br\\\/#\\\/schema\\\/person\\\/3ddb19fa0539706786e502152f3aae95\",\"name\":\"Michele\",\"image\":{\"@type\":\"ImageObject\",\"inLanguage\":\"fr-FR\",\"@id\":\"https:\\\/\\\/secure.gravatar.com\\\/avatar\\\/6b0eb9d22841282815e2cd856a0061c45e1761cd54b22e952d98c4746939aa85?s=96&r=g\",\"url\":\"https:\\\/\\\/secure.gravatar.com\\\/avatar\\\/6b0eb9d22841282815e2cd856a0061c45e1761cd54b22e952d98c4746939aa85?s=96&r=g\",\"contentUrl\":\"https:\\\/\\\/secure.gravatar.com\\\/avatar\\\/6b0eb9d22841282815e2cd856a0061c45e1761cd54b22e952d98c4746939aa85?s=96&r=g\",\"caption\":\"Michele\"},\"description\":\"Formada em Letras - Portugu\u00eas\\\/ Ingl\u00eas, e idealizadora do site Escritora de Sucesso, busca expandir o conhecimento de todos com informa\u00e7\u00f5es relevantes sobre diversos assuntos, enquanto redatora. No Vaga de Emprego RJ, traz oportunidades e dicas sobre o mercado de trabalho.\",\"url\":\"https:\\\/\\\/www.vagadeempregorj.com.br\\\/fr\\\/author\\\/michele\\\/\"}]}<\/script>\n<!-- \/ Yoast SEO plugin. -->","yoast_head_json":{"title":"FGTS pode ser descontado do funcion\u00e1rio? Entenda -","description":"Veja em Vagas de Emprego RJ as vagas de emprego com e sem experi\u00eancia no seu Estado e Regi\u00e3o!","robots":{"index":"index","follow":"follow","max-snippet":"max-snippet:-1","max-image-preview":"max-image-preview:large","max-video-preview":"max-video-preview:-1"},"canonical":"https:\/\/www.vagadeempregorj.com.br\/fr\/fgts-pode-ser-descontado-do-funcionario-entenda\/","og_locale":"fr_FR","og_type":"article","og_title":"FGTS pode ser descontado do funcion\u00e1rio? Entenda -","og_description":"Veja em Vagas de Emprego RJ as vagas de emprego com e sem experi\u00eancia no seu Estado e Regi\u00e3o!","og_url":"https:\/\/www.vagadeempregorj.com.br\/fr\/fgts-pode-ser-descontado-do-funcionario-entenda\/","article_publisher":"https:\/\/www.facebook.com\/empregobrasiloficial","article_published_time":"2024-06-21T00:14:18+00:00","article_modified_time":"2024-06-21T00:14:19+00:00","og_image":[{"width":740,"height":493,"url":"https:\/\/www.vagadeempregorj.com.br\/wp-content\/uploads\/2024\/06\/image-27.png","type":"image\/png"}],"author":"Michele","twitter_card":"summary_large_image","twitter_misc":{"Written by":"Michele","Est. reading time":"4 minutes"},"schema":{"@context":"https:\/\/schema.org","@graph":[{"@type":"Article","@id":"https:\/\/www.vagadeempregorj.com.br\/fgts-pode-ser-descontado-do-funcionario-entenda\/#article","isPartOf":{"@id":"https:\/\/www.vagadeempregorj.com.br\/fgts-pode-ser-descontado-do-funcionario-entenda\/"},"author":{"name":"Michele","@id":"https:\/\/www.vagadeempregorj.com.br\/#\/schema\/person\/3ddb19fa0539706786e502152f3aae95"},"headline":"FGTS pode ser descontado do funcion\u00e1rio? Entenda","datePublished":"2024-06-21T00:14:18+00:00","dateModified":"2024-06-21T00:14:19+00:00","mainEntityOfPage":{"@id":"https:\/\/www.vagadeempregorj.com.br\/fgts-pode-ser-descontado-do-funcionario-entenda\/"},"wordCount":858,"image":{"@id":"https:\/\/www.vagadeempregorj.com.br\/fgts-pode-ser-descontado-do-funcionario-entenda\/#primaryimage"},"thumbnailUrl":"https:\/\/www.vagadeempregorj.com.br\/wp-content\/uploads\/2024\/06\/image-27.png","keywords":["desconto","FGTS"],"articleSection":["Benef\u00edcios Sociais"],"inLanguage":"fr-FR"},{"@type":"WebPage","@id":"https:\/\/www.vagadeempregorj.com.br\/fgts-pode-ser-descontado-do-funcionario-entenda\/","url":"https:\/\/www.vagadeempregorj.com.br\/fgts-pode-ser-descontado-do-funcionario-entenda\/","name":"FGTS pode ser descontado do funcion\u00e1rio? Entenda -","isPartOf":{"@id":"https:\/\/www.vagadeempregorj.com.br\/#website"},"primaryImageOfPage":{"@id":"https:\/\/www.vagadeempregorj.com.br\/fgts-pode-ser-descontado-do-funcionario-entenda\/#primaryimage"},"image":{"@id":"https:\/\/www.vagadeempregorj.com.br\/fgts-pode-ser-descontado-do-funcionario-entenda\/#primaryimage"},"thumbnailUrl":"https:\/\/www.vagadeempregorj.com.br\/wp-content\/uploads\/2024\/06\/image-27.png","datePublished":"2024-06-21T00:14:18+00:00","dateModified":"2024-06-21T00:14:19+00:00","author":{"@id":"https:\/\/www.vagadeempregorj.com.br\/#\/schema\/person\/3ddb19fa0539706786e502152f3aae95"},"description":"Veja em Vagas de Emprego RJ as vagas de emprego com e sem experi\u00eancia no seu Estado e Regi\u00e3o!","breadcrumb":{"@id":"https:\/\/www.vagadeempregorj.com.br\/fgts-pode-ser-descontado-do-funcionario-entenda\/#breadcrumb"},"inLanguage":"fr-FR","potentialAction":[{"@type":"ReadAction","target":["https:\/\/www.vagadeempregorj.com.br\/fgts-pode-ser-descontado-do-funcionario-entenda\/"]}]},{"@type":"ImageObject","inLanguage":"fr-FR","@id":"https:\/\/www.vagadeempregorj.com.br\/fgts-pode-ser-descontado-do-funcionario-entenda\/#primaryimage","url":"https:\/\/www.vagadeempregorj.com.br\/wp-content\/uploads\/2024\/06\/image-27.png","contentUrl":"https:\/\/www.vagadeempregorj.com.br\/wp-content\/uploads\/2024\/06\/image-27.png","width":740,"height":493},{"@type":"BreadcrumbList","@id":"https:\/\/www.vagadeempregorj.com.br\/fgts-pode-ser-descontado-do-funcionario-entenda\/#breadcrumb","itemListElement":[{"@type":"ListItem","position":1,"name":"In\u00edcio","item":"https:\/\/www.vagadeempregorj.com.br\/"},{"@type":"ListItem","position":2,"name":"Benef\u00edcios Sociais","item":"https:\/\/www.vagadeempregorj.com.br\/beneficios-sociais\/"},{"@type":"ListItem","position":3,"name":"FGTS pode ser descontado do funcion\u00e1rio? Entenda"}]},{"@type":"WebSite","@id":"https:\/\/www.vagadeempregorj.com.br\/#website","url":"https:\/\/www.vagadeempregorj.com.br\/","name":"","description":"Conquiste Sonhos: Vagas, Benef\u00edcios e Economia para Transformar Vidas e Alcan\u00e7ar Melhorias Cotidianas","potentialAction":[{"@type":"SearchAction","target":{"@type":"EntryPoint","urlTemplate":"https:\/\/www.vagadeempregorj.com.br\/?s={search_term_string}"},"query-input":{"@type":"PropertyValueSpecification","valueRequired":true,"valueName":"search_term_string"}}],"inLanguage":"fr-FR"},{"@type":"Person","@id":"https:\/\/www.vagadeempregorj.com.br\/#\/schema\/person\/3ddb19fa0539706786e502152f3aae95","name":"Michele","image":{"@type":"ImageObject","inLanguage":"fr-FR","@id":"https:\/\/secure.gravatar.com\/avatar\/6b0eb9d22841282815e2cd856a0061c45e1761cd54b22e952d98c4746939aa85?s=96&r=g","url":"https:\/\/secure.gravatar.com\/avatar\/6b0eb9d22841282815e2cd856a0061c45e1761cd54b22e952d98c4746939aa85?s=96&r=g","contentUrl":"https:\/\/secure.gravatar.com\/avatar\/6b0eb9d22841282815e2cd856a0061c45e1761cd54b22e952d98c4746939aa85?s=96&r=g","caption":"Michele"},"description":"Formada em Letras - Portugu\u00eas\/ Ingl\u00eas, e idealizadora do site Escritora de Sucesso, busca expandir o conhecimento de todos com informa\u00e7\u00f5es relevantes sobre diversos assuntos, enquanto redatora. No Vaga de Emprego RJ, traz oportunidades e dicas sobre o mercado de trabalho.","url":"https:\/\/www.vagadeempregorj.com.br\/fr\/author\/michele\/"}]}},"_links":{"self":[{"href":"https:\/\/www.vagadeempregorj.com.br\/fr\/wp-json\/wp\/v2\/posts\/39808","targetHints":{"allow":["GET"]}}],"collection":[{"href":"https:\/\/www.vagadeempregorj.com.br\/fr\/wp-json\/wp\/v2\/posts"}],"about":[{"href":"https:\/\/www.vagadeempregorj.com.br\/fr\/wp-json\/wp\/v2\/types\/post"}],"author":[{"embeddable":true,"href":"https:\/\/www.vagadeempregorj.com.br\/fr\/wp-json\/wp\/v2\/users\/16"}],"replies":[{"embeddable":true,"href":"https:\/\/www.vagadeempregorj.com.br\/fr\/wp-json\/wp\/v2\/comments?post=39808"}],"version-history":[{"count":0,"href":"https:\/\/www.vagadeempregorj.com.br\/fr\/wp-json\/wp\/v2\/posts\/39808\/revisions"}],"wp:featuredmedia":[{"embeddable":true,"href":"https:\/\/www.vagadeempregorj.com.br\/fr\/wp-json\/wp\/v2\/media\/39809"}],"wp:attachment":[{"href":"https:\/\/www.vagadeempregorj.com.br\/fr\/wp-json\/wp\/v2\/media?parent=39808"}],"wp:term":[{"taxonomy":"category","embeddable":true,"href":"https:\/\/www.vagadeempregorj.com.br\/fr\/wp-json\/wp\/v2\/categories?post=39808"},{"taxonomy":"post_tag","embeddable":true,"href":"https:\/\/www.vagadeempregorj.com.br\/fr\/wp-json\/wp\/v2\/tags?post=39808"}],"curies":[{"name":"wp","href":"https:\/\/api.w.org\/{rel}","templated":true}]}}