{"id":39874,"date":"2024-07-06T06:00:00","date_gmt":"2024-07-06T09:00:00","guid":{"rendered":"https:\/\/www.vagadeempregorj.com.br\/?p=39874"},"modified":"2025-02-06T19:36:46","modified_gmt":"2025-02-06T22:36:46","slug":"vagas-de-emprego-na-ems-mais-de-140-oportunidades-abertas","status":"publish","type":"post","link":"https:\/\/www.vagadeempregorj.com.br\/fr\/vagas-de-emprego-na-ems-mais-de-140-oportunidades-abertas\/","title":{"rendered":"Vagas de emprego na EMS: Mais de 140 oportunidades abertas"},"content":{"rendered":"<p>A EMS \u00e9 uma das maiores ind\u00fastrias farmac\u00eauticas do Brasil, reconhecida por sua inova\u00e7\u00e3o, qualidade e compromisso com a sa\u00fade. Com um ambiente de trabalho din\u00e2mico e desafiador, a EMS constantemente busca talentos que queiram fazer a diferen\u00e7a. Atualmente, a empresa est\u00e1 com mais de 140 vagas de emprego abertas em diversas \u00e1reas, oferecendo oportunidades para profissionais de diferentes perfis e n\u00edveis de experi\u00eancia.<\/p>\n\n\n\n<h2 class=\"wp-block-heading\">Sobre a EMS<\/h2>\n\n\n\n<p>Fundada em 1964, a EMS \u00e9 pioneira no setor farmac\u00eautico brasileiro. Com sede em Hortol\u00e2ndia, S\u00e3o Paulo, a empresa se destaca pela produ\u00e7\u00e3o de medicamentos gen\u00e9ricos, sendo l\u00edder nesse segmento no pa\u00eds. Al\u00e9m dos gen\u00e9ricos, a EMS atua em diversas outras \u00e1reas como medicamentos de marca, medicamentos isentos de prescri\u00e7\u00e3o (MIP), e produtos hospitalares.<\/p>\n\n\n\n<figure class=\"wp-block-image size-full\"><img loading=\"lazy\" decoding=\"async\" width=\"960\" height=\"636\" src=\"https:\/\/www.vagadeempregorj.com.br\/wp-content\/uploads\/2024\/07\/image-4.png\" alt=\"\" class=\"wp-image-39881\" srcset=\"https:\/\/www.vagadeempregorj.com.br\/wp-content\/uploads\/2024\/07\/image-4.png 960w, https:\/\/www.vagadeempregorj.com.br\/wp-content\/uploads\/2024\/07\/image-4-300x199.png 300w, https:\/\/www.vagadeempregorj.com.br\/wp-content\/uploads\/2024\/07\/image-4-768x509.png 768w, https:\/\/www.vagadeempregorj.com.br\/wp-content\/uploads\/2024\/07\/image-4-150x99.png 150w\" sizes=\"auto, (max-width: 960px) 100vw, 960px\" \/><\/figure>\n\n\n\n<p>A EMS investe fortemente em pesquisa e desenvolvimento, possuindo um dos maiores e mais modernos complexos industriais da Am\u00e9rica Latina. A empresa tamb\u00e9m se compromete com a sustentabilidade e responsabilidade social, promovendo diversas a\u00e7\u00f5es voltadas para a comunidade e o meio ambiente.<\/p>\n\n\n\n<h2 class=\"wp-block-heading\">Oportunidades de emprego abertas na EMS<\/h2>\n\n\n\n<p>A EMS possui um portf\u00f3lio diversificado de oportunidades de emprego, abrangendo v\u00e1rias \u00e1reas de atua\u00e7\u00e3o. Confira abaixo algumas das vagas dispon\u00edveis:<\/p>\n\n\n\n<h3 class=\"wp-block-heading\">\u00c1rea de Pesquisa e Desenvolvimento (P&D)<\/h3>\n\n\n\n<ul class=\"wp-block-list\">\n<li>Pesquisador de Desenvolvimento Anal\u00edtico<\/li>\n<\/ul>\n\n\n\n<p>Respons\u00e1vel pelo desenvolvimento de m\u00e9todos anal\u00edticos para novos produtos.<\/p>\n\n\n\n<ul class=\"wp-block-list\">\n<li>Especialista em Bioequival\u00eancia<\/li>\n<\/ul>\n\n\n\n<p>Atua na condu\u00e7\u00e3o de estudos de bioequival\u00eancia para medicamentos gen\u00e9ricos.<\/p>\n\n\n\n<h3 class=\"wp-block-heading\">\u00c1rea Industrial<\/h3>\n\n\n\n<ul class=\"wp-block-list\">\n<li>T\u00e9cnico de Manuten\u00e7\u00e3o<\/li>\n<\/ul>\n\n\n\n<p>Executa a manuten\u00e7\u00e3o preventiva e corretiva dos equipamentos industriais.<\/p>\n\n\n\n<ul class=\"wp-block-list\">\n<li>Operador de Produ\u00e7\u00e3o<\/li>\n<\/ul>\n\n\n\n<p>Atua na linha de produ\u00e7\u00e3o de medicamentos, garantindo a qualidade dos produtos.<\/p>\n\n\n\n<h3 class=\"wp-block-heading\">\u00c1rea Comercial e Marketing<\/h3>\n\n\n\n<ul class=\"wp-block-list\">\n<li>Gerente de Produto<\/li>\n<\/ul>\n\n\n\n<p>Respons\u00e1vel pelo planejamento e execu\u00e7\u00e3o das estrat\u00e9gias de marketing para os produtos da empresa.<\/p>\n\n\n\n<ul class=\"wp-block-list\">\n<li>Analista de Marketing Digital<\/li>\n<\/ul>\n\n\n\n<p>Atua no desenvolvimento e implementa\u00e7\u00e3o de campanhas de marketing digital.<\/p>\n\n\n\n<h3 class=\"wp-block-heading\">\u00c1rea Administrativa<\/h3>\n\n\n\n<ul class=\"wp-block-list\">\n<li>Analista de Recursos Humanos<\/li>\n<\/ul>\n\n\n\n<p>Atua em processos de recrutamento, sele\u00e7\u00e3o, treinamento e desenvolvimento de colaboradores.<\/p>\n\n\n\n<ul class=\"wp-block-list\">\n<li>Assistente Administrativo<\/li>\n<\/ul>\n\n\n\n<p>Apoia nas atividades administrativas e de gest\u00e3o do escrit\u00f3rio.<\/p>\n\n\n\n<h3 class=\"wp-block-heading\">\u00c1rea de Tecnologia da Informa\u00e7\u00e3o (TI)<\/h3>\n\n\n\n<ul class=\"wp-block-list\">\n<li>Analista de Sistemas<\/li>\n<\/ul>\n\n\n\n<p>Desenvolve e mant\u00e9m sistemas de informa\u00e7\u00e3o utilizados pela empresa.<\/p>\n\n\n\n<ul class=\"wp-block-list\">\n<li>Especialista em Seguran\u00e7a da Informa\u00e7\u00e3o<\/li>\n<\/ul>\n\n\n\n<p>Garante a seguran\u00e7a dos dados e sistemas da empresa contra amea\u00e7as cibern\u00e9ticas.<\/p>\n\n\n\n<h3 class=\"wp-block-heading\">\u00c1rea de Log\u00edstica<\/h3>\n\n\n\n<ul class=\"wp-block-list\">\n<li>Coordenador de Log\u00edstica<\/li>\n<\/ul>\n\n\n\n<p>Gerencia as opera\u00e7\u00f5es de armazenamento e distribui\u00e7\u00e3o de produtos.<\/p>\n\n\n\n<ul class=\"wp-block-list\">\n<li>Analista de Log\u00edstica<\/li>\n<\/ul>\n\n\n\n<p>Atua no planejamento e controle das opera\u00e7\u00f5es log\u00edsticas.<\/p>\n\n\n\n<h2 class=\"wp-block-heading\">Como se candidatar<\/h2>\n\n\n\n<p>Se voc\u00ea se interessou por alguma das vagas abertas na EMS, o processo de candidatura \u00e9 bastante simples e pode ser feito atrav\u00e9s da plataforma Gupy. Siga o passo a passo abaixo para se candidatar:<\/p>\n\n\n\n<p><strong>Acesse o site da EMS na Gupy<\/strong><\/p>\n\n\n\n<p>Visite o site de recrutamento da EMS na Gupy atrav\u00e9s do link: <strong>EMS na Gupy<\/strong>.<\/p>\n\n\n\n<p><strong>Pesquise pelas vagas<\/strong><\/p>\n\n\n\n<p>Utilize os filtros dispon\u00edveis na plataforma para encontrar a vaga que melhor se adequa ao seu perfil e interesse.<\/p>\n\n\n\n<p><strong>Leia a descri\u00e7\u00e3o da vaga<\/strong><\/p>\n\n\n\n<p>Clique na vaga de interesse para ler a descri\u00e7\u00e3o completa, requisitos e responsabilidades do cargo.<\/p>\n\n\n\n<p><strong>Cadastre-se na plataforma<\/strong><\/p>\n\n\n\n<p>Caso ainda n\u00e3o tenha um perfil na Gupy, ser\u00e1 necess\u00e1rio criar uma conta com seus dados pessoais e profissionais.<\/p>\n\n\n\n<p><strong>Envie sua candidatura<\/strong><\/p>\n\n\n\n<p>Ap\u00f3s criar seu perfil, clique em \u201cCandidatar-se para a vaga\u201d e envie seu curr\u00edculo. \u00c9 importante preencher todas as informa\u00e7\u00f5es solicitadas e, se poss\u00edvel, incluir uma carta de apresenta\u00e7\u00e3o destacando suas principais qualifica\u00e7\u00f5es e motiva\u00e7\u00f5es para a vaga.<\/p>\n\n\n\n<p><strong>Acompanhe o processo seletivo<\/strong><\/p>\n\n\n\n<p>Ap\u00f3s enviar sua candidatura, voc\u00ea poder\u00e1 acompanhar o status do processo seletivo diretamente na plataforma Gupy. Fique atento \u00e0s notifica\u00e7\u00f5es e convites para entrevistas.<\/p>\n\n\n\n<h2 class=\"wp-block-heading\">Uma excelente oportunidade para uma carreira inovadora<\/h2>\n\n\n\n<p>Trabalhar na EMS \u00e9 uma excelente oportunidade para quem busca desenvolvimento profissional em uma empresa s\u00f3lida e inovadora. Com mais de 140 vagas abertas, a EMS oferece oportunidades para diversos perfis e \u00e1reas de atua\u00e7\u00e3o.&nbsp;<\/p>\n\n\n\n<p>N\u00e3o perca a chance de fazer parte dessa equipe que trabalha todos os dias para promover a sa\u00fade e o bem-estar da popula\u00e7\u00e3o. Acesse o site da EMS na Gupy e cadastre-se j\u00e1!<\/p>\n\n\n\n<p><strong>Veja tamb\u00e9m: <a href=\"https:\/\/www.vagadeempregorj.com.br\/fr\/vagas-de-emprego-na-leroy-merlin-mais-de-110-oportunidades-abertas\/\">Vagas de emprego na Leroy Merlin: Mais de 110 oportunidades abertas<\/a><\/strong><\/p>\n\n\n\n<p>6 de julho de 2024<\/p>","protected":false},"excerpt":{"rendered":"<p>A EMS \u00e9 uma das maiores ind\u00fastrias farmac\u00eauticas do Brasil, reconhecida por sua inova\u00e7\u00e3o, qualidade e compromisso com a sa\u00fade. Com um ambiente de trabalho din\u00e2mico e desafiador, a EMS constantemente busca talentos que queiram fazer a diferen\u00e7a. Atualmente, a empresa est\u00e1 com mais de 140 vagas de emprego abertas em diversas \u00e1reas, oferecendo oportunidades&hellip;&nbsp;<\/p>","protected":false},"author":16,"featured_media":39881,"comment_status":"closed","ping_status":"closed","sticky":false,"template":"","format":"standard","meta":{"neve_meta_sidebar":"","neve_meta_container":"","neve_meta_enable_content_width":"","neve_meta_content_width":0,"neve_meta_title_alignment":"","neve_meta_author_avatar":"","neve_post_elements_order":"","neve_meta_disable_header":"","neve_meta_disable_footer":"","neve_meta_disable_title":"","footnotes":""},"categories":[123],"tags":[830,608],"class_list":["post-39874","post","type-post","status-publish","format-standard","has-post-thumbnail","hentry","category-vagas-de-emprego-nacionais","tag-empregos","tag-oportunidades"],"yoast_head":"<!-- This site is optimized with the Yoast SEO plugin v27.5 - https:\/\/yoast.com\/product\/yoast-seo-wordpress\/ -->\n<title>Vagas de emprego na EMS: Mais de 140 oportunidades abertas -<\/title>\n<meta name=\"description\" content=\"Veja em Vagas de Emprego RJ as vagas de emprego com e sem experi\u00eancia no seu Estado e Regi\u00e3o!\" \/>\n<meta name=\"robots\" content=\"index, follow, max-snippet:-1, max-image-preview:large, max-video-preview:-1\" \/>\n<link rel=\"canonical\" href=\"https:\/\/www.vagadeempregorj.com.br\/fr\/vagas-de-emprego-na-ems-mais-de-140-oportunidades-abertas\/\" \/>\n<meta property=\"og:locale\" content=\"fr_FR\" \/>\n<meta property=\"og:type\" content=\"article\" \/>\n<meta property=\"og:title\" content=\"Vagas de emprego na EMS: Mais de 140 oportunidades abertas -\" \/>\n<meta property=\"og:description\" content=\"Veja em Vagas de Emprego RJ as vagas de emprego com e sem experi\u00eancia no seu Estado e Regi\u00e3o!\" \/>\n<meta property=\"og:url\" content=\"https:\/\/www.vagadeempregorj.com.br\/fr\/vagas-de-emprego-na-ems-mais-de-140-oportunidades-abertas\/\" \/>\n<meta property=\"article:publisher\" content=\"https:\/\/www.facebook.com\/empregobrasiloficial\" \/>\n<meta property=\"article:published_time\" content=\"2024-07-06T09:00:00+00:00\" \/>\n<meta property=\"article:modified_time\" content=\"2025-02-06T22:36:46+00:00\" \/>\n<meta property=\"og:image\" content=\"https:\/\/www.vagadeempregorj.com.br\/wp-content\/uploads\/2024\/07\/image-4.png\" \/>\n\t<meta property=\"og:image:width\" content=\"960\" \/>\n\t<meta property=\"og:image:height\" content=\"636\" \/>\n\t<meta property=\"og:image:type\" content=\"image\/png\" \/>\n<meta name=\"author\" content=\"Michele\" \/>\n<meta name=\"twitter:card\" content=\"summary_large_image\" \/>\n<meta name=\"twitter:label1\" content=\"Written by\" \/>\n\t<meta name=\"twitter:data1\" content=\"Michele\" \/>\n\t<meta name=\"twitter:label2\" content=\"Est. reading time\" \/>\n\t<meta name=\"twitter:data2\" content=\"4 minutes\" \/>\n<script type=\"application\/ld+json\" class=\"yoast-schema-graph\">{\"@context\":\"https:\\\/\\\/schema.org\",\"@graph\":[{\"@type\":\"Article\",\"@id\":\"https:\\\/\\\/www.vagadeempregorj.com.br\\\/vagas-de-emprego-na-ems-mais-de-140-oportunidades-abertas\\\/#article\",\"isPartOf\":{\"@id\":\"https:\\\/\\\/www.vagadeempregorj.com.br\\\/vagas-de-emprego-na-ems-mais-de-140-oportunidades-abertas\\\/\"},\"author\":{\"name\":\"Michele\",\"@id\":\"https:\\\/\\\/www.vagadeempregorj.com.br\\\/#\\\/schema\\\/person\\\/3ddb19fa0539706786e502152f3aae95\"},\"headline\":\"Vagas de emprego na EMS: Mais de 140 oportunidades abertas\",\"datePublished\":\"2024-07-06T09:00:00+00:00\",\"dateModified\":\"2025-02-06T22:36:46+00:00\",\"mainEntityOfPage\":{\"@id\":\"https:\\\/\\\/www.vagadeempregorj.com.br\\\/vagas-de-emprego-na-ems-mais-de-140-oportunidades-abertas\\\/\"},\"wordCount\":744,\"image\":{\"@id\":\"https:\\\/\\\/www.vagadeempregorj.com.br\\\/vagas-de-emprego-na-ems-mais-de-140-oportunidades-abertas\\\/#primaryimage\"},\"thumbnailUrl\":\"https:\\\/\\\/www.vagadeempregorj.com.br\\\/wp-content\\\/uploads\\\/2024\\\/07\\\/image-4.png\",\"keywords\":[\"empregos\",\"oportunidades\"],\"articleSection\":[\"Vagas de Emprego Nacionais\"],\"inLanguage\":\"fr-FR\"},{\"@type\":\"WebPage\",\"@id\":\"https:\\\/\\\/www.vagadeempregorj.com.br\\\/vagas-de-emprego-na-ems-mais-de-140-oportunidades-abertas\\\/\",\"url\":\"https:\\\/\\\/www.vagadeempregorj.com.br\\\/vagas-de-emprego-na-ems-mais-de-140-oportunidades-abertas\\\/\",\"name\":\"Vagas de emprego na EMS: Mais de 140 oportunidades abertas -\",\"isPartOf\":{\"@id\":\"https:\\\/\\\/www.vagadeempregorj.com.br\\\/#website\"},\"primaryImageOfPage\":{\"@id\":\"https:\\\/\\\/www.vagadeempregorj.com.br\\\/vagas-de-emprego-na-ems-mais-de-140-oportunidades-abertas\\\/#primaryimage\"},\"image\":{\"@id\":\"https:\\\/\\\/www.vagadeempregorj.com.br\\\/vagas-de-emprego-na-ems-mais-de-140-oportunidades-abertas\\\/#primaryimage\"},\"thumbnailUrl\":\"https:\\\/\\\/www.vagadeempregorj.com.br\\\/wp-content\\\/uploads\\\/2024\\\/07\\\/image-4.png\",\"datePublished\":\"2024-07-06T09:00:00+00:00\",\"dateModified\":\"2025-02-06T22:36:46+00:00\",\"author\":{\"@id\":\"https:\\\/\\\/www.vagadeempregorj.com.br\\\/#\\\/schema\\\/person\\\/3ddb19fa0539706786e502152f3aae95\"},\"description\":\"Veja em Vagas de Emprego RJ as vagas de emprego com e sem experi\u00eancia no seu Estado e Regi\u00e3o!\",\"breadcrumb\":{\"@id\":\"https:\\\/\\\/www.vagadeempregorj.com.br\\\/vagas-de-emprego-na-ems-mais-de-140-oportunidades-abertas\\\/#breadcrumb\"},\"inLanguage\":\"fr-FR\",\"potentialAction\":[{\"@type\":\"ReadAction\",\"target\":[\"https:\\\/\\\/www.vagadeempregorj.com.br\\\/vagas-de-emprego-na-ems-mais-de-140-oportunidades-abertas\\\/\"]}]},{\"@type\":\"ImageObject\",\"inLanguage\":\"fr-FR\",\"@id\":\"https:\\\/\\\/www.vagadeempregorj.com.br\\\/vagas-de-emprego-na-ems-mais-de-140-oportunidades-abertas\\\/#primaryimage\",\"url\":\"https:\\\/\\\/www.vagadeempregorj.com.br\\\/wp-content\\\/uploads\\\/2024\\\/07\\\/image-4.png\",\"contentUrl\":\"https:\\\/\\\/www.vagadeempregorj.com.br\\\/wp-content\\\/uploads\\\/2024\\\/07\\\/image-4.png\",\"width\":960,\"height\":636},{\"@type\":\"BreadcrumbList\",\"@id\":\"https:\\\/\\\/www.vagadeempregorj.com.br\\\/vagas-de-emprego-na-ems-mais-de-140-oportunidades-abertas\\\/#breadcrumb\",\"itemListElement\":[{\"@type\":\"ListItem\",\"position\":1,\"name\":\"In\u00edcio\",\"item\":\"https:\\\/\\\/www.vagadeempregorj.com.br\\\/\"},{\"@type\":\"ListItem\",\"position\":2,\"name\":\"Vagas de Emprego Nacionais\",\"item\":\"https:\\\/\\\/www.vagadeempregorj.com.br\\\/vagas-de-emprego-nacionais\\\/\"},{\"@type\":\"ListItem\",\"position\":3,\"name\":\"Vagas de emprego na EMS: Mais de 140 oportunidades abertas\"}]},{\"@type\":\"WebSite\",\"@id\":\"https:\\\/\\\/www.vagadeempregorj.com.br\\\/#website\",\"url\":\"https:\\\/\\\/www.vagadeempregorj.com.br\\\/\",\"name\":\"\",\"description\":\"Conquiste Sonhos: Vagas, Benef\u00edcios e Economia para Transformar Vidas e Alcan\u00e7ar Melhorias Cotidianas\",\"potentialAction\":[{\"@type\":\"SearchAction\",\"target\":{\"@type\":\"EntryPoint\",\"urlTemplate\":\"https:\\\/\\\/www.vagadeempregorj.com.br\\\/?s={search_term_string}\"},\"query-input\":{\"@type\":\"PropertyValueSpecification\",\"valueRequired\":true,\"valueName\":\"search_term_string\"}}],\"inLanguage\":\"fr-FR\"},{\"@type\":\"Person\",\"@id\":\"https:\\\/\\\/www.vagadeempregorj.com.br\\\/#\\\/schema\\\/person\\\/3ddb19fa0539706786e502152f3aae95\",\"name\":\"Michele\",\"image\":{\"@type\":\"ImageObject\",\"inLanguage\":\"fr-FR\",\"@id\":\"https:\\\/\\\/secure.gravatar.com\\\/avatar\\\/6b0eb9d22841282815e2cd856a0061c45e1761cd54b22e952d98c4746939aa85?s=96&r=g\",\"url\":\"https:\\\/\\\/secure.gravatar.com\\\/avatar\\\/6b0eb9d22841282815e2cd856a0061c45e1761cd54b22e952d98c4746939aa85?s=96&r=g\",\"contentUrl\":\"https:\\\/\\\/secure.gravatar.com\\\/avatar\\\/6b0eb9d22841282815e2cd856a0061c45e1761cd54b22e952d98c4746939aa85?s=96&r=g\",\"caption\":\"Michele\"},\"description\":\"Formada em Letras - Portugu\u00eas\\\/ Ingl\u00eas, e idealizadora do site Escritora de Sucesso, busca expandir o conhecimento de todos com informa\u00e7\u00f5es relevantes sobre diversos assuntos, enquanto redatora. No Vaga de Emprego RJ, traz oportunidades e dicas sobre o mercado de trabalho.\",\"url\":\"https:\\\/\\\/www.vagadeempregorj.com.br\\\/fr\\\/author\\\/michele\\\/\"}]}<\/script>\n<!-- \/ Yoast SEO plugin. -->","yoast_head_json":{"title":"Vagas de emprego na EMS: Mais de 140 oportunidades abertas -","description":"Veja em Vagas de Emprego RJ as vagas de emprego com e sem experi\u00eancia no seu Estado e Regi\u00e3o!","robots":{"index":"index","follow":"follow","max-snippet":"max-snippet:-1","max-image-preview":"max-image-preview:large","max-video-preview":"max-video-preview:-1"},"canonical":"https:\/\/www.vagadeempregorj.com.br\/fr\/vagas-de-emprego-na-ems-mais-de-140-oportunidades-abertas\/","og_locale":"fr_FR","og_type":"article","og_title":"Vagas de emprego na EMS: Mais de 140 oportunidades abertas -","og_description":"Veja em Vagas de Emprego RJ as vagas de emprego com e sem experi\u00eancia no seu Estado e Regi\u00e3o!","og_url":"https:\/\/www.vagadeempregorj.com.br\/fr\/vagas-de-emprego-na-ems-mais-de-140-oportunidades-abertas\/","article_publisher":"https:\/\/www.facebook.com\/empregobrasiloficial","article_published_time":"2024-07-06T09:00:00+00:00","article_modified_time":"2025-02-06T22:36:46+00:00","og_image":[{"width":960,"height":636,"url":"https:\/\/www.vagadeempregorj.com.br\/wp-content\/uploads\/2024\/07\/image-4.png","type":"image\/png"}],"author":"Michele","twitter_card":"summary_large_image","twitter_misc":{"Written by":"Michele","Est. reading time":"4 minutes"},"schema":{"@context":"https:\/\/schema.org","@graph":[{"@type":"Article","@id":"https:\/\/www.vagadeempregorj.com.br\/vagas-de-emprego-na-ems-mais-de-140-oportunidades-abertas\/#article","isPartOf":{"@id":"https:\/\/www.vagadeempregorj.com.br\/vagas-de-emprego-na-ems-mais-de-140-oportunidades-abertas\/"},"author":{"name":"Michele","@id":"https:\/\/www.vagadeempregorj.com.br\/#\/schema\/person\/3ddb19fa0539706786e502152f3aae95"},"headline":"Vagas de emprego na EMS: Mais de 140 oportunidades abertas","datePublished":"2024-07-06T09:00:00+00:00","dateModified":"2025-02-06T22:36:46+00:00","mainEntityOfPage":{"@id":"https:\/\/www.vagadeempregorj.com.br\/vagas-de-emprego-na-ems-mais-de-140-oportunidades-abertas\/"},"wordCount":744,"image":{"@id":"https:\/\/www.vagadeempregorj.com.br\/vagas-de-emprego-na-ems-mais-de-140-oportunidades-abertas\/#primaryimage"},"thumbnailUrl":"https:\/\/www.vagadeempregorj.com.br\/wp-content\/uploads\/2024\/07\/image-4.png","keywords":["empregos","oportunidades"],"articleSection":["Vagas de Emprego Nacionais"],"inLanguage":"fr-FR"},{"@type":"WebPage","@id":"https:\/\/www.vagadeempregorj.com.br\/vagas-de-emprego-na-ems-mais-de-140-oportunidades-abertas\/","url":"https:\/\/www.vagadeempregorj.com.br\/vagas-de-emprego-na-ems-mais-de-140-oportunidades-abertas\/","name":"Vagas de emprego na EMS: Mais de 140 oportunidades abertas -","isPartOf":{"@id":"https:\/\/www.vagadeempregorj.com.br\/#website"},"primaryImageOfPage":{"@id":"https:\/\/www.vagadeempregorj.com.br\/vagas-de-emprego-na-ems-mais-de-140-oportunidades-abertas\/#primaryimage"},"image":{"@id":"https:\/\/www.vagadeempregorj.com.br\/vagas-de-emprego-na-ems-mais-de-140-oportunidades-abertas\/#primaryimage"},"thumbnailUrl":"https:\/\/www.vagadeempregorj.com.br\/wp-content\/uploads\/2024\/07\/image-4.png","datePublished":"2024-07-06T09:00:00+00:00","dateModified":"2025-02-06T22:36:46+00:00","author":{"@id":"https:\/\/www.vagadeempregorj.com.br\/#\/schema\/person\/3ddb19fa0539706786e502152f3aae95"},"description":"Veja em Vagas de Emprego RJ as vagas de emprego com e sem experi\u00eancia no seu Estado e Regi\u00e3o!","breadcrumb":{"@id":"https:\/\/www.vagadeempregorj.com.br\/vagas-de-emprego-na-ems-mais-de-140-oportunidades-abertas\/#breadcrumb"},"inLanguage":"fr-FR","potentialAction":[{"@type":"ReadAction","target":["https:\/\/www.vagadeempregorj.com.br\/vagas-de-emprego-na-ems-mais-de-140-oportunidades-abertas\/"]}]},{"@type":"ImageObject","inLanguage":"fr-FR","@id":"https:\/\/www.vagadeempregorj.com.br\/vagas-de-emprego-na-ems-mais-de-140-oportunidades-abertas\/#primaryimage","url":"https:\/\/www.vagadeempregorj.com.br\/wp-content\/uploads\/2024\/07\/image-4.png","contentUrl":"https:\/\/www.vagadeempregorj.com.br\/wp-content\/uploads\/2024\/07\/image-4.png","width":960,"height":636},{"@type":"BreadcrumbList","@id":"https:\/\/www.vagadeempregorj.com.br\/vagas-de-emprego-na-ems-mais-de-140-oportunidades-abertas\/#breadcrumb","itemListElement":[{"@type":"ListItem","position":1,"name":"In\u00edcio","item":"https:\/\/www.vagadeempregorj.com.br\/"},{"@type":"ListItem","position":2,"name":"Vagas de Emprego Nacionais","item":"https:\/\/www.vagadeempregorj.com.br\/vagas-de-emprego-nacionais\/"},{"@type":"ListItem","position":3,"name":"Vagas de emprego na EMS: Mais de 140 oportunidades abertas"}]},{"@type":"WebSite","@id":"https:\/\/www.vagadeempregorj.com.br\/#website","url":"https:\/\/www.vagadeempregorj.com.br\/","name":"","description":"Conquiste Sonhos: Vagas, Benef\u00edcios e Economia para Transformar Vidas e Alcan\u00e7ar Melhorias Cotidianas","potentialAction":[{"@type":"SearchAction","target":{"@type":"EntryPoint","urlTemplate":"https:\/\/www.vagadeempregorj.com.br\/?s={search_term_string}"},"query-input":{"@type":"PropertyValueSpecification","valueRequired":true,"valueName":"search_term_string"}}],"inLanguage":"fr-FR"},{"@type":"Person","@id":"https:\/\/www.vagadeempregorj.com.br\/#\/schema\/person\/3ddb19fa0539706786e502152f3aae95","name":"Michele","image":{"@type":"ImageObject","inLanguage":"fr-FR","@id":"https:\/\/secure.gravatar.com\/avatar\/6b0eb9d22841282815e2cd856a0061c45e1761cd54b22e952d98c4746939aa85?s=96&r=g","url":"https:\/\/secure.gravatar.com\/avatar\/6b0eb9d22841282815e2cd856a0061c45e1761cd54b22e952d98c4746939aa85?s=96&r=g","contentUrl":"https:\/\/secure.gravatar.com\/avatar\/6b0eb9d22841282815e2cd856a0061c45e1761cd54b22e952d98c4746939aa85?s=96&r=g","caption":"Michele"},"description":"Formada em Letras - Portugu\u00eas\/ Ingl\u00eas, e idealizadora do site Escritora de Sucesso, busca expandir o conhecimento de todos com informa\u00e7\u00f5es relevantes sobre diversos assuntos, enquanto redatora. No Vaga de Emprego RJ, traz oportunidades e dicas sobre o mercado de trabalho.","url":"https:\/\/www.vagadeempregorj.com.br\/fr\/author\/michele\/"}]}},"_links":{"self":[{"href":"https:\/\/www.vagadeempregorj.com.br\/fr\/wp-json\/wp\/v2\/posts\/39874","targetHints":{"allow":["GET"]}}],"collection":[{"href":"https:\/\/www.vagadeempregorj.com.br\/fr\/wp-json\/wp\/v2\/posts"}],"about":[{"href":"https:\/\/www.vagadeempregorj.com.br\/fr\/wp-json\/wp\/v2\/types\/post"}],"author":[{"embeddable":true,"href":"https:\/\/www.vagadeempregorj.com.br\/fr\/wp-json\/wp\/v2\/users\/16"}],"replies":[{"embeddable":true,"href":"https:\/\/www.vagadeempregorj.com.br\/fr\/wp-json\/wp\/v2\/comments?post=39874"}],"version-history":[{"count":0,"href":"https:\/\/www.vagadeempregorj.com.br\/fr\/wp-json\/wp\/v2\/posts\/39874\/revisions"}],"wp:featuredmedia":[{"embeddable":true,"href":"https:\/\/www.vagadeempregorj.com.br\/fr\/wp-json\/wp\/v2\/media\/39881"}],"wp:attachment":[{"href":"https:\/\/www.vagadeempregorj.com.br\/fr\/wp-json\/wp\/v2\/media?parent=39874"}],"wp:term":[{"taxonomy":"category","embeddable":true,"href":"https:\/\/www.vagadeempregorj.com.br\/fr\/wp-json\/wp\/v2\/categories?post=39874"},{"taxonomy":"post_tag","embeddable":true,"href":"https:\/\/www.vagadeempregorj.com.br\/fr\/wp-json\/wp\/v2\/tags?post=39874"}],"curies":[{"name":"wp","href":"https:\/\/api.w.org\/{rel}","templated":true}]}}