{"id":39947,"date":"2024-07-17T06:00:00","date_gmt":"2024-07-17T09:00:00","guid":{"rendered":"https:\/\/www.vagadeempregorj.com.br\/?p=39947"},"modified":"2024-07-14T14:35:29","modified_gmt":"2024-07-14T17:35:29","slug":"movida-tem-novas-vagas-de-emprego-pelo-pais-veja-as-funcoes","status":"publish","type":"post","link":"https:\/\/www.vagadeempregorj.com.br\/fr\/movida-tem-novas-vagas-de-emprego-pelo-pais-veja-as-funcoes\/","title":{"rendered":"Movida tem NOVAS vagas de emprego pelo pa\u00eds; veja as fun\u00e7\u00f5es"},"content":{"rendered":"<p>Encontrar oportunidades de emprego em empresas renomadas e em expans\u00e3o \u00e9 crucial para muitos profissionais que buscam desenvolvimento e estabilidade em suas carreiras.&nbsp;<\/p>\n\n\n\n<p>A Movida, uma das principais empresas do setor de loca\u00e7\u00e3o de ve\u00edculos do Brasil, est\u00e1 oferecendo novas vagas em diversas localidades do pa\u00eds atrav\u00e9s da plataforma Gupy.&nbsp;<\/p>\n\n\n\n<h2 class=\"wp-block-heading\">Sobre a Movida<\/h2>\n\n\n\n<p>Fundada em 2006, a Movida \u00e9 uma das maiores empresas de loca\u00e7\u00e3o de ve\u00edculos do Brasil, destacando-se n\u00e3o apenas pelo seu amplo portf\u00f3lio de servi\u00e7os, mas tamb\u00e9m pelo compromisso com a qualidade e a inova\u00e7\u00e3o.&nbsp;<\/p>\n\n\n\n<p>Com uma frota diversificada que atende desde o segmento de loca\u00e7\u00e3o de autom\u00f3veis at\u00e9 solu\u00e7\u00f5es corporativas e terceiriza\u00e7\u00e3o de frotas, a Movida tem expandido sua presen\u00e7a de forma significativa no mercado nacional.<\/p>\n\n\n\n<figure class=\"wp-block-image size-large\"><img loading=\"lazy\" decoding=\"async\" width=\"1024\" height=\"683\" src=\"https:\/\/www.vagadeempregorj.com.br\/wp-content\/uploads\/2024\/07\/image-24-1024x683.png\" alt=\"\" class=\"wp-image-39968\" srcset=\"https:\/\/www.vagadeempregorj.com.br\/wp-content\/uploads\/2024\/07\/image-24-1024x683.png 1024w, https:\/\/www.vagadeempregorj.com.br\/wp-content\/uploads\/2024\/07\/image-24-300x200.png 300w, https:\/\/www.vagadeempregorj.com.br\/wp-content\/uploads\/2024\/07\/image-24-768x512.png 768w, https:\/\/www.vagadeempregorj.com.br\/wp-content\/uploads\/2024\/07\/image-24-150x100.png 150w, https:\/\/www.vagadeempregorj.com.br\/wp-content\/uploads\/2024\/07\/image-24.png 1200w\" sizes=\"auto, (max-width: 1024px) 100vw, 1024px\" \/><\/figure>\n\n\n\n<p>A empresa faz parte de um grupo que valoriza a sustentabilidade e busca constantemente por solu\u00e7\u00f5es inovadoras para otimizar a experi\u00eancia do cliente. Al\u00e9m disso, tem investido em tecnologia para melhorar seus processos internos e oferecer servi\u00e7os cada vez mais eficientes e personalizados.<\/p>\n\n\n\n<h2 class=\"wp-block-heading\">Oportunidades de emprego abertas na Movida<\/h2>\n\n\n\n<p>As vagas anunciadas pela Movida na plataforma Gupy abrangem diversas \u00e1reas e n\u00edveis de experi\u00eancia, proporcionando oportunidades para profissionais de diferentes perfis. Entre as fun\u00e7\u00f5es dispon\u00edveis, destacam-se:<\/p>\n\n\n\n<h3 class=\"wp-block-heading\">Analista financeiro<\/h3>\n\n\n\n<p>Como analista financeiro na Movida, voc\u00ea ser\u00e1 respons\u00e1vel por analisar e controlar os processos financeiros da empresa, contribuindo para a gest\u00e3o eficiente dos recursos e o cumprimento das metas estabelecidas. \u00c9 desej\u00e1vel experi\u00eancia anterior na \u00e1rea financeira e conhecimento em an\u00e1lise de dados.<\/p>\n\n\n\n<h3 class=\"wp-block-heading\">Gerente de opera\u00e7\u00f5es<\/h3>\n\n\n\n<p>O papel de gerente de opera\u00e7\u00f5es na Movida envolve a supervis\u00e3o e o gerenciamento das opera\u00e7\u00f5es di\u00e1rias em uma ou mais filiais da empresa. Este cargo requer habilidades de lideran\u00e7a, capacidade de tomada de decis\u00f5es estrat\u00e9gicas e experi\u00eancia pr\u00e9via em gest\u00e3o operacional.<\/p>\n\n\n\n<h3 class=\"wp-block-heading\">Assistente de atendimento ao cliente<\/h3>\n\n\n\n<p>Para o cargo de assistente de atendimento ao cliente, a Movida busca profissionais com habilidades interpessoais desenvolvidas e capacidade de solucionar problemas de forma eficiente. Este papel \u00e9 fundamental para garantir a satisfa\u00e7\u00e3o e fideliza\u00e7\u00e3o dos clientes da Movida.<\/p>\n\n\n\n<h3 class=\"wp-block-heading\">Desenvolvedor Full Stack<\/h3>\n\n\n\n<p>Na \u00e1rea de tecnologia, a companhia est\u00e1 em busca de desenvolvedores Full Stack com experi\u00eancia em desenvolvimento de software, familiaridade com metodologias \u00e1geis e capacidade de trabalhar em equipe. Esta \u00e9 uma oportunidade para profissionais que desejam contribuir com solu\u00e7\u00f5es inovadoras para os desafios tecnol\u00f3gicos da empresa.<\/p>\n\n\n\n<h3 class=\"wp-block-heading\">Consultor de vendas<\/h3>\n\n\n\n<p>Os consultores de vendas na Movida s\u00e3o respons\u00e1veis por promover os servi\u00e7os da empresa, identificar oportunidades de neg\u00f3cio e oferecer solu\u00e7\u00f5es personalizadas aos clientes. Esta fun\u00e7\u00e3o exige habilidades comerciais desenvolvidas e capacidade de negocia\u00e7\u00e3o.<\/p>\n\n\n\n<h2 class=\"wp-block-heading\">Como se candidatar<\/h2>\n\n\n\n<p>Se voc\u00ea se identificou com alguma das oportunidades mencionadas ou deseja explorar outros cargos dispon\u00edveis na Movida, o processo de candidatura \u00e9 simples e realizado atrav\u00e9s da plataforma Gupy. Siga os passos abaixo para se candidatar:<\/p>\n\n\n\n<ol class=\"wp-block-list\">\n<li><strong>Acesse o site da Gupy<\/strong>: Visite o site da Movida na <a href=\"https:\/\/movida.gupy.io\/\">plataforma Gupy<\/a>.<\/li>\n<\/ol>\n\n\n\n<ol class=\"wp-block-list\" start=\"2\">\n<li><strong>Explore as vagas dispon\u00edveis<\/strong>: Navegue pelas diferentes oportunidades listadas e clique naquela que mais se alinha com seu perfil e objetivos de carreira.<\/li>\n<\/ol>\n\n\n\n<ol class=\"wp-block-list\" start=\"3\">\n<li><strong>Leia os requisitos e responsabilidades<\/strong>: Antes de se candidatar, certifique-se de que voc\u00ea atende aos requisitos necess\u00e1rios para a vaga desejada e compreenda as responsabilidades associadas ao cargo.<\/li>\n<\/ol>\n\n\n\n<ol class=\"wp-block-list\" start=\"4\">\n<li><strong>Envie sua candidatura<\/strong>: Preencha o formul\u00e1rio de candidatura com suas informa\u00e7\u00f5es pessoais, experi\u00eancias relevantes e curr\u00edculo atualizado. Algumas vagas podem exigir respostas a perguntas espec\u00edficas que ajudar\u00e3o os recrutadores a entender melhor suas qualifica\u00e7\u00f5es e motiva\u00e7\u00f5es.<\/li>\n<\/ol>\n\n\n\n<ol class=\"wp-block-list\" start=\"5\">\n<li><strong>Acompanhe seu processo<\/strong>: Ap\u00f3s enviar sua candidatura, acompanhe seu processo atrav\u00e9s da plataforma Gupy. Caso seu perfil seja selecionado para a pr\u00f3xima fase, voc\u00ea poder\u00e1 ser contatado para entrevistas ou outras etapas do processo seletivo.<\/li>\n<\/ol>\n\n\n\n<p>A Movida valoriza a diversidade e est\u00e1 comprometida em proporcionar um ambiente de trabalho inclusivo e enriquecedor para todos os seus colaboradores. Al\u00e9m das oportunidades de crescimento profissional, a empresa oferece benef\u00edcios competitivos e programas de desenvolvimento que visam ao aprimoramento cont\u00ednuo dos seus funcion\u00e1rios.<\/p>\n\n\n\n<p><strong>Veja tamb\u00e9m: <a href=\"https:\/\/www.vagadeempregorj.com.br\/fr\/gol-linhas-aereas-abre-novas-vagas-de-emprego-pelo-pais\/\">GOL Linhas A\u00e9reas abre NOVAS vagas de emprego pelo pa\u00eds<\/a><\/strong><\/p>\n\n\n\n<p>17 de julho de 2024<\/p>","protected":false},"excerpt":{"rendered":"<p>Encontrar oportunidades de emprego em empresas renomadas e em expans\u00e3o \u00e9 crucial para muitos profissionais que buscam desenvolvimento e estabilidade em suas carreiras.&nbsp; A Movida, uma das principais empresas do setor de loca\u00e7\u00e3o de ve\u00edculos do Brasil, est\u00e1 oferecendo novas vagas em diversas localidades do pa\u00eds atrav\u00e9s da plataforma Gupy.&nbsp; Sobre a Movida Fundada em&hellip;&nbsp;<\/p>","protected":false},"author":16,"featured_media":39968,"comment_status":"closed","ping_status":"closed","sticky":false,"template":"","format":"standard","meta":{"neve_meta_sidebar":"","neve_meta_container":"","neve_meta_enable_content_width":"","neve_meta_content_width":0,"neve_meta_title_alignment":"","neve_meta_author_avatar":"","neve_post_elements_order":"","neve_meta_disable_header":"","neve_meta_disable_footer":"","neve_meta_disable_title":"","footnotes":""},"categories":[123],"tags":[830,608],"class_list":["post-39947","post","type-post","status-publish","format-standard","has-post-thumbnail","hentry","category-vagas-de-emprego-nacionais","tag-empregos","tag-oportunidades"],"yoast_head":"<!-- This site is optimized with the Yoast SEO plugin v27.5 - https:\/\/yoast.com\/product\/yoast-seo-wordpress\/ -->\n<title>Movida tem NOVAS vagas de emprego pelo pa\u00eds; veja as fun\u00e7\u00f5es -<\/title>\n<meta name=\"description\" content=\"Veja em Vagas de Emprego RJ as vagas de emprego com e sem experi\u00eancia no seu Estado e Regi\u00e3o!\" \/>\n<meta name=\"robots\" content=\"index, follow, max-snippet:-1, max-image-preview:large, max-video-preview:-1\" \/>\n<link rel=\"canonical\" href=\"https:\/\/www.vagadeempregorj.com.br\/fr\/movida-tem-novas-vagas-de-emprego-pelo-pais-veja-as-funcoes\/\" \/>\n<meta property=\"og:locale\" content=\"fr_FR\" \/>\n<meta property=\"og:type\" content=\"article\" \/>\n<meta property=\"og:title\" content=\"Movida tem NOVAS vagas de emprego pelo pa\u00eds; veja as fun\u00e7\u00f5es -\" \/>\n<meta property=\"og:description\" content=\"Veja em Vagas de Emprego RJ as vagas de emprego com e sem experi\u00eancia no seu Estado e Regi\u00e3o!\" \/>\n<meta property=\"og:url\" content=\"https:\/\/www.vagadeempregorj.com.br\/fr\/movida-tem-novas-vagas-de-emprego-pelo-pais-veja-as-funcoes\/\" \/>\n<meta property=\"article:publisher\" content=\"https:\/\/www.facebook.com\/empregobrasiloficial\" \/>\n<meta property=\"article:published_time\" content=\"2024-07-17T09:00:00+00:00\" \/>\n<meta property=\"og:image\" content=\"https:\/\/www.vagadeempregorj.com.br\/wp-content\/uploads\/2024\/07\/image-24.png\" \/>\n\t<meta property=\"og:image:width\" content=\"1200\" \/>\n\t<meta property=\"og:image:height\" content=\"800\" \/>\n\t<meta property=\"og:image:type\" content=\"image\/png\" \/>\n<meta name=\"author\" content=\"Michele\" \/>\n<meta name=\"twitter:card\" content=\"summary_large_image\" \/>\n<meta name=\"twitter:label1\" content=\"\u00c9crit par\" \/>\n\t<meta name=\"twitter:data1\" content=\"Michele\" \/>\n\t<meta name=\"twitter:label2\" content=\"Dur\u00e9e de lecture estim\u00e9e\" \/>\n\t<meta name=\"twitter:data2\" content=\"4 minutes\" \/>\n<script type=\"application\/ld+json\" class=\"yoast-schema-graph\">{\"@context\":\"https:\\\/\\\/schema.org\",\"@graph\":[{\"@type\":\"Article\",\"@id\":\"https:\\\/\\\/www.vagadeempregorj.com.br\\\/movida-tem-novas-vagas-de-emprego-pelo-pais-veja-as-funcoes\\\/#article\",\"isPartOf\":{\"@id\":\"https:\\\/\\\/www.vagadeempregorj.com.br\\\/movida-tem-novas-vagas-de-emprego-pelo-pais-veja-as-funcoes\\\/\"},\"author\":{\"name\":\"Michele\",\"@id\":\"https:\\\/\\\/www.vagadeempregorj.com.br\\\/#\\\/schema\\\/person\\\/3ddb19fa0539706786e502152f3aae95\"},\"headline\":\"Movida tem NOVAS vagas de emprego pelo pa\u00eds; veja as fun\u00e7\u00f5es\",\"datePublished\":\"2024-07-17T09:00:00+00:00\",\"mainEntityOfPage\":{\"@id\":\"https:\\\/\\\/www.vagadeempregorj.com.br\\\/movida-tem-novas-vagas-de-emprego-pelo-pais-veja-as-funcoes\\\/\"},\"wordCount\":735,\"image\":{\"@id\":\"https:\\\/\\\/www.vagadeempregorj.com.br\\\/movida-tem-novas-vagas-de-emprego-pelo-pais-veja-as-funcoes\\\/#primaryimage\"},\"thumbnailUrl\":\"https:\\\/\\\/www.vagadeempregorj.com.br\\\/wp-content\\\/uploads\\\/2024\\\/07\\\/image-24.png\",\"keywords\":[\"empregos\",\"oportunidades\"],\"articleSection\":[\"Vagas de Emprego Nacionais\"],\"inLanguage\":\"fr-FR\"},{\"@type\":\"WebPage\",\"@id\":\"https:\\\/\\\/www.vagadeempregorj.com.br\\\/movida-tem-novas-vagas-de-emprego-pelo-pais-veja-as-funcoes\\\/\",\"url\":\"https:\\\/\\\/www.vagadeempregorj.com.br\\\/movida-tem-novas-vagas-de-emprego-pelo-pais-veja-as-funcoes\\\/\",\"name\":\"Movida tem NOVAS vagas de emprego pelo pa\u00eds; veja as fun\u00e7\u00f5es -\",\"isPartOf\":{\"@id\":\"https:\\\/\\\/www.vagadeempregorj.com.br\\\/#website\"},\"primaryImageOfPage\":{\"@id\":\"https:\\\/\\\/www.vagadeempregorj.com.br\\\/movida-tem-novas-vagas-de-emprego-pelo-pais-veja-as-funcoes\\\/#primaryimage\"},\"image\":{\"@id\":\"https:\\\/\\\/www.vagadeempregorj.com.br\\\/movida-tem-novas-vagas-de-emprego-pelo-pais-veja-as-funcoes\\\/#primaryimage\"},\"thumbnailUrl\":\"https:\\\/\\\/www.vagadeempregorj.com.br\\\/wp-content\\\/uploads\\\/2024\\\/07\\\/image-24.png\",\"datePublished\":\"2024-07-17T09:00:00+00:00\",\"author\":{\"@id\":\"https:\\\/\\\/www.vagadeempregorj.com.br\\\/#\\\/schema\\\/person\\\/3ddb19fa0539706786e502152f3aae95\"},\"description\":\"Veja em Vagas de Emprego RJ as vagas de emprego com e sem experi\u00eancia no seu Estado e Regi\u00e3o!\",\"breadcrumb\":{\"@id\":\"https:\\\/\\\/www.vagadeempregorj.com.br\\\/movida-tem-novas-vagas-de-emprego-pelo-pais-veja-as-funcoes\\\/#breadcrumb\"},\"inLanguage\":\"fr-FR\",\"potentialAction\":[{\"@type\":\"ReadAction\",\"target\":[\"https:\\\/\\\/www.vagadeempregorj.com.br\\\/movida-tem-novas-vagas-de-emprego-pelo-pais-veja-as-funcoes\\\/\"]}]},{\"@type\":\"ImageObject\",\"inLanguage\":\"fr-FR\",\"@id\":\"https:\\\/\\\/www.vagadeempregorj.com.br\\\/movida-tem-novas-vagas-de-emprego-pelo-pais-veja-as-funcoes\\\/#primaryimage\",\"url\":\"https:\\\/\\\/www.vagadeempregorj.com.br\\\/wp-content\\\/uploads\\\/2024\\\/07\\\/image-24.png\",\"contentUrl\":\"https:\\\/\\\/www.vagadeempregorj.com.br\\\/wp-content\\\/uploads\\\/2024\\\/07\\\/image-24.png\",\"width\":1200,\"height\":800},{\"@type\":\"BreadcrumbList\",\"@id\":\"https:\\\/\\\/www.vagadeempregorj.com.br\\\/movida-tem-novas-vagas-de-emprego-pelo-pais-veja-as-funcoes\\\/#breadcrumb\",\"itemListElement\":[{\"@type\":\"ListItem\",\"position\":1,\"name\":\"In\u00edcio\",\"item\":\"https:\\\/\\\/www.vagadeempregorj.com.br\\\/\"},{\"@type\":\"ListItem\",\"position\":2,\"name\":\"Vagas de Emprego Nacionais\",\"item\":\"https:\\\/\\\/www.vagadeempregorj.com.br\\\/vagas-de-emprego-nacionais\\\/\"},{\"@type\":\"ListItem\",\"position\":3,\"name\":\"Movida tem NOVAS vagas de emprego pelo pa\u00eds; veja as fun\u00e7\u00f5es\"}]},{\"@type\":\"WebSite\",\"@id\":\"https:\\\/\\\/www.vagadeempregorj.com.br\\\/#website\",\"url\":\"https:\\\/\\\/www.vagadeempregorj.com.br\\\/\",\"name\":\"\",\"description\":\"Conquiste Sonhos: Vagas, Benef\u00edcios e Economia para Transformar Vidas e Alcan\u00e7ar Melhorias Cotidianas\",\"potentialAction\":[{\"@type\":\"SearchAction\",\"target\":{\"@type\":\"EntryPoint\",\"urlTemplate\":\"https:\\\/\\\/www.vagadeempregorj.com.br\\\/?s={search_term_string}\"},\"query-input\":{\"@type\":\"PropertyValueSpecification\",\"valueRequired\":true,\"valueName\":\"search_term_string\"}}],\"inLanguage\":\"fr-FR\"},{\"@type\":\"Person\",\"@id\":\"https:\\\/\\\/www.vagadeempregorj.com.br\\\/#\\\/schema\\\/person\\\/3ddb19fa0539706786e502152f3aae95\",\"name\":\"Michele\",\"image\":{\"@type\":\"ImageObject\",\"inLanguage\":\"fr-FR\",\"@id\":\"https:\\\/\\\/secure.gravatar.com\\\/avatar\\\/6b0eb9d22841282815e2cd856a0061c45e1761cd54b22e952d98c4746939aa85?s=96&r=g\",\"url\":\"https:\\\/\\\/secure.gravatar.com\\\/avatar\\\/6b0eb9d22841282815e2cd856a0061c45e1761cd54b22e952d98c4746939aa85?s=96&r=g\",\"contentUrl\":\"https:\\\/\\\/secure.gravatar.com\\\/avatar\\\/6b0eb9d22841282815e2cd856a0061c45e1761cd54b22e952d98c4746939aa85?s=96&r=g\",\"caption\":\"Michele\"},\"description\":\"Formada em Letras - Portugu\u00eas\\\/ Ingl\u00eas, e idealizadora do site Escritora de Sucesso, busca expandir o conhecimento de todos com informa\u00e7\u00f5es relevantes sobre diversos assuntos, enquanto redatora. No Vaga de Emprego RJ, traz oportunidades e dicas sobre o mercado de trabalho.\",\"url\":\"https:\\\/\\\/www.vagadeempregorj.com.br\\\/fr\\\/author\\\/michele\\\/\"}]}<\/script>\n<!-- \/ Yoast SEO plugin. -->","yoast_head_json":{"title":"Movida tem NOVAS vagas de emprego pelo pa\u00eds; veja as fun\u00e7\u00f5es -","description":"Veja em Vagas de Emprego RJ as vagas de emprego com e sem experi\u00eancia no seu Estado e Regi\u00e3o!","robots":{"index":"index","follow":"follow","max-snippet":"max-snippet:-1","max-image-preview":"max-image-preview:large","max-video-preview":"max-video-preview:-1"},"canonical":"https:\/\/www.vagadeempregorj.com.br\/fr\/movida-tem-novas-vagas-de-emprego-pelo-pais-veja-as-funcoes\/","og_locale":"fr_FR","og_type":"article","og_title":"Movida tem NOVAS vagas de emprego pelo pa\u00eds; veja as fun\u00e7\u00f5es -","og_description":"Veja em Vagas de Emprego RJ as vagas de emprego com e sem experi\u00eancia no seu Estado e Regi\u00e3o!","og_url":"https:\/\/www.vagadeempregorj.com.br\/fr\/movida-tem-novas-vagas-de-emprego-pelo-pais-veja-as-funcoes\/","article_publisher":"https:\/\/www.facebook.com\/empregobrasiloficial","article_published_time":"2024-07-17T09:00:00+00:00","og_image":[{"width":1200,"height":800,"url":"https:\/\/www.vagadeempregorj.com.br\/wp-content\/uploads\/2024\/07\/image-24.png","type":"image\/png"}],"author":"Michele","twitter_card":"summary_large_image","twitter_misc":{"\u00c9crit par":"Michele","Dur\u00e9e de lecture estim\u00e9e":"4 minutes"},"schema":{"@context":"https:\/\/schema.org","@graph":[{"@type":"Article","@id":"https:\/\/www.vagadeempregorj.com.br\/movida-tem-novas-vagas-de-emprego-pelo-pais-veja-as-funcoes\/#article","isPartOf":{"@id":"https:\/\/www.vagadeempregorj.com.br\/movida-tem-novas-vagas-de-emprego-pelo-pais-veja-as-funcoes\/"},"author":{"name":"Michele","@id":"https:\/\/www.vagadeempregorj.com.br\/#\/schema\/person\/3ddb19fa0539706786e502152f3aae95"},"headline":"Movida tem NOVAS vagas de emprego pelo pa\u00eds; veja as fun\u00e7\u00f5es","datePublished":"2024-07-17T09:00:00+00:00","mainEntityOfPage":{"@id":"https:\/\/www.vagadeempregorj.com.br\/movida-tem-novas-vagas-de-emprego-pelo-pais-veja-as-funcoes\/"},"wordCount":735,"image":{"@id":"https:\/\/www.vagadeempregorj.com.br\/movida-tem-novas-vagas-de-emprego-pelo-pais-veja-as-funcoes\/#primaryimage"},"thumbnailUrl":"https:\/\/www.vagadeempregorj.com.br\/wp-content\/uploads\/2024\/07\/image-24.png","keywords":["empregos","oportunidades"],"articleSection":["Vagas de Emprego Nacionais"],"inLanguage":"fr-FR"},{"@type":"WebPage","@id":"https:\/\/www.vagadeempregorj.com.br\/movida-tem-novas-vagas-de-emprego-pelo-pais-veja-as-funcoes\/","url":"https:\/\/www.vagadeempregorj.com.br\/movida-tem-novas-vagas-de-emprego-pelo-pais-veja-as-funcoes\/","name":"Movida tem NOVAS vagas de emprego pelo pa\u00eds; veja as fun\u00e7\u00f5es -","isPartOf":{"@id":"https:\/\/www.vagadeempregorj.com.br\/#website"},"primaryImageOfPage":{"@id":"https:\/\/www.vagadeempregorj.com.br\/movida-tem-novas-vagas-de-emprego-pelo-pais-veja-as-funcoes\/#primaryimage"},"image":{"@id":"https:\/\/www.vagadeempregorj.com.br\/movida-tem-novas-vagas-de-emprego-pelo-pais-veja-as-funcoes\/#primaryimage"},"thumbnailUrl":"https:\/\/www.vagadeempregorj.com.br\/wp-content\/uploads\/2024\/07\/image-24.png","datePublished":"2024-07-17T09:00:00+00:00","author":{"@id":"https:\/\/www.vagadeempregorj.com.br\/#\/schema\/person\/3ddb19fa0539706786e502152f3aae95"},"description":"Veja em Vagas de Emprego RJ as vagas de emprego com e sem experi\u00eancia no seu Estado e Regi\u00e3o!","breadcrumb":{"@id":"https:\/\/www.vagadeempregorj.com.br\/movida-tem-novas-vagas-de-emprego-pelo-pais-veja-as-funcoes\/#breadcrumb"},"inLanguage":"fr-FR","potentialAction":[{"@type":"ReadAction","target":["https:\/\/www.vagadeempregorj.com.br\/movida-tem-novas-vagas-de-emprego-pelo-pais-veja-as-funcoes\/"]}]},{"@type":"ImageObject","inLanguage":"fr-FR","@id":"https:\/\/www.vagadeempregorj.com.br\/movida-tem-novas-vagas-de-emprego-pelo-pais-veja-as-funcoes\/#primaryimage","url":"https:\/\/www.vagadeempregorj.com.br\/wp-content\/uploads\/2024\/07\/image-24.png","contentUrl":"https:\/\/www.vagadeempregorj.com.br\/wp-content\/uploads\/2024\/07\/image-24.png","width":1200,"height":800},{"@type":"BreadcrumbList","@id":"https:\/\/www.vagadeempregorj.com.br\/movida-tem-novas-vagas-de-emprego-pelo-pais-veja-as-funcoes\/#breadcrumb","itemListElement":[{"@type":"ListItem","position":1,"name":"In\u00edcio","item":"https:\/\/www.vagadeempregorj.com.br\/"},{"@type":"ListItem","position":2,"name":"Vagas de Emprego Nacionais","item":"https:\/\/www.vagadeempregorj.com.br\/vagas-de-emprego-nacionais\/"},{"@type":"ListItem","position":3,"name":"Movida tem NOVAS vagas de emprego pelo pa\u00eds; veja as fun\u00e7\u00f5es"}]},{"@type":"WebSite","@id":"https:\/\/www.vagadeempregorj.com.br\/#website","url":"https:\/\/www.vagadeempregorj.com.br\/","name":"","description":"Conquiste Sonhos: Vagas, Benef\u00edcios e Economia para Transformar Vidas e Alcan\u00e7ar Melhorias Cotidianas","potentialAction":[{"@type":"SearchAction","target":{"@type":"EntryPoint","urlTemplate":"https:\/\/www.vagadeempregorj.com.br\/?s={search_term_string}"},"query-input":{"@type":"PropertyValueSpecification","valueRequired":true,"valueName":"search_term_string"}}],"inLanguage":"fr-FR"},{"@type":"Person","@id":"https:\/\/www.vagadeempregorj.com.br\/#\/schema\/person\/3ddb19fa0539706786e502152f3aae95","name":"Michele","image":{"@type":"ImageObject","inLanguage":"fr-FR","@id":"https:\/\/secure.gravatar.com\/avatar\/6b0eb9d22841282815e2cd856a0061c45e1761cd54b22e952d98c4746939aa85?s=96&r=g","url":"https:\/\/secure.gravatar.com\/avatar\/6b0eb9d22841282815e2cd856a0061c45e1761cd54b22e952d98c4746939aa85?s=96&r=g","contentUrl":"https:\/\/secure.gravatar.com\/avatar\/6b0eb9d22841282815e2cd856a0061c45e1761cd54b22e952d98c4746939aa85?s=96&r=g","caption":"Michele"},"description":"Formada em Letras - Portugu\u00eas\/ Ingl\u00eas, e idealizadora do site Escritora de Sucesso, busca expandir o conhecimento de todos com informa\u00e7\u00f5es relevantes sobre diversos assuntos, enquanto redatora. No Vaga de Emprego RJ, traz oportunidades e dicas sobre o mercado de trabalho.","url":"https:\/\/www.vagadeempregorj.com.br\/fr\/author\/michele\/"}]}},"_links":{"self":[{"href":"https:\/\/www.vagadeempregorj.com.br\/fr\/wp-json\/wp\/v2\/posts\/39947","targetHints":{"allow":["GET"]}}],"collection":[{"href":"https:\/\/www.vagadeempregorj.com.br\/fr\/wp-json\/wp\/v2\/posts"}],"about":[{"href":"https:\/\/www.vagadeempregorj.com.br\/fr\/wp-json\/wp\/v2\/types\/post"}],"author":[{"embeddable":true,"href":"https:\/\/www.vagadeempregorj.com.br\/fr\/wp-json\/wp\/v2\/users\/16"}],"replies":[{"embeddable":true,"href":"https:\/\/www.vagadeempregorj.com.br\/fr\/wp-json\/wp\/v2\/comments?post=39947"}],"version-history":[{"count":0,"href":"https:\/\/www.vagadeempregorj.com.br\/fr\/wp-json\/wp\/v2\/posts\/39947\/revisions"}],"wp:featuredmedia":[{"embeddable":true,"href":"https:\/\/www.vagadeempregorj.com.br\/fr\/wp-json\/wp\/v2\/media\/39968"}],"wp:attachment":[{"href":"https:\/\/www.vagadeempregorj.com.br\/fr\/wp-json\/wp\/v2\/media?parent=39947"}],"wp:term":[{"taxonomy":"category","embeddable":true,"href":"https:\/\/www.vagadeempregorj.com.br\/fr\/wp-json\/wp\/v2\/categories?post=39947"},{"taxonomy":"post_tag","embeddable":true,"href":"https:\/\/www.vagadeempregorj.com.br\/fr\/wp-json\/wp\/v2\/tags?post=39947"}],"curies":[{"name":"wp","href":"https:\/\/api.w.org\/{rel}","templated":true}]}}