{"id":40040,"date":"2024-08-06T06:00:00","date_gmt":"2024-08-06T09:00:00","guid":{"rendered":"https:\/\/www.vagadeempregorj.com.br\/?p=40040"},"modified":"2025-06-15T14:31:29","modified_gmt":"2025-06-15T17:31:29","slug":"oratoria-para-entrevista-de-emprego-veja-as-dicas","status":"publish","type":"post","link":"https:\/\/www.vagadeempregorj.com.br\/fr\/oratoria-para-entrevista-de-emprego-veja-as-dicas\/","title":{"rendered":"Orat\u00f3ria para entrevista de emprego: veja as dicas"},"content":{"rendered":"<p>A arte da orat\u00f3ria, a habilidade de falar bem em p\u00fablico, \u00e9 um elemento crucial para o sucesso em diversas situa\u00e7\u00f5es profissionais, especialmente durante entrevistas de emprego. A capacidade de se comunicar de forma clara, concisa e persuasiva pode ser o diferencial que faz um candidato se destacar dos demais.&nbsp;<\/p>\n\n\n\n<h2 class=\"wp-block-heading\">A import\u00e2ncia da orat\u00f3ria em entrevistas de emprego<\/h2>\n\n\n\n<p>A comunica\u00e7\u00e3o \u00e9 uma habilidade fundamental no ambiente de trabalho. Durante uma entrevista de emprego, o candidato tem a oportunidade de demonstrar suas qualifica\u00e7\u00f5es t\u00e9cnicas, e tamb\u00e9m suas habilidades interpessoais e sua capacidade de se expressar com clareza e confian\u00e7a.&nbsp;<\/p>\n\n\n\n<p>Empregadores buscam profissionais que possam comunicar ideias de forma eficaz, colaborar com colegas e apresentar solu\u00e7\u00f5es de maneira persuasiva. Portanto, investir no desenvolvimento da orat\u00f3ria pode ser um grande diferencial competitivo.<\/p>\n\n\n\n<figure class=\"wp-block-image size-full is-resized\"><img loading=\"lazy\" decoding=\"async\" width=\"740\" height=\"483\" src=\"https:\/\/www.vagadeempregorj.com.br\/wp-content\/uploads\/2024\/07\/image-47.png\" alt=\"\" class=\"wp-image-40050\" style=\"width:840px;height:auto\" srcset=\"https:\/\/www.vagadeempregorj.com.br\/wp-content\/uploads\/2024\/07\/image-47.png 740w, https:\/\/www.vagadeempregorj.com.br\/wp-content\/uploads\/2024\/07\/image-47-300x196.png 300w, https:\/\/www.vagadeempregorj.com.br\/wp-content\/uploads\/2024\/07\/image-47-150x98.png 150w\" sizes=\"auto, (max-width: 740px) 100vw, 740px\" \/><\/figure>\n\n\n\n<h2 class=\"wp-block-heading\">Prepara\u00e7\u00e3o: A chave para o sucesso<\/h2>\n\n\n\n<p>A prepara\u00e7\u00e3o \u00e9 essencial para uma performance de sucesso em qualquer entrevista de emprego. A primeira etapa envolve a pesquisa sobre a empresa e a vaga para a qual voc\u00ea est\u00e1 se candidatando.&nbsp;<\/p>\n\n\n\n<p>Conhecer a cultura organizacional, os valores e os produtos ou servi\u00e7os oferecidos pela empresa permitir\u00e1 que voc\u00ea alinhe suas respostas \u00e0s expectativas do empregador.<\/p>\n\n\n\n<p>Al\u00e9m disso, pratique suas respostas para as perguntas mais comuns em entrevistas de emprego. Quest\u00f5es como &#8220;Fale sobre voc\u00ea&#8221;, &#8220;Quais s\u00e3o seus pontos fortes e fracos?&#8221; e &#8220;Por que voc\u00ea quer trabalhar aqui?&#8221; s\u00e3o frequentemente abordadas.&nbsp;<\/p>\n\n\n\n<p>Ao praticar suas respostas, foque na clareza, na estrutura l\u00f3gica e na concis\u00e3o. Utilize exemplos concretos para ilustrar suas compet\u00eancias e realiza\u00e7\u00f5es.<\/p>\n\n\n\n<h2 class=\"wp-block-heading\">O poder da linguagem corporal<\/h2>\n\n\n\n<p>A comunica\u00e7\u00e3o n\u00e3o verbal desempenha um papel significativo na maneira como somos percebidos pelos outros. Durante uma entrevista de emprego, a linguagem corporal pode refor\u00e7ar ou contradizer o que est\u00e1 sendo dito verbalmente. Portanto, \u00e9 crucial estar atento a esses sinais.<\/p>\n\n\n\n<p>Mantenha uma postura ereta e confiante, com os ombros relaxados. O contato visual \u00e9 fundamental para estabelecer uma conex\u00e3o com o entrevistador e demonstrar interesse e engajamento. Evite gestos excessivos com as m\u00e3os, que podem distrair a aten\u00e7\u00e3o. Um sorriso genu\u00edno e apropriado pode transmitir simpatia e confian\u00e7a.<\/p>\n\n\n\n<h2 class=\"wp-block-heading\">A arte de ouvir<\/h2>\n\n\n\n<p>A <a href=\"https:\/\/escritoradesucesso.com.br\/curso-gratuito-de-oratoria-online-3-melhores-opcoes-aqui\/\">orat\u00f3ria<\/a> n\u00e3o \u00e9 apenas sobre falar bem, mas tamb\u00e9m sobre saber ouvir. Demonstrar que voc\u00ea est\u00e1 prestando aten\u00e7\u00e3o ao que o entrevistador diz \u00e9 crucial para uma comunica\u00e7\u00e3o eficaz. Isso mostra respeito e permite que voc\u00ea responda de forma mais relevante e precisa.<\/p>\n\n\n\n<p>Pratique a escuta ativa, que envolve acenar com a cabe\u00e7a, manter o contato visual e fazer breves coment\u00e1rios de confirma\u00e7\u00e3o, como &#8220;entendo&#8221; ou &#8220;claro&#8221;. Al\u00e9m disso, evite interromper o entrevistador. Se voc\u00ea precisar de clarifica\u00e7\u00e3o em alguma quest\u00e3o, espere at\u00e9 que ele termine de falar antes de fazer suas perguntas.<\/p>\n\n\n\n<h2 class=\"wp-block-heading\">Estrutura\u00e7\u00e3o de respostas: T\u00e9cnica STAR<\/h2>\n\n\n\n<p>Uma t\u00e9cnica eficaz para estruturar suas respostas em uma entrevista \u00e9 o m\u00e9todo STAR, que significa Situa\u00e7\u00e3o, Tarefa, A\u00e7\u00e3o e Resultado. Esta abordagem ajuda a organizar suas ideias de maneira l\u00f3gica e a fornecer respostas completas e detalhadas.<\/p>\n\n\n\n<ul class=\"wp-block-list\">\n<li><strong>Situa\u00e7\u00e3o<\/strong>: Descreva o contexto ou o desafio que voc\u00ea enfrentou.<\/li>\n\n\n\n<li><strong>Tarefa<\/strong>: Explique a tarefa ou o objetivo que voc\u00ea precisava alcan\u00e7ar.<\/li>\n\n\n\n<li><strong>A\u00e7\u00e3o<\/strong>: Detalhe as a\u00e7\u00f5es espec\u00edficas que voc\u00ea tomou para enfrentar a situa\u00e7\u00e3o.<\/li>\n\n\n\n<li><strong>Resultado<\/strong>: Relate os resultados obtidos, destacando os benef\u00edcios e as li\u00e7\u00f5es aprendidas.<\/li>\n<\/ul>\n\n\n\n<p>Por exemplo, se perguntado sobre um projeto desafiador, voc\u00ea poderia responder: &#8220;Em meu \u00faltimo emprego, a empresa enfrentava uma queda nas vendas (Situa\u00e7\u00e3o). Meu objetivo era aumentar as vendas em 20% dentro de seis meses (Tarefa). Para isso, desenvolvi uma nova estrat\u00e9gia de marketing digital, focada em campanhas nas redes sociais e otimiza\u00e7\u00e3o do site (A\u00e7\u00e3o). Como resultado, as vendas aumentaram em 25% no per\u00edodo estipulado (Resultado).&#8221;<\/p>\n\n\n\n<h2 class=\"wp-block-heading\">Gerenciamento do tempo<\/h2>\n\n\n\n<p>O tempo \u00e9 um recurso limitado em uma entrevista de emprego. \u00c9 importante ser conciso e direto ao ponto, sem sacrificar a clareza e a completude de suas respostas. Responder de forma prolixa pode desviar o foco da conversa e aborrecer o entrevistador. Por outro lado, respostas muito curtas podem parecer superficiais e indicar falta de interesse ou prepara\u00e7\u00e3o.<\/p>\n\n\n\n<p>Uma boa pr\u00e1tica \u00e9 dividir seu tempo entre ouvir e falar. Isso cria um equil\u00edbrio saud\u00e1vel e permite que voc\u00ea responda adequadamente sem monopolizar a conversa. Lembre-se de fazer pausas breves para respirar e organizar seus pensamentos antes de responder.<\/p>\n\n\n\n<h2 class=\"wp-block-heading\">Como lidar com perguntas dif\u00edceis<\/h2>\n\n\n\n<p>Em uma entrevista de emprego, \u00e9 comum encontrar perguntas desafiadoras que podem testar suas habilidades de racioc\u00ednio r\u00e1pido e resili\u00eancia. Perguntas como &#8220;Por que voc\u00ea deixou seu \u00faltimo emprego?&#8221; ou &#8220;Qual foi sua maior falha profissional?&#8221; exigem uma abordagem cuidadosa.<\/p>\n\n\n\n<p>Para responder a essas quest\u00f5es, mantenha a honestidade sem prejudicar sua imagem profissional. Em vez de focar nos aspectos negativos, destaque o que voc\u00ea aprendeu com a experi\u00eancia e como isso contribuiu para seu desenvolvimento.&nbsp;<\/p>\n\n\n\n<p>Por exemplo, ao falar sobre uma falha, voc\u00ea poderia dizer: &#8220;No in\u00edcio da minha carreira, subestimei a complexidade de um projeto, o que levou a um atraso na entrega. No entanto, aprendi a import\u00e2ncia do planejamento detalhado e da comunica\u00e7\u00e3o clara com a equipe, e desde ent\u00e3o, implementei essas pr\u00e1ticas em todos os meus projetos.&#8221;<\/p>\n\n\n\n<h2 class=\"wp-block-heading\">A import\u00e2ncia do feedback<\/h2>\n\n\n\n<p>Buscar feedback ap\u00f3s entrevistas de emprego pode ser uma ferramenta valiosa para aprimorar suas habilidades de orat\u00f3ria. Solicite ao entrevistador, caso poss\u00edvel, uma avalia\u00e7\u00e3o de sua performance e dicas sobre como voc\u00ea pode melhorar.&nbsp;<\/p>\n\n\n\n<p>Essa pr\u00e1tica demonstra seu compromisso com o desenvolvimento profissional cont\u00ednuo e sua disposi\u00e7\u00e3o para aprender com a experi\u00eancia.<\/p>\n\n\n\n<p>Al\u00e9m disso, pe\u00e7a feedback a colegas, amigos ou mentores ap\u00f3s praticar suas respostas para entrevistas. Eles podem oferecer uma perspectiva externa e identificar \u00e1reas que voc\u00ea talvez n\u00e3o tenha percebido.<\/p>\n\n\n\n<h2 class=\"wp-block-heading\">Pr\u00e1tica e persist\u00eancia<\/h2>\n\n\n\n<p>A orat\u00f3ria \u00e9 uma habilidade que pode ser aprimorada com pr\u00e1tica cont\u00ednua e dedica\u00e7\u00e3o. Participe de grupos de discuss\u00e3o, cursos de comunica\u00e7\u00e3o ou clubes de orat\u00f3ria, como o Toastmasters, para ganhar confian\u00e7a e receber feedback construtivo. Quanto mais voc\u00ea praticar, mais natural se tornar\u00e1 sua comunica\u00e7\u00e3o.<\/p>\n\n\n\n<p>Lembre-se de que o nervosismo \u00e9 normal, especialmente em situa\u00e7\u00f5es de alta press\u00e3o como entrevistas de emprego. A pr\u00e1tica constante ajudar\u00e1 a reduzir a ansiedade e aumentar sua confian\u00e7a.<\/p>\n\n\n\n<h2 class=\"wp-block-heading\">Desenvolvendo habilidades de orat\u00f3ria<\/h2>\n\n\n\n<p>Desenvolver habilidades de orat\u00f3ria \u00e9 essencial para se destacar em entrevistas de emprego e na vida profissional em geral.&nbsp;<\/p>\n\n\n\n<p>A prepara\u00e7\u00e3o cuidadosa, o uso eficaz da linguagem corporal, a escuta ativa, a estrutura\u00e7\u00e3o clara de respostas e a busca constante por feedback s\u00e3o elementos fundamentais para uma comunica\u00e7\u00e3o eficaz.&nbsp;<\/p>\n\n\n\n<p>Com pr\u00e1tica e persist\u00eancia, voc\u00ea pode aprimorar suas habilidades de orat\u00f3ria e aumentar suas chances de sucesso em suas pr\u00f3ximas entrevistas de emprego.&nbsp;<\/p>\n\n\n\n<p><strong>Veja tamb\u00e9m: <a href=\"https:\/\/www.vagadeempregorj.com.br\/fr\/vagas-de-emprego-na-piracanjuba-mais-de-40-oportunidades-abertas\/\">Vagas de emprego na Piracanjuba: Mais de 40 oportunidades abertas<\/a><\/strong><\/p>\n\n\n\n<p>6 de agosto de 2024<\/p>","protected":false},"excerpt":{"rendered":"<p>A arte da orat\u00f3ria, a habilidade de falar bem em p\u00fablico, \u00e9 um elemento crucial para o sucesso em diversas situa\u00e7\u00f5es profissionais, especialmente durante entrevistas de emprego. A capacidade de se comunicar de forma clara, concisa e persuasiva pode ser o diferencial que faz um candidato se destacar dos demais.&nbsp; A import\u00e2ncia da orat\u00f3ria em&hellip;&nbsp;<\/p>","protected":false},"author":16,"featured_media":40050,"comment_status":"closed","ping_status":"closed","sticky":false,"template":"","format":"standard","meta":{"neve_meta_sidebar":"","neve_meta_container":"","neve_meta_enable_content_width":"","neve_meta_content_width":0,"neve_meta_title_alignment":"","neve_meta_author_avatar":"","neve_post_elements_order":"","neve_meta_disable_header":"","neve_meta_disable_footer":"","neve_meta_disable_title":"","footnotes":""},"categories":[123],"tags":[],"class_list":["post-40040","post","type-post","status-publish","format-standard","has-post-thumbnail","hentry","category-vagas-de-emprego-nacionais"],"yoast_head":"<!-- This site is optimized with the Yoast SEO plugin v27.5 - https:\/\/yoast.com\/product\/yoast-seo-wordpress\/ -->\n<title>Orat\u00f3ria para entrevista de emprego: veja as dicas -<\/title>\n<meta name=\"description\" content=\"Veja em Vagas de Emprego RJ as vagas de emprego com e sem experi\u00eancia no seu Estado e Regi\u00e3o!\" \/>\n<meta name=\"robots\" content=\"index, follow, max-snippet:-1, max-image-preview:large, max-video-preview:-1\" \/>\n<link rel=\"canonical\" href=\"https:\/\/www.vagadeempregorj.com.br\/fr\/oratoria-para-entrevista-de-emprego-veja-as-dicas\/\" \/>\n<meta property=\"og:locale\" content=\"fr_FR\" \/>\n<meta property=\"og:type\" content=\"article\" \/>\n<meta property=\"og:title\" content=\"Orat\u00f3ria para entrevista de emprego: veja as dicas -\" \/>\n<meta property=\"og:description\" content=\"Veja em Vagas de Emprego RJ as vagas de emprego com e sem experi\u00eancia no seu Estado e Regi\u00e3o!\" \/>\n<meta property=\"og:url\" content=\"https:\/\/www.vagadeempregorj.com.br\/fr\/oratoria-para-entrevista-de-emprego-veja-as-dicas\/\" \/>\n<meta property=\"article:publisher\" content=\"https:\/\/www.facebook.com\/empregobrasiloficial\" \/>\n<meta property=\"article:published_time\" content=\"2024-08-06T09:00:00+00:00\" \/>\n<meta property=\"article:modified_time\" content=\"2025-06-15T17:31:29+00:00\" \/>\n<meta property=\"og:image\" content=\"https:\/\/www.vagadeempregorj.com.br\/wp-content\/uploads\/2024\/07\/image-47.png\" \/>\n\t<meta property=\"og:image:width\" content=\"740\" \/>\n\t<meta property=\"og:image:height\" content=\"483\" \/>\n\t<meta property=\"og:image:type\" content=\"image\/png\" \/>\n<meta name=\"author\" content=\"Michele\" \/>\n<meta name=\"twitter:card\" content=\"summary_large_image\" \/>\n<meta name=\"twitter:label1\" content=\"Written by\" \/>\n\t<meta name=\"twitter:data1\" content=\"Michele\" \/>\n\t<meta name=\"twitter:label2\" content=\"Est. reading time\" \/>\n\t<meta name=\"twitter:data2\" content=\"6 minutes\" \/>\n<script type=\"application\/ld+json\" class=\"yoast-schema-graph\">{\"@context\":\"https:\\\/\\\/schema.org\",\"@graph\":[{\"@type\":\"Article\",\"@id\":\"https:\\\/\\\/www.vagadeempregorj.com.br\\\/oratoria-para-entrevista-de-emprego-veja-as-dicas\\\/#article\",\"isPartOf\":{\"@id\":\"https:\\\/\\\/www.vagadeempregorj.com.br\\\/oratoria-para-entrevista-de-emprego-veja-as-dicas\\\/\"},\"author\":{\"name\":\"Michele\",\"@id\":\"https:\\\/\\\/www.vagadeempregorj.com.br\\\/#\\\/schema\\\/person\\\/3ddb19fa0539706786e502152f3aae95\"},\"headline\":\"Orat\u00f3ria para entrevista de emprego: veja as dicas\",\"datePublished\":\"2024-08-06T09:00:00+00:00\",\"dateModified\":\"2025-06-15T17:31:29+00:00\",\"mainEntityOfPage\":{\"@id\":\"https:\\\/\\\/www.vagadeempregorj.com.br\\\/oratoria-para-entrevista-de-emprego-veja-as-dicas\\\/\"},\"wordCount\":1205,\"image\":{\"@id\":\"https:\\\/\\\/www.vagadeempregorj.com.br\\\/oratoria-para-entrevista-de-emprego-veja-as-dicas\\\/#primaryimage\"},\"thumbnailUrl\":\"https:\\\/\\\/www.vagadeempregorj.com.br\\\/wp-content\\\/uploads\\\/2024\\\/07\\\/image-47.png\",\"articleSection\":[\"Vagas de Emprego Nacionais\"],\"inLanguage\":\"fr-FR\"},{\"@type\":\"WebPage\",\"@id\":\"https:\\\/\\\/www.vagadeempregorj.com.br\\\/oratoria-para-entrevista-de-emprego-veja-as-dicas\\\/\",\"url\":\"https:\\\/\\\/www.vagadeempregorj.com.br\\\/oratoria-para-entrevista-de-emprego-veja-as-dicas\\\/\",\"name\":\"Orat\u00f3ria para entrevista de emprego: veja as dicas -\",\"isPartOf\":{\"@id\":\"https:\\\/\\\/www.vagadeempregorj.com.br\\\/#website\"},\"primaryImageOfPage\":{\"@id\":\"https:\\\/\\\/www.vagadeempregorj.com.br\\\/oratoria-para-entrevista-de-emprego-veja-as-dicas\\\/#primaryimage\"},\"image\":{\"@id\":\"https:\\\/\\\/www.vagadeempregorj.com.br\\\/oratoria-para-entrevista-de-emprego-veja-as-dicas\\\/#primaryimage\"},\"thumbnailUrl\":\"https:\\\/\\\/www.vagadeempregorj.com.br\\\/wp-content\\\/uploads\\\/2024\\\/07\\\/image-47.png\",\"datePublished\":\"2024-08-06T09:00:00+00:00\",\"dateModified\":\"2025-06-15T17:31:29+00:00\",\"author\":{\"@id\":\"https:\\\/\\\/www.vagadeempregorj.com.br\\\/#\\\/schema\\\/person\\\/3ddb19fa0539706786e502152f3aae95\"},\"description\":\"Veja em Vagas de Emprego RJ as vagas de emprego com e sem experi\u00eancia no seu Estado e Regi\u00e3o!\",\"breadcrumb\":{\"@id\":\"https:\\\/\\\/www.vagadeempregorj.com.br\\\/oratoria-para-entrevista-de-emprego-veja-as-dicas\\\/#breadcrumb\"},\"inLanguage\":\"fr-FR\",\"potentialAction\":[{\"@type\":\"ReadAction\",\"target\":[\"https:\\\/\\\/www.vagadeempregorj.com.br\\\/oratoria-para-entrevista-de-emprego-veja-as-dicas\\\/\"]}]},{\"@type\":\"ImageObject\",\"inLanguage\":\"fr-FR\",\"@id\":\"https:\\\/\\\/www.vagadeempregorj.com.br\\\/oratoria-para-entrevista-de-emprego-veja-as-dicas\\\/#primaryimage\",\"url\":\"https:\\\/\\\/www.vagadeempregorj.com.br\\\/wp-content\\\/uploads\\\/2024\\\/07\\\/image-47.png\",\"contentUrl\":\"https:\\\/\\\/www.vagadeempregorj.com.br\\\/wp-content\\\/uploads\\\/2024\\\/07\\\/image-47.png\",\"width\":740,\"height\":483},{\"@type\":\"BreadcrumbList\",\"@id\":\"https:\\\/\\\/www.vagadeempregorj.com.br\\\/oratoria-para-entrevista-de-emprego-veja-as-dicas\\\/#breadcrumb\",\"itemListElement\":[{\"@type\":\"ListItem\",\"position\":1,\"name\":\"In\u00edcio\",\"item\":\"https:\\\/\\\/www.vagadeempregorj.com.br\\\/\"},{\"@type\":\"ListItem\",\"position\":2,\"name\":\"Orat\u00f3ria para entrevista de emprego: veja as dicas\"}]},{\"@type\":\"WebSite\",\"@id\":\"https:\\\/\\\/www.vagadeempregorj.com.br\\\/#website\",\"url\":\"https:\\\/\\\/www.vagadeempregorj.com.br\\\/\",\"name\":\"\",\"description\":\"Conquiste Sonhos: Vagas, Benef\u00edcios e Economia para Transformar Vidas e Alcan\u00e7ar Melhorias Cotidianas\",\"potentialAction\":[{\"@type\":\"SearchAction\",\"target\":{\"@type\":\"EntryPoint\",\"urlTemplate\":\"https:\\\/\\\/www.vagadeempregorj.com.br\\\/?s={search_term_string}\"},\"query-input\":{\"@type\":\"PropertyValueSpecification\",\"valueRequired\":true,\"valueName\":\"search_term_string\"}}],\"inLanguage\":\"fr-FR\"},{\"@type\":\"Person\",\"@id\":\"https:\\\/\\\/www.vagadeempregorj.com.br\\\/#\\\/schema\\\/person\\\/3ddb19fa0539706786e502152f3aae95\",\"name\":\"Michele\",\"image\":{\"@type\":\"ImageObject\",\"inLanguage\":\"fr-FR\",\"@id\":\"https:\\\/\\\/secure.gravatar.com\\\/avatar\\\/6b0eb9d22841282815e2cd856a0061c45e1761cd54b22e952d98c4746939aa85?s=96&r=g\",\"url\":\"https:\\\/\\\/secure.gravatar.com\\\/avatar\\\/6b0eb9d22841282815e2cd856a0061c45e1761cd54b22e952d98c4746939aa85?s=96&r=g\",\"contentUrl\":\"https:\\\/\\\/secure.gravatar.com\\\/avatar\\\/6b0eb9d22841282815e2cd856a0061c45e1761cd54b22e952d98c4746939aa85?s=96&r=g\",\"caption\":\"Michele\"},\"description\":\"Formada em Letras - Portugu\u00eas\\\/ Ingl\u00eas, e idealizadora do site Escritora de Sucesso, busca expandir o conhecimento de todos com informa\u00e7\u00f5es relevantes sobre diversos assuntos, enquanto redatora. No Vaga de Emprego RJ, traz oportunidades e dicas sobre o mercado de trabalho.\",\"url\":\"https:\\\/\\\/www.vagadeempregorj.com.br\\\/fr\\\/author\\\/michele\\\/\"}]}<\/script>\n<!-- \/ Yoast SEO plugin. -->","yoast_head_json":{"title":"Orat\u00f3ria para entrevista de emprego: veja as dicas -","description":"Veja em Vagas de Emprego RJ as vagas de emprego com e sem experi\u00eancia no seu Estado e Regi\u00e3o!","robots":{"index":"index","follow":"follow","max-snippet":"max-snippet:-1","max-image-preview":"max-image-preview:large","max-video-preview":"max-video-preview:-1"},"canonical":"https:\/\/www.vagadeempregorj.com.br\/fr\/oratoria-para-entrevista-de-emprego-veja-as-dicas\/","og_locale":"fr_FR","og_type":"article","og_title":"Orat\u00f3ria para entrevista de emprego: veja as dicas -","og_description":"Veja em Vagas de Emprego RJ as vagas de emprego com e sem experi\u00eancia no seu Estado e Regi\u00e3o!","og_url":"https:\/\/www.vagadeempregorj.com.br\/fr\/oratoria-para-entrevista-de-emprego-veja-as-dicas\/","article_publisher":"https:\/\/www.facebook.com\/empregobrasiloficial","article_published_time":"2024-08-06T09:00:00+00:00","article_modified_time":"2025-06-15T17:31:29+00:00","og_image":[{"width":740,"height":483,"url":"https:\/\/www.vagadeempregorj.com.br\/wp-content\/uploads\/2024\/07\/image-47.png","type":"image\/png"}],"author":"Michele","twitter_card":"summary_large_image","twitter_misc":{"Written by":"Michele","Est. reading time":"6 minutes"},"schema":{"@context":"https:\/\/schema.org","@graph":[{"@type":"Article","@id":"https:\/\/www.vagadeempregorj.com.br\/oratoria-para-entrevista-de-emprego-veja-as-dicas\/#article","isPartOf":{"@id":"https:\/\/www.vagadeempregorj.com.br\/oratoria-para-entrevista-de-emprego-veja-as-dicas\/"},"author":{"name":"Michele","@id":"https:\/\/www.vagadeempregorj.com.br\/#\/schema\/person\/3ddb19fa0539706786e502152f3aae95"},"headline":"Orat\u00f3ria para entrevista de emprego: veja as dicas","datePublished":"2024-08-06T09:00:00+00:00","dateModified":"2025-06-15T17:31:29+00:00","mainEntityOfPage":{"@id":"https:\/\/www.vagadeempregorj.com.br\/oratoria-para-entrevista-de-emprego-veja-as-dicas\/"},"wordCount":1205,"image":{"@id":"https:\/\/www.vagadeempregorj.com.br\/oratoria-para-entrevista-de-emprego-veja-as-dicas\/#primaryimage"},"thumbnailUrl":"https:\/\/www.vagadeempregorj.com.br\/wp-content\/uploads\/2024\/07\/image-47.png","articleSection":["Vagas de Emprego Nacionais"],"inLanguage":"fr-FR"},{"@type":"WebPage","@id":"https:\/\/www.vagadeempregorj.com.br\/oratoria-para-entrevista-de-emprego-veja-as-dicas\/","url":"https:\/\/www.vagadeempregorj.com.br\/oratoria-para-entrevista-de-emprego-veja-as-dicas\/","name":"Orat\u00f3ria para entrevista de emprego: veja as dicas -","isPartOf":{"@id":"https:\/\/www.vagadeempregorj.com.br\/#website"},"primaryImageOfPage":{"@id":"https:\/\/www.vagadeempregorj.com.br\/oratoria-para-entrevista-de-emprego-veja-as-dicas\/#primaryimage"},"image":{"@id":"https:\/\/www.vagadeempregorj.com.br\/oratoria-para-entrevista-de-emprego-veja-as-dicas\/#primaryimage"},"thumbnailUrl":"https:\/\/www.vagadeempregorj.com.br\/wp-content\/uploads\/2024\/07\/image-47.png","datePublished":"2024-08-06T09:00:00+00:00","dateModified":"2025-06-15T17:31:29+00:00","author":{"@id":"https:\/\/www.vagadeempregorj.com.br\/#\/schema\/person\/3ddb19fa0539706786e502152f3aae95"},"description":"Veja em Vagas de Emprego RJ as vagas de emprego com e sem experi\u00eancia no seu Estado e Regi\u00e3o!","breadcrumb":{"@id":"https:\/\/www.vagadeempregorj.com.br\/oratoria-para-entrevista-de-emprego-veja-as-dicas\/#breadcrumb"},"inLanguage":"fr-FR","potentialAction":[{"@type":"ReadAction","target":["https:\/\/www.vagadeempregorj.com.br\/oratoria-para-entrevista-de-emprego-veja-as-dicas\/"]}]},{"@type":"ImageObject","inLanguage":"fr-FR","@id":"https:\/\/www.vagadeempregorj.com.br\/oratoria-para-entrevista-de-emprego-veja-as-dicas\/#primaryimage","url":"https:\/\/www.vagadeempregorj.com.br\/wp-content\/uploads\/2024\/07\/image-47.png","contentUrl":"https:\/\/www.vagadeempregorj.com.br\/wp-content\/uploads\/2024\/07\/image-47.png","width":740,"height":483},{"@type":"BreadcrumbList","@id":"https:\/\/www.vagadeempregorj.com.br\/oratoria-para-entrevista-de-emprego-veja-as-dicas\/#breadcrumb","itemListElement":[{"@type":"ListItem","position":1,"name":"In\u00edcio","item":"https:\/\/www.vagadeempregorj.com.br\/"},{"@type":"ListItem","position":2,"name":"Orat\u00f3ria para entrevista de emprego: veja as dicas"}]},{"@type":"WebSite","@id":"https:\/\/www.vagadeempregorj.com.br\/#website","url":"https:\/\/www.vagadeempregorj.com.br\/","name":"","description":"Conquiste Sonhos: Vagas, Benef\u00edcios e Economia para Transformar Vidas e Alcan\u00e7ar Melhorias Cotidianas","potentialAction":[{"@type":"SearchAction","target":{"@type":"EntryPoint","urlTemplate":"https:\/\/www.vagadeempregorj.com.br\/?s={search_term_string}"},"query-input":{"@type":"PropertyValueSpecification","valueRequired":true,"valueName":"search_term_string"}}],"inLanguage":"fr-FR"},{"@type":"Person","@id":"https:\/\/www.vagadeempregorj.com.br\/#\/schema\/person\/3ddb19fa0539706786e502152f3aae95","name":"Michele","image":{"@type":"ImageObject","inLanguage":"fr-FR","@id":"https:\/\/secure.gravatar.com\/avatar\/6b0eb9d22841282815e2cd856a0061c45e1761cd54b22e952d98c4746939aa85?s=96&r=g","url":"https:\/\/secure.gravatar.com\/avatar\/6b0eb9d22841282815e2cd856a0061c45e1761cd54b22e952d98c4746939aa85?s=96&r=g","contentUrl":"https:\/\/secure.gravatar.com\/avatar\/6b0eb9d22841282815e2cd856a0061c45e1761cd54b22e952d98c4746939aa85?s=96&r=g","caption":"Michele"},"description":"Formada em Letras - Portugu\u00eas\/ Ingl\u00eas, e idealizadora do site Escritora de Sucesso, busca expandir o conhecimento de todos com informa\u00e7\u00f5es relevantes sobre diversos assuntos, enquanto redatora. No Vaga de Emprego RJ, traz oportunidades e dicas sobre o mercado de trabalho.","url":"https:\/\/www.vagadeempregorj.com.br\/fr\/author\/michele\/"}]}},"_links":{"self":[{"href":"https:\/\/www.vagadeempregorj.com.br\/fr\/wp-json\/wp\/v2\/posts\/40040","targetHints":{"allow":["GET"]}}],"collection":[{"href":"https:\/\/www.vagadeempregorj.com.br\/fr\/wp-json\/wp\/v2\/posts"}],"about":[{"href":"https:\/\/www.vagadeempregorj.com.br\/fr\/wp-json\/wp\/v2\/types\/post"}],"author":[{"embeddable":true,"href":"https:\/\/www.vagadeempregorj.com.br\/fr\/wp-json\/wp\/v2\/users\/16"}],"replies":[{"embeddable":true,"href":"https:\/\/www.vagadeempregorj.com.br\/fr\/wp-json\/wp\/v2\/comments?post=40040"}],"version-history":[{"count":1,"href":"https:\/\/www.vagadeempregorj.com.br\/fr\/wp-json\/wp\/v2\/posts\/40040\/revisions"}],"predecessor-version":[{"id":43555,"href":"https:\/\/www.vagadeempregorj.com.br\/fr\/wp-json\/wp\/v2\/posts\/40040\/revisions\/43555"}],"wp:featuredmedia":[{"embeddable":true,"href":"https:\/\/www.vagadeempregorj.com.br\/fr\/wp-json\/wp\/v2\/media\/40050"}],"wp:attachment":[{"href":"https:\/\/www.vagadeempregorj.com.br\/fr\/wp-json\/wp\/v2\/media?parent=40040"}],"wp:term":[{"taxonomy":"category","embeddable":true,"href":"https:\/\/www.vagadeempregorj.com.br\/fr\/wp-json\/wp\/v2\/categories?post=40040"},{"taxonomy":"post_tag","embeddable":true,"href":"https:\/\/www.vagadeempregorj.com.br\/fr\/wp-json\/wp\/v2\/tags?post=40040"}],"curies":[{"name":"wp","href":"https:\/\/api.w.org\/{rel}","templated":true}]}}