{"id":40092,"date":"2024-08-08T06:00:00","date_gmt":"2024-08-08T09:00:00","guid":{"rendered":"https:\/\/www.vagadeempregorj.com.br\/?p=40092"},"modified":"2024-08-07T20:58:08","modified_gmt":"2024-08-07T23:58:08","slug":"passarelli-abre-20-vagas-de-emprego-em-sao-paulo","status":"publish","type":"post","link":"https:\/\/www.vagadeempregorj.com.br\/fr\/passarelli-abre-20-vagas-de-emprego-em-sao-paulo\/","title":{"rendered":"Passarelli abre 20 vagas de emprego em S\u00e3o Paulo"},"content":{"rendered":"<p>A Passarelli, empresa renomada no setor de constru\u00e7\u00e3o civil, anuncia a abertura de 20 novas vagas na cidade, oferecendo uma oportunidade \u00fanica para profissionais interessados em contribuir com seu talento e dedica\u00e7\u00e3o para o crescimento da empresa e desenvolvimento de projetos de infraestrutura na regi\u00e3o metropolitana.<\/p>\n\n\n\n<h2 class=\"wp-block-heading\">Sobre a Passarelli<\/h2>\n\n\n\n<p>Fundada h\u00e1 mais de 60 anos, a Passarelli \u00e9 reconhecida por sua excel\u00eancia e inova\u00e7\u00e3o no setor de constru\u00e7\u00e3o civil e infraestrutura. Com sede em S\u00e3o Paulo, a empresa tem um hist\u00f3rico s\u00f3lido na realiza\u00e7\u00e3o de grandes obras que impactam positivamente a comunidade e o ambiente urbano.&nbsp;<\/p>\n\n\n\n<p>Seu compromisso com a qualidade, seguran\u00e7a e sustentabilidade tem sido um diferencial ao longo de sua trajet\u00f3ria, tornando-a uma das principais refer\u00eancias do setor.<\/p>\n\n\n\n<figure class=\"wp-block-image size-large\"><img loading=\"lazy\" decoding=\"async\" width=\"1024\" height=\"576\" src=\"https:\/\/www.vagadeempregorj.com.br\/wp-content\/uploads\/2024\/08\/image-7-1024x576.png\" alt=\"\" class=\"wp-image-40106\" srcset=\"https:\/\/www.vagadeempregorj.com.br\/wp-content\/uploads\/2024\/08\/image-7-1024x576.png 1024w, https:\/\/www.vagadeempregorj.com.br\/wp-content\/uploads\/2024\/08\/image-7-300x169.png 300w, https:\/\/www.vagadeempregorj.com.br\/wp-content\/uploads\/2024\/08\/image-7-768x432.png 768w, https:\/\/www.vagadeempregorj.com.br\/wp-content\/uploads\/2024\/08\/image-7-383x215.png 383w, https:\/\/www.vagadeempregorj.com.br\/wp-content\/uploads\/2024\/08\/image-7-150x84.png 150w, https:\/\/www.vagadeempregorj.com.br\/wp-content\/uploads\/2024\/08\/image-7.png 1280w\" sizes=\"auto, (max-width: 1024px) 100vw, 1024px\" \/><\/figure>\n\n\n\n<h2 class=\"wp-block-heading\">Oportunidades de emprego abertas na Passarelli<\/h2>\n\n\n\n<p>A Passarelli realiza obras de grande porte, e tamb\u00e9m se preocupa com o desenvolvimento de seus colaboradores, oferecendo oportunidades de crescimento profissional e um ambiente de trabalho que valoriza o trabalho em equipe e a inova\u00e7\u00e3o.<\/p>\n\n\n\n<h3 class=\"wp-block-heading\">Engenheiro civil<\/h3>\n\n\n\n<p>Como parte da expans\u00e3o de suas opera\u00e7\u00f5es, a companhia busca engenheiros civis com experi\u00eancia em gest\u00e3o de obras e conhecimento t\u00e9cnico em projetos de infraestrutura. Os candidatos ideais devem possuir forma\u00e7\u00e3o na \u00e1rea e capacidade de lideran\u00e7a para coordenar equipes multidisciplinares.<\/p>\n\n\n\n<h3 class=\"wp-block-heading\">T\u00e9cnico em seguran\u00e7a do trabalho<\/h3>\n\n\n\n<p>A seguran\u00e7a \u00e9 uma prioridade na Passarelli, e por isso a empresa est\u00e1 em busca de t\u00e9cnicos especializados em seguran\u00e7a do trabalho. Os profissionais selecionados ser\u00e3o respons\u00e1veis por implementar medidas preventivas, realizar inspe\u00e7\u00f5es e garantir que todas as normas de seguran\u00e7a sejam seguidas rigorosamente nos canteiros de obra.<\/p>\n\n\n\n<h3 class=\"wp-block-heading\">Coordenador de projetos<\/h3>\n\n\n\n<p>Para gerenciar eficazmente seus projetos, a empresa est\u00e1 contratando coordenadores experientes, com habilidades em gest\u00e3o de equipe e capacidade de planejamento estrat\u00e9gico.&nbsp;<\/p>\n\n\n\n<p>Esta \u00e1rea requer conhecimento s\u00f3lido em gest\u00e3o de projetos e a capacidade de tomar decis\u00f5es assertivas para garantir a entrega dentro do prazo e do or\u00e7amento estabelecidos.<\/p>\n\n\n\n<h3 class=\"wp-block-heading\">Analista de recursos humanos<\/h3>\n\n\n\n<p>Como parte de seu compromisso com o desenvolvimento de talentos, a empresa est\u00e1 expandindo sua equipe de recursos humanos. Os analistas ser\u00e3o respons\u00e1veis por recrutamento e sele\u00e7\u00e3o, desenvolvimento de programas de treinamento e desenvolvimento, al\u00e9m de promover um ambiente de trabalho inclusivo e de alto desempenho.<\/p>\n\n\n\n<h3 class=\"wp-block-heading\">Operador de m\u00e1quinas pesadas<\/h3>\n\n\n\n<p>Operadores qualificados de m\u00e1quinas pesadas s\u00e3o essenciais para a execu\u00e7\u00e3o eficiente das obras da Passarelli. A empresa est\u00e1 buscando profissionais com experi\u00eancia comprovada na opera\u00e7\u00e3o de equipamentos como escavadeiras, retroescavadeiras e guindastes, garantindo a seguran\u00e7a e efici\u00eancia no manuseio dessas m\u00e1quinas.<\/p>\n\n\n\n<h3 class=\"wp-block-heading\">Assistente administrativo<\/h3>\n\n\n\n<p>Apoiar as opera\u00e7\u00f5es administrativas \u00e9 fundamental para o funcionamento eficiente da Passarelli. A empresa est\u00e1 contratando assistentes administrativos para realizar tarefas como controle de documentos, agendamento de reuni\u00f5es e apoio log\u00edstico, contribuindo para o fluxo de trabalho organizado e eficaz.<\/p>\n\n\n\n<h3 class=\"wp-block-heading\">Eletricista<\/h3>\n\n\n\n<p>Profissionais qualificados na \u00e1rea de el\u00e9trica s\u00e3o essenciais para as opera\u00e7\u00f5es da companhia. A empresa est\u00e1 em busca de eletricistas com experi\u00eancia em instala\u00e7\u00f5es el\u00e9tricas industriais e conhecimento t\u00e9cnico para realizar manuten\u00e7\u00f5es preventivas e corretivas, assegurando o funcionamento seguro e eficiente dos sistemas el\u00e9tricos em suas obras.<\/p>\n\n\n\n<h3 class=\"wp-block-heading\">Pedreiro<\/h3>\n\n\n\n<p>A constru\u00e7\u00e3o civil demanda habilidades espec\u00edficas, e a Passarelli est\u00e1 contratando pedreiros com experi\u00eancia comprovada na execu\u00e7\u00e3o de alvenaria, acabamentos e demais atividades relacionadas \u00e0 constru\u00e7\u00e3o. Estes profissionais ser\u00e3o fundamentais para garantir a qualidade e o acabamento das obras da empresa.<\/p>\n\n\n\n<h3 class=\"wp-block-heading\">Encanador<\/h3>\n\n\n\n<p>Com conhecimento t\u00e9cnico em instala\u00e7\u00f5es hidr\u00e1ulicas e sanit\u00e1rias, os encanadores contratados pela Passarelli ser\u00e3o respons\u00e1veis por garantir a correta instala\u00e7\u00e3o e manuten\u00e7\u00e3o dos sistemas hidr\u00e1ulicos em suas obras, contribuindo para a funcionalidade e seguran\u00e7a dos edif\u00edcios constru\u00eddos.<\/p>\n\n\n\n<h3 class=\"wp-block-heading\">Assistente de engenharia<\/h3>\n\n\n\n<p>Apoiar as equipes de engenharia \u00e9 crucial para o sucesso dos projetos da Passarelli. A empresa est\u00e1 buscando assistentes com forma\u00e7\u00e3o t\u00e9cnica em \u00e1reas como edifica\u00e7\u00f5es ou constru\u00e7\u00e3o civil, para auxiliar na elabora\u00e7\u00e3o de projetos, controle de cronogramas e demais atividades de suporte t\u00e9cnico.<\/p>\n\n\n\n<h2 class=\"wp-block-heading\">Como se candidatar<\/h2>\n\n\n\n<p>Para se candidatar \u00e0s vagas na Passarelli, os interessados devem seguir algumas etapas simples:<\/p>\n\n\n\n<ul class=\"wp-block-list\">\n<li><strong>Acesso \u00e0 plataforma Gupy<\/strong>: Todas as vagas da Passarelli est\u00e3o dispon\u00edveis na plataforma Gupy. Os candidatos devem acessar o <a href=\"https:\/\/carreiraspassarelli.gupy.io\/\">site de recrutamento<\/a> para visualizar todas as oportunidades dispon\u00edveis.<\/li>\n<\/ul>\n\n\n\n<ul class=\"wp-block-list\">\n<li><strong>Cadastro de curr\u00edculo<\/strong>: Ap\u00f3s encontrar a vaga desejada, os candidatos devem cadastrar seus curr\u00edculos na plataforma. \u00c9 importante preencher todas as informa\u00e7\u00f5es solicitadas de forma completa e precisa, destacando experi\u00eancias anteriores relevantes e qualifica\u00e7\u00f5es que correspondam aos requisitos da vaga.<\/li>\n<\/ul>\n\n\n\n<ul class=\"wp-block-list\">\n<li><strong>Processo seletivo<\/strong>: Ap\u00f3s a an\u00e1lise dos curr\u00edculos cadastrados, os candidatos selecionados ser\u00e3o contatados pela equipe de recrutamento da Passarelli para as pr\u00f3ximas etapas do processo seletivo, que podem incluir entrevistas individuais, din\u00e2micas de grupo e avalia\u00e7\u00f5es t\u00e9cnicas, dependendo da posi\u00e7\u00e3o em quest\u00e3o.<\/li>\n<\/ul>\n\n\n\n<ul class=\"wp-block-list\">\n<li><strong>Feedback e contrata\u00e7\u00e3o<\/strong>: A Passarelli valoriza a transpar\u00eancia em seu processo seletivo e se compromete a fornecer feedback aos candidatos durante todas as etapas. Os selecionados ser\u00e3o informados sobre as condi\u00e7\u00f5es de trabalho, benef\u00edcios oferecidos e demais detalhes relevantes antes da contrata\u00e7\u00e3o.<\/li>\n<\/ul>\n\n\n\n<h2 class=\"wp-block-heading\">Um hist\u00f3rico s\u00f3lido e compromisso com a excel\u00eancia<\/h2>\n\n\n\n<p>A abertura de 20 vagas de emprego pela Passarelli em S\u00e3o Paulo representa uma oportunidade significativa para profissionais que buscam desenvolvimento e estabilidade em suas carreiras.&nbsp;<\/p>\n\n\n\n<p>Com um hist\u00f3rico s\u00f3lido e um compromisso com a excel\u00eancia, a empresa continua a investir em talentos que compartilhem de sua vis\u00e3o de construir um futuro melhor atrav\u00e9s da infraestrutura de qualidade.&nbsp;<\/p>\n\n\n\n<p><strong>Veja tamb\u00e9m: <a href=\"https:\/\/www.vagadeempregorj.com.br\/fr\/muffato-tem-mais-de-800-vagas-de-emprego-abertas-pelo-pais\/\">Muffato tem mais de 800 vagas de emprego abertas pelo pa\u00eds<\/a><\/strong><\/p>\n\n\n\n<p>8 de agosto de 2024<\/p>","protected":false},"excerpt":{"rendered":"<p>A Passarelli, empresa renomada no setor de constru\u00e7\u00e3o civil, anuncia a abertura de 20 novas vagas na cidade, oferecendo uma oportunidade \u00fanica para profissionais interessados em contribuir com seu talento e dedica\u00e7\u00e3o para o crescimento da empresa e desenvolvimento de projetos de infraestrutura na regi\u00e3o metropolitana. Sobre a Passarelli Fundada h\u00e1 mais de 60 anos,&hellip;&nbsp;<\/p>","protected":false},"author":16,"featured_media":40106,"comment_status":"closed","ping_status":"closed","sticky":false,"template":"","format":"standard","meta":{"neve_meta_sidebar":"","neve_meta_container":"","neve_meta_enable_content_width":"","neve_meta_content_width":0,"neve_meta_title_alignment":"","neve_meta_author_avatar":"","neve_post_elements_order":"","neve_meta_disable_header":"","neve_meta_disable_footer":"","neve_meta_disable_title":"","footnotes":""},"categories":[123],"tags":[],"class_list":["post-40092","post","type-post","status-publish","format-standard","has-post-thumbnail","hentry","category-vagas-de-emprego-nacionais"],"yoast_head":"<!-- This site is optimized with the Yoast SEO plugin v27.5 - https:\/\/yoast.com\/product\/yoast-seo-wordpress\/ -->\n<title>Passarelli abre 20 vagas de emprego em S\u00e3o Paulo -<\/title>\n<meta name=\"description\" content=\"Veja em Vagas de Emprego RJ as vagas de emprego com e sem experi\u00eancia no seu Estado e Regi\u00e3o!\" \/>\n<meta name=\"robots\" content=\"index, follow, max-snippet:-1, max-image-preview:large, max-video-preview:-1\" \/>\n<link rel=\"canonical\" href=\"https:\/\/www.vagadeempregorj.com.br\/fr\/passarelli-abre-20-vagas-de-emprego-em-sao-paulo\/\" \/>\n<meta property=\"og:locale\" content=\"fr_FR\" \/>\n<meta property=\"og:type\" content=\"article\" \/>\n<meta property=\"og:title\" content=\"Passarelli abre 20 vagas de emprego em S\u00e3o Paulo -\" \/>\n<meta property=\"og:description\" content=\"Veja em Vagas de Emprego RJ as vagas de emprego com e sem experi\u00eancia no seu Estado e Regi\u00e3o!\" \/>\n<meta property=\"og:url\" content=\"https:\/\/www.vagadeempregorj.com.br\/fr\/passarelli-abre-20-vagas-de-emprego-em-sao-paulo\/\" \/>\n<meta property=\"article:publisher\" content=\"https:\/\/www.facebook.com\/empregobrasiloficial\" \/>\n<meta property=\"article:published_time\" content=\"2024-08-08T09:00:00+00:00\" \/>\n<meta property=\"og:image\" content=\"https:\/\/www.vagadeempregorj.com.br\/wp-content\/uploads\/2024\/08\/image-7.png\" \/>\n\t<meta property=\"og:image:width\" content=\"1280\" \/>\n\t<meta property=\"og:image:height\" content=\"720\" \/>\n\t<meta property=\"og:image:type\" content=\"image\/png\" \/>\n<meta name=\"author\" content=\"Michele\" \/>\n<meta name=\"twitter:card\" content=\"summary_large_image\" \/>\n<meta name=\"twitter:label1\" content=\"Written by\" \/>\n\t<meta name=\"twitter:data1\" content=\"Michele\" \/>\n\t<meta name=\"twitter:label2\" content=\"Est. reading time\" \/>\n\t<meta name=\"twitter:data2\" content=\"5 minutes\" \/>\n<script type=\"application\/ld+json\" class=\"yoast-schema-graph\">{\"@context\":\"https:\\\/\\\/schema.org\",\"@graph\":[{\"@type\":\"Article\",\"@id\":\"https:\\\/\\\/www.vagadeempregorj.com.br\\\/passarelli-abre-20-vagas-de-emprego-em-sao-paulo\\\/#article\",\"isPartOf\":{\"@id\":\"https:\\\/\\\/www.vagadeempregorj.com.br\\\/passarelli-abre-20-vagas-de-emprego-em-sao-paulo\\\/\"},\"author\":{\"name\":\"Michele\",\"@id\":\"https:\\\/\\\/www.vagadeempregorj.com.br\\\/#\\\/schema\\\/person\\\/3ddb19fa0539706786e502152f3aae95\"},\"headline\":\"Passarelli abre 20 vagas de emprego em S\u00e3o Paulo\",\"datePublished\":\"2024-08-08T09:00:00+00:00\",\"mainEntityOfPage\":{\"@id\":\"https:\\\/\\\/www.vagadeempregorj.com.br\\\/passarelli-abre-20-vagas-de-emprego-em-sao-paulo\\\/\"},\"wordCount\":997,\"image\":{\"@id\":\"https:\\\/\\\/www.vagadeempregorj.com.br\\\/passarelli-abre-20-vagas-de-emprego-em-sao-paulo\\\/#primaryimage\"},\"thumbnailUrl\":\"https:\\\/\\\/www.vagadeempregorj.com.br\\\/wp-content\\\/uploads\\\/2024\\\/08\\\/image-7.png\",\"articleSection\":[\"Vagas de Emprego Nacionais\"],\"inLanguage\":\"fr-FR\"},{\"@type\":\"WebPage\",\"@id\":\"https:\\\/\\\/www.vagadeempregorj.com.br\\\/passarelli-abre-20-vagas-de-emprego-em-sao-paulo\\\/\",\"url\":\"https:\\\/\\\/www.vagadeempregorj.com.br\\\/passarelli-abre-20-vagas-de-emprego-em-sao-paulo\\\/\",\"name\":\"Passarelli abre 20 vagas de emprego em S\u00e3o Paulo -\",\"isPartOf\":{\"@id\":\"https:\\\/\\\/www.vagadeempregorj.com.br\\\/#website\"},\"primaryImageOfPage\":{\"@id\":\"https:\\\/\\\/www.vagadeempregorj.com.br\\\/passarelli-abre-20-vagas-de-emprego-em-sao-paulo\\\/#primaryimage\"},\"image\":{\"@id\":\"https:\\\/\\\/www.vagadeempregorj.com.br\\\/passarelli-abre-20-vagas-de-emprego-em-sao-paulo\\\/#primaryimage\"},\"thumbnailUrl\":\"https:\\\/\\\/www.vagadeempregorj.com.br\\\/wp-content\\\/uploads\\\/2024\\\/08\\\/image-7.png\",\"datePublished\":\"2024-08-08T09:00:00+00:00\",\"author\":{\"@id\":\"https:\\\/\\\/www.vagadeempregorj.com.br\\\/#\\\/schema\\\/person\\\/3ddb19fa0539706786e502152f3aae95\"},\"description\":\"Veja em Vagas de Emprego RJ as vagas de emprego com e sem experi\u00eancia no seu Estado e Regi\u00e3o!\",\"breadcrumb\":{\"@id\":\"https:\\\/\\\/www.vagadeempregorj.com.br\\\/passarelli-abre-20-vagas-de-emprego-em-sao-paulo\\\/#breadcrumb\"},\"inLanguage\":\"fr-FR\",\"potentialAction\":[{\"@type\":\"ReadAction\",\"target\":[\"https:\\\/\\\/www.vagadeempregorj.com.br\\\/passarelli-abre-20-vagas-de-emprego-em-sao-paulo\\\/\"]}]},{\"@type\":\"ImageObject\",\"inLanguage\":\"fr-FR\",\"@id\":\"https:\\\/\\\/www.vagadeempregorj.com.br\\\/passarelli-abre-20-vagas-de-emprego-em-sao-paulo\\\/#primaryimage\",\"url\":\"https:\\\/\\\/www.vagadeempregorj.com.br\\\/wp-content\\\/uploads\\\/2024\\\/08\\\/image-7.png\",\"contentUrl\":\"https:\\\/\\\/www.vagadeempregorj.com.br\\\/wp-content\\\/uploads\\\/2024\\\/08\\\/image-7.png\",\"width\":1280,\"height\":720},{\"@type\":\"BreadcrumbList\",\"@id\":\"https:\\\/\\\/www.vagadeempregorj.com.br\\\/passarelli-abre-20-vagas-de-emprego-em-sao-paulo\\\/#breadcrumb\",\"itemListElement\":[{\"@type\":\"ListItem\",\"position\":1,\"name\":\"In\u00edcio\",\"item\":\"https:\\\/\\\/www.vagadeempregorj.com.br\\\/\"},{\"@type\":\"ListItem\",\"position\":2,\"name\":\"Vagas de Emprego Nacionais\",\"item\":\"https:\\\/\\\/www.vagadeempregorj.com.br\\\/vagas-de-emprego-nacionais\\\/\"},{\"@type\":\"ListItem\",\"position\":3,\"name\":\"Passarelli abre 20 vagas de emprego em S\u00e3o Paulo\"}]},{\"@type\":\"WebSite\",\"@id\":\"https:\\\/\\\/www.vagadeempregorj.com.br\\\/#website\",\"url\":\"https:\\\/\\\/www.vagadeempregorj.com.br\\\/\",\"name\":\"\",\"description\":\"Conquiste Sonhos: Vagas, Benef\u00edcios e Economia para Transformar Vidas e Alcan\u00e7ar Melhorias Cotidianas\",\"potentialAction\":[{\"@type\":\"SearchAction\",\"target\":{\"@type\":\"EntryPoint\",\"urlTemplate\":\"https:\\\/\\\/www.vagadeempregorj.com.br\\\/?s={search_term_string}\"},\"query-input\":{\"@type\":\"PropertyValueSpecification\",\"valueRequired\":true,\"valueName\":\"search_term_string\"}}],\"inLanguage\":\"fr-FR\"},{\"@type\":\"Person\",\"@id\":\"https:\\\/\\\/www.vagadeempregorj.com.br\\\/#\\\/schema\\\/person\\\/3ddb19fa0539706786e502152f3aae95\",\"name\":\"Michele\",\"image\":{\"@type\":\"ImageObject\",\"inLanguage\":\"fr-FR\",\"@id\":\"https:\\\/\\\/secure.gravatar.com\\\/avatar\\\/6b0eb9d22841282815e2cd856a0061c45e1761cd54b22e952d98c4746939aa85?s=96&r=g\",\"url\":\"https:\\\/\\\/secure.gravatar.com\\\/avatar\\\/6b0eb9d22841282815e2cd856a0061c45e1761cd54b22e952d98c4746939aa85?s=96&r=g\",\"contentUrl\":\"https:\\\/\\\/secure.gravatar.com\\\/avatar\\\/6b0eb9d22841282815e2cd856a0061c45e1761cd54b22e952d98c4746939aa85?s=96&r=g\",\"caption\":\"Michele\"},\"description\":\"Formada em Letras - Portugu\u00eas\\\/ Ingl\u00eas, e idealizadora do site Escritora de Sucesso, busca expandir o conhecimento de todos com informa\u00e7\u00f5es relevantes sobre diversos assuntos, enquanto redatora. No Vaga de Emprego RJ, traz oportunidades e dicas sobre o mercado de trabalho.\",\"url\":\"https:\\\/\\\/www.vagadeempregorj.com.br\\\/fr\\\/author\\\/michele\\\/\"}]}<\/script>\n<!-- \/ Yoast SEO plugin. -->","yoast_head_json":{"title":"Passarelli abre 20 vagas de emprego em S\u00e3o Paulo -","description":"Veja em Vagas de Emprego RJ as vagas de emprego com e sem experi\u00eancia no seu Estado e Regi\u00e3o!","robots":{"index":"index","follow":"follow","max-snippet":"max-snippet:-1","max-image-preview":"max-image-preview:large","max-video-preview":"max-video-preview:-1"},"canonical":"https:\/\/www.vagadeempregorj.com.br\/fr\/passarelli-abre-20-vagas-de-emprego-em-sao-paulo\/","og_locale":"fr_FR","og_type":"article","og_title":"Passarelli abre 20 vagas de emprego em S\u00e3o Paulo -","og_description":"Veja em Vagas de Emprego RJ as vagas de emprego com e sem experi\u00eancia no seu Estado e Regi\u00e3o!","og_url":"https:\/\/www.vagadeempregorj.com.br\/fr\/passarelli-abre-20-vagas-de-emprego-em-sao-paulo\/","article_publisher":"https:\/\/www.facebook.com\/empregobrasiloficial","article_published_time":"2024-08-08T09:00:00+00:00","og_image":[{"width":1280,"height":720,"url":"https:\/\/www.vagadeempregorj.com.br\/wp-content\/uploads\/2024\/08\/image-7.png","type":"image\/png"}],"author":"Michele","twitter_card":"summary_large_image","twitter_misc":{"Written by":"Michele","Est. reading time":"5 minutes"},"schema":{"@context":"https:\/\/schema.org","@graph":[{"@type":"Article","@id":"https:\/\/www.vagadeempregorj.com.br\/passarelli-abre-20-vagas-de-emprego-em-sao-paulo\/#article","isPartOf":{"@id":"https:\/\/www.vagadeempregorj.com.br\/passarelli-abre-20-vagas-de-emprego-em-sao-paulo\/"},"author":{"name":"Michele","@id":"https:\/\/www.vagadeempregorj.com.br\/#\/schema\/person\/3ddb19fa0539706786e502152f3aae95"},"headline":"Passarelli abre 20 vagas de emprego em S\u00e3o Paulo","datePublished":"2024-08-08T09:00:00+00:00","mainEntityOfPage":{"@id":"https:\/\/www.vagadeempregorj.com.br\/passarelli-abre-20-vagas-de-emprego-em-sao-paulo\/"},"wordCount":997,"image":{"@id":"https:\/\/www.vagadeempregorj.com.br\/passarelli-abre-20-vagas-de-emprego-em-sao-paulo\/#primaryimage"},"thumbnailUrl":"https:\/\/www.vagadeempregorj.com.br\/wp-content\/uploads\/2024\/08\/image-7.png","articleSection":["Vagas de Emprego Nacionais"],"inLanguage":"fr-FR"},{"@type":"WebPage","@id":"https:\/\/www.vagadeempregorj.com.br\/passarelli-abre-20-vagas-de-emprego-em-sao-paulo\/","url":"https:\/\/www.vagadeempregorj.com.br\/passarelli-abre-20-vagas-de-emprego-em-sao-paulo\/","name":"Passarelli abre 20 vagas de emprego em S\u00e3o Paulo -","isPartOf":{"@id":"https:\/\/www.vagadeempregorj.com.br\/#website"},"primaryImageOfPage":{"@id":"https:\/\/www.vagadeempregorj.com.br\/passarelli-abre-20-vagas-de-emprego-em-sao-paulo\/#primaryimage"},"image":{"@id":"https:\/\/www.vagadeempregorj.com.br\/passarelli-abre-20-vagas-de-emprego-em-sao-paulo\/#primaryimage"},"thumbnailUrl":"https:\/\/www.vagadeempregorj.com.br\/wp-content\/uploads\/2024\/08\/image-7.png","datePublished":"2024-08-08T09:00:00+00:00","author":{"@id":"https:\/\/www.vagadeempregorj.com.br\/#\/schema\/person\/3ddb19fa0539706786e502152f3aae95"},"description":"Veja em Vagas de Emprego RJ as vagas de emprego com e sem experi\u00eancia no seu Estado e Regi\u00e3o!","breadcrumb":{"@id":"https:\/\/www.vagadeempregorj.com.br\/passarelli-abre-20-vagas-de-emprego-em-sao-paulo\/#breadcrumb"},"inLanguage":"fr-FR","potentialAction":[{"@type":"ReadAction","target":["https:\/\/www.vagadeempregorj.com.br\/passarelli-abre-20-vagas-de-emprego-em-sao-paulo\/"]}]},{"@type":"ImageObject","inLanguage":"fr-FR","@id":"https:\/\/www.vagadeempregorj.com.br\/passarelli-abre-20-vagas-de-emprego-em-sao-paulo\/#primaryimage","url":"https:\/\/www.vagadeempregorj.com.br\/wp-content\/uploads\/2024\/08\/image-7.png","contentUrl":"https:\/\/www.vagadeempregorj.com.br\/wp-content\/uploads\/2024\/08\/image-7.png","width":1280,"height":720},{"@type":"BreadcrumbList","@id":"https:\/\/www.vagadeempregorj.com.br\/passarelli-abre-20-vagas-de-emprego-em-sao-paulo\/#breadcrumb","itemListElement":[{"@type":"ListItem","position":1,"name":"In\u00edcio","item":"https:\/\/www.vagadeempregorj.com.br\/"},{"@type":"ListItem","position":2,"name":"Vagas de Emprego Nacionais","item":"https:\/\/www.vagadeempregorj.com.br\/vagas-de-emprego-nacionais\/"},{"@type":"ListItem","position":3,"name":"Passarelli abre 20 vagas de emprego em S\u00e3o Paulo"}]},{"@type":"WebSite","@id":"https:\/\/www.vagadeempregorj.com.br\/#website","url":"https:\/\/www.vagadeempregorj.com.br\/","name":"","description":"Conquiste Sonhos: Vagas, Benef\u00edcios e Economia para Transformar Vidas e Alcan\u00e7ar Melhorias Cotidianas","potentialAction":[{"@type":"SearchAction","target":{"@type":"EntryPoint","urlTemplate":"https:\/\/www.vagadeempregorj.com.br\/?s={search_term_string}"},"query-input":{"@type":"PropertyValueSpecification","valueRequired":true,"valueName":"search_term_string"}}],"inLanguage":"fr-FR"},{"@type":"Person","@id":"https:\/\/www.vagadeempregorj.com.br\/#\/schema\/person\/3ddb19fa0539706786e502152f3aae95","name":"Michele","image":{"@type":"ImageObject","inLanguage":"fr-FR","@id":"https:\/\/secure.gravatar.com\/avatar\/6b0eb9d22841282815e2cd856a0061c45e1761cd54b22e952d98c4746939aa85?s=96&r=g","url":"https:\/\/secure.gravatar.com\/avatar\/6b0eb9d22841282815e2cd856a0061c45e1761cd54b22e952d98c4746939aa85?s=96&r=g","contentUrl":"https:\/\/secure.gravatar.com\/avatar\/6b0eb9d22841282815e2cd856a0061c45e1761cd54b22e952d98c4746939aa85?s=96&r=g","caption":"Michele"},"description":"Formada em Letras - Portugu\u00eas\/ Ingl\u00eas, e idealizadora do site Escritora de Sucesso, busca expandir o conhecimento de todos com informa\u00e7\u00f5es relevantes sobre diversos assuntos, enquanto redatora. No Vaga de Emprego RJ, traz oportunidades e dicas sobre o mercado de trabalho.","url":"https:\/\/www.vagadeempregorj.com.br\/fr\/author\/michele\/"}]}},"_links":{"self":[{"href":"https:\/\/www.vagadeempregorj.com.br\/fr\/wp-json\/wp\/v2\/posts\/40092","targetHints":{"allow":["GET"]}}],"collection":[{"href":"https:\/\/www.vagadeempregorj.com.br\/fr\/wp-json\/wp\/v2\/posts"}],"about":[{"href":"https:\/\/www.vagadeempregorj.com.br\/fr\/wp-json\/wp\/v2\/types\/post"}],"author":[{"embeddable":true,"href":"https:\/\/www.vagadeempregorj.com.br\/fr\/wp-json\/wp\/v2\/users\/16"}],"replies":[{"embeddable":true,"href":"https:\/\/www.vagadeempregorj.com.br\/fr\/wp-json\/wp\/v2\/comments?post=40092"}],"version-history":[{"count":0,"href":"https:\/\/www.vagadeempregorj.com.br\/fr\/wp-json\/wp\/v2\/posts\/40092\/revisions"}],"wp:featuredmedia":[{"embeddable":true,"href":"https:\/\/www.vagadeempregorj.com.br\/fr\/wp-json\/wp\/v2\/media\/40106"}],"wp:attachment":[{"href":"https:\/\/www.vagadeempregorj.com.br\/fr\/wp-json\/wp\/v2\/media?parent=40092"}],"wp:term":[{"taxonomy":"category","embeddable":true,"href":"https:\/\/www.vagadeempregorj.com.br\/fr\/wp-json\/wp\/v2\/categories?post=40092"},{"taxonomy":"post_tag","embeddable":true,"href":"https:\/\/www.vagadeempregorj.com.br\/fr\/wp-json\/wp\/v2\/tags?post=40092"}],"curies":[{"name":"wp","href":"https:\/\/api.w.org\/{rel}","templated":true}]}}