{"id":40159,"date":"2024-08-18T06:00:00","date_gmt":"2024-08-18T09:00:00","guid":{"rendered":"https:\/\/www.vagadeempregorj.com.br\/?p=40159"},"modified":"2024-08-15T13:25:09","modified_gmt":"2024-08-15T16:25:09","slug":"vivara-tem-190-vagas-de-emprego-abertas-pelo-pais","status":"publish","type":"post","link":"https:\/\/www.vagadeempregorj.com.br\/fr\/vivara-tem-190-vagas-de-emprego-abertas-pelo-pais\/","title":{"rendered":"Vivara tem 190 vagas de emprego abertas pelo pa\u00eds"},"content":{"rendered":"<p>Se voc\u00ea sonha em trabalhar em uma das maiores joalherias do Brasil, esta pode ser a sua chance. A Vivara, renomada por suas pe\u00e7as luxuosas e tradi\u00e7\u00e3o no mercado, est\u00e1 com 190 vagas de emprego abertas em v\u00e1rias regi\u00f5es do pa\u00eds. As oportunidades abrangem diferentes n\u00edveis de experi\u00eancia e \u00e1reas de atua\u00e7\u00e3o, permitindo que profissionais de diversas forma\u00e7\u00f5es encontrem uma posi\u00e7\u00e3o que se encaixe em seus perfis.<\/p>\n\n\n\n<h2 class=\"wp-block-heading\">Sobre a Vivara<\/h2>\n\n\n\n<p>Fundada em 1962, a Vivara \u00e9 hoje uma das marcas mais prestigiadas no segmento de joias e acess\u00f3rios de luxo no Brasil. Com mais de 200 lojas espalhadas pelo pa\u00eds, a empresa \u00e9 sin\u00f4nimo de sofistica\u00e7\u00e3o, qualidade e inova\u00e7\u00e3o. Al\u00e9m de suas tradicionais joias, a Vivara tamb\u00e9m se destaca pela linha Life, que inclui pe\u00e7as mais acess\u00edveis e com design moderno, conquistando um p\u00fablico diversificado.<\/p>\n\n\n\n<figure class=\"wp-block-image size-full is-resized\"><img loading=\"lazy\" decoding=\"async\" width=\"754\" height=\"566\" src=\"https:\/\/www.vagadeempregorj.com.br\/wp-content\/uploads\/2024\/08\/image-16.png\" alt=\"\" class=\"wp-image-40167\" style=\"width:840px;height:auto\" srcset=\"https:\/\/www.vagadeempregorj.com.br\/wp-content\/uploads\/2024\/08\/image-16.png 754w, https:\/\/www.vagadeempregorj.com.br\/wp-content\/uploads\/2024\/08\/image-16-300x225.png 300w, https:\/\/www.vagadeempregorj.com.br\/wp-content\/uploads\/2024\/08\/image-16-150x113.png 150w\" sizes=\"auto, (max-width: 754px) 100vw, 754px\" \/><\/figure>\n\n\n\n<p>A Vivara n\u00e3o \u00e9 apenas reconhecida pela qualidade de seus produtos, mas tamb\u00e9m por investir em seus colaboradores. A empresa oferece um ambiente de trabalho din\u00e2mico, com oportunidades reais de crescimento e desenvolvimento profissional. Trabalhar na Vivara significa fazer parte de uma equipe que valoriza a excel\u00eancia e busca continuamente superar as expectativas dos clientes.<\/p>\n\n\n\n<h2 class=\"wp-block-heading\">Cargos dispon\u00edveis na Vivara<\/h2>\n\n\n\n<p>Com 190 vagas abertas, a Vivara est\u00e1 em busca de profissionais para ocupar diferentes posi\u00e7\u00f5es dentro da empresa. As oportunidades v\u00e3o desde cargos operacionais at\u00e9 fun\u00e7\u00f5es de lideran\u00e7a, passando por \u00e1reas como vendas, log\u00edstica e administrativo. A seguir, alguns dos cargos dispon\u00edveis:<\/p>\n\n\n\n<ul class=\"wp-block-list\">\n<li>Vendedor(a): O profissional ser\u00e1 respons\u00e1vel por atender os clientes nas lojas, apresentar os produtos, fechar vendas e contribuir para a fideliza\u00e7\u00e3o dos clientes.<\/li>\n\n\n\n<li>Consultor(a) de Vendas: Focado em oferecer um atendimento personalizado, o consultor deve conhecer profundamente os produtos da marca e ajudar os clientes a fazerem as melhores escolhas.<\/li>\n\n\n\n<li>Gerente de Loja: Este cargo exige experi\u00eancia em gest\u00e3o de equipes e opera\u00e7\u00f5es de varejo, sendo respons\u00e1vel pelo desempenho da loja, metas de vendas e satisfa\u00e7\u00e3o dos clientes.<\/li>\n\n\n\n<li>Auxiliar de Estoque: Respons\u00e1vel pela organiza\u00e7\u00e3o e controle do estoque, garantindo que os produtos estejam dispon\u00edveis e em boas condi\u00e7\u00f5es para venda.<\/li>\n\n\n\n<li>Assistente Administrativo: Atua no suporte das atividades administrativas da empresa, lidando com documentos, planilhas e auxiliando em processos internos.<\/li>\n\n\n\n<li>Analista de Marketing: Profissional respons\u00e1vel por planejar e executar a\u00e7\u00f5es de marketing, contribuindo para a visibilidade da marca e o aumento das vendas.<\/li>\n\n\n\n<li>Operador(a) de Caixa: Encara o desafio de garantir a precis\u00e3o e agilidade nas opera\u00e7\u00f5es de pagamento, al\u00e9m de manter um bom relacionamento com os clientes.<\/li>\n<\/ul>\n\n\n\n<p>Essas s\u00e3o apenas algumas das oportunidades dispon\u00edveis. A Vivara busca por pessoas motivadas, que tenham afinidade com o mercado de luxo e estejam dispostas a crescer dentro da empresa.<\/p>\n\n\n\n<h2 class=\"wp-block-heading\">Como se candidatar<\/h2>\n\n\n\n<p>Se voc\u00ea se interessou por uma das vagas na Vivara, o processo de candidatura \u00e9 simples e acess\u00edvel. A empresa utiliza a plataforma Gupy para gerenciar suas vagas e processos seletivos. Veja abaixo como se candidatar:<\/p>\n\n\n\n<ul class=\"wp-block-list\">\n<li>Copie e cole o endere\u00e7o <strong>https:\/\/vivara.gupy.io\/<\/strong> em seu navegador;<\/li>\n\n\n\n<li>Acesse a p\u00e1gina e encontre uma oportunidade que se encaixe no seu perfil;<\/li>\n\n\n\n<li>Crie um perfil na Gupy, preenchendo suas informa\u00e7\u00f5es profissionais e pessoais;<\/li>\n\n\n\n<li>Escolha a vaga desejada e clique em \u201cCandidatar-se\u201d;<\/li>\n\n\n\n<li>Preencha os formul\u00e1rios e anexar seu curr\u00edculo;<\/li>\n\n\n\n<li>Acompanhe o andamento do seu processo diretamente pela plataforma.<\/li>\n<\/ul>\n\n\n\n<p>Ap\u00f3s a inscri\u00e7\u00e3o, o candidato pode ser chamado para entrevistas presenciais ou online, testes de habilidades ou din\u00e2micas em grupo, dependendo da vaga escolhida.<\/p>\n\n\n\n<p>A Vivara valoriza profissionais comprometidos, que compartilham dos valores da empresa e estejam prontos para encarar novos desafios. Se voc\u00ea busca uma oportunidade de crescimento em uma das maiores joalherias do pa\u00eds, n\u00e3o deixe essa chance passar.<\/p>\n\n\n\n<p><strong>Veja tamb\u00e9m: <a href=\"https:\/\/www.vagadeempregorj.com.br\/fr\/cimed-abre-vagas-de-emprego-pelo-pais-veja-os-cargos\/\">Cimed abre vagas de emprego pelo pa\u00eds; veja os cargos<\/a><\/strong><\/p>\n\n\n\n<p>18 de agosto de 2024<\/p>","protected":false},"excerpt":{"rendered":"<p>Se voc\u00ea sonha em trabalhar em uma das maiores joalherias do Brasil, esta pode ser a sua chance. A Vivara, renomada por suas pe\u00e7as luxuosas e tradi\u00e7\u00e3o no mercado, est\u00e1 com 190 vagas de emprego abertas em v\u00e1rias regi\u00f5es do pa\u00eds. As oportunidades abrangem diferentes n\u00edveis de experi\u00eancia e \u00e1reas de atua\u00e7\u00e3o, permitindo que profissionais&hellip;&nbsp;<\/p>","protected":false},"author":16,"featured_media":40167,"comment_status":"closed","ping_status":"closed","sticky":false,"template":"","format":"standard","meta":{"neve_meta_sidebar":"","neve_meta_container":"","neve_meta_enable_content_width":"","neve_meta_content_width":0,"neve_meta_title_alignment":"","neve_meta_author_avatar":"","neve_post_elements_order":"","neve_meta_disable_header":"","neve_meta_disable_footer":"","neve_meta_disable_title":"","footnotes":""},"categories":[123],"tags":[830,608],"class_list":["post-40159","post","type-post","status-publish","format-standard","has-post-thumbnail","hentry","category-vagas-de-emprego-nacionais","tag-empregos","tag-oportunidades"],"yoast_head":"<!-- This site is optimized with the Yoast SEO plugin v27.5 - https:\/\/yoast.com\/product\/yoast-seo-wordpress\/ -->\n<title>Vivara tem 190 vagas de emprego abertas pelo pa\u00eds -<\/title>\n<meta name=\"description\" content=\"Veja em Vagas de Emprego RJ as vagas de emprego com e sem experi\u00eancia no seu Estado e Regi\u00e3o!\" \/>\n<meta name=\"robots\" content=\"index, follow, max-snippet:-1, max-image-preview:large, max-video-preview:-1\" \/>\n<link rel=\"canonical\" href=\"https:\/\/www.vagadeempregorj.com.br\/fr\/vivara-tem-190-vagas-de-emprego-abertas-pelo-pais\/\" \/>\n<meta property=\"og:locale\" content=\"fr_FR\" \/>\n<meta property=\"og:type\" content=\"article\" \/>\n<meta property=\"og:title\" content=\"Vivara tem 190 vagas de emprego abertas pelo pa\u00eds -\" \/>\n<meta property=\"og:description\" content=\"Veja em Vagas de Emprego RJ as vagas de emprego com e sem experi\u00eancia no seu Estado e Regi\u00e3o!\" \/>\n<meta property=\"og:url\" content=\"https:\/\/www.vagadeempregorj.com.br\/fr\/vivara-tem-190-vagas-de-emprego-abertas-pelo-pais\/\" \/>\n<meta property=\"article:publisher\" content=\"https:\/\/www.facebook.com\/empregobrasiloficial\" \/>\n<meta property=\"article:published_time\" content=\"2024-08-18T09:00:00+00:00\" \/>\n<meta property=\"og:image\" content=\"https:\/\/www.vagadeempregorj.com.br\/wp-content\/uploads\/2024\/08\/image-16.png\" \/>\n\t<meta property=\"og:image:width\" content=\"754\" \/>\n\t<meta property=\"og:image:height\" content=\"566\" \/>\n\t<meta property=\"og:image:type\" content=\"image\/png\" \/>\n<meta name=\"author\" content=\"Michele\" \/>\n<meta name=\"twitter:card\" content=\"summary_large_image\" \/>\n<meta name=\"twitter:label1\" content=\"\u00c9crit par\" \/>\n\t<meta name=\"twitter:data1\" content=\"Michele\" \/>\n\t<meta name=\"twitter:label2\" content=\"Dur\u00e9e de lecture estim\u00e9e\" \/>\n\t<meta name=\"twitter:data2\" content=\"3 minutes\" \/>\n<script type=\"application\/ld+json\" class=\"yoast-schema-graph\">{\"@context\":\"https:\\\/\\\/schema.org\",\"@graph\":[{\"@type\":\"Article\",\"@id\":\"https:\\\/\\\/www.vagadeempregorj.com.br\\\/vivara-tem-190-vagas-de-emprego-abertas-pelo-pais\\\/#article\",\"isPartOf\":{\"@id\":\"https:\\\/\\\/www.vagadeempregorj.com.br\\\/vivara-tem-190-vagas-de-emprego-abertas-pelo-pais\\\/\"},\"author\":{\"name\":\"Michele\",\"@id\":\"https:\\\/\\\/www.vagadeempregorj.com.br\\\/#\\\/schema\\\/person\\\/3ddb19fa0539706786e502152f3aae95\"},\"headline\":\"Vivara tem 190 vagas de emprego abertas pelo pa\u00eds\",\"datePublished\":\"2024-08-18T09:00:00+00:00\",\"mainEntityOfPage\":{\"@id\":\"https:\\\/\\\/www.vagadeempregorj.com.br\\\/vivara-tem-190-vagas-de-emprego-abertas-pelo-pais\\\/\"},\"wordCount\":673,\"image\":{\"@id\":\"https:\\\/\\\/www.vagadeempregorj.com.br\\\/vivara-tem-190-vagas-de-emprego-abertas-pelo-pais\\\/#primaryimage\"},\"thumbnailUrl\":\"https:\\\/\\\/www.vagadeempregorj.com.br\\\/wp-content\\\/uploads\\\/2024\\\/08\\\/image-16.png\",\"keywords\":[\"empregos\",\"oportunidades\"],\"articleSection\":[\"Vagas de Emprego Nacionais\"],\"inLanguage\":\"fr-FR\"},{\"@type\":\"WebPage\",\"@id\":\"https:\\\/\\\/www.vagadeempregorj.com.br\\\/vivara-tem-190-vagas-de-emprego-abertas-pelo-pais\\\/\",\"url\":\"https:\\\/\\\/www.vagadeempregorj.com.br\\\/vivara-tem-190-vagas-de-emprego-abertas-pelo-pais\\\/\",\"name\":\"Vivara tem 190 vagas de emprego abertas pelo pa\u00eds -\",\"isPartOf\":{\"@id\":\"https:\\\/\\\/www.vagadeempregorj.com.br\\\/#website\"},\"primaryImageOfPage\":{\"@id\":\"https:\\\/\\\/www.vagadeempregorj.com.br\\\/vivara-tem-190-vagas-de-emprego-abertas-pelo-pais\\\/#primaryimage\"},\"image\":{\"@id\":\"https:\\\/\\\/www.vagadeempregorj.com.br\\\/vivara-tem-190-vagas-de-emprego-abertas-pelo-pais\\\/#primaryimage\"},\"thumbnailUrl\":\"https:\\\/\\\/www.vagadeempregorj.com.br\\\/wp-content\\\/uploads\\\/2024\\\/08\\\/image-16.png\",\"datePublished\":\"2024-08-18T09:00:00+00:00\",\"author\":{\"@id\":\"https:\\\/\\\/www.vagadeempregorj.com.br\\\/#\\\/schema\\\/person\\\/3ddb19fa0539706786e502152f3aae95\"},\"description\":\"Veja em Vagas de Emprego RJ as vagas de emprego com e sem experi\u00eancia no seu Estado e Regi\u00e3o!\",\"breadcrumb\":{\"@id\":\"https:\\\/\\\/www.vagadeempregorj.com.br\\\/vivara-tem-190-vagas-de-emprego-abertas-pelo-pais\\\/#breadcrumb\"},\"inLanguage\":\"fr-FR\",\"potentialAction\":[{\"@type\":\"ReadAction\",\"target\":[\"https:\\\/\\\/www.vagadeempregorj.com.br\\\/vivara-tem-190-vagas-de-emprego-abertas-pelo-pais\\\/\"]}]},{\"@type\":\"ImageObject\",\"inLanguage\":\"fr-FR\",\"@id\":\"https:\\\/\\\/www.vagadeempregorj.com.br\\\/vivara-tem-190-vagas-de-emprego-abertas-pelo-pais\\\/#primaryimage\",\"url\":\"https:\\\/\\\/www.vagadeempregorj.com.br\\\/wp-content\\\/uploads\\\/2024\\\/08\\\/image-16.png\",\"contentUrl\":\"https:\\\/\\\/www.vagadeempregorj.com.br\\\/wp-content\\\/uploads\\\/2024\\\/08\\\/image-16.png\",\"width\":754,\"height\":566},{\"@type\":\"BreadcrumbList\",\"@id\":\"https:\\\/\\\/www.vagadeempregorj.com.br\\\/vivara-tem-190-vagas-de-emprego-abertas-pelo-pais\\\/#breadcrumb\",\"itemListElement\":[{\"@type\":\"ListItem\",\"position\":1,\"name\":\"In\u00edcio\",\"item\":\"https:\\\/\\\/www.vagadeempregorj.com.br\\\/\"},{\"@type\":\"ListItem\",\"position\":2,\"name\":\"Vagas de Emprego Nacionais\",\"item\":\"https:\\\/\\\/www.vagadeempregorj.com.br\\\/vagas-de-emprego-nacionais\\\/\"},{\"@type\":\"ListItem\",\"position\":3,\"name\":\"Vivara tem 190 vagas de emprego abertas pelo pa\u00eds\"}]},{\"@type\":\"WebSite\",\"@id\":\"https:\\\/\\\/www.vagadeempregorj.com.br\\\/#website\",\"url\":\"https:\\\/\\\/www.vagadeempregorj.com.br\\\/\",\"name\":\"\",\"description\":\"Conquiste Sonhos: Vagas, Benef\u00edcios e Economia para Transformar Vidas e Alcan\u00e7ar Melhorias Cotidianas\",\"potentialAction\":[{\"@type\":\"SearchAction\",\"target\":{\"@type\":\"EntryPoint\",\"urlTemplate\":\"https:\\\/\\\/www.vagadeempregorj.com.br\\\/?s={search_term_string}\"},\"query-input\":{\"@type\":\"PropertyValueSpecification\",\"valueRequired\":true,\"valueName\":\"search_term_string\"}}],\"inLanguage\":\"fr-FR\"},{\"@type\":\"Person\",\"@id\":\"https:\\\/\\\/www.vagadeempregorj.com.br\\\/#\\\/schema\\\/person\\\/3ddb19fa0539706786e502152f3aae95\",\"name\":\"Michele\",\"image\":{\"@type\":\"ImageObject\",\"inLanguage\":\"fr-FR\",\"@id\":\"https:\\\/\\\/secure.gravatar.com\\\/avatar\\\/6b0eb9d22841282815e2cd856a0061c45e1761cd54b22e952d98c4746939aa85?s=96&r=g\",\"url\":\"https:\\\/\\\/secure.gravatar.com\\\/avatar\\\/6b0eb9d22841282815e2cd856a0061c45e1761cd54b22e952d98c4746939aa85?s=96&r=g\",\"contentUrl\":\"https:\\\/\\\/secure.gravatar.com\\\/avatar\\\/6b0eb9d22841282815e2cd856a0061c45e1761cd54b22e952d98c4746939aa85?s=96&r=g\",\"caption\":\"Michele\"},\"description\":\"Formada em Letras - Portugu\u00eas\\\/ Ingl\u00eas, e idealizadora do site Escritora de Sucesso, busca expandir o conhecimento de todos com informa\u00e7\u00f5es relevantes sobre diversos assuntos, enquanto redatora. No Vaga de Emprego RJ, traz oportunidades e dicas sobre o mercado de trabalho.\",\"url\":\"https:\\\/\\\/www.vagadeempregorj.com.br\\\/fr\\\/author\\\/michele\\\/\"}]}<\/script>\n<!-- \/ Yoast SEO plugin. -->","yoast_head_json":{"title":"Vivara tem 190 vagas de emprego abertas pelo pa\u00eds -","description":"Veja em Vagas de Emprego RJ as vagas de emprego com e sem experi\u00eancia no seu Estado e Regi\u00e3o!","robots":{"index":"index","follow":"follow","max-snippet":"max-snippet:-1","max-image-preview":"max-image-preview:large","max-video-preview":"max-video-preview:-1"},"canonical":"https:\/\/www.vagadeempregorj.com.br\/fr\/vivara-tem-190-vagas-de-emprego-abertas-pelo-pais\/","og_locale":"fr_FR","og_type":"article","og_title":"Vivara tem 190 vagas de emprego abertas pelo pa\u00eds -","og_description":"Veja em Vagas de Emprego RJ as vagas de emprego com e sem experi\u00eancia no seu Estado e Regi\u00e3o!","og_url":"https:\/\/www.vagadeempregorj.com.br\/fr\/vivara-tem-190-vagas-de-emprego-abertas-pelo-pais\/","article_publisher":"https:\/\/www.facebook.com\/empregobrasiloficial","article_published_time":"2024-08-18T09:00:00+00:00","og_image":[{"width":754,"height":566,"url":"https:\/\/www.vagadeempregorj.com.br\/wp-content\/uploads\/2024\/08\/image-16.png","type":"image\/png"}],"author":"Michele","twitter_card":"summary_large_image","twitter_misc":{"\u00c9crit par":"Michele","Dur\u00e9e de lecture estim\u00e9e":"3 minutes"},"schema":{"@context":"https:\/\/schema.org","@graph":[{"@type":"Article","@id":"https:\/\/www.vagadeempregorj.com.br\/vivara-tem-190-vagas-de-emprego-abertas-pelo-pais\/#article","isPartOf":{"@id":"https:\/\/www.vagadeempregorj.com.br\/vivara-tem-190-vagas-de-emprego-abertas-pelo-pais\/"},"author":{"name":"Michele","@id":"https:\/\/www.vagadeempregorj.com.br\/#\/schema\/person\/3ddb19fa0539706786e502152f3aae95"},"headline":"Vivara tem 190 vagas de emprego abertas pelo pa\u00eds","datePublished":"2024-08-18T09:00:00+00:00","mainEntityOfPage":{"@id":"https:\/\/www.vagadeempregorj.com.br\/vivara-tem-190-vagas-de-emprego-abertas-pelo-pais\/"},"wordCount":673,"image":{"@id":"https:\/\/www.vagadeempregorj.com.br\/vivara-tem-190-vagas-de-emprego-abertas-pelo-pais\/#primaryimage"},"thumbnailUrl":"https:\/\/www.vagadeempregorj.com.br\/wp-content\/uploads\/2024\/08\/image-16.png","keywords":["empregos","oportunidades"],"articleSection":["Vagas de Emprego Nacionais"],"inLanguage":"fr-FR"},{"@type":"WebPage","@id":"https:\/\/www.vagadeempregorj.com.br\/vivara-tem-190-vagas-de-emprego-abertas-pelo-pais\/","url":"https:\/\/www.vagadeempregorj.com.br\/vivara-tem-190-vagas-de-emprego-abertas-pelo-pais\/","name":"Vivara tem 190 vagas de emprego abertas pelo pa\u00eds -","isPartOf":{"@id":"https:\/\/www.vagadeempregorj.com.br\/#website"},"primaryImageOfPage":{"@id":"https:\/\/www.vagadeempregorj.com.br\/vivara-tem-190-vagas-de-emprego-abertas-pelo-pais\/#primaryimage"},"image":{"@id":"https:\/\/www.vagadeempregorj.com.br\/vivara-tem-190-vagas-de-emprego-abertas-pelo-pais\/#primaryimage"},"thumbnailUrl":"https:\/\/www.vagadeempregorj.com.br\/wp-content\/uploads\/2024\/08\/image-16.png","datePublished":"2024-08-18T09:00:00+00:00","author":{"@id":"https:\/\/www.vagadeempregorj.com.br\/#\/schema\/person\/3ddb19fa0539706786e502152f3aae95"},"description":"Veja em Vagas de Emprego RJ as vagas de emprego com e sem experi\u00eancia no seu Estado e Regi\u00e3o!","breadcrumb":{"@id":"https:\/\/www.vagadeempregorj.com.br\/vivara-tem-190-vagas-de-emprego-abertas-pelo-pais\/#breadcrumb"},"inLanguage":"fr-FR","potentialAction":[{"@type":"ReadAction","target":["https:\/\/www.vagadeempregorj.com.br\/vivara-tem-190-vagas-de-emprego-abertas-pelo-pais\/"]}]},{"@type":"ImageObject","inLanguage":"fr-FR","@id":"https:\/\/www.vagadeempregorj.com.br\/vivara-tem-190-vagas-de-emprego-abertas-pelo-pais\/#primaryimage","url":"https:\/\/www.vagadeempregorj.com.br\/wp-content\/uploads\/2024\/08\/image-16.png","contentUrl":"https:\/\/www.vagadeempregorj.com.br\/wp-content\/uploads\/2024\/08\/image-16.png","width":754,"height":566},{"@type":"BreadcrumbList","@id":"https:\/\/www.vagadeempregorj.com.br\/vivara-tem-190-vagas-de-emprego-abertas-pelo-pais\/#breadcrumb","itemListElement":[{"@type":"ListItem","position":1,"name":"In\u00edcio","item":"https:\/\/www.vagadeempregorj.com.br\/"},{"@type":"ListItem","position":2,"name":"Vagas de Emprego Nacionais","item":"https:\/\/www.vagadeempregorj.com.br\/vagas-de-emprego-nacionais\/"},{"@type":"ListItem","position":3,"name":"Vivara tem 190 vagas de emprego abertas pelo pa\u00eds"}]},{"@type":"WebSite","@id":"https:\/\/www.vagadeempregorj.com.br\/#website","url":"https:\/\/www.vagadeempregorj.com.br\/","name":"","description":"Conquiste Sonhos: Vagas, Benef\u00edcios e Economia para Transformar Vidas e Alcan\u00e7ar Melhorias Cotidianas","potentialAction":[{"@type":"SearchAction","target":{"@type":"EntryPoint","urlTemplate":"https:\/\/www.vagadeempregorj.com.br\/?s={search_term_string}"},"query-input":{"@type":"PropertyValueSpecification","valueRequired":true,"valueName":"search_term_string"}}],"inLanguage":"fr-FR"},{"@type":"Person","@id":"https:\/\/www.vagadeempregorj.com.br\/#\/schema\/person\/3ddb19fa0539706786e502152f3aae95","name":"Michele","image":{"@type":"ImageObject","inLanguage":"fr-FR","@id":"https:\/\/secure.gravatar.com\/avatar\/6b0eb9d22841282815e2cd856a0061c45e1761cd54b22e952d98c4746939aa85?s=96&r=g","url":"https:\/\/secure.gravatar.com\/avatar\/6b0eb9d22841282815e2cd856a0061c45e1761cd54b22e952d98c4746939aa85?s=96&r=g","contentUrl":"https:\/\/secure.gravatar.com\/avatar\/6b0eb9d22841282815e2cd856a0061c45e1761cd54b22e952d98c4746939aa85?s=96&r=g","caption":"Michele"},"description":"Formada em Letras - Portugu\u00eas\/ Ingl\u00eas, e idealizadora do site Escritora de Sucesso, busca expandir o conhecimento de todos com informa\u00e7\u00f5es relevantes sobre diversos assuntos, enquanto redatora. No Vaga de Emprego RJ, traz oportunidades e dicas sobre o mercado de trabalho.","url":"https:\/\/www.vagadeempregorj.com.br\/fr\/author\/michele\/"}]}},"_links":{"self":[{"href":"https:\/\/www.vagadeempregorj.com.br\/fr\/wp-json\/wp\/v2\/posts\/40159","targetHints":{"allow":["GET"]}}],"collection":[{"href":"https:\/\/www.vagadeempregorj.com.br\/fr\/wp-json\/wp\/v2\/posts"}],"about":[{"href":"https:\/\/www.vagadeempregorj.com.br\/fr\/wp-json\/wp\/v2\/types\/post"}],"author":[{"embeddable":true,"href":"https:\/\/www.vagadeempregorj.com.br\/fr\/wp-json\/wp\/v2\/users\/16"}],"replies":[{"embeddable":true,"href":"https:\/\/www.vagadeempregorj.com.br\/fr\/wp-json\/wp\/v2\/comments?post=40159"}],"version-history":[{"count":0,"href":"https:\/\/www.vagadeempregorj.com.br\/fr\/wp-json\/wp\/v2\/posts\/40159\/revisions"}],"wp:featuredmedia":[{"embeddable":true,"href":"https:\/\/www.vagadeempregorj.com.br\/fr\/wp-json\/wp\/v2\/media\/40167"}],"wp:attachment":[{"href":"https:\/\/www.vagadeempregorj.com.br\/fr\/wp-json\/wp\/v2\/media?parent=40159"}],"wp:term":[{"taxonomy":"category","embeddable":true,"href":"https:\/\/www.vagadeempregorj.com.br\/fr\/wp-json\/wp\/v2\/categories?post=40159"},{"taxonomy":"post_tag","embeddable":true,"href":"https:\/\/www.vagadeempregorj.com.br\/fr\/wp-json\/wp\/v2\/tags?post=40159"}],"curies":[{"name":"wp","href":"https:\/\/api.w.org\/{rel}","templated":true}]}}