{"id":40379,"date":"2024-08-20T22:18:36","date_gmt":"2024-08-21T01:18:36","guid":{"rendered":"https:\/\/www.vagadeempregorj.com.br\/?p=40379"},"modified":"2026-02-02T17:52:01","modified_gmt":"2026-02-02T20:52:01","slug":"magazine-luiza-abre-mais-de-100-vagas-de-emprego-pelo-pais","status":"publish","type":"post","link":"https:\/\/www.vagadeempregorj.com.br\/fr\/magazine-luiza-abre-mais-de-100-vagas-de-emprego-pelo-pais\/","title":{"rendered":"Magazine Luiza abre mais de 100 vagas de emprego pelo pa\u00eds"},"content":{"rendered":"<p>O Magazine Luiza, uma das maiores redes de varejo do Brasil, anunciou a abertura de mais de 100 novas vagas de emprego em diversas regi\u00f5es do pa\u00eds. Em um cen\u00e1rio onde a economia busca recupera\u00e7\u00e3o e as oportunidades de trabalho s\u00e3o altamente valorizadas, essa not\u00edcia traz uma nova esperan\u00e7a para profissionais em busca de coloca\u00e7\u00e3o ou recoloca\u00e7\u00e3o no mercado. <\/p>\n\n\n\n<h2 class=\"wp-block-heading\">Magazine Luiza e suas oportunidades de emprego<\/h2>\n\n\n\n<p>Nos \u00faltimos anos, o Magazine Luiza tem se destacado no cen\u00e1rio do varejo brasileiro, n\u00e3o apenas pelo seu crescimento expressivo, mas tamb\u00e9m pela inova\u00e7\u00e3o constante em seus processos e na experi\u00eancia do cliente. A empresa, que come\u00e7ou como uma pequena loja de presentes no interior de S\u00e3o Paulo, hoje se posiciona como uma das l\u00edderes no com\u00e9rcio eletr\u00f4nico e varejo f\u00edsico do pa\u00eds.<\/p>\n\n\n\n<figure class=\"wp-block-image size-large\"><img loading=\"lazy\" decoding=\"async\" width=\"1024\" height=\"576\" src=\"https:\/\/www.vagadeempregorj.com.br\/wp-content\/uploads\/2024\/08\/image-28-1024x576.png\" alt=\"\" class=\"wp-image-40380\" srcset=\"https:\/\/www.vagadeempregorj.com.br\/wp-content\/uploads\/2024\/08\/image-28-1024x576.png 1024w, https:\/\/www.vagadeempregorj.com.br\/wp-content\/uploads\/2024\/08\/image-28-300x169.png 300w, https:\/\/www.vagadeempregorj.com.br\/wp-content\/uploads\/2024\/08\/image-28-768x432.png 768w, https:\/\/www.vagadeempregorj.com.br\/wp-content\/uploads\/2024\/08\/image-28-383x215.png 383w, https:\/\/www.vagadeempregorj.com.br\/wp-content\/uploads\/2024\/08\/image-28-150x84.png 150w, https:\/\/www.vagadeempregorj.com.br\/wp-content\/uploads\/2024\/08\/image-28.png 1200w\" sizes=\"auto, (max-width: 1024px) 100vw, 1024px\" \/><\/figure>\n\n\n\n<p>Esse crescimento cont\u00ednuo reflete o compromisso da empresa com a expans\u00e3o de suas opera\u00e7\u00f5es e a cria\u00e7\u00e3o de novas oportunidades de trabalho. As mais de 100 vagas de emprego anunciadas recentemente fazem parte dessa estrat\u00e9gia, permitindo que a empresa fortale\u00e7a sua presen\u00e7a em diversas regi\u00f5es e continue a oferecer um servi\u00e7o de excel\u00eancia.<\/p>\n\n\n\n<h2 class=\"wp-block-heading\">Perfis profissionais procurados pelo Magazine Luiza<\/h2>\n\n\n\n<p>O Magazine Luiza est\u00e1 em busca de profissionais para ocupar vagas em diversas \u00e1reas, refletindo a diversidade de opera\u00e7\u00f5es da empresa. As oportunidades abrangem tanto o setor de vendas e atendimento ao cliente quanto \u00e1reas administrativas e de tecnologia. Essa variedade de vagas oferece chances para profissionais com diferentes n\u00edveis de experi\u00eancia e qualifica\u00e7\u00f5es.<\/p>\n\n\n\n<ul class=\"wp-block-list\">\n<li><strong>Vendas e Atendimento ao Cliente<\/strong>: As lojas f\u00edsicas do Magazine Luiza est\u00e3o recrutando profissionais para atuar diretamente no atendimento ao cliente, vendas e opera\u00e7\u00f5es de loja. Esses cargos s\u00e3o ideais para aqueles que possuem habilidades de comunica\u00e7\u00e3o, orienta\u00e7\u00e3o para o cliente e experi\u00eancia em varejo.<\/li>\n\n\n\n<li><strong>Tecnologia e Inova\u00e7\u00e3o<\/strong>: Com o crescimento do com\u00e9rcio eletr\u00f4nico, a demanda por profissionais de tecnologia tamb\u00e9m est\u00e1 em alta. O Magazine Luiza busca desenvolvedores, analistas de sistemas, especialistas em TI e profissionais de UX\/UI para refor\u00e7ar sua plataforma digital e melhorar a experi\u00eancia de compra online.<\/li>\n\n\n\n<li><strong>Log\u00edstica e Opera\u00e7\u00f5es<\/strong>: A efici\u00eancia log\u00edstica \u00e9 fundamental para o sucesso do Magazine Luiza, especialmente em um mercado onde a entrega r\u00e1pida e precisa \u00e9 essencial. As vagas nessa \u00e1rea incluem cargos em centros de distribui\u00e7\u00e3o, gest\u00e3o de estoque e transporte.<\/li>\n\n\n\n<li><strong>Administra\u00e7\u00e3o e Recursos Humanos<\/strong>: Al\u00e9m das opera\u00e7\u00f5es de front-end, a empresa tamb\u00e9m est\u00e1 contratando para fun\u00e7\u00f5es administrativas, incluindo recursos humanos, finan\u00e7as, e marketing. Esses cargos s\u00e3o voltados para profissionais com forma\u00e7\u00e3o espec\u00edfica e experi\u00eancia em gest\u00e3o corporativa.<\/li>\n<\/ul>\n\n\n\n<h2 class=\"wp-block-heading\">Como se candidatar \u00e0s vagas no Magazine Luiza<\/h2>\n\n\n\n<p>Candidatar-se \u00e0s vagas no Magazine Luiza \u00e9 um processo relativamente simples e acess\u00edvel. A empresa utiliza sua pr\u00f3pria plataforma online para a divulga\u00e7\u00e3o de vagas e recebimento de candidaturas, garantindo que os interessados possam se inscrever de maneira pr\u00e1tica e r\u00e1pida.<\/p>\n\n\n\n<ul class=\"wp-block-list\">\n<li><strong>Plataforma Online<\/strong>: Para se candidatar, os interessados devem <a href=\"https:\/\/carreiras.magazineluiza.com.br\/\">acessar o site de carreiras<\/a> do Magazine Luiza. L\u00e1, \u00e9 poss\u00edvel encontrar a lista completa de vagas dispon\u00edveis, com descri\u00e7\u00f5es detalhadas sobre os requisitos e responsabilidades de cada posi\u00e7\u00e3o.<\/li>\n\n\n\n<li><strong>Atualiza\u00e7\u00e3o do Curr\u00edculo<\/strong>: Antes de se candidatar, \u00e9 recomend\u00e1vel atualizar seu curr\u00edculo para destacar as habilidades e experi\u00eancias mais relevantes para a vaga desejada. Certifique-se de que seu curr\u00edculo esteja bem formatado e inclua palavras-chave que correspondam \u00e0 descri\u00e7\u00e3o da vaga.<\/li>\n\n\n\n<li><strong>Carta de Apresenta\u00e7\u00e3o<\/strong>: Embora n\u00e3o seja obrigat\u00f3ria, a carta de apresenta\u00e7\u00e3o pode ser uma excelente maneira de se destacar. Use esse espa\u00e7o para explicar por que voc\u00ea \u00e9 o candidato ideal para a vaga e como suas habilidades podem contribuir para o sucesso da empresa.<\/li>\n<\/ul>\n\n\n\n<h3 class=\"wp-block-heading\">Dicas para se destacar no processo seletivo<\/h3>\n\n\n\n<p>O processo seletivo do Magazine Luiza \u00e9 competitivo, especialmente devido \u00e0 popularidade da empresa como empregadora. Aqui est\u00e3o algumas dicas para aumentar suas chances de sucesso:<\/p>\n\n\n\n<ul class=\"wp-block-list\">\n<li><strong>Pesquisa Pr\u00e9via<\/strong>: Antes de participar de uma entrevista, pesquise sobre a empresa e suas opera\u00e7\u00f5es. Conhecer a hist\u00f3ria, os valores e a cultura do Magazine Luiza pode ajud\u00e1-lo a responder perguntas de forma mais assertiva e alinhada com o que a empresa busca.<\/li>\n\n\n\n<li><strong>Demonstre Flexibilidade<\/strong>: O varejo \u00e9 um setor din\u00e2mico que requer flexibilidade e adaptabilidade. Durante o processo seletivo, destaque experi\u00eancias anteriores onde voc\u00ea demonstrou essas qualidades, especialmente em situa\u00e7\u00f5es de alta press\u00e3o ou mudan\u00e7as repentinas.<\/li>\n\n\n\n<li><strong>Foco no Cliente<\/strong>: O Magazine Luiza \u00e9 conhecido por sua forte orienta\u00e7\u00e3o ao cliente. Seja em uma entrevista ou na descri\u00e7\u00e3o de suas experi\u00eancias anteriores, enfatize como suas a\u00e7\u00f5es resultaram em uma melhor experi\u00eancia para o cliente.<\/li>\n<\/ul>\n\n\n\n<h2 class=\"wp-block-heading\">Impacto das novas contrata\u00e7\u00f5es na comunidade<\/h2>\n\n\n\n<p>A abertura de novas vagas de emprego pelo Magazine Luiza tem um impacto positivo n\u00e3o apenas para os candidatos, mas tamb\u00e9m para as comunidades onde a empresa atua. A cria\u00e7\u00e3o de empregos ajuda a fortalecer a economia local, aumentando a renda das fam\u00edlias e contribuindo para o desenvolvimento social e econ\u00f4mico da regi\u00e3o.<\/p>\n\n\n\n<p>Empresas como o Magazine Luiza desempenham um papel crucial na gera\u00e7\u00e3o de empregos em momentos desafiadores. Ao oferecer oportunidades em diversas localidades, a empresa contribui para a redu\u00e7\u00e3o do desemprego e para o aumento da inclus\u00e3o social.<\/p>\n\n\n\n<h2 class=\"wp-block-heading\">Um futuro promissor com o Magazine Luiza<\/h2>\n\n\n\n<p>Trabalhar no Magazine Luiza oferece n\u00e3o apenas uma posi\u00e7\u00e3o em uma das maiores empresas de varejo do Brasil, mas tamb\u00e9m a oportunidade de crescimento e desenvolvimento profissional. A empresa \u00e9 conhecida por investir em seus colaboradores, oferecendo treinamentos, capacita\u00e7\u00e3o e oportunidades de ascens\u00e3o na carreira.<\/p>\n\n\n\n<p>Seja voc\u00ea um profissional experiente ou algu\u00e9m que est\u00e1 iniciando sua trajet\u00f3ria profissional, as oportunidades no Magazine Luiza podem ser o impulso que voc\u00ea precisa para alcan\u00e7ar seus objetivos de carreira. Ao aproveitar essas novas vagas, voc\u00ea estar\u00e1 se unindo a uma empresa que valoriza seus colaboradores e est\u00e1 comprometida com o sucesso deles.<\/p>\n\n\n\n<p>20 de agosto de 2024<\/p>","protected":false},"excerpt":{"rendered":"<p>O Magazine Luiza, uma das maiores redes de varejo do Brasil, anunciou a abertura de mais de 100 novas vagas de emprego em diversas regi\u00f5es do pa\u00eds. Em um cen\u00e1rio onde a economia busca recupera\u00e7\u00e3o e as oportunidades de trabalho s\u00e3o altamente valorizadas, essa not\u00edcia traz uma nova esperan\u00e7a para profissionais em busca de coloca\u00e7\u00e3o&hellip;&nbsp;<\/p>","protected":false},"author":16,"featured_media":40380,"comment_status":"closed","ping_status":"closed","sticky":false,"template":"","format":"standard","meta":{"neve_meta_sidebar":"","neve_meta_container":"","neve_meta_enable_content_width":"","neve_meta_content_width":0,"neve_meta_title_alignment":"","neve_meta_author_avatar":"","neve_post_elements_order":"","neve_meta_disable_header":"","neve_meta_disable_footer":"","neve_meta_disable_title":"","footnotes":""},"categories":[123],"tags":[],"class_list":["post-40379","post","type-post","status-publish","format-standard","has-post-thumbnail","hentry","category-vagas-de-emprego-nacionais"],"yoast_head":"<!-- This site is optimized with the Yoast SEO plugin v27.5 - https:\/\/yoast.com\/product\/yoast-seo-wordpress\/ -->\n<title>Magazine Luiza abre mais de 100 vagas de emprego pelo pa\u00eds -<\/title>\n<meta name=\"description\" content=\"Veja em Vagas de Emprego RJ as vagas de emprego com e sem experi\u00eancia no seu Estado e Regi\u00e3o!\" \/>\n<meta name=\"robots\" content=\"index, follow, max-snippet:-1, max-image-preview:large, max-video-preview:-1\" \/>\n<link rel=\"canonical\" href=\"https:\/\/www.vagadeempregorj.com.br\/fr\/magazine-luiza-abre-mais-de-100-vagas-de-emprego-pelo-pais\/\" \/>\n<meta property=\"og:locale\" content=\"fr_FR\" \/>\n<meta property=\"og:type\" content=\"article\" \/>\n<meta property=\"og:title\" content=\"Magazine Luiza abre mais de 100 vagas de emprego pelo pa\u00eds -\" \/>\n<meta property=\"og:description\" content=\"Veja em Vagas de Emprego RJ as vagas de emprego com e sem experi\u00eancia no seu Estado e Regi\u00e3o!\" \/>\n<meta property=\"og:url\" content=\"https:\/\/www.vagadeempregorj.com.br\/fr\/magazine-luiza-abre-mais-de-100-vagas-de-emprego-pelo-pais\/\" \/>\n<meta property=\"article:publisher\" content=\"https:\/\/www.facebook.com\/empregobrasiloficial\" \/>\n<meta property=\"article:published_time\" content=\"2024-08-21T01:18:36+00:00\" \/>\n<meta property=\"article:modified_time\" content=\"2026-02-02T20:52:01+00:00\" \/>\n<meta property=\"og:image\" content=\"https:\/\/www.vagadeempregorj.com.br\/wp-content\/uploads\/2024\/08\/image-28.png\" \/>\n\t<meta property=\"og:image:width\" content=\"1200\" \/>\n\t<meta property=\"og:image:height\" content=\"675\" \/>\n\t<meta property=\"og:image:type\" content=\"image\/png\" \/>\n<meta name=\"author\" content=\"Michele\" \/>\n<meta name=\"twitter:card\" content=\"summary_large_image\" \/>\n<meta name=\"twitter:label1\" content=\"\u00c9crit par\" \/>\n\t<meta name=\"twitter:data1\" content=\"Michele\" \/>\n\t<meta name=\"twitter:label2\" content=\"Dur\u00e9e de lecture estim\u00e9e\" \/>\n\t<meta name=\"twitter:data2\" content=\"5 minutes\" \/>\n<script type=\"application\/ld+json\" class=\"yoast-schema-graph\">{\"@context\":\"https:\\\/\\\/schema.org\",\"@graph\":[{\"@type\":\"Article\",\"@id\":\"https:\\\/\\\/www.vagadeempregorj.com.br\\\/magazine-luiza-abre-mais-de-100-vagas-de-emprego-pelo-pais\\\/#article\",\"isPartOf\":{\"@id\":\"https:\\\/\\\/www.vagadeempregorj.com.br\\\/magazine-luiza-abre-mais-de-100-vagas-de-emprego-pelo-pais\\\/\"},\"author\":{\"name\":\"Michele\",\"@id\":\"https:\\\/\\\/www.vagadeempregorj.com.br\\\/#\\\/schema\\\/person\\\/3ddb19fa0539706786e502152f3aae95\"},\"headline\":\"Magazine Luiza abre mais de 100 vagas de emprego pelo pa\u00eds\",\"datePublished\":\"2024-08-21T01:18:36+00:00\",\"dateModified\":\"2026-02-02T20:52:01+00:00\",\"mainEntityOfPage\":{\"@id\":\"https:\\\/\\\/www.vagadeempregorj.com.br\\\/magazine-luiza-abre-mais-de-100-vagas-de-emprego-pelo-pais\\\/\"},\"wordCount\":1053,\"image\":{\"@id\":\"https:\\\/\\\/www.vagadeempregorj.com.br\\\/magazine-luiza-abre-mais-de-100-vagas-de-emprego-pelo-pais\\\/#primaryimage\"},\"thumbnailUrl\":\"https:\\\/\\\/www.vagadeempregorj.com.br\\\/wp-content\\\/uploads\\\/2024\\\/08\\\/image-28.png\",\"articleSection\":[\"Vagas de Emprego Nacionais\"],\"inLanguage\":\"fr-FR\"},{\"@type\":\"WebPage\",\"@id\":\"https:\\\/\\\/www.vagadeempregorj.com.br\\\/magazine-luiza-abre-mais-de-100-vagas-de-emprego-pelo-pais\\\/\",\"url\":\"https:\\\/\\\/www.vagadeempregorj.com.br\\\/magazine-luiza-abre-mais-de-100-vagas-de-emprego-pelo-pais\\\/\",\"name\":\"Magazine Luiza abre mais de 100 vagas de emprego pelo pa\u00eds -\",\"isPartOf\":{\"@id\":\"https:\\\/\\\/www.vagadeempregorj.com.br\\\/#website\"},\"primaryImageOfPage\":{\"@id\":\"https:\\\/\\\/www.vagadeempregorj.com.br\\\/magazine-luiza-abre-mais-de-100-vagas-de-emprego-pelo-pais\\\/#primaryimage\"},\"image\":{\"@id\":\"https:\\\/\\\/www.vagadeempregorj.com.br\\\/magazine-luiza-abre-mais-de-100-vagas-de-emprego-pelo-pais\\\/#primaryimage\"},\"thumbnailUrl\":\"https:\\\/\\\/www.vagadeempregorj.com.br\\\/wp-content\\\/uploads\\\/2024\\\/08\\\/image-28.png\",\"datePublished\":\"2024-08-21T01:18:36+00:00\",\"dateModified\":\"2026-02-02T20:52:01+00:00\",\"author\":{\"@id\":\"https:\\\/\\\/www.vagadeempregorj.com.br\\\/#\\\/schema\\\/person\\\/3ddb19fa0539706786e502152f3aae95\"},\"description\":\"Veja em Vagas de Emprego RJ as vagas de emprego com e sem experi\u00eancia no seu Estado e Regi\u00e3o!\",\"breadcrumb\":{\"@id\":\"https:\\\/\\\/www.vagadeempregorj.com.br\\\/magazine-luiza-abre-mais-de-100-vagas-de-emprego-pelo-pais\\\/#breadcrumb\"},\"inLanguage\":\"fr-FR\",\"potentialAction\":[{\"@type\":\"ReadAction\",\"target\":[\"https:\\\/\\\/www.vagadeempregorj.com.br\\\/magazine-luiza-abre-mais-de-100-vagas-de-emprego-pelo-pais\\\/\"]}]},{\"@type\":\"ImageObject\",\"inLanguage\":\"fr-FR\",\"@id\":\"https:\\\/\\\/www.vagadeempregorj.com.br\\\/magazine-luiza-abre-mais-de-100-vagas-de-emprego-pelo-pais\\\/#primaryimage\",\"url\":\"https:\\\/\\\/www.vagadeempregorj.com.br\\\/wp-content\\\/uploads\\\/2024\\\/08\\\/image-28.png\",\"contentUrl\":\"https:\\\/\\\/www.vagadeempregorj.com.br\\\/wp-content\\\/uploads\\\/2024\\\/08\\\/image-28.png\",\"width\":1200,\"height\":675},{\"@type\":\"BreadcrumbList\",\"@id\":\"https:\\\/\\\/www.vagadeempregorj.com.br\\\/magazine-luiza-abre-mais-de-100-vagas-de-emprego-pelo-pais\\\/#breadcrumb\",\"itemListElement\":[{\"@type\":\"ListItem\",\"position\":1,\"name\":\"In\u00edcio\",\"item\":\"https:\\\/\\\/www.vagadeempregorj.com.br\\\/\"},{\"@type\":\"ListItem\",\"position\":2,\"name\":\"Vagas de Emprego Nacionais\",\"item\":\"https:\\\/\\\/www.vagadeempregorj.com.br\\\/vagas-de-emprego-nacionais\\\/\"},{\"@type\":\"ListItem\",\"position\":3,\"name\":\"Magazine Luiza abre mais de 100 vagas de emprego pelo pa\u00eds\"}]},{\"@type\":\"WebSite\",\"@id\":\"https:\\\/\\\/www.vagadeempregorj.com.br\\\/#website\",\"url\":\"https:\\\/\\\/www.vagadeempregorj.com.br\\\/\",\"name\":\"\",\"description\":\"Conquiste Sonhos: Vagas, Benef\u00edcios e Economia para Transformar Vidas e Alcan\u00e7ar Melhorias Cotidianas\",\"potentialAction\":[{\"@type\":\"SearchAction\",\"target\":{\"@type\":\"EntryPoint\",\"urlTemplate\":\"https:\\\/\\\/www.vagadeempregorj.com.br\\\/?s={search_term_string}\"},\"query-input\":{\"@type\":\"PropertyValueSpecification\",\"valueRequired\":true,\"valueName\":\"search_term_string\"}}],\"inLanguage\":\"fr-FR\"},{\"@type\":\"Person\",\"@id\":\"https:\\\/\\\/www.vagadeempregorj.com.br\\\/#\\\/schema\\\/person\\\/3ddb19fa0539706786e502152f3aae95\",\"name\":\"Michele\",\"image\":{\"@type\":\"ImageObject\",\"inLanguage\":\"fr-FR\",\"@id\":\"https:\\\/\\\/secure.gravatar.com\\\/avatar\\\/6b0eb9d22841282815e2cd856a0061c45e1761cd54b22e952d98c4746939aa85?s=96&r=g\",\"url\":\"https:\\\/\\\/secure.gravatar.com\\\/avatar\\\/6b0eb9d22841282815e2cd856a0061c45e1761cd54b22e952d98c4746939aa85?s=96&r=g\",\"contentUrl\":\"https:\\\/\\\/secure.gravatar.com\\\/avatar\\\/6b0eb9d22841282815e2cd856a0061c45e1761cd54b22e952d98c4746939aa85?s=96&r=g\",\"caption\":\"Michele\"},\"description\":\"Formada em Letras - Portugu\u00eas\\\/ Ingl\u00eas, e idealizadora do site Escritora de Sucesso, busca expandir o conhecimento de todos com informa\u00e7\u00f5es relevantes sobre diversos assuntos, enquanto redatora. No Vaga de Emprego RJ, traz oportunidades e dicas sobre o mercado de trabalho.\",\"url\":\"https:\\\/\\\/www.vagadeempregorj.com.br\\\/fr\\\/author\\\/michele\\\/\"}]}<\/script>\n<!-- \/ Yoast SEO plugin. -->","yoast_head_json":{"title":"Magazine Luiza abre mais de 100 vagas de emprego pelo pa\u00eds -","description":"Veja em Vagas de Emprego RJ as vagas de emprego com e sem experi\u00eancia no seu Estado e Regi\u00e3o!","robots":{"index":"index","follow":"follow","max-snippet":"max-snippet:-1","max-image-preview":"max-image-preview:large","max-video-preview":"max-video-preview:-1"},"canonical":"https:\/\/www.vagadeempregorj.com.br\/fr\/magazine-luiza-abre-mais-de-100-vagas-de-emprego-pelo-pais\/","og_locale":"fr_FR","og_type":"article","og_title":"Magazine Luiza abre mais de 100 vagas de emprego pelo pa\u00eds -","og_description":"Veja em Vagas de Emprego RJ as vagas de emprego com e sem experi\u00eancia no seu Estado e Regi\u00e3o!","og_url":"https:\/\/www.vagadeempregorj.com.br\/fr\/magazine-luiza-abre-mais-de-100-vagas-de-emprego-pelo-pais\/","article_publisher":"https:\/\/www.facebook.com\/empregobrasiloficial","article_published_time":"2024-08-21T01:18:36+00:00","article_modified_time":"2026-02-02T20:52:01+00:00","og_image":[{"width":1200,"height":675,"url":"https:\/\/www.vagadeempregorj.com.br\/wp-content\/uploads\/2024\/08\/image-28.png","type":"image\/png"}],"author":"Michele","twitter_card":"summary_large_image","twitter_misc":{"\u00c9crit par":"Michele","Dur\u00e9e de lecture estim\u00e9e":"5 minutes"},"schema":{"@context":"https:\/\/schema.org","@graph":[{"@type":"Article","@id":"https:\/\/www.vagadeempregorj.com.br\/magazine-luiza-abre-mais-de-100-vagas-de-emprego-pelo-pais\/#article","isPartOf":{"@id":"https:\/\/www.vagadeempregorj.com.br\/magazine-luiza-abre-mais-de-100-vagas-de-emprego-pelo-pais\/"},"author":{"name":"Michele","@id":"https:\/\/www.vagadeempregorj.com.br\/#\/schema\/person\/3ddb19fa0539706786e502152f3aae95"},"headline":"Magazine Luiza abre mais de 100 vagas de emprego pelo pa\u00eds","datePublished":"2024-08-21T01:18:36+00:00","dateModified":"2026-02-02T20:52:01+00:00","mainEntityOfPage":{"@id":"https:\/\/www.vagadeempregorj.com.br\/magazine-luiza-abre-mais-de-100-vagas-de-emprego-pelo-pais\/"},"wordCount":1053,"image":{"@id":"https:\/\/www.vagadeempregorj.com.br\/magazine-luiza-abre-mais-de-100-vagas-de-emprego-pelo-pais\/#primaryimage"},"thumbnailUrl":"https:\/\/www.vagadeempregorj.com.br\/wp-content\/uploads\/2024\/08\/image-28.png","articleSection":["Vagas de Emprego Nacionais"],"inLanguage":"fr-FR"},{"@type":"WebPage","@id":"https:\/\/www.vagadeempregorj.com.br\/magazine-luiza-abre-mais-de-100-vagas-de-emprego-pelo-pais\/","url":"https:\/\/www.vagadeempregorj.com.br\/magazine-luiza-abre-mais-de-100-vagas-de-emprego-pelo-pais\/","name":"Magazine Luiza abre mais de 100 vagas de emprego pelo pa\u00eds -","isPartOf":{"@id":"https:\/\/www.vagadeempregorj.com.br\/#website"},"primaryImageOfPage":{"@id":"https:\/\/www.vagadeempregorj.com.br\/magazine-luiza-abre-mais-de-100-vagas-de-emprego-pelo-pais\/#primaryimage"},"image":{"@id":"https:\/\/www.vagadeempregorj.com.br\/magazine-luiza-abre-mais-de-100-vagas-de-emprego-pelo-pais\/#primaryimage"},"thumbnailUrl":"https:\/\/www.vagadeempregorj.com.br\/wp-content\/uploads\/2024\/08\/image-28.png","datePublished":"2024-08-21T01:18:36+00:00","dateModified":"2026-02-02T20:52:01+00:00","author":{"@id":"https:\/\/www.vagadeempregorj.com.br\/#\/schema\/person\/3ddb19fa0539706786e502152f3aae95"},"description":"Veja em Vagas de Emprego RJ as vagas de emprego com e sem experi\u00eancia no seu Estado e Regi\u00e3o!","breadcrumb":{"@id":"https:\/\/www.vagadeempregorj.com.br\/magazine-luiza-abre-mais-de-100-vagas-de-emprego-pelo-pais\/#breadcrumb"},"inLanguage":"fr-FR","potentialAction":[{"@type":"ReadAction","target":["https:\/\/www.vagadeempregorj.com.br\/magazine-luiza-abre-mais-de-100-vagas-de-emprego-pelo-pais\/"]}]},{"@type":"ImageObject","inLanguage":"fr-FR","@id":"https:\/\/www.vagadeempregorj.com.br\/magazine-luiza-abre-mais-de-100-vagas-de-emprego-pelo-pais\/#primaryimage","url":"https:\/\/www.vagadeempregorj.com.br\/wp-content\/uploads\/2024\/08\/image-28.png","contentUrl":"https:\/\/www.vagadeempregorj.com.br\/wp-content\/uploads\/2024\/08\/image-28.png","width":1200,"height":675},{"@type":"BreadcrumbList","@id":"https:\/\/www.vagadeempregorj.com.br\/magazine-luiza-abre-mais-de-100-vagas-de-emprego-pelo-pais\/#breadcrumb","itemListElement":[{"@type":"ListItem","position":1,"name":"In\u00edcio","item":"https:\/\/www.vagadeempregorj.com.br\/"},{"@type":"ListItem","position":2,"name":"Vagas de Emprego Nacionais","item":"https:\/\/www.vagadeempregorj.com.br\/vagas-de-emprego-nacionais\/"},{"@type":"ListItem","position":3,"name":"Magazine Luiza abre mais de 100 vagas de emprego pelo pa\u00eds"}]},{"@type":"WebSite","@id":"https:\/\/www.vagadeempregorj.com.br\/#website","url":"https:\/\/www.vagadeempregorj.com.br\/","name":"","description":"Conquiste Sonhos: Vagas, Benef\u00edcios e Economia para Transformar Vidas e Alcan\u00e7ar Melhorias Cotidianas","potentialAction":[{"@type":"SearchAction","target":{"@type":"EntryPoint","urlTemplate":"https:\/\/www.vagadeempregorj.com.br\/?s={search_term_string}"},"query-input":{"@type":"PropertyValueSpecification","valueRequired":true,"valueName":"search_term_string"}}],"inLanguage":"fr-FR"},{"@type":"Person","@id":"https:\/\/www.vagadeempregorj.com.br\/#\/schema\/person\/3ddb19fa0539706786e502152f3aae95","name":"Michele","image":{"@type":"ImageObject","inLanguage":"fr-FR","@id":"https:\/\/secure.gravatar.com\/avatar\/6b0eb9d22841282815e2cd856a0061c45e1761cd54b22e952d98c4746939aa85?s=96&r=g","url":"https:\/\/secure.gravatar.com\/avatar\/6b0eb9d22841282815e2cd856a0061c45e1761cd54b22e952d98c4746939aa85?s=96&r=g","contentUrl":"https:\/\/secure.gravatar.com\/avatar\/6b0eb9d22841282815e2cd856a0061c45e1761cd54b22e952d98c4746939aa85?s=96&r=g","caption":"Michele"},"description":"Formada em Letras - Portugu\u00eas\/ Ingl\u00eas, e idealizadora do site Escritora de Sucesso, busca expandir o conhecimento de todos com informa\u00e7\u00f5es relevantes sobre diversos assuntos, enquanto redatora. No Vaga de Emprego RJ, traz oportunidades e dicas sobre o mercado de trabalho.","url":"https:\/\/www.vagadeempregorj.com.br\/fr\/author\/michele\/"}]}},"_links":{"self":[{"href":"https:\/\/www.vagadeempregorj.com.br\/fr\/wp-json\/wp\/v2\/posts\/40379","targetHints":{"allow":["GET"]}}],"collection":[{"href":"https:\/\/www.vagadeempregorj.com.br\/fr\/wp-json\/wp\/v2\/posts"}],"about":[{"href":"https:\/\/www.vagadeempregorj.com.br\/fr\/wp-json\/wp\/v2\/types\/post"}],"author":[{"embeddable":true,"href":"https:\/\/www.vagadeempregorj.com.br\/fr\/wp-json\/wp\/v2\/users\/16"}],"replies":[{"embeddable":true,"href":"https:\/\/www.vagadeempregorj.com.br\/fr\/wp-json\/wp\/v2\/comments?post=40379"}],"version-history":[{"count":1,"href":"https:\/\/www.vagadeempregorj.com.br\/fr\/wp-json\/wp\/v2\/posts\/40379\/revisions"}],"predecessor-version":[{"id":44215,"href":"https:\/\/www.vagadeempregorj.com.br\/fr\/wp-json\/wp\/v2\/posts\/40379\/revisions\/44215"}],"wp:featuredmedia":[{"embeddable":true,"href":"https:\/\/www.vagadeempregorj.com.br\/fr\/wp-json\/wp\/v2\/media\/40380"}],"wp:attachment":[{"href":"https:\/\/www.vagadeempregorj.com.br\/fr\/wp-json\/wp\/v2\/media?parent=40379"}],"wp:term":[{"taxonomy":"category","embeddable":true,"href":"https:\/\/www.vagadeempregorj.com.br\/fr\/wp-json\/wp\/v2\/categories?post=40379"},{"taxonomy":"post_tag","embeddable":true,"href":"https:\/\/www.vagadeempregorj.com.br\/fr\/wp-json\/wp\/v2\/tags?post=40379"}],"curies":[{"name":"wp","href":"https:\/\/api.w.org\/{rel}","templated":true}]}}