{"id":40396,"date":"2024-08-28T07:00:00","date_gmt":"2024-08-28T10:00:00","guid":{"rendered":"https:\/\/www.vagadeempregorj.com.br\/?p=40396"},"modified":"2024-08-21T10:15:09","modified_gmt":"2024-08-21T13:15:09","slug":"suzano-oferece-vagas-em-engenharia-e-gestao-ambiental","status":"publish","type":"post","link":"https:\/\/www.vagadeempregorj.com.br\/fr\/suzano-oferece-vagas-em-engenharia-e-gestao-ambiental\/","title":{"rendered":"Suzano oferece vagas em engenharia e gest\u00e3o ambiental"},"content":{"rendered":"<p>A <strong>Suzano<\/strong>, uma das l\u00edderes globais na produ\u00e7\u00e3o de papel e celulose, est\u00e1 expandindo sua equipe e oferecendo novas oportunidades para profissionais nas \u00e1reas de engenharia e gest\u00e3o ambiental. Com um compromisso firme com a sustentabilidade e a inova\u00e7\u00e3o, a empresa busca talentos que possam contribuir para suas opera\u00e7\u00f5es e projetos de maneira significativa. Se voc\u00ea \u00e9 apaixonado por engenharia e gest\u00e3o ambiental e est\u00e1 em busca de uma carreira desafiadora e gratificante, esta \u00e9 uma excelente oportunidade para voc\u00ea.<\/p>\n\n\n\n<h2 class=\"wp-block-heading\">Oportunidades Dispon\u00edveis<\/h2>\n\n\n\n<p>A Suzano est\u00e1 com vagas abertas em diversos setores relacionados \u00e0 engenharia e gest\u00e3o ambiental. As oportunidades incluem posi\u00e7\u00f5es para engenheiros de processos, engenheiros ambientais, e gestores de projetos ambientais. Cada uma dessas fun\u00e7\u00f5es desempenha um papel essencial na implementa\u00e7\u00e3o e manuten\u00e7\u00e3o de pr\u00e1ticas sustent\u00e1veis e eficientes na produ\u00e7\u00e3o de papel e celulose.<\/p>\n\n\n\n<figure class=\"wp-block-image size-large\"><img loading=\"lazy\" decoding=\"async\" width=\"1024\" height=\"682\" src=\"https:\/\/www.vagadeempregorj.com.br\/wp-content\/uploads\/2024\/08\/image-37-1024x682.png\" alt=\"\" class=\"wp-image-40419\" srcset=\"https:\/\/www.vagadeempregorj.com.br\/wp-content\/uploads\/2024\/08\/image-37-1024x682.png 1024w, https:\/\/www.vagadeempregorj.com.br\/wp-content\/uploads\/2024\/08\/image-37-300x200.png 300w, https:\/\/www.vagadeempregorj.com.br\/wp-content\/uploads\/2024\/08\/image-37-768x512.png 768w, https:\/\/www.vagadeempregorj.com.br\/wp-content\/uploads\/2024\/08\/image-37-150x100.png 150w, https:\/\/www.vagadeempregorj.com.br\/wp-content\/uploads\/2024\/08\/image-37.png 1100w\" sizes=\"auto, (max-width: 1024px) 100vw, 1024px\" \/><\/figure>\n\n\n\n<h3 class=\"wp-block-heading\">Engenharia de Processos<\/h3>\n\n\n\n<p>Os engenheiros de processos na Suzano s\u00e3o respons\u00e1veis por otimizar os processos de fabrica\u00e7\u00e3o e garantir que os sistemas operem de maneira eficiente e segura. Essa posi\u00e7\u00e3o exige uma s\u00f3lida compreens\u00e3o dos processos industriais e a capacidade de implementar melhorias cont\u00ednuas para aumentar a produtividade e reduzir custos.<\/p>\n\n\n\n<h3 class=\"wp-block-heading\">Engenharia Ambiental<\/h3>\n\n\n\n<p>Os engenheiros ambientais trabalham para garantir que as opera\u00e7\u00f5es da Suzano estejam em conformidade com as regulamenta\u00e7\u00f5es ambientais e para desenvolver estrat\u00e9gias que minimizem o impacto ambiental das atividades da empresa. Esse cargo requer conhecimento em t\u00e9cnicas de monitoramento ambiental e habilidades para gerenciar projetos que visam a conserva\u00e7\u00e3o dos recursos naturais.<\/p>\n\n\n\n<h3 class=\"wp-block-heading\">Gest\u00e3o Ambiental<\/h3>\n\n\n\n<p>Os gestores de projetos ambientais s\u00e3o respons\u00e1veis por coordenar e implementar iniciativas de sustentabilidade e projetos que visam melhorar o desempenho ambiental da empresa. Essa fun\u00e7\u00e3o exige habilidades de lideran\u00e7a e uma compreens\u00e3o profunda das melhores pr\u00e1ticas ambientais e regulamenta\u00e7\u00f5es vigentes.<\/p>\n\n\n\n<h2 class=\"wp-block-heading\">Como se Inscrever<\/h2>\n\n\n\n<p>Se voc\u00ea est\u00e1 interessado em se candidatar a uma vaga na Suzano, siga este passo a passo para garantir que sua inscri\u00e7\u00e3o seja completa e destaque suas qualifica\u00e7\u00f5es:<\/p>\n\n\n\n<p><strong>Pesquisa e Prepara\u00e7\u00e3o:<\/strong> Antes de se inscrever, \u00e9 essencial entender as posi\u00e7\u00f5es dispon\u00edveis e identificar a que melhor corresponde \u00e0s suas habilidades e interesses. Acesse o site de carreiras da Suzano para obter informa\u00e7\u00f5es detalhadas sobre cada vaga e os requisitos necess\u00e1rios. Prepare um curr\u00edculo atualizado e uma carta de apresenta\u00e7\u00e3o que evidenciem suas qualifica\u00e7\u00f5es nas \u00e1reas de engenharia e gest\u00e3o ambiental.<\/p>\n\n\n\n<p><strong>Acesso \u00e0 P\u00e1gina de Carreiras: Visite a p\u00e1gina de carreiras da Suzano para visualizar as oportunidades dispon\u00edveis. Utilize os filtros de busca para encontrar as vagas nas \u00e1reas de engenharia e gest\u00e3o ambiental. O link para a p\u00e1gina de carreiras \u00e9: <a>Carreiras Suzano<\/a>.<\/strong><\/p>\n\n\n\n<p><strong>Preenchimento da Inscri\u00e7\u00e3o:<\/strong> Ap\u00f3s encontrar a vaga que corresponde ao seu perfil, clique nela para ver os detalhes e o formul\u00e1rio de inscri\u00e7\u00e3o. Preencha todos os campos obrigat\u00f3rios, incluindo suas informa\u00e7\u00f5es pessoais, experi\u00eancia profissional e forma\u00e7\u00e3o acad\u00eamica. Destaque suas habilidades relevantes e forne\u00e7a exemplos espec\u00edficos de projetos ou realiza\u00e7\u00f5es anteriores.<\/p>\n\n\n\n<p><strong>Envio de Documentos:<\/strong> Anexe seu curr\u00edculo e carta de apresenta\u00e7\u00e3o conforme as instru\u00e7\u00f5es fornecidas no formul\u00e1rio de inscri\u00e7\u00e3o. Garanta que esses documentos estejam bem elaborados e adaptados para a vaga espec\u00edfica. A carta de apresenta\u00e7\u00e3o deve demonstrar seu entusiasmo pela posi\u00e7\u00e3o e como suas habilidades atendem \u00e0s necessidades da Suzano.<\/p>\n\n\n\n<p><strong>Revis\u00e3o e Submiss\u00e3o:<\/strong> Revise todos os detalhes antes de enviar sua inscri\u00e7\u00e3o. Verifique se todas as informa\u00e7\u00f5es est\u00e3o corretas e se os documentos est\u00e3o corretamente anexados. Depois da revis\u00e3o, envie sua inscri\u00e7\u00e3o e aguarde a confirma\u00e7\u00e3o de recebimento.<\/p>\n\n\n\n<p><strong>Acompanhamento:<\/strong> Ap\u00f3s a submiss\u00e3o, \u00e9 recomend\u00e1vel acompanhar o status da sua candidatura. A Suzano pode entrar em contato para agendar entrevistas ou solicitar informa\u00e7\u00f5es adicionais. Prepare-se para entrevistas t\u00e9cnicas e comportamentais, e esteja pronto para discutir suas experi\u00eancias anteriores e suas qualifica\u00e7\u00f5es em engenharia e gest\u00e3o ambiental.<\/p>\n\n\n\n<h2 class=\"wp-block-heading\">Perspectivas de Carreira<\/h2>\n\n\n\n<p>Trabalhar na Suzano oferece uma oportunidade de se envolver em projetos inovadores e sustent\u00e1veis, alinhados com os objetivos da empresa de ser um l\u00edder global em pr\u00e1ticas ambientais respons\u00e1veis. Se voc\u00ea possui a experi\u00eancia necess\u00e1ria e est\u00e1 ansioso para contribuir para um futuro mais sustent\u00e1vel, esta \u00e9 uma excelente chance de avan\u00e7ar em sua carreira.<\/p>\n\n\n\n<p>Aproveite essa oportunidade para se juntar a uma empresa comprometida com a inova\u00e7\u00e3o e a sustentabilidade e para fazer parte de uma equipe dedicada a fazer a diferen\u00e7a no setor de papel e celulose.<\/p>\n\n\n\n<p><strong>Veja tamb\u00e9m: <a href=\"https:\/\/www.vagadeempregorj.com.br\/fr\/magazine-luiza-abre-mais-de-100-vagas-de-emprego-pelo-pais\/\">Magazine Luiza abre mais de 100 vagas de emprego pelo pa\u00eds<\/a><\/strong><\/p>\n\n\n\n<p>28 de agosto de 2024<\/p>","protected":false},"excerpt":{"rendered":"<p>A Suzano, uma das l\u00edderes globais na produ\u00e7\u00e3o de papel e celulose, est\u00e1 expandindo sua equipe e oferecendo novas oportunidades para profissionais nas \u00e1reas de engenharia e gest\u00e3o ambiental. Com um compromisso firme com a sustentabilidade e a inova\u00e7\u00e3o, a empresa busca talentos que possam contribuir para suas opera\u00e7\u00f5es e projetos de maneira significativa. Se&hellip;&nbsp;<\/p>","protected":false},"author":16,"featured_media":40419,"comment_status":"closed","ping_status":"closed","sticky":false,"template":"","format":"standard","meta":{"neve_meta_sidebar":"","neve_meta_container":"","neve_meta_enable_content_width":"","neve_meta_content_width":0,"neve_meta_title_alignment":"","neve_meta_author_avatar":"","neve_post_elements_order":"","neve_meta_disable_header":"","neve_meta_disable_footer":"","neve_meta_disable_title":"","footnotes":""},"categories":[123],"tags":[],"class_list":["post-40396","post","type-post","status-publish","format-standard","has-post-thumbnail","hentry","category-vagas-de-emprego-nacionais"],"yoast_head":"<!-- This site is optimized with the Yoast SEO plugin v27.5 - https:\/\/yoast.com\/product\/yoast-seo-wordpress\/ -->\n<title>Suzano oferece vagas em engenharia e gest\u00e3o ambiental -<\/title>\n<meta name=\"description\" content=\"Veja em Vagas de Emprego RJ as vagas de emprego com e sem experi\u00eancia no seu Estado e Regi\u00e3o!\" \/>\n<meta name=\"robots\" content=\"index, follow, max-snippet:-1, max-image-preview:large, max-video-preview:-1\" \/>\n<link rel=\"canonical\" href=\"https:\/\/www.vagadeempregorj.com.br\/fr\/suzano-oferece-vagas-em-engenharia-e-gestao-ambiental\/\" \/>\n<meta property=\"og:locale\" content=\"fr_FR\" \/>\n<meta property=\"og:type\" content=\"article\" \/>\n<meta property=\"og:title\" content=\"Suzano oferece vagas em engenharia e gest\u00e3o ambiental -\" \/>\n<meta property=\"og:description\" content=\"Veja em Vagas de Emprego RJ as vagas de emprego com e sem experi\u00eancia no seu Estado e Regi\u00e3o!\" \/>\n<meta property=\"og:url\" content=\"https:\/\/www.vagadeempregorj.com.br\/fr\/suzano-oferece-vagas-em-engenharia-e-gestao-ambiental\/\" \/>\n<meta property=\"article:publisher\" content=\"https:\/\/www.facebook.com\/empregobrasiloficial\" \/>\n<meta property=\"article:published_time\" content=\"2024-08-28T10:00:00+00:00\" \/>\n<meta property=\"og:image\" content=\"https:\/\/www.vagadeempregorj.com.br\/wp-content\/uploads\/2024\/08\/image-37.png\" \/>\n\t<meta property=\"og:image:width\" content=\"1100\" \/>\n\t<meta property=\"og:image:height\" content=\"733\" \/>\n\t<meta property=\"og:image:type\" content=\"image\/png\" \/>\n<meta name=\"author\" content=\"Michele\" \/>\n<meta name=\"twitter:card\" content=\"summary_large_image\" \/>\n<meta name=\"twitter:label1\" content=\"\u00c9crit par\" \/>\n\t<meta name=\"twitter:data1\" content=\"Michele\" \/>\n\t<meta name=\"twitter:label2\" content=\"Dur\u00e9e de lecture estim\u00e9e\" \/>\n\t<meta name=\"twitter:data2\" content=\"4 minutes\" \/>\n<script type=\"application\/ld+json\" class=\"yoast-schema-graph\">{\"@context\":\"https:\\\/\\\/schema.org\",\"@graph\":[{\"@type\":\"Article\",\"@id\":\"https:\\\/\\\/www.vagadeempregorj.com.br\\\/suzano-oferece-vagas-em-engenharia-e-gestao-ambiental\\\/#article\",\"isPartOf\":{\"@id\":\"https:\\\/\\\/www.vagadeempregorj.com.br\\\/suzano-oferece-vagas-em-engenharia-e-gestao-ambiental\\\/\"},\"author\":{\"name\":\"Michele\",\"@id\":\"https:\\\/\\\/www.vagadeempregorj.com.br\\\/#\\\/schema\\\/person\\\/3ddb19fa0539706786e502152f3aae95\"},\"headline\":\"Suzano oferece vagas em engenharia e gest\u00e3o ambiental\",\"datePublished\":\"2024-08-28T10:00:00+00:00\",\"mainEntityOfPage\":{\"@id\":\"https:\\\/\\\/www.vagadeempregorj.com.br\\\/suzano-oferece-vagas-em-engenharia-e-gestao-ambiental\\\/\"},\"wordCount\":812,\"image\":{\"@id\":\"https:\\\/\\\/www.vagadeempregorj.com.br\\\/suzano-oferece-vagas-em-engenharia-e-gestao-ambiental\\\/#primaryimage\"},\"thumbnailUrl\":\"https:\\\/\\\/www.vagadeempregorj.com.br\\\/wp-content\\\/uploads\\\/2024\\\/08\\\/image-37.png\",\"articleSection\":[\"Vagas de Emprego Nacionais\"],\"inLanguage\":\"fr-FR\"},{\"@type\":\"WebPage\",\"@id\":\"https:\\\/\\\/www.vagadeempregorj.com.br\\\/suzano-oferece-vagas-em-engenharia-e-gestao-ambiental\\\/\",\"url\":\"https:\\\/\\\/www.vagadeempregorj.com.br\\\/suzano-oferece-vagas-em-engenharia-e-gestao-ambiental\\\/\",\"name\":\"Suzano oferece vagas em engenharia e gest\u00e3o ambiental -\",\"isPartOf\":{\"@id\":\"https:\\\/\\\/www.vagadeempregorj.com.br\\\/#website\"},\"primaryImageOfPage\":{\"@id\":\"https:\\\/\\\/www.vagadeempregorj.com.br\\\/suzano-oferece-vagas-em-engenharia-e-gestao-ambiental\\\/#primaryimage\"},\"image\":{\"@id\":\"https:\\\/\\\/www.vagadeempregorj.com.br\\\/suzano-oferece-vagas-em-engenharia-e-gestao-ambiental\\\/#primaryimage\"},\"thumbnailUrl\":\"https:\\\/\\\/www.vagadeempregorj.com.br\\\/wp-content\\\/uploads\\\/2024\\\/08\\\/image-37.png\",\"datePublished\":\"2024-08-28T10:00:00+00:00\",\"author\":{\"@id\":\"https:\\\/\\\/www.vagadeempregorj.com.br\\\/#\\\/schema\\\/person\\\/3ddb19fa0539706786e502152f3aae95\"},\"description\":\"Veja em Vagas de Emprego RJ as vagas de emprego com e sem experi\u00eancia no seu Estado e Regi\u00e3o!\",\"breadcrumb\":{\"@id\":\"https:\\\/\\\/www.vagadeempregorj.com.br\\\/suzano-oferece-vagas-em-engenharia-e-gestao-ambiental\\\/#breadcrumb\"},\"inLanguage\":\"fr-FR\",\"potentialAction\":[{\"@type\":\"ReadAction\",\"target\":[\"https:\\\/\\\/www.vagadeempregorj.com.br\\\/suzano-oferece-vagas-em-engenharia-e-gestao-ambiental\\\/\"]}]},{\"@type\":\"ImageObject\",\"inLanguage\":\"fr-FR\",\"@id\":\"https:\\\/\\\/www.vagadeempregorj.com.br\\\/suzano-oferece-vagas-em-engenharia-e-gestao-ambiental\\\/#primaryimage\",\"url\":\"https:\\\/\\\/www.vagadeempregorj.com.br\\\/wp-content\\\/uploads\\\/2024\\\/08\\\/image-37.png\",\"contentUrl\":\"https:\\\/\\\/www.vagadeempregorj.com.br\\\/wp-content\\\/uploads\\\/2024\\\/08\\\/image-37.png\",\"width\":1100,\"height\":733},{\"@type\":\"BreadcrumbList\",\"@id\":\"https:\\\/\\\/www.vagadeempregorj.com.br\\\/suzano-oferece-vagas-em-engenharia-e-gestao-ambiental\\\/#breadcrumb\",\"itemListElement\":[{\"@type\":\"ListItem\",\"position\":1,\"name\":\"In\u00edcio\",\"item\":\"https:\\\/\\\/www.vagadeempregorj.com.br\\\/\"},{\"@type\":\"ListItem\",\"position\":2,\"name\":\"Vagas de Emprego Nacionais\",\"item\":\"https:\\\/\\\/www.vagadeempregorj.com.br\\\/vagas-de-emprego-nacionais\\\/\"},{\"@type\":\"ListItem\",\"position\":3,\"name\":\"Suzano oferece vagas em engenharia e gest\u00e3o ambiental\"}]},{\"@type\":\"WebSite\",\"@id\":\"https:\\\/\\\/www.vagadeempregorj.com.br\\\/#website\",\"url\":\"https:\\\/\\\/www.vagadeempregorj.com.br\\\/\",\"name\":\"\",\"description\":\"Conquiste Sonhos: Vagas, Benef\u00edcios e Economia para Transformar Vidas e Alcan\u00e7ar Melhorias Cotidianas\",\"potentialAction\":[{\"@type\":\"SearchAction\",\"target\":{\"@type\":\"EntryPoint\",\"urlTemplate\":\"https:\\\/\\\/www.vagadeempregorj.com.br\\\/?s={search_term_string}\"},\"query-input\":{\"@type\":\"PropertyValueSpecification\",\"valueRequired\":true,\"valueName\":\"search_term_string\"}}],\"inLanguage\":\"fr-FR\"},{\"@type\":\"Person\",\"@id\":\"https:\\\/\\\/www.vagadeempregorj.com.br\\\/#\\\/schema\\\/person\\\/3ddb19fa0539706786e502152f3aae95\",\"name\":\"Michele\",\"image\":{\"@type\":\"ImageObject\",\"inLanguage\":\"fr-FR\",\"@id\":\"https:\\\/\\\/secure.gravatar.com\\\/avatar\\\/6b0eb9d22841282815e2cd856a0061c45e1761cd54b22e952d98c4746939aa85?s=96&r=g\",\"url\":\"https:\\\/\\\/secure.gravatar.com\\\/avatar\\\/6b0eb9d22841282815e2cd856a0061c45e1761cd54b22e952d98c4746939aa85?s=96&r=g\",\"contentUrl\":\"https:\\\/\\\/secure.gravatar.com\\\/avatar\\\/6b0eb9d22841282815e2cd856a0061c45e1761cd54b22e952d98c4746939aa85?s=96&r=g\",\"caption\":\"Michele\"},\"description\":\"Formada em Letras - Portugu\u00eas\\\/ Ingl\u00eas, e idealizadora do site Escritora de Sucesso, busca expandir o conhecimento de todos com informa\u00e7\u00f5es relevantes sobre diversos assuntos, enquanto redatora. No Vaga de Emprego RJ, traz oportunidades e dicas sobre o mercado de trabalho.\",\"url\":\"https:\\\/\\\/www.vagadeempregorj.com.br\\\/fr\\\/author\\\/michele\\\/\"}]}<\/script>\n<!-- \/ Yoast SEO plugin. -->","yoast_head_json":{"title":"Suzano oferece vagas em engenharia e gest\u00e3o ambiental -","description":"Veja em Vagas de Emprego RJ as vagas de emprego com e sem experi\u00eancia no seu Estado e Regi\u00e3o!","robots":{"index":"index","follow":"follow","max-snippet":"max-snippet:-1","max-image-preview":"max-image-preview:large","max-video-preview":"max-video-preview:-1"},"canonical":"https:\/\/www.vagadeempregorj.com.br\/fr\/suzano-oferece-vagas-em-engenharia-e-gestao-ambiental\/","og_locale":"fr_FR","og_type":"article","og_title":"Suzano oferece vagas em engenharia e gest\u00e3o ambiental -","og_description":"Veja em Vagas de Emprego RJ as vagas de emprego com e sem experi\u00eancia no seu Estado e Regi\u00e3o!","og_url":"https:\/\/www.vagadeempregorj.com.br\/fr\/suzano-oferece-vagas-em-engenharia-e-gestao-ambiental\/","article_publisher":"https:\/\/www.facebook.com\/empregobrasiloficial","article_published_time":"2024-08-28T10:00:00+00:00","og_image":[{"width":1100,"height":733,"url":"https:\/\/www.vagadeempregorj.com.br\/wp-content\/uploads\/2024\/08\/image-37.png","type":"image\/png"}],"author":"Michele","twitter_card":"summary_large_image","twitter_misc":{"\u00c9crit par":"Michele","Dur\u00e9e de lecture estim\u00e9e":"4 minutes"},"schema":{"@context":"https:\/\/schema.org","@graph":[{"@type":"Article","@id":"https:\/\/www.vagadeempregorj.com.br\/suzano-oferece-vagas-em-engenharia-e-gestao-ambiental\/#article","isPartOf":{"@id":"https:\/\/www.vagadeempregorj.com.br\/suzano-oferece-vagas-em-engenharia-e-gestao-ambiental\/"},"author":{"name":"Michele","@id":"https:\/\/www.vagadeempregorj.com.br\/#\/schema\/person\/3ddb19fa0539706786e502152f3aae95"},"headline":"Suzano oferece vagas em engenharia e gest\u00e3o ambiental","datePublished":"2024-08-28T10:00:00+00:00","mainEntityOfPage":{"@id":"https:\/\/www.vagadeempregorj.com.br\/suzano-oferece-vagas-em-engenharia-e-gestao-ambiental\/"},"wordCount":812,"image":{"@id":"https:\/\/www.vagadeempregorj.com.br\/suzano-oferece-vagas-em-engenharia-e-gestao-ambiental\/#primaryimage"},"thumbnailUrl":"https:\/\/www.vagadeempregorj.com.br\/wp-content\/uploads\/2024\/08\/image-37.png","articleSection":["Vagas de Emprego Nacionais"],"inLanguage":"fr-FR"},{"@type":"WebPage","@id":"https:\/\/www.vagadeempregorj.com.br\/suzano-oferece-vagas-em-engenharia-e-gestao-ambiental\/","url":"https:\/\/www.vagadeempregorj.com.br\/suzano-oferece-vagas-em-engenharia-e-gestao-ambiental\/","name":"Suzano oferece vagas em engenharia e gest\u00e3o ambiental -","isPartOf":{"@id":"https:\/\/www.vagadeempregorj.com.br\/#website"},"primaryImageOfPage":{"@id":"https:\/\/www.vagadeempregorj.com.br\/suzano-oferece-vagas-em-engenharia-e-gestao-ambiental\/#primaryimage"},"image":{"@id":"https:\/\/www.vagadeempregorj.com.br\/suzano-oferece-vagas-em-engenharia-e-gestao-ambiental\/#primaryimage"},"thumbnailUrl":"https:\/\/www.vagadeempregorj.com.br\/wp-content\/uploads\/2024\/08\/image-37.png","datePublished":"2024-08-28T10:00:00+00:00","author":{"@id":"https:\/\/www.vagadeempregorj.com.br\/#\/schema\/person\/3ddb19fa0539706786e502152f3aae95"},"description":"Veja em Vagas de Emprego RJ as vagas de emprego com e sem experi\u00eancia no seu Estado e Regi\u00e3o!","breadcrumb":{"@id":"https:\/\/www.vagadeempregorj.com.br\/suzano-oferece-vagas-em-engenharia-e-gestao-ambiental\/#breadcrumb"},"inLanguage":"fr-FR","potentialAction":[{"@type":"ReadAction","target":["https:\/\/www.vagadeempregorj.com.br\/suzano-oferece-vagas-em-engenharia-e-gestao-ambiental\/"]}]},{"@type":"ImageObject","inLanguage":"fr-FR","@id":"https:\/\/www.vagadeempregorj.com.br\/suzano-oferece-vagas-em-engenharia-e-gestao-ambiental\/#primaryimage","url":"https:\/\/www.vagadeempregorj.com.br\/wp-content\/uploads\/2024\/08\/image-37.png","contentUrl":"https:\/\/www.vagadeempregorj.com.br\/wp-content\/uploads\/2024\/08\/image-37.png","width":1100,"height":733},{"@type":"BreadcrumbList","@id":"https:\/\/www.vagadeempregorj.com.br\/suzano-oferece-vagas-em-engenharia-e-gestao-ambiental\/#breadcrumb","itemListElement":[{"@type":"ListItem","position":1,"name":"In\u00edcio","item":"https:\/\/www.vagadeempregorj.com.br\/"},{"@type":"ListItem","position":2,"name":"Vagas de Emprego Nacionais","item":"https:\/\/www.vagadeempregorj.com.br\/vagas-de-emprego-nacionais\/"},{"@type":"ListItem","position":3,"name":"Suzano oferece vagas em engenharia e gest\u00e3o ambiental"}]},{"@type":"WebSite","@id":"https:\/\/www.vagadeempregorj.com.br\/#website","url":"https:\/\/www.vagadeempregorj.com.br\/","name":"","description":"Conquiste Sonhos: Vagas, Benef\u00edcios e Economia para Transformar Vidas e Alcan\u00e7ar Melhorias Cotidianas","potentialAction":[{"@type":"SearchAction","target":{"@type":"EntryPoint","urlTemplate":"https:\/\/www.vagadeempregorj.com.br\/?s={search_term_string}"},"query-input":{"@type":"PropertyValueSpecification","valueRequired":true,"valueName":"search_term_string"}}],"inLanguage":"fr-FR"},{"@type":"Person","@id":"https:\/\/www.vagadeempregorj.com.br\/#\/schema\/person\/3ddb19fa0539706786e502152f3aae95","name":"Michele","image":{"@type":"ImageObject","inLanguage":"fr-FR","@id":"https:\/\/secure.gravatar.com\/avatar\/6b0eb9d22841282815e2cd856a0061c45e1761cd54b22e952d98c4746939aa85?s=96&r=g","url":"https:\/\/secure.gravatar.com\/avatar\/6b0eb9d22841282815e2cd856a0061c45e1761cd54b22e952d98c4746939aa85?s=96&r=g","contentUrl":"https:\/\/secure.gravatar.com\/avatar\/6b0eb9d22841282815e2cd856a0061c45e1761cd54b22e952d98c4746939aa85?s=96&r=g","caption":"Michele"},"description":"Formada em Letras - Portugu\u00eas\/ Ingl\u00eas, e idealizadora do site Escritora de Sucesso, busca expandir o conhecimento de todos com informa\u00e7\u00f5es relevantes sobre diversos assuntos, enquanto redatora. No Vaga de Emprego RJ, traz oportunidades e dicas sobre o mercado de trabalho.","url":"https:\/\/www.vagadeempregorj.com.br\/fr\/author\/michele\/"}]}},"_links":{"self":[{"href":"https:\/\/www.vagadeempregorj.com.br\/fr\/wp-json\/wp\/v2\/posts\/40396","targetHints":{"allow":["GET"]}}],"collection":[{"href":"https:\/\/www.vagadeempregorj.com.br\/fr\/wp-json\/wp\/v2\/posts"}],"about":[{"href":"https:\/\/www.vagadeempregorj.com.br\/fr\/wp-json\/wp\/v2\/types\/post"}],"author":[{"embeddable":true,"href":"https:\/\/www.vagadeempregorj.com.br\/fr\/wp-json\/wp\/v2\/users\/16"}],"replies":[{"embeddable":true,"href":"https:\/\/www.vagadeempregorj.com.br\/fr\/wp-json\/wp\/v2\/comments?post=40396"}],"version-history":[{"count":0,"href":"https:\/\/www.vagadeempregorj.com.br\/fr\/wp-json\/wp\/v2\/posts\/40396\/revisions"}],"wp:featuredmedia":[{"embeddable":true,"href":"https:\/\/www.vagadeempregorj.com.br\/fr\/wp-json\/wp\/v2\/media\/40419"}],"wp:attachment":[{"href":"https:\/\/www.vagadeempregorj.com.br\/fr\/wp-json\/wp\/v2\/media?parent=40396"}],"wp:term":[{"taxonomy":"category","embeddable":true,"href":"https:\/\/www.vagadeempregorj.com.br\/fr\/wp-json\/wp\/v2\/categories?post=40396"},{"taxonomy":"post_tag","embeddable":true,"href":"https:\/\/www.vagadeempregorj.com.br\/fr\/wp-json\/wp\/v2\/tags?post=40396"}],"curies":[{"name":"wp","href":"https:\/\/api.w.org\/{rel}","templated":true}]}}