{"id":40398,"date":"2024-08-29T07:00:00","date_gmt":"2024-08-29T10:00:00","guid":{"rendered":"https:\/\/www.vagadeempregorj.com.br\/?p=40398"},"modified":"2024-08-21T10:15:46","modified_gmt":"2024-08-21T13:15:46","slug":"ambev-abre-oportunidades-em-producao-e-logistica-em-todo-o-brasil","status":"publish","type":"post","link":"https:\/\/www.vagadeempregorj.com.br\/fr\/ambev-abre-oportunidades-em-producao-e-logistica-em-todo-o-brasil\/","title":{"rendered":"Ambev abre oportunidades em produ\u00e7\u00e3o e log\u00edstica em todo o Brasil"},"content":{"rendered":"<p>A <strong>Ambev<\/strong>, uma das maiores cervejarias do mundo e um importante player no mercado de bebidas, est\u00e1 expandindo suas opera\u00e7\u00f5es e criando novas oportunidades de emprego nas \u00e1reas de produ\u00e7\u00e3o e log\u00edstica. Com uma presen\u00e7a significativa em todo o Brasil, a empresa busca talentos que possam contribuir para o crescimento e a efici\u00eancia de suas opera\u00e7\u00f5es. Se voc\u00ea est\u00e1 em busca de uma carreira din\u00e2mica e desafiadora no setor de bebidas, esta \u00e9 uma excelente chance de fazer parte de uma empresa renomada.<\/p>\n\n\n\n<h2 class=\"wp-block-heading\">Oportunidades Dispon\u00edveis<\/h2>\n\n\n\n<p>A Ambev est\u00e1 com vagas abertas em diversas fun\u00e7\u00f5es relacionadas \u00e0 produ\u00e7\u00e3o e log\u00edstica. As oportunidades abrangem diferentes n\u00edveis de experi\u00eancia e responsabilidades, permitindo que profissionais de diferentes est\u00e1gios de carreira possam se candidatar.<\/p>\n\n\n\n<figure class=\"wp-block-image size-large\"><img loading=\"lazy\" decoding=\"async\" width=\"1024\" height=\"538\" src=\"https:\/\/www.vagadeempregorj.com.br\/wp-content\/uploads\/2024\/08\/image-38-1024x538.png\" alt=\"\" class=\"wp-image-40421\" srcset=\"https:\/\/www.vagadeempregorj.com.br\/wp-content\/uploads\/2024\/08\/image-38-1024x538.png 1024w, https:\/\/www.vagadeempregorj.com.br\/wp-content\/uploads\/2024\/08\/image-38-300x158.png 300w, https:\/\/www.vagadeempregorj.com.br\/wp-content\/uploads\/2024\/08\/image-38-768x403.png 768w, https:\/\/www.vagadeempregorj.com.br\/wp-content\/uploads\/2024\/08\/image-38-150x79.png 150w, https:\/\/www.vagadeempregorj.com.br\/wp-content\/uploads\/2024\/08\/image-38.png 1200w\" sizes=\"auto, (max-width: 1024px) 100vw, 1024px\" \/><\/figure>\n\n\n\n<h3 class=\"wp-block-heading\">Produ\u00e7\u00e3o<\/h3>\n\n\n\n<p>Na \u00e1rea de produ\u00e7\u00e3o, a Ambev est\u00e1 buscando operadores de produ\u00e7\u00e3o e supervisores para suas unidades fabris. Os operadores s\u00e3o respons\u00e1veis por monitorar e ajustar os equipamentos de produ\u00e7\u00e3o, garantindo a efici\u00eancia e a qualidade dos produtos. J\u00e1 os supervisores t\u00eam a responsabilidade de coordenar equipes, assegurar o cumprimento de normas de seguran\u00e7a e qualidade, e implementar melhorias nos processos produtivos.<\/p>\n\n\n\n<p>Os candidatos ideais para essas posi\u00e7\u00f5es devem ter experi\u00eancia em ambientes industriais e um entendimento s\u00f3lido dos processos de produ\u00e7\u00e3o. Habilidades em gest\u00e3o de equipes e conhecimento sobre sistemas de controle de qualidade s\u00e3o altamente valorizados.<\/p>\n\n\n\n<h3 class=\"wp-block-heading\">Log\u00edstica<\/h3>\n\n\n\n<p>Na \u00e1rea de log\u00edstica, a Ambev est\u00e1 oferecendo vagas para coordenadores e analistas de log\u00edstica. Os coordenadores s\u00e3o respons\u00e1veis por gerenciar as opera\u00e7\u00f5es de transporte e distribui\u00e7\u00e3o, garantindo que os produtos cheguem aos clientes de forma eficiente e dentro dos prazos estabelecidos. Os analistas de log\u00edstica desempenham um papel crucial no planejamento e na an\u00e1lise de processos log\u00edsticos, buscando otimizar as opera\u00e7\u00f5es e reduzir custos.<\/p>\n\n\n\n<p>Os profissionais interessados em vagas na \u00e1rea de log\u00edstica devem ter experi\u00eancia em gerenciamento de cadeia de suprimentos, habilidades anal\u00edticas e um bom entendimento das pr\u00e1ticas de log\u00edstica e distribui\u00e7\u00e3o.<\/p>\n\n\n\n<h2 class=\"wp-block-heading\">Como se Inscrever<\/h2>\n\n\n\n<p>Se voc\u00ea deseja se candidatar a uma vaga na Ambev, siga este passo a passo para garantir que sua inscri\u00e7\u00e3o seja completa e destaque suas qualifica\u00e7\u00f5es:<\/p>\n\n\n\n<ul class=\"wp-block-list\">\n<li><strong>Pesquisa e Prepara\u00e7\u00e3o:<\/strong> Comece pesquisando sobre as vagas dispon\u00edveis e identificando aquela que melhor se alinha com suas habilidades e interesses. Visite a p\u00e1gina de carreiras da Ambev para obter detalhes sobre cada posi\u00e7\u00e3o e os requisitos necess\u00e1rios. Prepare um curr\u00edculo atualizado e uma carta de apresenta\u00e7\u00e3o personalizada, destacando suas experi\u00eancias e habilidades nas \u00e1reas de produ\u00e7\u00e3o ou log\u00edstica.<\/li>\n\n\n\n<li><strong>Acesso \u00e0 P\u00e1gina de Carreiras:<\/strong> Acesse o site de carreiras da Ambev para visualizar as oportunidades dispon\u00edveis. Utilize os filtros de busca para encontrar as vagas relacionadas \u00e0 produ\u00e7\u00e3o e log\u00edstica. O link para a p\u00e1gina de carreiras \u00e9: <a><strong>Carreiras Ambev<\/strong><\/a>.<\/li>\n\n\n\n<li><strong>Preenchimento da Inscri\u00e7\u00e3o:<\/strong> Ap\u00f3s encontrar a vaga que corresponde ao seu perfil, clique nela para ver os detalhes e o formul\u00e1rio de inscri\u00e7\u00e3o. Complete todos os campos obrigat\u00f3rios, incluindo informa\u00e7\u00f5es pessoais, experi\u00eancia profissional e forma\u00e7\u00e3o acad\u00eamica. \u00c9 importante destacar suas habilidades e experi\u00eancias relevantes para a vaga desejada, fornecendo exemplos espec\u00edficos de suas realiza\u00e7\u00f5es anteriores.<\/li>\n\n\n\n<li><strong>Envio de Documentos:<\/strong> Anexe seu curr\u00edculo e carta de apresenta\u00e7\u00e3o conforme as instru\u00e7\u00f5es fornecidas no formul\u00e1rio de inscri\u00e7\u00e3o. Garanta que esses documentos estejam bem elaborados e adaptados para a vaga espec\u00edfica. A carta de apresenta\u00e7\u00e3o deve refletir seu entusiasmo pela posi\u00e7\u00e3o e como suas habilidades atendem \u00e0s necessidades da Ambev.<\/li>\n\n\n\n<li><strong>Revis\u00e3o e Submiss\u00e3o:<\/strong> Antes de enviar sua inscri\u00e7\u00e3o, revise todos os detalhes para garantir que todas as informa\u00e7\u00f5es estejam corretas e que os documentos estejam corretamente anexados. Ap\u00f3s a revis\u00e3o, envie sua inscri\u00e7\u00e3o e aguarde a confirma\u00e7\u00e3o de recebimento.<\/li>\n\n\n\n<li><strong>Acompanhamento:<\/strong> Ap\u00f3s a submiss\u00e3o, \u00e9 recomend\u00e1vel acompanhar o status da sua candidatura. A Ambev pode entrar em contato para agendar entrevistas ou solicitar informa\u00e7\u00f5es adicionais. Prepare-se para entrevistas t\u00e9cnicas e comportamentais, e esteja pronto para discutir suas experi\u00eancias anteriores e suas qualifica\u00e7\u00f5es nas \u00e1reas de produ\u00e7\u00e3o e log\u00edstica.<\/li>\n<\/ul>\n\n\n\n<h2 class=\"wp-block-heading\">Perspectivas de Carreira<\/h2>\n\n\n\n<p>Trabalhar na Ambev oferece uma oportunidade de se envolver em um ambiente din\u00e2mico e inovador, com a chance de contribuir para opera\u00e7\u00f5es de grande escala e de impacto global. Se voc\u00ea possui a experi\u00eancia necess\u00e1ria e est\u00e1 pronto para enfrentar novos desafios, esta \u00e9 uma excelente oportunidade para avan\u00e7ar em sua carreira.<\/p>\n\n\n\n<p><strong>Veja tamb\u00e9m: <a href=\"https:\/\/www.vagadeempregorj.com.br\/fr\/magazine-luiza-abre-mais-de-100-vagas-de-emprego-pelo-pais\/\">Magazine Luiza abre mais de 100 vagas de emprego pelo pa\u00eds<\/a><\/strong><\/p>\n\n\n\n<p>29 de agosto de 2024<\/p>","protected":false},"excerpt":{"rendered":"<p>A Ambev, uma das maiores cervejarias do mundo e um importante player no mercado de bebidas, est\u00e1 expandindo suas opera\u00e7\u00f5es e criando novas oportunidades de emprego nas \u00e1reas de produ\u00e7\u00e3o e log\u00edstica. Com uma presen\u00e7a significativa em todo o Brasil, a empresa busca talentos que possam contribuir para o crescimento e a efici\u00eancia de suas&hellip;&nbsp;<\/p>","protected":false},"author":16,"featured_media":40421,"comment_status":"closed","ping_status":"closed","sticky":false,"template":"","format":"standard","meta":{"neve_meta_sidebar":"","neve_meta_container":"","neve_meta_enable_content_width":"","neve_meta_content_width":0,"neve_meta_title_alignment":"","neve_meta_author_avatar":"","neve_post_elements_order":"","neve_meta_disable_header":"","neve_meta_disable_footer":"","neve_meta_disable_title":"","footnotes":""},"categories":[123],"tags":[],"class_list":["post-40398","post","type-post","status-publish","format-standard","has-post-thumbnail","hentry","category-vagas-de-emprego-nacionais"],"yoast_head":"<!-- This site is optimized with the Yoast SEO plugin v27.5 - https:\/\/yoast.com\/product\/yoast-seo-wordpress\/ -->\n<title>Ambev abre oportunidades em produ\u00e7\u00e3o e log\u00edstica em todo o Brasil -<\/title>\n<meta name=\"description\" content=\"Veja em Vagas de Emprego RJ as vagas de emprego com e sem experi\u00eancia no seu Estado e Regi\u00e3o!\" \/>\n<meta name=\"robots\" content=\"index, follow, max-snippet:-1, max-image-preview:large, max-video-preview:-1\" \/>\n<link rel=\"canonical\" href=\"https:\/\/www.vagadeempregorj.com.br\/fr\/ambev-abre-oportunidades-em-producao-e-logistica-em-todo-o-brasil\/\" \/>\n<meta property=\"og:locale\" content=\"fr_FR\" \/>\n<meta property=\"og:type\" content=\"article\" \/>\n<meta property=\"og:title\" content=\"Ambev abre oportunidades em produ\u00e7\u00e3o e log\u00edstica em todo o Brasil -\" \/>\n<meta property=\"og:description\" content=\"Veja em Vagas de Emprego RJ as vagas de emprego com e sem experi\u00eancia no seu Estado e Regi\u00e3o!\" \/>\n<meta property=\"og:url\" content=\"https:\/\/www.vagadeempregorj.com.br\/fr\/ambev-abre-oportunidades-em-producao-e-logistica-em-todo-o-brasil\/\" \/>\n<meta property=\"article:publisher\" content=\"https:\/\/www.facebook.com\/empregobrasiloficial\" \/>\n<meta property=\"article:published_time\" content=\"2024-08-29T10:00:00+00:00\" \/>\n<meta property=\"og:image\" content=\"https:\/\/www.vagadeempregorj.com.br\/wp-content\/uploads\/2024\/08\/image-38.png\" \/>\n\t<meta property=\"og:image:width\" content=\"1200\" \/>\n\t<meta property=\"og:image:height\" content=\"630\" \/>\n\t<meta property=\"og:image:type\" content=\"image\/png\" \/>\n<meta name=\"author\" content=\"Michele\" \/>\n<meta name=\"twitter:card\" content=\"summary_large_image\" \/>\n<meta name=\"twitter:label1\" content=\"\u00c9crit par\" \/>\n\t<meta name=\"twitter:data1\" content=\"Michele\" \/>\n\t<meta name=\"twitter:label2\" content=\"Dur\u00e9e de lecture estim\u00e9e\" \/>\n\t<meta name=\"twitter:data2\" content=\"4 minutes\" \/>\n<script type=\"application\/ld+json\" class=\"yoast-schema-graph\">{\"@context\":\"https:\\\/\\\/schema.org\",\"@graph\":[{\"@type\":\"Article\",\"@id\":\"https:\\\/\\\/www.vagadeempregorj.com.br\\\/ambev-abre-oportunidades-em-producao-e-logistica-em-todo-o-brasil\\\/#article\",\"isPartOf\":{\"@id\":\"https:\\\/\\\/www.vagadeempregorj.com.br\\\/ambev-abre-oportunidades-em-producao-e-logistica-em-todo-o-brasil\\\/\"},\"author\":{\"name\":\"Michele\",\"@id\":\"https:\\\/\\\/www.vagadeempregorj.com.br\\\/#\\\/schema\\\/person\\\/3ddb19fa0539706786e502152f3aae95\"},\"headline\":\"Ambev abre oportunidades em produ\u00e7\u00e3o e log\u00edstica em todo o Brasil\",\"datePublished\":\"2024-08-29T10:00:00+00:00\",\"mainEntityOfPage\":{\"@id\":\"https:\\\/\\\/www.vagadeempregorj.com.br\\\/ambev-abre-oportunidades-em-producao-e-logistica-em-todo-o-brasil\\\/\"},\"wordCount\":816,\"image\":{\"@id\":\"https:\\\/\\\/www.vagadeempregorj.com.br\\\/ambev-abre-oportunidades-em-producao-e-logistica-em-todo-o-brasil\\\/#primaryimage\"},\"thumbnailUrl\":\"https:\\\/\\\/www.vagadeempregorj.com.br\\\/wp-content\\\/uploads\\\/2024\\\/08\\\/image-38.png\",\"articleSection\":[\"Vagas de Emprego Nacionais\"],\"inLanguage\":\"fr-FR\"},{\"@type\":\"WebPage\",\"@id\":\"https:\\\/\\\/www.vagadeempregorj.com.br\\\/ambev-abre-oportunidades-em-producao-e-logistica-em-todo-o-brasil\\\/\",\"url\":\"https:\\\/\\\/www.vagadeempregorj.com.br\\\/ambev-abre-oportunidades-em-producao-e-logistica-em-todo-o-brasil\\\/\",\"name\":\"Ambev abre oportunidades em produ\u00e7\u00e3o e log\u00edstica em todo o Brasil -\",\"isPartOf\":{\"@id\":\"https:\\\/\\\/www.vagadeempregorj.com.br\\\/#website\"},\"primaryImageOfPage\":{\"@id\":\"https:\\\/\\\/www.vagadeempregorj.com.br\\\/ambev-abre-oportunidades-em-producao-e-logistica-em-todo-o-brasil\\\/#primaryimage\"},\"image\":{\"@id\":\"https:\\\/\\\/www.vagadeempregorj.com.br\\\/ambev-abre-oportunidades-em-producao-e-logistica-em-todo-o-brasil\\\/#primaryimage\"},\"thumbnailUrl\":\"https:\\\/\\\/www.vagadeempregorj.com.br\\\/wp-content\\\/uploads\\\/2024\\\/08\\\/image-38.png\",\"datePublished\":\"2024-08-29T10:00:00+00:00\",\"author\":{\"@id\":\"https:\\\/\\\/www.vagadeempregorj.com.br\\\/#\\\/schema\\\/person\\\/3ddb19fa0539706786e502152f3aae95\"},\"description\":\"Veja em Vagas de Emprego RJ as vagas de emprego com e sem experi\u00eancia no seu Estado e Regi\u00e3o!\",\"breadcrumb\":{\"@id\":\"https:\\\/\\\/www.vagadeempregorj.com.br\\\/ambev-abre-oportunidades-em-producao-e-logistica-em-todo-o-brasil\\\/#breadcrumb\"},\"inLanguage\":\"fr-FR\",\"potentialAction\":[{\"@type\":\"ReadAction\",\"target\":[\"https:\\\/\\\/www.vagadeempregorj.com.br\\\/ambev-abre-oportunidades-em-producao-e-logistica-em-todo-o-brasil\\\/\"]}]},{\"@type\":\"ImageObject\",\"inLanguage\":\"fr-FR\",\"@id\":\"https:\\\/\\\/www.vagadeempregorj.com.br\\\/ambev-abre-oportunidades-em-producao-e-logistica-em-todo-o-brasil\\\/#primaryimage\",\"url\":\"https:\\\/\\\/www.vagadeempregorj.com.br\\\/wp-content\\\/uploads\\\/2024\\\/08\\\/image-38.png\",\"contentUrl\":\"https:\\\/\\\/www.vagadeempregorj.com.br\\\/wp-content\\\/uploads\\\/2024\\\/08\\\/image-38.png\",\"width\":1200,\"height\":630},{\"@type\":\"BreadcrumbList\",\"@id\":\"https:\\\/\\\/www.vagadeempregorj.com.br\\\/ambev-abre-oportunidades-em-producao-e-logistica-em-todo-o-brasil\\\/#breadcrumb\",\"itemListElement\":[{\"@type\":\"ListItem\",\"position\":1,\"name\":\"In\u00edcio\",\"item\":\"https:\\\/\\\/www.vagadeempregorj.com.br\\\/\"},{\"@type\":\"ListItem\",\"position\":2,\"name\":\"Vagas de Emprego Nacionais\",\"item\":\"https:\\\/\\\/www.vagadeempregorj.com.br\\\/vagas-de-emprego-nacionais\\\/\"},{\"@type\":\"ListItem\",\"position\":3,\"name\":\"Ambev abre oportunidades em produ\u00e7\u00e3o e log\u00edstica em todo o Brasil\"}]},{\"@type\":\"WebSite\",\"@id\":\"https:\\\/\\\/www.vagadeempregorj.com.br\\\/#website\",\"url\":\"https:\\\/\\\/www.vagadeempregorj.com.br\\\/\",\"name\":\"\",\"description\":\"Conquiste Sonhos: Vagas, Benef\u00edcios e Economia para Transformar Vidas e Alcan\u00e7ar Melhorias Cotidianas\",\"potentialAction\":[{\"@type\":\"SearchAction\",\"target\":{\"@type\":\"EntryPoint\",\"urlTemplate\":\"https:\\\/\\\/www.vagadeempregorj.com.br\\\/?s={search_term_string}\"},\"query-input\":{\"@type\":\"PropertyValueSpecification\",\"valueRequired\":true,\"valueName\":\"search_term_string\"}}],\"inLanguage\":\"fr-FR\"},{\"@type\":\"Person\",\"@id\":\"https:\\\/\\\/www.vagadeempregorj.com.br\\\/#\\\/schema\\\/person\\\/3ddb19fa0539706786e502152f3aae95\",\"name\":\"Michele\",\"image\":{\"@type\":\"ImageObject\",\"inLanguage\":\"fr-FR\",\"@id\":\"https:\\\/\\\/secure.gravatar.com\\\/avatar\\\/6b0eb9d22841282815e2cd856a0061c45e1761cd54b22e952d98c4746939aa85?s=96&r=g\",\"url\":\"https:\\\/\\\/secure.gravatar.com\\\/avatar\\\/6b0eb9d22841282815e2cd856a0061c45e1761cd54b22e952d98c4746939aa85?s=96&r=g\",\"contentUrl\":\"https:\\\/\\\/secure.gravatar.com\\\/avatar\\\/6b0eb9d22841282815e2cd856a0061c45e1761cd54b22e952d98c4746939aa85?s=96&r=g\",\"caption\":\"Michele\"},\"description\":\"Formada em Letras - Portugu\u00eas\\\/ Ingl\u00eas, e idealizadora do site Escritora de Sucesso, busca expandir o conhecimento de todos com informa\u00e7\u00f5es relevantes sobre diversos assuntos, enquanto redatora. No Vaga de Emprego RJ, traz oportunidades e dicas sobre o mercado de trabalho.\",\"url\":\"https:\\\/\\\/www.vagadeempregorj.com.br\\\/fr\\\/author\\\/michele\\\/\"}]}<\/script>\n<!-- \/ Yoast SEO plugin. -->","yoast_head_json":{"title":"Ambev abre oportunidades em produ\u00e7\u00e3o e log\u00edstica em todo o Brasil -","description":"Veja em Vagas de Emprego RJ as vagas de emprego com e sem experi\u00eancia no seu Estado e Regi\u00e3o!","robots":{"index":"index","follow":"follow","max-snippet":"max-snippet:-1","max-image-preview":"max-image-preview:large","max-video-preview":"max-video-preview:-1"},"canonical":"https:\/\/www.vagadeempregorj.com.br\/fr\/ambev-abre-oportunidades-em-producao-e-logistica-em-todo-o-brasil\/","og_locale":"fr_FR","og_type":"article","og_title":"Ambev abre oportunidades em produ\u00e7\u00e3o e log\u00edstica em todo o Brasil -","og_description":"Veja em Vagas de Emprego RJ as vagas de emprego com e sem experi\u00eancia no seu Estado e Regi\u00e3o!","og_url":"https:\/\/www.vagadeempregorj.com.br\/fr\/ambev-abre-oportunidades-em-producao-e-logistica-em-todo-o-brasil\/","article_publisher":"https:\/\/www.facebook.com\/empregobrasiloficial","article_published_time":"2024-08-29T10:00:00+00:00","og_image":[{"width":1200,"height":630,"url":"https:\/\/www.vagadeempregorj.com.br\/wp-content\/uploads\/2024\/08\/image-38.png","type":"image\/png"}],"author":"Michele","twitter_card":"summary_large_image","twitter_misc":{"\u00c9crit par":"Michele","Dur\u00e9e de lecture estim\u00e9e":"4 minutes"},"schema":{"@context":"https:\/\/schema.org","@graph":[{"@type":"Article","@id":"https:\/\/www.vagadeempregorj.com.br\/ambev-abre-oportunidades-em-producao-e-logistica-em-todo-o-brasil\/#article","isPartOf":{"@id":"https:\/\/www.vagadeempregorj.com.br\/ambev-abre-oportunidades-em-producao-e-logistica-em-todo-o-brasil\/"},"author":{"name":"Michele","@id":"https:\/\/www.vagadeempregorj.com.br\/#\/schema\/person\/3ddb19fa0539706786e502152f3aae95"},"headline":"Ambev abre oportunidades em produ\u00e7\u00e3o e log\u00edstica em todo o Brasil","datePublished":"2024-08-29T10:00:00+00:00","mainEntityOfPage":{"@id":"https:\/\/www.vagadeempregorj.com.br\/ambev-abre-oportunidades-em-producao-e-logistica-em-todo-o-brasil\/"},"wordCount":816,"image":{"@id":"https:\/\/www.vagadeempregorj.com.br\/ambev-abre-oportunidades-em-producao-e-logistica-em-todo-o-brasil\/#primaryimage"},"thumbnailUrl":"https:\/\/www.vagadeempregorj.com.br\/wp-content\/uploads\/2024\/08\/image-38.png","articleSection":["Vagas de Emprego Nacionais"],"inLanguage":"fr-FR"},{"@type":"WebPage","@id":"https:\/\/www.vagadeempregorj.com.br\/ambev-abre-oportunidades-em-producao-e-logistica-em-todo-o-brasil\/","url":"https:\/\/www.vagadeempregorj.com.br\/ambev-abre-oportunidades-em-producao-e-logistica-em-todo-o-brasil\/","name":"Ambev abre oportunidades em produ\u00e7\u00e3o e log\u00edstica em todo o Brasil -","isPartOf":{"@id":"https:\/\/www.vagadeempregorj.com.br\/#website"},"primaryImageOfPage":{"@id":"https:\/\/www.vagadeempregorj.com.br\/ambev-abre-oportunidades-em-producao-e-logistica-em-todo-o-brasil\/#primaryimage"},"image":{"@id":"https:\/\/www.vagadeempregorj.com.br\/ambev-abre-oportunidades-em-producao-e-logistica-em-todo-o-brasil\/#primaryimage"},"thumbnailUrl":"https:\/\/www.vagadeempregorj.com.br\/wp-content\/uploads\/2024\/08\/image-38.png","datePublished":"2024-08-29T10:00:00+00:00","author":{"@id":"https:\/\/www.vagadeempregorj.com.br\/#\/schema\/person\/3ddb19fa0539706786e502152f3aae95"},"description":"Veja em Vagas de Emprego RJ as vagas de emprego com e sem experi\u00eancia no seu Estado e Regi\u00e3o!","breadcrumb":{"@id":"https:\/\/www.vagadeempregorj.com.br\/ambev-abre-oportunidades-em-producao-e-logistica-em-todo-o-brasil\/#breadcrumb"},"inLanguage":"fr-FR","potentialAction":[{"@type":"ReadAction","target":["https:\/\/www.vagadeempregorj.com.br\/ambev-abre-oportunidades-em-producao-e-logistica-em-todo-o-brasil\/"]}]},{"@type":"ImageObject","inLanguage":"fr-FR","@id":"https:\/\/www.vagadeempregorj.com.br\/ambev-abre-oportunidades-em-producao-e-logistica-em-todo-o-brasil\/#primaryimage","url":"https:\/\/www.vagadeempregorj.com.br\/wp-content\/uploads\/2024\/08\/image-38.png","contentUrl":"https:\/\/www.vagadeempregorj.com.br\/wp-content\/uploads\/2024\/08\/image-38.png","width":1200,"height":630},{"@type":"BreadcrumbList","@id":"https:\/\/www.vagadeempregorj.com.br\/ambev-abre-oportunidades-em-producao-e-logistica-em-todo-o-brasil\/#breadcrumb","itemListElement":[{"@type":"ListItem","position":1,"name":"In\u00edcio","item":"https:\/\/www.vagadeempregorj.com.br\/"},{"@type":"ListItem","position":2,"name":"Vagas de Emprego Nacionais","item":"https:\/\/www.vagadeempregorj.com.br\/vagas-de-emprego-nacionais\/"},{"@type":"ListItem","position":3,"name":"Ambev abre oportunidades em produ\u00e7\u00e3o e log\u00edstica em todo o Brasil"}]},{"@type":"WebSite","@id":"https:\/\/www.vagadeempregorj.com.br\/#website","url":"https:\/\/www.vagadeempregorj.com.br\/","name":"","description":"Conquiste Sonhos: Vagas, Benef\u00edcios e Economia para Transformar Vidas e Alcan\u00e7ar Melhorias Cotidianas","potentialAction":[{"@type":"SearchAction","target":{"@type":"EntryPoint","urlTemplate":"https:\/\/www.vagadeempregorj.com.br\/?s={search_term_string}"},"query-input":{"@type":"PropertyValueSpecification","valueRequired":true,"valueName":"search_term_string"}}],"inLanguage":"fr-FR"},{"@type":"Person","@id":"https:\/\/www.vagadeempregorj.com.br\/#\/schema\/person\/3ddb19fa0539706786e502152f3aae95","name":"Michele","image":{"@type":"ImageObject","inLanguage":"fr-FR","@id":"https:\/\/secure.gravatar.com\/avatar\/6b0eb9d22841282815e2cd856a0061c45e1761cd54b22e952d98c4746939aa85?s=96&r=g","url":"https:\/\/secure.gravatar.com\/avatar\/6b0eb9d22841282815e2cd856a0061c45e1761cd54b22e952d98c4746939aa85?s=96&r=g","contentUrl":"https:\/\/secure.gravatar.com\/avatar\/6b0eb9d22841282815e2cd856a0061c45e1761cd54b22e952d98c4746939aa85?s=96&r=g","caption":"Michele"},"description":"Formada em Letras - Portugu\u00eas\/ Ingl\u00eas, e idealizadora do site Escritora de Sucesso, busca expandir o conhecimento de todos com informa\u00e7\u00f5es relevantes sobre diversos assuntos, enquanto redatora. No Vaga de Emprego RJ, traz oportunidades e dicas sobre o mercado de trabalho.","url":"https:\/\/www.vagadeempregorj.com.br\/fr\/author\/michele\/"}]}},"_links":{"self":[{"href":"https:\/\/www.vagadeempregorj.com.br\/fr\/wp-json\/wp\/v2\/posts\/40398","targetHints":{"allow":["GET"]}}],"collection":[{"href":"https:\/\/www.vagadeempregorj.com.br\/fr\/wp-json\/wp\/v2\/posts"}],"about":[{"href":"https:\/\/www.vagadeempregorj.com.br\/fr\/wp-json\/wp\/v2\/types\/post"}],"author":[{"embeddable":true,"href":"https:\/\/www.vagadeempregorj.com.br\/fr\/wp-json\/wp\/v2\/users\/16"}],"replies":[{"embeddable":true,"href":"https:\/\/www.vagadeempregorj.com.br\/fr\/wp-json\/wp\/v2\/comments?post=40398"}],"version-history":[{"count":0,"href":"https:\/\/www.vagadeempregorj.com.br\/fr\/wp-json\/wp\/v2\/posts\/40398\/revisions"}],"wp:featuredmedia":[{"embeddable":true,"href":"https:\/\/www.vagadeempregorj.com.br\/fr\/wp-json\/wp\/v2\/media\/40421"}],"wp:attachment":[{"href":"https:\/\/www.vagadeempregorj.com.br\/fr\/wp-json\/wp\/v2\/media?parent=40398"}],"wp:term":[{"taxonomy":"category","embeddable":true,"href":"https:\/\/www.vagadeempregorj.com.br\/fr\/wp-json\/wp\/v2\/categories?post=40398"},{"taxonomy":"post_tag","embeddable":true,"href":"https:\/\/www.vagadeempregorj.com.br\/fr\/wp-json\/wp\/v2\/tags?post=40398"}],"curies":[{"name":"wp","href":"https:\/\/api.w.org\/{rel}","templated":true}]}}