{"id":40526,"date":"2024-09-04T06:00:00","date_gmt":"2024-09-04T09:00:00","guid":{"rendered":"https:\/\/www.vagadeempregorj.com.br\/?p=40526"},"modified":"2026-02-02T17:53:07","modified_gmt":"2026-02-02T20:53:07","slug":"leo-madeiras-149-novas-vagas-de-emprego-abertas-pelo-pais","status":"publish","type":"post","link":"https:\/\/www.vagadeempregorj.com.br\/fr\/leo-madeiras-149-novas-vagas-de-emprego-abertas-pelo-pais\/","title":{"rendered":"Leo Madeiras: 149 novas vagas de emprego abertas pelo pa\u00eds"},"content":{"rendered":"<p>Se voc\u00ea est\u00e1 em busca de novas oportunidades de trabalho, temos boas not\u00edcias! A Leo Madeiras, uma das maiores distribuidoras de produtos e acess\u00f3rios para marcenaria e constru\u00e7\u00e3o civil do Brasil, anunciou a abertura de 149 novas vagas de emprego em diversas regi\u00f5es do pa\u00eds. Com um forte compromisso com a inova\u00e7\u00e3o e a qualidade, a empresa est\u00e1 expandindo sua equipe para continuar oferecendo um excelente servi\u00e7o a seus clientes e parceiros.<\/p>\n\n\n\n<h2 class=\"wp-block-heading\">Quais s\u00e3o as vagas de emprego abertas na Leo Madeiras?<\/h2>\n\n\n\n<p>A Leo Madeiras est\u00e1 oferecendo uma ampla variedade de vagas, atendendo a diferentes perfis e \u00e1reas de atua\u00e7\u00e3o. Entre as principais oportunidades, destacam-se:<\/p>\n\n\n\n<figure class=\"wp-block-image size-full is-resized\"><img loading=\"lazy\" decoding=\"async\" width=\"512\" height=\"280\" src=\"https:\/\/www.vagadeempregorj.com.br\/wp-content\/uploads\/2024\/09\/image-3.png\" alt=\"\" class=\"wp-image-40527\" style=\"width:840px;height:auto\" srcset=\"https:\/\/www.vagadeempregorj.com.br\/wp-content\/uploads\/2024\/09\/image-3.png 512w, https:\/\/www.vagadeempregorj.com.br\/wp-content\/uploads\/2024\/09\/image-3-300x164.png 300w, https:\/\/www.vagadeempregorj.com.br\/wp-content\/uploads\/2024\/09\/image-3-150x82.png 150w\" sizes=\"auto, (max-width: 512px) 100vw, 512px\" \/><\/figure>\n\n\n\n<ul class=\"wp-block-list\">\n<li>Vendedor Interno: Ideal para quem gosta de trabalhar diretamente com o p\u00fablico, oferecendo solu\u00e7\u00f5es e produtos para marcenaria e constru\u00e7\u00e3o. A fun\u00e7\u00e3o exige conhecimento em vendas e um bom relacionamento com clientes.<\/li>\n<\/ul>\n\n\n\n<ul class=\"wp-block-list\">\n<li>Auxiliar de Log\u00edstica: Se voc\u00ea \u00e9 organizado e gosta de desafios, essa vaga \u00e9 para voc\u00ea. O auxiliar de log\u00edstica \u00e9 respons\u00e1vel por organizar e gerenciar o estoque, garantindo que os produtos certos cheguem aos clientes no prazo certo.<\/li>\n<\/ul>\n\n\n\n<ul class=\"wp-block-list\">\n<li>Operador de Caixa: Com foco em atendimento e precis\u00e3o, o operador de caixa \u00e9 essencial para garantir uma experi\u00eancia de compra agrad\u00e1vel para os clientes. Habilidades com n\u00fameros e aten\u00e7\u00e3o aos detalhes s\u00e3o fundamentais.<\/li>\n<\/ul>\n\n\n\n<ul class=\"wp-block-list\">\n<li>Consultor de Vendas Externas: Para quem tem um esp\u00edrito empreendedor e gosta de visitar clientes, essa \u00e9 uma excelente oportunidade. O consultor de vendas externas \u00e9 respons\u00e1vel por prospectar novos neg\u00f3cios e manter o relacionamento com clientes j\u00e1 existentes.<\/li>\n<\/ul>\n\n\n\n<ul class=\"wp-block-list\">\n<li>Assistente Administrativo: Se voc\u00ea tem habilidades organizacionais e gosta de manter tudo em ordem, essa vaga \u00e9 ideal. O assistente administrativo auxilia em diversas tarefas do escrit\u00f3rio, garantindo o bom funcionamento da unidade.<\/li>\n<\/ul>\n\n\n\n<p>Essas s\u00e3o apenas algumas das vagas dispon\u00edveis. A Leo Madeiras oferece ainda oportunidades em outras \u00e1reas como marketing, recursos humanos, finan\u00e7as e muito mais. Com uma vasta gama de oportunidades, h\u00e1 uma vaga certa para voc\u00ea, independentemente da sua experi\u00eancia ou forma\u00e7\u00e3o.<\/p>\n\n\n\n<h2 class=\"wp-block-heading\">Como se candidatar?<\/h2>\n\n\n\n<p>Candidatar-se para uma vaga na Leo Madeiras \u00e9 um processo simples e direto. A empresa valoriza a transpar\u00eancia e a agilidade no recrutamento, para garantir que os melhores talentos sejam rapidamente integrados \u00e0 equipe. Veja como voc\u00ea pode se inscrever, a seguir.<\/p>\n\n\n\n<p>O primeiro passo \u00e9 visitar o site oficial da empresa. L\u00e1, voc\u00ea encontrar\u00e1 uma se\u00e7\u00e3o dedicada \u00e0s oportunidades de emprego. Essa \u00e1rea \u00e9 constantemente atualizada, ent\u00e3o \u00e9 importante ficar de olho nas vagas que mais te interessam.<\/p>\n\n\n\n<p>Na p\u00e1gina de carreiras, voc\u00ea encontrar\u00e1 uma lista completa das vagas dispon\u00edveis. Leia atentamente a descri\u00e7\u00e3o de cada uma delas para entender os requisitos e responsabilidades. Assim, voc\u00ea poder\u00e1 identificar qual vaga se encaixa melhor no seu perfil.<\/p>\n\n\n\n<p>Ap\u00f3s selecionar a vaga desejada, clique no bot\u00e3o de candidatura para enviar seu curr\u00edculo. Certifique-se de que seu curr\u00edculo esteja atualizado, incluindo todas as suas experi\u00eancias relevantes, habilidades e cursos. Um curr\u00edculo bem elaborado aumenta suas chances de ser chamado para uma entrevista.<\/p>\n\n\n\n<p>Ap\u00f3s enviar sua candidatura, a equipe de recrutamento da Leo Madeiras analisar\u00e1 seu curr\u00edculo. Se seu perfil for compat\u00edvel com a vaga, voc\u00ea ser\u00e1 contatado para as pr\u00f3ximas etapas do processo seletivo, que podem incluir entrevistas e testes espec\u00edficos.<\/p>\n\n\n\n<p>Se voc\u00ea for chamado para uma entrevista, \u00e9 importante estar bem preparado. Estude sobre a empresa, sua hist\u00f3ria, valores e o mercado em que atua. Demonstrar conhecimento sobre a Leo Madeiras durante a entrevista pode fazer toda a diferen\u00e7a.<\/p>\n\n\n\n<p>Durante o processo seletivo, n\u00e3o tenha medo de destacar suas habilidades e experi\u00eancias que te fazem um bom candidato para a vaga. Seja confiante e mostre como voc\u00ea pode agregar valor \u00e0 equipe da Leo Madeiras.<\/p>\n\n\n\n<h2 class=\"wp-block-heading\">Uma empresa de sucesso!<\/h2>\n\n\n\n<p>A Leo Madeiras \u00e9 uma empresa que valoriza seus colaboradores e est\u00e1 sempre em busca de talentos que possam contribuir para o seu crescimento. Trabalhar em uma empresa de renome, que est\u00e1 em constante expans\u00e3o, pode ser a oportunidade que voc\u00ea precisa para alavancar sua carreira.<\/p>\n\n\n\n<p>Com 149 novas vagas de emprego espalhadas pelo pa\u00eds, as chances de encontrar uma oportunidade que combine com seu perfil s\u00e3o grandes. N\u00e3o perca tempo, acesse o site da Leo Madeiras, escolha a vaga que mais se adequa ao seu perfil e envie seu curr\u00edculo agora mesmo. Boa sorte!<\/p>\n\n\n\n<p>4 de setembro de 2024<\/p>","protected":false},"excerpt":{"rendered":"<p>Se voc\u00ea est\u00e1 em busca de novas oportunidades de trabalho, temos boas not\u00edcias! A Leo Madeiras, uma das maiores distribuidoras de produtos e acess\u00f3rios para marcenaria e constru\u00e7\u00e3o civil do Brasil, anunciou a abertura de 149 novas vagas de emprego em diversas regi\u00f5es do pa\u00eds. Com um forte compromisso com a inova\u00e7\u00e3o e a qualidade,&hellip;&nbsp;<\/p>","protected":false},"author":16,"featured_media":40527,"comment_status":"closed","ping_status":"closed","sticky":false,"template":"","format":"standard","meta":{"neve_meta_sidebar":"","neve_meta_container":"","neve_meta_enable_content_width":"","neve_meta_content_width":0,"neve_meta_title_alignment":"","neve_meta_author_avatar":"","neve_post_elements_order":"","neve_meta_disable_header":"","neve_meta_disable_footer":"","neve_meta_disable_title":"","footnotes":""},"categories":[123],"tags":[830,608],"class_list":["post-40526","post","type-post","status-publish","format-standard","has-post-thumbnail","hentry","category-vagas-de-emprego-nacionais","tag-empregos","tag-oportunidades"],"yoast_head":"<!-- This site is optimized with the Yoast SEO plugin v27.5 - https:\/\/yoast.com\/product\/yoast-seo-wordpress\/ -->\n<title>Leo Madeiras: 149 novas vagas de emprego abertas pelo pa\u00eds -<\/title>\n<meta name=\"description\" content=\"Veja em Vagas de Emprego RJ as vagas de emprego com e sem experi\u00eancia no seu Estado e Regi\u00e3o!\" \/>\n<meta name=\"robots\" content=\"index, follow, max-snippet:-1, max-image-preview:large, max-video-preview:-1\" \/>\n<link rel=\"canonical\" href=\"https:\/\/www.vagadeempregorj.com.br\/fr\/leo-madeiras-149-novas-vagas-de-emprego-abertas-pelo-pais\/\" \/>\n<meta property=\"og:locale\" content=\"fr_FR\" \/>\n<meta property=\"og:type\" content=\"article\" \/>\n<meta property=\"og:title\" content=\"Leo Madeiras: 149 novas vagas de emprego abertas pelo pa\u00eds -\" \/>\n<meta property=\"og:description\" content=\"Veja em Vagas de Emprego RJ as vagas de emprego com e sem experi\u00eancia no seu Estado e Regi\u00e3o!\" \/>\n<meta property=\"og:url\" content=\"https:\/\/www.vagadeempregorj.com.br\/fr\/leo-madeiras-149-novas-vagas-de-emprego-abertas-pelo-pais\/\" \/>\n<meta property=\"article:publisher\" content=\"https:\/\/www.facebook.com\/empregobrasiloficial\" \/>\n<meta property=\"article:published_time\" content=\"2024-09-04T09:00:00+00:00\" \/>\n<meta property=\"article:modified_time\" content=\"2026-02-02T20:53:07+00:00\" \/>\n<meta property=\"og:image\" content=\"https:\/\/www.vagadeempregorj.com.br\/wp-content\/uploads\/2024\/09\/image-3.png\" \/>\n\t<meta property=\"og:image:width\" content=\"512\" \/>\n\t<meta property=\"og:image:height\" content=\"280\" \/>\n\t<meta property=\"og:image:type\" content=\"image\/png\" \/>\n<meta name=\"author\" content=\"Michele\" \/>\n<meta name=\"twitter:card\" content=\"summary_large_image\" \/>\n<meta name=\"twitter:label1\" content=\"\u00c9crit par\" \/>\n\t<meta name=\"twitter:data1\" content=\"Michele\" \/>\n\t<meta name=\"twitter:label2\" content=\"Dur\u00e9e de lecture estim\u00e9e\" \/>\n\t<meta name=\"twitter:data2\" content=\"4 minutes\" \/>\n<script type=\"application\/ld+json\" class=\"yoast-schema-graph\">{\"@context\":\"https:\\\/\\\/schema.org\",\"@graph\":[{\"@type\":\"Article\",\"@id\":\"https:\\\/\\\/www.vagadeempregorj.com.br\\\/leo-madeiras-149-novas-vagas-de-emprego-abertas-pelo-pais\\\/#article\",\"isPartOf\":{\"@id\":\"https:\\\/\\\/www.vagadeempregorj.com.br\\\/leo-madeiras-149-novas-vagas-de-emprego-abertas-pelo-pais\\\/\"},\"author\":{\"name\":\"Michele\",\"@id\":\"https:\\\/\\\/www.vagadeempregorj.com.br\\\/#\\\/schema\\\/person\\\/3ddb19fa0539706786e502152f3aae95\"},\"headline\":\"Leo Madeiras: 149 novas vagas de emprego abertas pelo pa\u00eds\",\"datePublished\":\"2024-09-04T09:00:00+00:00\",\"dateModified\":\"2026-02-02T20:53:07+00:00\",\"mainEntityOfPage\":{\"@id\":\"https:\\\/\\\/www.vagadeempregorj.com.br\\\/leo-madeiras-149-novas-vagas-de-emprego-abertas-pelo-pais\\\/\"},\"wordCount\":753,\"image\":{\"@id\":\"https:\\\/\\\/www.vagadeempregorj.com.br\\\/leo-madeiras-149-novas-vagas-de-emprego-abertas-pelo-pais\\\/#primaryimage\"},\"thumbnailUrl\":\"https:\\\/\\\/www.vagadeempregorj.com.br\\\/wp-content\\\/uploads\\\/2024\\\/09\\\/image-3.png\",\"keywords\":[\"empregos\",\"oportunidades\"],\"articleSection\":[\"Vagas de Emprego Nacionais\"],\"inLanguage\":\"fr-FR\"},{\"@type\":\"WebPage\",\"@id\":\"https:\\\/\\\/www.vagadeempregorj.com.br\\\/leo-madeiras-149-novas-vagas-de-emprego-abertas-pelo-pais\\\/\",\"url\":\"https:\\\/\\\/www.vagadeempregorj.com.br\\\/leo-madeiras-149-novas-vagas-de-emprego-abertas-pelo-pais\\\/\",\"name\":\"Leo Madeiras: 149 novas vagas de emprego abertas pelo pa\u00eds -\",\"isPartOf\":{\"@id\":\"https:\\\/\\\/www.vagadeempregorj.com.br\\\/#website\"},\"primaryImageOfPage\":{\"@id\":\"https:\\\/\\\/www.vagadeempregorj.com.br\\\/leo-madeiras-149-novas-vagas-de-emprego-abertas-pelo-pais\\\/#primaryimage\"},\"image\":{\"@id\":\"https:\\\/\\\/www.vagadeempregorj.com.br\\\/leo-madeiras-149-novas-vagas-de-emprego-abertas-pelo-pais\\\/#primaryimage\"},\"thumbnailUrl\":\"https:\\\/\\\/www.vagadeempregorj.com.br\\\/wp-content\\\/uploads\\\/2024\\\/09\\\/image-3.png\",\"datePublished\":\"2024-09-04T09:00:00+00:00\",\"dateModified\":\"2026-02-02T20:53:07+00:00\",\"author\":{\"@id\":\"https:\\\/\\\/www.vagadeempregorj.com.br\\\/#\\\/schema\\\/person\\\/3ddb19fa0539706786e502152f3aae95\"},\"description\":\"Veja em Vagas de Emprego RJ as vagas de emprego com e sem experi\u00eancia no seu Estado e Regi\u00e3o!\",\"breadcrumb\":{\"@id\":\"https:\\\/\\\/www.vagadeempregorj.com.br\\\/leo-madeiras-149-novas-vagas-de-emprego-abertas-pelo-pais\\\/#breadcrumb\"},\"inLanguage\":\"fr-FR\",\"potentialAction\":[{\"@type\":\"ReadAction\",\"target\":[\"https:\\\/\\\/www.vagadeempregorj.com.br\\\/leo-madeiras-149-novas-vagas-de-emprego-abertas-pelo-pais\\\/\"]}]},{\"@type\":\"ImageObject\",\"inLanguage\":\"fr-FR\",\"@id\":\"https:\\\/\\\/www.vagadeempregorj.com.br\\\/leo-madeiras-149-novas-vagas-de-emprego-abertas-pelo-pais\\\/#primaryimage\",\"url\":\"https:\\\/\\\/www.vagadeempregorj.com.br\\\/wp-content\\\/uploads\\\/2024\\\/09\\\/image-3.png\",\"contentUrl\":\"https:\\\/\\\/www.vagadeempregorj.com.br\\\/wp-content\\\/uploads\\\/2024\\\/09\\\/image-3.png\",\"width\":512,\"height\":280},{\"@type\":\"BreadcrumbList\",\"@id\":\"https:\\\/\\\/www.vagadeempregorj.com.br\\\/leo-madeiras-149-novas-vagas-de-emprego-abertas-pelo-pais\\\/#breadcrumb\",\"itemListElement\":[{\"@type\":\"ListItem\",\"position\":1,\"name\":\"In\u00edcio\",\"item\":\"https:\\\/\\\/www.vagadeempregorj.com.br\\\/\"},{\"@type\":\"ListItem\",\"position\":2,\"name\":\"Vagas de Emprego Nacionais\",\"item\":\"https:\\\/\\\/www.vagadeempregorj.com.br\\\/vagas-de-emprego-nacionais\\\/\"},{\"@type\":\"ListItem\",\"position\":3,\"name\":\"Leo Madeiras: 149 novas vagas de emprego abertas pelo pa\u00eds\"}]},{\"@type\":\"WebSite\",\"@id\":\"https:\\\/\\\/www.vagadeempregorj.com.br\\\/#website\",\"url\":\"https:\\\/\\\/www.vagadeempregorj.com.br\\\/\",\"name\":\"\",\"description\":\"Conquiste Sonhos: Vagas, Benef\u00edcios e Economia para Transformar Vidas e Alcan\u00e7ar Melhorias Cotidianas\",\"potentialAction\":[{\"@type\":\"SearchAction\",\"target\":{\"@type\":\"EntryPoint\",\"urlTemplate\":\"https:\\\/\\\/www.vagadeempregorj.com.br\\\/?s={search_term_string}\"},\"query-input\":{\"@type\":\"PropertyValueSpecification\",\"valueRequired\":true,\"valueName\":\"search_term_string\"}}],\"inLanguage\":\"fr-FR\"},{\"@type\":\"Person\",\"@id\":\"https:\\\/\\\/www.vagadeempregorj.com.br\\\/#\\\/schema\\\/person\\\/3ddb19fa0539706786e502152f3aae95\",\"name\":\"Michele\",\"image\":{\"@type\":\"ImageObject\",\"inLanguage\":\"fr-FR\",\"@id\":\"https:\\\/\\\/secure.gravatar.com\\\/avatar\\\/6b0eb9d22841282815e2cd856a0061c45e1761cd54b22e952d98c4746939aa85?s=96&r=g\",\"url\":\"https:\\\/\\\/secure.gravatar.com\\\/avatar\\\/6b0eb9d22841282815e2cd856a0061c45e1761cd54b22e952d98c4746939aa85?s=96&r=g\",\"contentUrl\":\"https:\\\/\\\/secure.gravatar.com\\\/avatar\\\/6b0eb9d22841282815e2cd856a0061c45e1761cd54b22e952d98c4746939aa85?s=96&r=g\",\"caption\":\"Michele\"},\"description\":\"Formada em Letras - Portugu\u00eas\\\/ Ingl\u00eas, e idealizadora do site Escritora de Sucesso, busca expandir o conhecimento de todos com informa\u00e7\u00f5es relevantes sobre diversos assuntos, enquanto redatora. No Vaga de Emprego RJ, traz oportunidades e dicas sobre o mercado de trabalho.\",\"url\":\"https:\\\/\\\/www.vagadeempregorj.com.br\\\/fr\\\/author\\\/michele\\\/\"}]}<\/script>\n<!-- \/ Yoast SEO plugin. -->","yoast_head_json":{"title":"Leo Madeiras: 149 novas vagas de emprego abertas pelo pa\u00eds -","description":"Veja em Vagas de Emprego RJ as vagas de emprego com e sem experi\u00eancia no seu Estado e Regi\u00e3o!","robots":{"index":"index","follow":"follow","max-snippet":"max-snippet:-1","max-image-preview":"max-image-preview:large","max-video-preview":"max-video-preview:-1"},"canonical":"https:\/\/www.vagadeempregorj.com.br\/fr\/leo-madeiras-149-novas-vagas-de-emprego-abertas-pelo-pais\/","og_locale":"fr_FR","og_type":"article","og_title":"Leo Madeiras: 149 novas vagas de emprego abertas pelo pa\u00eds -","og_description":"Veja em Vagas de Emprego RJ as vagas de emprego com e sem experi\u00eancia no seu Estado e Regi\u00e3o!","og_url":"https:\/\/www.vagadeempregorj.com.br\/fr\/leo-madeiras-149-novas-vagas-de-emprego-abertas-pelo-pais\/","article_publisher":"https:\/\/www.facebook.com\/empregobrasiloficial","article_published_time":"2024-09-04T09:00:00+00:00","article_modified_time":"2026-02-02T20:53:07+00:00","og_image":[{"width":512,"height":280,"url":"https:\/\/www.vagadeempregorj.com.br\/wp-content\/uploads\/2024\/09\/image-3.png","type":"image\/png"}],"author":"Michele","twitter_card":"summary_large_image","twitter_misc":{"\u00c9crit par":"Michele","Dur\u00e9e de lecture estim\u00e9e":"4 minutes"},"schema":{"@context":"https:\/\/schema.org","@graph":[{"@type":"Article","@id":"https:\/\/www.vagadeempregorj.com.br\/leo-madeiras-149-novas-vagas-de-emprego-abertas-pelo-pais\/#article","isPartOf":{"@id":"https:\/\/www.vagadeempregorj.com.br\/leo-madeiras-149-novas-vagas-de-emprego-abertas-pelo-pais\/"},"author":{"name":"Michele","@id":"https:\/\/www.vagadeempregorj.com.br\/#\/schema\/person\/3ddb19fa0539706786e502152f3aae95"},"headline":"Leo Madeiras: 149 novas vagas de emprego abertas pelo pa\u00eds","datePublished":"2024-09-04T09:00:00+00:00","dateModified":"2026-02-02T20:53:07+00:00","mainEntityOfPage":{"@id":"https:\/\/www.vagadeempregorj.com.br\/leo-madeiras-149-novas-vagas-de-emprego-abertas-pelo-pais\/"},"wordCount":753,"image":{"@id":"https:\/\/www.vagadeempregorj.com.br\/leo-madeiras-149-novas-vagas-de-emprego-abertas-pelo-pais\/#primaryimage"},"thumbnailUrl":"https:\/\/www.vagadeempregorj.com.br\/wp-content\/uploads\/2024\/09\/image-3.png","keywords":["empregos","oportunidades"],"articleSection":["Vagas de Emprego Nacionais"],"inLanguage":"fr-FR"},{"@type":"WebPage","@id":"https:\/\/www.vagadeempregorj.com.br\/leo-madeiras-149-novas-vagas-de-emprego-abertas-pelo-pais\/","url":"https:\/\/www.vagadeempregorj.com.br\/leo-madeiras-149-novas-vagas-de-emprego-abertas-pelo-pais\/","name":"Leo Madeiras: 149 novas vagas de emprego abertas pelo pa\u00eds -","isPartOf":{"@id":"https:\/\/www.vagadeempregorj.com.br\/#website"},"primaryImageOfPage":{"@id":"https:\/\/www.vagadeempregorj.com.br\/leo-madeiras-149-novas-vagas-de-emprego-abertas-pelo-pais\/#primaryimage"},"image":{"@id":"https:\/\/www.vagadeempregorj.com.br\/leo-madeiras-149-novas-vagas-de-emprego-abertas-pelo-pais\/#primaryimage"},"thumbnailUrl":"https:\/\/www.vagadeempregorj.com.br\/wp-content\/uploads\/2024\/09\/image-3.png","datePublished":"2024-09-04T09:00:00+00:00","dateModified":"2026-02-02T20:53:07+00:00","author":{"@id":"https:\/\/www.vagadeempregorj.com.br\/#\/schema\/person\/3ddb19fa0539706786e502152f3aae95"},"description":"Veja em Vagas de Emprego RJ as vagas de emprego com e sem experi\u00eancia no seu Estado e Regi\u00e3o!","breadcrumb":{"@id":"https:\/\/www.vagadeempregorj.com.br\/leo-madeiras-149-novas-vagas-de-emprego-abertas-pelo-pais\/#breadcrumb"},"inLanguage":"fr-FR","potentialAction":[{"@type":"ReadAction","target":["https:\/\/www.vagadeempregorj.com.br\/leo-madeiras-149-novas-vagas-de-emprego-abertas-pelo-pais\/"]}]},{"@type":"ImageObject","inLanguage":"fr-FR","@id":"https:\/\/www.vagadeempregorj.com.br\/leo-madeiras-149-novas-vagas-de-emprego-abertas-pelo-pais\/#primaryimage","url":"https:\/\/www.vagadeempregorj.com.br\/wp-content\/uploads\/2024\/09\/image-3.png","contentUrl":"https:\/\/www.vagadeempregorj.com.br\/wp-content\/uploads\/2024\/09\/image-3.png","width":512,"height":280},{"@type":"BreadcrumbList","@id":"https:\/\/www.vagadeempregorj.com.br\/leo-madeiras-149-novas-vagas-de-emprego-abertas-pelo-pais\/#breadcrumb","itemListElement":[{"@type":"ListItem","position":1,"name":"In\u00edcio","item":"https:\/\/www.vagadeempregorj.com.br\/"},{"@type":"ListItem","position":2,"name":"Vagas de Emprego Nacionais","item":"https:\/\/www.vagadeempregorj.com.br\/vagas-de-emprego-nacionais\/"},{"@type":"ListItem","position":3,"name":"Leo Madeiras: 149 novas vagas de emprego abertas pelo pa\u00eds"}]},{"@type":"WebSite","@id":"https:\/\/www.vagadeempregorj.com.br\/#website","url":"https:\/\/www.vagadeempregorj.com.br\/","name":"","description":"Conquiste Sonhos: Vagas, Benef\u00edcios e Economia para Transformar Vidas e Alcan\u00e7ar Melhorias Cotidianas","potentialAction":[{"@type":"SearchAction","target":{"@type":"EntryPoint","urlTemplate":"https:\/\/www.vagadeempregorj.com.br\/?s={search_term_string}"},"query-input":{"@type":"PropertyValueSpecification","valueRequired":true,"valueName":"search_term_string"}}],"inLanguage":"fr-FR"},{"@type":"Person","@id":"https:\/\/www.vagadeempregorj.com.br\/#\/schema\/person\/3ddb19fa0539706786e502152f3aae95","name":"Michele","image":{"@type":"ImageObject","inLanguage":"fr-FR","@id":"https:\/\/secure.gravatar.com\/avatar\/6b0eb9d22841282815e2cd856a0061c45e1761cd54b22e952d98c4746939aa85?s=96&r=g","url":"https:\/\/secure.gravatar.com\/avatar\/6b0eb9d22841282815e2cd856a0061c45e1761cd54b22e952d98c4746939aa85?s=96&r=g","contentUrl":"https:\/\/secure.gravatar.com\/avatar\/6b0eb9d22841282815e2cd856a0061c45e1761cd54b22e952d98c4746939aa85?s=96&r=g","caption":"Michele"},"description":"Formada em Letras - Portugu\u00eas\/ Ingl\u00eas, e idealizadora do site Escritora de Sucesso, busca expandir o conhecimento de todos com informa\u00e7\u00f5es relevantes sobre diversos assuntos, enquanto redatora. No Vaga de Emprego RJ, traz oportunidades e dicas sobre o mercado de trabalho.","url":"https:\/\/www.vagadeempregorj.com.br\/fr\/author\/michele\/"}]}},"_links":{"self":[{"href":"https:\/\/www.vagadeempregorj.com.br\/fr\/wp-json\/wp\/v2\/posts\/40526","targetHints":{"allow":["GET"]}}],"collection":[{"href":"https:\/\/www.vagadeempregorj.com.br\/fr\/wp-json\/wp\/v2\/posts"}],"about":[{"href":"https:\/\/www.vagadeempregorj.com.br\/fr\/wp-json\/wp\/v2\/types\/post"}],"author":[{"embeddable":true,"href":"https:\/\/www.vagadeempregorj.com.br\/fr\/wp-json\/wp\/v2\/users\/16"}],"replies":[{"embeddable":true,"href":"https:\/\/www.vagadeempregorj.com.br\/fr\/wp-json\/wp\/v2\/comments?post=40526"}],"version-history":[{"count":1,"href":"https:\/\/www.vagadeempregorj.com.br\/fr\/wp-json\/wp\/v2\/posts\/40526\/revisions"}],"predecessor-version":[{"id":44217,"href":"https:\/\/www.vagadeempregorj.com.br\/fr\/wp-json\/wp\/v2\/posts\/40526\/revisions\/44217"}],"wp:featuredmedia":[{"embeddable":true,"href":"https:\/\/www.vagadeempregorj.com.br\/fr\/wp-json\/wp\/v2\/media\/40527"}],"wp:attachment":[{"href":"https:\/\/www.vagadeempregorj.com.br\/fr\/wp-json\/wp\/v2\/media?parent=40526"}],"wp:term":[{"taxonomy":"category","embeddable":true,"href":"https:\/\/www.vagadeempregorj.com.br\/fr\/wp-json\/wp\/v2\/categories?post=40526"},{"taxonomy":"post_tag","embeddable":true,"href":"https:\/\/www.vagadeempregorj.com.br\/fr\/wp-json\/wp\/v2\/tags?post=40526"}],"curies":[{"name":"wp","href":"https:\/\/api.w.org\/{rel}","templated":true}]}}