{"id":40584,"date":"2024-09-05T20:01:29","date_gmt":"2024-09-05T23:01:29","guid":{"rendered":"https:\/\/www.vagadeempregorj.com.br\/?p=40584"},"modified":"2024-09-05T20:01:30","modified_gmt":"2024-09-05T23:01:30","slug":"renner-mais-de-1000-vagas-de-emprego-abertas-pelo-pais","status":"publish","type":"post","link":"https:\/\/www.vagadeempregorj.com.br\/fr\/renner-mais-de-1000-vagas-de-emprego-abertas-pelo-pais\/","title":{"rendered":"Renner: Mais de 1000 vagas de emprego abertas pelo pa\u00eds"},"content":{"rendered":"<p>A <strong>Renner<\/strong>, uma das maiores redes de varejo de moda do Brasil, anunciou mais de 1000 vagas de emprego distribu\u00eddas por diversas regi\u00f5es do pa\u00eds. Em busca de novos talentos para integrar suas equipes, a empresa oferece oportunidades em diferentes \u00e1reas, desde cargos operacionais at\u00e9 fun\u00e7\u00f5es estrat\u00e9gicas em suas lojas, centros de distribui\u00e7\u00e3o e escrit\u00f3rios.&nbsp;<\/p>\n\n\n\n<p>A iniciativa surge em um momento de crescimento cont\u00ednuo da marca, que vem expandindo sua presen\u00e7a em territ\u00f3rio nacional e apostando no fortalecimento de seus times para atender \u00e0 alta demanda.<\/p>\n\n\n\n<figure class=\"wp-block-image size-large\"><img loading=\"lazy\" decoding=\"async\" width=\"1024\" height=\"576\" src=\"https:\/\/www.vagadeempregorj.com.br\/wp-content\/uploads\/2024\/09\/image-4-1024x576.png\" alt=\"\" class=\"wp-image-40592\" srcset=\"https:\/\/www.vagadeempregorj.com.br\/wp-content\/uploads\/2024\/09\/image-4-1024x576.png 1024w, https:\/\/www.vagadeempregorj.com.br\/wp-content\/uploads\/2024\/09\/image-4-300x169.png 300w, https:\/\/www.vagadeempregorj.com.br\/wp-content\/uploads\/2024\/09\/image-4-768x432.png 768w, https:\/\/www.vagadeempregorj.com.br\/wp-content\/uploads\/2024\/09\/image-4-383x215.png 383w, https:\/\/www.vagadeempregorj.com.br\/wp-content\/uploads\/2024\/09\/image-4-150x84.png 150w, https:\/\/www.vagadeempregorj.com.br\/wp-content\/uploads\/2024\/09\/image-4.png 1280w\" sizes=\"auto, (max-width: 1024px) 100vw, 1024px\" \/><\/figure>\n\n\n\n<p>Com foco no desenvolvimento de seus colaboradores, a Renner se destaca por promover um ambiente de trabalho inclusivo e inovador, onde cada profissional tem a chance de evoluir na carreira. Se voc\u00ea est\u00e1 em busca de uma oportunidade de emprego e deseja trabalhar em uma empresa consolidada no mercado, esta pode ser a chance de alavancar sua trajet\u00f3ria profissional.<\/p>\n\n\n\n<h2 class=\"wp-block-heading\">Quais s\u00e3o as vagas de emprego abertas pela Renner?<\/h2>\n\n\n\n<p>As vagas de emprego na Renner s\u00e3o bastante diversificadas e contemplam uma variedade de perfis profissionais. As principais oportunidades est\u00e3o nas \u00e1reas de vendas, log\u00edstica, atendimento ao cliente, administra\u00e7\u00e3o e tecnologia da informa\u00e7\u00e3o. Entre as fun\u00e7\u00f5es mais procuradas, destacam-se:<\/p>\n\n\n\n<ul class=\"wp-block-list\">\n<li>Assistente de Vendas;<\/li>\n\n\n\n<li>Operador de Caixa;<\/li>\n\n\n\n<li>Estoquista;<\/li>\n\n\n\n<li>Supervisor de Loja;<\/li>\n\n\n\n<li>Gerente de Vendas;<\/li>\n\n\n\n<li>Analista de Log\u00edstica;<\/li>\n\n\n\n<li>Coordenador de TI;<\/li>\n\n\n\n<li>Assistente Administrativo.<\/li>\n<\/ul>\n\n\n\n<p>Al\u00e9m dessas posi\u00e7\u00f5es, a Renner tamb\u00e9m oferece oportunidades espec\u00edficas em seus centros de distribui\u00e7\u00e3o e \u00e1reas corporativas, com vagas em setores como marketing, recursos humanos, compras e financeiro.&nbsp;<\/p>\n\n\n\n<p>Para quem busca a primeira oportunidade no mercado, tamb\u00e9m h\u00e1 vagas para jovens aprendizes e est\u00e1gios, proporcionando uma excelente porta de entrada para o mundo do trabalho.<\/p>\n\n\n\n<p>A empresa valoriza a diversidade e a inclus\u00e3o, incentivando a candidatura de pessoas de diferentes perfis, como profissionais com defici\u00eancia, m\u00e3es e pais solo, al\u00e9m de talentos de diferentes faixas et\u00e1rias. Com esse compromisso, a Renner refor\u00e7a sua cultura de respeito e oportunidade para todos.<\/p>\n\n\n\n<h2 class=\"wp-block-heading\">Como se candidatar?<\/h2>\n\n\n\n<p>Se voc\u00ea est\u00e1 interessado em fazer parte do time da Renner, o processo de candidatura \u00e9 simples e direto. A empresa utiliza uma plataforma digital para gerenciar as inscri\u00e7\u00f5es e facilitar o acesso \u00e0s oportunidades. Para se candidatar, basta seguir estas orienta\u00e7\u00f5es:<\/p>\n\n\n\n<ul class=\"wp-block-list\">\n<li>Copie e cole o endere\u00e7o <strong>careers.renner.com<\/strong> em seu navegador.<\/li>\n\n\n\n<li>Ao acessar o site, voc\u00ea ver\u00e1 a lista completa de vagas dispon\u00edveis.<\/li>\n\n\n\n<li>Selecione a vaga de seu interesse e clique em &#8220;Candidatar-se&#8221;.<\/li>\n\n\n\n<li>Crie uma conta ou fa\u00e7a login, caso j\u00e1 tenha uma.<\/li>\n\n\n\n<li>Preencha o formul\u00e1rio com seus dados e anexe seu curr\u00edculo.<\/li>\n<\/ul>\n\n\n\n<p>Al\u00e9m do processo online, a Renner tamb\u00e9m aceita candidaturas em algumas de suas lojas f\u00edsicas, especialmente para cargos de vendas e atendimento ao cliente. No entanto, a recomenda\u00e7\u00e3o \u00e9 que o candidato d\u00ea prefer\u00eancia \u00e0 inscri\u00e7\u00e3o pelo site, onde as vagas s\u00e3o atualizadas constantemente, e h\u00e1 mais chances de acompanhar todo o processo seletivo.<\/p>\n\n\n\n<p>Se voc\u00ea est\u00e1 em busca de uma nova oportunidade no mercado de trabalho, vale a pena conferir as vagas abertas pela Renner e aproveitar essa chance de fazer parte de uma das maiores redes de varejo do pa\u00eds.<\/p>\n\n\n\n<p><strong>Veja tamb\u00e9m: <a href=\"https:\/\/www.vagadeempregorj.com.br\/fr\/leo-madeiras-149-novas-vagas-de-emprego-abertas-pelo-pais\/\">Leo Madeiras: 149 novas vagas de emprego abertas pelo pa\u00eds<\/a><\/strong><\/p>\n\n\n\n<p>5 de setembro de 2024<\/p>","protected":false},"excerpt":{"rendered":"<p>A Renner, uma das maiores redes de varejo de moda do Brasil, anunciou mais de 1000 vagas de emprego distribu\u00eddas por diversas regi\u00f5es do pa\u00eds. Em busca de novos talentos para integrar suas equipes, a empresa oferece oportunidades em diferentes \u00e1reas, desde cargos operacionais at\u00e9 fun\u00e7\u00f5es estrat\u00e9gicas em suas lojas, centros de distribui\u00e7\u00e3o e escrit\u00f3rios.&nbsp;&hellip;&nbsp;<\/p>","protected":false},"author":16,"featured_media":40592,"comment_status":"closed","ping_status":"closed","sticky":false,"template":"","format":"standard","meta":{"neve_meta_sidebar":"","neve_meta_container":"","neve_meta_enable_content_width":"","neve_meta_content_width":0,"neve_meta_title_alignment":"","neve_meta_author_avatar":"","neve_post_elements_order":"","neve_meta_disable_header":"","neve_meta_disable_footer":"","neve_meta_disable_title":"","footnotes":""},"categories":[123],"tags":[830,608],"class_list":["post-40584","post","type-post","status-publish","format-standard","has-post-thumbnail","hentry","category-vagas-de-emprego-nacionais","tag-empregos","tag-oportunidades"],"yoast_head":"<!-- This site is optimized with the Yoast SEO plugin v27.5 - https:\/\/yoast.com\/product\/yoast-seo-wordpress\/ -->\n<title>Renner: Mais de 1000 vagas de emprego abertas pelo pa\u00eds -<\/title>\n<meta name=\"description\" content=\"Veja em Vagas de Emprego RJ as vagas de emprego com e sem experi\u00eancia no seu Estado e Regi\u00e3o!\" \/>\n<meta name=\"robots\" content=\"index, follow, max-snippet:-1, max-image-preview:large, max-video-preview:-1\" \/>\n<link rel=\"canonical\" href=\"https:\/\/www.vagadeempregorj.com.br\/fr\/renner-mais-de-1000-vagas-de-emprego-abertas-pelo-pais\/\" \/>\n<meta property=\"og:locale\" content=\"fr_FR\" \/>\n<meta property=\"og:type\" content=\"article\" \/>\n<meta property=\"og:title\" content=\"Renner: Mais de 1000 vagas de emprego abertas pelo pa\u00eds -\" \/>\n<meta property=\"og:description\" content=\"Veja em Vagas de Emprego RJ as vagas de emprego com e sem experi\u00eancia no seu Estado e Regi\u00e3o!\" \/>\n<meta property=\"og:url\" content=\"https:\/\/www.vagadeempregorj.com.br\/fr\/renner-mais-de-1000-vagas-de-emprego-abertas-pelo-pais\/\" \/>\n<meta property=\"article:publisher\" content=\"https:\/\/www.facebook.com\/empregobrasiloficial\" \/>\n<meta property=\"article:published_time\" content=\"2024-09-05T23:01:29+00:00\" \/>\n<meta property=\"article:modified_time\" content=\"2024-09-05T23:01:30+00:00\" \/>\n<meta property=\"og:image\" content=\"https:\/\/www.vagadeempregorj.com.br\/wp-content\/uploads\/2024\/09\/image-4.png\" \/>\n\t<meta property=\"og:image:width\" content=\"1280\" \/>\n\t<meta property=\"og:image:height\" content=\"720\" \/>\n\t<meta property=\"og:image:type\" content=\"image\/png\" \/>\n<meta name=\"author\" content=\"Michele\" \/>\n<meta name=\"twitter:card\" content=\"summary_large_image\" \/>\n<meta name=\"twitter:label1\" content=\"\u00c9crit par\" \/>\n\t<meta name=\"twitter:data1\" content=\"Michele\" \/>\n\t<meta name=\"twitter:label2\" content=\"Dur\u00e9e de lecture estim\u00e9e\" \/>\n\t<meta name=\"twitter:data2\" content=\"3 minutes\" \/>\n<script type=\"application\/ld+json\" class=\"yoast-schema-graph\">{\"@context\":\"https:\\\/\\\/schema.org\",\"@graph\":[{\"@type\":\"Article\",\"@id\":\"https:\\\/\\\/www.vagadeempregorj.com.br\\\/renner-mais-de-1000-vagas-de-emprego-abertas-pelo-pais\\\/#article\",\"isPartOf\":{\"@id\":\"https:\\\/\\\/www.vagadeempregorj.com.br\\\/renner-mais-de-1000-vagas-de-emprego-abertas-pelo-pais\\\/\"},\"author\":{\"name\":\"Michele\",\"@id\":\"https:\\\/\\\/www.vagadeempregorj.com.br\\\/#\\\/schema\\\/person\\\/3ddb19fa0539706786e502152f3aae95\"},\"headline\":\"Renner: Mais de 1000 vagas de emprego abertas pelo pa\u00eds\",\"datePublished\":\"2024-09-05T23:01:29+00:00\",\"dateModified\":\"2024-09-05T23:01:30+00:00\",\"mainEntityOfPage\":{\"@id\":\"https:\\\/\\\/www.vagadeempregorj.com.br\\\/renner-mais-de-1000-vagas-de-emprego-abertas-pelo-pais\\\/\"},\"wordCount\":574,\"image\":{\"@id\":\"https:\\\/\\\/www.vagadeempregorj.com.br\\\/renner-mais-de-1000-vagas-de-emprego-abertas-pelo-pais\\\/#primaryimage\"},\"thumbnailUrl\":\"https:\\\/\\\/www.vagadeempregorj.com.br\\\/wp-content\\\/uploads\\\/2024\\\/09\\\/image-4.png\",\"keywords\":[\"empregos\",\"oportunidades\"],\"articleSection\":[\"Vagas de Emprego Nacionais\"],\"inLanguage\":\"fr-FR\"},{\"@type\":\"WebPage\",\"@id\":\"https:\\\/\\\/www.vagadeempregorj.com.br\\\/renner-mais-de-1000-vagas-de-emprego-abertas-pelo-pais\\\/\",\"url\":\"https:\\\/\\\/www.vagadeempregorj.com.br\\\/renner-mais-de-1000-vagas-de-emprego-abertas-pelo-pais\\\/\",\"name\":\"Renner: Mais de 1000 vagas de emprego abertas pelo pa\u00eds -\",\"isPartOf\":{\"@id\":\"https:\\\/\\\/www.vagadeempregorj.com.br\\\/#website\"},\"primaryImageOfPage\":{\"@id\":\"https:\\\/\\\/www.vagadeempregorj.com.br\\\/renner-mais-de-1000-vagas-de-emprego-abertas-pelo-pais\\\/#primaryimage\"},\"image\":{\"@id\":\"https:\\\/\\\/www.vagadeempregorj.com.br\\\/renner-mais-de-1000-vagas-de-emprego-abertas-pelo-pais\\\/#primaryimage\"},\"thumbnailUrl\":\"https:\\\/\\\/www.vagadeempregorj.com.br\\\/wp-content\\\/uploads\\\/2024\\\/09\\\/image-4.png\",\"datePublished\":\"2024-09-05T23:01:29+00:00\",\"dateModified\":\"2024-09-05T23:01:30+00:00\",\"author\":{\"@id\":\"https:\\\/\\\/www.vagadeempregorj.com.br\\\/#\\\/schema\\\/person\\\/3ddb19fa0539706786e502152f3aae95\"},\"description\":\"Veja em Vagas de Emprego RJ as vagas de emprego com e sem experi\u00eancia no seu Estado e Regi\u00e3o!\",\"breadcrumb\":{\"@id\":\"https:\\\/\\\/www.vagadeempregorj.com.br\\\/renner-mais-de-1000-vagas-de-emprego-abertas-pelo-pais\\\/#breadcrumb\"},\"inLanguage\":\"fr-FR\",\"potentialAction\":[{\"@type\":\"ReadAction\",\"target\":[\"https:\\\/\\\/www.vagadeempregorj.com.br\\\/renner-mais-de-1000-vagas-de-emprego-abertas-pelo-pais\\\/\"]}]},{\"@type\":\"ImageObject\",\"inLanguage\":\"fr-FR\",\"@id\":\"https:\\\/\\\/www.vagadeempregorj.com.br\\\/renner-mais-de-1000-vagas-de-emprego-abertas-pelo-pais\\\/#primaryimage\",\"url\":\"https:\\\/\\\/www.vagadeempregorj.com.br\\\/wp-content\\\/uploads\\\/2024\\\/09\\\/image-4.png\",\"contentUrl\":\"https:\\\/\\\/www.vagadeempregorj.com.br\\\/wp-content\\\/uploads\\\/2024\\\/09\\\/image-4.png\",\"width\":1280,\"height\":720},{\"@type\":\"BreadcrumbList\",\"@id\":\"https:\\\/\\\/www.vagadeempregorj.com.br\\\/renner-mais-de-1000-vagas-de-emprego-abertas-pelo-pais\\\/#breadcrumb\",\"itemListElement\":[{\"@type\":\"ListItem\",\"position\":1,\"name\":\"In\u00edcio\",\"item\":\"https:\\\/\\\/www.vagadeempregorj.com.br\\\/\"},{\"@type\":\"ListItem\",\"position\":2,\"name\":\"Vagas de Emprego Nacionais\",\"item\":\"https:\\\/\\\/www.vagadeempregorj.com.br\\\/vagas-de-emprego-nacionais\\\/\"},{\"@type\":\"ListItem\",\"position\":3,\"name\":\"Renner: Mais de 1000 vagas de emprego abertas pelo pa\u00eds\"}]},{\"@type\":\"WebSite\",\"@id\":\"https:\\\/\\\/www.vagadeempregorj.com.br\\\/#website\",\"url\":\"https:\\\/\\\/www.vagadeempregorj.com.br\\\/\",\"name\":\"\",\"description\":\"Conquiste Sonhos: Vagas, Benef\u00edcios e Economia para Transformar Vidas e Alcan\u00e7ar Melhorias Cotidianas\",\"potentialAction\":[{\"@type\":\"SearchAction\",\"target\":{\"@type\":\"EntryPoint\",\"urlTemplate\":\"https:\\\/\\\/www.vagadeempregorj.com.br\\\/?s={search_term_string}\"},\"query-input\":{\"@type\":\"PropertyValueSpecification\",\"valueRequired\":true,\"valueName\":\"search_term_string\"}}],\"inLanguage\":\"fr-FR\"},{\"@type\":\"Person\",\"@id\":\"https:\\\/\\\/www.vagadeempregorj.com.br\\\/#\\\/schema\\\/person\\\/3ddb19fa0539706786e502152f3aae95\",\"name\":\"Michele\",\"image\":{\"@type\":\"ImageObject\",\"inLanguage\":\"fr-FR\",\"@id\":\"https:\\\/\\\/secure.gravatar.com\\\/avatar\\\/6b0eb9d22841282815e2cd856a0061c45e1761cd54b22e952d98c4746939aa85?s=96&r=g\",\"url\":\"https:\\\/\\\/secure.gravatar.com\\\/avatar\\\/6b0eb9d22841282815e2cd856a0061c45e1761cd54b22e952d98c4746939aa85?s=96&r=g\",\"contentUrl\":\"https:\\\/\\\/secure.gravatar.com\\\/avatar\\\/6b0eb9d22841282815e2cd856a0061c45e1761cd54b22e952d98c4746939aa85?s=96&r=g\",\"caption\":\"Michele\"},\"description\":\"Formada em Letras - Portugu\u00eas\\\/ Ingl\u00eas, e idealizadora do site Escritora de Sucesso, busca expandir o conhecimento de todos com informa\u00e7\u00f5es relevantes sobre diversos assuntos, enquanto redatora. No Vaga de Emprego RJ, traz oportunidades e dicas sobre o mercado de trabalho.\",\"url\":\"https:\\\/\\\/www.vagadeempregorj.com.br\\\/fr\\\/author\\\/michele\\\/\"}]}<\/script>\n<!-- \/ Yoast SEO plugin. -->","yoast_head_json":{"title":"Renner: Mais de 1000 vagas de emprego abertas pelo pa\u00eds -","description":"Veja em Vagas de Emprego RJ as vagas de emprego com e sem experi\u00eancia no seu Estado e Regi\u00e3o!","robots":{"index":"index","follow":"follow","max-snippet":"max-snippet:-1","max-image-preview":"max-image-preview:large","max-video-preview":"max-video-preview:-1"},"canonical":"https:\/\/www.vagadeempregorj.com.br\/fr\/renner-mais-de-1000-vagas-de-emprego-abertas-pelo-pais\/","og_locale":"fr_FR","og_type":"article","og_title":"Renner: Mais de 1000 vagas de emprego abertas pelo pa\u00eds -","og_description":"Veja em Vagas de Emprego RJ as vagas de emprego com e sem experi\u00eancia no seu Estado e Regi\u00e3o!","og_url":"https:\/\/www.vagadeempregorj.com.br\/fr\/renner-mais-de-1000-vagas-de-emprego-abertas-pelo-pais\/","article_publisher":"https:\/\/www.facebook.com\/empregobrasiloficial","article_published_time":"2024-09-05T23:01:29+00:00","article_modified_time":"2024-09-05T23:01:30+00:00","og_image":[{"width":1280,"height":720,"url":"https:\/\/www.vagadeempregorj.com.br\/wp-content\/uploads\/2024\/09\/image-4.png","type":"image\/png"}],"author":"Michele","twitter_card":"summary_large_image","twitter_misc":{"\u00c9crit par":"Michele","Dur\u00e9e de lecture estim\u00e9e":"3 minutes"},"schema":{"@context":"https:\/\/schema.org","@graph":[{"@type":"Article","@id":"https:\/\/www.vagadeempregorj.com.br\/renner-mais-de-1000-vagas-de-emprego-abertas-pelo-pais\/#article","isPartOf":{"@id":"https:\/\/www.vagadeempregorj.com.br\/renner-mais-de-1000-vagas-de-emprego-abertas-pelo-pais\/"},"author":{"name":"Michele","@id":"https:\/\/www.vagadeempregorj.com.br\/#\/schema\/person\/3ddb19fa0539706786e502152f3aae95"},"headline":"Renner: Mais de 1000 vagas de emprego abertas pelo pa\u00eds","datePublished":"2024-09-05T23:01:29+00:00","dateModified":"2024-09-05T23:01:30+00:00","mainEntityOfPage":{"@id":"https:\/\/www.vagadeempregorj.com.br\/renner-mais-de-1000-vagas-de-emprego-abertas-pelo-pais\/"},"wordCount":574,"image":{"@id":"https:\/\/www.vagadeempregorj.com.br\/renner-mais-de-1000-vagas-de-emprego-abertas-pelo-pais\/#primaryimage"},"thumbnailUrl":"https:\/\/www.vagadeempregorj.com.br\/wp-content\/uploads\/2024\/09\/image-4.png","keywords":["empregos","oportunidades"],"articleSection":["Vagas de Emprego Nacionais"],"inLanguage":"fr-FR"},{"@type":"WebPage","@id":"https:\/\/www.vagadeempregorj.com.br\/renner-mais-de-1000-vagas-de-emprego-abertas-pelo-pais\/","url":"https:\/\/www.vagadeempregorj.com.br\/renner-mais-de-1000-vagas-de-emprego-abertas-pelo-pais\/","name":"Renner: Mais de 1000 vagas de emprego abertas pelo pa\u00eds -","isPartOf":{"@id":"https:\/\/www.vagadeempregorj.com.br\/#website"},"primaryImageOfPage":{"@id":"https:\/\/www.vagadeempregorj.com.br\/renner-mais-de-1000-vagas-de-emprego-abertas-pelo-pais\/#primaryimage"},"image":{"@id":"https:\/\/www.vagadeempregorj.com.br\/renner-mais-de-1000-vagas-de-emprego-abertas-pelo-pais\/#primaryimage"},"thumbnailUrl":"https:\/\/www.vagadeempregorj.com.br\/wp-content\/uploads\/2024\/09\/image-4.png","datePublished":"2024-09-05T23:01:29+00:00","dateModified":"2024-09-05T23:01:30+00:00","author":{"@id":"https:\/\/www.vagadeempregorj.com.br\/#\/schema\/person\/3ddb19fa0539706786e502152f3aae95"},"description":"Veja em Vagas de Emprego RJ as vagas de emprego com e sem experi\u00eancia no seu Estado e Regi\u00e3o!","breadcrumb":{"@id":"https:\/\/www.vagadeempregorj.com.br\/renner-mais-de-1000-vagas-de-emprego-abertas-pelo-pais\/#breadcrumb"},"inLanguage":"fr-FR","potentialAction":[{"@type":"ReadAction","target":["https:\/\/www.vagadeempregorj.com.br\/renner-mais-de-1000-vagas-de-emprego-abertas-pelo-pais\/"]}]},{"@type":"ImageObject","inLanguage":"fr-FR","@id":"https:\/\/www.vagadeempregorj.com.br\/renner-mais-de-1000-vagas-de-emprego-abertas-pelo-pais\/#primaryimage","url":"https:\/\/www.vagadeempregorj.com.br\/wp-content\/uploads\/2024\/09\/image-4.png","contentUrl":"https:\/\/www.vagadeempregorj.com.br\/wp-content\/uploads\/2024\/09\/image-4.png","width":1280,"height":720},{"@type":"BreadcrumbList","@id":"https:\/\/www.vagadeempregorj.com.br\/renner-mais-de-1000-vagas-de-emprego-abertas-pelo-pais\/#breadcrumb","itemListElement":[{"@type":"ListItem","position":1,"name":"In\u00edcio","item":"https:\/\/www.vagadeempregorj.com.br\/"},{"@type":"ListItem","position":2,"name":"Vagas de Emprego Nacionais","item":"https:\/\/www.vagadeempregorj.com.br\/vagas-de-emprego-nacionais\/"},{"@type":"ListItem","position":3,"name":"Renner: Mais de 1000 vagas de emprego abertas pelo pa\u00eds"}]},{"@type":"WebSite","@id":"https:\/\/www.vagadeempregorj.com.br\/#website","url":"https:\/\/www.vagadeempregorj.com.br\/","name":"","description":"Conquiste Sonhos: Vagas, Benef\u00edcios e Economia para Transformar Vidas e Alcan\u00e7ar Melhorias Cotidianas","potentialAction":[{"@type":"SearchAction","target":{"@type":"EntryPoint","urlTemplate":"https:\/\/www.vagadeempregorj.com.br\/?s={search_term_string}"},"query-input":{"@type":"PropertyValueSpecification","valueRequired":true,"valueName":"search_term_string"}}],"inLanguage":"fr-FR"},{"@type":"Person","@id":"https:\/\/www.vagadeempregorj.com.br\/#\/schema\/person\/3ddb19fa0539706786e502152f3aae95","name":"Michele","image":{"@type":"ImageObject","inLanguage":"fr-FR","@id":"https:\/\/secure.gravatar.com\/avatar\/6b0eb9d22841282815e2cd856a0061c45e1761cd54b22e952d98c4746939aa85?s=96&r=g","url":"https:\/\/secure.gravatar.com\/avatar\/6b0eb9d22841282815e2cd856a0061c45e1761cd54b22e952d98c4746939aa85?s=96&r=g","contentUrl":"https:\/\/secure.gravatar.com\/avatar\/6b0eb9d22841282815e2cd856a0061c45e1761cd54b22e952d98c4746939aa85?s=96&r=g","caption":"Michele"},"description":"Formada em Letras - Portugu\u00eas\/ Ingl\u00eas, e idealizadora do site Escritora de Sucesso, busca expandir o conhecimento de todos com informa\u00e7\u00f5es relevantes sobre diversos assuntos, enquanto redatora. No Vaga de Emprego RJ, traz oportunidades e dicas sobre o mercado de trabalho.","url":"https:\/\/www.vagadeempregorj.com.br\/fr\/author\/michele\/"}]}},"_links":{"self":[{"href":"https:\/\/www.vagadeempregorj.com.br\/fr\/wp-json\/wp\/v2\/posts\/40584","targetHints":{"allow":["GET"]}}],"collection":[{"href":"https:\/\/www.vagadeempregorj.com.br\/fr\/wp-json\/wp\/v2\/posts"}],"about":[{"href":"https:\/\/www.vagadeempregorj.com.br\/fr\/wp-json\/wp\/v2\/types\/post"}],"author":[{"embeddable":true,"href":"https:\/\/www.vagadeempregorj.com.br\/fr\/wp-json\/wp\/v2\/users\/16"}],"replies":[{"embeddable":true,"href":"https:\/\/www.vagadeempregorj.com.br\/fr\/wp-json\/wp\/v2\/comments?post=40584"}],"version-history":[{"count":0,"href":"https:\/\/www.vagadeempregorj.com.br\/fr\/wp-json\/wp\/v2\/posts\/40584\/revisions"}],"wp:featuredmedia":[{"embeddable":true,"href":"https:\/\/www.vagadeempregorj.com.br\/fr\/wp-json\/wp\/v2\/media\/40592"}],"wp:attachment":[{"href":"https:\/\/www.vagadeempregorj.com.br\/fr\/wp-json\/wp\/v2\/media?parent=40584"}],"wp:term":[{"taxonomy":"category","embeddable":true,"href":"https:\/\/www.vagadeempregorj.com.br\/fr\/wp-json\/wp\/v2\/categories?post=40584"},{"taxonomy":"post_tag","embeddable":true,"href":"https:\/\/www.vagadeempregorj.com.br\/fr\/wp-json\/wp\/v2\/tags?post=40584"}],"curies":[{"name":"wp","href":"https:\/\/api.w.org\/{rel}","templated":true}]}}