{"id":40586,"date":"2024-09-06T06:00:00","date_gmt":"2024-09-06T09:00:00","guid":{"rendered":"https:\/\/www.vagadeempregorj.com.br\/?p=40586"},"modified":"2024-09-05T20:03:13","modified_gmt":"2024-09-05T23:03:13","slug":"assai-atacadista-mais-de-1000-vagas-de-emprego-abertas-pelo-pais","status":"publish","type":"post","link":"https:\/\/www.vagadeempregorj.com.br\/fr\/assai-atacadista-mais-de-1000-vagas-de-emprego-abertas-pelo-pais\/","title":{"rendered":"Assa\u00ed Atacadista: Mais de 1000 vagas de emprego abertas pelo pa\u00eds"},"content":{"rendered":"<p>O <strong>Assa\u00ed Atacadista<\/strong>, uma das maiores redes de atacado no Brasil, est\u00e1 com mais de 1000 vagas de emprego abertas em diversas regi\u00f5es do pa\u00eds. A rede, que vem crescendo de forma expressiva nos \u00faltimos anos, busca preencher posi\u00e7\u00f5es em v\u00e1rias \u00e1reas, desde o atendimento ao cliente at\u00e9 fun\u00e7\u00f5es administrativas. Com mais de 260 lojas espalhadas por todo o Brasil, o Assa\u00ed Atacadista oferece oportunidades para quem deseja construir uma carreira s\u00f3lida no setor de varejo e atacado.<\/p>\n\n\n\n<figure class=\"wp-block-image size-large\"><img loading=\"lazy\" decoding=\"async\" width=\"1024\" height=\"496\" src=\"https:\/\/www.vagadeempregorj.com.br\/wp-content\/uploads\/2024\/09\/image-5-1024x496.png\" alt=\"\" class=\"wp-image-40594\" srcset=\"https:\/\/www.vagadeempregorj.com.br\/wp-content\/uploads\/2024\/09\/image-5-1024x496.png 1024w, https:\/\/www.vagadeempregorj.com.br\/wp-content\/uploads\/2024\/09\/image-5-300x145.png 300w, https:\/\/www.vagadeempregorj.com.br\/wp-content\/uploads\/2024\/09\/image-5-768x372.png 768w, https:\/\/www.vagadeempregorj.com.br\/wp-content\/uploads\/2024\/09\/image-5-150x73.png 150w, https:\/\/www.vagadeempregorj.com.br\/wp-content\/uploads\/2024\/09\/image-5.png 1300w\" sizes=\"auto, (max-width: 1024px) 100vw, 1024px\" \/><\/figure>\n\n\n\n<h2 class=\"wp-block-heading\">Quais s\u00e3o as vagas de emprego abertas pela Assa\u00ed Atacadista?<\/h2>\n\n\n\n<p>O Assa\u00ed Atacadista oferece vagas para diversas \u00e1reas e fun\u00e7\u00f5es, tanto em suas lojas quanto nos centros de distribui\u00e7\u00e3o e no setor administrativo. As vagas s\u00e3o para diferentes n\u00edveis de escolaridade, o que permite que pessoas com variados perfis e experi\u00eancias possam concorrer. A seguir, uma vis\u00e3o geral das oportunidades dispon\u00edveis:<\/p>\n\n\n\n<h3 class=\"wp-block-heading\">Operador de Caixa<\/h3>\n\n\n\n<p>Uma das fun\u00e7\u00f5es mais procuradas dentro do Assa\u00ed \u00e9 o cargo de operador de caixa. Essa posi\u00e7\u00e3o \u00e9 respons\u00e1vel por atender os clientes no momento do pagamento, garantindo um servi\u00e7o r\u00e1pido e eficiente. Al\u00e9m disso, o operador de caixa precisa estar preparado para lidar com grandes volumes de compras, caracter\u00edstica do atacado.<\/p>\n\n\n\n<h3 class=\"wp-block-heading\">Repositor de Mercadorias<\/h3>\n\n\n\n<p>Outra fun\u00e7\u00e3o fundamental \u00e9 a de repositor. Esse profissional atua na organiza\u00e7\u00e3o e reposi\u00e7\u00e3o de produtos nas prateleiras, garantindo que os clientes encontrem os itens desejados com facilidade. O repositor tamb\u00e9m monitora a validade dos produtos e a disposi\u00e7\u00e3o adequada dos itens nas g\u00f4ndolas.<\/p>\n\n\n\n<h3 class=\"wp-block-heading\">Atendente de Loja<\/h3>\n\n\n\n<p>O atendente de loja desempenha um papel essencial no atendimento direto aos clientes. Esse profissional \u00e9 respons\u00e1vel por tirar d\u00favidas, oferecer assist\u00eancia na escolha de produtos e manter o bom funcionamento do espa\u00e7o de vendas. O atendimento ao cliente \u00e9 um dos pilares do sucesso do Assa\u00ed, e o atendente de loja tem um papel crucial nesse processo.<\/p>\n\n\n\n<h3 class=\"wp-block-heading\">Vagas Administrativas<\/h3>\n\n\n\n<p>Al\u00e9m das oportunidades operacionais, o Assa\u00ed Atacadista oferece diversas vagas em \u00e1reas administrativas. Entre elas est\u00e3o as fun\u00e7\u00f5es de analista de recursos humanos, financeiro, log\u00edstica e marketing. Esses profissionais trabalham nos bastidores, garantindo o bom funcionamento da empresa e o suporte necess\u00e1rio para as lojas e os centros de distribui\u00e7\u00e3o.<\/p>\n\n\n\n<h3 class=\"wp-block-heading\">Auxiliar de Limpeza<\/h3>\n\n\n\n<p>O auxiliar de limpeza tamb\u00e9m \u00e9 uma pe\u00e7a-chave no dia a dia das lojas do Assa\u00ed Atacadista. Respons\u00e1vel pela higieniza\u00e7\u00e3o dos ambientes, esse profissional garante um espa\u00e7o agrad\u00e1vel e seguro tanto para os clientes quanto para os funcion\u00e1rios.<\/p>\n\n\n\n<h3 class=\"wp-block-heading\">T\u00e9cnico em Manuten\u00e7\u00e3o<\/h3>\n\n\n\n<p>Em um setor que opera com grandes estruturas, a manuten\u00e7\u00e3o \u00e9 essencial. O t\u00e9cnico em manuten\u00e7\u00e3o cuida da opera\u00e7\u00e3o e manuten\u00e7\u00e3o de equipamentos e sistemas de refrigera\u00e7\u00e3o, garantindo que tudo esteja funcionando perfeitamente, evitando preju\u00edzos e perdas.<\/p>\n\n\n\n<h3 class=\"wp-block-heading\">Vagas para Jovem Aprendiz<\/h3>\n\n\n\n<p>O Assa\u00ed tamb\u00e9m conta com vagas para jovens que est\u00e3o em busca do primeiro emprego. O programa Jovem Aprendiz \u00e9 uma excelente oportunidade para quem deseja entrar no mercado de trabalho, adquirir experi\u00eancia e aprender sobre a rotina de uma grande empresa. As vagas para aprendizes s\u00e3o voltadas para pessoas de 14 a 24 anos, e o Assa\u00ed oferece todo o suporte necess\u00e1rio para o desenvolvimento profissional desses jovens.<\/p>\n\n\n\n<h3 class=\"wp-block-heading\">Outras oportunidades<\/h3>\n\n\n\n<p>Al\u00e9m das fun\u00e7\u00f5es citadas, o Assa\u00ed Atacadista tamb\u00e9m busca por profissionais especializados em log\u00edstica, tecnologia da informa\u00e7\u00e3o, marketing e expans\u00e3o de novos neg\u00f3cios. As vagas variam conforme a regi\u00e3o e as necessidades espec\u00edficas de cada unidade, o que aumenta as chances de encontrar uma posi\u00e7\u00e3o adequada ao seu perfil.<\/p>\n\n\n\n<h2 class=\"wp-block-heading\">Como se candidatar?<\/h2>\n\n\n\n<p>Se voc\u00ea se interessou por alguma das vagas mencionadas e deseja fazer parte do time do Assa\u00ed Atacadista, o processo de candidatura \u00e9 simples e pr\u00e1tico. A empresa disponibiliza um portal espec\u00edfico onde os candidatos podem acessar as oportunidades, enviar seus curr\u00edculos e acompanhar o andamento do processo seletivo.<\/p>\n\n\n\n<p>Para se candidatar, siga estas etapas:<\/p>\n\n\n\n<ul class=\"wp-block-list\">\n<li>Copie e cole o seguinte endere\u00e7o em seu navegador: <strong>trabalheconosco.assai.com.br<\/strong>.<\/li>\n\n\n\n<li>No site, voc\u00ea encontrar\u00e1 todas as vagas abertas. Use os filtros para buscar por regi\u00e3o, cargo ou \u00e1rea de interesse.<\/li>\n\n\n\n<li>Clique na vaga desejada para visualizar os detalhes, como as exig\u00eancias do cargo, benef\u00edcios e o local de trabalho.<\/li>\n\n\n\n<li>Caso o seu perfil se encaixe nas exig\u00eancias da vaga, clique em &#8220;Candidatar-se&#8221; e siga as instru\u00e7\u00f5es para enviar seu curr\u00edculo.<\/li>\n<\/ul>\n\n\n\n<p>\u00c9 importante destacar que o Assa\u00ed valoriza a diversidade em seu quadro de colaboradores, e incentiva a candidatura de pessoas de diferentes idades, g\u00eaneros, ra\u00e7as e orienta\u00e7\u00f5es. Al\u00e9m disso, a empresa oferece benef\u00edcios como plano de sa\u00fade, vale-transporte, vale-refei\u00e7\u00e3o, e oportunidades de crescimento profissional.<\/p>\n\n\n\n<p>Para quem est\u00e1 em busca de uma recoloca\u00e7\u00e3o no mercado de trabalho ou deseja ingressar em uma grande empresa, o <strong>Assa\u00ed Atacadista<\/strong> oferece diversas oportunidades para todos os n\u00edveis de escolaridade e experi\u00eancia. N\u00e3o perca a chance de fazer parte dessa equipe que est\u00e1 em constante crescimento.<\/p>\n\n\n\n<p><strong>Veja tamb\u00e9m: <a href=\"https:\/\/www.vagadeempregorj.com.br\/fr\/leo-madeiras-149-novas-vagas-de-emprego-abertas-pelo-pais\/\">Leo Madeiras: 149 novas vagas de emprego abertas pelo pa\u00eds<\/a><\/strong><\/p>\n\n\n\n<p>6 de setembro de 2024<\/p>","protected":false},"excerpt":{"rendered":"<p>O Assa\u00ed Atacadista, uma das maiores redes de atacado no Brasil, est\u00e1 com mais de 1000 vagas de emprego abertas em diversas regi\u00f5es do pa\u00eds. A rede, que vem crescendo de forma expressiva nos \u00faltimos anos, busca preencher posi\u00e7\u00f5es em v\u00e1rias \u00e1reas, desde o atendimento ao cliente at\u00e9 fun\u00e7\u00f5es administrativas. Com mais de 260 lojas&hellip;&nbsp;<\/p>","protected":false},"author":16,"featured_media":40594,"comment_status":"closed","ping_status":"closed","sticky":false,"template":"","format":"standard","meta":{"neve_meta_sidebar":"","neve_meta_container":"","neve_meta_enable_content_width":"","neve_meta_content_width":0,"neve_meta_title_alignment":"","neve_meta_author_avatar":"","neve_post_elements_order":"","neve_meta_disable_header":"","neve_meta_disable_footer":"","neve_meta_disable_title":"","footnotes":""},"categories":[123],"tags":[830,608],"class_list":["post-40586","post","type-post","status-publish","format-standard","has-post-thumbnail","hentry","category-vagas-de-emprego-nacionais","tag-empregos","tag-oportunidades"],"yoast_head":"<!-- This site is optimized with the Yoast SEO plugin v27.5 - https:\/\/yoast.com\/product\/yoast-seo-wordpress\/ -->\n<title>Assa\u00ed Atacadista: Mais de 1000 vagas de emprego abertas pelo pa\u00eds -<\/title>\n<meta name=\"description\" content=\"Veja em Vagas de Emprego RJ as vagas de emprego com e sem experi\u00eancia no seu Estado e Regi\u00e3o!\" \/>\n<meta name=\"robots\" content=\"index, follow, max-snippet:-1, max-image-preview:large, max-video-preview:-1\" \/>\n<link rel=\"canonical\" href=\"https:\/\/www.vagadeempregorj.com.br\/fr\/assai-atacadista-mais-de-1000-vagas-de-emprego-abertas-pelo-pais\/\" \/>\n<meta property=\"og:locale\" content=\"fr_FR\" \/>\n<meta property=\"og:type\" content=\"article\" \/>\n<meta property=\"og:title\" content=\"Assa\u00ed Atacadista: Mais de 1000 vagas de emprego abertas pelo pa\u00eds -\" \/>\n<meta property=\"og:description\" content=\"Veja em Vagas de Emprego RJ as vagas de emprego com e sem experi\u00eancia no seu Estado e Regi\u00e3o!\" \/>\n<meta property=\"og:url\" content=\"https:\/\/www.vagadeempregorj.com.br\/fr\/assai-atacadista-mais-de-1000-vagas-de-emprego-abertas-pelo-pais\/\" \/>\n<meta property=\"article:publisher\" content=\"https:\/\/www.facebook.com\/empregobrasiloficial\" \/>\n<meta property=\"article:published_time\" content=\"2024-09-06T09:00:00+00:00\" \/>\n<meta property=\"og:image\" content=\"https:\/\/www.vagadeempregorj.com.br\/wp-content\/uploads\/2024\/09\/image-5.png\" \/>\n\t<meta property=\"og:image:width\" content=\"1300\" \/>\n\t<meta property=\"og:image:height\" content=\"630\" \/>\n\t<meta property=\"og:image:type\" content=\"image\/png\" \/>\n<meta name=\"author\" content=\"Michele\" \/>\n<meta name=\"twitter:card\" content=\"summary_large_image\" \/>\n<meta name=\"twitter:label1\" content=\"\u00c9crit par\" \/>\n\t<meta name=\"twitter:data1\" content=\"Michele\" \/>\n\t<meta name=\"twitter:label2\" content=\"Dur\u00e9e de lecture estim\u00e9e\" \/>\n\t<meta name=\"twitter:data2\" content=\"4 minutes\" \/>\n<script type=\"application\/ld+json\" class=\"yoast-schema-graph\">{\"@context\":\"https:\\\/\\\/schema.org\",\"@graph\":[{\"@type\":\"Article\",\"@id\":\"https:\\\/\\\/www.vagadeempregorj.com.br\\\/assai-atacadista-mais-de-1000-vagas-de-emprego-abertas-pelo-pais\\\/#article\",\"isPartOf\":{\"@id\":\"https:\\\/\\\/www.vagadeempregorj.com.br\\\/assai-atacadista-mais-de-1000-vagas-de-emprego-abertas-pelo-pais\\\/\"},\"author\":{\"name\":\"Michele\",\"@id\":\"https:\\\/\\\/www.vagadeempregorj.com.br\\\/#\\\/schema\\\/person\\\/3ddb19fa0539706786e502152f3aae95\"},\"headline\":\"Assa\u00ed Atacadista: Mais de 1000 vagas de emprego abertas pelo pa\u00eds\",\"datePublished\":\"2024-09-06T09:00:00+00:00\",\"mainEntityOfPage\":{\"@id\":\"https:\\\/\\\/www.vagadeempregorj.com.br\\\/assai-atacadista-mais-de-1000-vagas-de-emprego-abertas-pelo-pais\\\/\"},\"wordCount\":883,\"image\":{\"@id\":\"https:\\\/\\\/www.vagadeempregorj.com.br\\\/assai-atacadista-mais-de-1000-vagas-de-emprego-abertas-pelo-pais\\\/#primaryimage\"},\"thumbnailUrl\":\"https:\\\/\\\/www.vagadeempregorj.com.br\\\/wp-content\\\/uploads\\\/2024\\\/09\\\/image-5.png\",\"keywords\":[\"empregos\",\"oportunidades\"],\"articleSection\":[\"Vagas de Emprego Nacionais\"],\"inLanguage\":\"fr-FR\"},{\"@type\":\"WebPage\",\"@id\":\"https:\\\/\\\/www.vagadeempregorj.com.br\\\/assai-atacadista-mais-de-1000-vagas-de-emprego-abertas-pelo-pais\\\/\",\"url\":\"https:\\\/\\\/www.vagadeempregorj.com.br\\\/assai-atacadista-mais-de-1000-vagas-de-emprego-abertas-pelo-pais\\\/\",\"name\":\"Assa\u00ed Atacadista: Mais de 1000 vagas de emprego abertas pelo pa\u00eds -\",\"isPartOf\":{\"@id\":\"https:\\\/\\\/www.vagadeempregorj.com.br\\\/#website\"},\"primaryImageOfPage\":{\"@id\":\"https:\\\/\\\/www.vagadeempregorj.com.br\\\/assai-atacadista-mais-de-1000-vagas-de-emprego-abertas-pelo-pais\\\/#primaryimage\"},\"image\":{\"@id\":\"https:\\\/\\\/www.vagadeempregorj.com.br\\\/assai-atacadista-mais-de-1000-vagas-de-emprego-abertas-pelo-pais\\\/#primaryimage\"},\"thumbnailUrl\":\"https:\\\/\\\/www.vagadeempregorj.com.br\\\/wp-content\\\/uploads\\\/2024\\\/09\\\/image-5.png\",\"datePublished\":\"2024-09-06T09:00:00+00:00\",\"author\":{\"@id\":\"https:\\\/\\\/www.vagadeempregorj.com.br\\\/#\\\/schema\\\/person\\\/3ddb19fa0539706786e502152f3aae95\"},\"description\":\"Veja em Vagas de Emprego RJ as vagas de emprego com e sem experi\u00eancia no seu Estado e Regi\u00e3o!\",\"breadcrumb\":{\"@id\":\"https:\\\/\\\/www.vagadeempregorj.com.br\\\/assai-atacadista-mais-de-1000-vagas-de-emprego-abertas-pelo-pais\\\/#breadcrumb\"},\"inLanguage\":\"fr-FR\",\"potentialAction\":[{\"@type\":\"ReadAction\",\"target\":[\"https:\\\/\\\/www.vagadeempregorj.com.br\\\/assai-atacadista-mais-de-1000-vagas-de-emprego-abertas-pelo-pais\\\/\"]}]},{\"@type\":\"ImageObject\",\"inLanguage\":\"fr-FR\",\"@id\":\"https:\\\/\\\/www.vagadeempregorj.com.br\\\/assai-atacadista-mais-de-1000-vagas-de-emprego-abertas-pelo-pais\\\/#primaryimage\",\"url\":\"https:\\\/\\\/www.vagadeempregorj.com.br\\\/wp-content\\\/uploads\\\/2024\\\/09\\\/image-5.png\",\"contentUrl\":\"https:\\\/\\\/www.vagadeempregorj.com.br\\\/wp-content\\\/uploads\\\/2024\\\/09\\\/image-5.png\",\"width\":1300,\"height\":630},{\"@type\":\"BreadcrumbList\",\"@id\":\"https:\\\/\\\/www.vagadeempregorj.com.br\\\/assai-atacadista-mais-de-1000-vagas-de-emprego-abertas-pelo-pais\\\/#breadcrumb\",\"itemListElement\":[{\"@type\":\"ListItem\",\"position\":1,\"name\":\"In\u00edcio\",\"item\":\"https:\\\/\\\/www.vagadeempregorj.com.br\\\/\"},{\"@type\":\"ListItem\",\"position\":2,\"name\":\"Vagas de Emprego Nacionais\",\"item\":\"https:\\\/\\\/www.vagadeempregorj.com.br\\\/vagas-de-emprego-nacionais\\\/\"},{\"@type\":\"ListItem\",\"position\":3,\"name\":\"Assa\u00ed Atacadista: Mais de 1000 vagas de emprego abertas pelo pa\u00eds\"}]},{\"@type\":\"WebSite\",\"@id\":\"https:\\\/\\\/www.vagadeempregorj.com.br\\\/#website\",\"url\":\"https:\\\/\\\/www.vagadeempregorj.com.br\\\/\",\"name\":\"\",\"description\":\"Conquiste Sonhos: Vagas, Benef\u00edcios e Economia para Transformar Vidas e Alcan\u00e7ar Melhorias Cotidianas\",\"potentialAction\":[{\"@type\":\"SearchAction\",\"target\":{\"@type\":\"EntryPoint\",\"urlTemplate\":\"https:\\\/\\\/www.vagadeempregorj.com.br\\\/?s={search_term_string}\"},\"query-input\":{\"@type\":\"PropertyValueSpecification\",\"valueRequired\":true,\"valueName\":\"search_term_string\"}}],\"inLanguage\":\"fr-FR\"},{\"@type\":\"Person\",\"@id\":\"https:\\\/\\\/www.vagadeempregorj.com.br\\\/#\\\/schema\\\/person\\\/3ddb19fa0539706786e502152f3aae95\",\"name\":\"Michele\",\"image\":{\"@type\":\"ImageObject\",\"inLanguage\":\"fr-FR\",\"@id\":\"https:\\\/\\\/secure.gravatar.com\\\/avatar\\\/6b0eb9d22841282815e2cd856a0061c45e1761cd54b22e952d98c4746939aa85?s=96&r=g\",\"url\":\"https:\\\/\\\/secure.gravatar.com\\\/avatar\\\/6b0eb9d22841282815e2cd856a0061c45e1761cd54b22e952d98c4746939aa85?s=96&r=g\",\"contentUrl\":\"https:\\\/\\\/secure.gravatar.com\\\/avatar\\\/6b0eb9d22841282815e2cd856a0061c45e1761cd54b22e952d98c4746939aa85?s=96&r=g\",\"caption\":\"Michele\"},\"description\":\"Formada em Letras - Portugu\u00eas\\\/ Ingl\u00eas, e idealizadora do site Escritora de Sucesso, busca expandir o conhecimento de todos com informa\u00e7\u00f5es relevantes sobre diversos assuntos, enquanto redatora. No Vaga de Emprego RJ, traz oportunidades e dicas sobre o mercado de trabalho.\",\"url\":\"https:\\\/\\\/www.vagadeempregorj.com.br\\\/fr\\\/author\\\/michele\\\/\"}]}<\/script>\n<!-- \/ Yoast SEO plugin. -->","yoast_head_json":{"title":"Assa\u00ed Atacadista: Mais de 1000 vagas de emprego abertas pelo pa\u00eds -","description":"Veja em Vagas de Emprego RJ as vagas de emprego com e sem experi\u00eancia no seu Estado e Regi\u00e3o!","robots":{"index":"index","follow":"follow","max-snippet":"max-snippet:-1","max-image-preview":"max-image-preview:large","max-video-preview":"max-video-preview:-1"},"canonical":"https:\/\/www.vagadeempregorj.com.br\/fr\/assai-atacadista-mais-de-1000-vagas-de-emprego-abertas-pelo-pais\/","og_locale":"fr_FR","og_type":"article","og_title":"Assa\u00ed Atacadista: Mais de 1000 vagas de emprego abertas pelo pa\u00eds -","og_description":"Veja em Vagas de Emprego RJ as vagas de emprego com e sem experi\u00eancia no seu Estado e Regi\u00e3o!","og_url":"https:\/\/www.vagadeempregorj.com.br\/fr\/assai-atacadista-mais-de-1000-vagas-de-emprego-abertas-pelo-pais\/","article_publisher":"https:\/\/www.facebook.com\/empregobrasiloficial","article_published_time":"2024-09-06T09:00:00+00:00","og_image":[{"width":1300,"height":630,"url":"https:\/\/www.vagadeempregorj.com.br\/wp-content\/uploads\/2024\/09\/image-5.png","type":"image\/png"}],"author":"Michele","twitter_card":"summary_large_image","twitter_misc":{"\u00c9crit par":"Michele","Dur\u00e9e de lecture estim\u00e9e":"4 minutes"},"schema":{"@context":"https:\/\/schema.org","@graph":[{"@type":"Article","@id":"https:\/\/www.vagadeempregorj.com.br\/assai-atacadista-mais-de-1000-vagas-de-emprego-abertas-pelo-pais\/#article","isPartOf":{"@id":"https:\/\/www.vagadeempregorj.com.br\/assai-atacadista-mais-de-1000-vagas-de-emprego-abertas-pelo-pais\/"},"author":{"name":"Michele","@id":"https:\/\/www.vagadeempregorj.com.br\/#\/schema\/person\/3ddb19fa0539706786e502152f3aae95"},"headline":"Assa\u00ed Atacadista: Mais de 1000 vagas de emprego abertas pelo pa\u00eds","datePublished":"2024-09-06T09:00:00+00:00","mainEntityOfPage":{"@id":"https:\/\/www.vagadeempregorj.com.br\/assai-atacadista-mais-de-1000-vagas-de-emprego-abertas-pelo-pais\/"},"wordCount":883,"image":{"@id":"https:\/\/www.vagadeempregorj.com.br\/assai-atacadista-mais-de-1000-vagas-de-emprego-abertas-pelo-pais\/#primaryimage"},"thumbnailUrl":"https:\/\/www.vagadeempregorj.com.br\/wp-content\/uploads\/2024\/09\/image-5.png","keywords":["empregos","oportunidades"],"articleSection":["Vagas de Emprego Nacionais"],"inLanguage":"fr-FR"},{"@type":"WebPage","@id":"https:\/\/www.vagadeempregorj.com.br\/assai-atacadista-mais-de-1000-vagas-de-emprego-abertas-pelo-pais\/","url":"https:\/\/www.vagadeempregorj.com.br\/assai-atacadista-mais-de-1000-vagas-de-emprego-abertas-pelo-pais\/","name":"Assa\u00ed Atacadista: Mais de 1000 vagas de emprego abertas pelo pa\u00eds -","isPartOf":{"@id":"https:\/\/www.vagadeempregorj.com.br\/#website"},"primaryImageOfPage":{"@id":"https:\/\/www.vagadeempregorj.com.br\/assai-atacadista-mais-de-1000-vagas-de-emprego-abertas-pelo-pais\/#primaryimage"},"image":{"@id":"https:\/\/www.vagadeempregorj.com.br\/assai-atacadista-mais-de-1000-vagas-de-emprego-abertas-pelo-pais\/#primaryimage"},"thumbnailUrl":"https:\/\/www.vagadeempregorj.com.br\/wp-content\/uploads\/2024\/09\/image-5.png","datePublished":"2024-09-06T09:00:00+00:00","author":{"@id":"https:\/\/www.vagadeempregorj.com.br\/#\/schema\/person\/3ddb19fa0539706786e502152f3aae95"},"description":"Veja em Vagas de Emprego RJ as vagas de emprego com e sem experi\u00eancia no seu Estado e Regi\u00e3o!","breadcrumb":{"@id":"https:\/\/www.vagadeempregorj.com.br\/assai-atacadista-mais-de-1000-vagas-de-emprego-abertas-pelo-pais\/#breadcrumb"},"inLanguage":"fr-FR","potentialAction":[{"@type":"ReadAction","target":["https:\/\/www.vagadeempregorj.com.br\/assai-atacadista-mais-de-1000-vagas-de-emprego-abertas-pelo-pais\/"]}]},{"@type":"ImageObject","inLanguage":"fr-FR","@id":"https:\/\/www.vagadeempregorj.com.br\/assai-atacadista-mais-de-1000-vagas-de-emprego-abertas-pelo-pais\/#primaryimage","url":"https:\/\/www.vagadeempregorj.com.br\/wp-content\/uploads\/2024\/09\/image-5.png","contentUrl":"https:\/\/www.vagadeempregorj.com.br\/wp-content\/uploads\/2024\/09\/image-5.png","width":1300,"height":630},{"@type":"BreadcrumbList","@id":"https:\/\/www.vagadeempregorj.com.br\/assai-atacadista-mais-de-1000-vagas-de-emprego-abertas-pelo-pais\/#breadcrumb","itemListElement":[{"@type":"ListItem","position":1,"name":"In\u00edcio","item":"https:\/\/www.vagadeempregorj.com.br\/"},{"@type":"ListItem","position":2,"name":"Vagas de Emprego Nacionais","item":"https:\/\/www.vagadeempregorj.com.br\/vagas-de-emprego-nacionais\/"},{"@type":"ListItem","position":3,"name":"Assa\u00ed Atacadista: Mais de 1000 vagas de emprego abertas pelo pa\u00eds"}]},{"@type":"WebSite","@id":"https:\/\/www.vagadeempregorj.com.br\/#website","url":"https:\/\/www.vagadeempregorj.com.br\/","name":"","description":"Conquiste Sonhos: Vagas, Benef\u00edcios e Economia para Transformar Vidas e Alcan\u00e7ar Melhorias Cotidianas","potentialAction":[{"@type":"SearchAction","target":{"@type":"EntryPoint","urlTemplate":"https:\/\/www.vagadeempregorj.com.br\/?s={search_term_string}"},"query-input":{"@type":"PropertyValueSpecification","valueRequired":true,"valueName":"search_term_string"}}],"inLanguage":"fr-FR"},{"@type":"Person","@id":"https:\/\/www.vagadeempregorj.com.br\/#\/schema\/person\/3ddb19fa0539706786e502152f3aae95","name":"Michele","image":{"@type":"ImageObject","inLanguage":"fr-FR","@id":"https:\/\/secure.gravatar.com\/avatar\/6b0eb9d22841282815e2cd856a0061c45e1761cd54b22e952d98c4746939aa85?s=96&r=g","url":"https:\/\/secure.gravatar.com\/avatar\/6b0eb9d22841282815e2cd856a0061c45e1761cd54b22e952d98c4746939aa85?s=96&r=g","contentUrl":"https:\/\/secure.gravatar.com\/avatar\/6b0eb9d22841282815e2cd856a0061c45e1761cd54b22e952d98c4746939aa85?s=96&r=g","caption":"Michele"},"description":"Formada em Letras - Portugu\u00eas\/ Ingl\u00eas, e idealizadora do site Escritora de Sucesso, busca expandir o conhecimento de todos com informa\u00e7\u00f5es relevantes sobre diversos assuntos, enquanto redatora. No Vaga de Emprego RJ, traz oportunidades e dicas sobre o mercado de trabalho.","url":"https:\/\/www.vagadeempregorj.com.br\/fr\/author\/michele\/"}]}},"_links":{"self":[{"href":"https:\/\/www.vagadeempregorj.com.br\/fr\/wp-json\/wp\/v2\/posts\/40586","targetHints":{"allow":["GET"]}}],"collection":[{"href":"https:\/\/www.vagadeempregorj.com.br\/fr\/wp-json\/wp\/v2\/posts"}],"about":[{"href":"https:\/\/www.vagadeempregorj.com.br\/fr\/wp-json\/wp\/v2\/types\/post"}],"author":[{"embeddable":true,"href":"https:\/\/www.vagadeempregorj.com.br\/fr\/wp-json\/wp\/v2\/users\/16"}],"replies":[{"embeddable":true,"href":"https:\/\/www.vagadeempregorj.com.br\/fr\/wp-json\/wp\/v2\/comments?post=40586"}],"version-history":[{"count":0,"href":"https:\/\/www.vagadeempregorj.com.br\/fr\/wp-json\/wp\/v2\/posts\/40586\/revisions"}],"wp:featuredmedia":[{"embeddable":true,"href":"https:\/\/www.vagadeempregorj.com.br\/fr\/wp-json\/wp\/v2\/media\/40594"}],"wp:attachment":[{"href":"https:\/\/www.vagadeempregorj.com.br\/fr\/wp-json\/wp\/v2\/media?parent=40586"}],"wp:term":[{"taxonomy":"category","embeddable":true,"href":"https:\/\/www.vagadeempregorj.com.br\/fr\/wp-json\/wp\/v2\/categories?post=40586"},{"taxonomy":"post_tag","embeddable":true,"href":"https:\/\/www.vagadeempregorj.com.br\/fr\/wp-json\/wp\/v2\/tags?post=40586"}],"curies":[{"name":"wp","href":"https:\/\/api.w.org\/{rel}","templated":true}]}}