{"id":40693,"date":"2024-09-11T06:00:00","date_gmt":"2024-09-11T09:00:00","guid":{"rendered":"https:\/\/www.vagadeempregorj.com.br\/?p=40693"},"modified":"2024-09-10T22:00:07","modified_gmt":"2024-09-11T01:00:07","slug":"estacio-263-vagas-de-emprego-abertas-pelo-pais","status":"publish","type":"post","link":"https:\/\/www.vagadeempregorj.com.br\/fr\/estacio-263-vagas-de-emprego-abertas-pelo-pais\/","title":{"rendered":"Est\u00e1cio: 263 vagas de emprego abertas pelo pa\u00eds"},"content":{"rendered":"<p>A <strong>Est\u00e1cio<\/strong>, uma das maiores institui\u00e7\u00f5es de ensino superior do Brasil, anunciou a abertura de 263 vagas de emprego em diversas regi\u00f5es do pa\u00eds. Com mais de 50 anos de hist\u00f3ria e uma ampla rede de ensino, a Est\u00e1cio continua a expandir suas atividades, buscando profissionais de diversas \u00e1reas para compor suas equipes.&nbsp;<\/p>\n\n\n\n<p>As oportunidades s\u00e3o variadas e contemplam tanto fun\u00e7\u00f5es administrativas quanto pedag\u00f3gicas, refletindo o crescimento constante da institui\u00e7\u00e3o e sua necessidade de inovar e se adaptar \u00e0s novas demandas educacionais.<\/p>\n\n\n\n<h2 class=\"wp-block-heading\">Quais s\u00e3o as vagas de emprego abertas pela Est\u00e1cio?<\/h2>\n\n\n\n<figure class=\"wp-block-image size-full\"><img loading=\"lazy\" decoding=\"async\" width=\"1024\" height=\"481\" src=\"https:\/\/www.vagadeempregorj.com.br\/wp-content\/uploads\/2024\/09\/image-12.png\" alt=\"\" class=\"wp-image-40702\" srcset=\"https:\/\/www.vagadeempregorj.com.br\/wp-content\/uploads\/2024\/09\/image-12.png 1024w, https:\/\/www.vagadeempregorj.com.br\/wp-content\/uploads\/2024\/09\/image-12-300x141.png 300w, https:\/\/www.vagadeempregorj.com.br\/wp-content\/uploads\/2024\/09\/image-12-768x361.png 768w, https:\/\/www.vagadeempregorj.com.br\/wp-content\/uploads\/2024\/09\/image-12-150x70.png 150w\" sizes=\"auto, (max-width: 1024px) 100vw, 1024px\" \/><\/figure>\n\n\n\n<p>As 263 vagas abertas pela Est\u00e1cio abrangem diversas \u00e1reas e posi\u00e7\u00f5es, desde cargos operacionais at\u00e9 fun\u00e7\u00f5es de alta gest\u00e3o. Confira alguns exemplos das oportunidades oferecidas:<\/p>\n\n\n\n<h3 class=\"wp-block-heading\">1. Assistente Administrativo<\/h3>\n\n\n\n<p>O assistente administrativo \u00e9 respons\u00e1vel por tarefas relacionadas \u00e0 organiza\u00e7\u00e3o e funcionamento dos setores internos da Est\u00e1cio. O profissional ser\u00e1 o ponto de apoio para coordenadores e gestores, garantindo o bom andamento das atividades operacionais da institui\u00e7\u00e3o. A vaga exige boa comunica\u00e7\u00e3o, habilidades organizacionais e dom\u00ednio de ferramentas como Excel e Word.<\/p>\n\n\n\n<h3 class=\"wp-block-heading\">2. Coordenador de Curso<\/h3>\n\n\n\n<p>Os coordenadores de curso s\u00e3o pe\u00e7as-chave na estrutura educacional da Est\u00e1cio. Eles acompanham de perto a evolu\u00e7\u00e3o dos alunos, orientam o corpo docente e s\u00e3o respons\u00e1veis por garantir que os cursos sigam as diretrizes pedag\u00f3gicas da institui\u00e7\u00e3o. Para esse cargo, a Est\u00e1cio busca profissionais com experi\u00eancia no ensino superior, al\u00e9m de especializa\u00e7\u00e3o ou mestrado na \u00e1rea de atua\u00e7\u00e3o.<\/p>\n\n\n\n<h3 class=\"wp-block-heading\">3. Professor Universit\u00e1rio<\/h3>\n\n\n\n<p>Com a constante expans\u00e3o dos cursos oferecidos, a Est\u00e1cio est\u00e1 em busca de professores qualificados em diversas \u00e1reas, como Direito, Administra\u00e7\u00e3o, Engenharia, Psicologia, entre outras. Para essa fun\u00e7\u00e3o, \u00e9 imprescind\u00edvel ter experi\u00eancia acad\u00eamica, al\u00e9m de, no m\u00ednimo, mestrado.<\/p>\n\n\n\n<h3 class=\"wp-block-heading\">4. Analista de Recursos Humanos<\/h3>\n\n\n\n<p>O analista de recursos humanos ser\u00e1 respons\u00e1vel por processos de recrutamento e sele\u00e7\u00e3o, treinamento e desenvolvimento de colaboradores, al\u00e9m de participar de a\u00e7\u00f5es estrat\u00e9gicas para promover o bem-estar e o crescimento dos funcion\u00e1rios dentro da Est\u00e1cio. A institui\u00e7\u00e3o busca profissionais com forma\u00e7\u00e3o em Administra\u00e7\u00e3o, Psicologia ou \u00e1reas correlatas, al\u00e9m de experi\u00eancia anterior na fun\u00e7\u00e3o.<\/p>\n\n\n\n<h3 class=\"wp-block-heading\">5. Assistente de Tecnologia da Informa\u00e7\u00e3o<\/h3>\n\n\n\n<p>Para suportar a crescente demanda de cursos online e a digitaliza\u00e7\u00e3o de diversos processos internos, a Est\u00e1cio tamb\u00e9m abriu vagas na \u00e1rea de TI. O assistente de tecnologia da informa\u00e7\u00e3o ser\u00e1 respons\u00e1vel por dar suporte ao corpo t\u00e9cnico e acad\u00eamico, resolver problemas de sistema e manter a infraestrutura tecnol\u00f3gica funcionando de forma eficiente.<\/p>\n\n\n\n<h3 class=\"wp-block-heading\">6. Atendente de Call Center<\/h3>\n\n\n\n<p>Os atendentes de call center t\u00eam a miss\u00e3o de prestar suporte e informa\u00e7\u00f5es aos alunos e interessados nos cursos da Est\u00e1cio. A vaga requer boa comunica\u00e7\u00e3o, paci\u00eancia e habilidades interpessoais, al\u00e9m de experi\u00eancia anterior com atendimento ao p\u00fablico.<\/p>\n\n\n\n<h3 class=\"wp-block-heading\">7. Consultor Comercial<\/h3>\n\n\n\n<p>O consultor comercial \u00e9 respons\u00e1vel por captar novos alunos e apresentar as op\u00e7\u00f5es de cursos oferecidos pela Est\u00e1cio. O profissional dever\u00e1 atuar com metas, realizando a\u00e7\u00f5es comerciais internas e externas, al\u00e9m de representar a institui\u00e7\u00e3o em eventos educacionais e corporativos.<\/p>\n\n\n\n<h3 class=\"wp-block-heading\">8. Analista de Marketing<\/h3>\n\n\n\n<p>O analista de marketing atuar\u00e1 em campanhas publicit\u00e1rias e a\u00e7\u00f5es promocionais da Est\u00e1cio, auxiliando no planejamento e execu\u00e7\u00e3o de estrat\u00e9gias para atrair novos alunos e promover a marca. A vaga exige experi\u00eancia em marketing digital, redes sociais e an\u00e1lise de dados.<\/p>\n\n\n\n<p>Essas s\u00e3o apenas algumas das muitas oportunidades oferecidas pela Est\u00e1cio. As vagas est\u00e3o espalhadas por diversas unidades do pa\u00eds, e cada uma delas oferece benef\u00edcios como plano de sa\u00fade, aux\u00edlio-alimenta\u00e7\u00e3o, al\u00e9m de descontos em cursos para os colaboradores e seus familiares.<\/p>\n\n\n\n<h2 class=\"wp-block-heading\">Como se candidatar?<\/h2>\n\n\n\n<p>Se voc\u00ea se interessou por alguma das oportunidades mencionadas, \u00e9 hora de saber como participar do processo seletivo. A Est\u00e1cio disponibiliza sua plataforma de recrutamento e sele\u00e7\u00e3o online, onde os candidatos podem consultar as vagas e se inscrever de forma pr\u00e1tica e r\u00e1pida.<\/p>\n\n\n\n<p>Para se candidatar, siga as etapas abaixo:<\/p>\n\n\n\n<ul class=\"wp-block-list\">\n<li>Acesse o site oficial da Est\u00e1cio.<\/li>\n\n\n\n<li>No menu principal, procure pela se\u00e7\u00e3o \u201cTrabalhe Conosco\u201d.<\/li>\n\n\n\n<li>Escolha a vaga de seu interesse e clique para obter mais informa\u00e7\u00f5es.<\/li>\n\n\n\n<li>Preencha seus dados pessoais, envie seu curr\u00edculo atualizado e aguarde o contato da equipe de recursos humanos.<\/li>\n<\/ul>\n\n\n\n<p>A Est\u00e1cio tem um processo de sele\u00e7\u00e3o criterioso, voltado para encontrar os profissionais que mais se alinham com seus valores institucionais. Portanto, \u00e9 importante que o curr\u00edculo esteja completo e atualizado, destacando experi\u00eancias e habilidades que sejam relevantes para a vaga pretendida.<\/p>\n\n\n\n<p><strong>Dica importante:<\/strong> Copie e cole o endere\u00e7o abaixo no seu navegador para acessar o site de candidatura: estacio.gupy.io. Ap\u00f3s acessar, voc\u00ea encontrar\u00e1 todas as vagas dispon\u00edveis, e poder\u00e1 escolher a que mais se adapta ao seu perfil.<\/p>\n\n\n\n<p>Al\u00e9m do processo online, a Est\u00e1cio tamb\u00e9m realiza din\u00e2micas de grupo e entrevistas individuais para determinadas vagas, principalmente para cargos de lideran\u00e7a e gest\u00e3o. \u00c9 recomend\u00e1vel que os candidatos estejam preparados para apresentar suas compet\u00eancias de forma clara e objetiva, mostrando como suas habilidades podem contribuir para o crescimento da institui\u00e7\u00e3o.<\/p>\n\n\n\n<h2 class=\"wp-block-heading\">Oportunidade de crescimento<\/h2>\n\n\n\n<p>Trabalhar na Est\u00e1cio \u00e9 uma excelente oportunidade para quem busca crescimento profissional e desenvolvimento cont\u00ednuo. A institui\u00e7\u00e3o \u00e9 reconhecida n\u00e3o apenas pela qualidade do ensino, mas tamb\u00e9m pela valoriza\u00e7\u00e3o de seus colaboradores. Muitos dos profissionais que ingressam na Est\u00e1cio t\u00eam a oportunidade de participar de programas de capacita\u00e7\u00e3o e desenvolvimento, ampliando suas habilidades e conhecimentos.<\/p>\n\n\n\n<p><strong>Veja tamb\u00e9m: <a href=\"https:\/\/www.vagadeempregorj.com.br\/fr\/camed-microcredito-38-vagas-de-emprego-abertas-pelo-pais\/\">Camed Microcr\u00e9dito: 38 vagas de emprego abertas pelo pa\u00eds<\/a><\/strong><\/p>\n\n\n\n<p>11 de setembro de 2024<\/p>","protected":false},"excerpt":{"rendered":"<p>A Est\u00e1cio, uma das maiores institui\u00e7\u00f5es de ensino superior do Brasil, anunciou a abertura de 263 vagas de emprego em diversas regi\u00f5es do pa\u00eds. Com mais de 50 anos de hist\u00f3ria e uma ampla rede de ensino, a Est\u00e1cio continua a expandir suas atividades, buscando profissionais de diversas \u00e1reas para compor suas equipes.&nbsp; As oportunidades&hellip;&nbsp;<\/p>","protected":false},"author":16,"featured_media":40702,"comment_status":"closed","ping_status":"closed","sticky":false,"template":"","format":"standard","meta":{"neve_meta_sidebar":"","neve_meta_container":"","neve_meta_enable_content_width":"","neve_meta_content_width":0,"neve_meta_title_alignment":"","neve_meta_author_avatar":"","neve_post_elements_order":"","neve_meta_disable_header":"","neve_meta_disable_footer":"","neve_meta_disable_title":"","footnotes":""},"categories":[123],"tags":[830,608],"class_list":["post-40693","post","type-post","status-publish","format-standard","has-post-thumbnail","hentry","category-vagas-de-emprego-nacionais","tag-empregos","tag-oportunidades"],"yoast_head":"<!-- This site is optimized with the Yoast SEO plugin v27.5 - https:\/\/yoast.com\/product\/yoast-seo-wordpress\/ -->\n<title>Est\u00e1cio: 263 vagas de emprego abertas pelo pa\u00eds -<\/title>\n<meta name=\"description\" content=\"Veja em Vagas de Emprego RJ as vagas de emprego com e sem experi\u00eancia no seu Estado e Regi\u00e3o!\" \/>\n<meta name=\"robots\" content=\"index, follow, max-snippet:-1, max-image-preview:large, max-video-preview:-1\" \/>\n<link rel=\"canonical\" href=\"https:\/\/www.vagadeempregorj.com.br\/fr\/estacio-263-vagas-de-emprego-abertas-pelo-pais\/\" \/>\n<meta property=\"og:locale\" content=\"fr_FR\" \/>\n<meta property=\"og:type\" content=\"article\" \/>\n<meta property=\"og:title\" content=\"Est\u00e1cio: 263 vagas de emprego abertas pelo pa\u00eds -\" \/>\n<meta property=\"og:description\" content=\"Veja em Vagas de Emprego RJ as vagas de emprego com e sem experi\u00eancia no seu Estado e Regi\u00e3o!\" \/>\n<meta property=\"og:url\" content=\"https:\/\/www.vagadeempregorj.com.br\/fr\/estacio-263-vagas-de-emprego-abertas-pelo-pais\/\" \/>\n<meta property=\"article:publisher\" content=\"https:\/\/www.facebook.com\/empregobrasiloficial\" \/>\n<meta property=\"article:published_time\" content=\"2024-09-11T09:00:00+00:00\" \/>\n<meta property=\"og:image\" content=\"https:\/\/www.vagadeempregorj.com.br\/wp-content\/uploads\/2024\/09\/image-12.png\" \/>\n\t<meta property=\"og:image:width\" content=\"1024\" \/>\n\t<meta property=\"og:image:height\" content=\"481\" \/>\n\t<meta property=\"og:image:type\" content=\"image\/png\" \/>\n<meta name=\"author\" content=\"Michele\" \/>\n<meta name=\"twitter:card\" content=\"summary_large_image\" \/>\n<meta name=\"twitter:label1\" content=\"Written by\" \/>\n\t<meta name=\"twitter:data1\" content=\"Michele\" \/>\n\t<meta name=\"twitter:label2\" content=\"Est. reading time\" \/>\n\t<meta name=\"twitter:data2\" content=\"5 minutes\" \/>\n<script type=\"application\/ld+json\" class=\"yoast-schema-graph\">{\"@context\":\"https:\\\/\\\/schema.org\",\"@graph\":[{\"@type\":\"Article\",\"@id\":\"https:\\\/\\\/www.vagadeempregorj.com.br\\\/estacio-263-vagas-de-emprego-abertas-pelo-pais\\\/#article\",\"isPartOf\":{\"@id\":\"https:\\\/\\\/www.vagadeempregorj.com.br\\\/estacio-263-vagas-de-emprego-abertas-pelo-pais\\\/\"},\"author\":{\"name\":\"Michele\",\"@id\":\"https:\\\/\\\/www.vagadeempregorj.com.br\\\/#\\\/schema\\\/person\\\/3ddb19fa0539706786e502152f3aae95\"},\"headline\":\"Est\u00e1cio: 263 vagas de emprego abertas pelo pa\u00eds\",\"datePublished\":\"2024-09-11T09:00:00+00:00\",\"mainEntityOfPage\":{\"@id\":\"https:\\\/\\\/www.vagadeempregorj.com.br\\\/estacio-263-vagas-de-emprego-abertas-pelo-pais\\\/\"},\"wordCount\":987,\"image\":{\"@id\":\"https:\\\/\\\/www.vagadeempregorj.com.br\\\/estacio-263-vagas-de-emprego-abertas-pelo-pais\\\/#primaryimage\"},\"thumbnailUrl\":\"https:\\\/\\\/www.vagadeempregorj.com.br\\\/wp-content\\\/uploads\\\/2024\\\/09\\\/image-12.png\",\"keywords\":[\"empregos\",\"oportunidades\"],\"articleSection\":[\"Vagas de Emprego Nacionais\"],\"inLanguage\":\"fr-FR\"},{\"@type\":\"WebPage\",\"@id\":\"https:\\\/\\\/www.vagadeempregorj.com.br\\\/estacio-263-vagas-de-emprego-abertas-pelo-pais\\\/\",\"url\":\"https:\\\/\\\/www.vagadeempregorj.com.br\\\/estacio-263-vagas-de-emprego-abertas-pelo-pais\\\/\",\"name\":\"Est\u00e1cio: 263 vagas de emprego abertas pelo pa\u00eds -\",\"isPartOf\":{\"@id\":\"https:\\\/\\\/www.vagadeempregorj.com.br\\\/#website\"},\"primaryImageOfPage\":{\"@id\":\"https:\\\/\\\/www.vagadeempregorj.com.br\\\/estacio-263-vagas-de-emprego-abertas-pelo-pais\\\/#primaryimage\"},\"image\":{\"@id\":\"https:\\\/\\\/www.vagadeempregorj.com.br\\\/estacio-263-vagas-de-emprego-abertas-pelo-pais\\\/#primaryimage\"},\"thumbnailUrl\":\"https:\\\/\\\/www.vagadeempregorj.com.br\\\/wp-content\\\/uploads\\\/2024\\\/09\\\/image-12.png\",\"datePublished\":\"2024-09-11T09:00:00+00:00\",\"author\":{\"@id\":\"https:\\\/\\\/www.vagadeempregorj.com.br\\\/#\\\/schema\\\/person\\\/3ddb19fa0539706786e502152f3aae95\"},\"description\":\"Veja em Vagas de Emprego RJ as vagas de emprego com e sem experi\u00eancia no seu Estado e Regi\u00e3o!\",\"breadcrumb\":{\"@id\":\"https:\\\/\\\/www.vagadeempregorj.com.br\\\/estacio-263-vagas-de-emprego-abertas-pelo-pais\\\/#breadcrumb\"},\"inLanguage\":\"fr-FR\",\"potentialAction\":[{\"@type\":\"ReadAction\",\"target\":[\"https:\\\/\\\/www.vagadeempregorj.com.br\\\/estacio-263-vagas-de-emprego-abertas-pelo-pais\\\/\"]}]},{\"@type\":\"ImageObject\",\"inLanguage\":\"fr-FR\",\"@id\":\"https:\\\/\\\/www.vagadeempregorj.com.br\\\/estacio-263-vagas-de-emprego-abertas-pelo-pais\\\/#primaryimage\",\"url\":\"https:\\\/\\\/www.vagadeempregorj.com.br\\\/wp-content\\\/uploads\\\/2024\\\/09\\\/image-12.png\",\"contentUrl\":\"https:\\\/\\\/www.vagadeempregorj.com.br\\\/wp-content\\\/uploads\\\/2024\\\/09\\\/image-12.png\",\"width\":1024,\"height\":481},{\"@type\":\"BreadcrumbList\",\"@id\":\"https:\\\/\\\/www.vagadeempregorj.com.br\\\/estacio-263-vagas-de-emprego-abertas-pelo-pais\\\/#breadcrumb\",\"itemListElement\":[{\"@type\":\"ListItem\",\"position\":1,\"name\":\"In\u00edcio\",\"item\":\"https:\\\/\\\/www.vagadeempregorj.com.br\\\/\"},{\"@type\":\"ListItem\",\"position\":2,\"name\":\"Vagas de Emprego Nacionais\",\"item\":\"https:\\\/\\\/www.vagadeempregorj.com.br\\\/vagas-de-emprego-nacionais\\\/\"},{\"@type\":\"ListItem\",\"position\":3,\"name\":\"Est\u00e1cio: 263 vagas de emprego abertas pelo pa\u00eds\"}]},{\"@type\":\"WebSite\",\"@id\":\"https:\\\/\\\/www.vagadeempregorj.com.br\\\/#website\",\"url\":\"https:\\\/\\\/www.vagadeempregorj.com.br\\\/\",\"name\":\"\",\"description\":\"Conquiste Sonhos: Vagas, Benef\u00edcios e Economia para Transformar Vidas e Alcan\u00e7ar Melhorias Cotidianas\",\"potentialAction\":[{\"@type\":\"SearchAction\",\"target\":{\"@type\":\"EntryPoint\",\"urlTemplate\":\"https:\\\/\\\/www.vagadeempregorj.com.br\\\/?s={search_term_string}\"},\"query-input\":{\"@type\":\"PropertyValueSpecification\",\"valueRequired\":true,\"valueName\":\"search_term_string\"}}],\"inLanguage\":\"fr-FR\"},{\"@type\":\"Person\",\"@id\":\"https:\\\/\\\/www.vagadeempregorj.com.br\\\/#\\\/schema\\\/person\\\/3ddb19fa0539706786e502152f3aae95\",\"name\":\"Michele\",\"image\":{\"@type\":\"ImageObject\",\"inLanguage\":\"fr-FR\",\"@id\":\"https:\\\/\\\/secure.gravatar.com\\\/avatar\\\/6b0eb9d22841282815e2cd856a0061c45e1761cd54b22e952d98c4746939aa85?s=96&r=g\",\"url\":\"https:\\\/\\\/secure.gravatar.com\\\/avatar\\\/6b0eb9d22841282815e2cd856a0061c45e1761cd54b22e952d98c4746939aa85?s=96&r=g\",\"contentUrl\":\"https:\\\/\\\/secure.gravatar.com\\\/avatar\\\/6b0eb9d22841282815e2cd856a0061c45e1761cd54b22e952d98c4746939aa85?s=96&r=g\",\"caption\":\"Michele\"},\"description\":\"Formada em Letras - Portugu\u00eas\\\/ Ingl\u00eas, e idealizadora do site Escritora de Sucesso, busca expandir o conhecimento de todos com informa\u00e7\u00f5es relevantes sobre diversos assuntos, enquanto redatora. No Vaga de Emprego RJ, traz oportunidades e dicas sobre o mercado de trabalho.\",\"url\":\"https:\\\/\\\/www.vagadeempregorj.com.br\\\/fr\\\/author\\\/michele\\\/\"}]}<\/script>\n<!-- \/ Yoast SEO plugin. -->","yoast_head_json":{"title":"Est\u00e1cio: 263 vagas de emprego abertas pelo pa\u00eds -","description":"Veja em Vagas de Emprego RJ as vagas de emprego com e sem experi\u00eancia no seu Estado e Regi\u00e3o!","robots":{"index":"index","follow":"follow","max-snippet":"max-snippet:-1","max-image-preview":"max-image-preview:large","max-video-preview":"max-video-preview:-1"},"canonical":"https:\/\/www.vagadeempregorj.com.br\/fr\/estacio-263-vagas-de-emprego-abertas-pelo-pais\/","og_locale":"fr_FR","og_type":"article","og_title":"Est\u00e1cio: 263 vagas de emprego abertas pelo pa\u00eds -","og_description":"Veja em Vagas de Emprego RJ as vagas de emprego com e sem experi\u00eancia no seu Estado e Regi\u00e3o!","og_url":"https:\/\/www.vagadeempregorj.com.br\/fr\/estacio-263-vagas-de-emprego-abertas-pelo-pais\/","article_publisher":"https:\/\/www.facebook.com\/empregobrasiloficial","article_published_time":"2024-09-11T09:00:00+00:00","og_image":[{"width":1024,"height":481,"url":"https:\/\/www.vagadeempregorj.com.br\/wp-content\/uploads\/2024\/09\/image-12.png","type":"image\/png"}],"author":"Michele","twitter_card":"summary_large_image","twitter_misc":{"Written by":"Michele","Est. reading time":"5 minutes"},"schema":{"@context":"https:\/\/schema.org","@graph":[{"@type":"Article","@id":"https:\/\/www.vagadeempregorj.com.br\/estacio-263-vagas-de-emprego-abertas-pelo-pais\/#article","isPartOf":{"@id":"https:\/\/www.vagadeempregorj.com.br\/estacio-263-vagas-de-emprego-abertas-pelo-pais\/"},"author":{"name":"Michele","@id":"https:\/\/www.vagadeempregorj.com.br\/#\/schema\/person\/3ddb19fa0539706786e502152f3aae95"},"headline":"Est\u00e1cio: 263 vagas de emprego abertas pelo pa\u00eds","datePublished":"2024-09-11T09:00:00+00:00","mainEntityOfPage":{"@id":"https:\/\/www.vagadeempregorj.com.br\/estacio-263-vagas-de-emprego-abertas-pelo-pais\/"},"wordCount":987,"image":{"@id":"https:\/\/www.vagadeempregorj.com.br\/estacio-263-vagas-de-emprego-abertas-pelo-pais\/#primaryimage"},"thumbnailUrl":"https:\/\/www.vagadeempregorj.com.br\/wp-content\/uploads\/2024\/09\/image-12.png","keywords":["empregos","oportunidades"],"articleSection":["Vagas de Emprego Nacionais"],"inLanguage":"fr-FR"},{"@type":"WebPage","@id":"https:\/\/www.vagadeempregorj.com.br\/estacio-263-vagas-de-emprego-abertas-pelo-pais\/","url":"https:\/\/www.vagadeempregorj.com.br\/estacio-263-vagas-de-emprego-abertas-pelo-pais\/","name":"Est\u00e1cio: 263 vagas de emprego abertas pelo pa\u00eds -","isPartOf":{"@id":"https:\/\/www.vagadeempregorj.com.br\/#website"},"primaryImageOfPage":{"@id":"https:\/\/www.vagadeempregorj.com.br\/estacio-263-vagas-de-emprego-abertas-pelo-pais\/#primaryimage"},"image":{"@id":"https:\/\/www.vagadeempregorj.com.br\/estacio-263-vagas-de-emprego-abertas-pelo-pais\/#primaryimage"},"thumbnailUrl":"https:\/\/www.vagadeempregorj.com.br\/wp-content\/uploads\/2024\/09\/image-12.png","datePublished":"2024-09-11T09:00:00+00:00","author":{"@id":"https:\/\/www.vagadeempregorj.com.br\/#\/schema\/person\/3ddb19fa0539706786e502152f3aae95"},"description":"Veja em Vagas de Emprego RJ as vagas de emprego com e sem experi\u00eancia no seu Estado e Regi\u00e3o!","breadcrumb":{"@id":"https:\/\/www.vagadeempregorj.com.br\/estacio-263-vagas-de-emprego-abertas-pelo-pais\/#breadcrumb"},"inLanguage":"fr-FR","potentialAction":[{"@type":"ReadAction","target":["https:\/\/www.vagadeempregorj.com.br\/estacio-263-vagas-de-emprego-abertas-pelo-pais\/"]}]},{"@type":"ImageObject","inLanguage":"fr-FR","@id":"https:\/\/www.vagadeempregorj.com.br\/estacio-263-vagas-de-emprego-abertas-pelo-pais\/#primaryimage","url":"https:\/\/www.vagadeempregorj.com.br\/wp-content\/uploads\/2024\/09\/image-12.png","contentUrl":"https:\/\/www.vagadeempregorj.com.br\/wp-content\/uploads\/2024\/09\/image-12.png","width":1024,"height":481},{"@type":"BreadcrumbList","@id":"https:\/\/www.vagadeempregorj.com.br\/estacio-263-vagas-de-emprego-abertas-pelo-pais\/#breadcrumb","itemListElement":[{"@type":"ListItem","position":1,"name":"In\u00edcio","item":"https:\/\/www.vagadeempregorj.com.br\/"},{"@type":"ListItem","position":2,"name":"Vagas de Emprego Nacionais","item":"https:\/\/www.vagadeempregorj.com.br\/vagas-de-emprego-nacionais\/"},{"@type":"ListItem","position":3,"name":"Est\u00e1cio: 263 vagas de emprego abertas pelo pa\u00eds"}]},{"@type":"WebSite","@id":"https:\/\/www.vagadeempregorj.com.br\/#website","url":"https:\/\/www.vagadeempregorj.com.br\/","name":"","description":"Conquiste Sonhos: Vagas, Benef\u00edcios e Economia para Transformar Vidas e Alcan\u00e7ar Melhorias Cotidianas","potentialAction":[{"@type":"SearchAction","target":{"@type":"EntryPoint","urlTemplate":"https:\/\/www.vagadeempregorj.com.br\/?s={search_term_string}"},"query-input":{"@type":"PropertyValueSpecification","valueRequired":true,"valueName":"search_term_string"}}],"inLanguage":"fr-FR"},{"@type":"Person","@id":"https:\/\/www.vagadeempregorj.com.br\/#\/schema\/person\/3ddb19fa0539706786e502152f3aae95","name":"Michele","image":{"@type":"ImageObject","inLanguage":"fr-FR","@id":"https:\/\/secure.gravatar.com\/avatar\/6b0eb9d22841282815e2cd856a0061c45e1761cd54b22e952d98c4746939aa85?s=96&r=g","url":"https:\/\/secure.gravatar.com\/avatar\/6b0eb9d22841282815e2cd856a0061c45e1761cd54b22e952d98c4746939aa85?s=96&r=g","contentUrl":"https:\/\/secure.gravatar.com\/avatar\/6b0eb9d22841282815e2cd856a0061c45e1761cd54b22e952d98c4746939aa85?s=96&r=g","caption":"Michele"},"description":"Formada em Letras - Portugu\u00eas\/ Ingl\u00eas, e idealizadora do site Escritora de Sucesso, busca expandir o conhecimento de todos com informa\u00e7\u00f5es relevantes sobre diversos assuntos, enquanto redatora. No Vaga de Emprego RJ, traz oportunidades e dicas sobre o mercado de trabalho.","url":"https:\/\/www.vagadeempregorj.com.br\/fr\/author\/michele\/"}]}},"_links":{"self":[{"href":"https:\/\/www.vagadeempregorj.com.br\/fr\/wp-json\/wp\/v2\/posts\/40693","targetHints":{"allow":["GET"]}}],"collection":[{"href":"https:\/\/www.vagadeempregorj.com.br\/fr\/wp-json\/wp\/v2\/posts"}],"about":[{"href":"https:\/\/www.vagadeempregorj.com.br\/fr\/wp-json\/wp\/v2\/types\/post"}],"author":[{"embeddable":true,"href":"https:\/\/www.vagadeempregorj.com.br\/fr\/wp-json\/wp\/v2\/users\/16"}],"replies":[{"embeddable":true,"href":"https:\/\/www.vagadeempregorj.com.br\/fr\/wp-json\/wp\/v2\/comments?post=40693"}],"version-history":[{"count":0,"href":"https:\/\/www.vagadeempregorj.com.br\/fr\/wp-json\/wp\/v2\/posts\/40693\/revisions"}],"wp:featuredmedia":[{"embeddable":true,"href":"https:\/\/www.vagadeempregorj.com.br\/fr\/wp-json\/wp\/v2\/media\/40702"}],"wp:attachment":[{"href":"https:\/\/www.vagadeempregorj.com.br\/fr\/wp-json\/wp\/v2\/media?parent=40693"}],"wp:term":[{"taxonomy":"category","embeddable":true,"href":"https:\/\/www.vagadeempregorj.com.br\/fr\/wp-json\/wp\/v2\/categories?post=40693"},{"taxonomy":"post_tag","embeddable":true,"href":"https:\/\/www.vagadeempregorj.com.br\/fr\/wp-json\/wp\/v2\/tags?post=40693"}],"curies":[{"name":"wp","href":"https:\/\/api.w.org\/{rel}","templated":true}]}}