{"id":40735,"date":"2024-09-15T06:10:00","date_gmt":"2024-09-15T09:10:00","guid":{"rendered":"https:\/\/www.vagadeempregorj.com.br\/?p=40735"},"modified":"2024-09-14T17:26:14","modified_gmt":"2024-09-14T20:26:14","slug":"grupo-muffato-900-vagas-de-emprego-abertas-pelo-pais","status":"publish","type":"post","link":"https:\/\/www.vagadeempregorj.com.br\/fr\/grupo-muffato-900-vagas-de-emprego-abertas-pelo-pais\/","title":{"rendered":"Grupo Muffato: 900 vagas de EMPREGO abertas pelo pa\u00eds"},"content":{"rendered":"<p>O <strong>Grupo Muffato<\/strong>, uma das maiores redes de supermercados do Brasil, est\u00e1 oferecendo uma grande oportunidade para quem busca emprego. S\u00e3o 900 vagas abertas em diversas regi\u00f5es do pa\u00eds, com cargos variados que abrangem desde fun\u00e7\u00f5es operacionais at\u00e9 administrativas. Com o crescimento constante da rede e sua presen\u00e7a consolidada em v\u00e1rias cidades, esta \u00e9 uma chance de ingressar em uma das empresas mais reconhecidas do setor varejista no Brasil.<\/p>\n\n\n\n<h2 class=\"wp-block-heading\"><strong>Quais s\u00e3o as vagas de emprego abertas pelo Grupo Muffato?<\/strong><\/h2>\n\n\n\n<p>Com o objetivo de atender \u00e0 crescente demanda de suas unidades, o Grupo Muffato abriu diversas vagas em v\u00e1rias \u00e1reas. A seguir, veja os principais cargos e uma breve descri\u00e7\u00e3o de cada um:<\/p>\n\n\n\n<figure class=\"wp-block-image size-full is-resized\"><img loading=\"lazy\" decoding=\"async\" width=\"848\" height=\"388\" src=\"https:\/\/www.vagadeempregorj.com.br\/wp-content\/uploads\/2024\/09\/image-15.png\" alt=\"\" class=\"wp-image-40742\" style=\"width:840px;height:auto\" srcset=\"https:\/\/www.vagadeempregorj.com.br\/wp-content\/uploads\/2024\/09\/image-15.png 848w, https:\/\/www.vagadeempregorj.com.br\/wp-content\/uploads\/2024\/09\/image-15-300x137.png 300w, https:\/\/www.vagadeempregorj.com.br\/wp-content\/uploads\/2024\/09\/image-15-768x351.png 768w, https:\/\/www.vagadeempregorj.com.br\/wp-content\/uploads\/2024\/09\/image-15-150x69.png 150w\" sizes=\"auto, (max-width: 848px) 100vw, 848px\" \/><\/figure>\n\n\n\n<h3 class=\"wp-block-heading\"><strong>1. Operador de Caixa<\/strong><\/h3>\n\n\n\n<p>Respons\u00e1vel por registrar as compras dos clientes, garantir que os valores estejam corretos e oferecer um atendimento de qualidade. Para esta fun\u00e7\u00e3o, \u00e9 necess\u00e1rio ter aten\u00e7\u00e3o aos detalhes e habilidade com n\u00fameros.<\/p>\n\n\n\n<h3 class=\"wp-block-heading\"><strong>2. Repositor de Mercadorias<\/strong><\/h3>\n\n\n\n<p>O repositor \u00e9 quem garante que os produtos estejam sempre dispon\u00edveis nas prateleiras. O trabalho envolve organiza\u00e7\u00e3o, controle de estoque e atendimento ao cliente para informa\u00e7\u00f5es sobre produtos.<\/p>\n\n\n\n<h3 class=\"wp-block-heading\"><strong>3. Auxiliar de Limpeza<\/strong><\/h3>\n\n\n\n<p>Esta vaga \u00e9 voltada para a manuten\u00e7\u00e3o da higiene das lojas e \u00e1reas administrativas. O auxiliar de limpeza \u00e9 fundamental para garantir que o ambiente esteja sempre limpo e agrad\u00e1vel para os clientes e colaboradores.<\/p>\n\n\n\n<h3 class=\"wp-block-heading\"><strong>4. Fiscal de Loja<\/strong><\/h3>\n\n\n\n<p>O fiscal de loja tem a fun\u00e7\u00e3o de garantir a seguran\u00e7a do local, evitar furtos e perdas, e monitorar o fluxo de pessoas. \u00c9 um cargo que exige responsabilidade e boa capacidade de observa\u00e7\u00e3o.<\/p>\n\n\n\n<h3 class=\"wp-block-heading\"><strong>5. Atendente de Balc\u00e3o<\/strong><\/h3>\n\n\n\n<p>O atendente de balc\u00e3o atua diretamente no contato com os clientes, oferecendo suporte em diversas se\u00e7\u00f5es das lojas, como padaria, a\u00e7ougue, entre outros. Boa comunica\u00e7\u00e3o e simpatia s\u00e3o habilidades fundamentais.<\/p>\n\n\n\n<h3 class=\"wp-block-heading\"><strong>6. Analista de Recursos Humanos<\/strong><\/h3>\n\n\n\n<p>Na \u00e1rea administrativa, o analista de RH \u00e9 respons\u00e1vel por gerenciar processos seletivos, treinamentos e desenvolvimento de pessoal. \u00c9 necess\u00e1rio ter forma\u00e7\u00e3o na \u00e1rea e experi\u00eancia anterior para essa fun\u00e7\u00e3o.<\/p>\n\n\n\n<h3 class=\"wp-block-heading\"><strong>7. Gerente de Loja<\/strong><\/h3>\n\n\n\n<p>O gerente \u00e9 respons\u00e1vel por toda a opera\u00e7\u00e3o da loja, liderando equipes, garantindo o cumprimento de metas e a satisfa\u00e7\u00e3o dos clientes. \u00c9 um cargo de alta responsabilidade, voltado para profissionais com experi\u00eancia em gest\u00e3o.<\/p>\n\n\n\n<p>Esses s\u00e3o apenas alguns exemplos das vagas dispon\u00edveis. O Grupo Muffato busca candidatos com diferentes n\u00edveis de qualifica\u00e7\u00e3o e experi\u00eancia, proporcionando oportunidades para uma ampla gama de profissionais.<\/p>\n\n\n\n<h2 class=\"wp-block-heading\"><strong>Como se candidatar?<\/strong><\/h2>\n\n\n\n<p>O processo de candidatura para as vagas no Grupo Muffato \u00e9 simples e pode ser feito de forma totalmente online. A empresa utiliza a plataforma Gupy, que facilita o cadastro e a busca pelas oportunidades de trabalho.<\/p>\n\n\n\n<p>Para se candidatar, siga os seguintes passos:<\/p>\n\n\n\n<ul class=\"wp-block-list\">\n<li>Copie e cole o endere\u00e7o: <strong>https:\/\/grupomuffato.gupy.io<\/strong> em seu navegador;<\/li>\n\n\n\n<li><strong>Acesse a p\u00e1gina e encontre uma oportunidade<\/strong> que se encaixe no seu perfil;<\/li>\n\n\n\n<li>Fa\u00e7a o cadastro no site, preenchendo todas as informa\u00e7\u00f5es solicitadas, como dados pessoais e experi\u00eancias profissionais;<\/li>\n\n\n\n<li>Ap\u00f3s o cadastro, <strong>envie o seu curr\u00edculo<\/strong> e aguarde o retorno da equipe de recrutamento;<\/li>\n\n\n\n<li>Fique atento ao seu e-mail e telefone, pois ser\u00e1 por esses canais que o Grupo Muffato entrar\u00e1 em contato com voc\u00ea, caso seu perfil seja selecionado para alguma das vagas.<\/li>\n<\/ul>\n\n\n\n<p>\u00c9 importante que o curr\u00edculo esteja atualizado e que as informa\u00e7\u00f5es inseridas na plataforma Gupy sejam precisas, pois isso aumenta suas chances de ser chamado para uma entrevista. Al\u00e9m disso, a plataforma permite que voc\u00ea acompanhe o andamento da sua candidatura, o que facilita o processo e d\u00e1 mais transpar\u00eancia ao candidato.<\/p>\n\n\n\n<p><strong>Veja tamb\u00e9m: <a href=\"https:\/\/www.vagadeempregorj.com.br\/fr\/decathlon-149-vagas-de-emprego-abertas-pelo-pais\/\">Decathlon: 149 vagas de emprego abertas pelo pa\u00eds<\/a><\/strong><\/p>\n\n\n\n<p>15 de setembro de 2024<\/p>\n\n\n\n<p><\/p>","protected":false},"excerpt":{"rendered":"<p>O Grupo Muffato, uma das maiores redes de supermercados do Brasil, est\u00e1 oferecendo uma grande oportunidade para quem busca emprego. S\u00e3o 900 vagas abertas em diversas regi\u00f5es do pa\u00eds, com cargos variados que abrangem desde fun\u00e7\u00f5es operacionais at\u00e9 administrativas. Com o crescimento constante da rede e sua presen\u00e7a consolidada em v\u00e1rias cidades, esta \u00e9 uma&hellip;&nbsp;<\/p>","protected":false},"author":16,"featured_media":40742,"comment_status":"closed","ping_status":"closed","sticky":false,"template":"","format":"standard","meta":{"neve_meta_sidebar":"","neve_meta_container":"","neve_meta_enable_content_width":"","neve_meta_content_width":0,"neve_meta_title_alignment":"","neve_meta_author_avatar":"","neve_post_elements_order":"","neve_meta_disable_header":"","neve_meta_disable_footer":"","neve_meta_disable_title":"","footnotes":""},"categories":[123],"tags":[],"class_list":["post-40735","post","type-post","status-publish","format-standard","has-post-thumbnail","hentry","category-vagas-de-emprego-nacionais"],"yoast_head":"<!-- This site is optimized with the Yoast SEO plugin v27.5 - https:\/\/yoast.com\/product\/yoast-seo-wordpress\/ -->\n<title>Grupo Muffato: 900 vagas de EMPREGO abertas pelo pa\u00eds -<\/title>\n<meta name=\"description\" content=\"Veja em Vagas de Emprego RJ as vagas de emprego com e sem experi\u00eancia no seu Estado e Regi\u00e3o!\" \/>\n<meta name=\"robots\" content=\"index, follow, max-snippet:-1, max-image-preview:large, max-video-preview:-1\" \/>\n<link rel=\"canonical\" href=\"https:\/\/www.vagadeempregorj.com.br\/fr\/grupo-muffato-900-vagas-de-emprego-abertas-pelo-pais\/\" \/>\n<meta property=\"og:locale\" content=\"fr_FR\" \/>\n<meta property=\"og:type\" content=\"article\" \/>\n<meta property=\"og:title\" content=\"Grupo Muffato: 900 vagas de EMPREGO abertas pelo pa\u00eds -\" \/>\n<meta property=\"og:description\" content=\"Veja em Vagas de Emprego RJ as vagas de emprego com e sem experi\u00eancia no seu Estado e Regi\u00e3o!\" \/>\n<meta property=\"og:url\" content=\"https:\/\/www.vagadeempregorj.com.br\/fr\/grupo-muffato-900-vagas-de-emprego-abertas-pelo-pais\/\" \/>\n<meta property=\"article:publisher\" content=\"https:\/\/www.facebook.com\/empregobrasiloficial\" \/>\n<meta property=\"article:published_time\" content=\"2024-09-15T09:10:00+00:00\" \/>\n<meta property=\"og:image\" content=\"https:\/\/www.vagadeempregorj.com.br\/wp-content\/uploads\/2024\/09\/image-15.png\" \/>\n\t<meta property=\"og:image:width\" content=\"848\" \/>\n\t<meta property=\"og:image:height\" content=\"388\" \/>\n\t<meta property=\"og:image:type\" content=\"image\/png\" \/>\n<meta name=\"author\" content=\"Michele\" \/>\n<meta name=\"twitter:card\" content=\"summary_large_image\" \/>\n<meta name=\"twitter:label1\" content=\"Written by\" \/>\n\t<meta name=\"twitter:data1\" content=\"Michele\" \/>\n\t<meta name=\"twitter:label2\" content=\"Est. reading time\" \/>\n\t<meta name=\"twitter:data2\" content=\"3 minutes\" \/>\n<script type=\"application\/ld+json\" class=\"yoast-schema-graph\">{\"@context\":\"https:\\\/\\\/schema.org\",\"@graph\":[{\"@type\":\"Article\",\"@id\":\"https:\\\/\\\/www.vagadeempregorj.com.br\\\/grupo-muffato-900-vagas-de-emprego-abertas-pelo-pais\\\/#article\",\"isPartOf\":{\"@id\":\"https:\\\/\\\/www.vagadeempregorj.com.br\\\/grupo-muffato-900-vagas-de-emprego-abertas-pelo-pais\\\/\"},\"author\":{\"name\":\"Michele\",\"@id\":\"https:\\\/\\\/www.vagadeempregorj.com.br\\\/#\\\/schema\\\/person\\\/3ddb19fa0539706786e502152f3aae95\"},\"headline\":\"Grupo Muffato: 900 vagas de EMPREGO abertas pelo pa\u00eds\",\"datePublished\":\"2024-09-15T09:10:00+00:00\",\"mainEntityOfPage\":{\"@id\":\"https:\\\/\\\/www.vagadeempregorj.com.br\\\/grupo-muffato-900-vagas-de-emprego-abertas-pelo-pais\\\/\"},\"wordCount\":634,\"image\":{\"@id\":\"https:\\\/\\\/www.vagadeempregorj.com.br\\\/grupo-muffato-900-vagas-de-emprego-abertas-pelo-pais\\\/#primaryimage\"},\"thumbnailUrl\":\"https:\\\/\\\/www.vagadeempregorj.com.br\\\/wp-content\\\/uploads\\\/2024\\\/09\\\/image-15.png\",\"articleSection\":[\"Vagas de Emprego Nacionais\"],\"inLanguage\":\"fr-FR\"},{\"@type\":\"WebPage\",\"@id\":\"https:\\\/\\\/www.vagadeempregorj.com.br\\\/grupo-muffato-900-vagas-de-emprego-abertas-pelo-pais\\\/\",\"url\":\"https:\\\/\\\/www.vagadeempregorj.com.br\\\/grupo-muffato-900-vagas-de-emprego-abertas-pelo-pais\\\/\",\"name\":\"Grupo Muffato: 900 vagas de EMPREGO abertas pelo pa\u00eds -\",\"isPartOf\":{\"@id\":\"https:\\\/\\\/www.vagadeempregorj.com.br\\\/#website\"},\"primaryImageOfPage\":{\"@id\":\"https:\\\/\\\/www.vagadeempregorj.com.br\\\/grupo-muffato-900-vagas-de-emprego-abertas-pelo-pais\\\/#primaryimage\"},\"image\":{\"@id\":\"https:\\\/\\\/www.vagadeempregorj.com.br\\\/grupo-muffato-900-vagas-de-emprego-abertas-pelo-pais\\\/#primaryimage\"},\"thumbnailUrl\":\"https:\\\/\\\/www.vagadeempregorj.com.br\\\/wp-content\\\/uploads\\\/2024\\\/09\\\/image-15.png\",\"datePublished\":\"2024-09-15T09:10:00+00:00\",\"author\":{\"@id\":\"https:\\\/\\\/www.vagadeempregorj.com.br\\\/#\\\/schema\\\/person\\\/3ddb19fa0539706786e502152f3aae95\"},\"description\":\"Veja em Vagas de Emprego RJ as vagas de emprego com e sem experi\u00eancia no seu Estado e Regi\u00e3o!\",\"breadcrumb\":{\"@id\":\"https:\\\/\\\/www.vagadeempregorj.com.br\\\/grupo-muffato-900-vagas-de-emprego-abertas-pelo-pais\\\/#breadcrumb\"},\"inLanguage\":\"fr-FR\",\"potentialAction\":[{\"@type\":\"ReadAction\",\"target\":[\"https:\\\/\\\/www.vagadeempregorj.com.br\\\/grupo-muffato-900-vagas-de-emprego-abertas-pelo-pais\\\/\"]}]},{\"@type\":\"ImageObject\",\"inLanguage\":\"fr-FR\",\"@id\":\"https:\\\/\\\/www.vagadeempregorj.com.br\\\/grupo-muffato-900-vagas-de-emprego-abertas-pelo-pais\\\/#primaryimage\",\"url\":\"https:\\\/\\\/www.vagadeempregorj.com.br\\\/wp-content\\\/uploads\\\/2024\\\/09\\\/image-15.png\",\"contentUrl\":\"https:\\\/\\\/www.vagadeempregorj.com.br\\\/wp-content\\\/uploads\\\/2024\\\/09\\\/image-15.png\",\"width\":848,\"height\":388},{\"@type\":\"BreadcrumbList\",\"@id\":\"https:\\\/\\\/www.vagadeempregorj.com.br\\\/grupo-muffato-900-vagas-de-emprego-abertas-pelo-pais\\\/#breadcrumb\",\"itemListElement\":[{\"@type\":\"ListItem\",\"position\":1,\"name\":\"In\u00edcio\",\"item\":\"https:\\\/\\\/www.vagadeempregorj.com.br\\\/\"},{\"@type\":\"ListItem\",\"position\":2,\"name\":\"Vagas de Emprego Nacionais\",\"item\":\"https:\\\/\\\/www.vagadeempregorj.com.br\\\/vagas-de-emprego-nacionais\\\/\"},{\"@type\":\"ListItem\",\"position\":3,\"name\":\"Grupo Muffato: 900 vagas de EMPREGO abertas pelo pa\u00eds\"}]},{\"@type\":\"WebSite\",\"@id\":\"https:\\\/\\\/www.vagadeempregorj.com.br\\\/#website\",\"url\":\"https:\\\/\\\/www.vagadeempregorj.com.br\\\/\",\"name\":\"\",\"description\":\"Conquiste Sonhos: Vagas, Benef\u00edcios e Economia para Transformar Vidas e Alcan\u00e7ar Melhorias Cotidianas\",\"potentialAction\":[{\"@type\":\"SearchAction\",\"target\":{\"@type\":\"EntryPoint\",\"urlTemplate\":\"https:\\\/\\\/www.vagadeempregorj.com.br\\\/?s={search_term_string}\"},\"query-input\":{\"@type\":\"PropertyValueSpecification\",\"valueRequired\":true,\"valueName\":\"search_term_string\"}}],\"inLanguage\":\"fr-FR\"},{\"@type\":\"Person\",\"@id\":\"https:\\\/\\\/www.vagadeempregorj.com.br\\\/#\\\/schema\\\/person\\\/3ddb19fa0539706786e502152f3aae95\",\"name\":\"Michele\",\"image\":{\"@type\":\"ImageObject\",\"inLanguage\":\"fr-FR\",\"@id\":\"https:\\\/\\\/secure.gravatar.com\\\/avatar\\\/6b0eb9d22841282815e2cd856a0061c45e1761cd54b22e952d98c4746939aa85?s=96&r=g\",\"url\":\"https:\\\/\\\/secure.gravatar.com\\\/avatar\\\/6b0eb9d22841282815e2cd856a0061c45e1761cd54b22e952d98c4746939aa85?s=96&r=g\",\"contentUrl\":\"https:\\\/\\\/secure.gravatar.com\\\/avatar\\\/6b0eb9d22841282815e2cd856a0061c45e1761cd54b22e952d98c4746939aa85?s=96&r=g\",\"caption\":\"Michele\"},\"description\":\"Formada em Letras - Portugu\u00eas\\\/ Ingl\u00eas, e idealizadora do site Escritora de Sucesso, busca expandir o conhecimento de todos com informa\u00e7\u00f5es relevantes sobre diversos assuntos, enquanto redatora. No Vaga de Emprego RJ, traz oportunidades e dicas sobre o mercado de trabalho.\",\"url\":\"https:\\\/\\\/www.vagadeempregorj.com.br\\\/fr\\\/author\\\/michele\\\/\"}]}<\/script>\n<!-- \/ Yoast SEO plugin. -->","yoast_head_json":{"title":"Grupo Muffato: 900 vagas de EMPREGO abertas pelo pa\u00eds -","description":"Veja em Vagas de Emprego RJ as vagas de emprego com e sem experi\u00eancia no seu Estado e Regi\u00e3o!","robots":{"index":"index","follow":"follow","max-snippet":"max-snippet:-1","max-image-preview":"max-image-preview:large","max-video-preview":"max-video-preview:-1"},"canonical":"https:\/\/www.vagadeempregorj.com.br\/fr\/grupo-muffato-900-vagas-de-emprego-abertas-pelo-pais\/","og_locale":"fr_FR","og_type":"article","og_title":"Grupo Muffato: 900 vagas de EMPREGO abertas pelo pa\u00eds -","og_description":"Veja em Vagas de Emprego RJ as vagas de emprego com e sem experi\u00eancia no seu Estado e Regi\u00e3o!","og_url":"https:\/\/www.vagadeempregorj.com.br\/fr\/grupo-muffato-900-vagas-de-emprego-abertas-pelo-pais\/","article_publisher":"https:\/\/www.facebook.com\/empregobrasiloficial","article_published_time":"2024-09-15T09:10:00+00:00","og_image":[{"width":848,"height":388,"url":"https:\/\/www.vagadeempregorj.com.br\/wp-content\/uploads\/2024\/09\/image-15.png","type":"image\/png"}],"author":"Michele","twitter_card":"summary_large_image","twitter_misc":{"Written by":"Michele","Est. reading time":"3 minutes"},"schema":{"@context":"https:\/\/schema.org","@graph":[{"@type":"Article","@id":"https:\/\/www.vagadeempregorj.com.br\/grupo-muffato-900-vagas-de-emprego-abertas-pelo-pais\/#article","isPartOf":{"@id":"https:\/\/www.vagadeempregorj.com.br\/grupo-muffato-900-vagas-de-emprego-abertas-pelo-pais\/"},"author":{"name":"Michele","@id":"https:\/\/www.vagadeempregorj.com.br\/#\/schema\/person\/3ddb19fa0539706786e502152f3aae95"},"headline":"Grupo Muffato: 900 vagas de EMPREGO abertas pelo pa\u00eds","datePublished":"2024-09-15T09:10:00+00:00","mainEntityOfPage":{"@id":"https:\/\/www.vagadeempregorj.com.br\/grupo-muffato-900-vagas-de-emprego-abertas-pelo-pais\/"},"wordCount":634,"image":{"@id":"https:\/\/www.vagadeempregorj.com.br\/grupo-muffato-900-vagas-de-emprego-abertas-pelo-pais\/#primaryimage"},"thumbnailUrl":"https:\/\/www.vagadeempregorj.com.br\/wp-content\/uploads\/2024\/09\/image-15.png","articleSection":["Vagas de Emprego Nacionais"],"inLanguage":"fr-FR"},{"@type":"WebPage","@id":"https:\/\/www.vagadeempregorj.com.br\/grupo-muffato-900-vagas-de-emprego-abertas-pelo-pais\/","url":"https:\/\/www.vagadeempregorj.com.br\/grupo-muffato-900-vagas-de-emprego-abertas-pelo-pais\/","name":"Grupo Muffato: 900 vagas de EMPREGO abertas pelo pa\u00eds -","isPartOf":{"@id":"https:\/\/www.vagadeempregorj.com.br\/#website"},"primaryImageOfPage":{"@id":"https:\/\/www.vagadeempregorj.com.br\/grupo-muffato-900-vagas-de-emprego-abertas-pelo-pais\/#primaryimage"},"image":{"@id":"https:\/\/www.vagadeempregorj.com.br\/grupo-muffato-900-vagas-de-emprego-abertas-pelo-pais\/#primaryimage"},"thumbnailUrl":"https:\/\/www.vagadeempregorj.com.br\/wp-content\/uploads\/2024\/09\/image-15.png","datePublished":"2024-09-15T09:10:00+00:00","author":{"@id":"https:\/\/www.vagadeempregorj.com.br\/#\/schema\/person\/3ddb19fa0539706786e502152f3aae95"},"description":"Veja em Vagas de Emprego RJ as vagas de emprego com e sem experi\u00eancia no seu Estado e Regi\u00e3o!","breadcrumb":{"@id":"https:\/\/www.vagadeempregorj.com.br\/grupo-muffato-900-vagas-de-emprego-abertas-pelo-pais\/#breadcrumb"},"inLanguage":"fr-FR","potentialAction":[{"@type":"ReadAction","target":["https:\/\/www.vagadeempregorj.com.br\/grupo-muffato-900-vagas-de-emprego-abertas-pelo-pais\/"]}]},{"@type":"ImageObject","inLanguage":"fr-FR","@id":"https:\/\/www.vagadeempregorj.com.br\/grupo-muffato-900-vagas-de-emprego-abertas-pelo-pais\/#primaryimage","url":"https:\/\/www.vagadeempregorj.com.br\/wp-content\/uploads\/2024\/09\/image-15.png","contentUrl":"https:\/\/www.vagadeempregorj.com.br\/wp-content\/uploads\/2024\/09\/image-15.png","width":848,"height":388},{"@type":"BreadcrumbList","@id":"https:\/\/www.vagadeempregorj.com.br\/grupo-muffato-900-vagas-de-emprego-abertas-pelo-pais\/#breadcrumb","itemListElement":[{"@type":"ListItem","position":1,"name":"In\u00edcio","item":"https:\/\/www.vagadeempregorj.com.br\/"},{"@type":"ListItem","position":2,"name":"Vagas de Emprego Nacionais","item":"https:\/\/www.vagadeempregorj.com.br\/vagas-de-emprego-nacionais\/"},{"@type":"ListItem","position":3,"name":"Grupo Muffato: 900 vagas de EMPREGO abertas pelo pa\u00eds"}]},{"@type":"WebSite","@id":"https:\/\/www.vagadeempregorj.com.br\/#website","url":"https:\/\/www.vagadeempregorj.com.br\/","name":"","description":"Conquiste Sonhos: Vagas, Benef\u00edcios e Economia para Transformar Vidas e Alcan\u00e7ar Melhorias Cotidianas","potentialAction":[{"@type":"SearchAction","target":{"@type":"EntryPoint","urlTemplate":"https:\/\/www.vagadeempregorj.com.br\/?s={search_term_string}"},"query-input":{"@type":"PropertyValueSpecification","valueRequired":true,"valueName":"search_term_string"}}],"inLanguage":"fr-FR"},{"@type":"Person","@id":"https:\/\/www.vagadeempregorj.com.br\/#\/schema\/person\/3ddb19fa0539706786e502152f3aae95","name":"Michele","image":{"@type":"ImageObject","inLanguage":"fr-FR","@id":"https:\/\/secure.gravatar.com\/avatar\/6b0eb9d22841282815e2cd856a0061c45e1761cd54b22e952d98c4746939aa85?s=96&r=g","url":"https:\/\/secure.gravatar.com\/avatar\/6b0eb9d22841282815e2cd856a0061c45e1761cd54b22e952d98c4746939aa85?s=96&r=g","contentUrl":"https:\/\/secure.gravatar.com\/avatar\/6b0eb9d22841282815e2cd856a0061c45e1761cd54b22e952d98c4746939aa85?s=96&r=g","caption":"Michele"},"description":"Formada em Letras - Portugu\u00eas\/ Ingl\u00eas, e idealizadora do site Escritora de Sucesso, busca expandir o conhecimento de todos com informa\u00e7\u00f5es relevantes sobre diversos assuntos, enquanto redatora. No Vaga de Emprego RJ, traz oportunidades e dicas sobre o mercado de trabalho.","url":"https:\/\/www.vagadeempregorj.com.br\/fr\/author\/michele\/"}]}},"_links":{"self":[{"href":"https:\/\/www.vagadeempregorj.com.br\/fr\/wp-json\/wp\/v2\/posts\/40735","targetHints":{"allow":["GET"]}}],"collection":[{"href":"https:\/\/www.vagadeempregorj.com.br\/fr\/wp-json\/wp\/v2\/posts"}],"about":[{"href":"https:\/\/www.vagadeempregorj.com.br\/fr\/wp-json\/wp\/v2\/types\/post"}],"author":[{"embeddable":true,"href":"https:\/\/www.vagadeempregorj.com.br\/fr\/wp-json\/wp\/v2\/users\/16"}],"replies":[{"embeddable":true,"href":"https:\/\/www.vagadeempregorj.com.br\/fr\/wp-json\/wp\/v2\/comments?post=40735"}],"version-history":[{"count":0,"href":"https:\/\/www.vagadeempregorj.com.br\/fr\/wp-json\/wp\/v2\/posts\/40735\/revisions"}],"wp:featuredmedia":[{"embeddable":true,"href":"https:\/\/www.vagadeempregorj.com.br\/fr\/wp-json\/wp\/v2\/media\/40742"}],"wp:attachment":[{"href":"https:\/\/www.vagadeempregorj.com.br\/fr\/wp-json\/wp\/v2\/media?parent=40735"}],"wp:term":[{"taxonomy":"category","embeddable":true,"href":"https:\/\/www.vagadeempregorj.com.br\/fr\/wp-json\/wp\/v2\/categories?post=40735"},{"taxonomy":"post_tag","embeddable":true,"href":"https:\/\/www.vagadeempregorj.com.br\/fr\/wp-json\/wp\/v2\/tags?post=40735"}],"curies":[{"name":"wp","href":"https:\/\/api.w.org\/{rel}","templated":true}]}}