{"id":40829,"date":"2024-09-24T06:00:00","date_gmt":"2024-09-24T09:00:00","guid":{"rendered":"https:\/\/www.vagadeempregorj.com.br\/?p=40829"},"modified":"2024-09-21T14:56:20","modified_gmt":"2024-09-21T17:56:20","slug":"como-a-inflacao-afeta-as-vagas-de-emprego-em-2024","status":"publish","type":"post","link":"https:\/\/www.vagadeempregorj.com.br\/fr\/como-a-inflacao-afeta-as-vagas-de-emprego-em-2024\/","title":{"rendered":"Como a infla\u00e7\u00e3o afeta as vagas de emprego em 2024"},"content":{"rendered":"<p>A infla\u00e7\u00e3o \u00e9 um fen\u00f4meno econ\u00f4mico que impacta diversas \u00e1reas, incluindo o mercado de trabalho. Em 2024, as flutua\u00e7\u00f5es nos \u00edndices de pre\u00e7os t\u00eam gerado mudan\u00e7as significativas nas oportunidades de emprego e nas din\u00e2micas de contrata\u00e7\u00e3o. Compreender como a infla\u00e7\u00e3o afeta as vagas de emprego \u00e9 essencial para profissionais que buscam se adaptar a esse cen\u00e1rio. <\/p>\n\n\n\n<h2 class=\"wp-block-heading\">O que \u00e9 infla\u00e7\u00e3o?<\/h2>\n\n\n\n<p>Infla\u00e7\u00e3o \u00e9 o aumento generalizado dos pre\u00e7os de bens e servi\u00e7os em uma economia durante um determinado per\u00edodo. Quando a infla\u00e7\u00e3o est\u00e1 alta, o poder de compra das pessoas diminui, o que pode levar a mudan\u00e7as nos padr\u00f5es de consumo e, consequentemente, nas decis\u00f5es empresariais. Em 2024, a infla\u00e7\u00e3o continua a ser um tema relevante, afetando n\u00e3o apenas a economia em geral, mas tamb\u00e9m as decis\u00f5es de contrata\u00e7\u00e3o e as oportunidades de emprego.<\/p>\n\n\n\n<figure class=\"wp-block-image size-full is-resized\"><img loading=\"lazy\" decoding=\"async\" width=\"740\" height=\"493\" src=\"https:\/\/www.vagadeempregorj.com.br\/wp-content\/uploads\/2024\/09\/image-35.png\" alt=\"\" class=\"wp-image-40847\" style=\"width:840px;height:auto\" srcset=\"https:\/\/www.vagadeempregorj.com.br\/wp-content\/uploads\/2024\/09\/image-35.png 740w, https:\/\/www.vagadeempregorj.com.br\/wp-content\/uploads\/2024\/09\/image-35-300x200.png 300w, https:\/\/www.vagadeempregorj.com.br\/wp-content\/uploads\/2024\/09\/image-35-150x100.png 150w\" sizes=\"auto, (max-width: 740px) 100vw, 740px\" \/><\/figure>\n\n\n\n<h2 class=\"wp-block-heading\">Impacto nos sal\u00e1rios<\/h2>\n\n\n\n<p>Um dos efeitos mais imediatos da infla\u00e7\u00e3o no mercado de trabalho \u00e9 sua influ\u00eancia sobre os sal\u00e1rios. \u00c0 medida que o custo de vida aumenta, trabalhadores e sindicatos frequentemente buscam aumentos salariais para compensar a perda do poder aquisitivo. Isso pode resultar em:<\/p>\n\n\n\n<ul class=\"wp-block-list\">\n<li><strong>Negocia\u00e7\u00f5es salariais mais frequentes<\/strong>: Profissionais est\u00e3o se tornando mais proativos ao solicitar aumentos, levando empresas a reavaliar suas estruturas salariais.<\/li>\n\n\n\n<li><strong>Aumento de sal\u00e1rios em setores cr\u00edticos<\/strong>: Setores que enfrentam escassez de m\u00e3o de obra, como sa\u00fade e tecnologia, podem oferecer sal\u00e1rios mais altos para atrair talentos.<\/li>\n<\/ul>\n\n\n\n<h2 class=\"wp-block-heading\">Altera\u00e7\u00f5es nas estrat\u00e9gias de contrata\u00e7\u00e3o<\/h2>\n\n\n\n<p>Empresas, por sua vez, precisam adaptar suas estrat\u00e9gias de contrata\u00e7\u00e3o para responder ao ambiente inflacion\u00e1rio. Algumas das mudan\u00e7as que podem ocorrer incluem:<\/p>\n\n\n\n<ul class=\"wp-block-list\">\n<li><strong>Reavalia\u00e7\u00e3o de or\u00e7amentos<\/strong>: Com a infla\u00e7\u00e3o pressionando os custos, as empresas podem rever seus or\u00e7amentos de recrutamento e limitar a quantidade de novas contrata\u00e7\u00f5es.<\/li>\n\n\n\n<li><strong>Contrata\u00e7\u00e3o tempor\u00e1ria ou freelance<\/strong>: Para reduzir custos fixos, muitas empresas est\u00e3o optando por contratar profissionais de forma tempor\u00e1ria ou freelance, em vez de efetivar novos colaboradores.<\/li>\n\n\n\n<li><strong>Prioridade em fun\u00e7\u00f5es essenciais<\/strong>: As empresas podem focar em contratar apenas para posi\u00e7\u00f5es essenciais, adiando contrata\u00e7\u00f5es para outras fun\u00e7\u00f5es que n\u00e3o s\u00e3o imediatas.<\/li>\n<\/ul>\n\n\n\n<h2 class=\"wp-block-heading\">Mudan\u00e7as nas habilidades demandadas<\/h2>\n\n\n\n<p>Em tempos de infla\u00e7\u00e3o, as empresas tamb\u00e9m podem ajustar suas necessidades em rela\u00e7\u00e3o \u00e0s habilidades dos profissionais. Algumas habilidades tornam-se mais valorizadas, incluindo:<\/p>\n\n\n\n<ul class=\"wp-block-list\">\n<li><strong>Adaptabilidade<\/strong>: Profissionais que demonstram capacidade de adapta\u00e7\u00e3o a mudan\u00e7as r\u00e1pidas s\u00e3o mais procurados, uma vez que o ambiente econ\u00f4mico pode ser inst\u00e1vel.<\/li>\n\n\n\n<li><strong>Habilidades financeiras<\/strong>: Com a infla\u00e7\u00e3o impactando os custos operacionais, habilidades em finan\u00e7as e gest\u00e3o de custos se tornam essenciais para ajudar empresas a otimizar suas opera\u00e7\u00f5es.<\/li>\n\n\n\n<li><strong>Tecnologia e automa\u00e7\u00e3o<\/strong>: A press\u00e3o inflacion\u00e1ria pode levar empresas a investir em tecnologia e automa\u00e7\u00e3o para reduzir custos, aumentando a demanda por profissionais com conhecimento em ferramentas digitais.<\/li>\n<\/ul>\n\n\n\n<h2 class=\"wp-block-heading\">Efeitos na oferta de empregos<\/h2>\n\n\n\n<p>A infla\u00e7\u00e3o pode tamb\u00e9m afetar a quantidade de vagas dispon\u00edveis no mercado. Em um ambiente de alta infla\u00e7\u00e3o, as empresas podem hesitar em expandir suas opera\u00e7\u00f5es, resultando em:<\/p>\n\n\n\n<ul class=\"wp-block-list\">\n<li><strong>Estagna\u00e7\u00e3o no crescimento de vagas<\/strong>: Em vez de criar novas oportunidades, algumas empresas podem optar por manter suas equipes enxutas e focar em efici\u00eancia.<\/li>\n\n\n\n<li><strong>Aumento do desemprego em setores vulner\u00e1veis<\/strong>: Setores mais suscet\u00edveis \u00e0 infla\u00e7\u00e3o, como turismo e varejo, podem enfrentar demiss\u00f5es ou redu\u00e7\u00e3o de contrata\u00e7\u00f5es.<\/li>\n<\/ul>\n\n\n\n<h2 class=\"wp-block-heading\">Ajustes na cultura organizacional<\/h2>\n\n\n\n<p>Em resposta ao cen\u00e1rio inflacion\u00e1rio, as empresas podem precisar ajustar sua cultura organizacional para manter os funcion\u00e1rios motivados e engajados. Algumas abordagens incluem:<\/p>\n\n\n\n<ul class=\"wp-block-list\">\n<li><strong>Programas de bem-estar<\/strong>: Para compensar o impacto da infla\u00e7\u00e3o sobre o poder aquisitivo, empresas podem implementar programas que ajudem os funcion\u00e1rios a gerenciar suas finan\u00e7as pessoais, como workshops sobre finan\u00e7as.<\/li>\n\n\n\n<li><strong>Flexibilidade no trabalho<\/strong>: Oferecer op\u00e7\u00f5es de trabalho remoto ou h\u00edbrido pode ser uma maneira de atrair e reter talentos, permitindo que os funcion\u00e1rios economizem em custos de transporte e alimenta\u00e7\u00e3o.<\/li>\n<\/ul>\n\n\n\n<h2 class=\"wp-block-heading\">Um papel significativo nas contrata\u00e7\u00f5es<\/h2>\n\n\n\n<p>Em 2024, a infla\u00e7\u00e3o continua a ter um papel significativo nas din\u00e2micas de contrata\u00e7\u00e3o e na disponibilidade de vagas de emprego. Profissionais e empresas precisam se adaptar a esse cen\u00e1rio, sendo flex\u00edveis e proativos nas abordagens de carreira e recrutamento. Enquanto a infla\u00e7\u00e3o apresenta desafios, tamb\u00e9m cria oportunidades para aqueles que est\u00e3o dispostos a se adaptar e buscar novas habilidades.<\/p>\n\n\n\n<p>Entender como a infla\u00e7\u00e3o afeta o mercado de trabalho pode ser crucial para navegar com sucesso em sua carreira. Esteja atento \u00e0s mudan\u00e7as e prepare-se para ajustar suas estrat\u00e9gias, seja na busca por um novo emprego, seja no desenvolvimento de suas compet\u00eancias.<\/p>\n\n\n\n<p><strong>Veja tamb\u00e9m: <a href=\"https:\/\/www.vagadeempregorj.com.br\/fr\/grupo-ri-happy-abre-mais-de-300-empregos-pelo-pais\/\">Grupo Ri Happy abre mais de 300 empregos pelo pa\u00eds<\/a><\/strong><\/p>\n\n\n\n<p>24 de setembro de 2024<\/p>","protected":false},"excerpt":{"rendered":"<p>A infla\u00e7\u00e3o \u00e9 um fen\u00f4meno econ\u00f4mico que impacta diversas \u00e1reas, incluindo o mercado de trabalho. Em 2024, as flutua\u00e7\u00f5es nos \u00edndices de pre\u00e7os t\u00eam gerado mudan\u00e7as significativas nas oportunidades de emprego e nas din\u00e2micas de contrata\u00e7\u00e3o. Compreender como a infla\u00e7\u00e3o afeta as vagas de emprego \u00e9 essencial para profissionais que buscam se adaptar a esse&hellip;&nbsp;<\/p>","protected":false},"author":16,"featured_media":40847,"comment_status":"closed","ping_status":"closed","sticky":false,"template":"","format":"standard","meta":{"neve_meta_sidebar":"","neve_meta_container":"","neve_meta_enable_content_width":"","neve_meta_content_width":0,"neve_meta_title_alignment":"","neve_meta_author_avatar":"","neve_post_elements_order":"","neve_meta_disable_header":"","neve_meta_disable_footer":"","neve_meta_disable_title":"","footnotes":""},"categories":[804],"tags":[],"class_list":["post-40829","post","type-post","status-publish","format-standard","has-post-thumbnail","hentry","category-economia"],"yoast_head":"<!-- This site is optimized with the Yoast SEO plugin v27.5 - https:\/\/yoast.com\/product\/yoast-seo-wordpress\/ -->\n<title>Como a infla\u00e7\u00e3o afeta as vagas de emprego em 2024 -<\/title>\n<meta name=\"description\" content=\"Veja em Vagas de Emprego RJ as vagas de emprego com e sem experi\u00eancia no seu Estado e Regi\u00e3o!\" \/>\n<meta name=\"robots\" content=\"index, follow, max-snippet:-1, max-image-preview:large, max-video-preview:-1\" \/>\n<link rel=\"canonical\" href=\"https:\/\/www.vagadeempregorj.com.br\/fr\/como-a-inflacao-afeta-as-vagas-de-emprego-em-2024\/\" \/>\n<meta property=\"og:locale\" content=\"fr_FR\" \/>\n<meta property=\"og:type\" content=\"article\" \/>\n<meta property=\"og:title\" content=\"Como a infla\u00e7\u00e3o afeta as vagas de emprego em 2024 -\" \/>\n<meta property=\"og:description\" content=\"Veja em Vagas de Emprego RJ as vagas de emprego com e sem experi\u00eancia no seu Estado e Regi\u00e3o!\" \/>\n<meta property=\"og:url\" content=\"https:\/\/www.vagadeempregorj.com.br\/fr\/como-a-inflacao-afeta-as-vagas-de-emprego-em-2024\/\" \/>\n<meta property=\"article:publisher\" content=\"https:\/\/www.facebook.com\/empregobrasiloficial\" \/>\n<meta property=\"article:published_time\" content=\"2024-09-24T09:00:00+00:00\" \/>\n<meta property=\"og:image\" content=\"https:\/\/www.vagadeempregorj.com.br\/wp-content\/uploads\/2024\/09\/image-35.png\" \/>\n\t<meta property=\"og:image:width\" content=\"740\" \/>\n\t<meta property=\"og:image:height\" content=\"493\" \/>\n\t<meta property=\"og:image:type\" content=\"image\/png\" \/>\n<meta name=\"author\" content=\"Michele\" \/>\n<meta name=\"twitter:card\" content=\"summary_large_image\" \/>\n<meta name=\"twitter:label1\" content=\"Written by\" \/>\n\t<meta name=\"twitter:data1\" content=\"Michele\" \/>\n\t<meta name=\"twitter:label2\" content=\"Est. reading time\" \/>\n\t<meta name=\"twitter:data2\" content=\"4 minutes\" \/>\n<script type=\"application\/ld+json\" class=\"yoast-schema-graph\">{\"@context\":\"https:\\\/\\\/schema.org\",\"@graph\":[{\"@type\":\"Article\",\"@id\":\"https:\\\/\\\/www.vagadeempregorj.com.br\\\/como-a-inflacao-afeta-as-vagas-de-emprego-em-2024\\\/#article\",\"isPartOf\":{\"@id\":\"https:\\\/\\\/www.vagadeempregorj.com.br\\\/como-a-inflacao-afeta-as-vagas-de-emprego-em-2024\\\/\"},\"author\":{\"name\":\"Michele\",\"@id\":\"https:\\\/\\\/www.vagadeempregorj.com.br\\\/#\\\/schema\\\/person\\\/3ddb19fa0539706786e502152f3aae95\"},\"headline\":\"Como a infla\u00e7\u00e3o afeta as vagas de emprego em 2024\",\"datePublished\":\"2024-09-24T09:00:00+00:00\",\"mainEntityOfPage\":{\"@id\":\"https:\\\/\\\/www.vagadeempregorj.com.br\\\/como-a-inflacao-afeta-as-vagas-de-emprego-em-2024\\\/\"},\"wordCount\":830,\"image\":{\"@id\":\"https:\\\/\\\/www.vagadeempregorj.com.br\\\/como-a-inflacao-afeta-as-vagas-de-emprego-em-2024\\\/#primaryimage\"},\"thumbnailUrl\":\"https:\\\/\\\/www.vagadeempregorj.com.br\\\/wp-content\\\/uploads\\\/2024\\\/09\\\/image-35.png\",\"articleSection\":[\"Economia\"],\"inLanguage\":\"fr-FR\"},{\"@type\":\"WebPage\",\"@id\":\"https:\\\/\\\/www.vagadeempregorj.com.br\\\/como-a-inflacao-afeta-as-vagas-de-emprego-em-2024\\\/\",\"url\":\"https:\\\/\\\/www.vagadeempregorj.com.br\\\/como-a-inflacao-afeta-as-vagas-de-emprego-em-2024\\\/\",\"name\":\"Como a infla\u00e7\u00e3o afeta as vagas de emprego em 2024 -\",\"isPartOf\":{\"@id\":\"https:\\\/\\\/www.vagadeempregorj.com.br\\\/#website\"},\"primaryImageOfPage\":{\"@id\":\"https:\\\/\\\/www.vagadeempregorj.com.br\\\/como-a-inflacao-afeta-as-vagas-de-emprego-em-2024\\\/#primaryimage\"},\"image\":{\"@id\":\"https:\\\/\\\/www.vagadeempregorj.com.br\\\/como-a-inflacao-afeta-as-vagas-de-emprego-em-2024\\\/#primaryimage\"},\"thumbnailUrl\":\"https:\\\/\\\/www.vagadeempregorj.com.br\\\/wp-content\\\/uploads\\\/2024\\\/09\\\/image-35.png\",\"datePublished\":\"2024-09-24T09:00:00+00:00\",\"author\":{\"@id\":\"https:\\\/\\\/www.vagadeempregorj.com.br\\\/#\\\/schema\\\/person\\\/3ddb19fa0539706786e502152f3aae95\"},\"description\":\"Veja em Vagas de Emprego RJ as vagas de emprego com e sem experi\u00eancia no seu Estado e Regi\u00e3o!\",\"breadcrumb\":{\"@id\":\"https:\\\/\\\/www.vagadeempregorj.com.br\\\/como-a-inflacao-afeta-as-vagas-de-emprego-em-2024\\\/#breadcrumb\"},\"inLanguage\":\"fr-FR\",\"potentialAction\":[{\"@type\":\"ReadAction\",\"target\":[\"https:\\\/\\\/www.vagadeempregorj.com.br\\\/como-a-inflacao-afeta-as-vagas-de-emprego-em-2024\\\/\"]}]},{\"@type\":\"ImageObject\",\"inLanguage\":\"fr-FR\",\"@id\":\"https:\\\/\\\/www.vagadeempregorj.com.br\\\/como-a-inflacao-afeta-as-vagas-de-emprego-em-2024\\\/#primaryimage\",\"url\":\"https:\\\/\\\/www.vagadeempregorj.com.br\\\/wp-content\\\/uploads\\\/2024\\\/09\\\/image-35.png\",\"contentUrl\":\"https:\\\/\\\/www.vagadeempregorj.com.br\\\/wp-content\\\/uploads\\\/2024\\\/09\\\/image-35.png\",\"width\":740,\"height\":493},{\"@type\":\"BreadcrumbList\",\"@id\":\"https:\\\/\\\/www.vagadeempregorj.com.br\\\/como-a-inflacao-afeta-as-vagas-de-emprego-em-2024\\\/#breadcrumb\",\"itemListElement\":[{\"@type\":\"ListItem\",\"position\":1,\"name\":\"In\u00edcio\",\"item\":\"https:\\\/\\\/www.vagadeempregorj.com.br\\\/\"},{\"@type\":\"ListItem\",\"position\":2,\"name\":\"Economia\",\"item\":\"https:\\\/\\\/www.vagadeempregorj.com.br\\\/economia\\\/\"},{\"@type\":\"ListItem\",\"position\":3,\"name\":\"Como a infla\u00e7\u00e3o afeta as vagas de emprego em 2024\"}]},{\"@type\":\"WebSite\",\"@id\":\"https:\\\/\\\/www.vagadeempregorj.com.br\\\/#website\",\"url\":\"https:\\\/\\\/www.vagadeempregorj.com.br\\\/\",\"name\":\"\",\"description\":\"Conquiste Sonhos: Vagas, Benef\u00edcios e Economia para Transformar Vidas e Alcan\u00e7ar Melhorias Cotidianas\",\"potentialAction\":[{\"@type\":\"SearchAction\",\"target\":{\"@type\":\"EntryPoint\",\"urlTemplate\":\"https:\\\/\\\/www.vagadeempregorj.com.br\\\/?s={search_term_string}\"},\"query-input\":{\"@type\":\"PropertyValueSpecification\",\"valueRequired\":true,\"valueName\":\"search_term_string\"}}],\"inLanguage\":\"fr-FR\"},{\"@type\":\"Person\",\"@id\":\"https:\\\/\\\/www.vagadeempregorj.com.br\\\/#\\\/schema\\\/person\\\/3ddb19fa0539706786e502152f3aae95\",\"name\":\"Michele\",\"image\":{\"@type\":\"ImageObject\",\"inLanguage\":\"fr-FR\",\"@id\":\"https:\\\/\\\/secure.gravatar.com\\\/avatar\\\/6b0eb9d22841282815e2cd856a0061c45e1761cd54b22e952d98c4746939aa85?s=96&r=g\",\"url\":\"https:\\\/\\\/secure.gravatar.com\\\/avatar\\\/6b0eb9d22841282815e2cd856a0061c45e1761cd54b22e952d98c4746939aa85?s=96&r=g\",\"contentUrl\":\"https:\\\/\\\/secure.gravatar.com\\\/avatar\\\/6b0eb9d22841282815e2cd856a0061c45e1761cd54b22e952d98c4746939aa85?s=96&r=g\",\"caption\":\"Michele\"},\"description\":\"Formada em Letras - Portugu\u00eas\\\/ Ingl\u00eas, e idealizadora do site Escritora de Sucesso, busca expandir o conhecimento de todos com informa\u00e7\u00f5es relevantes sobre diversos assuntos, enquanto redatora. No Vaga de Emprego RJ, traz oportunidades e dicas sobre o mercado de trabalho.\",\"url\":\"https:\\\/\\\/www.vagadeempregorj.com.br\\\/fr\\\/author\\\/michele\\\/\"}]}<\/script>\n<!-- \/ Yoast SEO plugin. -->","yoast_head_json":{"title":"Como a infla\u00e7\u00e3o afeta as vagas de emprego em 2024 -","description":"Veja em Vagas de Emprego RJ as vagas de emprego com e sem experi\u00eancia no seu Estado e Regi\u00e3o!","robots":{"index":"index","follow":"follow","max-snippet":"max-snippet:-1","max-image-preview":"max-image-preview:large","max-video-preview":"max-video-preview:-1"},"canonical":"https:\/\/www.vagadeempregorj.com.br\/fr\/como-a-inflacao-afeta-as-vagas-de-emprego-em-2024\/","og_locale":"fr_FR","og_type":"article","og_title":"Como a infla\u00e7\u00e3o afeta as vagas de emprego em 2024 -","og_description":"Veja em Vagas de Emprego RJ as vagas de emprego com e sem experi\u00eancia no seu Estado e Regi\u00e3o!","og_url":"https:\/\/www.vagadeempregorj.com.br\/fr\/como-a-inflacao-afeta-as-vagas-de-emprego-em-2024\/","article_publisher":"https:\/\/www.facebook.com\/empregobrasiloficial","article_published_time":"2024-09-24T09:00:00+00:00","og_image":[{"width":740,"height":493,"url":"https:\/\/www.vagadeempregorj.com.br\/wp-content\/uploads\/2024\/09\/image-35.png","type":"image\/png"}],"author":"Michele","twitter_card":"summary_large_image","twitter_misc":{"Written by":"Michele","Est. reading time":"4 minutes"},"schema":{"@context":"https:\/\/schema.org","@graph":[{"@type":"Article","@id":"https:\/\/www.vagadeempregorj.com.br\/como-a-inflacao-afeta-as-vagas-de-emprego-em-2024\/#article","isPartOf":{"@id":"https:\/\/www.vagadeempregorj.com.br\/como-a-inflacao-afeta-as-vagas-de-emprego-em-2024\/"},"author":{"name":"Michele","@id":"https:\/\/www.vagadeempregorj.com.br\/#\/schema\/person\/3ddb19fa0539706786e502152f3aae95"},"headline":"Como a infla\u00e7\u00e3o afeta as vagas de emprego em 2024","datePublished":"2024-09-24T09:00:00+00:00","mainEntityOfPage":{"@id":"https:\/\/www.vagadeempregorj.com.br\/como-a-inflacao-afeta-as-vagas-de-emprego-em-2024\/"},"wordCount":830,"image":{"@id":"https:\/\/www.vagadeempregorj.com.br\/como-a-inflacao-afeta-as-vagas-de-emprego-em-2024\/#primaryimage"},"thumbnailUrl":"https:\/\/www.vagadeempregorj.com.br\/wp-content\/uploads\/2024\/09\/image-35.png","articleSection":["Economia"],"inLanguage":"fr-FR"},{"@type":"WebPage","@id":"https:\/\/www.vagadeempregorj.com.br\/como-a-inflacao-afeta-as-vagas-de-emprego-em-2024\/","url":"https:\/\/www.vagadeempregorj.com.br\/como-a-inflacao-afeta-as-vagas-de-emprego-em-2024\/","name":"Como a infla\u00e7\u00e3o afeta as vagas de emprego em 2024 -","isPartOf":{"@id":"https:\/\/www.vagadeempregorj.com.br\/#website"},"primaryImageOfPage":{"@id":"https:\/\/www.vagadeempregorj.com.br\/como-a-inflacao-afeta-as-vagas-de-emprego-em-2024\/#primaryimage"},"image":{"@id":"https:\/\/www.vagadeempregorj.com.br\/como-a-inflacao-afeta-as-vagas-de-emprego-em-2024\/#primaryimage"},"thumbnailUrl":"https:\/\/www.vagadeempregorj.com.br\/wp-content\/uploads\/2024\/09\/image-35.png","datePublished":"2024-09-24T09:00:00+00:00","author":{"@id":"https:\/\/www.vagadeempregorj.com.br\/#\/schema\/person\/3ddb19fa0539706786e502152f3aae95"},"description":"Veja em Vagas de Emprego RJ as vagas de emprego com e sem experi\u00eancia no seu Estado e Regi\u00e3o!","breadcrumb":{"@id":"https:\/\/www.vagadeempregorj.com.br\/como-a-inflacao-afeta-as-vagas-de-emprego-em-2024\/#breadcrumb"},"inLanguage":"fr-FR","potentialAction":[{"@type":"ReadAction","target":["https:\/\/www.vagadeempregorj.com.br\/como-a-inflacao-afeta-as-vagas-de-emprego-em-2024\/"]}]},{"@type":"ImageObject","inLanguage":"fr-FR","@id":"https:\/\/www.vagadeempregorj.com.br\/como-a-inflacao-afeta-as-vagas-de-emprego-em-2024\/#primaryimage","url":"https:\/\/www.vagadeempregorj.com.br\/wp-content\/uploads\/2024\/09\/image-35.png","contentUrl":"https:\/\/www.vagadeempregorj.com.br\/wp-content\/uploads\/2024\/09\/image-35.png","width":740,"height":493},{"@type":"BreadcrumbList","@id":"https:\/\/www.vagadeempregorj.com.br\/como-a-inflacao-afeta-as-vagas-de-emprego-em-2024\/#breadcrumb","itemListElement":[{"@type":"ListItem","position":1,"name":"In\u00edcio","item":"https:\/\/www.vagadeempregorj.com.br\/"},{"@type":"ListItem","position":2,"name":"Economia","item":"https:\/\/www.vagadeempregorj.com.br\/economia\/"},{"@type":"ListItem","position":3,"name":"Como a infla\u00e7\u00e3o afeta as vagas de emprego em 2024"}]},{"@type":"WebSite","@id":"https:\/\/www.vagadeempregorj.com.br\/#website","url":"https:\/\/www.vagadeempregorj.com.br\/","name":"","description":"Conquiste Sonhos: Vagas, Benef\u00edcios e Economia para Transformar Vidas e Alcan\u00e7ar Melhorias Cotidianas","potentialAction":[{"@type":"SearchAction","target":{"@type":"EntryPoint","urlTemplate":"https:\/\/www.vagadeempregorj.com.br\/?s={search_term_string}"},"query-input":{"@type":"PropertyValueSpecification","valueRequired":true,"valueName":"search_term_string"}}],"inLanguage":"fr-FR"},{"@type":"Person","@id":"https:\/\/www.vagadeempregorj.com.br\/#\/schema\/person\/3ddb19fa0539706786e502152f3aae95","name":"Michele","image":{"@type":"ImageObject","inLanguage":"fr-FR","@id":"https:\/\/secure.gravatar.com\/avatar\/6b0eb9d22841282815e2cd856a0061c45e1761cd54b22e952d98c4746939aa85?s=96&r=g","url":"https:\/\/secure.gravatar.com\/avatar\/6b0eb9d22841282815e2cd856a0061c45e1761cd54b22e952d98c4746939aa85?s=96&r=g","contentUrl":"https:\/\/secure.gravatar.com\/avatar\/6b0eb9d22841282815e2cd856a0061c45e1761cd54b22e952d98c4746939aa85?s=96&r=g","caption":"Michele"},"description":"Formada em Letras - Portugu\u00eas\/ Ingl\u00eas, e idealizadora do site Escritora de Sucesso, busca expandir o conhecimento de todos com informa\u00e7\u00f5es relevantes sobre diversos assuntos, enquanto redatora. No Vaga de Emprego RJ, traz oportunidades e dicas sobre o mercado de trabalho.","url":"https:\/\/www.vagadeempregorj.com.br\/fr\/author\/michele\/"}]}},"_links":{"self":[{"href":"https:\/\/www.vagadeempregorj.com.br\/fr\/wp-json\/wp\/v2\/posts\/40829","targetHints":{"allow":["GET"]}}],"collection":[{"href":"https:\/\/www.vagadeempregorj.com.br\/fr\/wp-json\/wp\/v2\/posts"}],"about":[{"href":"https:\/\/www.vagadeempregorj.com.br\/fr\/wp-json\/wp\/v2\/types\/post"}],"author":[{"embeddable":true,"href":"https:\/\/www.vagadeempregorj.com.br\/fr\/wp-json\/wp\/v2\/users\/16"}],"replies":[{"embeddable":true,"href":"https:\/\/www.vagadeempregorj.com.br\/fr\/wp-json\/wp\/v2\/comments?post=40829"}],"version-history":[{"count":0,"href":"https:\/\/www.vagadeempregorj.com.br\/fr\/wp-json\/wp\/v2\/posts\/40829\/revisions"}],"wp:featuredmedia":[{"embeddable":true,"href":"https:\/\/www.vagadeempregorj.com.br\/fr\/wp-json\/wp\/v2\/media\/40847"}],"wp:attachment":[{"href":"https:\/\/www.vagadeempregorj.com.br\/fr\/wp-json\/wp\/v2\/media?parent=40829"}],"wp:term":[{"taxonomy":"category","embeddable":true,"href":"https:\/\/www.vagadeempregorj.com.br\/fr\/wp-json\/wp\/v2\/categories?post=40829"},{"taxonomy":"post_tag","embeddable":true,"href":"https:\/\/www.vagadeempregorj.com.br\/fr\/wp-json\/wp\/v2\/tags?post=40829"}],"curies":[{"name":"wp","href":"https:\/\/api.w.org\/{rel}","templated":true}]}}