{"id":40843,"date":"2024-10-15T06:00:00","date_gmt":"2024-10-15T09:00:00","guid":{"rendered":"https:\/\/www.vagadeempregorj.com.br\/?p=40843"},"modified":"2024-09-21T15:02:06","modified_gmt":"2024-09-21T18:02:06","slug":"carrefour-veja-as-vagas-de-emprego-pelo-pais","status":"publish","type":"post","link":"https:\/\/www.vagadeempregorj.com.br\/fr\/carrefour-veja-as-vagas-de-emprego-pelo-pais\/","title":{"rendered":"Carrefour: veja as vagas de emprego pelo pa\u00eds"},"content":{"rendered":"<p>O Carrefour \u00e9 uma das maiores redes de supermercados do mundo e, no Brasil, a empresa oferece diversas oportunidades de emprego em diferentes regi\u00f5es. Com uma grande presen\u00e7a no mercado varejista, a empresa tem vagas para profissionais de v\u00e1rias \u00e1reas e n\u00edveis de experi\u00eancia. Se voc\u00ea est\u00e1 em busca de uma nova oportunidade de trabalho, o Carrefour pode ser o lugar certo para iniciar ou dar continuidade \u00e0 sua carreira.<\/p>\n\n\n\n<h2 class=\"wp-block-heading\">Oportunidades de emprego no Carrefour<\/h2>\n\n\n\n<p>O Carrefour oferece vagas em diversas \u00e1reas, desde posi\u00e7\u00f5es administrativas at\u00e9 fun\u00e7\u00f5es operacionais em lojas e centros de distribui\u00e7\u00e3o. A empresa busca profissionais que estejam alinhados com sua cultura de inova\u00e7\u00e3o, excel\u00eancia no atendimento ao cliente e foco em resultados.<\/p>\n\n\n\n<figure class=\"wp-block-image size-large\"><img loading=\"lazy\" decoding=\"async\" width=\"1024\" height=\"683\" src=\"https:\/\/www.vagadeempregorj.com.br\/wp-content\/uploads\/2024\/09\/image-42-1024x683.png\" alt=\"\" class=\"wp-image-40861\" srcset=\"https:\/\/www.vagadeempregorj.com.br\/wp-content\/uploads\/2024\/09\/image-42-1024x683.png 1024w, https:\/\/www.vagadeempregorj.com.br\/wp-content\/uploads\/2024\/09\/image-42-300x200.png 300w, https:\/\/www.vagadeempregorj.com.br\/wp-content\/uploads\/2024\/09\/image-42-768x512.png 768w, https:\/\/www.vagadeempregorj.com.br\/wp-content\/uploads\/2024\/09\/image-42-1536x1024.png 1536w, https:\/\/www.vagadeempregorj.com.br\/wp-content\/uploads\/2024\/09\/image-42-150x100.png 150w, https:\/\/www.vagadeempregorj.com.br\/wp-content\/uploads\/2024\/09\/image-42.png 1600w\" sizes=\"auto, (max-width: 1024px) 100vw, 1024px\" \/><\/figure>\n\n\n\n<p>Entre as principais \u00e1reas de contrata\u00e7\u00e3o est\u00e3o:<\/p>\n\n\n\n<ul class=\"wp-block-list\">\n<li><strong>Varejo<\/strong>: O Carrefour est\u00e1 sempre em busca de atendentes de caixa, repositores, operadores de loja, fiscais de preven\u00e7\u00e3o e seguran\u00e7a, e profissionais de atendimento ao cliente. Esses cargos s\u00e3o fundamentais para o funcionamento das lojas e garantem uma experi\u00eancia de compra satisfat\u00f3ria para os clientes.<\/li>\n\n\n\n<li><strong>Log\u00edstica e distribui\u00e7\u00e3o<\/strong>: Com centros de distribui\u00e7\u00e3o em v\u00e1rias regi\u00f5es do pa\u00eds, o Carrefour precisa de profissionais na \u00e1rea de log\u00edstica, como operadores de empilhadeira, conferentes, assistentes e supervisores de estoque. O setor log\u00edstico \u00e9 essencial para garantir que as lojas estejam sempre abastecidas com os produtos dispon\u00edveis nas prateleiras.<\/li>\n\n\n\n<li><strong>Administra\u00e7\u00e3o e gest\u00e3o<\/strong>: H\u00e1 tamb\u00e9m oportunidades em cargos administrativos, como assistentes, analistas e coordenadores em \u00e1reas como finan\u00e7as, recursos humanos, marketing e compras. Esses profissionais s\u00e3o respons\u00e1veis por manter a opera\u00e7\u00e3o estrat\u00e9gica da empresa funcionando de forma eficiente.<\/li>\n\n\n\n<li><strong>Tecnologia<\/strong>: Com o crescimento do com\u00e9rcio eletr\u00f4nico, a \u00e1rea de TI no Carrefour tem ganhado cada vez mais destaque. Profissionais de tecnologia, como desenvolvedores, analistas de sistemas, especialistas em e-commerce e suporte t\u00e9cnico, s\u00e3o necess\u00e1rios para garantir que as opera\u00e7\u00f5es digitais da empresa sejam eficazes e seguras.<\/li>\n\n\n\n<li><strong>Carreiras de lideran\u00e7a<\/strong>: Al\u00e9m de oportunidades em cargos operacionais, o Carrefour tamb\u00e9m oferece vagas para l\u00edderes, como gerentes de loja, supervisores de \u00e1rea, e coordenadores de opera\u00e7\u00f5es. Esses profissionais t\u00eam a miss\u00e3o de garantir que as equipes estejam motivadas e que os processos estejam alinhados com as metas estrat\u00e9gicas da empresa.<\/li>\n<\/ul>\n\n\n\n<h2 class=\"wp-block-heading\">Como encontrar as vagas de emprego<\/h2>\n\n\n\n<p>Para encontrar as vagas de emprego dispon\u00edveis no Carrefour, existem alguns caminhos que voc\u00ea pode seguir. A empresa disponibiliza suas oportunidades em plataformas de recrutamento e tamb\u00e9m no seu pr\u00f3prio site, o que facilita a busca por vagas espec\u00edficas de acordo com a sua localiza\u00e7\u00e3o e perfil.<\/p>\n\n\n\n<p>Veja como encontrar as vagas de forma eficiente:<\/p>\n\n\n\n<ul class=\"wp-block-list\">\n<li><strong>Site oficial do Carrefour<\/strong>: O portal de carreiras da empresa \u00e9 uma das melhores formas de encontrar vagas abertas. Nele, voc\u00ea pode filtrar as oportunidades por localidade, \u00e1rea de atua\u00e7\u00e3o e n\u00edvel de experi\u00eancia. Acesse a se\u00e7\u00e3o de &#8220;Trabalhe Conosco&#8221; no site oficial do Carrefour e confira as vagas dispon\u00edveis.<\/li>\n\n\n\n<li><strong>LinkedIn<\/strong>: A rede social profissional tamb\u00e9m \u00e9 uma ferramenta poderosa para quem busca uma vaga no Carrefour. A empresa publica suas vagas de emprego no LinkedIn, permitindo que os candidatos acompanhem as novidades e se candidatem diretamente pela plataforma.<\/li>\n\n\n\n<li><strong>Portais de vagas<\/strong>: Plataformas como InfoJobs, Indeed e Vagas.com frequentemente listam vagas de emprego no Carrefour. Voc\u00ea pode criar alertas de vagas nesses sites para ser notificado sempre que uma nova oportunidade for aberta em sua regi\u00e3o ou \u00e1rea de interesse.<\/li>\n\n\n\n<li><strong>Ag\u00eancias de emprego<\/strong>: Em algumas cidades, o Carrefour tamb\u00e9m trabalha com ag\u00eancias de emprego para facilitar o processo de recrutamento, especialmente para cargos operacionais. Vale a pena verificar as ag\u00eancias locais que recrutam para a rede.<\/li>\n<\/ul>\n\n\n\n<h2 class=\"wp-block-heading\">Requisitos e perfil dos candidatos<\/h2>\n\n\n\n<p>O Carrefour valoriza profissionais que estejam dispostos a aprender, que tenham esp\u00edrito de equipe e que desejem crescer junto com a empresa. A maioria das vagas operacionais n\u00e3o exige experi\u00eancia pr\u00e9via, mas \u00e9 essencial que o candidato tenha vontade de aprender e se desenvolver.<\/p>\n\n\n\n<p>Os requisitos podem variar de acordo com o cargo, mas alguns pontos s\u00e3o comuns nas descri\u00e7\u00f5es das vagas:<\/p>\n\n\n\n<ul class=\"wp-block-list\">\n<li><strong>Ensino m\u00e9dio completo<\/strong>: A maioria das vagas operacionais exige, no m\u00ednimo, o ensino m\u00e9dio completo. Para cargos administrativos ou de lideran\u00e7a, \u00e9 necess\u00e1rio ter ensino superior ou estar cursando.<\/li>\n\n\n\n<li><strong>Disponibilidade de hor\u00e1rios<\/strong>: Como o Carrefour opera em regime de turnos, a disponibilidade para trabalhar em diferentes hor\u00e1rios \u00e9 um diferencial importante, especialmente para fun\u00e7\u00f5es nas lojas e centros de distribui\u00e7\u00e3o.<\/li>\n\n\n\n<li><strong>Boa comunica\u00e7\u00e3o e trabalho em equipe<\/strong>: A empresa valoriza profissionais que tenham boas habilidades de comunica\u00e7\u00e3o e que saibam trabalhar em equipe, j\u00e1 que o ambiente de varejo e log\u00edstica exige uma grande intera\u00e7\u00e3o entre diferentes setores e pessoas.<\/li>\n\n\n\n<li><strong>Conhecimento em tecnologia<\/strong>: Para cargos na \u00e1rea de TI e para quem pretende trabalhar no e-commerce, ter conhecimento em tecnologia \u00e9 um requisito indispens\u00e1vel. A experi\u00eancia com ferramentas digitais pode ser um diferencial tamb\u00e9m para cargos administrativos.<\/li>\n<\/ul>\n\n\n\n<h2 class=\"wp-block-heading\">Benef\u00edcios e crescimento profissional<\/h2>\n\n\n\n<p>Trabalhar no Carrefour oferece uma s\u00e9rie de benef\u00edcios, al\u00e9m da oportunidade de crescimento dentro da empresa. A rede varejista investe no desenvolvimento de seus colaboradores, oferecendo treinamentos e programas de capacita\u00e7\u00e3o para que eles possam evoluir em suas carreiras.<\/p>\n\n\n\n<p>Entre os principais benef\u00edcios oferecidos aos funcion\u00e1rios, est\u00e3o:<\/p>\n\n\n\n<ul class=\"wp-block-list\">\n<li><strong>Vale-alimenta\u00e7\u00e3o ou refei\u00e7\u00e3o<\/strong>: Dependendo do cargo e da localidade, o Carrefour oferece vale-alimenta\u00e7\u00e3o ou refei\u00e7\u00e3o para ajudar os colaboradores nas despesas com alimenta\u00e7\u00e3o.<\/li>\n\n\n\n<li><strong>Assist\u00eancia m\u00e9dica e odontol\u00f3gica<\/strong>: A empresa disponibiliza planos de sa\u00fade e odontol\u00f3gicos para os seus colaboradores, o que garante acesso a cuidados de sa\u00fade de qualidade.<\/li>\n\n\n\n<li><strong>Descontos em produtos<\/strong>: Uma vantagem de trabalhar no Carrefour \u00e9 a possibilidade de obter descontos em compras realizadas nas lojas da rede, o que pode ser uma economia significativa no dia a dia.<\/li>\n\n\n\n<li><strong>Treinamento e desenvolvimento<\/strong>: O Carrefour oferece programas de capacita\u00e7\u00e3o e treinamento, tanto para cargos operacionais quanto para posi\u00e7\u00f5es de lideran\u00e7a, visando o crescimento profissional e o desenvolvimento de novas habilidades.<\/li>\n\n\n\n<li><strong>Plano de carreira<\/strong>: A empresa tem um plano de carreira estruturado, que permite que os funcion\u00e1rios se desenvolvam e conquistem cargos de maior responsabilidade dentro da organiza\u00e7\u00e3o.<\/li>\n<\/ul>\n\n\n\n<h2 class=\"wp-block-heading\">Como se preparar para o processo seletivo<\/h2>\n\n\n\n<p>O processo seletivo do Carrefour varia conforme o cargo pretendido. Em geral, ele envolve etapas como a an\u00e1lise de curr\u00edculo, entrevistas presenciais ou online, e, em alguns casos, testes espec\u00edficos de habilidades.<\/p>\n\n\n\n<p>Para aumentar suas chances de sucesso, aqui est\u00e3o algumas dicas:<\/p>\n\n\n\n<ul class=\"wp-block-list\">\n<li><strong>Prepare um bom curr\u00edculo<\/strong>: Mantenha seu curr\u00edculo atualizado, destacando suas experi\u00eancias anteriores, habilidades relevantes para o cargo e qualquer curso ou certifica\u00e7\u00e3o que possa ser um diferencial.<\/li>\n\n\n\n<li><strong>Esteja pronto para a entrevista<\/strong>: Pesquise sobre a empresa, entenda seus valores e miss\u00f5es, e esteja preparado para responder perguntas sobre como voc\u00ea pode contribuir para o Carrefour. Demonstrar conhecimento sobre a empresa mostra interesse e pode fazer voc\u00ea se destacar.<\/li>\n\n\n\n<li><strong>Seja flex\u00edvel<\/strong>: Mostre disposi\u00e7\u00e3o para trabalhar em diferentes turnos e se adaptar \u00e0s demandas da empresa. Flexibilidade \u00e9 uma qualidade muito valorizada no varejo.<\/li>\n<\/ul>\n\n\n\n<p>O Carrefour \u00e9 uma empresa que oferece diversas oportunidades de emprego em todo o Brasil, em diferentes \u00e1reas e n\u00edveis de experi\u00eancia. Seja voc\u00ea um profissional iniciante ou algu\u00e9m em busca de novos desafios, as vagas no Carrefour podem ser uma excelente op\u00e7\u00e3o para construir uma carreira s\u00f3lida e promissora.<\/p>\n\n\n\n<p>Com os benef\u00edcios oferecidos, a possibilidade de crescimento profissional e a flexibilidade de contrata\u00e7\u00e3o, o Carrefour continua sendo uma das maiores e mais atrativas redes de varejo para quem busca uma nova coloca\u00e7\u00e3o no mercado de trabalho.<\/p>\n\n\n\n<p><strong>Veja tamb\u00e9m: <a href=\"https:\/\/www.vagadeempregorj.com.br\/fr\/grupo-ri-happy-abre-mais-de-300-empregos-pelo-pais\/\">Grupo Ri Happy abre mais de 300 empregos pelo pa\u00eds<\/a><\/strong><\/p>\n\n\n\n<p>15 de outubro de 2024<\/p>","protected":false},"excerpt":{"rendered":"<p>O Carrefour \u00e9 uma das maiores redes de supermercados do mundo e, no Brasil, a empresa oferece diversas oportunidades de emprego em diferentes regi\u00f5es. Com uma grande presen\u00e7a no mercado varejista, a empresa tem vagas para profissionais de v\u00e1rias \u00e1reas e n\u00edveis de experi\u00eancia. Se voc\u00ea est\u00e1 em busca de uma nova oportunidade de trabalho,&hellip;&nbsp;<\/p>","protected":false},"author":16,"featured_media":40861,"comment_status":"closed","ping_status":"closed","sticky":false,"template":"","format":"standard","meta":{"neve_meta_sidebar":"","neve_meta_container":"","neve_meta_enable_content_width":"","neve_meta_content_width":0,"neve_meta_title_alignment":"","neve_meta_author_avatar":"","neve_post_elements_order":"","neve_meta_disable_header":"","neve_meta_disable_footer":"","neve_meta_disable_title":"","footnotes":""},"categories":[123],"tags":[],"class_list":["post-40843","post","type-post","status-publish","format-standard","has-post-thumbnail","hentry","category-vagas-de-emprego-nacionais"],"yoast_head":"<!-- This site is optimized with the Yoast SEO plugin v27.5 - https:\/\/yoast.com\/product\/yoast-seo-wordpress\/ -->\n<title>Carrefour: veja as vagas de emprego pelo pa\u00eds -<\/title>\n<meta name=\"description\" content=\"Veja em Vagas de Emprego RJ as vagas de emprego com e sem experi\u00eancia no seu Estado e Regi\u00e3o!\" \/>\n<meta name=\"robots\" content=\"index, follow, max-snippet:-1, max-image-preview:large, max-video-preview:-1\" \/>\n<link rel=\"canonical\" href=\"https:\/\/www.vagadeempregorj.com.br\/fr\/carrefour-veja-as-vagas-de-emprego-pelo-pais\/\" \/>\n<meta property=\"og:locale\" content=\"fr_FR\" \/>\n<meta property=\"og:type\" content=\"article\" \/>\n<meta property=\"og:title\" content=\"Carrefour: veja as vagas de emprego pelo pa\u00eds -\" \/>\n<meta property=\"og:description\" content=\"Veja em Vagas de Emprego RJ as vagas de emprego com e sem experi\u00eancia no seu Estado e Regi\u00e3o!\" \/>\n<meta property=\"og:url\" content=\"https:\/\/www.vagadeempregorj.com.br\/fr\/carrefour-veja-as-vagas-de-emprego-pelo-pais\/\" \/>\n<meta property=\"article:publisher\" content=\"https:\/\/www.facebook.com\/empregobrasiloficial\" \/>\n<meta property=\"article:published_time\" content=\"2024-10-15T09:00:00+00:00\" \/>\n<meta property=\"og:image\" content=\"https:\/\/www.vagadeempregorj.com.br\/wp-content\/uploads\/2024\/09\/image-42-1024x683.png\" \/>\n\t<meta property=\"og:image:width\" content=\"1024\" \/>\n\t<meta property=\"og:image:height\" content=\"683\" \/>\n\t<meta property=\"og:image:type\" content=\"image\/png\" \/>\n<meta name=\"author\" content=\"Michele\" \/>\n<meta name=\"twitter:card\" content=\"summary_large_image\" \/>\n<meta name=\"twitter:label1\" content=\"Written by\" \/>\n\t<meta name=\"twitter:data1\" content=\"Michele\" \/>\n\t<meta name=\"twitter:label2\" content=\"Est. reading time\" \/>\n\t<meta name=\"twitter:data2\" content=\"7 minutes\" \/>\n<script type=\"application\/ld+json\" class=\"yoast-schema-graph\">{\"@context\":\"https:\\\/\\\/schema.org\",\"@graph\":[{\"@type\":\"Article\",\"@id\":\"https:\\\/\\\/www.vagadeempregorj.com.br\\\/carrefour-veja-as-vagas-de-emprego-pelo-pais\\\/#article\",\"isPartOf\":{\"@id\":\"https:\\\/\\\/www.vagadeempregorj.com.br\\\/carrefour-veja-as-vagas-de-emprego-pelo-pais\\\/\"},\"author\":{\"name\":\"Michele\",\"@id\":\"https:\\\/\\\/www.vagadeempregorj.com.br\\\/#\\\/schema\\\/person\\\/3ddb19fa0539706786e502152f3aae95\"},\"headline\":\"Carrefour: veja as vagas de emprego pelo pa\u00eds\",\"datePublished\":\"2024-10-15T09:00:00+00:00\",\"mainEntityOfPage\":{\"@id\":\"https:\\\/\\\/www.vagadeempregorj.com.br\\\/carrefour-veja-as-vagas-de-emprego-pelo-pais\\\/\"},\"wordCount\":1344,\"image\":{\"@id\":\"https:\\\/\\\/www.vagadeempregorj.com.br\\\/carrefour-veja-as-vagas-de-emprego-pelo-pais\\\/#primaryimage\"},\"thumbnailUrl\":\"https:\\\/\\\/www.vagadeempregorj.com.br\\\/wp-content\\\/uploads\\\/2024\\\/09\\\/image-42.png\",\"articleSection\":[\"Vagas de Emprego Nacionais\"],\"inLanguage\":\"fr-FR\"},{\"@type\":\"WebPage\",\"@id\":\"https:\\\/\\\/www.vagadeempregorj.com.br\\\/carrefour-veja-as-vagas-de-emprego-pelo-pais\\\/\",\"url\":\"https:\\\/\\\/www.vagadeempregorj.com.br\\\/carrefour-veja-as-vagas-de-emprego-pelo-pais\\\/\",\"name\":\"Carrefour: veja as vagas de emprego pelo pa\u00eds -\",\"isPartOf\":{\"@id\":\"https:\\\/\\\/www.vagadeempregorj.com.br\\\/#website\"},\"primaryImageOfPage\":{\"@id\":\"https:\\\/\\\/www.vagadeempregorj.com.br\\\/carrefour-veja-as-vagas-de-emprego-pelo-pais\\\/#primaryimage\"},\"image\":{\"@id\":\"https:\\\/\\\/www.vagadeempregorj.com.br\\\/carrefour-veja-as-vagas-de-emprego-pelo-pais\\\/#primaryimage\"},\"thumbnailUrl\":\"https:\\\/\\\/www.vagadeempregorj.com.br\\\/wp-content\\\/uploads\\\/2024\\\/09\\\/image-42.png\",\"datePublished\":\"2024-10-15T09:00:00+00:00\",\"author\":{\"@id\":\"https:\\\/\\\/www.vagadeempregorj.com.br\\\/#\\\/schema\\\/person\\\/3ddb19fa0539706786e502152f3aae95\"},\"description\":\"Veja em Vagas de Emprego RJ as vagas de emprego com e sem experi\u00eancia no seu Estado e Regi\u00e3o!\",\"breadcrumb\":{\"@id\":\"https:\\\/\\\/www.vagadeempregorj.com.br\\\/carrefour-veja-as-vagas-de-emprego-pelo-pais\\\/#breadcrumb\"},\"inLanguage\":\"fr-FR\",\"potentialAction\":[{\"@type\":\"ReadAction\",\"target\":[\"https:\\\/\\\/www.vagadeempregorj.com.br\\\/carrefour-veja-as-vagas-de-emprego-pelo-pais\\\/\"]}]},{\"@type\":\"ImageObject\",\"inLanguage\":\"fr-FR\",\"@id\":\"https:\\\/\\\/www.vagadeempregorj.com.br\\\/carrefour-veja-as-vagas-de-emprego-pelo-pais\\\/#primaryimage\",\"url\":\"https:\\\/\\\/www.vagadeempregorj.com.br\\\/wp-content\\\/uploads\\\/2024\\\/09\\\/image-42.png\",\"contentUrl\":\"https:\\\/\\\/www.vagadeempregorj.com.br\\\/wp-content\\\/uploads\\\/2024\\\/09\\\/image-42.png\",\"width\":1600,\"height\":1067},{\"@type\":\"BreadcrumbList\",\"@id\":\"https:\\\/\\\/www.vagadeempregorj.com.br\\\/carrefour-veja-as-vagas-de-emprego-pelo-pais\\\/#breadcrumb\",\"itemListElement\":[{\"@type\":\"ListItem\",\"position\":1,\"name\":\"In\u00edcio\",\"item\":\"https:\\\/\\\/www.vagadeempregorj.com.br\\\/\"},{\"@type\":\"ListItem\",\"position\":2,\"name\":\"Vagas de Emprego Nacionais\",\"item\":\"https:\\\/\\\/www.vagadeempregorj.com.br\\\/vagas-de-emprego-nacionais\\\/\"},{\"@type\":\"ListItem\",\"position\":3,\"name\":\"Carrefour: veja as vagas de emprego pelo pa\u00eds\"}]},{\"@type\":\"WebSite\",\"@id\":\"https:\\\/\\\/www.vagadeempregorj.com.br\\\/#website\",\"url\":\"https:\\\/\\\/www.vagadeempregorj.com.br\\\/\",\"name\":\"\",\"description\":\"Conquiste Sonhos: Vagas, Benef\u00edcios e Economia para Transformar Vidas e Alcan\u00e7ar Melhorias Cotidianas\",\"potentialAction\":[{\"@type\":\"SearchAction\",\"target\":{\"@type\":\"EntryPoint\",\"urlTemplate\":\"https:\\\/\\\/www.vagadeempregorj.com.br\\\/?s={search_term_string}\"},\"query-input\":{\"@type\":\"PropertyValueSpecification\",\"valueRequired\":true,\"valueName\":\"search_term_string\"}}],\"inLanguage\":\"fr-FR\"},{\"@type\":\"Person\",\"@id\":\"https:\\\/\\\/www.vagadeempregorj.com.br\\\/#\\\/schema\\\/person\\\/3ddb19fa0539706786e502152f3aae95\",\"name\":\"Michele\",\"image\":{\"@type\":\"ImageObject\",\"inLanguage\":\"fr-FR\",\"@id\":\"https:\\\/\\\/secure.gravatar.com\\\/avatar\\\/6b0eb9d22841282815e2cd856a0061c45e1761cd54b22e952d98c4746939aa85?s=96&r=g\",\"url\":\"https:\\\/\\\/secure.gravatar.com\\\/avatar\\\/6b0eb9d22841282815e2cd856a0061c45e1761cd54b22e952d98c4746939aa85?s=96&r=g\",\"contentUrl\":\"https:\\\/\\\/secure.gravatar.com\\\/avatar\\\/6b0eb9d22841282815e2cd856a0061c45e1761cd54b22e952d98c4746939aa85?s=96&r=g\",\"caption\":\"Michele\"},\"description\":\"Formada em Letras - Portugu\u00eas\\\/ Ingl\u00eas, e idealizadora do site Escritora de Sucesso, busca expandir o conhecimento de todos com informa\u00e7\u00f5es relevantes sobre diversos assuntos, enquanto redatora. No Vaga de Emprego RJ, traz oportunidades e dicas sobre o mercado de trabalho.\",\"url\":\"https:\\\/\\\/www.vagadeempregorj.com.br\\\/fr\\\/author\\\/michele\\\/\"}]}<\/script>\n<!-- \/ Yoast SEO plugin. -->","yoast_head_json":{"title":"Carrefour: veja as vagas de emprego pelo pa\u00eds -","description":"Veja em Vagas de Emprego RJ as vagas de emprego com e sem experi\u00eancia no seu Estado e Regi\u00e3o!","robots":{"index":"index","follow":"follow","max-snippet":"max-snippet:-1","max-image-preview":"max-image-preview:large","max-video-preview":"max-video-preview:-1"},"canonical":"https:\/\/www.vagadeempregorj.com.br\/fr\/carrefour-veja-as-vagas-de-emprego-pelo-pais\/","og_locale":"fr_FR","og_type":"article","og_title":"Carrefour: veja as vagas de emprego pelo pa\u00eds -","og_description":"Veja em Vagas de Emprego RJ as vagas de emprego com e sem experi\u00eancia no seu Estado e Regi\u00e3o!","og_url":"https:\/\/www.vagadeempregorj.com.br\/fr\/carrefour-veja-as-vagas-de-emprego-pelo-pais\/","article_publisher":"https:\/\/www.facebook.com\/empregobrasiloficial","article_published_time":"2024-10-15T09:00:00+00:00","og_image":[{"width":1024,"height":683,"url":"https:\/\/www.vagadeempregorj.com.br\/wp-content\/uploads\/2024\/09\/image-42-1024x683.png","type":"image\/png"}],"author":"Michele","twitter_card":"summary_large_image","twitter_misc":{"Written by":"Michele","Est. reading time":"7 minutes"},"schema":{"@context":"https:\/\/schema.org","@graph":[{"@type":"Article","@id":"https:\/\/www.vagadeempregorj.com.br\/carrefour-veja-as-vagas-de-emprego-pelo-pais\/#article","isPartOf":{"@id":"https:\/\/www.vagadeempregorj.com.br\/carrefour-veja-as-vagas-de-emprego-pelo-pais\/"},"author":{"name":"Michele","@id":"https:\/\/www.vagadeempregorj.com.br\/#\/schema\/person\/3ddb19fa0539706786e502152f3aae95"},"headline":"Carrefour: veja as vagas de emprego pelo pa\u00eds","datePublished":"2024-10-15T09:00:00+00:00","mainEntityOfPage":{"@id":"https:\/\/www.vagadeempregorj.com.br\/carrefour-veja-as-vagas-de-emprego-pelo-pais\/"},"wordCount":1344,"image":{"@id":"https:\/\/www.vagadeempregorj.com.br\/carrefour-veja-as-vagas-de-emprego-pelo-pais\/#primaryimage"},"thumbnailUrl":"https:\/\/www.vagadeempregorj.com.br\/wp-content\/uploads\/2024\/09\/image-42.png","articleSection":["Vagas de Emprego Nacionais"],"inLanguage":"fr-FR"},{"@type":"WebPage","@id":"https:\/\/www.vagadeempregorj.com.br\/carrefour-veja-as-vagas-de-emprego-pelo-pais\/","url":"https:\/\/www.vagadeempregorj.com.br\/carrefour-veja-as-vagas-de-emprego-pelo-pais\/","name":"Carrefour: veja as vagas de emprego pelo pa\u00eds -","isPartOf":{"@id":"https:\/\/www.vagadeempregorj.com.br\/#website"},"primaryImageOfPage":{"@id":"https:\/\/www.vagadeempregorj.com.br\/carrefour-veja-as-vagas-de-emprego-pelo-pais\/#primaryimage"},"image":{"@id":"https:\/\/www.vagadeempregorj.com.br\/carrefour-veja-as-vagas-de-emprego-pelo-pais\/#primaryimage"},"thumbnailUrl":"https:\/\/www.vagadeempregorj.com.br\/wp-content\/uploads\/2024\/09\/image-42.png","datePublished":"2024-10-15T09:00:00+00:00","author":{"@id":"https:\/\/www.vagadeempregorj.com.br\/#\/schema\/person\/3ddb19fa0539706786e502152f3aae95"},"description":"Veja em Vagas de Emprego RJ as vagas de emprego com e sem experi\u00eancia no seu Estado e Regi\u00e3o!","breadcrumb":{"@id":"https:\/\/www.vagadeempregorj.com.br\/carrefour-veja-as-vagas-de-emprego-pelo-pais\/#breadcrumb"},"inLanguage":"fr-FR","potentialAction":[{"@type":"ReadAction","target":["https:\/\/www.vagadeempregorj.com.br\/carrefour-veja-as-vagas-de-emprego-pelo-pais\/"]}]},{"@type":"ImageObject","inLanguage":"fr-FR","@id":"https:\/\/www.vagadeempregorj.com.br\/carrefour-veja-as-vagas-de-emprego-pelo-pais\/#primaryimage","url":"https:\/\/www.vagadeempregorj.com.br\/wp-content\/uploads\/2024\/09\/image-42.png","contentUrl":"https:\/\/www.vagadeempregorj.com.br\/wp-content\/uploads\/2024\/09\/image-42.png","width":1600,"height":1067},{"@type":"BreadcrumbList","@id":"https:\/\/www.vagadeempregorj.com.br\/carrefour-veja-as-vagas-de-emprego-pelo-pais\/#breadcrumb","itemListElement":[{"@type":"ListItem","position":1,"name":"In\u00edcio","item":"https:\/\/www.vagadeempregorj.com.br\/"},{"@type":"ListItem","position":2,"name":"Vagas de Emprego Nacionais","item":"https:\/\/www.vagadeempregorj.com.br\/vagas-de-emprego-nacionais\/"},{"@type":"ListItem","position":3,"name":"Carrefour: veja as vagas de emprego pelo pa\u00eds"}]},{"@type":"WebSite","@id":"https:\/\/www.vagadeempregorj.com.br\/#website","url":"https:\/\/www.vagadeempregorj.com.br\/","name":"","description":"Conquiste Sonhos: Vagas, Benef\u00edcios e Economia para Transformar Vidas e Alcan\u00e7ar Melhorias Cotidianas","potentialAction":[{"@type":"SearchAction","target":{"@type":"EntryPoint","urlTemplate":"https:\/\/www.vagadeempregorj.com.br\/?s={search_term_string}"},"query-input":{"@type":"PropertyValueSpecification","valueRequired":true,"valueName":"search_term_string"}}],"inLanguage":"fr-FR"},{"@type":"Person","@id":"https:\/\/www.vagadeempregorj.com.br\/#\/schema\/person\/3ddb19fa0539706786e502152f3aae95","name":"Michele","image":{"@type":"ImageObject","inLanguage":"fr-FR","@id":"https:\/\/secure.gravatar.com\/avatar\/6b0eb9d22841282815e2cd856a0061c45e1761cd54b22e952d98c4746939aa85?s=96&r=g","url":"https:\/\/secure.gravatar.com\/avatar\/6b0eb9d22841282815e2cd856a0061c45e1761cd54b22e952d98c4746939aa85?s=96&r=g","contentUrl":"https:\/\/secure.gravatar.com\/avatar\/6b0eb9d22841282815e2cd856a0061c45e1761cd54b22e952d98c4746939aa85?s=96&r=g","caption":"Michele"},"description":"Formada em Letras - Portugu\u00eas\/ Ingl\u00eas, e idealizadora do site Escritora de Sucesso, busca expandir o conhecimento de todos com informa\u00e7\u00f5es relevantes sobre diversos assuntos, enquanto redatora. No Vaga de Emprego RJ, traz oportunidades e dicas sobre o mercado de trabalho.","url":"https:\/\/www.vagadeempregorj.com.br\/fr\/author\/michele\/"}]}},"_links":{"self":[{"href":"https:\/\/www.vagadeempregorj.com.br\/fr\/wp-json\/wp\/v2\/posts\/40843","targetHints":{"allow":["GET"]}}],"collection":[{"href":"https:\/\/www.vagadeempregorj.com.br\/fr\/wp-json\/wp\/v2\/posts"}],"about":[{"href":"https:\/\/www.vagadeempregorj.com.br\/fr\/wp-json\/wp\/v2\/types\/post"}],"author":[{"embeddable":true,"href":"https:\/\/www.vagadeempregorj.com.br\/fr\/wp-json\/wp\/v2\/users\/16"}],"replies":[{"embeddable":true,"href":"https:\/\/www.vagadeempregorj.com.br\/fr\/wp-json\/wp\/v2\/comments?post=40843"}],"version-history":[{"count":0,"href":"https:\/\/www.vagadeempregorj.com.br\/fr\/wp-json\/wp\/v2\/posts\/40843\/revisions"}],"wp:featuredmedia":[{"embeddable":true,"href":"https:\/\/www.vagadeempregorj.com.br\/fr\/wp-json\/wp\/v2\/media\/40861"}],"wp:attachment":[{"href":"https:\/\/www.vagadeempregorj.com.br\/fr\/wp-json\/wp\/v2\/media?parent=40843"}],"wp:term":[{"taxonomy":"category","embeddable":true,"href":"https:\/\/www.vagadeempregorj.com.br\/fr\/wp-json\/wp\/v2\/categories?post=40843"},{"taxonomy":"post_tag","embeddable":true,"href":"https:\/\/www.vagadeempregorj.com.br\/fr\/wp-json\/wp\/v2\/tags?post=40843"}],"curies":[{"name":"wp","href":"https:\/\/api.w.org\/{rel}","templated":true}]}}