{"id":40894,"date":"2024-10-10T06:00:00","date_gmt":"2024-10-10T09:00:00","guid":{"rendered":"https:\/\/www.vagadeempregorj.com.br\/?p=40894"},"modified":"2024-10-01T20:45:01","modified_gmt":"2024-10-01T23:45:01","slug":"serasa-experian-mais-de-40-vagas-de-emprego-pelo-pais","status":"publish","type":"post","link":"https:\/\/www.vagadeempregorj.com.br\/fr\/serasa-experian-mais-de-40-vagas-de-emprego-pelo-pais\/","title":{"rendered":"Serasa Experian: Mais de 40 vagas de emprego pelo pa\u00eds"},"content":{"rendered":"<p>O <strong>Serasa Experian<\/strong>, uma das maiores empresas de an\u00e1lise de cr\u00e9dito e solu\u00e7\u00f5es de informa\u00e7\u00f5es do Brasil, est\u00e1 ampliando sua equipe e anunciou a abertura de mais de 40 vagas de emprego em diversas regi\u00f5es do pa\u00eds. Esta \u00e9 uma excelente oportunidade para profissionais que desejam ingressar em uma empresa de destaque no mercado financeiro e que valoriza a inova\u00e7\u00e3o e a transforma\u00e7\u00e3o digital. Com um portf\u00f3lio robusto de servi\u00e7os, o Serasa Experian ajuda consumidores e empresas a tomarem decis\u00f5es mais seguras e informadas.<\/p>\n\n\n\n<p>Para aqueles que t\u00eam paix\u00e3o por tecnologia, finan\u00e7as e dados, as novas vagas representam uma chance de fazer parte de uma equipe que est\u00e1 na vanguarda do setor.<\/p>\n\n\n\n<figure class=\"wp-block-image size-large\"><img loading=\"lazy\" decoding=\"async\" width=\"1024\" height=\"576\" src=\"https:\/\/www.vagadeempregorj.com.br\/wp-content\/uploads\/2024\/10\/image-8-1024x576.png\" alt=\"\" class=\"wp-image-40913\" srcset=\"https:\/\/www.vagadeempregorj.com.br\/wp-content\/uploads\/2024\/10\/image-8-1024x576.png 1024w, https:\/\/www.vagadeempregorj.com.br\/wp-content\/uploads\/2024\/10\/image-8-300x169.png 300w, https:\/\/www.vagadeempregorj.com.br\/wp-content\/uploads\/2024\/10\/image-8-768x432.png 768w, https:\/\/www.vagadeempregorj.com.br\/wp-content\/uploads\/2024\/10\/image-8-383x215.png 383w, https:\/\/www.vagadeempregorj.com.br\/wp-content\/uploads\/2024\/10\/image-8-150x84.png 150w, https:\/\/www.vagadeempregorj.com.br\/wp-content\/uploads\/2024\/10\/image-8.png 1200w\" sizes=\"auto, (max-width: 1024px) 100vw, 1024px\" \/><\/figure>\n\n\n\n<h2 class=\"wp-block-heading\">Quais s\u00e3o as vagas de emprego abertas pelo Serasa Experian?<\/h2>\n\n\n\n<p>As oportunidades de emprego oferecidas pelo <strong>Serasa Experian<\/strong> s\u00e3o variadas e abrangem diferentes \u00e1reas de atua\u00e7\u00e3o. Veja algumas das vagas em destaque:<\/p>\n\n\n\n<h3 class=\"wp-block-heading\">Analista de Dados<\/h3>\n\n\n\n<p>Os analistas de dados desempenham um papel fundamental na coleta, interpreta\u00e7\u00e3o e an\u00e1lise de informa\u00e7\u00f5es que ajudam a empresa a tomar decis\u00f5es estrat\u00e9gicas. Este cargo \u00e9 ideal para quem possui habilidades anal\u00edticas, conhecimento em ferramentas de BI e experi\u00eancia em manipula\u00e7\u00e3o de grandes volumes de dados. Os profissionais dessa \u00e1rea ajudam a entender o comportamento dos clientes e a otimizar processos internos.<\/p>\n\n\n\n<h3 class=\"wp-block-heading\">Especialista em Marketing Digital<\/h3>\n\n\n\n<p>Os especialistas em marketing digital s\u00e3o respons\u00e1veis por desenvolver e implementar estrat\u00e9gias que visam aumentar a visibilidade da marca e atrair novos clientes. Esse cargo exige conhecimentos em SEO, SEM e marketing de conte\u00fado. Profissionais dessa \u00e1rea devem ter uma boa comunica\u00e7\u00e3o e habilidades anal\u00edticas para medir o sucesso das campanhas.<\/p>\n\n\n\n<h3 class=\"wp-block-heading\">Desenvolvedor de Software<\/h3>\n\n\n\n<p>Os desenvolvedores de software s\u00e3o essenciais para o desenvolvimento e manuten\u00e7\u00e3o das aplica\u00e7\u00f5es que suportam as opera\u00e7\u00f5es da empresa. Este cargo requer conhecimentos em linguagens de programa\u00e7\u00e3o, como Java, Python e SQL, al\u00e9m de uma forte compreens\u00e3o de arquitetura de software. Profissionais dessa \u00e1rea devem ser apaixonados por tecnologia e ter habilidades para resolver problemas complexos.<\/p>\n\n\n\n<h3 class=\"wp-block-heading\">Consultor de Vendas<\/h3>\n\n\n\n<p>Os consultores de vendas atuam como intermedi\u00e1rios entre a empresa e os clientes, buscando entender as necessidades dos consumidores e oferecer solu\u00e7\u00f5es que atendam a essas demandas. Este cargo exige habilidades de comunica\u00e7\u00e3o e persuas\u00e3o, al\u00e9m de um bom conhecimento dos produtos e servi\u00e7os oferecidos pela Serasa Experian.<\/p>\n\n\n\n<h3 class=\"wp-block-heading\">Gerente de Projetos<\/h3>\n\n\n\n<p>Os gerentes de projetos s\u00e3o respons\u00e1veis por planejar, executar e finalizar projetos dentro da empresa, garantindo que sejam conclu\u00eddos no prazo e dentro do or\u00e7amento. Este cargo exige habilidades de lideran\u00e7a, planejamento e uma forte capacidade de organiza\u00e7\u00e3o. Profissionais dessa \u00e1rea devem ser capazes de coordenar equipes e garantir que todos os objetivos sejam alcan\u00e7ados.<\/p>\n\n\n\n<h3 class=\"wp-block-heading\">Especialista em Seguran\u00e7a da Informa\u00e7\u00e3o<\/h3>\n\n\n\n<p>Os especialistas em seguran\u00e7a da informa\u00e7\u00e3o desempenham um papel cr\u00edtico na prote\u00e7\u00e3o dos dados da empresa e de seus clientes. Este cargo exige conhecimento em seguran\u00e7a cibern\u00e9tica e a capacidade de implementar e monitorar pol\u00edticas de seguran\u00e7a. Profissionais dessa \u00e1rea devem estar atualizados sobre as \u00faltimas amea\u00e7as e tecnologias de prote\u00e7\u00e3o de dados.<\/p>\n\n\n\n<h3 class=\"wp-block-heading\">Analista de Atendimento ao Cliente<\/h3>\n\n\n\n<p>Os analistas de atendimento ao cliente s\u00e3o a linha de frente da empresa, respons\u00e1veis por oferecer suporte e resolver problemas dos usu\u00e1rios. Este cargo exige habilidades de comunica\u00e7\u00e3o e empatia, al\u00e9m de uma capacidade de lidar com situa\u00e7\u00f5es desafiadoras. Profissionais dessa \u00e1rea s\u00e3o essenciais para garantir a satisfa\u00e7\u00e3o do cliente e a boa reputa\u00e7\u00e3o da empresa.<\/p>\n\n\n\n<h2 class=\"wp-block-heading\">Como se candidatar?<\/h2>\n\n\n\n<p>Se voc\u00ea se interessou por alguma das oportunidades oferecidas pelo Serasa Experian, o processo de candidatura \u00e9 simples e \u00e1gil. Siga os passos abaixo para garantir sua chance:<\/p>\n\n\n\n<ul class=\"wp-block-list\">\n<li>Copie e cole o endere\u00e7o a seguir em seu navegador: <strong>https:\/\/www.serasaexperian.com.br\/carreiras\/<\/strong><\/li>\n\n\n\n<li>Acesse a p\u00e1gina e encontre uma oportunidade que se adeque ao seu perfil.<\/li>\n\n\n\n<li>Clique na vaga desejada para ler mais sobre as fun\u00e7\u00f5es e requisitos.<\/li>\n\n\n\n<li>Preencha o formul\u00e1rio de candidatura com suas informa\u00e7\u00f5es e envie seu curr\u00edculo.<\/li>\n<\/ul>\n\n\n\n<p>Lembre-se de personalizar seu curr\u00edculo e carta de apresenta\u00e7\u00e3o para cada vaga. Destaque suas experi\u00eancias e habilidades que se alinham com os requisitos da posi\u00e7\u00e3o. O Serasa Experian valoriza a diversidade e est\u00e1 em busca de talentos de diferentes origens e experi\u00eancias, ent\u00e3o n\u00e3o hesite em se candidatar, mesmo que n\u00e3o atenda a todos os requisitos.<\/p>\n\n\n\n<h2 class=\"wp-block-heading\">Por que trabalhar no Serasa Experian?<\/h2>\n\n\n\n<p>Trabalhar no Serasa Experian significa fazer parte de uma empresa que valoriza o desenvolvimento e a capacita\u00e7\u00e3o de seus colaboradores. A empresa investe em treinamentos e capacita\u00e7\u00f5es, garantindo que seus funcion\u00e1rios estejam sempre atualizados sobre as tend\u00eancias do mercado e as melhores pr\u00e1ticas.<\/p>\n\n\n\n<p>Al\u00e9m disso, o Serasa Experian promove um ambiente de trabalho inclusivo e colaborativo, onde todos s\u00e3o incentivados a contribuir com suas ideias e experi\u00eancias. A empresa tamb\u00e9m \u00e9 reconhecida por suas pr\u00e1ticas sustent\u00e1veis e por seu compromisso com a responsabilidade social, o que a torna uma escolha atraente para quem busca trabalhar em uma organiza\u00e7\u00e3o que se preocupa com o impacto que causa no mundo.<\/p>\n\n\n\n<p>Outro aspecto positivo de trabalhar no Serasa Experian \u00e9 a flexibilidade. A empresa adota pol\u00edticas de trabalho remoto e h\u00edbrido, permitindo que os colaboradores tenham um equil\u00edbrio saud\u00e1vel entre vida pessoal e profissional. Isso \u00e9 especialmente importante em tempos em que o bem-estar mental e a qualidade de vida s\u00e3o priorit\u00e1rios.<\/p>\n\n\n\n<p><strong>Veja tamb\u00e9m: <a href=\"https:\/\/www.vagadeempregorj.com.br\/fr\/logistica-veja-as-vagas-de-emprego-em-alta-no-setor\/\">Log\u00edstica: veja as vagas de emprego em alta no setor<\/a><\/strong><\/p>\n\n\n\n<p>10 de outubro de 2024<\/p>","protected":false},"excerpt":{"rendered":"<p>O Serasa Experian, uma das maiores empresas de an\u00e1lise de cr\u00e9dito e solu\u00e7\u00f5es de informa\u00e7\u00f5es do Brasil, est\u00e1 ampliando sua equipe e anunciou a abertura de mais de 40 vagas de emprego em diversas regi\u00f5es do pa\u00eds. Esta \u00e9 uma excelente oportunidade para profissionais que desejam ingressar em uma empresa de destaque no mercado financeiro&hellip;&nbsp;<\/p>","protected":false},"author":16,"featured_media":40913,"comment_status":"closed","ping_status":"closed","sticky":false,"template":"","format":"standard","meta":{"neve_meta_sidebar":"","neve_meta_container":"","neve_meta_enable_content_width":"","neve_meta_content_width":0,"neve_meta_title_alignment":"","neve_meta_author_avatar":"","neve_post_elements_order":"","neve_meta_disable_header":"","neve_meta_disable_footer":"","neve_meta_disable_title":"","footnotes":""},"categories":[123],"tags":[830,608],"class_list":["post-40894","post","type-post","status-publish","format-standard","has-post-thumbnail","hentry","category-vagas-de-emprego-nacionais","tag-empregos","tag-oportunidades"],"yoast_head":"<!-- This site is optimized with the Yoast SEO plugin v27.5 - https:\/\/yoast.com\/product\/yoast-seo-wordpress\/ -->\n<title>Serasa Experian: Mais de 40 vagas de emprego pelo pa\u00eds -<\/title>\n<meta name=\"description\" content=\"Veja em Vagas de Emprego RJ as vagas de emprego com e sem experi\u00eancia no seu Estado e Regi\u00e3o!\" \/>\n<meta name=\"robots\" content=\"index, follow, max-snippet:-1, max-image-preview:large, max-video-preview:-1\" \/>\n<link rel=\"canonical\" href=\"https:\/\/www.vagadeempregorj.com.br\/fr\/serasa-experian-mais-de-40-vagas-de-emprego-pelo-pais\/\" \/>\n<meta property=\"og:locale\" content=\"fr_FR\" \/>\n<meta property=\"og:type\" content=\"article\" \/>\n<meta property=\"og:title\" content=\"Serasa Experian: Mais de 40 vagas de emprego pelo pa\u00eds -\" \/>\n<meta property=\"og:description\" content=\"Veja em Vagas de Emprego RJ as vagas de emprego com e sem experi\u00eancia no seu Estado e Regi\u00e3o!\" \/>\n<meta property=\"og:url\" content=\"https:\/\/www.vagadeempregorj.com.br\/fr\/serasa-experian-mais-de-40-vagas-de-emprego-pelo-pais\/\" \/>\n<meta property=\"article:publisher\" content=\"https:\/\/www.facebook.com\/empregobrasiloficial\" \/>\n<meta property=\"article:published_time\" content=\"2024-10-10T09:00:00+00:00\" \/>\n<meta property=\"og:image\" content=\"https:\/\/www.vagadeempregorj.com.br\/wp-content\/uploads\/2024\/10\/image-8.png\" \/>\n\t<meta property=\"og:image:width\" content=\"1200\" \/>\n\t<meta property=\"og:image:height\" content=\"675\" \/>\n\t<meta property=\"og:image:type\" content=\"image\/png\" \/>\n<meta name=\"author\" content=\"Michele\" \/>\n<meta name=\"twitter:card\" content=\"summary_large_image\" \/>\n<meta name=\"twitter:label1\" content=\"Written by\" \/>\n\t<meta name=\"twitter:data1\" content=\"Michele\" \/>\n\t<meta name=\"twitter:label2\" content=\"Est. reading time\" \/>\n\t<meta name=\"twitter:data2\" content=\"5 minutes\" \/>\n<script type=\"application\/ld+json\" class=\"yoast-schema-graph\">{\"@context\":\"https:\\\/\\\/schema.org\",\"@graph\":[{\"@type\":\"Article\",\"@id\":\"https:\\\/\\\/www.vagadeempregorj.com.br\\\/serasa-experian-mais-de-40-vagas-de-emprego-pelo-pais\\\/#article\",\"isPartOf\":{\"@id\":\"https:\\\/\\\/www.vagadeempregorj.com.br\\\/serasa-experian-mais-de-40-vagas-de-emprego-pelo-pais\\\/\"},\"author\":{\"name\":\"Michele\",\"@id\":\"https:\\\/\\\/www.vagadeempregorj.com.br\\\/#\\\/schema\\\/person\\\/3ddb19fa0539706786e502152f3aae95\"},\"headline\":\"Serasa Experian: Mais de 40 vagas de emprego pelo pa\u00eds\",\"datePublished\":\"2024-10-10T09:00:00+00:00\",\"mainEntityOfPage\":{\"@id\":\"https:\\\/\\\/www.vagadeempregorj.com.br\\\/serasa-experian-mais-de-40-vagas-de-emprego-pelo-pais\\\/\"},\"wordCount\":980,\"image\":{\"@id\":\"https:\\\/\\\/www.vagadeempregorj.com.br\\\/serasa-experian-mais-de-40-vagas-de-emprego-pelo-pais\\\/#primaryimage\"},\"thumbnailUrl\":\"https:\\\/\\\/www.vagadeempregorj.com.br\\\/wp-content\\\/uploads\\\/2024\\\/10\\\/image-8.png\",\"keywords\":[\"empregos\",\"oportunidades\"],\"articleSection\":[\"Vagas de Emprego Nacionais\"],\"inLanguage\":\"fr-FR\"},{\"@type\":\"WebPage\",\"@id\":\"https:\\\/\\\/www.vagadeempregorj.com.br\\\/serasa-experian-mais-de-40-vagas-de-emprego-pelo-pais\\\/\",\"url\":\"https:\\\/\\\/www.vagadeempregorj.com.br\\\/serasa-experian-mais-de-40-vagas-de-emprego-pelo-pais\\\/\",\"name\":\"Serasa Experian: Mais de 40 vagas de emprego pelo pa\u00eds -\",\"isPartOf\":{\"@id\":\"https:\\\/\\\/www.vagadeempregorj.com.br\\\/#website\"},\"primaryImageOfPage\":{\"@id\":\"https:\\\/\\\/www.vagadeempregorj.com.br\\\/serasa-experian-mais-de-40-vagas-de-emprego-pelo-pais\\\/#primaryimage\"},\"image\":{\"@id\":\"https:\\\/\\\/www.vagadeempregorj.com.br\\\/serasa-experian-mais-de-40-vagas-de-emprego-pelo-pais\\\/#primaryimage\"},\"thumbnailUrl\":\"https:\\\/\\\/www.vagadeempregorj.com.br\\\/wp-content\\\/uploads\\\/2024\\\/10\\\/image-8.png\",\"datePublished\":\"2024-10-10T09:00:00+00:00\",\"author\":{\"@id\":\"https:\\\/\\\/www.vagadeempregorj.com.br\\\/#\\\/schema\\\/person\\\/3ddb19fa0539706786e502152f3aae95\"},\"description\":\"Veja em Vagas de Emprego RJ as vagas de emprego com e sem experi\u00eancia no seu Estado e Regi\u00e3o!\",\"breadcrumb\":{\"@id\":\"https:\\\/\\\/www.vagadeempregorj.com.br\\\/serasa-experian-mais-de-40-vagas-de-emprego-pelo-pais\\\/#breadcrumb\"},\"inLanguage\":\"fr-FR\",\"potentialAction\":[{\"@type\":\"ReadAction\",\"target\":[\"https:\\\/\\\/www.vagadeempregorj.com.br\\\/serasa-experian-mais-de-40-vagas-de-emprego-pelo-pais\\\/\"]}]},{\"@type\":\"ImageObject\",\"inLanguage\":\"fr-FR\",\"@id\":\"https:\\\/\\\/www.vagadeempregorj.com.br\\\/serasa-experian-mais-de-40-vagas-de-emprego-pelo-pais\\\/#primaryimage\",\"url\":\"https:\\\/\\\/www.vagadeempregorj.com.br\\\/wp-content\\\/uploads\\\/2024\\\/10\\\/image-8.png\",\"contentUrl\":\"https:\\\/\\\/www.vagadeempregorj.com.br\\\/wp-content\\\/uploads\\\/2024\\\/10\\\/image-8.png\",\"width\":1200,\"height\":675},{\"@type\":\"BreadcrumbList\",\"@id\":\"https:\\\/\\\/www.vagadeempregorj.com.br\\\/serasa-experian-mais-de-40-vagas-de-emprego-pelo-pais\\\/#breadcrumb\",\"itemListElement\":[{\"@type\":\"ListItem\",\"position\":1,\"name\":\"In\u00edcio\",\"item\":\"https:\\\/\\\/www.vagadeempregorj.com.br\\\/\"},{\"@type\":\"ListItem\",\"position\":2,\"name\":\"Vagas de Emprego Nacionais\",\"item\":\"https:\\\/\\\/www.vagadeempregorj.com.br\\\/vagas-de-emprego-nacionais\\\/\"},{\"@type\":\"ListItem\",\"position\":3,\"name\":\"Serasa Experian: Mais de 40 vagas de emprego pelo pa\u00eds\"}]},{\"@type\":\"WebSite\",\"@id\":\"https:\\\/\\\/www.vagadeempregorj.com.br\\\/#website\",\"url\":\"https:\\\/\\\/www.vagadeempregorj.com.br\\\/\",\"name\":\"\",\"description\":\"Conquiste Sonhos: Vagas, Benef\u00edcios e Economia para Transformar Vidas e Alcan\u00e7ar Melhorias Cotidianas\",\"potentialAction\":[{\"@type\":\"SearchAction\",\"target\":{\"@type\":\"EntryPoint\",\"urlTemplate\":\"https:\\\/\\\/www.vagadeempregorj.com.br\\\/?s={search_term_string}\"},\"query-input\":{\"@type\":\"PropertyValueSpecification\",\"valueRequired\":true,\"valueName\":\"search_term_string\"}}],\"inLanguage\":\"fr-FR\"},{\"@type\":\"Person\",\"@id\":\"https:\\\/\\\/www.vagadeempregorj.com.br\\\/#\\\/schema\\\/person\\\/3ddb19fa0539706786e502152f3aae95\",\"name\":\"Michele\",\"image\":{\"@type\":\"ImageObject\",\"inLanguage\":\"fr-FR\",\"@id\":\"https:\\\/\\\/secure.gravatar.com\\\/avatar\\\/6b0eb9d22841282815e2cd856a0061c45e1761cd54b22e952d98c4746939aa85?s=96&r=g\",\"url\":\"https:\\\/\\\/secure.gravatar.com\\\/avatar\\\/6b0eb9d22841282815e2cd856a0061c45e1761cd54b22e952d98c4746939aa85?s=96&r=g\",\"contentUrl\":\"https:\\\/\\\/secure.gravatar.com\\\/avatar\\\/6b0eb9d22841282815e2cd856a0061c45e1761cd54b22e952d98c4746939aa85?s=96&r=g\",\"caption\":\"Michele\"},\"description\":\"Formada em Letras - Portugu\u00eas\\\/ Ingl\u00eas, e idealizadora do site Escritora de Sucesso, busca expandir o conhecimento de todos com informa\u00e7\u00f5es relevantes sobre diversos assuntos, enquanto redatora. No Vaga de Emprego RJ, traz oportunidades e dicas sobre o mercado de trabalho.\",\"url\":\"https:\\\/\\\/www.vagadeempregorj.com.br\\\/fr\\\/author\\\/michele\\\/\"}]}<\/script>\n<!-- \/ Yoast SEO plugin. -->","yoast_head_json":{"title":"Serasa Experian: Mais de 40 vagas de emprego pelo pa\u00eds -","description":"Veja em Vagas de Emprego RJ as vagas de emprego com e sem experi\u00eancia no seu Estado e Regi\u00e3o!","robots":{"index":"index","follow":"follow","max-snippet":"max-snippet:-1","max-image-preview":"max-image-preview:large","max-video-preview":"max-video-preview:-1"},"canonical":"https:\/\/www.vagadeempregorj.com.br\/fr\/serasa-experian-mais-de-40-vagas-de-emprego-pelo-pais\/","og_locale":"fr_FR","og_type":"article","og_title":"Serasa Experian: Mais de 40 vagas de emprego pelo pa\u00eds -","og_description":"Veja em Vagas de Emprego RJ as vagas de emprego com e sem experi\u00eancia no seu Estado e Regi\u00e3o!","og_url":"https:\/\/www.vagadeempregorj.com.br\/fr\/serasa-experian-mais-de-40-vagas-de-emprego-pelo-pais\/","article_publisher":"https:\/\/www.facebook.com\/empregobrasiloficial","article_published_time":"2024-10-10T09:00:00+00:00","og_image":[{"width":1200,"height":675,"url":"https:\/\/www.vagadeempregorj.com.br\/wp-content\/uploads\/2024\/10\/image-8.png","type":"image\/png"}],"author":"Michele","twitter_card":"summary_large_image","twitter_misc":{"Written by":"Michele","Est. reading time":"5 minutes"},"schema":{"@context":"https:\/\/schema.org","@graph":[{"@type":"Article","@id":"https:\/\/www.vagadeempregorj.com.br\/serasa-experian-mais-de-40-vagas-de-emprego-pelo-pais\/#article","isPartOf":{"@id":"https:\/\/www.vagadeempregorj.com.br\/serasa-experian-mais-de-40-vagas-de-emprego-pelo-pais\/"},"author":{"name":"Michele","@id":"https:\/\/www.vagadeempregorj.com.br\/#\/schema\/person\/3ddb19fa0539706786e502152f3aae95"},"headline":"Serasa Experian: Mais de 40 vagas de emprego pelo pa\u00eds","datePublished":"2024-10-10T09:00:00+00:00","mainEntityOfPage":{"@id":"https:\/\/www.vagadeempregorj.com.br\/serasa-experian-mais-de-40-vagas-de-emprego-pelo-pais\/"},"wordCount":980,"image":{"@id":"https:\/\/www.vagadeempregorj.com.br\/serasa-experian-mais-de-40-vagas-de-emprego-pelo-pais\/#primaryimage"},"thumbnailUrl":"https:\/\/www.vagadeempregorj.com.br\/wp-content\/uploads\/2024\/10\/image-8.png","keywords":["empregos","oportunidades"],"articleSection":["Vagas de Emprego Nacionais"],"inLanguage":"fr-FR"},{"@type":"WebPage","@id":"https:\/\/www.vagadeempregorj.com.br\/serasa-experian-mais-de-40-vagas-de-emprego-pelo-pais\/","url":"https:\/\/www.vagadeempregorj.com.br\/serasa-experian-mais-de-40-vagas-de-emprego-pelo-pais\/","name":"Serasa Experian: Mais de 40 vagas de emprego pelo pa\u00eds -","isPartOf":{"@id":"https:\/\/www.vagadeempregorj.com.br\/#website"},"primaryImageOfPage":{"@id":"https:\/\/www.vagadeempregorj.com.br\/serasa-experian-mais-de-40-vagas-de-emprego-pelo-pais\/#primaryimage"},"image":{"@id":"https:\/\/www.vagadeempregorj.com.br\/serasa-experian-mais-de-40-vagas-de-emprego-pelo-pais\/#primaryimage"},"thumbnailUrl":"https:\/\/www.vagadeempregorj.com.br\/wp-content\/uploads\/2024\/10\/image-8.png","datePublished":"2024-10-10T09:00:00+00:00","author":{"@id":"https:\/\/www.vagadeempregorj.com.br\/#\/schema\/person\/3ddb19fa0539706786e502152f3aae95"},"description":"Veja em Vagas de Emprego RJ as vagas de emprego com e sem experi\u00eancia no seu Estado e Regi\u00e3o!","breadcrumb":{"@id":"https:\/\/www.vagadeempregorj.com.br\/serasa-experian-mais-de-40-vagas-de-emprego-pelo-pais\/#breadcrumb"},"inLanguage":"fr-FR","potentialAction":[{"@type":"ReadAction","target":["https:\/\/www.vagadeempregorj.com.br\/serasa-experian-mais-de-40-vagas-de-emprego-pelo-pais\/"]}]},{"@type":"ImageObject","inLanguage":"fr-FR","@id":"https:\/\/www.vagadeempregorj.com.br\/serasa-experian-mais-de-40-vagas-de-emprego-pelo-pais\/#primaryimage","url":"https:\/\/www.vagadeempregorj.com.br\/wp-content\/uploads\/2024\/10\/image-8.png","contentUrl":"https:\/\/www.vagadeempregorj.com.br\/wp-content\/uploads\/2024\/10\/image-8.png","width":1200,"height":675},{"@type":"BreadcrumbList","@id":"https:\/\/www.vagadeempregorj.com.br\/serasa-experian-mais-de-40-vagas-de-emprego-pelo-pais\/#breadcrumb","itemListElement":[{"@type":"ListItem","position":1,"name":"In\u00edcio","item":"https:\/\/www.vagadeempregorj.com.br\/"},{"@type":"ListItem","position":2,"name":"Vagas de Emprego Nacionais","item":"https:\/\/www.vagadeempregorj.com.br\/vagas-de-emprego-nacionais\/"},{"@type":"ListItem","position":3,"name":"Serasa Experian: Mais de 40 vagas de emprego pelo pa\u00eds"}]},{"@type":"WebSite","@id":"https:\/\/www.vagadeempregorj.com.br\/#website","url":"https:\/\/www.vagadeempregorj.com.br\/","name":"","description":"Conquiste Sonhos: Vagas, Benef\u00edcios e Economia para Transformar Vidas e Alcan\u00e7ar Melhorias Cotidianas","potentialAction":[{"@type":"SearchAction","target":{"@type":"EntryPoint","urlTemplate":"https:\/\/www.vagadeempregorj.com.br\/?s={search_term_string}"},"query-input":{"@type":"PropertyValueSpecification","valueRequired":true,"valueName":"search_term_string"}}],"inLanguage":"fr-FR"},{"@type":"Person","@id":"https:\/\/www.vagadeempregorj.com.br\/#\/schema\/person\/3ddb19fa0539706786e502152f3aae95","name":"Michele","image":{"@type":"ImageObject","inLanguage":"fr-FR","@id":"https:\/\/secure.gravatar.com\/avatar\/6b0eb9d22841282815e2cd856a0061c45e1761cd54b22e952d98c4746939aa85?s=96&r=g","url":"https:\/\/secure.gravatar.com\/avatar\/6b0eb9d22841282815e2cd856a0061c45e1761cd54b22e952d98c4746939aa85?s=96&r=g","contentUrl":"https:\/\/secure.gravatar.com\/avatar\/6b0eb9d22841282815e2cd856a0061c45e1761cd54b22e952d98c4746939aa85?s=96&r=g","caption":"Michele"},"description":"Formada em Letras - Portugu\u00eas\/ Ingl\u00eas, e idealizadora do site Escritora de Sucesso, busca expandir o conhecimento de todos com informa\u00e7\u00f5es relevantes sobre diversos assuntos, enquanto redatora. No Vaga de Emprego RJ, traz oportunidades e dicas sobre o mercado de trabalho.","url":"https:\/\/www.vagadeempregorj.com.br\/fr\/author\/michele\/"}]}},"_links":{"self":[{"href":"https:\/\/www.vagadeempregorj.com.br\/fr\/wp-json\/wp\/v2\/posts\/40894","targetHints":{"allow":["GET"]}}],"collection":[{"href":"https:\/\/www.vagadeempregorj.com.br\/fr\/wp-json\/wp\/v2\/posts"}],"about":[{"href":"https:\/\/www.vagadeempregorj.com.br\/fr\/wp-json\/wp\/v2\/types\/post"}],"author":[{"embeddable":true,"href":"https:\/\/www.vagadeempregorj.com.br\/fr\/wp-json\/wp\/v2\/users\/16"}],"replies":[{"embeddable":true,"href":"https:\/\/www.vagadeempregorj.com.br\/fr\/wp-json\/wp\/v2\/comments?post=40894"}],"version-history":[{"count":0,"href":"https:\/\/www.vagadeempregorj.com.br\/fr\/wp-json\/wp\/v2\/posts\/40894\/revisions"}],"wp:featuredmedia":[{"embeddable":true,"href":"https:\/\/www.vagadeempregorj.com.br\/fr\/wp-json\/wp\/v2\/media\/40913"}],"wp:attachment":[{"href":"https:\/\/www.vagadeempregorj.com.br\/fr\/wp-json\/wp\/v2\/media?parent=40894"}],"wp:term":[{"taxonomy":"category","embeddable":true,"href":"https:\/\/www.vagadeempregorj.com.br\/fr\/wp-json\/wp\/v2\/categories?post=40894"},{"taxonomy":"post_tag","embeddable":true,"href":"https:\/\/www.vagadeempregorj.com.br\/fr\/wp-json\/wp\/v2\/tags?post=40894"}],"curies":[{"name":"wp","href":"https:\/\/api.w.org\/{rel}","templated":true}]}}