{"id":40926,"date":"2024-10-02T14:56:24","date_gmt":"2024-10-02T17:56:24","guid":{"rendered":"https:\/\/www.vagadeempregorj.com.br\/?p=40926"},"modified":"2025-06-15T14:46:42","modified_gmt":"2025-06-15T17:46:42","slug":"curso-de-empilhadeira-pelo-senai-quem-pode-fazer","status":"publish","type":"post","link":"https:\/\/www.vagadeempregorj.com.br\/fr\/curso-de-empilhadeira-pelo-senai-quem-pode-fazer\/","title":{"rendered":"Curso de empilhadeira pelo Senai: Quem pode fazer?"},"content":{"rendered":"<p>O mercado de trabalho est\u00e1 em constante evolu\u00e7\u00e3o, e uma das \u00e1reas que sempre apresenta boas oportunidades \u00e9 a de operadores de empilhadeira. O <strong>curso de empilhadeira pelo Senai<\/strong> \u00e9 uma excelente op\u00e7\u00e3o para quem busca qualifica\u00e7\u00e3o profissional nessa \u00e1rea, com a vantagem de ser oferecido por uma das institui\u00e7\u00f5es mais reconhecidas no Brasil em termos de educa\u00e7\u00e3o t\u00e9cnica e industrial.<\/p>\n\n\n\n<p>Operar uma empilhadeira pode parecer simples, mas exige uma s\u00e9rie de habilidades e conhecimentos espec\u00edficos, especialmente em rela\u00e7\u00e3o \u00e0 seguran\u00e7a no trabalho e ao manejo correto do equipamento.<\/p>\n\n\n\n<figure class=\"wp-block-image size-large\"><img loading=\"lazy\" decoding=\"async\" width=\"1024\" height=\"585\" src=\"https:\/\/www.vagadeempregorj.com.br\/wp-content\/uploads\/2024\/10\/image-13-1024x585.png\" alt=\"\" class=\"wp-image-40927\" srcset=\"https:\/\/www.vagadeempregorj.com.br\/wp-content\/uploads\/2024\/10\/image-13-1024x585.png 1024w, https:\/\/www.vagadeempregorj.com.br\/wp-content\/uploads\/2024\/10\/image-13-300x171.png 300w, https:\/\/www.vagadeempregorj.com.br\/wp-content\/uploads\/2024\/10\/image-13-768x439.png 768w, https:\/\/www.vagadeempregorj.com.br\/wp-content\/uploads\/2024\/10\/image-13-1536x878.png 1536w, https:\/\/www.vagadeempregorj.com.br\/wp-content\/uploads\/2024\/10\/image-13-150x86.png 150w, https:\/\/www.vagadeempregorj.com.br\/wp-content\/uploads\/2024\/10\/image-13.png 1792w\" sizes=\"auto, (max-width: 1024px) 100vw, 1024px\" \/><\/figure>\n\n\n\n<h2 class=\"wp-block-heading\">Por que escolher o curso de empilhadeira pelo Senai?<\/h2>\n\n\n\n<p>O <strong>Senai<\/strong> (Servi\u00e7o Nacional de Aprendizagem Industrial) \u00e9 conhecido pela qualidade de seus cursos t\u00e9cnicos e profissionalizantes, que atendem \u00e0s demandas do setor industrial brasileiro. O curso de empilhadeira, em particular, \u00e9 uma excelente escolha para quem deseja ingressar ou se aperfei\u00e7oar na \u00e1rea de log\u00edstica e opera\u00e7\u00f5es industriais. Alguns dos motivos para escolher o curso de empilhadeira pelo Senai incluem:<\/p>\n\n\n\n<ul class=\"wp-block-list\">\n<li><strong>Reconhecimento no mercado<\/strong>: O Senai \u00e9 amplamente respeitado por sua qualidade educacional e seus cursos s\u00e3o bem vistos por empregadores de todo o pa\u00eds.<\/li>\n\n\n\n<li><strong>Certifica\u00e7\u00e3o<\/strong>: Ao concluir o curso, o aluno recebe um certificado que pode ser um diferencial no curr\u00edculo e aumentar suas chances de contrata\u00e7\u00e3o.<\/li>\n\n\n\n<li><strong>Professores qualificados<\/strong>: O Senai conta com instrutores experientes e bem capacitados, que trazem n\u00e3o apenas o conhecimento te\u00f3rico, mas tamb\u00e9m experi\u00eancias pr\u00e1ticas do setor.<\/li>\n\n\n\n<li><strong>Foco na seguran\u00e7a<\/strong>: Um dos principais focos do curso \u00e9 garantir que o aluno opere a empilhadeira de maneira segura, evitando acidentes e garantindo a integridade dos equipamentos e das cargas.<\/li>\n<\/ul>\n\n\n\n<h2 class=\"wp-block-heading\">O que voc\u00ea aprende no curso de empilhadeira pelo Senai?<\/h2>\n\n\n\n<p>O <strong>curso de empilhadeira pelo Senai<\/strong> \u00e9 bastante completo e aborda todos os aspectos necess\u00e1rios para que o operador possa desempenhar suas fun\u00e7\u00f5es de maneira eficiente e segura. A seguir, vamos detalhar alguns dos principais t\u00f3picos abordados durante o curso:<\/p>\n\n\n\n<h3 class=\"wp-block-heading\">1. Conhecimentos te\u00f3ricos<\/h3>\n\n\n\n<p>O curso come\u00e7a com uma base te\u00f3rica importante, que inclui:<\/p>\n\n\n\n<ul class=\"wp-block-list\">\n<li><strong>Normas de seguran\u00e7a<\/strong>: Aprender sobre as normas regulamentadoras (NRs) que regem o uso de empilhadeiras no Brasil, como a NR 11 (Transporte, Movimenta\u00e7\u00e3o, Armazenagem e Manuseio de Materiais).<\/li>\n\n\n\n<li><strong>Tipos de empilhadeiras<\/strong>: O aluno conhece os diferentes tipos de empilhadeiras, como el\u00e9tricas, a combust\u00e3o, retr\u00e1teis, entre outras, e aprende a identificar qual \u00e9 mais adequada para cada tipo de opera\u00e7\u00e3o.<\/li>\n\n\n\n<li><strong>Mec\u00e2nica b\u00e1sica<\/strong>: Entendimento dos componentes mec\u00e2nicos da empilhadeira, para que o operador saiba reconhecer poss\u00edveis falhas e realizar a manuten\u00e7\u00e3o preventiva b\u00e1sica.<\/li>\n<\/ul>\n\n\n\n<h3 class=\"wp-block-heading\">2. Pr\u00e1ticas operacionais<\/h3>\n\n\n\n<p>Al\u00e9m da teoria, o curso de empilhadeira pelo Senai tamb\u00e9m conta com uma parte pr\u00e1tica essencial, onde os alunos colocam em pr\u00e1tica o que aprenderam. Alguns dos pontos cobertos incluem:<\/p>\n\n\n\n<ul class=\"wp-block-list\">\n<li><strong>Manuseio correto de cargas<\/strong>: Aprender a levantar, transportar e empilhar cargas de maneira eficiente, garantindo a estabilidade do material e evitando danos.<\/li>\n\n\n\n<li><strong>T\u00e9cnicas de opera\u00e7\u00e3o<\/strong>: O aluno pratica a condu\u00e7\u00e3o da empilhadeira, com foco em dire\u00e7\u00e3o, manobras em espa\u00e7os apertados e controle de altura na eleva\u00e7\u00e3o de cargas.<\/li>\n\n\n\n<li><strong>Seguran\u00e7a operacional<\/strong>: Treinamento pr\u00e1tico em situa\u00e7\u00f5es que podem ocorrer durante o uso da empilhadeira, como frenagem de emerg\u00eancia, manobras em superf\u00edcies irregulares e em \u00e1reas com tr\u00e1fego de pessoas.<\/li>\n<\/ul>\n\n\n\n<h2 class=\"wp-block-heading\">Quem pode fazer o curso de empilhadeira pelo Senai?<\/h2>\n\n\n\n<p>O curso de empilhadeira pelo Senai \u00e9 voltado para pessoas que j\u00e1 atuam na \u00e1rea de log\u00edstica e movimenta\u00e7\u00e3o de cargas ou que desejam ingressar nesse setor. No entanto, existem alguns requisitos que precisam ser atendidos pelos candidatos:<\/p>\n\n\n\n<ul class=\"wp-block-list\">\n<li><strong>Idade m\u00ednima<\/strong>: \u00c9 necess\u00e1rio ter, pelo menos, 18 anos para se inscrever no curso.<\/li>\n\n\n\n<li><strong>Escolaridade<\/strong>: A maioria dos cursos exige que o candidato tenha completado o ensino fundamental, embora algumas unidades possam ter requisitos espec\u00edficos.<\/li>\n\n\n\n<li><strong>CNH<\/strong>: Algumas unidades do Senai podem exigir que o aluno possua uma carteira nacional de habilita\u00e7\u00e3o (CNH) nas categorias B ou C.<\/li>\n<\/ul>\n\n\n\n<h2 class=\"wp-block-heading\">Quais s\u00e3o as vantagens de fazer o curso de empilhadeira pelo Senai?<\/h2>\n\n\n\n<p>Ao fazer o <strong>curso de empilhadeira pelo Senai<\/strong>, o aluno n\u00e3o s\u00f3 se qualifica para uma profiss\u00e3o em alta demanda, mas tamb\u00e9m adquire uma s\u00e9rie de vantagens:<\/p>\n\n\n\n<ul class=\"wp-block-list\">\n<li><strong>Melhores oportunidades de emprego<\/strong>: Com o aumento do setor log\u00edstico, empresas de todos os portes est\u00e3o em busca de operadores de empilhadeira qualificados.<\/li>\n\n\n\n<li><strong>Sal\u00e1rios competitivos<\/strong>: Um operador de empilhadeira bem treinado pode conquistar sal\u00e1rios atraentes, que podem variar conforme a experi\u00eancia e o porte da empresa.<\/li>\n\n\n\n<li><strong>Certifica\u00e7\u00e3o reconhecida<\/strong>: O certificado do Senai \u00e9 amplamente aceito e valorizado no mercado de trabalho, abrindo portas em diversas ind\u00fastrias.<\/li>\n<\/ul>\n\n\n\n<p>Al\u00e9m disso, muitas empresas preferem contratar profissionais que j\u00e1 tenham passado por um treinamento de qualidade como o oferecido pelo Senai, pois sabem que esses profissionais est\u00e3o prontos para operar o equipamento com efici\u00eancia e seguran\u00e7a.<\/p>\n\n\n\n<h2 class=\"wp-block-heading\">Onde encontrar o curso de empilhadeira pelo Senai?<\/h2>\n\n\n\n<p>O <strong>curso de empilhadeira pelo Senai<\/strong> est\u00e1 dispon\u00edvel em diversas unidades espalhadas por todo o Brasil. \u00c9 importante verificar as vagas dispon\u00edveis na unidade mais pr\u00f3xima de voc\u00ea. Algumas dicas para encontrar e se inscrever no curso incluem:<\/p>\n\n\n\n<ul class=\"wp-block-list\">\n<li><strong>Site oficial do Senai<\/strong>: O <a href=\"https:\/\/www.sistemafiep.org.br\/cursos-tecnicos\/\">site oficial do Senai<\/a> oferece uma busca por cursos em todas as regi\u00f5es do pa\u00eds. Basta acessar a plataforma, selecionar sua cidade ou estado e procurar pelo curso de empilhadeira.<\/li>\n\n\n\n<li><strong>Unidades regionais<\/strong>: Muitas vezes, o curso pode ser oferecido por unidades regionais ou at\u00e9 mesmo em empresas parceiras do Senai, que oferecem o treinamento diretamente no local de trabalho.<\/li>\n\n\n\n<li><strong>Cursos gratuitos<\/strong>: Algumas unidades do Senai oferecem o curso de empilhadeira de forma gratuita, por meio de programas de inclus\u00e3o social e capacita\u00e7\u00e3o profissional. Fique atento \u00e0s oportunidades!<\/li>\n<\/ul>\n\n\n\n<h2 class=\"wp-block-heading\">O pr\u00f3ximo passo na sua carreira<\/h2>\n\n\n\n<p>Agora que voc\u00ea sabe mais sobre o <strong>curso de empilhadeira pelo Senai<\/strong>, o que est\u00e1 esperando para se inscrever? A profiss\u00e3o de operador de empilhadeira oferece uma carreira s\u00f3lida e cheia de oportunidades. Com a certifica\u00e7\u00e3o do Senai em m\u00e3os, voc\u00ea estar\u00e1 pronto para conquistar uma posi\u00e7\u00e3o de destaque no setor industrial e log\u00edstico. N\u00e3o deixe essa chance passar \u2013 procure uma unidade do Senai pr\u00f3xima a voc\u00ea e d\u00ea o pr\u00f3ximo passo na sua jornada profissional!<\/p>\n\n\n\n<p><strong>Veja tamb\u00e9m: <a href=\"https:\/\/www.vagadeempregorj.com.br\/fr\/curso-de-informatica-online-gratuitos-veja-opcoes\/\">Curso de inform\u00e1tica online gratuitos; veja op\u00e7\u00f5es<\/a><\/strong><\/p>\n\n\n\n<p>2 de outubro de 2024<\/p>\n\n\n\n<p><\/p>","protected":false},"excerpt":{"rendered":"<p>O mercado de trabalho est\u00e1 em constante evolu\u00e7\u00e3o, e uma das \u00e1reas que sempre apresenta boas oportunidades \u00e9 a de operadores de empilhadeira. O curso de empilhadeira pelo Senai \u00e9 uma excelente op\u00e7\u00e3o para quem busca qualifica\u00e7\u00e3o profissional nessa \u00e1rea, com a vantagem de ser oferecido por uma das institui\u00e7\u00f5es mais reconhecidas no Brasil em&hellip;&nbsp;<\/p>","protected":false},"author":16,"featured_media":40927,"comment_status":"closed","ping_status":"closed","sticky":false,"template":"","format":"standard","meta":{"neve_meta_sidebar":"","neve_meta_container":"","neve_meta_enable_content_width":"","neve_meta_content_width":0,"neve_meta_title_alignment":"","neve_meta_author_avatar":"","neve_post_elements_order":"","neve_meta_disable_header":"","neve_meta_disable_footer":"","neve_meta_disable_title":"","footnotes":""},"categories":[703],"tags":[],"class_list":["post-40926","post","type-post","status-publish","format-standard","has-post-thumbnail","hentry","category-informacao-tecnologica-e-curiosidades"],"yoast_head":"<!-- This site is optimized with the Yoast SEO plugin v27.5 - https:\/\/yoast.com\/product\/yoast-seo-wordpress\/ -->\n<title>Curso de empilhadeira pelo Senai: Quem pode fazer? -<\/title>\n<meta name=\"description\" content=\"Veja em Vagas de Emprego RJ as vagas de emprego com e sem experi\u00eancia no seu Estado e Regi\u00e3o!\" \/>\n<meta name=\"robots\" content=\"index, follow, max-snippet:-1, max-image-preview:large, max-video-preview:-1\" \/>\n<link rel=\"canonical\" href=\"https:\/\/www.vagadeempregorj.com.br\/fr\/curso-de-empilhadeira-pelo-senai-quem-pode-fazer\/\" \/>\n<meta property=\"og:locale\" content=\"fr_FR\" \/>\n<meta property=\"og:type\" content=\"article\" \/>\n<meta property=\"og:title\" content=\"Curso de empilhadeira pelo Senai: Quem pode fazer? -\" \/>\n<meta property=\"og:description\" content=\"Veja em Vagas de Emprego RJ as vagas de emprego com e sem experi\u00eancia no seu Estado e Regi\u00e3o!\" \/>\n<meta property=\"og:url\" content=\"https:\/\/www.vagadeempregorj.com.br\/fr\/curso-de-empilhadeira-pelo-senai-quem-pode-fazer\/\" \/>\n<meta property=\"article:publisher\" content=\"https:\/\/www.facebook.com\/empregobrasiloficial\" \/>\n<meta property=\"article:published_time\" content=\"2024-10-02T17:56:24+00:00\" \/>\n<meta property=\"article:modified_time\" content=\"2025-06-15T17:46:42+00:00\" \/>\n<meta property=\"og:image\" content=\"https:\/\/www.vagadeempregorj.com.br\/wp-content\/uploads\/2024\/10\/image-13-1024x585.png\" \/>\n\t<meta property=\"og:image:width\" content=\"1024\" \/>\n\t<meta property=\"og:image:height\" content=\"585\" \/>\n\t<meta property=\"og:image:type\" content=\"image\/png\" \/>\n<meta name=\"author\" content=\"Michele\" \/>\n<meta name=\"twitter:card\" content=\"summary_large_image\" \/>\n<meta name=\"twitter:label1\" content=\"Written by\" \/>\n\t<meta name=\"twitter:data1\" content=\"Michele\" \/>\n\t<meta name=\"twitter:label2\" content=\"Est. reading time\" \/>\n\t<meta name=\"twitter:data2\" content=\"5 minutes\" \/>\n<script type=\"application\/ld+json\" class=\"yoast-schema-graph\">{\"@context\":\"https:\\\/\\\/schema.org\",\"@graph\":[{\"@type\":\"Article\",\"@id\":\"https:\\\/\\\/www.vagadeempregorj.com.br\\\/curso-de-empilhadeira-pelo-senai-quem-pode-fazer\\\/#article\",\"isPartOf\":{\"@id\":\"https:\\\/\\\/www.vagadeempregorj.com.br\\\/curso-de-empilhadeira-pelo-senai-quem-pode-fazer\\\/\"},\"author\":{\"name\":\"Michele\",\"@id\":\"https:\\\/\\\/www.vagadeempregorj.com.br\\\/#\\\/schema\\\/person\\\/3ddb19fa0539706786e502152f3aae95\"},\"headline\":\"Curso de empilhadeira pelo Senai: Quem pode fazer?\",\"datePublished\":\"2024-10-02T17:56:24+00:00\",\"dateModified\":\"2025-06-15T17:46:42+00:00\",\"mainEntityOfPage\":{\"@id\":\"https:\\\/\\\/www.vagadeempregorj.com.br\\\/curso-de-empilhadeira-pelo-senai-quem-pode-fazer\\\/\"},\"wordCount\":1086,\"image\":{\"@id\":\"https:\\\/\\\/www.vagadeempregorj.com.br\\\/curso-de-empilhadeira-pelo-senai-quem-pode-fazer\\\/#primaryimage\"},\"thumbnailUrl\":\"https:\\\/\\\/www.vagadeempregorj.com.br\\\/wp-content\\\/uploads\\\/2024\\\/10\\\/image-13.png\",\"articleSection\":[\"Informa\u00e7\u00e3o Tecnol\u00f3gica, Curiosidades e Cursos\"],\"inLanguage\":\"fr-FR\"},{\"@type\":\"WebPage\",\"@id\":\"https:\\\/\\\/www.vagadeempregorj.com.br\\\/curso-de-empilhadeira-pelo-senai-quem-pode-fazer\\\/\",\"url\":\"https:\\\/\\\/www.vagadeempregorj.com.br\\\/curso-de-empilhadeira-pelo-senai-quem-pode-fazer\\\/\",\"name\":\"Curso de empilhadeira pelo Senai: Quem pode fazer? -\",\"isPartOf\":{\"@id\":\"https:\\\/\\\/www.vagadeempregorj.com.br\\\/#website\"},\"primaryImageOfPage\":{\"@id\":\"https:\\\/\\\/www.vagadeempregorj.com.br\\\/curso-de-empilhadeira-pelo-senai-quem-pode-fazer\\\/#primaryimage\"},\"image\":{\"@id\":\"https:\\\/\\\/www.vagadeempregorj.com.br\\\/curso-de-empilhadeira-pelo-senai-quem-pode-fazer\\\/#primaryimage\"},\"thumbnailUrl\":\"https:\\\/\\\/www.vagadeempregorj.com.br\\\/wp-content\\\/uploads\\\/2024\\\/10\\\/image-13.png\",\"datePublished\":\"2024-10-02T17:56:24+00:00\",\"dateModified\":\"2025-06-15T17:46:42+00:00\",\"author\":{\"@id\":\"https:\\\/\\\/www.vagadeempregorj.com.br\\\/#\\\/schema\\\/person\\\/3ddb19fa0539706786e502152f3aae95\"},\"description\":\"Veja em Vagas de Emprego RJ as vagas de emprego com e sem experi\u00eancia no seu Estado e Regi\u00e3o!\",\"breadcrumb\":{\"@id\":\"https:\\\/\\\/www.vagadeempregorj.com.br\\\/curso-de-empilhadeira-pelo-senai-quem-pode-fazer\\\/#breadcrumb\"},\"inLanguage\":\"fr-FR\",\"potentialAction\":[{\"@type\":\"ReadAction\",\"target\":[\"https:\\\/\\\/www.vagadeempregorj.com.br\\\/curso-de-empilhadeira-pelo-senai-quem-pode-fazer\\\/\"]}]},{\"@type\":\"ImageObject\",\"inLanguage\":\"fr-FR\",\"@id\":\"https:\\\/\\\/www.vagadeempregorj.com.br\\\/curso-de-empilhadeira-pelo-senai-quem-pode-fazer\\\/#primaryimage\",\"url\":\"https:\\\/\\\/www.vagadeempregorj.com.br\\\/wp-content\\\/uploads\\\/2024\\\/10\\\/image-13.png\",\"contentUrl\":\"https:\\\/\\\/www.vagadeempregorj.com.br\\\/wp-content\\\/uploads\\\/2024\\\/10\\\/image-13.png\",\"width\":1792,\"height\":1024},{\"@type\":\"BreadcrumbList\",\"@id\":\"https:\\\/\\\/www.vagadeempregorj.com.br\\\/curso-de-empilhadeira-pelo-senai-quem-pode-fazer\\\/#breadcrumb\",\"itemListElement\":[{\"@type\":\"ListItem\",\"position\":1,\"name\":\"In\u00edcio\",\"item\":\"https:\\\/\\\/www.vagadeempregorj.com.br\\\/\"},{\"@type\":\"ListItem\",\"position\":2,\"name\":\"Curso de empilhadeira pelo Senai: Quem pode fazer?\"}]},{\"@type\":\"WebSite\",\"@id\":\"https:\\\/\\\/www.vagadeempregorj.com.br\\\/#website\",\"url\":\"https:\\\/\\\/www.vagadeempregorj.com.br\\\/\",\"name\":\"\",\"description\":\"Conquiste Sonhos: Vagas, Benef\u00edcios e Economia para Transformar Vidas e Alcan\u00e7ar Melhorias Cotidianas\",\"potentialAction\":[{\"@type\":\"SearchAction\",\"target\":{\"@type\":\"EntryPoint\",\"urlTemplate\":\"https:\\\/\\\/www.vagadeempregorj.com.br\\\/?s={search_term_string}\"},\"query-input\":{\"@type\":\"PropertyValueSpecification\",\"valueRequired\":true,\"valueName\":\"search_term_string\"}}],\"inLanguage\":\"fr-FR\"},{\"@type\":\"Person\",\"@id\":\"https:\\\/\\\/www.vagadeempregorj.com.br\\\/#\\\/schema\\\/person\\\/3ddb19fa0539706786e502152f3aae95\",\"name\":\"Michele\",\"image\":{\"@type\":\"ImageObject\",\"inLanguage\":\"fr-FR\",\"@id\":\"https:\\\/\\\/secure.gravatar.com\\\/avatar\\\/6b0eb9d22841282815e2cd856a0061c45e1761cd54b22e952d98c4746939aa85?s=96&r=g\",\"url\":\"https:\\\/\\\/secure.gravatar.com\\\/avatar\\\/6b0eb9d22841282815e2cd856a0061c45e1761cd54b22e952d98c4746939aa85?s=96&r=g\",\"contentUrl\":\"https:\\\/\\\/secure.gravatar.com\\\/avatar\\\/6b0eb9d22841282815e2cd856a0061c45e1761cd54b22e952d98c4746939aa85?s=96&r=g\",\"caption\":\"Michele\"},\"description\":\"Formada em Letras - Portugu\u00eas\\\/ Ingl\u00eas, e idealizadora do site Escritora de Sucesso, busca expandir o conhecimento de todos com informa\u00e7\u00f5es relevantes sobre diversos assuntos, enquanto redatora. No Vaga de Emprego RJ, traz oportunidades e dicas sobre o mercado de trabalho.\",\"url\":\"https:\\\/\\\/www.vagadeempregorj.com.br\\\/fr\\\/author\\\/michele\\\/\"}]}<\/script>\n<!-- \/ Yoast SEO plugin. -->","yoast_head_json":{"title":"Curso de empilhadeira pelo Senai: Quem pode fazer? -","description":"Veja em Vagas de Emprego RJ as vagas de emprego com e sem experi\u00eancia no seu Estado e Regi\u00e3o!","robots":{"index":"index","follow":"follow","max-snippet":"max-snippet:-1","max-image-preview":"max-image-preview:large","max-video-preview":"max-video-preview:-1"},"canonical":"https:\/\/www.vagadeempregorj.com.br\/fr\/curso-de-empilhadeira-pelo-senai-quem-pode-fazer\/","og_locale":"fr_FR","og_type":"article","og_title":"Curso de empilhadeira pelo Senai: Quem pode fazer? -","og_description":"Veja em Vagas de Emprego RJ as vagas de emprego com e sem experi\u00eancia no seu Estado e Regi\u00e3o!","og_url":"https:\/\/www.vagadeempregorj.com.br\/fr\/curso-de-empilhadeira-pelo-senai-quem-pode-fazer\/","article_publisher":"https:\/\/www.facebook.com\/empregobrasiloficial","article_published_time":"2024-10-02T17:56:24+00:00","article_modified_time":"2025-06-15T17:46:42+00:00","og_image":[{"width":1024,"height":585,"url":"https:\/\/www.vagadeempregorj.com.br\/wp-content\/uploads\/2024\/10\/image-13-1024x585.png","type":"image\/png"}],"author":"Michele","twitter_card":"summary_large_image","twitter_misc":{"Written by":"Michele","Est. reading time":"5 minutes"},"schema":{"@context":"https:\/\/schema.org","@graph":[{"@type":"Article","@id":"https:\/\/www.vagadeempregorj.com.br\/curso-de-empilhadeira-pelo-senai-quem-pode-fazer\/#article","isPartOf":{"@id":"https:\/\/www.vagadeempregorj.com.br\/curso-de-empilhadeira-pelo-senai-quem-pode-fazer\/"},"author":{"name":"Michele","@id":"https:\/\/www.vagadeempregorj.com.br\/#\/schema\/person\/3ddb19fa0539706786e502152f3aae95"},"headline":"Curso de empilhadeira pelo Senai: Quem pode fazer?","datePublished":"2024-10-02T17:56:24+00:00","dateModified":"2025-06-15T17:46:42+00:00","mainEntityOfPage":{"@id":"https:\/\/www.vagadeempregorj.com.br\/curso-de-empilhadeira-pelo-senai-quem-pode-fazer\/"},"wordCount":1086,"image":{"@id":"https:\/\/www.vagadeempregorj.com.br\/curso-de-empilhadeira-pelo-senai-quem-pode-fazer\/#primaryimage"},"thumbnailUrl":"https:\/\/www.vagadeempregorj.com.br\/wp-content\/uploads\/2024\/10\/image-13.png","articleSection":["Informa\u00e7\u00e3o Tecnol\u00f3gica, Curiosidades e Cursos"],"inLanguage":"fr-FR"},{"@type":"WebPage","@id":"https:\/\/www.vagadeempregorj.com.br\/curso-de-empilhadeira-pelo-senai-quem-pode-fazer\/","url":"https:\/\/www.vagadeempregorj.com.br\/curso-de-empilhadeira-pelo-senai-quem-pode-fazer\/","name":"Curso de empilhadeira pelo Senai: Quem pode fazer? -","isPartOf":{"@id":"https:\/\/www.vagadeempregorj.com.br\/#website"},"primaryImageOfPage":{"@id":"https:\/\/www.vagadeempregorj.com.br\/curso-de-empilhadeira-pelo-senai-quem-pode-fazer\/#primaryimage"},"image":{"@id":"https:\/\/www.vagadeempregorj.com.br\/curso-de-empilhadeira-pelo-senai-quem-pode-fazer\/#primaryimage"},"thumbnailUrl":"https:\/\/www.vagadeempregorj.com.br\/wp-content\/uploads\/2024\/10\/image-13.png","datePublished":"2024-10-02T17:56:24+00:00","dateModified":"2025-06-15T17:46:42+00:00","author":{"@id":"https:\/\/www.vagadeempregorj.com.br\/#\/schema\/person\/3ddb19fa0539706786e502152f3aae95"},"description":"Veja em Vagas de Emprego RJ as vagas de emprego com e sem experi\u00eancia no seu Estado e Regi\u00e3o!","breadcrumb":{"@id":"https:\/\/www.vagadeempregorj.com.br\/curso-de-empilhadeira-pelo-senai-quem-pode-fazer\/#breadcrumb"},"inLanguage":"fr-FR","potentialAction":[{"@type":"ReadAction","target":["https:\/\/www.vagadeempregorj.com.br\/curso-de-empilhadeira-pelo-senai-quem-pode-fazer\/"]}]},{"@type":"ImageObject","inLanguage":"fr-FR","@id":"https:\/\/www.vagadeempregorj.com.br\/curso-de-empilhadeira-pelo-senai-quem-pode-fazer\/#primaryimage","url":"https:\/\/www.vagadeempregorj.com.br\/wp-content\/uploads\/2024\/10\/image-13.png","contentUrl":"https:\/\/www.vagadeempregorj.com.br\/wp-content\/uploads\/2024\/10\/image-13.png","width":1792,"height":1024},{"@type":"BreadcrumbList","@id":"https:\/\/www.vagadeempregorj.com.br\/curso-de-empilhadeira-pelo-senai-quem-pode-fazer\/#breadcrumb","itemListElement":[{"@type":"ListItem","position":1,"name":"In\u00edcio","item":"https:\/\/www.vagadeempregorj.com.br\/"},{"@type":"ListItem","position":2,"name":"Curso de empilhadeira pelo Senai: Quem pode fazer?"}]},{"@type":"WebSite","@id":"https:\/\/www.vagadeempregorj.com.br\/#website","url":"https:\/\/www.vagadeempregorj.com.br\/","name":"","description":"Conquiste Sonhos: Vagas, Benef\u00edcios e Economia para Transformar Vidas e Alcan\u00e7ar Melhorias Cotidianas","potentialAction":[{"@type":"SearchAction","target":{"@type":"EntryPoint","urlTemplate":"https:\/\/www.vagadeempregorj.com.br\/?s={search_term_string}"},"query-input":{"@type":"PropertyValueSpecification","valueRequired":true,"valueName":"search_term_string"}}],"inLanguage":"fr-FR"},{"@type":"Person","@id":"https:\/\/www.vagadeempregorj.com.br\/#\/schema\/person\/3ddb19fa0539706786e502152f3aae95","name":"Michele","image":{"@type":"ImageObject","inLanguage":"fr-FR","@id":"https:\/\/secure.gravatar.com\/avatar\/6b0eb9d22841282815e2cd856a0061c45e1761cd54b22e952d98c4746939aa85?s=96&r=g","url":"https:\/\/secure.gravatar.com\/avatar\/6b0eb9d22841282815e2cd856a0061c45e1761cd54b22e952d98c4746939aa85?s=96&r=g","contentUrl":"https:\/\/secure.gravatar.com\/avatar\/6b0eb9d22841282815e2cd856a0061c45e1761cd54b22e952d98c4746939aa85?s=96&r=g","caption":"Michele"},"description":"Formada em Letras - Portugu\u00eas\/ Ingl\u00eas, e idealizadora do site Escritora de Sucesso, busca expandir o conhecimento de todos com informa\u00e7\u00f5es relevantes sobre diversos assuntos, enquanto redatora. No Vaga de Emprego RJ, traz oportunidades e dicas sobre o mercado de trabalho.","url":"https:\/\/www.vagadeempregorj.com.br\/fr\/author\/michele\/"}]}},"_links":{"self":[{"href":"https:\/\/www.vagadeempregorj.com.br\/fr\/wp-json\/wp\/v2\/posts\/40926","targetHints":{"allow":["GET"]}}],"collection":[{"href":"https:\/\/www.vagadeempregorj.com.br\/fr\/wp-json\/wp\/v2\/posts"}],"about":[{"href":"https:\/\/www.vagadeempregorj.com.br\/fr\/wp-json\/wp\/v2\/types\/post"}],"author":[{"embeddable":true,"href":"https:\/\/www.vagadeempregorj.com.br\/fr\/wp-json\/wp\/v2\/users\/16"}],"replies":[{"embeddable":true,"href":"https:\/\/www.vagadeempregorj.com.br\/fr\/wp-json\/wp\/v2\/comments?post=40926"}],"version-history":[{"count":1,"href":"https:\/\/www.vagadeempregorj.com.br\/fr\/wp-json\/wp\/v2\/posts\/40926\/revisions"}],"predecessor-version":[{"id":43629,"href":"https:\/\/www.vagadeempregorj.com.br\/fr\/wp-json\/wp\/v2\/posts\/40926\/revisions\/43629"}],"wp:featuredmedia":[{"embeddable":true,"href":"https:\/\/www.vagadeempregorj.com.br\/fr\/wp-json\/wp\/v2\/media\/40927"}],"wp:attachment":[{"href":"https:\/\/www.vagadeempregorj.com.br\/fr\/wp-json\/wp\/v2\/media?parent=40926"}],"wp:term":[{"taxonomy":"category","embeddable":true,"href":"https:\/\/www.vagadeempregorj.com.br\/fr\/wp-json\/wp\/v2\/categories?post=40926"},{"taxonomy":"post_tag","embeddable":true,"href":"https:\/\/www.vagadeempregorj.com.br\/fr\/wp-json\/wp\/v2\/tags?post=40926"}],"curies":[{"name":"wp","href":"https:\/\/api.w.org\/{rel}","templated":true}]}}