{"id":40972,"date":"2024-10-16T06:00:00","date_gmt":"2024-10-16T09:00:00","guid":{"rendered":"https:\/\/www.vagadeempregorj.com.br\/?p=40972"},"modified":"2024-10-11T14:26:25","modified_gmt":"2024-10-11T17:26:25","slug":"spani-atacadista-mais-de-250-empregos-pelo-pais","status":"publish","type":"post","link":"https:\/\/www.vagadeempregorj.com.br\/fr\/spani-atacadista-mais-de-250-empregos-pelo-pais\/","title":{"rendered":"Spani Atacadista: mais de 250 empregos pelo pa\u00eds"},"content":{"rendered":"<p>O <strong>Spani Atacadista<\/strong>, uma das maiores redes de atacado do Brasil, est\u00e1 com mais de 250 vagas de emprego abertas em diversas regi\u00f5es do pa\u00eds. Com um modelo de neg\u00f3cio que atrai tanto consumidores finais quanto comerciantes, a empresa vem crescendo de maneira expressiva nos \u00faltimos anos. Esse crescimento constante gera uma grande demanda por novos colaboradores, abrindo portas para quem busca uma oportunidade de ingressar no mercado de trabalho.<\/p>\n\n\n\n<h2 class=\"wp-block-heading\">Quais s\u00e3o as vagas de emprego abertas no Spani Atacadista?<\/h2>\n\n\n\n<p>O Spani Atacadista oferece oportunidades para diferentes \u00e1reas de atua\u00e7\u00e3o, com vagas que v\u00e3o desde o atendimento ao cliente at\u00e9 fun\u00e7\u00f5es administrativas e de log\u00edstica. A empresa busca profissionais dedicados, que possam contribuir para o sucesso de suas opera\u00e7\u00f5es em diversas localidades do Brasil. Veja algumas das principais vagas dispon\u00edveis:<\/p>\n\n\n\n<figure class=\"wp-block-image size-full\"><img loading=\"lazy\" decoding=\"async\" width=\"1024\" height=\"577\" src=\"https:\/\/www.vagadeempregorj.com.br\/wp-content\/uploads\/2024\/10\/image-25.png\" alt=\"\" class=\"wp-image-40997\" srcset=\"https:\/\/www.vagadeempregorj.com.br\/wp-content\/uploads\/2024\/10\/image-25.png 1024w, https:\/\/www.vagadeempregorj.com.br\/wp-content\/uploads\/2024\/10\/image-25-300x169.png 300w, https:\/\/www.vagadeempregorj.com.br\/wp-content\/uploads\/2024\/10\/image-25-768x433.png 768w, https:\/\/www.vagadeempregorj.com.br\/wp-content\/uploads\/2024\/10\/image-25-383x215.png 383w, https:\/\/www.vagadeempregorj.com.br\/wp-content\/uploads\/2024\/10\/image-25-150x85.png 150w\" sizes=\"auto, (max-width: 1024px) 100vw, 1024px\" \/><\/figure>\n\n\n\n<h3 class=\"wp-block-heading\">Repositor de mercadorias<\/h3>\n\n\n\n<p>O repositor de mercadorias \u00e9 respons\u00e1vel por garantir que os produtos estejam sempre bem organizados nas prateleiras e g\u00f4ndolas. A fun\u00e7\u00e3o inclui o controle do estoque, reposi\u00e7\u00e3o constante dos itens e manuten\u00e7\u00e3o da \u00e1rea de vendas em ordem. Esse profissional precisa ser \u00e1gil, atento aos detalhes e capaz de trabalhar bem em equipe.<\/p>\n\n\n\n<h3 class=\"wp-block-heading\">Operador de caixa<\/h3>\n\n\n\n<p>O operador de caixa \u00e9 respons\u00e1vel por finalizar as compras dos clientes, processando os pagamentos e garantindo que todo o processo seja feito de forma r\u00e1pida e eficiente. A fun\u00e7\u00e3o exige boa comunica\u00e7\u00e3o, agilidade e aten\u00e7\u00e3o, al\u00e9m de habilidade para lidar com diferentes formas de pagamento.<\/p>\n\n\n\n<h3 class=\"wp-block-heading\">Fiscal de preven\u00e7\u00e3o de perdas<\/h3>\n\n\n\n<p>O fiscal de preven\u00e7\u00e3o de perdas tem um papel crucial na seguran\u00e7a do estabelecimento. Ele \u00e9 respons\u00e1vel por monitorar as atividades dentro da loja, prevenindo furtos, controlando o fluxo de mercadorias e garantindo que as normas da empresa sejam cumpridas. Para essa fun\u00e7\u00e3o, \u00e9 importante ter aten\u00e7\u00e3o redobrada e capacidade de comunica\u00e7\u00e3o para lidar com diferentes situa\u00e7\u00f5es.<\/p>\n\n\n\n<h3 class=\"wp-block-heading\">Auxiliar de limpeza<\/h3>\n\n\n\n<p>O auxiliar de limpeza \u00e9 respons\u00e1vel por manter as instala\u00e7\u00f5es do Spani Atacadista sempre limpas e organizadas. Esse profissional atua tanto nas \u00e1reas de vendas quanto nos espa\u00e7os administrativos, garantindo que o ambiente esteja agrad\u00e1vel para os clientes e em conformidade com os padr\u00f5es de higiene da empresa.<\/p>\n\n\n\n<h3 class=\"wp-block-heading\">A\u00e7ougueiro<\/h3>\n\n\n\n<p>O a\u00e7ougueiro no Spani Atacadista \u00e9 o profissional encarregado do corte e preparo das carnes, seguindo as normas de seguran\u00e7a alimentar e higiene. Ele precisa ter conhecimentos espec\u00edficos sobre os diferentes tipos de cortes e ser capaz de atender os clientes com precis\u00e3o e efici\u00eancia.<\/p>\n\n\n\n<h3 class=\"wp-block-heading\">Auxiliar de log\u00edstica<\/h3>\n\n\n\n<p>Na \u00e1rea de log\u00edstica, o Spani Atacadista oferece vagas para auxiliar de log\u00edstica. Esse profissional desempenha atividades como controle de estoque, confer\u00eancia de mercadorias e organiza\u00e7\u00e3o do armaz\u00e9m. O trabalho exige aten\u00e7\u00e3o aos detalhes, capacidade de organiza\u00e7\u00e3o e habilidade para lidar com prazos apertados.<\/p>\n\n\n\n<h3 class=\"wp-block-heading\">Estagi\u00e1rio<\/h3>\n\n\n\n<p>Para quem est\u00e1 no in\u00edcio da carreira, o Spani Atacadista oferece vagas de est\u00e1gio em diversas \u00e1reas, como administra\u00e7\u00e3o, contabilidade, marketing e recursos humanos. O est\u00e1gio \u00e9 uma oportunidade excelente para desenvolver habilidades profissionais em um ambiente de trabalho din\u00e2mico e aprender com profissionais experientes.<\/p>\n\n\n\n<p>Essas s\u00e3o apenas algumas das vagas oferecidas pelo Spani Atacadista. A empresa est\u00e1 em constante expans\u00e3o e, por isso, sempre h\u00e1 oportunidades para quem deseja ingressar em uma organiza\u00e7\u00e3o s\u00f3lida, com possibilidade de crescimento.<\/p>\n\n\n\n<h2 class=\"wp-block-heading\">Como se candidatar?<\/h2>\n\n\n\n<p>O processo de candidatura para as vagas no Spani Atacadista \u00e9 simples e r\u00e1pido, feito online atrav\u00e9s da plataforma Gupy. Esse sistema centraliza as vagas e facilita a inscri\u00e7\u00e3o, al\u00e9m de permitir que os candidatos acompanhem o andamento do processo seletivo em tempo real.<\/p>\n\n\n\n<p>Veja como se candidatar a uma das vagas:<\/p>\n\n\n\n<ul class=\"wp-block-list\">\n<li>Copie e cole o endere\u00e7o <strong>https:\/\/spaniatacadista.gupy.io\/<\/strong> em seu navegador;<\/li>\n\n\n\n<li>Acesse a p\u00e1gina e explore as oportunidades que mais combinam com seu perfil;<\/li>\n\n\n\n<li>Caso ainda n\u00e3o tenha, crie um cadastro na plataforma Gupy;<\/li>\n\n\n\n<li>Preencha suas informa\u00e7\u00f5es pessoais e profissionais no formul\u00e1rio de inscri\u00e7\u00e3o;<\/li>\n\n\n\n<li>Anexe seu curr\u00edculo atualizado e envie sua candidatura para a vaga desejada.<\/li>\n<\/ul>\n\n\n\n<p>Depois de seguir esses passos, voc\u00ea poder\u00e1 acompanhar o status da sua candidatura diretamente na plataforma Gupy. \u00c9 importante ficar atento \u00e0s notifica\u00e7\u00f5es e e-mails, pois a empresa pode entrar em contato para agendar entrevistas ou solicitar mais informa\u00e7\u00f5es.<\/p>\n\n\n\n<p>O Spani Atacadista valoriza profissionais dedicados, que tenham interesse em crescer junto com a empresa. Al\u00e9m de oferecer sal\u00e1rios competitivos, a empresa tamb\u00e9m disponibiliza benef\u00edcios como vale-transporte, plano de sa\u00fade e oportunidades de capacita\u00e7\u00e3o interna, o que contribui para o desenvolvimento pessoal e profissional dos colaboradores.<\/p>\n\n\n\n<p>Se voc\u00ea busca uma chance de ingressar em uma empresa s\u00f3lida e em constante expans\u00e3o, essa \u00e9 a sua oportunidade. N\u00e3o perca tempo, acesse o site e cadastre-se agora mesmo para fazer parte do time Spani Atacadista e construir uma carreira de sucesso no setor atacadista!<\/p>\n\n\n\n<p><strong>Veja tamb\u00e9m: <a href=\"https:\/\/www.vagadeempregorj.com.br\/fr\/aurora-coop-34-vagas-de-emprego-abertas-pelo-pais\/\">Aurora Coop: 34 vagas de emprego abertas pelo pa\u00eds<\/a><\/strong><\/p>\n\n\n\n<p>16 de outubro de 2024<\/p>","protected":false},"excerpt":{"rendered":"<p>O Spani Atacadista, uma das maiores redes de atacado do Brasil, est\u00e1 com mais de 250 vagas de emprego abertas em diversas regi\u00f5es do pa\u00eds. Com um modelo de neg\u00f3cio que atrai tanto consumidores finais quanto comerciantes, a empresa vem crescendo de maneira expressiva nos \u00faltimos anos. Esse crescimento constante gera uma grande demanda por&hellip;&nbsp;<\/p>","protected":false},"author":16,"featured_media":40997,"comment_status":"closed","ping_status":"closed","sticky":false,"template":"","format":"standard","meta":{"neve_meta_sidebar":"","neve_meta_container":"","neve_meta_enable_content_width":"","neve_meta_content_width":0,"neve_meta_title_alignment":"","neve_meta_author_avatar":"","neve_post_elements_order":"","neve_meta_disable_header":"","neve_meta_disable_footer":"","neve_meta_disable_title":"","footnotes":""},"categories":[123],"tags":[830,608],"class_list":["post-40972","post","type-post","status-publish","format-standard","has-post-thumbnail","hentry","category-vagas-de-emprego-nacionais","tag-empregos","tag-oportunidades"],"yoast_head":"<!-- This site is optimized with the Yoast SEO plugin v27.5 - https:\/\/yoast.com\/product\/yoast-seo-wordpress\/ -->\n<title>Spani Atacadista: mais de 250 empregos pelo pa\u00eds -<\/title>\n<meta name=\"description\" content=\"Veja em Vagas de Emprego RJ as vagas de emprego com e sem experi\u00eancia no seu Estado e Regi\u00e3o!\" \/>\n<meta name=\"robots\" content=\"index, follow, max-snippet:-1, max-image-preview:large, max-video-preview:-1\" \/>\n<link rel=\"canonical\" href=\"https:\/\/www.vagadeempregorj.com.br\/fr\/spani-atacadista-mais-de-250-empregos-pelo-pais\/\" \/>\n<meta property=\"og:locale\" content=\"fr_FR\" \/>\n<meta property=\"og:type\" content=\"article\" \/>\n<meta property=\"og:title\" content=\"Spani Atacadista: mais de 250 empregos pelo pa\u00eds -\" \/>\n<meta property=\"og:description\" content=\"Veja em Vagas de Emprego RJ as vagas de emprego com e sem experi\u00eancia no seu Estado e Regi\u00e3o!\" \/>\n<meta property=\"og:url\" content=\"https:\/\/www.vagadeempregorj.com.br\/fr\/spani-atacadista-mais-de-250-empregos-pelo-pais\/\" \/>\n<meta property=\"article:publisher\" content=\"https:\/\/www.facebook.com\/empregobrasiloficial\" \/>\n<meta property=\"article:published_time\" content=\"2024-10-16T09:00:00+00:00\" \/>\n<meta property=\"og:image\" content=\"https:\/\/www.vagadeempregorj.com.br\/wp-content\/uploads\/2024\/10\/image-25.png\" \/>\n\t<meta property=\"og:image:width\" content=\"1024\" \/>\n\t<meta property=\"og:image:height\" content=\"577\" \/>\n\t<meta property=\"og:image:type\" content=\"image\/png\" \/>\n<meta name=\"author\" content=\"Michele\" \/>\n<meta name=\"twitter:card\" content=\"summary_large_image\" \/>\n<meta name=\"twitter:label1\" content=\"Written by\" \/>\n\t<meta name=\"twitter:data1\" content=\"Michele\" \/>\n\t<meta name=\"twitter:label2\" content=\"Est. reading time\" \/>\n\t<meta name=\"twitter:data2\" content=\"4 minutes\" \/>\n<script type=\"application\/ld+json\" class=\"yoast-schema-graph\">{\"@context\":\"https:\\\/\\\/schema.org\",\"@graph\":[{\"@type\":\"Article\",\"@id\":\"https:\\\/\\\/www.vagadeempregorj.com.br\\\/spani-atacadista-mais-de-250-empregos-pelo-pais\\\/#article\",\"isPartOf\":{\"@id\":\"https:\\\/\\\/www.vagadeempregorj.com.br\\\/spani-atacadista-mais-de-250-empregos-pelo-pais\\\/\"},\"author\":{\"name\":\"Michele\",\"@id\":\"https:\\\/\\\/www.vagadeempregorj.com.br\\\/#\\\/schema\\\/person\\\/3ddb19fa0539706786e502152f3aae95\"},\"headline\":\"Spani Atacadista: mais de 250 empregos pelo pa\u00eds\",\"datePublished\":\"2024-10-16T09:00:00+00:00\",\"mainEntityOfPage\":{\"@id\":\"https:\\\/\\\/www.vagadeempregorj.com.br\\\/spani-atacadista-mais-de-250-empregos-pelo-pais\\\/\"},\"wordCount\":856,\"image\":{\"@id\":\"https:\\\/\\\/www.vagadeempregorj.com.br\\\/spani-atacadista-mais-de-250-empregos-pelo-pais\\\/#primaryimage\"},\"thumbnailUrl\":\"https:\\\/\\\/www.vagadeempregorj.com.br\\\/wp-content\\\/uploads\\\/2024\\\/10\\\/image-25.png\",\"keywords\":[\"empregos\",\"oportunidades\"],\"articleSection\":[\"Vagas de Emprego Nacionais\"],\"inLanguage\":\"fr-FR\"},{\"@type\":\"WebPage\",\"@id\":\"https:\\\/\\\/www.vagadeempregorj.com.br\\\/spani-atacadista-mais-de-250-empregos-pelo-pais\\\/\",\"url\":\"https:\\\/\\\/www.vagadeempregorj.com.br\\\/spani-atacadista-mais-de-250-empregos-pelo-pais\\\/\",\"name\":\"Spani Atacadista: mais de 250 empregos pelo pa\u00eds -\",\"isPartOf\":{\"@id\":\"https:\\\/\\\/www.vagadeempregorj.com.br\\\/#website\"},\"primaryImageOfPage\":{\"@id\":\"https:\\\/\\\/www.vagadeempregorj.com.br\\\/spani-atacadista-mais-de-250-empregos-pelo-pais\\\/#primaryimage\"},\"image\":{\"@id\":\"https:\\\/\\\/www.vagadeempregorj.com.br\\\/spani-atacadista-mais-de-250-empregos-pelo-pais\\\/#primaryimage\"},\"thumbnailUrl\":\"https:\\\/\\\/www.vagadeempregorj.com.br\\\/wp-content\\\/uploads\\\/2024\\\/10\\\/image-25.png\",\"datePublished\":\"2024-10-16T09:00:00+00:00\",\"author\":{\"@id\":\"https:\\\/\\\/www.vagadeempregorj.com.br\\\/#\\\/schema\\\/person\\\/3ddb19fa0539706786e502152f3aae95\"},\"description\":\"Veja em Vagas de Emprego RJ as vagas de emprego com e sem experi\u00eancia no seu Estado e Regi\u00e3o!\",\"breadcrumb\":{\"@id\":\"https:\\\/\\\/www.vagadeempregorj.com.br\\\/spani-atacadista-mais-de-250-empregos-pelo-pais\\\/#breadcrumb\"},\"inLanguage\":\"fr-FR\",\"potentialAction\":[{\"@type\":\"ReadAction\",\"target\":[\"https:\\\/\\\/www.vagadeempregorj.com.br\\\/spani-atacadista-mais-de-250-empregos-pelo-pais\\\/\"]}]},{\"@type\":\"ImageObject\",\"inLanguage\":\"fr-FR\",\"@id\":\"https:\\\/\\\/www.vagadeempregorj.com.br\\\/spani-atacadista-mais-de-250-empregos-pelo-pais\\\/#primaryimage\",\"url\":\"https:\\\/\\\/www.vagadeempregorj.com.br\\\/wp-content\\\/uploads\\\/2024\\\/10\\\/image-25.png\",\"contentUrl\":\"https:\\\/\\\/www.vagadeempregorj.com.br\\\/wp-content\\\/uploads\\\/2024\\\/10\\\/image-25.png\",\"width\":1024,\"height\":577},{\"@type\":\"BreadcrumbList\",\"@id\":\"https:\\\/\\\/www.vagadeempregorj.com.br\\\/spani-atacadista-mais-de-250-empregos-pelo-pais\\\/#breadcrumb\",\"itemListElement\":[{\"@type\":\"ListItem\",\"position\":1,\"name\":\"In\u00edcio\",\"item\":\"https:\\\/\\\/www.vagadeempregorj.com.br\\\/\"},{\"@type\":\"ListItem\",\"position\":2,\"name\":\"Vagas de Emprego Nacionais\",\"item\":\"https:\\\/\\\/www.vagadeempregorj.com.br\\\/vagas-de-emprego-nacionais\\\/\"},{\"@type\":\"ListItem\",\"position\":3,\"name\":\"Spani Atacadista: mais de 250 empregos pelo pa\u00eds\"}]},{\"@type\":\"WebSite\",\"@id\":\"https:\\\/\\\/www.vagadeempregorj.com.br\\\/#website\",\"url\":\"https:\\\/\\\/www.vagadeempregorj.com.br\\\/\",\"name\":\"\",\"description\":\"Conquiste Sonhos: Vagas, Benef\u00edcios e Economia para Transformar Vidas e Alcan\u00e7ar Melhorias Cotidianas\",\"potentialAction\":[{\"@type\":\"SearchAction\",\"target\":{\"@type\":\"EntryPoint\",\"urlTemplate\":\"https:\\\/\\\/www.vagadeempregorj.com.br\\\/?s={search_term_string}\"},\"query-input\":{\"@type\":\"PropertyValueSpecification\",\"valueRequired\":true,\"valueName\":\"search_term_string\"}}],\"inLanguage\":\"fr-FR\"},{\"@type\":\"Person\",\"@id\":\"https:\\\/\\\/www.vagadeempregorj.com.br\\\/#\\\/schema\\\/person\\\/3ddb19fa0539706786e502152f3aae95\",\"name\":\"Michele\",\"image\":{\"@type\":\"ImageObject\",\"inLanguage\":\"fr-FR\",\"@id\":\"https:\\\/\\\/secure.gravatar.com\\\/avatar\\\/6b0eb9d22841282815e2cd856a0061c45e1761cd54b22e952d98c4746939aa85?s=96&r=g\",\"url\":\"https:\\\/\\\/secure.gravatar.com\\\/avatar\\\/6b0eb9d22841282815e2cd856a0061c45e1761cd54b22e952d98c4746939aa85?s=96&r=g\",\"contentUrl\":\"https:\\\/\\\/secure.gravatar.com\\\/avatar\\\/6b0eb9d22841282815e2cd856a0061c45e1761cd54b22e952d98c4746939aa85?s=96&r=g\",\"caption\":\"Michele\"},\"description\":\"Formada em Letras - Portugu\u00eas\\\/ Ingl\u00eas, e idealizadora do site Escritora de Sucesso, busca expandir o conhecimento de todos com informa\u00e7\u00f5es relevantes sobre diversos assuntos, enquanto redatora. No Vaga de Emprego RJ, traz oportunidades e dicas sobre o mercado de trabalho.\",\"url\":\"https:\\\/\\\/www.vagadeempregorj.com.br\\\/fr\\\/author\\\/michele\\\/\"}]}<\/script>\n<!-- \/ Yoast SEO plugin. -->","yoast_head_json":{"title":"Spani Atacadista: mais de 250 empregos pelo pa\u00eds -","description":"Veja em Vagas de Emprego RJ as vagas de emprego com e sem experi\u00eancia no seu Estado e Regi\u00e3o!","robots":{"index":"index","follow":"follow","max-snippet":"max-snippet:-1","max-image-preview":"max-image-preview:large","max-video-preview":"max-video-preview:-1"},"canonical":"https:\/\/www.vagadeempregorj.com.br\/fr\/spani-atacadista-mais-de-250-empregos-pelo-pais\/","og_locale":"fr_FR","og_type":"article","og_title":"Spani Atacadista: mais de 250 empregos pelo pa\u00eds -","og_description":"Veja em Vagas de Emprego RJ as vagas de emprego com e sem experi\u00eancia no seu Estado e Regi\u00e3o!","og_url":"https:\/\/www.vagadeempregorj.com.br\/fr\/spani-atacadista-mais-de-250-empregos-pelo-pais\/","article_publisher":"https:\/\/www.facebook.com\/empregobrasiloficial","article_published_time":"2024-10-16T09:00:00+00:00","og_image":[{"width":1024,"height":577,"url":"https:\/\/www.vagadeempregorj.com.br\/wp-content\/uploads\/2024\/10\/image-25.png","type":"image\/png"}],"author":"Michele","twitter_card":"summary_large_image","twitter_misc":{"Written by":"Michele","Est. reading time":"4 minutes"},"schema":{"@context":"https:\/\/schema.org","@graph":[{"@type":"Article","@id":"https:\/\/www.vagadeempregorj.com.br\/spani-atacadista-mais-de-250-empregos-pelo-pais\/#article","isPartOf":{"@id":"https:\/\/www.vagadeempregorj.com.br\/spani-atacadista-mais-de-250-empregos-pelo-pais\/"},"author":{"name":"Michele","@id":"https:\/\/www.vagadeempregorj.com.br\/#\/schema\/person\/3ddb19fa0539706786e502152f3aae95"},"headline":"Spani Atacadista: mais de 250 empregos pelo pa\u00eds","datePublished":"2024-10-16T09:00:00+00:00","mainEntityOfPage":{"@id":"https:\/\/www.vagadeempregorj.com.br\/spani-atacadista-mais-de-250-empregos-pelo-pais\/"},"wordCount":856,"image":{"@id":"https:\/\/www.vagadeempregorj.com.br\/spani-atacadista-mais-de-250-empregos-pelo-pais\/#primaryimage"},"thumbnailUrl":"https:\/\/www.vagadeempregorj.com.br\/wp-content\/uploads\/2024\/10\/image-25.png","keywords":["empregos","oportunidades"],"articleSection":["Vagas de Emprego Nacionais"],"inLanguage":"fr-FR"},{"@type":"WebPage","@id":"https:\/\/www.vagadeempregorj.com.br\/spani-atacadista-mais-de-250-empregos-pelo-pais\/","url":"https:\/\/www.vagadeempregorj.com.br\/spani-atacadista-mais-de-250-empregos-pelo-pais\/","name":"Spani Atacadista: mais de 250 empregos pelo pa\u00eds -","isPartOf":{"@id":"https:\/\/www.vagadeempregorj.com.br\/#website"},"primaryImageOfPage":{"@id":"https:\/\/www.vagadeempregorj.com.br\/spani-atacadista-mais-de-250-empregos-pelo-pais\/#primaryimage"},"image":{"@id":"https:\/\/www.vagadeempregorj.com.br\/spani-atacadista-mais-de-250-empregos-pelo-pais\/#primaryimage"},"thumbnailUrl":"https:\/\/www.vagadeempregorj.com.br\/wp-content\/uploads\/2024\/10\/image-25.png","datePublished":"2024-10-16T09:00:00+00:00","author":{"@id":"https:\/\/www.vagadeempregorj.com.br\/#\/schema\/person\/3ddb19fa0539706786e502152f3aae95"},"description":"Veja em Vagas de Emprego RJ as vagas de emprego com e sem experi\u00eancia no seu Estado e Regi\u00e3o!","breadcrumb":{"@id":"https:\/\/www.vagadeempregorj.com.br\/spani-atacadista-mais-de-250-empregos-pelo-pais\/#breadcrumb"},"inLanguage":"fr-FR","potentialAction":[{"@type":"ReadAction","target":["https:\/\/www.vagadeempregorj.com.br\/spani-atacadista-mais-de-250-empregos-pelo-pais\/"]}]},{"@type":"ImageObject","inLanguage":"fr-FR","@id":"https:\/\/www.vagadeempregorj.com.br\/spani-atacadista-mais-de-250-empregos-pelo-pais\/#primaryimage","url":"https:\/\/www.vagadeempregorj.com.br\/wp-content\/uploads\/2024\/10\/image-25.png","contentUrl":"https:\/\/www.vagadeempregorj.com.br\/wp-content\/uploads\/2024\/10\/image-25.png","width":1024,"height":577},{"@type":"BreadcrumbList","@id":"https:\/\/www.vagadeempregorj.com.br\/spani-atacadista-mais-de-250-empregos-pelo-pais\/#breadcrumb","itemListElement":[{"@type":"ListItem","position":1,"name":"In\u00edcio","item":"https:\/\/www.vagadeempregorj.com.br\/"},{"@type":"ListItem","position":2,"name":"Vagas de Emprego Nacionais","item":"https:\/\/www.vagadeempregorj.com.br\/vagas-de-emprego-nacionais\/"},{"@type":"ListItem","position":3,"name":"Spani Atacadista: mais de 250 empregos pelo pa\u00eds"}]},{"@type":"WebSite","@id":"https:\/\/www.vagadeempregorj.com.br\/#website","url":"https:\/\/www.vagadeempregorj.com.br\/","name":"","description":"Conquiste Sonhos: Vagas, Benef\u00edcios e Economia para Transformar Vidas e Alcan\u00e7ar Melhorias Cotidianas","potentialAction":[{"@type":"SearchAction","target":{"@type":"EntryPoint","urlTemplate":"https:\/\/www.vagadeempregorj.com.br\/?s={search_term_string}"},"query-input":{"@type":"PropertyValueSpecification","valueRequired":true,"valueName":"search_term_string"}}],"inLanguage":"fr-FR"},{"@type":"Person","@id":"https:\/\/www.vagadeempregorj.com.br\/#\/schema\/person\/3ddb19fa0539706786e502152f3aae95","name":"Michele","image":{"@type":"ImageObject","inLanguage":"fr-FR","@id":"https:\/\/secure.gravatar.com\/avatar\/6b0eb9d22841282815e2cd856a0061c45e1761cd54b22e952d98c4746939aa85?s=96&r=g","url":"https:\/\/secure.gravatar.com\/avatar\/6b0eb9d22841282815e2cd856a0061c45e1761cd54b22e952d98c4746939aa85?s=96&r=g","contentUrl":"https:\/\/secure.gravatar.com\/avatar\/6b0eb9d22841282815e2cd856a0061c45e1761cd54b22e952d98c4746939aa85?s=96&r=g","caption":"Michele"},"description":"Formada em Letras - Portugu\u00eas\/ Ingl\u00eas, e idealizadora do site Escritora de Sucesso, busca expandir o conhecimento de todos com informa\u00e7\u00f5es relevantes sobre diversos assuntos, enquanto redatora. No Vaga de Emprego RJ, traz oportunidades e dicas sobre o mercado de trabalho.","url":"https:\/\/www.vagadeempregorj.com.br\/fr\/author\/michele\/"}]}},"_links":{"self":[{"href":"https:\/\/www.vagadeempregorj.com.br\/fr\/wp-json\/wp\/v2\/posts\/40972","targetHints":{"allow":["GET"]}}],"collection":[{"href":"https:\/\/www.vagadeempregorj.com.br\/fr\/wp-json\/wp\/v2\/posts"}],"about":[{"href":"https:\/\/www.vagadeempregorj.com.br\/fr\/wp-json\/wp\/v2\/types\/post"}],"author":[{"embeddable":true,"href":"https:\/\/www.vagadeempregorj.com.br\/fr\/wp-json\/wp\/v2\/users\/16"}],"replies":[{"embeddable":true,"href":"https:\/\/www.vagadeempregorj.com.br\/fr\/wp-json\/wp\/v2\/comments?post=40972"}],"version-history":[{"count":0,"href":"https:\/\/www.vagadeempregorj.com.br\/fr\/wp-json\/wp\/v2\/posts\/40972\/revisions"}],"wp:featuredmedia":[{"embeddable":true,"href":"https:\/\/www.vagadeempregorj.com.br\/fr\/wp-json\/wp\/v2\/media\/40997"}],"wp:attachment":[{"href":"https:\/\/www.vagadeempregorj.com.br\/fr\/wp-json\/wp\/v2\/media?parent=40972"}],"wp:term":[{"taxonomy":"category","embeddable":true,"href":"https:\/\/www.vagadeempregorj.com.br\/fr\/wp-json\/wp\/v2\/categories?post=40972"},{"taxonomy":"post_tag","embeddable":true,"href":"https:\/\/www.vagadeempregorj.com.br\/fr\/wp-json\/wp\/v2\/tags?post=40972"}],"curies":[{"name":"wp","href":"https:\/\/api.w.org\/{rel}","templated":true}]}}