{"id":40975,"date":"2024-10-17T06:00:00","date_gmt":"2024-10-17T09:00:00","guid":{"rendered":"https:\/\/www.vagadeempregorj.com.br\/?p=40975"},"modified":"2024-10-11T14:27:20","modified_gmt":"2024-10-11T17:27:20","slug":"leo-madeiras-mais-de-130-empregos-abertos-pelo-pais","status":"publish","type":"post","link":"https:\/\/www.vagadeempregorj.com.br\/fr\/leo-madeiras-mais-de-130-empregos-abertos-pelo-pais\/","title":{"rendered":"Leo Madeiras: mais de 130 empregos abertos pelo pa\u00eds"},"content":{"rendered":"<p>A <strong>Leo Madeiras<\/strong>, uma das maiores distribuidoras de insumos para marcenaria no Brasil, est\u00e1 com mais de 130 vagas de emprego abertas em diversas regi\u00f5es do pa\u00eds. Com uma hist\u00f3ria de mais de 75 anos no mercado, a empresa tem crescido de forma expressiva, sendo refer\u00eancia no fornecimento de materiais para o setor de marcenaria e decora\u00e7\u00e3o.<\/p>\n\n\n\n<h2 class=\"wp-block-heading\">Quais s\u00e3o as vagas de emprego abertas pelo Leo Madeiras?<\/h2>\n\n\n\n<p>A Leo Madeiras est\u00e1 com vagas dispon\u00edveis para diferentes \u00e1reas, oferecendo oportunidades tanto para quem deseja ingressar no mercado de trabalho quanto para quem j\u00e1 possui experi\u00eancia no setor. As vagas contemplam \u00e1reas operacionais, administrativas e comerciais, garantindo diversidade de op\u00e7\u00f5es para profissionais de diferentes perfis. Confira abaixo algumas das principais vagas abertas:<\/p>\n\n\n\n<figure class=\"wp-block-image size-full\"><img loading=\"lazy\" decoding=\"async\" width=\"1000\" height=\"563\" src=\"https:\/\/www.vagadeempregorj.com.br\/wp-content\/uploads\/2024\/10\/image-26.png\" alt=\"\" class=\"wp-image-40999\" srcset=\"https:\/\/www.vagadeempregorj.com.br\/wp-content\/uploads\/2024\/10\/image-26.png 1000w, https:\/\/www.vagadeempregorj.com.br\/wp-content\/uploads\/2024\/10\/image-26-300x169.png 300w, https:\/\/www.vagadeempregorj.com.br\/wp-content\/uploads\/2024\/10\/image-26-768x432.png 768w, https:\/\/www.vagadeempregorj.com.br\/wp-content\/uploads\/2024\/10\/image-26-383x215.png 383w, https:\/\/www.vagadeempregorj.com.br\/wp-content\/uploads\/2024\/10\/image-26-150x84.png 150w\" sizes=\"auto, (max-width: 1000px) 100vw, 1000px\" \/><\/figure>\n\n\n\n<h3 class=\"wp-block-heading\">Vendedor<\/h3>\n\n\n\n<p>O vendedor \u00e9 a linha de frente da Leo Madeiras, respons\u00e1vel por atender os clientes, identificar suas necessidades e oferecer os produtos mais adequados. Essa fun\u00e7\u00e3o exige excelente comunica\u00e7\u00e3o, conhecimento sobre o portf\u00f3lio de produtos da empresa e habilidade para fechar neg\u00f3cios. Experi\u00eancia anterior na \u00e1rea de vendas \u00e9 um diferencial, mas a empresa tamb\u00e9m oferece treinamentos para capacitar seus colaboradores.<\/p>\n\n\n\n<h3 class=\"wp-block-heading\">Operador de caixa<\/h3>\n\n\n\n<p>O operador de caixa \u00e9 respons\u00e1vel pelo atendimento ao cliente na finaliza\u00e7\u00e3o das compras. Esse profissional processa os pagamentos e oferece suporte no p\u00f3s-venda, garantindo uma experi\u00eancia agrad\u00e1vel para o cliente. Organiza\u00e7\u00e3o, agilidade e boa comunica\u00e7\u00e3o s\u00e3o essenciais para essa fun\u00e7\u00e3o, que exige aten\u00e7\u00e3o aos detalhes no registro das transa\u00e7\u00f5es.<\/p>\n\n\n\n<h3 class=\"wp-block-heading\">Estoquista<\/h3>\n\n\n\n<p>O estoquista \u00e9 pe\u00e7a fundamental na organiza\u00e7\u00e3o interna da empresa. Ele garante que os produtos estejam sempre dispon\u00edveis para venda, fazendo o controle e reposi\u00e7\u00e3o dos estoques, al\u00e9m de organizar o ambiente de armazenamento. Esse cargo exige aten\u00e7\u00e3o e agilidade para lidar com o grande volume de mercadorias, al\u00e9m de garantir a correta separa\u00e7\u00e3o e entrega de materiais para os clientes.<\/p>\n\n\n\n<h3 class=\"wp-block-heading\">Assistente de log\u00edstica<\/h3>\n\n\n\n<p>O assistente de log\u00edstica tem a responsabilidade de auxiliar nas opera\u00e7\u00f5es de movimenta\u00e7\u00e3o e distribui\u00e7\u00e3o de mercadorias. Ele cuida do controle de entrada e sa\u00edda de materiais e tamb\u00e9m contribui para o planejamento das entregas, garantindo que os pedidos cheguem corretamente aos clientes. Experi\u00eancia na \u00e1rea de log\u00edstica \u00e9 um diferencial, mas a empresa oferece oportunidades de aprendizado.<\/p>\n\n\n\n<h3 class=\"wp-block-heading\">Consultor t\u00e9cnico<\/h3>\n\n\n\n<p>O consultor t\u00e9cnico \u00e9 um profissional especializado no portf\u00f3lio da Leo Madeiras. Ele orienta os clientes em rela\u00e7\u00e3o ao uso adequado dos produtos, oferecendo suporte na escolha de materiais e garantindo que as solu\u00e7\u00f5es propostas estejam de acordo com as necessidades de cada projeto. O conhecimento t\u00e9cnico em marcenaria ou \u00e1reas correlatas \u00e9 um grande diferencial para esse cargo.<\/p>\n\n\n\n<h3 class=\"wp-block-heading\">Auxiliar de servi\u00e7os gerais<\/h3>\n\n\n\n<p>O auxiliar de servi\u00e7os gerais \u00e9 respons\u00e1vel por garantir a limpeza e organiza\u00e7\u00e3o dos ambientes da empresa, desde os escrit\u00f3rios at\u00e9 as \u00e1reas de estoque e vendas. Esse profissional contribui diretamente para manter um ambiente de trabalho limpo, organizado e agrad\u00e1vel para colaboradores e clientes.<\/p>\n\n\n\n<p>Essas s\u00e3o apenas algumas das vagas dispon\u00edveis na Leo Madeiras. A empresa est\u00e1 em constante crescimento e as oportunidades podem variar de acordo com a localidade. Se voc\u00ea tem interesse em trabalhar em uma empresa s\u00f3lida, com d\u00e9cadas de tradi\u00e7\u00e3o e que valoriza o desenvolvimento de seus colaboradores, essa \u00e9 uma excelente chance.<\/p>\n\n\n\n<h2 class=\"wp-block-heading\">Como se candidatar?<\/h2>\n\n\n\n<p>Se voc\u00ea ficou interessado em alguma das vagas abertas pela Leo Madeiras, o processo de candidatura \u00e9 simples e totalmente online, realizado pela plataforma Gupy. Atrav\u00e9s dessa plataforma, voc\u00ea pode se inscrever nas vagas que mais combinam com seu perfil e acompanhar o status da sua candidatura em tempo real.<\/p>\n\n\n\n<p>Para se candidatar, siga o passo a passo:<\/p>\n\n\n\n<ul class=\"wp-block-list\">\n<li>Copie e cole o endere\u00e7o <strong>https:\/\/leomadeiras.gupy.io\/<\/strong> em seu navegador;<\/li>\n\n\n\n<li>Acesse a p\u00e1gina e explore as oportunidades de emprego dispon\u00edveis;<\/li>\n\n\n\n<li>Caso ainda n\u00e3o tenha, crie seu cadastro na plataforma Gupy;<\/li>\n\n\n\n<li>Preencha suas informa\u00e7\u00f5es pessoais e profissionais;<\/li>\n\n\n\n<li>Anexe seu curr\u00edculo atualizado e envie sua candidatura para a vaga desejada.<\/li>\n<\/ul>\n\n\n\n<p>A plataforma Gupy permite que voc\u00ea acompanhe todo o processo seletivo, desde a inscri\u00e7\u00e3o at\u00e9 a poss\u00edvel convoca\u00e7\u00e3o para entrevistas. Fique atento \u00e0s notifica\u00e7\u00f5es e e-mails, pois a empresa pode solicitar mais informa\u00e7\u00f5es ou agendar uma conversa para conhecer melhor o seu perfil.<\/p>\n\n\n\n<p>Trabalhar na Leo Madeiras \u00e9 uma oportunidade de crescimento em uma empresa que valoriza seus colaboradores e oferece um ambiente de aprendizado cont\u00ednuo. Com vagas em v\u00e1rias \u00e1reas e localidades, a empresa est\u00e1 sempre em busca de profissionais dedicados e dispostos a contribuir para o sucesso da companhia.<\/p>\n\n\n\n<p>N\u00e3o perca essa chance de fazer parte de uma equipe s\u00f3lida e de construir uma carreira em uma das maiores distribuidoras de insumos para marcenaria do pa\u00eds. Acesse o site, cadastre-se e d\u00ea o primeiro passo em dire\u00e7\u00e3o a uma nova jornada profissional com a Leo Madeiras!<\/p>\n\n\n\n<p><strong>Veja tamb\u00e9m: <a href=\"https:\/\/www.vagadeempregorj.com.br\/fr\/aurora-coop-34-vagas-de-emprego-abertas-pelo-pais\/\">Aurora Coop: 34 vagas de emprego abertas pelo pa\u00eds<\/a><\/strong><\/p>\n\n\n\n<p>17 de outubro de 2024<\/p>","protected":false},"excerpt":{"rendered":"<p>A Leo Madeiras, uma das maiores distribuidoras de insumos para marcenaria no Brasil, est\u00e1 com mais de 130 vagas de emprego abertas em diversas regi\u00f5es do pa\u00eds. Com uma hist\u00f3ria de mais de 75 anos no mercado, a empresa tem crescido de forma expressiva, sendo refer\u00eancia no fornecimento de materiais para o setor de marcenaria&hellip;&nbsp;<\/p>","protected":false},"author":16,"featured_media":40999,"comment_status":"closed","ping_status":"closed","sticky":false,"template":"","format":"standard","meta":{"neve_meta_sidebar":"","neve_meta_container":"","neve_meta_enable_content_width":"","neve_meta_content_width":0,"neve_meta_title_alignment":"","neve_meta_author_avatar":"","neve_post_elements_order":"","neve_meta_disable_header":"","neve_meta_disable_footer":"","neve_meta_disable_title":"","footnotes":""},"categories":[123],"tags":[830,608],"class_list":["post-40975","post","type-post","status-publish","format-standard","has-post-thumbnail","hentry","category-vagas-de-emprego-nacionais","tag-empregos","tag-oportunidades"],"yoast_head":"<!-- This site is optimized with the Yoast SEO plugin v27.5 - https:\/\/yoast.com\/product\/yoast-seo-wordpress\/ -->\n<title>Leo Madeiras: mais de 130 empregos abertos pelo pa\u00eds -<\/title>\n<meta name=\"description\" content=\"Veja em Vagas de Emprego RJ as vagas de emprego com e sem experi\u00eancia no seu Estado e Regi\u00e3o!\" \/>\n<meta name=\"robots\" content=\"index, follow, max-snippet:-1, max-image-preview:large, max-video-preview:-1\" \/>\n<link rel=\"canonical\" href=\"https:\/\/www.vagadeempregorj.com.br\/fr\/leo-madeiras-mais-de-130-empregos-abertos-pelo-pais\/\" \/>\n<meta property=\"og:locale\" content=\"fr_FR\" \/>\n<meta property=\"og:type\" content=\"article\" \/>\n<meta property=\"og:title\" content=\"Leo Madeiras: mais de 130 empregos abertos pelo pa\u00eds -\" \/>\n<meta property=\"og:description\" content=\"Veja em Vagas de Emprego RJ as vagas de emprego com e sem experi\u00eancia no seu Estado e Regi\u00e3o!\" \/>\n<meta property=\"og:url\" content=\"https:\/\/www.vagadeempregorj.com.br\/fr\/leo-madeiras-mais-de-130-empregos-abertos-pelo-pais\/\" \/>\n<meta property=\"article:publisher\" content=\"https:\/\/www.facebook.com\/empregobrasiloficial\" \/>\n<meta property=\"article:published_time\" content=\"2024-10-17T09:00:00+00:00\" \/>\n<meta property=\"og:image\" content=\"https:\/\/www.vagadeempregorj.com.br\/wp-content\/uploads\/2024\/10\/image-26.png\" \/>\n\t<meta property=\"og:image:width\" content=\"1000\" \/>\n\t<meta property=\"og:image:height\" content=\"563\" \/>\n\t<meta property=\"og:image:type\" content=\"image\/png\" \/>\n<meta name=\"author\" content=\"Michele\" \/>\n<meta name=\"twitter:card\" content=\"summary_large_image\" \/>\n<meta name=\"twitter:label1\" content=\"Written by\" \/>\n\t<meta name=\"twitter:data1\" content=\"Michele\" \/>\n\t<meta name=\"twitter:label2\" content=\"Est. reading time\" \/>\n\t<meta name=\"twitter:data2\" content=\"4 minutes\" \/>\n<script type=\"application\/ld+json\" class=\"yoast-schema-graph\">{\"@context\":\"https:\\\/\\\/schema.org\",\"@graph\":[{\"@type\":\"Article\",\"@id\":\"https:\\\/\\\/www.vagadeempregorj.com.br\\\/leo-madeiras-mais-de-130-empregos-abertos-pelo-pais\\\/#article\",\"isPartOf\":{\"@id\":\"https:\\\/\\\/www.vagadeempregorj.com.br\\\/leo-madeiras-mais-de-130-empregos-abertos-pelo-pais\\\/\"},\"author\":{\"name\":\"Michele\",\"@id\":\"https:\\\/\\\/www.vagadeempregorj.com.br\\\/#\\\/schema\\\/person\\\/3ddb19fa0539706786e502152f3aae95\"},\"headline\":\"Leo Madeiras: mais de 130 empregos abertos pelo pa\u00eds\",\"datePublished\":\"2024-10-17T09:00:00+00:00\",\"mainEntityOfPage\":{\"@id\":\"https:\\\/\\\/www.vagadeempregorj.com.br\\\/leo-madeiras-mais-de-130-empregos-abertos-pelo-pais\\\/\"},\"wordCount\":860,\"image\":{\"@id\":\"https:\\\/\\\/www.vagadeempregorj.com.br\\\/leo-madeiras-mais-de-130-empregos-abertos-pelo-pais\\\/#primaryimage\"},\"thumbnailUrl\":\"https:\\\/\\\/www.vagadeempregorj.com.br\\\/wp-content\\\/uploads\\\/2024\\\/10\\\/image-26.png\",\"keywords\":[\"empregos\",\"oportunidades\"],\"articleSection\":[\"Vagas de Emprego Nacionais\"],\"inLanguage\":\"fr-FR\"},{\"@type\":\"WebPage\",\"@id\":\"https:\\\/\\\/www.vagadeempregorj.com.br\\\/leo-madeiras-mais-de-130-empregos-abertos-pelo-pais\\\/\",\"url\":\"https:\\\/\\\/www.vagadeempregorj.com.br\\\/leo-madeiras-mais-de-130-empregos-abertos-pelo-pais\\\/\",\"name\":\"Leo Madeiras: mais de 130 empregos abertos pelo pa\u00eds -\",\"isPartOf\":{\"@id\":\"https:\\\/\\\/www.vagadeempregorj.com.br\\\/#website\"},\"primaryImageOfPage\":{\"@id\":\"https:\\\/\\\/www.vagadeempregorj.com.br\\\/leo-madeiras-mais-de-130-empregos-abertos-pelo-pais\\\/#primaryimage\"},\"image\":{\"@id\":\"https:\\\/\\\/www.vagadeempregorj.com.br\\\/leo-madeiras-mais-de-130-empregos-abertos-pelo-pais\\\/#primaryimage\"},\"thumbnailUrl\":\"https:\\\/\\\/www.vagadeempregorj.com.br\\\/wp-content\\\/uploads\\\/2024\\\/10\\\/image-26.png\",\"datePublished\":\"2024-10-17T09:00:00+00:00\",\"author\":{\"@id\":\"https:\\\/\\\/www.vagadeempregorj.com.br\\\/#\\\/schema\\\/person\\\/3ddb19fa0539706786e502152f3aae95\"},\"description\":\"Veja em Vagas de Emprego RJ as vagas de emprego com e sem experi\u00eancia no seu Estado e Regi\u00e3o!\",\"breadcrumb\":{\"@id\":\"https:\\\/\\\/www.vagadeempregorj.com.br\\\/leo-madeiras-mais-de-130-empregos-abertos-pelo-pais\\\/#breadcrumb\"},\"inLanguage\":\"fr-FR\",\"potentialAction\":[{\"@type\":\"ReadAction\",\"target\":[\"https:\\\/\\\/www.vagadeempregorj.com.br\\\/leo-madeiras-mais-de-130-empregos-abertos-pelo-pais\\\/\"]}]},{\"@type\":\"ImageObject\",\"inLanguage\":\"fr-FR\",\"@id\":\"https:\\\/\\\/www.vagadeempregorj.com.br\\\/leo-madeiras-mais-de-130-empregos-abertos-pelo-pais\\\/#primaryimage\",\"url\":\"https:\\\/\\\/www.vagadeempregorj.com.br\\\/wp-content\\\/uploads\\\/2024\\\/10\\\/image-26.png\",\"contentUrl\":\"https:\\\/\\\/www.vagadeempregorj.com.br\\\/wp-content\\\/uploads\\\/2024\\\/10\\\/image-26.png\",\"width\":1000,\"height\":563},{\"@type\":\"BreadcrumbList\",\"@id\":\"https:\\\/\\\/www.vagadeempregorj.com.br\\\/leo-madeiras-mais-de-130-empregos-abertos-pelo-pais\\\/#breadcrumb\",\"itemListElement\":[{\"@type\":\"ListItem\",\"position\":1,\"name\":\"In\u00edcio\",\"item\":\"https:\\\/\\\/www.vagadeempregorj.com.br\\\/\"},{\"@type\":\"ListItem\",\"position\":2,\"name\":\"Vagas de Emprego Nacionais\",\"item\":\"https:\\\/\\\/www.vagadeempregorj.com.br\\\/vagas-de-emprego-nacionais\\\/\"},{\"@type\":\"ListItem\",\"position\":3,\"name\":\"Leo Madeiras: mais de 130 empregos abertos pelo pa\u00eds\"}]},{\"@type\":\"WebSite\",\"@id\":\"https:\\\/\\\/www.vagadeempregorj.com.br\\\/#website\",\"url\":\"https:\\\/\\\/www.vagadeempregorj.com.br\\\/\",\"name\":\"\",\"description\":\"Conquiste Sonhos: Vagas, Benef\u00edcios e Economia para Transformar Vidas e Alcan\u00e7ar Melhorias Cotidianas\",\"potentialAction\":[{\"@type\":\"SearchAction\",\"target\":{\"@type\":\"EntryPoint\",\"urlTemplate\":\"https:\\\/\\\/www.vagadeempregorj.com.br\\\/?s={search_term_string}\"},\"query-input\":{\"@type\":\"PropertyValueSpecification\",\"valueRequired\":true,\"valueName\":\"search_term_string\"}}],\"inLanguage\":\"fr-FR\"},{\"@type\":\"Person\",\"@id\":\"https:\\\/\\\/www.vagadeempregorj.com.br\\\/#\\\/schema\\\/person\\\/3ddb19fa0539706786e502152f3aae95\",\"name\":\"Michele\",\"image\":{\"@type\":\"ImageObject\",\"inLanguage\":\"fr-FR\",\"@id\":\"https:\\\/\\\/secure.gravatar.com\\\/avatar\\\/6b0eb9d22841282815e2cd856a0061c45e1761cd54b22e952d98c4746939aa85?s=96&r=g\",\"url\":\"https:\\\/\\\/secure.gravatar.com\\\/avatar\\\/6b0eb9d22841282815e2cd856a0061c45e1761cd54b22e952d98c4746939aa85?s=96&r=g\",\"contentUrl\":\"https:\\\/\\\/secure.gravatar.com\\\/avatar\\\/6b0eb9d22841282815e2cd856a0061c45e1761cd54b22e952d98c4746939aa85?s=96&r=g\",\"caption\":\"Michele\"},\"description\":\"Formada em Letras - Portugu\u00eas\\\/ Ingl\u00eas, e idealizadora do site Escritora de Sucesso, busca expandir o conhecimento de todos com informa\u00e7\u00f5es relevantes sobre diversos assuntos, enquanto redatora. No Vaga de Emprego RJ, traz oportunidades e dicas sobre o mercado de trabalho.\",\"url\":\"https:\\\/\\\/www.vagadeempregorj.com.br\\\/fr\\\/author\\\/michele\\\/\"}]}<\/script>\n<!-- \/ Yoast SEO plugin. -->","yoast_head_json":{"title":"Leo Madeiras: mais de 130 empregos abertos pelo pa\u00eds -","description":"Veja em Vagas de Emprego RJ as vagas de emprego com e sem experi\u00eancia no seu Estado e Regi\u00e3o!","robots":{"index":"index","follow":"follow","max-snippet":"max-snippet:-1","max-image-preview":"max-image-preview:large","max-video-preview":"max-video-preview:-1"},"canonical":"https:\/\/www.vagadeempregorj.com.br\/fr\/leo-madeiras-mais-de-130-empregos-abertos-pelo-pais\/","og_locale":"fr_FR","og_type":"article","og_title":"Leo Madeiras: mais de 130 empregos abertos pelo pa\u00eds -","og_description":"Veja em Vagas de Emprego RJ as vagas de emprego com e sem experi\u00eancia no seu Estado e Regi\u00e3o!","og_url":"https:\/\/www.vagadeempregorj.com.br\/fr\/leo-madeiras-mais-de-130-empregos-abertos-pelo-pais\/","article_publisher":"https:\/\/www.facebook.com\/empregobrasiloficial","article_published_time":"2024-10-17T09:00:00+00:00","og_image":[{"width":1000,"height":563,"url":"https:\/\/www.vagadeempregorj.com.br\/wp-content\/uploads\/2024\/10\/image-26.png","type":"image\/png"}],"author":"Michele","twitter_card":"summary_large_image","twitter_misc":{"Written by":"Michele","Est. reading time":"4 minutes"},"schema":{"@context":"https:\/\/schema.org","@graph":[{"@type":"Article","@id":"https:\/\/www.vagadeempregorj.com.br\/leo-madeiras-mais-de-130-empregos-abertos-pelo-pais\/#article","isPartOf":{"@id":"https:\/\/www.vagadeempregorj.com.br\/leo-madeiras-mais-de-130-empregos-abertos-pelo-pais\/"},"author":{"name":"Michele","@id":"https:\/\/www.vagadeempregorj.com.br\/#\/schema\/person\/3ddb19fa0539706786e502152f3aae95"},"headline":"Leo Madeiras: mais de 130 empregos abertos pelo pa\u00eds","datePublished":"2024-10-17T09:00:00+00:00","mainEntityOfPage":{"@id":"https:\/\/www.vagadeempregorj.com.br\/leo-madeiras-mais-de-130-empregos-abertos-pelo-pais\/"},"wordCount":860,"image":{"@id":"https:\/\/www.vagadeempregorj.com.br\/leo-madeiras-mais-de-130-empregos-abertos-pelo-pais\/#primaryimage"},"thumbnailUrl":"https:\/\/www.vagadeempregorj.com.br\/wp-content\/uploads\/2024\/10\/image-26.png","keywords":["empregos","oportunidades"],"articleSection":["Vagas de Emprego Nacionais"],"inLanguage":"fr-FR"},{"@type":"WebPage","@id":"https:\/\/www.vagadeempregorj.com.br\/leo-madeiras-mais-de-130-empregos-abertos-pelo-pais\/","url":"https:\/\/www.vagadeempregorj.com.br\/leo-madeiras-mais-de-130-empregos-abertos-pelo-pais\/","name":"Leo Madeiras: mais de 130 empregos abertos pelo pa\u00eds -","isPartOf":{"@id":"https:\/\/www.vagadeempregorj.com.br\/#website"},"primaryImageOfPage":{"@id":"https:\/\/www.vagadeempregorj.com.br\/leo-madeiras-mais-de-130-empregos-abertos-pelo-pais\/#primaryimage"},"image":{"@id":"https:\/\/www.vagadeempregorj.com.br\/leo-madeiras-mais-de-130-empregos-abertos-pelo-pais\/#primaryimage"},"thumbnailUrl":"https:\/\/www.vagadeempregorj.com.br\/wp-content\/uploads\/2024\/10\/image-26.png","datePublished":"2024-10-17T09:00:00+00:00","author":{"@id":"https:\/\/www.vagadeempregorj.com.br\/#\/schema\/person\/3ddb19fa0539706786e502152f3aae95"},"description":"Veja em Vagas de Emprego RJ as vagas de emprego com e sem experi\u00eancia no seu Estado e Regi\u00e3o!","breadcrumb":{"@id":"https:\/\/www.vagadeempregorj.com.br\/leo-madeiras-mais-de-130-empregos-abertos-pelo-pais\/#breadcrumb"},"inLanguage":"fr-FR","potentialAction":[{"@type":"ReadAction","target":["https:\/\/www.vagadeempregorj.com.br\/leo-madeiras-mais-de-130-empregos-abertos-pelo-pais\/"]}]},{"@type":"ImageObject","inLanguage":"fr-FR","@id":"https:\/\/www.vagadeempregorj.com.br\/leo-madeiras-mais-de-130-empregos-abertos-pelo-pais\/#primaryimage","url":"https:\/\/www.vagadeempregorj.com.br\/wp-content\/uploads\/2024\/10\/image-26.png","contentUrl":"https:\/\/www.vagadeempregorj.com.br\/wp-content\/uploads\/2024\/10\/image-26.png","width":1000,"height":563},{"@type":"BreadcrumbList","@id":"https:\/\/www.vagadeempregorj.com.br\/leo-madeiras-mais-de-130-empregos-abertos-pelo-pais\/#breadcrumb","itemListElement":[{"@type":"ListItem","position":1,"name":"In\u00edcio","item":"https:\/\/www.vagadeempregorj.com.br\/"},{"@type":"ListItem","position":2,"name":"Vagas de Emprego Nacionais","item":"https:\/\/www.vagadeempregorj.com.br\/vagas-de-emprego-nacionais\/"},{"@type":"ListItem","position":3,"name":"Leo Madeiras: mais de 130 empregos abertos pelo pa\u00eds"}]},{"@type":"WebSite","@id":"https:\/\/www.vagadeempregorj.com.br\/#website","url":"https:\/\/www.vagadeempregorj.com.br\/","name":"","description":"Conquiste Sonhos: Vagas, Benef\u00edcios e Economia para Transformar Vidas e Alcan\u00e7ar Melhorias Cotidianas","potentialAction":[{"@type":"SearchAction","target":{"@type":"EntryPoint","urlTemplate":"https:\/\/www.vagadeempregorj.com.br\/?s={search_term_string}"},"query-input":{"@type":"PropertyValueSpecification","valueRequired":true,"valueName":"search_term_string"}}],"inLanguage":"fr-FR"},{"@type":"Person","@id":"https:\/\/www.vagadeempregorj.com.br\/#\/schema\/person\/3ddb19fa0539706786e502152f3aae95","name":"Michele","image":{"@type":"ImageObject","inLanguage":"fr-FR","@id":"https:\/\/secure.gravatar.com\/avatar\/6b0eb9d22841282815e2cd856a0061c45e1761cd54b22e952d98c4746939aa85?s=96&r=g","url":"https:\/\/secure.gravatar.com\/avatar\/6b0eb9d22841282815e2cd856a0061c45e1761cd54b22e952d98c4746939aa85?s=96&r=g","contentUrl":"https:\/\/secure.gravatar.com\/avatar\/6b0eb9d22841282815e2cd856a0061c45e1761cd54b22e952d98c4746939aa85?s=96&r=g","caption":"Michele"},"description":"Formada em Letras - Portugu\u00eas\/ Ingl\u00eas, e idealizadora do site Escritora de Sucesso, busca expandir o conhecimento de todos com informa\u00e7\u00f5es relevantes sobre diversos assuntos, enquanto redatora. No Vaga de Emprego RJ, traz oportunidades e dicas sobre o mercado de trabalho.","url":"https:\/\/www.vagadeempregorj.com.br\/fr\/author\/michele\/"}]}},"_links":{"self":[{"href":"https:\/\/www.vagadeempregorj.com.br\/fr\/wp-json\/wp\/v2\/posts\/40975","targetHints":{"allow":["GET"]}}],"collection":[{"href":"https:\/\/www.vagadeempregorj.com.br\/fr\/wp-json\/wp\/v2\/posts"}],"about":[{"href":"https:\/\/www.vagadeempregorj.com.br\/fr\/wp-json\/wp\/v2\/types\/post"}],"author":[{"embeddable":true,"href":"https:\/\/www.vagadeempregorj.com.br\/fr\/wp-json\/wp\/v2\/users\/16"}],"replies":[{"embeddable":true,"href":"https:\/\/www.vagadeempregorj.com.br\/fr\/wp-json\/wp\/v2\/comments?post=40975"}],"version-history":[{"count":0,"href":"https:\/\/www.vagadeempregorj.com.br\/fr\/wp-json\/wp\/v2\/posts\/40975\/revisions"}],"wp:featuredmedia":[{"embeddable":true,"href":"https:\/\/www.vagadeempregorj.com.br\/fr\/wp-json\/wp\/v2\/media\/40999"}],"wp:attachment":[{"href":"https:\/\/www.vagadeempregorj.com.br\/fr\/wp-json\/wp\/v2\/media?parent=40975"}],"wp:term":[{"taxonomy":"category","embeddable":true,"href":"https:\/\/www.vagadeempregorj.com.br\/fr\/wp-json\/wp\/v2\/categories?post=40975"},{"taxonomy":"post_tag","embeddable":true,"href":"https:\/\/www.vagadeempregorj.com.br\/fr\/wp-json\/wp\/v2\/tags?post=40975"}],"curies":[{"name":"wp","href":"https:\/\/api.w.org\/{rel}","templated":true}]}}