{"id":41057,"date":"2024-10-24T06:00:00","date_gmt":"2024-10-24T09:00:00","guid":{"rendered":"https:\/\/www.vagadeempregorj.com.br\/?p=41057"},"modified":"2024-10-19T15:44:55","modified_gmt":"2024-10-19T18:44:55","slug":"orthopride-mais-de-90-vagas-de-emprego-abertas","status":"publish","type":"post","link":"https:\/\/www.vagadeempregorj.com.br\/fr\/orthopride-mais-de-90-vagas-de-emprego-abertas\/","title":{"rendered":"Orthopride: Mais de 90 vagas de emprego abertas"},"content":{"rendered":"<p>A <strong>Orthopride<\/strong>, uma das principais redes de ortodontia e est\u00e9tica facial do Brasil, est\u00e1 com mais de 90 vagas de emprego abertas em diferentes regi\u00f5es do pa\u00eds. A empresa, que se destaca pelo atendimento humanizado e alta tecnologia em tratamentos, busca novos talentos para compor sua equipe e continuar expandindo seus servi\u00e7os. Com foco no desenvolvimento pessoal e profissional dos colaboradores, a Orthopride oferece oportunidades para quem quer crescer em um ambiente din\u00e2mico e inovador.<\/p>\n\n\n\n<p>As vagas s\u00e3o para diversas \u00e1reas, abrangendo tanto fun\u00e7\u00f5es administrativas quanto operacionais. Esta \u00e9 uma \u00f3tima chance para quem busca estabilidade e desenvolvimento na carreira. Confira a seguir quais s\u00e3o as oportunidades dispon\u00edveis e como se candidatar para fazer parte desse time.<\/p>\n\n\n\n<figure class=\"wp-block-image size-full\"><img loading=\"lazy\" decoding=\"async\" width=\"860\" height=\"484\" src=\"https:\/\/www.vagadeempregorj.com.br\/wp-content\/uploads\/2024\/10\/image-43.png\" alt=\"\" class=\"wp-image-41077\" srcset=\"https:\/\/www.vagadeempregorj.com.br\/wp-content\/uploads\/2024\/10\/image-43.png 860w, https:\/\/www.vagadeempregorj.com.br\/wp-content\/uploads\/2024\/10\/image-43-300x169.png 300w, https:\/\/www.vagadeempregorj.com.br\/wp-content\/uploads\/2024\/10\/image-43-768x432.png 768w, https:\/\/www.vagadeempregorj.com.br\/wp-content\/uploads\/2024\/10\/image-43-383x215.png 383w, https:\/\/www.vagadeempregorj.com.br\/wp-content\/uploads\/2024\/10\/image-43-150x84.png 150w\" sizes=\"auto, (max-width: 860px) 100vw, 860px\" \/><\/figure>\n\n\n\n<h2 class=\"wp-block-heading\">Quais s\u00e3o as vagas de emprego abertas pela Orthopride?<\/h2>\n\n\n\n<p>As vagas dispon\u00edveis na Orthopride contemplam diferentes perfis profissionais, desde atendimento ao cliente at\u00e9 cargos de gest\u00e3o. A empresa busca colaboradores engajados, organizados e dispostos a contribuir para um ambiente de trabalho positivo e acolhedor.<\/p>\n\n\n\n<h3 class=\"wp-block-heading\">1# Recepcionista<\/h3>\n\n\n\n<ul class=\"wp-block-list\">\n<li>Realizar atendimento presencial e telef\u00f4nico aos pacientes<\/li>\n\n\n\n<li>Agendar consultas e confirmar hor\u00e1rios<\/li>\n\n\n\n<li>Organizar a recep\u00e7\u00e3o e garantir um ambiente acolhedor para os clientes<\/li>\n<\/ul>\n\n\n\n<h3 class=\"wp-block-heading\">2# Auxiliar administrativo<\/h3>\n\n\n\n<ul class=\"wp-block-list\">\n<li>Apoiar nas atividades administrativas da unidade<\/li>\n\n\n\n<li>Organizar documentos e atualizar cadastros de pacientes<\/li>\n\n\n\n<li>Controlar agendamentos e auxiliar na comunica\u00e7\u00e3o entre setores<\/li>\n<\/ul>\n\n\n\n<h3 class=\"wp-block-heading\">3# T\u00e9cnico em sa\u00fade bucal (TSB)<\/h3>\n\n\n\n<ul class=\"wp-block-list\">\n<li>Acompanhar e dar suporte aos dentistas durante procedimentos<\/li>\n\n\n\n<li>Preparar o consult\u00f3rio e organizar materiais<\/li>\n\n\n\n<li>Orientar pacientes sobre cuidados e higiene oral<\/li>\n<\/ul>\n\n\n\n<h3 class=\"wp-block-heading\">4# Consultor comercial<\/h3>\n\n\n\n<ul class=\"wp-block-list\">\n<li>Atuar na prospec\u00e7\u00e3o de novos clientes e fechamento de planos odontol\u00f3gicos<\/li>\n\n\n\n<li>Elaborar propostas e apresentar solu\u00e7\u00f5es personalizadas aos pacientes<\/li>\n\n\n\n<li>Manter relacionamento pr\u00f3ximo com clientes para fideliza\u00e7\u00e3o<\/li>\n<\/ul>\n\n\n\n<h3 class=\"wp-block-heading\">5# Coordenador de unidade<\/h3>\n\n\n\n<ul class=\"wp-block-list\">\n<li>Gerenciar a equipe e garantir a execu\u00e7\u00e3o dos processos operacionais<\/li>\n\n\n\n<li>Acompanhar indicadores de desempenho e propor melhorias<\/li>\n\n\n\n<li>Treinar e motivar os colaboradores para atingir os objetivos da unidade<\/li>\n<\/ul>\n\n\n\n<p>Al\u00e9m dessas vagas, a Orthopride tamb\u00e9m possui oportunidades para outras \u00e1reas, como marketing, recursos humanos e tecnologia, em diferentes localidades do Brasil.<\/p>\n\n\n\n<h2 class=\"wp-block-heading\">Como se candidatar?<\/h2>\n\n\n\n<p>O processo de candidatura na Orthopride \u00e9 pr\u00e1tico e r\u00e1pido. A empresa utiliza a plataforma Gupy para gerenciar as vagas e facilitar a inscri\u00e7\u00e3o dos candidatos. Siga as etapas abaixo para garantir sua participa\u00e7\u00e3o.<\/p>\n\n\n\n<ul class=\"wp-block-list\">\n<li>Copie e cole o endere\u00e7o abaixo em seu navegador:<br><strong>https:\/\/orthopride.gupy.io<\/strong><\/li>\n\n\n\n<li>Acesse a p\u00e1gina e encontre uma vaga adequada ao seu perfil<\/li>\n\n\n\n<li>Leia com aten\u00e7\u00e3o as atribui\u00e7\u00f5es e requisitos da posi\u00e7\u00e3o escolhida<\/li>\n\n\n\n<li>Cadastre-se na plataforma Gupy e preencha todas as informa\u00e7\u00f5es solicitadas<\/li>\n\n\n\n<li>Envie seu curr\u00edculo atualizado e, se necess\u00e1rio, complete as etapas adicionais do processo seletivo<\/li>\n<\/ul>\n\n\n\n<p>Depois de finalizar sua inscri\u00e7\u00e3o, \u00e9 poss\u00edvel acompanhar o status da candidatura e participar de todas as fases da sele\u00e7\u00e3o diretamente pela plataforma.<\/p>\n\n\n\n<h2 class=\"wp-block-heading\">Dicas para se destacar no processo seletivo<\/h2>\n\n\n\n<p>Conquistar uma vaga na Orthopride exige prepara\u00e7\u00e3o e aten\u00e7\u00e3o aos detalhes. Aqui est\u00e3o algumas sugest\u00f5es para aumentar suas chances de sucesso:<\/p>\n\n\n\n<ul class=\"wp-block-list\">\n<li><strong>Personalize seu curr\u00edculo:<\/strong> Destaque habilidades e experi\u00eancias relacionadas \u00e0 vaga desejada<\/li>\n\n\n\n<li><strong>Candidate-se com agilidade:<\/strong> Algumas posi\u00e7\u00f5es podem ser preenchidas rapidamente<\/li>\n\n\n\n<li><strong>Pesquise sobre a Orthopride:<\/strong> Entender a miss\u00e3o e os valores da empresa mostra interesse e pode fazer a diferen\u00e7a na sele\u00e7\u00e3o<\/li>\n\n\n\n<li><strong>Fique atento ao seu e-mail:<\/strong> As comunica\u00e7\u00f5es da empresa ser\u00e3o feitas por l\u00e1, ent\u00e3o \u00e9 importante checar regularmente<\/li>\n\n\n\n<li><strong>Prepare-se para entrevistas:<\/strong> Esteja pronto para responder perguntas sobre sua experi\u00eancia e expectativas<\/li>\n<\/ul>\n\n\n\n<h2 class=\"wp-block-heading\">Por que trabalhar na Orthopride?<\/h2>\n\n\n\n<p>A Orthopride \u00e9 reconhecida n\u00e3o apenas pelos seus servi\u00e7os de qualidade, mas tamb\u00e9m pelo cuidado com seus colaboradores. A empresa oferece um ambiente de trabalho positivo, com foco no desenvolvimento profissional e no bem-estar das equipes. Os funcion\u00e1rios t\u00eam acesso a treinamentos cont\u00ednuos e oportunidades de crescimento interno, garantindo uma carreira s\u00f3lida e promissora.<\/p>\n\n\n\n<p>Com forte presen\u00e7a no mercado de ortodontia e est\u00e9tica, a Orthopride aposta na inova\u00e7\u00e3o e no trabalho colaborativo para continuar expandindo suas opera\u00e7\u00f5es. Se voc\u00ea busca uma oportunidade para crescer e se desenvolver em um ambiente din\u00e2mico e acolhedor, essa pode ser a sua chance.<\/p>\n\n\n\n<p><strong>Veja tamb\u00e9m: <a href=\"https:\/\/www.vagadeempregorj.com.br\/fr\/mcdonalds-3-mil-vagas-de-emprego-abertas-pelo-pais\/\">McDonald\u2019s: 3 MIL vagas de emprego abertas pelo pa\u00eds<\/a><\/strong><\/p>\n\n\n\n<p>24 de outubro de 2024<\/p>","protected":false},"excerpt":{"rendered":"<p>A Orthopride, uma das principais redes de ortodontia e est\u00e9tica facial do Brasil, est\u00e1 com mais de 90 vagas de emprego abertas em diferentes regi\u00f5es do pa\u00eds. A empresa, que se destaca pelo atendimento humanizado e alta tecnologia em tratamentos, busca novos talentos para compor sua equipe e continuar expandindo seus servi\u00e7os. Com foco no&hellip;&nbsp;<\/p>","protected":false},"author":16,"featured_media":41077,"comment_status":"closed","ping_status":"closed","sticky":false,"template":"","format":"standard","meta":{"neve_meta_sidebar":"","neve_meta_container":"","neve_meta_enable_content_width":"","neve_meta_content_width":0,"neve_meta_title_alignment":"","neve_meta_author_avatar":"","neve_post_elements_order":"","neve_meta_disable_header":"","neve_meta_disable_footer":"","neve_meta_disable_title":"","footnotes":""},"categories":[123],"tags":[],"class_list":["post-41057","post","type-post","status-publish","format-standard","has-post-thumbnail","hentry","category-vagas-de-emprego-nacionais"],"yoast_head":"<!-- This site is optimized with the Yoast SEO plugin v27.5 - https:\/\/yoast.com\/product\/yoast-seo-wordpress\/ -->\n<title>Orthopride: Mais de 90 vagas de emprego abertas -<\/title>\n<meta name=\"description\" content=\"Veja em Vagas de Emprego RJ as vagas de emprego com e sem experi\u00eancia no seu Estado e Regi\u00e3o!\" \/>\n<meta name=\"robots\" content=\"index, follow, max-snippet:-1, max-image-preview:large, max-video-preview:-1\" \/>\n<link rel=\"canonical\" href=\"https:\/\/www.vagadeempregorj.com.br\/fr\/orthopride-mais-de-90-vagas-de-emprego-abertas\/\" \/>\n<meta property=\"og:locale\" content=\"fr_FR\" \/>\n<meta property=\"og:type\" content=\"article\" \/>\n<meta property=\"og:title\" content=\"Orthopride: Mais de 90 vagas de emprego abertas -\" \/>\n<meta property=\"og:description\" content=\"Veja em Vagas de Emprego RJ as vagas de emprego com e sem experi\u00eancia no seu Estado e Regi\u00e3o!\" \/>\n<meta property=\"og:url\" content=\"https:\/\/www.vagadeempregorj.com.br\/fr\/orthopride-mais-de-90-vagas-de-emprego-abertas\/\" \/>\n<meta property=\"article:publisher\" content=\"https:\/\/www.facebook.com\/empregobrasiloficial\" \/>\n<meta property=\"article:published_time\" content=\"2024-10-24T09:00:00+00:00\" \/>\n<meta property=\"og:image\" content=\"https:\/\/www.vagadeempregorj.com.br\/wp-content\/uploads\/2024\/10\/image-43.png\" \/>\n\t<meta property=\"og:image:width\" content=\"860\" \/>\n\t<meta property=\"og:image:height\" content=\"484\" \/>\n\t<meta property=\"og:image:type\" content=\"image\/png\" \/>\n<meta name=\"author\" content=\"Michele\" \/>\n<meta name=\"twitter:card\" content=\"summary_large_image\" \/>\n<meta name=\"twitter:label1\" content=\"Written by\" \/>\n\t<meta name=\"twitter:data1\" content=\"Michele\" \/>\n\t<meta name=\"twitter:label2\" content=\"Est. reading time\" \/>\n\t<meta name=\"twitter:data2\" content=\"4 minutes\" \/>\n<script type=\"application\/ld+json\" class=\"yoast-schema-graph\">{\"@context\":\"https:\\\/\\\/schema.org\",\"@graph\":[{\"@type\":\"Article\",\"@id\":\"https:\\\/\\\/www.vagadeempregorj.com.br\\\/orthopride-mais-de-90-vagas-de-emprego-abertas\\\/#article\",\"isPartOf\":{\"@id\":\"https:\\\/\\\/www.vagadeempregorj.com.br\\\/orthopride-mais-de-90-vagas-de-emprego-abertas\\\/\"},\"author\":{\"name\":\"Michele\",\"@id\":\"https:\\\/\\\/www.vagadeempregorj.com.br\\\/#\\\/schema\\\/person\\\/3ddb19fa0539706786e502152f3aae95\"},\"headline\":\"Orthopride: Mais de 90 vagas de emprego abertas\",\"datePublished\":\"2024-10-24T09:00:00+00:00\",\"mainEntityOfPage\":{\"@id\":\"https:\\\/\\\/www.vagadeempregorj.com.br\\\/orthopride-mais-de-90-vagas-de-emprego-abertas\\\/\"},\"wordCount\":721,\"image\":{\"@id\":\"https:\\\/\\\/www.vagadeempregorj.com.br\\\/orthopride-mais-de-90-vagas-de-emprego-abertas\\\/#primaryimage\"},\"thumbnailUrl\":\"https:\\\/\\\/www.vagadeempregorj.com.br\\\/wp-content\\\/uploads\\\/2024\\\/10\\\/image-43.png\",\"articleSection\":[\"Vagas de Emprego Nacionais\"],\"inLanguage\":\"fr-FR\"},{\"@type\":\"WebPage\",\"@id\":\"https:\\\/\\\/www.vagadeempregorj.com.br\\\/orthopride-mais-de-90-vagas-de-emprego-abertas\\\/\",\"url\":\"https:\\\/\\\/www.vagadeempregorj.com.br\\\/orthopride-mais-de-90-vagas-de-emprego-abertas\\\/\",\"name\":\"Orthopride: Mais de 90 vagas de emprego abertas -\",\"isPartOf\":{\"@id\":\"https:\\\/\\\/www.vagadeempregorj.com.br\\\/#website\"},\"primaryImageOfPage\":{\"@id\":\"https:\\\/\\\/www.vagadeempregorj.com.br\\\/orthopride-mais-de-90-vagas-de-emprego-abertas\\\/#primaryimage\"},\"image\":{\"@id\":\"https:\\\/\\\/www.vagadeempregorj.com.br\\\/orthopride-mais-de-90-vagas-de-emprego-abertas\\\/#primaryimage\"},\"thumbnailUrl\":\"https:\\\/\\\/www.vagadeempregorj.com.br\\\/wp-content\\\/uploads\\\/2024\\\/10\\\/image-43.png\",\"datePublished\":\"2024-10-24T09:00:00+00:00\",\"author\":{\"@id\":\"https:\\\/\\\/www.vagadeempregorj.com.br\\\/#\\\/schema\\\/person\\\/3ddb19fa0539706786e502152f3aae95\"},\"description\":\"Veja em Vagas de Emprego RJ as vagas de emprego com e sem experi\u00eancia no seu Estado e Regi\u00e3o!\",\"breadcrumb\":{\"@id\":\"https:\\\/\\\/www.vagadeempregorj.com.br\\\/orthopride-mais-de-90-vagas-de-emprego-abertas\\\/#breadcrumb\"},\"inLanguage\":\"fr-FR\",\"potentialAction\":[{\"@type\":\"ReadAction\",\"target\":[\"https:\\\/\\\/www.vagadeempregorj.com.br\\\/orthopride-mais-de-90-vagas-de-emprego-abertas\\\/\"]}]},{\"@type\":\"ImageObject\",\"inLanguage\":\"fr-FR\",\"@id\":\"https:\\\/\\\/www.vagadeempregorj.com.br\\\/orthopride-mais-de-90-vagas-de-emprego-abertas\\\/#primaryimage\",\"url\":\"https:\\\/\\\/www.vagadeempregorj.com.br\\\/wp-content\\\/uploads\\\/2024\\\/10\\\/image-43.png\",\"contentUrl\":\"https:\\\/\\\/www.vagadeempregorj.com.br\\\/wp-content\\\/uploads\\\/2024\\\/10\\\/image-43.png\",\"width\":860,\"height\":484},{\"@type\":\"BreadcrumbList\",\"@id\":\"https:\\\/\\\/www.vagadeempregorj.com.br\\\/orthopride-mais-de-90-vagas-de-emprego-abertas\\\/#breadcrumb\",\"itemListElement\":[{\"@type\":\"ListItem\",\"position\":1,\"name\":\"In\u00edcio\",\"item\":\"https:\\\/\\\/www.vagadeempregorj.com.br\\\/\"},{\"@type\":\"ListItem\",\"position\":2,\"name\":\"Vagas de Emprego Nacionais\",\"item\":\"https:\\\/\\\/www.vagadeempregorj.com.br\\\/vagas-de-emprego-nacionais\\\/\"},{\"@type\":\"ListItem\",\"position\":3,\"name\":\"Orthopride: Mais de 90 vagas de emprego abertas\"}]},{\"@type\":\"WebSite\",\"@id\":\"https:\\\/\\\/www.vagadeempregorj.com.br\\\/#website\",\"url\":\"https:\\\/\\\/www.vagadeempregorj.com.br\\\/\",\"name\":\"\",\"description\":\"Conquiste Sonhos: Vagas, Benef\u00edcios e Economia para Transformar Vidas e Alcan\u00e7ar Melhorias Cotidianas\",\"potentialAction\":[{\"@type\":\"SearchAction\",\"target\":{\"@type\":\"EntryPoint\",\"urlTemplate\":\"https:\\\/\\\/www.vagadeempregorj.com.br\\\/?s={search_term_string}\"},\"query-input\":{\"@type\":\"PropertyValueSpecification\",\"valueRequired\":true,\"valueName\":\"search_term_string\"}}],\"inLanguage\":\"fr-FR\"},{\"@type\":\"Person\",\"@id\":\"https:\\\/\\\/www.vagadeempregorj.com.br\\\/#\\\/schema\\\/person\\\/3ddb19fa0539706786e502152f3aae95\",\"name\":\"Michele\",\"image\":{\"@type\":\"ImageObject\",\"inLanguage\":\"fr-FR\",\"@id\":\"https:\\\/\\\/secure.gravatar.com\\\/avatar\\\/6b0eb9d22841282815e2cd856a0061c45e1761cd54b22e952d98c4746939aa85?s=96&r=g\",\"url\":\"https:\\\/\\\/secure.gravatar.com\\\/avatar\\\/6b0eb9d22841282815e2cd856a0061c45e1761cd54b22e952d98c4746939aa85?s=96&r=g\",\"contentUrl\":\"https:\\\/\\\/secure.gravatar.com\\\/avatar\\\/6b0eb9d22841282815e2cd856a0061c45e1761cd54b22e952d98c4746939aa85?s=96&r=g\",\"caption\":\"Michele\"},\"description\":\"Formada em Letras - Portugu\u00eas\\\/ Ingl\u00eas, e idealizadora do site Escritora de Sucesso, busca expandir o conhecimento de todos com informa\u00e7\u00f5es relevantes sobre diversos assuntos, enquanto redatora. No Vaga de Emprego RJ, traz oportunidades e dicas sobre o mercado de trabalho.\",\"url\":\"https:\\\/\\\/www.vagadeempregorj.com.br\\\/fr\\\/author\\\/michele\\\/\"}]}<\/script>\n<!-- \/ Yoast SEO plugin. -->","yoast_head_json":{"title":"Orthopride: Mais de 90 vagas de emprego abertas -","description":"Veja em Vagas de Emprego RJ as vagas de emprego com e sem experi\u00eancia no seu Estado e Regi\u00e3o!","robots":{"index":"index","follow":"follow","max-snippet":"max-snippet:-1","max-image-preview":"max-image-preview:large","max-video-preview":"max-video-preview:-1"},"canonical":"https:\/\/www.vagadeempregorj.com.br\/fr\/orthopride-mais-de-90-vagas-de-emprego-abertas\/","og_locale":"fr_FR","og_type":"article","og_title":"Orthopride: Mais de 90 vagas de emprego abertas -","og_description":"Veja em Vagas de Emprego RJ as vagas de emprego com e sem experi\u00eancia no seu Estado e Regi\u00e3o!","og_url":"https:\/\/www.vagadeempregorj.com.br\/fr\/orthopride-mais-de-90-vagas-de-emprego-abertas\/","article_publisher":"https:\/\/www.facebook.com\/empregobrasiloficial","article_published_time":"2024-10-24T09:00:00+00:00","og_image":[{"width":860,"height":484,"url":"https:\/\/www.vagadeempregorj.com.br\/wp-content\/uploads\/2024\/10\/image-43.png","type":"image\/png"}],"author":"Michele","twitter_card":"summary_large_image","twitter_misc":{"Written by":"Michele","Est. reading time":"4 minutes"},"schema":{"@context":"https:\/\/schema.org","@graph":[{"@type":"Article","@id":"https:\/\/www.vagadeempregorj.com.br\/orthopride-mais-de-90-vagas-de-emprego-abertas\/#article","isPartOf":{"@id":"https:\/\/www.vagadeempregorj.com.br\/orthopride-mais-de-90-vagas-de-emprego-abertas\/"},"author":{"name":"Michele","@id":"https:\/\/www.vagadeempregorj.com.br\/#\/schema\/person\/3ddb19fa0539706786e502152f3aae95"},"headline":"Orthopride: Mais de 90 vagas de emprego abertas","datePublished":"2024-10-24T09:00:00+00:00","mainEntityOfPage":{"@id":"https:\/\/www.vagadeempregorj.com.br\/orthopride-mais-de-90-vagas-de-emprego-abertas\/"},"wordCount":721,"image":{"@id":"https:\/\/www.vagadeempregorj.com.br\/orthopride-mais-de-90-vagas-de-emprego-abertas\/#primaryimage"},"thumbnailUrl":"https:\/\/www.vagadeempregorj.com.br\/wp-content\/uploads\/2024\/10\/image-43.png","articleSection":["Vagas de Emprego Nacionais"],"inLanguage":"fr-FR"},{"@type":"WebPage","@id":"https:\/\/www.vagadeempregorj.com.br\/orthopride-mais-de-90-vagas-de-emprego-abertas\/","url":"https:\/\/www.vagadeempregorj.com.br\/orthopride-mais-de-90-vagas-de-emprego-abertas\/","name":"Orthopride: Mais de 90 vagas de emprego abertas -","isPartOf":{"@id":"https:\/\/www.vagadeempregorj.com.br\/#website"},"primaryImageOfPage":{"@id":"https:\/\/www.vagadeempregorj.com.br\/orthopride-mais-de-90-vagas-de-emprego-abertas\/#primaryimage"},"image":{"@id":"https:\/\/www.vagadeempregorj.com.br\/orthopride-mais-de-90-vagas-de-emprego-abertas\/#primaryimage"},"thumbnailUrl":"https:\/\/www.vagadeempregorj.com.br\/wp-content\/uploads\/2024\/10\/image-43.png","datePublished":"2024-10-24T09:00:00+00:00","author":{"@id":"https:\/\/www.vagadeempregorj.com.br\/#\/schema\/person\/3ddb19fa0539706786e502152f3aae95"},"description":"Veja em Vagas de Emprego RJ as vagas de emprego com e sem experi\u00eancia no seu Estado e Regi\u00e3o!","breadcrumb":{"@id":"https:\/\/www.vagadeempregorj.com.br\/orthopride-mais-de-90-vagas-de-emprego-abertas\/#breadcrumb"},"inLanguage":"fr-FR","potentialAction":[{"@type":"ReadAction","target":["https:\/\/www.vagadeempregorj.com.br\/orthopride-mais-de-90-vagas-de-emprego-abertas\/"]}]},{"@type":"ImageObject","inLanguage":"fr-FR","@id":"https:\/\/www.vagadeempregorj.com.br\/orthopride-mais-de-90-vagas-de-emprego-abertas\/#primaryimage","url":"https:\/\/www.vagadeempregorj.com.br\/wp-content\/uploads\/2024\/10\/image-43.png","contentUrl":"https:\/\/www.vagadeempregorj.com.br\/wp-content\/uploads\/2024\/10\/image-43.png","width":860,"height":484},{"@type":"BreadcrumbList","@id":"https:\/\/www.vagadeempregorj.com.br\/orthopride-mais-de-90-vagas-de-emprego-abertas\/#breadcrumb","itemListElement":[{"@type":"ListItem","position":1,"name":"In\u00edcio","item":"https:\/\/www.vagadeempregorj.com.br\/"},{"@type":"ListItem","position":2,"name":"Vagas de Emprego Nacionais","item":"https:\/\/www.vagadeempregorj.com.br\/vagas-de-emprego-nacionais\/"},{"@type":"ListItem","position":3,"name":"Orthopride: Mais de 90 vagas de emprego abertas"}]},{"@type":"WebSite","@id":"https:\/\/www.vagadeempregorj.com.br\/#website","url":"https:\/\/www.vagadeempregorj.com.br\/","name":"","description":"Conquiste Sonhos: Vagas, Benef\u00edcios e Economia para Transformar Vidas e Alcan\u00e7ar Melhorias Cotidianas","potentialAction":[{"@type":"SearchAction","target":{"@type":"EntryPoint","urlTemplate":"https:\/\/www.vagadeempregorj.com.br\/?s={search_term_string}"},"query-input":{"@type":"PropertyValueSpecification","valueRequired":true,"valueName":"search_term_string"}}],"inLanguage":"fr-FR"},{"@type":"Person","@id":"https:\/\/www.vagadeempregorj.com.br\/#\/schema\/person\/3ddb19fa0539706786e502152f3aae95","name":"Michele","image":{"@type":"ImageObject","inLanguage":"fr-FR","@id":"https:\/\/secure.gravatar.com\/avatar\/6b0eb9d22841282815e2cd856a0061c45e1761cd54b22e952d98c4746939aa85?s=96&r=g","url":"https:\/\/secure.gravatar.com\/avatar\/6b0eb9d22841282815e2cd856a0061c45e1761cd54b22e952d98c4746939aa85?s=96&r=g","contentUrl":"https:\/\/secure.gravatar.com\/avatar\/6b0eb9d22841282815e2cd856a0061c45e1761cd54b22e952d98c4746939aa85?s=96&r=g","caption":"Michele"},"description":"Formada em Letras - Portugu\u00eas\/ Ingl\u00eas, e idealizadora do site Escritora de Sucesso, busca expandir o conhecimento de todos com informa\u00e7\u00f5es relevantes sobre diversos assuntos, enquanto redatora. No Vaga de Emprego RJ, traz oportunidades e dicas sobre o mercado de trabalho.","url":"https:\/\/www.vagadeempregorj.com.br\/fr\/author\/michele\/"}]}},"_links":{"self":[{"href":"https:\/\/www.vagadeempregorj.com.br\/fr\/wp-json\/wp\/v2\/posts\/41057","targetHints":{"allow":["GET"]}}],"collection":[{"href":"https:\/\/www.vagadeempregorj.com.br\/fr\/wp-json\/wp\/v2\/posts"}],"about":[{"href":"https:\/\/www.vagadeempregorj.com.br\/fr\/wp-json\/wp\/v2\/types\/post"}],"author":[{"embeddable":true,"href":"https:\/\/www.vagadeempregorj.com.br\/fr\/wp-json\/wp\/v2\/users\/16"}],"replies":[{"embeddable":true,"href":"https:\/\/www.vagadeempregorj.com.br\/fr\/wp-json\/wp\/v2\/comments?post=41057"}],"version-history":[{"count":0,"href":"https:\/\/www.vagadeempregorj.com.br\/fr\/wp-json\/wp\/v2\/posts\/41057\/revisions"}],"wp:featuredmedia":[{"embeddable":true,"href":"https:\/\/www.vagadeempregorj.com.br\/fr\/wp-json\/wp\/v2\/media\/41077"}],"wp:attachment":[{"href":"https:\/\/www.vagadeempregorj.com.br\/fr\/wp-json\/wp\/v2\/media?parent=41057"}],"wp:term":[{"taxonomy":"category","embeddable":true,"href":"https:\/\/www.vagadeempregorj.com.br\/fr\/wp-json\/wp\/v2\/categories?post=41057"},{"taxonomy":"post_tag","embeddable":true,"href":"https:\/\/www.vagadeempregorj.com.br\/fr\/wp-json\/wp\/v2\/tags?post=41057"}],"curies":[{"name":"wp","href":"https:\/\/api.w.org\/{rel}","templated":true}]}}