{"id":41139,"date":"2024-11-03T23:42:21","date_gmt":"2024-11-04T02:42:21","guid":{"rendered":"https:\/\/www.vagadeempregorj.com.br\/?p=41139"},"modified":"2024-11-04T14:38:05","modified_gmt":"2024-11-04T17:38:05","slug":"grupo-muffato-novas-900-vagas-de-empregos-pelo-pais","status":"publish","type":"post","link":"https:\/\/www.vagadeempregorj.com.br\/fr\/grupo-muffato-novas-900-vagas-de-empregos-pelo-pais\/","title":{"rendered":"Grupo Muffato: Novas 900 vagas de empregos pelo pa\u00eds"},"content":{"rendered":"<p>Voc\u00ea est\u00e1 em busca de um novo emprego? Alguma vez voc\u00ea j\u00e1 pensou em trabalhar em um dos maiores grupos supermercadistas do Brasil? Pois eu tenho uma not\u00edcia que pode mudar o rumo da sua vida! O <strong>Grupo Muffato<\/strong>, gigante do setor, est\u00e1 com 900 vagas abertas em diferentes regi\u00f5es do pa\u00eds. Isso mesmo, s\u00e3o 900 novas oportunidades para quem quer entrar ou se recolocar no mercado de trabalho.<\/p>\n\n\n\n<p>Vamos combinar: n\u00e3o \u00e9 todo dia que uma empresa desse porte oferece tantas oportunidades assim, n\u00e3o \u00e9? E o melhor de tudo \u00e9 que tem vaga para todo tipo de perfil! Quer saber mais? Fica comigo, vou te contar tudinho sobre as vagas dispon\u00edveis e como voc\u00ea pode se candidatar.<\/p>\n\n\n\n<figure class=\"wp-block-image size-large\"><img loading=\"lazy\" decoding=\"async\" width=\"1024\" height=\"576\" src=\"https:\/\/www.vagadeempregorj.com.br\/wp-content\/uploads\/2024\/11\/image-2-1024x576.png\" alt=\"\" class=\"wp-image-41140\" srcset=\"https:\/\/www.vagadeempregorj.com.br\/wp-content\/uploads\/2024\/11\/image-2-1024x576.png 1024w, https:\/\/www.vagadeempregorj.com.br\/wp-content\/uploads\/2024\/11\/image-2-300x169.png 300w, https:\/\/www.vagadeempregorj.com.br\/wp-content\/uploads\/2024\/11\/image-2-768x432.png 768w, https:\/\/www.vagadeempregorj.com.br\/wp-content\/uploads\/2024\/11\/image-2-1536x864.png 1536w, https:\/\/www.vagadeempregorj.com.br\/wp-content\/uploads\/2024\/11\/image-2-383x215.png 383w, https:\/\/www.vagadeempregorj.com.br\/wp-content\/uploads\/2024\/11\/image-2-150x84.png 150w, https:\/\/www.vagadeempregorj.com.br\/wp-content\/uploads\/2024\/11\/image-2.png 1920w\" sizes=\"auto, (max-width: 1024px) 100vw, 1024px\" \/><\/figure>\n\n\n\n<h2 class=\"wp-block-heading\">Quais s\u00e3o as vagas de emprego abertas pelo Grupo Muffato?<\/h2>\n\n\n\n<p>Agora voc\u00ea deve estar se perguntando: \u201cMas que vagas s\u00e3o essas, afinal?\u201d Calma que eu j\u00e1 vou detalhar. O Grupo Muffato est\u00e1 buscando pessoas para diferentes fun\u00e7\u00f5es, e eu tenho certeza de que pelo menos uma delas vai combinar com voc\u00ea. D\u00e1 uma olhada:<\/p>\n\n\n\n<h3 class=\"wp-block-heading\">Operador de Caixa<\/h3>\n\n\n\n<p>Voc\u00ea \u00e9 daquelas pessoas que adoram estar em contato direto com o p\u00fablico? Ent\u00e3o talvez essa vaga seja perfeita para voc\u00ea! Como operador de caixa, voc\u00ea vai ser respons\u00e1vel por atender os clientes no momento do pagamento, garantindo um atendimento r\u00e1pido e eficiente. A experi\u00eancia \u00e9 um diferencial, mas se voc\u00ea tiver aquele brilho no olhar e for bom de conversa, j\u00e1 est\u00e1 no caminho certo!<\/p>\n\n\n\n<h3 class=\"wp-block-heading\">Repositor de Mercadorias<\/h3>\n\n\n\n<p>Gosta de deixar tudo no lugar, sempre bem organizado? Ser repositor de mercadorias \u00e9 exatamente isso! Sua miss\u00e3o ser\u00e1 garantir que as prateleiras estejam sempre bem abastecidas, de maneira organizada, para que os clientes encontrem o que precisam sem dificuldade. \u00c9 um trabalho que exige agilidade e aten\u00e7\u00e3o aos detalhes. Se voc\u00ea curte deixar tudo impec\u00e1vel, essa vaga pode ser sua!<\/p>\n\n\n\n<h3 class=\"wp-block-heading\">Atendente de Padaria<\/h3>\n\n\n\n<p>Aquele cheiro de p\u00e3o fresquinho que sai da padaria \u00e9 irresist\u00edvel, n\u00e9? Como atendente de padaria, voc\u00ea vai ajudar os clientes a escolherem suas del\u00edcias favoritas, sempre com um sorriso no rosto. A ideia aqui \u00e9 proporcionar um atendimento acolhedor e amig\u00e1vel. Quem n\u00e3o gosta de ser bem atendido, n\u00e3o \u00e9 mesmo?<\/p>\n\n\n\n<h3 class=\"wp-block-heading\">Auxiliar de Limpeza<\/h3>\n\n\n\n<p>Voc\u00ea j\u00e1 parou para pensar o quanto \u00e9 importante um ambiente limpo e bem cuidado? Pois \u00e9, o auxiliar de limpeza \u00e9 quem garante que a loja esteja sempre arrumada e segura para os clientes e colaboradores. \u00c9 um cargo essencial e que n\u00e3o precisa de experi\u00eancia pr\u00e9via. Ent\u00e3o, se voc\u00ea tem disposi\u00e7\u00e3o e vontade de trabalhar, essa pode ser sua porta de entrada!<\/p>\n\n\n\n<h3 class=\"wp-block-heading\">Assistente Administrativo<\/h3>\n\n\n\n<p>Para quem prefere algo mais tranquilo, no setor administrativo, tem vaga de assistente. Aqui voc\u00ea vai ajudar a organizar documentos, atender o telefone e dar aquele suporte para outras \u00e1reas, como RH e financeiro. Se voc\u00ea \u00e9 organizado e curte uma rotina mais estruturada, vale a pena se candidatar!<\/p>\n\n\n\n<h3 class=\"wp-block-heading\">Motorista de Entrega<\/h3>\n\n\n\n<p>Gosta de dirigir? O Grupo Muffato tamb\u00e9m est\u00e1 contratando motoristas para fazer entregas dos centros de distribui\u00e7\u00e3o para as lojas. Se voc\u00ea tem experi\u00eancia na dire\u00e7\u00e3o e curte pegar a estrada, essa vaga pode ser perfeita para voc\u00ea. Ah, e precisa estar com a CNH em dia, hein!<\/p>\n\n\n\n<h2 class=\"wp-block-heading\">Como se candidatar?<\/h2>\n\n\n\n<p>\u00c9 bem mais f\u00e1cil do que voc\u00ea imagina! O Grupo Muffato est\u00e1 usando a plataforma Gupy para gerenciar as candidaturas, e o processo \u00e9 todo online. Vou te explicar como faz:<\/p>\n\n\n\n<ul class=\"wp-block-list\">\n<li>Copie e cole o endere\u00e7o <strong>https:\/\/grupomuffato.gupy.io\/<\/strong> no seu navegador;<\/li>\n\n\n\n<li>Assim que entrar na p\u00e1gina, voc\u00ea vai ver todas as oportunidades dispon\u00edveis. Escolha aquela que mais combina com voc\u00ea;<\/li>\n\n\n\n<li>Clique na vaga para conferir os detalhes e requisitos;<\/li>\n\n\n\n<li>Achou interessante? Clique em &#8220;Candidatar-se para a vaga&#8221; e siga as instru\u00e7\u00f5es para preencher o formul\u00e1rio;<\/li>\n\n\n\n<li>Por fim, envie seu curr\u00edculo atualizado e aguarde o retorno do Grupo Muffato.<\/li>\n<\/ul>\n\n\n\n<p>Uma dica amiga: capriche no seu curr\u00edculo! Deixe ele bem organizado e destaque suas habilidades e experi\u00eancias que tenham a ver com a vaga. Isso vai te ajudar a se destacar dos outros candidatos.<\/p>\n\n\n\n<p>Ah, e lembre-se de mostrar entusiasmo. O Grupo Muffato gosta de gente com brilho nos olhos, disposta a fazer a diferen\u00e7a e crescer junto com a empresa. Ent\u00e3o, seja voc\u00ea mesmo e mostre sua vontade de contribuir!<\/p>\n\n\n\n<h2 class=\"wp-block-heading\">Por que trabalhar no Grupo Muffato?<\/h2>\n\n\n\n<p>Voc\u00ea pode estar se perguntando: \u201cMas por que eu deveria escolher o Grupo Muffato?\u201d Eu te respondo! Al\u00e9m de ser uma das maiores redes de supermercados do Brasil, o Muffato realmente valoriza seus colaboradores. Eles investem em treinamentos e desenvolvimento, e oferecem benef\u00edcios como assist\u00eancia m\u00e9dica e odontol\u00f3gica, vale-transporte e vale-alimenta\u00e7\u00e3o.<\/p>\n\n\n\n<p>Candidate-se e comece sua jornada com o Grupo Muffato.<\/p>\n\n\n\n<p><strong>Veja tamb\u00e9m: <a href=\"https:\/\/www.vagadeempregorj.com.br\/fr\/piracanjuba-tem-59-vagas-de-emprego-abertas-em-todo-o-pais\/\">Piracanjuba tem 59 vagas de emprego abertas em todo o pa\u00eds<\/a><\/strong><\/p>\n\n\n\n<p>3 de novembro de 2024<\/p>","protected":false},"excerpt":{"rendered":"<p>Voc\u00ea est\u00e1 em busca de um novo emprego? Alguma vez voc\u00ea j\u00e1 pensou em trabalhar em um dos maiores grupos supermercadistas do Brasil? Pois eu tenho uma not\u00edcia que pode mudar o rumo da sua vida! O Grupo Muffato, gigante do setor, est\u00e1 com 900 vagas abertas em diferentes regi\u00f5es do pa\u00eds. Isso mesmo, s\u00e3o&hellip;&nbsp;<\/p>","protected":false},"author":16,"featured_media":41141,"comment_status":"closed","ping_status":"closed","sticky":false,"template":"","format":"standard","meta":{"neve_meta_sidebar":"","neve_meta_container":"","neve_meta_enable_content_width":"","neve_meta_content_width":0,"neve_meta_title_alignment":"","neve_meta_author_avatar":"","neve_post_elements_order":"","neve_meta_disable_header":"","neve_meta_disable_footer":"","neve_meta_disable_title":"","footnotes":""},"categories":[123],"tags":[830,608],"class_list":["post-41139","post","type-post","status-publish","format-standard","has-post-thumbnail","hentry","category-vagas-de-emprego-nacionais","tag-empregos","tag-oportunidades"],"yoast_head":"<!-- This site is optimized with the Yoast SEO plugin v27.5 - https:\/\/yoast.com\/product\/yoast-seo-wordpress\/ -->\n<title>Grupo Muffato: Novas 900 vagas de empregos pelo pa\u00eds -<\/title>\n<meta name=\"description\" content=\"Veja em Vagas de Emprego RJ as vagas de emprego com e sem experi\u00eancia no seu Estado e Regi\u00e3o!\" \/>\n<meta name=\"robots\" content=\"index, follow, max-snippet:-1, max-image-preview:large, max-video-preview:-1\" \/>\n<link rel=\"canonical\" href=\"https:\/\/www.vagadeempregorj.com.br\/fr\/grupo-muffato-novas-900-vagas-de-empregos-pelo-pais\/\" \/>\n<meta property=\"og:locale\" content=\"fr_FR\" \/>\n<meta property=\"og:type\" content=\"article\" \/>\n<meta property=\"og:title\" content=\"Grupo Muffato: Novas 900 vagas de empregos pelo pa\u00eds -\" \/>\n<meta property=\"og:description\" content=\"Veja em Vagas de Emprego RJ as vagas de emprego com e sem experi\u00eancia no seu Estado e Regi\u00e3o!\" \/>\n<meta property=\"og:url\" content=\"https:\/\/www.vagadeempregorj.com.br\/fr\/grupo-muffato-novas-900-vagas-de-empregos-pelo-pais\/\" \/>\n<meta property=\"article:publisher\" content=\"https:\/\/www.facebook.com\/empregobrasiloficial\" \/>\n<meta property=\"article:published_time\" content=\"2024-11-04T02:42:21+00:00\" \/>\n<meta property=\"article:modified_time\" content=\"2024-11-04T17:38:05+00:00\" \/>\n<meta property=\"og:image\" content=\"https:\/\/www.vagadeempregorj.com.br\/wp-content\/uploads\/2024\/11\/image-3-1024x576.png\" \/>\n\t<meta property=\"og:image:width\" content=\"1024\" \/>\n\t<meta property=\"og:image:height\" content=\"576\" \/>\n\t<meta property=\"og:image:type\" content=\"image\/png\" \/>\n<meta name=\"author\" content=\"Michele\" \/>\n<meta name=\"twitter:card\" content=\"summary_large_image\" \/>\n<meta name=\"twitter:label1\" content=\"Written by\" \/>\n\t<meta name=\"twitter:data1\" content=\"Michele\" \/>\n\t<meta name=\"twitter:label2\" content=\"Est. reading time\" \/>\n\t<meta name=\"twitter:data2\" content=\"4 minutes\" \/>\n<script type=\"application\/ld+json\" class=\"yoast-schema-graph\">{\"@context\":\"https:\\\/\\\/schema.org\",\"@graph\":[{\"@type\":\"Article\",\"@id\":\"https:\\\/\\\/www.vagadeempregorj.com.br\\\/grupo-muffato-novas-900-vagas-de-empregos-pelo-pais\\\/#article\",\"isPartOf\":{\"@id\":\"https:\\\/\\\/www.vagadeempregorj.com.br\\\/grupo-muffato-novas-900-vagas-de-empregos-pelo-pais\\\/\"},\"author\":{\"name\":\"Michele\",\"@id\":\"https:\\\/\\\/www.vagadeempregorj.com.br\\\/#\\\/schema\\\/person\\\/3ddb19fa0539706786e502152f3aae95\"},\"headline\":\"Grupo Muffato: Novas 900 vagas de empregos pelo pa\u00eds\",\"datePublished\":\"2024-11-04T02:42:21+00:00\",\"dateModified\":\"2024-11-04T17:38:05+00:00\",\"mainEntityOfPage\":{\"@id\":\"https:\\\/\\\/www.vagadeempregorj.com.br\\\/grupo-muffato-novas-900-vagas-de-empregos-pelo-pais\\\/\"},\"wordCount\":827,\"image\":{\"@id\":\"https:\\\/\\\/www.vagadeempregorj.com.br\\\/grupo-muffato-novas-900-vagas-de-empregos-pelo-pais\\\/#primaryimage\"},\"thumbnailUrl\":\"https:\\\/\\\/www.vagadeempregorj.com.br\\\/wp-content\\\/uploads\\\/2024\\\/11\\\/image-3.png\",\"keywords\":[\"empregos\",\"oportunidades\"],\"articleSection\":[\"Vagas de Emprego Nacionais\"],\"inLanguage\":\"fr-FR\"},{\"@type\":\"WebPage\",\"@id\":\"https:\\\/\\\/www.vagadeempregorj.com.br\\\/grupo-muffato-novas-900-vagas-de-empregos-pelo-pais\\\/\",\"url\":\"https:\\\/\\\/www.vagadeempregorj.com.br\\\/grupo-muffato-novas-900-vagas-de-empregos-pelo-pais\\\/\",\"name\":\"Grupo Muffato: Novas 900 vagas de empregos pelo pa\u00eds -\",\"isPartOf\":{\"@id\":\"https:\\\/\\\/www.vagadeempregorj.com.br\\\/#website\"},\"primaryImageOfPage\":{\"@id\":\"https:\\\/\\\/www.vagadeempregorj.com.br\\\/grupo-muffato-novas-900-vagas-de-empregos-pelo-pais\\\/#primaryimage\"},\"image\":{\"@id\":\"https:\\\/\\\/www.vagadeempregorj.com.br\\\/grupo-muffato-novas-900-vagas-de-empregos-pelo-pais\\\/#primaryimage\"},\"thumbnailUrl\":\"https:\\\/\\\/www.vagadeempregorj.com.br\\\/wp-content\\\/uploads\\\/2024\\\/11\\\/image-3.png\",\"datePublished\":\"2024-11-04T02:42:21+00:00\",\"dateModified\":\"2024-11-04T17:38:05+00:00\",\"author\":{\"@id\":\"https:\\\/\\\/www.vagadeempregorj.com.br\\\/#\\\/schema\\\/person\\\/3ddb19fa0539706786e502152f3aae95\"},\"description\":\"Veja em Vagas de Emprego RJ as vagas de emprego com e sem experi\u00eancia no seu Estado e Regi\u00e3o!\",\"breadcrumb\":{\"@id\":\"https:\\\/\\\/www.vagadeempregorj.com.br\\\/grupo-muffato-novas-900-vagas-de-empregos-pelo-pais\\\/#breadcrumb\"},\"inLanguage\":\"fr-FR\",\"potentialAction\":[{\"@type\":\"ReadAction\",\"target\":[\"https:\\\/\\\/www.vagadeempregorj.com.br\\\/grupo-muffato-novas-900-vagas-de-empregos-pelo-pais\\\/\"]}]},{\"@type\":\"ImageObject\",\"inLanguage\":\"fr-FR\",\"@id\":\"https:\\\/\\\/www.vagadeempregorj.com.br\\\/grupo-muffato-novas-900-vagas-de-empregos-pelo-pais\\\/#primaryimage\",\"url\":\"https:\\\/\\\/www.vagadeempregorj.com.br\\\/wp-content\\\/uploads\\\/2024\\\/11\\\/image-3.png\",\"contentUrl\":\"https:\\\/\\\/www.vagadeempregorj.com.br\\\/wp-content\\\/uploads\\\/2024\\\/11\\\/image-3.png\",\"width\":1920,\"height\":1080,\"caption\":\"Grupo Muffato\"},{\"@type\":\"BreadcrumbList\",\"@id\":\"https:\\\/\\\/www.vagadeempregorj.com.br\\\/grupo-muffato-novas-900-vagas-de-empregos-pelo-pais\\\/#breadcrumb\",\"itemListElement\":[{\"@type\":\"ListItem\",\"position\":1,\"name\":\"In\u00edcio\",\"item\":\"https:\\\/\\\/www.vagadeempregorj.com.br\\\/\"},{\"@type\":\"ListItem\",\"position\":2,\"name\":\"Vagas de Emprego Nacionais\",\"item\":\"https:\\\/\\\/www.vagadeempregorj.com.br\\\/vagas-de-emprego-nacionais\\\/\"},{\"@type\":\"ListItem\",\"position\":3,\"name\":\"Grupo Muffato: Novas 900 vagas de empregos pelo pa\u00eds\"}]},{\"@type\":\"WebSite\",\"@id\":\"https:\\\/\\\/www.vagadeempregorj.com.br\\\/#website\",\"url\":\"https:\\\/\\\/www.vagadeempregorj.com.br\\\/\",\"name\":\"\",\"description\":\"Conquiste Sonhos: Vagas, Benef\u00edcios e Economia para Transformar Vidas e Alcan\u00e7ar Melhorias Cotidianas\",\"potentialAction\":[{\"@type\":\"SearchAction\",\"target\":{\"@type\":\"EntryPoint\",\"urlTemplate\":\"https:\\\/\\\/www.vagadeempregorj.com.br\\\/?s={search_term_string}\"},\"query-input\":{\"@type\":\"PropertyValueSpecification\",\"valueRequired\":true,\"valueName\":\"search_term_string\"}}],\"inLanguage\":\"fr-FR\"},{\"@type\":\"Person\",\"@id\":\"https:\\\/\\\/www.vagadeempregorj.com.br\\\/#\\\/schema\\\/person\\\/3ddb19fa0539706786e502152f3aae95\",\"name\":\"Michele\",\"image\":{\"@type\":\"ImageObject\",\"inLanguage\":\"fr-FR\",\"@id\":\"https:\\\/\\\/secure.gravatar.com\\\/avatar\\\/6b0eb9d22841282815e2cd856a0061c45e1761cd54b22e952d98c4746939aa85?s=96&r=g\",\"url\":\"https:\\\/\\\/secure.gravatar.com\\\/avatar\\\/6b0eb9d22841282815e2cd856a0061c45e1761cd54b22e952d98c4746939aa85?s=96&r=g\",\"contentUrl\":\"https:\\\/\\\/secure.gravatar.com\\\/avatar\\\/6b0eb9d22841282815e2cd856a0061c45e1761cd54b22e952d98c4746939aa85?s=96&r=g\",\"caption\":\"Michele\"},\"description\":\"Formada em Letras - Portugu\u00eas\\\/ Ingl\u00eas, e idealizadora do site Escritora de Sucesso, busca expandir o conhecimento de todos com informa\u00e7\u00f5es relevantes sobre diversos assuntos, enquanto redatora. No Vaga de Emprego RJ, traz oportunidades e dicas sobre o mercado de trabalho.\",\"url\":\"https:\\\/\\\/www.vagadeempregorj.com.br\\\/fr\\\/author\\\/michele\\\/\"}]}<\/script>\n<!-- \/ Yoast SEO plugin. -->","yoast_head_json":{"title":"Grupo Muffato: Novas 900 vagas de empregos pelo pa\u00eds -","description":"Veja em Vagas de Emprego RJ as vagas de emprego com e sem experi\u00eancia no seu Estado e Regi\u00e3o!","robots":{"index":"index","follow":"follow","max-snippet":"max-snippet:-1","max-image-preview":"max-image-preview:large","max-video-preview":"max-video-preview:-1"},"canonical":"https:\/\/www.vagadeempregorj.com.br\/fr\/grupo-muffato-novas-900-vagas-de-empregos-pelo-pais\/","og_locale":"fr_FR","og_type":"article","og_title":"Grupo Muffato: Novas 900 vagas de empregos pelo pa\u00eds -","og_description":"Veja em Vagas de Emprego RJ as vagas de emprego com e sem experi\u00eancia no seu Estado e Regi\u00e3o!","og_url":"https:\/\/www.vagadeempregorj.com.br\/fr\/grupo-muffato-novas-900-vagas-de-empregos-pelo-pais\/","article_publisher":"https:\/\/www.facebook.com\/empregobrasiloficial","article_published_time":"2024-11-04T02:42:21+00:00","article_modified_time":"2024-11-04T17:38:05+00:00","og_image":[{"width":1024,"height":576,"url":"https:\/\/www.vagadeempregorj.com.br\/wp-content\/uploads\/2024\/11\/image-3-1024x576.png","type":"image\/png"}],"author":"Michele","twitter_card":"summary_large_image","twitter_misc":{"Written by":"Michele","Est. reading time":"4 minutes"},"schema":{"@context":"https:\/\/schema.org","@graph":[{"@type":"Article","@id":"https:\/\/www.vagadeempregorj.com.br\/grupo-muffato-novas-900-vagas-de-empregos-pelo-pais\/#article","isPartOf":{"@id":"https:\/\/www.vagadeempregorj.com.br\/grupo-muffato-novas-900-vagas-de-empregos-pelo-pais\/"},"author":{"name":"Michele","@id":"https:\/\/www.vagadeempregorj.com.br\/#\/schema\/person\/3ddb19fa0539706786e502152f3aae95"},"headline":"Grupo Muffato: Novas 900 vagas de empregos pelo pa\u00eds","datePublished":"2024-11-04T02:42:21+00:00","dateModified":"2024-11-04T17:38:05+00:00","mainEntityOfPage":{"@id":"https:\/\/www.vagadeempregorj.com.br\/grupo-muffato-novas-900-vagas-de-empregos-pelo-pais\/"},"wordCount":827,"image":{"@id":"https:\/\/www.vagadeempregorj.com.br\/grupo-muffato-novas-900-vagas-de-empregos-pelo-pais\/#primaryimage"},"thumbnailUrl":"https:\/\/www.vagadeempregorj.com.br\/wp-content\/uploads\/2024\/11\/image-3.png","keywords":["empregos","oportunidades"],"articleSection":["Vagas de Emprego Nacionais"],"inLanguage":"fr-FR"},{"@type":"WebPage","@id":"https:\/\/www.vagadeempregorj.com.br\/grupo-muffato-novas-900-vagas-de-empregos-pelo-pais\/","url":"https:\/\/www.vagadeempregorj.com.br\/grupo-muffato-novas-900-vagas-de-empregos-pelo-pais\/","name":"Grupo Muffato: Novas 900 vagas de empregos pelo pa\u00eds -","isPartOf":{"@id":"https:\/\/www.vagadeempregorj.com.br\/#website"},"primaryImageOfPage":{"@id":"https:\/\/www.vagadeempregorj.com.br\/grupo-muffato-novas-900-vagas-de-empregos-pelo-pais\/#primaryimage"},"image":{"@id":"https:\/\/www.vagadeempregorj.com.br\/grupo-muffato-novas-900-vagas-de-empregos-pelo-pais\/#primaryimage"},"thumbnailUrl":"https:\/\/www.vagadeempregorj.com.br\/wp-content\/uploads\/2024\/11\/image-3.png","datePublished":"2024-11-04T02:42:21+00:00","dateModified":"2024-11-04T17:38:05+00:00","author":{"@id":"https:\/\/www.vagadeempregorj.com.br\/#\/schema\/person\/3ddb19fa0539706786e502152f3aae95"},"description":"Veja em Vagas de Emprego RJ as vagas de emprego com e sem experi\u00eancia no seu Estado e Regi\u00e3o!","breadcrumb":{"@id":"https:\/\/www.vagadeempregorj.com.br\/grupo-muffato-novas-900-vagas-de-empregos-pelo-pais\/#breadcrumb"},"inLanguage":"fr-FR","potentialAction":[{"@type":"ReadAction","target":["https:\/\/www.vagadeempregorj.com.br\/grupo-muffato-novas-900-vagas-de-empregos-pelo-pais\/"]}]},{"@type":"ImageObject","inLanguage":"fr-FR","@id":"https:\/\/www.vagadeempregorj.com.br\/grupo-muffato-novas-900-vagas-de-empregos-pelo-pais\/#primaryimage","url":"https:\/\/www.vagadeempregorj.com.br\/wp-content\/uploads\/2024\/11\/image-3.png","contentUrl":"https:\/\/www.vagadeempregorj.com.br\/wp-content\/uploads\/2024\/11\/image-3.png","width":1920,"height":1080,"caption":"Grupo Muffato"},{"@type":"BreadcrumbList","@id":"https:\/\/www.vagadeempregorj.com.br\/grupo-muffato-novas-900-vagas-de-empregos-pelo-pais\/#breadcrumb","itemListElement":[{"@type":"ListItem","position":1,"name":"In\u00edcio","item":"https:\/\/www.vagadeempregorj.com.br\/"},{"@type":"ListItem","position":2,"name":"Vagas de Emprego Nacionais","item":"https:\/\/www.vagadeempregorj.com.br\/vagas-de-emprego-nacionais\/"},{"@type":"ListItem","position":3,"name":"Grupo Muffato: Novas 900 vagas de empregos pelo pa\u00eds"}]},{"@type":"WebSite","@id":"https:\/\/www.vagadeempregorj.com.br\/#website","url":"https:\/\/www.vagadeempregorj.com.br\/","name":"","description":"Conquiste Sonhos: Vagas, Benef\u00edcios e Economia para Transformar Vidas e Alcan\u00e7ar Melhorias Cotidianas","potentialAction":[{"@type":"SearchAction","target":{"@type":"EntryPoint","urlTemplate":"https:\/\/www.vagadeempregorj.com.br\/?s={search_term_string}"},"query-input":{"@type":"PropertyValueSpecification","valueRequired":true,"valueName":"search_term_string"}}],"inLanguage":"fr-FR"},{"@type":"Person","@id":"https:\/\/www.vagadeempregorj.com.br\/#\/schema\/person\/3ddb19fa0539706786e502152f3aae95","name":"Michele","image":{"@type":"ImageObject","inLanguage":"fr-FR","@id":"https:\/\/secure.gravatar.com\/avatar\/6b0eb9d22841282815e2cd856a0061c45e1761cd54b22e952d98c4746939aa85?s=96&r=g","url":"https:\/\/secure.gravatar.com\/avatar\/6b0eb9d22841282815e2cd856a0061c45e1761cd54b22e952d98c4746939aa85?s=96&r=g","contentUrl":"https:\/\/secure.gravatar.com\/avatar\/6b0eb9d22841282815e2cd856a0061c45e1761cd54b22e952d98c4746939aa85?s=96&r=g","caption":"Michele"},"description":"Formada em Letras - Portugu\u00eas\/ Ingl\u00eas, e idealizadora do site Escritora de Sucesso, busca expandir o conhecimento de todos com informa\u00e7\u00f5es relevantes sobre diversos assuntos, enquanto redatora. No Vaga de Emprego RJ, traz oportunidades e dicas sobre o mercado de trabalho.","url":"https:\/\/www.vagadeempregorj.com.br\/fr\/author\/michele\/"}]}},"_links":{"self":[{"href":"https:\/\/www.vagadeempregorj.com.br\/fr\/wp-json\/wp\/v2\/posts\/41139","targetHints":{"allow":["GET"]}}],"collection":[{"href":"https:\/\/www.vagadeempregorj.com.br\/fr\/wp-json\/wp\/v2\/posts"}],"about":[{"href":"https:\/\/www.vagadeempregorj.com.br\/fr\/wp-json\/wp\/v2\/types\/post"}],"author":[{"embeddable":true,"href":"https:\/\/www.vagadeempregorj.com.br\/fr\/wp-json\/wp\/v2\/users\/16"}],"replies":[{"embeddable":true,"href":"https:\/\/www.vagadeempregorj.com.br\/fr\/wp-json\/wp\/v2\/comments?post=41139"}],"version-history":[{"count":0,"href":"https:\/\/www.vagadeempregorj.com.br\/fr\/wp-json\/wp\/v2\/posts\/41139\/revisions"}],"wp:featuredmedia":[{"embeddable":true,"href":"https:\/\/www.vagadeempregorj.com.br\/fr\/wp-json\/wp\/v2\/media\/41141"}],"wp:attachment":[{"href":"https:\/\/www.vagadeempregorj.com.br\/fr\/wp-json\/wp\/v2\/media?parent=41139"}],"wp:term":[{"taxonomy":"category","embeddable":true,"href":"https:\/\/www.vagadeempregorj.com.br\/fr\/wp-json\/wp\/v2\/categories?post=41139"},{"taxonomy":"post_tag","embeddable":true,"href":"https:\/\/www.vagadeempregorj.com.br\/fr\/wp-json\/wp\/v2\/tags?post=41139"}],"curies":[{"name":"wp","href":"https:\/\/api.w.org\/{rel}","templated":true}]}}