{"id":41309,"date":"2024-11-22T06:00:00","date_gmt":"2024-11-22T09:00:00","guid":{"rendered":"https:\/\/www.vagadeempregorj.com.br\/?p=41309"},"modified":"2024-11-22T01:58:43","modified_gmt":"2024-11-22T04:58:43","slug":"grupo-bamaq-81-novas-vagas-de-emprego-pelo-pais","status":"publish","type":"post","link":"https:\/\/www.vagadeempregorj.com.br\/fr\/grupo-bamaq-81-novas-vagas-de-emprego-pelo-pais\/","title":{"rendered":"Grupo Bamaq: 81 novas vagas de emprego pelo pa\u00eds"},"content":{"rendered":"<p>O <strong>Grupo Bamaq<\/strong> est\u00e1 anunciando uma \u00f3tima not\u00edcia para quem busca recoloca\u00e7\u00e3o no mercado de trabalho ou quer dar o pr\u00f3ximo passo na carreira. A empresa, que \u00e9 reconhecida por sua atua\u00e7\u00e3o nos setores de distribui\u00e7\u00e3o de m\u00e1quinas, equipamentos pesados, financia\u00e7\u00e3o e cons\u00f3rcios, abriu recentemente 81 novas vagas de emprego em diversas regi\u00f5es do Brasil. As oportunidades contemplam uma variedade de \u00e1reas e perfis, criando uma excelente chance para quem deseja ingressar em uma das principais organiza\u00e7\u00f5es do setor.<\/p>\n\n\n\n<figure class=\"wp-block-image size-full is-resized\"><img loading=\"lazy\" decoding=\"async\" width=\"800\" height=\"200\" src=\"https:\/\/www.vagadeempregorj.com.br\/wp-content\/uploads\/2024\/11\/image-22.png\" alt=\"\" class=\"wp-image-41329\" style=\"width:840px;height:auto\" srcset=\"https:\/\/www.vagadeempregorj.com.br\/wp-content\/uploads\/2024\/11\/image-22.png 800w, https:\/\/www.vagadeempregorj.com.br\/wp-content\/uploads\/2024\/11\/image-22-300x75.png 300w, https:\/\/www.vagadeempregorj.com.br\/wp-content\/uploads\/2024\/11\/image-22-768x192.png 768w, https:\/\/www.vagadeempregorj.com.br\/wp-content\/uploads\/2024\/11\/image-22-150x38.png 150w\" sizes=\"auto, (max-width: 800px) 100vw, 800px\" \/><\/figure>\n\n\n\n<p>Neste post, voc\u00ea conhecer\u00e1 as oportunidades oferecidas pelo Grupo Bamaq, como se candidatar e quais s\u00e3o os perfis que a empresa est\u00e1 buscando. Confira os detalhes e prepare-se para dar um passo significativo em sua jornada profissional.<\/p>\n\n\n\n<h2 class=\"wp-block-heading\">Quais s\u00e3o as oportunidades de carreira no Grupo Bamaq?<\/h2>\n\n\n\n<p>As novas vagas abertas pelo Grupo Bamaq abrangem diversas \u00e1reas e perfis profissionais, proporcionando oportunidades para aqueles que buscam crescimento, desenvolvimento e estabilidade em um ambiente din\u00e2mico. Veja abaixo alguns dos cargos e setores para os quais a empresa est\u00e1 recrutando:<\/p>\n\n\n\n<h3 class=\"wp-block-heading\">Consultor de Vendas<\/h3>\n\n\n\n<p>O consultor de vendas \u00e9 respons\u00e1vel pelo atendimento direto aos clientes, atuando na venda de equipamentos, m\u00e1quinas e solu\u00e7\u00f5es financeiras. Este profissional \u00e9 fundamental para impulsionar os neg\u00f3cios da empresa, utilizando habilidades de negocia\u00e7\u00e3o, persuas\u00e3o e conhecimento dos produtos ofertados. \u00c9 desej\u00e1vel ter experi\u00eancia anterior na \u00e1rea de vendas e um perfil comunicativo e proativo.<\/p>\n\n\n\n<h3 class=\"wp-block-heading\">Analista Financeiro<\/h3>\n\n\n\n<p>O cargo de analista financeiro exige profissionais capacitados para atuar no controle e gest\u00e3o financeira, incluindo an\u00e1lise de fluxo de caixa, elabora\u00e7\u00e3o de relat\u00f3rios financeiros e suporte \u00e0 tomada de decis\u00f5es estrat\u00e9gicas. O Grupo Bamaq busca candidatos com forma\u00e7\u00e3o em administra\u00e7\u00e3o, economia ou \u00e1reas correlatas, e que tenham experi\u00eancia na an\u00e1lise de dados financeiros.<\/p>\n\n\n\n<h3 class=\"wp-block-heading\">Coordenador de Log\u00edstica<\/h3>\n\n\n\n<p>O coordenador de log\u00edstica ser\u00e1 respons\u00e1vel pela gest\u00e3o das opera\u00e7\u00f5es de log\u00edstica e distribui\u00e7\u00e3o de produtos, garantindo que os processos ocorram de maneira eficiente e segura. A vaga \u00e9 voltada para profissionais com conhecimento em cadeia de suprimentos, gest\u00e3o de pessoas e habilidades em solu\u00e7\u00e3o de problemas.<\/p>\n\n\n\n<h3 class=\"wp-block-heading\">T\u00e9cnico de Manuten\u00e7\u00e3o<\/h3>\n\n\n\n<p>O t\u00e9cnico de manuten\u00e7\u00e3o tem um papel crucial no suporte \u00e0s opera\u00e7\u00f5es, garantindo que os equipamentos e m\u00e1quinas estejam sempre em perfeitas condi\u00e7\u00f5es de uso. O Grupo Bamaq procura candidatos com forma\u00e7\u00e3o t\u00e9cnica em mec\u00e2nica, el\u00e9trica ou \u00e1reas correlatas, que tenham experi\u00eancia pr\u00e9via em manuten\u00e7\u00e3o preventiva e corretiva.<\/p>\n\n\n\n<h3 class=\"wp-block-heading\">Assistente Administrativo<\/h3>\n\n\n\n<p>O assistente administrativo d\u00e1 suporte \u00e0s atividades burocr\u00e1ticas e operacionais do Grupo Bamaq, colaborando com a organiza\u00e7\u00e3o de documentos, atendimento a clientes internos e externos e suporte a outras \u00e1reas da empresa. A vaga exige boa comunica\u00e7\u00e3o, organiza\u00e7\u00e3o e conhecimento em ferramentas de produtividade, como planilhas eletr\u00f4nicas e software de gest\u00e3o.<\/p>\n\n\n\n<h3 class=\"wp-block-heading\">Analista de Recursos Humanos<\/h3>\n\n\n\n<p>O analista de recursos humanos \u00e9 o respons\u00e1vel por cuidar de processos seletivos, treinamento e desenvolvimento dos colaboradores, al\u00e9m de outras atividades relacionadas \u00e0 \u00e1rea de gest\u00e3o de pessoas. \u00c9 necess\u00e1rio ter experi\u00eancia em RH, conhecimentos sobre pr\u00e1ticas de recrutamento e sele\u00e7\u00e3o, e um perfil emp\u00e1tico e engajado em valorizar o potencial humano.<\/p>\n\n\n\n<h2 class=\"wp-block-heading\">Como se candidatar?<\/h2>\n\n\n\n<p>Se voc\u00ea se interessou por alguma das vagas no Grupo Bamaq e deseja fazer parte de uma empresa reconhecida por suas oportunidades de crescimento e ambiente acolhedor, siga os passos abaixo para se candidatar:<\/p>\n\n\n\n<ul class=\"wp-block-list\">\n<li>Copie e cole o endere\u00e7o <strong>https:\/\/grupobamaq.gupy.io\/ <\/strong>em seu navegador;<\/li>\n\n\n\n<li>Acesse a p\u00e1gina e encontre uma oportunidade que esteja alinhada ao seu perfil;<\/li>\n\n\n\n<li>Clique na vaga desejada para obter mais detalhes sobre as responsabilidades e requisitos;<\/li>\n\n\n\n<li>Clique em &#8220;Candidatar-se para a vaga&#8221; e preencha o formul\u00e1rio de candidatura;<\/li>\n\n\n\n<li>Anexe seu curr\u00edculo e outros documentos solicitados pela empresa;<\/li>\n\n\n\n<li>Conclua o processo de candidatura e aguarde o contato do RH do Grupo Bamaq.<\/li>\n<\/ul>\n\n\n\n<p>O processo de candidatura \u00e9 totalmente online, o que facilita para os candidatos de qualquer lugar do pa\u00eds. Lembre-se de preparar seu curr\u00edculo com aten\u00e7\u00e3o, destacando suas experi\u00eancias mais relevantes e habilidades que se encaixam nas demandas da vaga.<\/p>\n\n\n\n<h3 class=\"wp-block-heading\">Dicas para destacar sua candidatura:<\/h3>\n\n\n\n<ul class=\"wp-block-list\">\n<li>Seja direto e objetivo na descri\u00e7\u00e3o de suas experi\u00eancias profissionais;<\/li>\n\n\n\n<li>Destaque suas realiza\u00e7\u00f5es, n\u00e3o apenas as atividades desenvolvidas;<\/li>\n\n\n\n<li>Mostre como voc\u00ea pode contribuir para o Grupo Bamaq e quais s\u00e3o suas expectativas para crescer junto \u00e0 empresa.<\/li>\n<\/ul>\n\n\n\n<p>O <strong>Grupo Bamaq<\/strong> est\u00e1 oferecendo 81 novas oportunidades de emprego em diversas \u00e1reas, o que representa uma excelente chance para quem deseja ingressar ou crescer em uma empresa de renome no mercado. As vagas abrangem setores como vendas, finan\u00e7as, log\u00edstica, manuten\u00e7\u00e3o, administra\u00e7\u00e3o e recursos humanos, trazendo possibilidades tanto para profissionais com experi\u00eancia quanto para aqueles que desejam iniciar sua carreira.<\/p>\n\n\n\n<p><strong>Veja tamb\u00e9m: <a href=\"https:\/\/www.vagadeempregorj.com.br\/fr\/piracanjuba-tem-59-vagas-de-emprego-abertas-em-todo-o-pais\/\">Piracanjuba tem 59 vagas de emprego abertas em todo o pa\u00eds<\/a><\/strong><\/p>\n\n\n\n<p>22 de novembro de 2024<\/p>","protected":false},"excerpt":{"rendered":"<p>O Grupo Bamaq est\u00e1 anunciando uma \u00f3tima not\u00edcia para quem busca recoloca\u00e7\u00e3o no mercado de trabalho ou quer dar o pr\u00f3ximo passo na carreira. A empresa, que \u00e9 reconhecida por sua atua\u00e7\u00e3o nos setores de distribui\u00e7\u00e3o de m\u00e1quinas, equipamentos pesados, financia\u00e7\u00e3o e cons\u00f3rcios, abriu recentemente 81 novas vagas de emprego em diversas regi\u00f5es do Brasil.&hellip;&nbsp;<\/p>","protected":false},"author":16,"featured_media":41329,"comment_status":"closed","ping_status":"closed","sticky":false,"template":"","format":"standard","meta":{"neve_meta_sidebar":"","neve_meta_container":"","neve_meta_enable_content_width":"","neve_meta_content_width":0,"neve_meta_title_alignment":"","neve_meta_author_avatar":"","neve_post_elements_order":"","neve_meta_disable_header":"","neve_meta_disable_footer":"","neve_meta_disable_title":"","footnotes":""},"categories":[123],"tags":[],"class_list":["post-41309","post","type-post","status-publish","format-standard","has-post-thumbnail","hentry","category-vagas-de-emprego-nacionais"],"yoast_head":"<!-- This site is optimized with the Yoast SEO plugin v27.5 - https:\/\/yoast.com\/product\/yoast-seo-wordpress\/ -->\n<title>Grupo Bamaq: 81 novas vagas de emprego pelo pa\u00eds -<\/title>\n<meta name=\"description\" content=\"Veja em Vagas de Emprego RJ as vagas de emprego com e sem experi\u00eancia no seu Estado e Regi\u00e3o!\" \/>\n<meta name=\"robots\" content=\"index, follow, max-snippet:-1, max-image-preview:large, max-video-preview:-1\" \/>\n<link rel=\"canonical\" href=\"https:\/\/www.vagadeempregorj.com.br\/fr\/grupo-bamaq-81-novas-vagas-de-emprego-pelo-pais\/\" \/>\n<meta property=\"og:locale\" content=\"fr_FR\" \/>\n<meta property=\"og:type\" content=\"article\" \/>\n<meta property=\"og:title\" content=\"Grupo Bamaq: 81 novas vagas de emprego pelo pa\u00eds -\" \/>\n<meta property=\"og:description\" content=\"Veja em Vagas de Emprego RJ as vagas de emprego com e sem experi\u00eancia no seu Estado e Regi\u00e3o!\" \/>\n<meta property=\"og:url\" content=\"https:\/\/www.vagadeempregorj.com.br\/fr\/grupo-bamaq-81-novas-vagas-de-emprego-pelo-pais\/\" \/>\n<meta property=\"article:publisher\" content=\"https:\/\/www.facebook.com\/empregobrasiloficial\" \/>\n<meta property=\"article:published_time\" content=\"2024-11-22T09:00:00+00:00\" \/>\n<meta property=\"og:image\" content=\"https:\/\/www.vagadeempregorj.com.br\/wp-content\/uploads\/2024\/11\/image-22.png\" \/>\n\t<meta property=\"og:image:width\" content=\"800\" \/>\n\t<meta property=\"og:image:height\" content=\"200\" \/>\n\t<meta property=\"og:image:type\" content=\"image\/png\" \/>\n<meta name=\"author\" content=\"Michele\" \/>\n<meta name=\"twitter:card\" content=\"summary_large_image\" \/>\n<meta name=\"twitter:label1\" content=\"\u00c9crit par\" \/>\n\t<meta name=\"twitter:data1\" content=\"Michele\" \/>\n\t<meta name=\"twitter:label2\" content=\"Dur\u00e9e de lecture estim\u00e9e\" \/>\n\t<meta name=\"twitter:data2\" content=\"4 minutes\" \/>\n<script type=\"application\/ld+json\" class=\"yoast-schema-graph\">{\"@context\":\"https:\\\/\\\/schema.org\",\"@graph\":[{\"@type\":\"Article\",\"@id\":\"https:\\\/\\\/www.vagadeempregorj.com.br\\\/grupo-bamaq-81-novas-vagas-de-emprego-pelo-pais\\\/#article\",\"isPartOf\":{\"@id\":\"https:\\\/\\\/www.vagadeempregorj.com.br\\\/grupo-bamaq-81-novas-vagas-de-emprego-pelo-pais\\\/\"},\"author\":{\"name\":\"Michele\",\"@id\":\"https:\\\/\\\/www.vagadeempregorj.com.br\\\/#\\\/schema\\\/person\\\/3ddb19fa0539706786e502152f3aae95\"},\"headline\":\"Grupo Bamaq: 81 novas vagas de emprego pelo pa\u00eds\",\"datePublished\":\"2024-11-22T09:00:00+00:00\",\"mainEntityOfPage\":{\"@id\":\"https:\\\/\\\/www.vagadeempregorj.com.br\\\/grupo-bamaq-81-novas-vagas-de-emprego-pelo-pais\\\/\"},\"wordCount\":841,\"image\":{\"@id\":\"https:\\\/\\\/www.vagadeempregorj.com.br\\\/grupo-bamaq-81-novas-vagas-de-emprego-pelo-pais\\\/#primaryimage\"},\"thumbnailUrl\":\"https:\\\/\\\/www.vagadeempregorj.com.br\\\/wp-content\\\/uploads\\\/2024\\\/11\\\/image-22.png\",\"articleSection\":[\"Vagas de Emprego Nacionais\"],\"inLanguage\":\"fr-FR\"},{\"@type\":\"WebPage\",\"@id\":\"https:\\\/\\\/www.vagadeempregorj.com.br\\\/grupo-bamaq-81-novas-vagas-de-emprego-pelo-pais\\\/\",\"url\":\"https:\\\/\\\/www.vagadeempregorj.com.br\\\/grupo-bamaq-81-novas-vagas-de-emprego-pelo-pais\\\/\",\"name\":\"Grupo Bamaq: 81 novas vagas de emprego pelo pa\u00eds -\",\"isPartOf\":{\"@id\":\"https:\\\/\\\/www.vagadeempregorj.com.br\\\/#website\"},\"primaryImageOfPage\":{\"@id\":\"https:\\\/\\\/www.vagadeempregorj.com.br\\\/grupo-bamaq-81-novas-vagas-de-emprego-pelo-pais\\\/#primaryimage\"},\"image\":{\"@id\":\"https:\\\/\\\/www.vagadeempregorj.com.br\\\/grupo-bamaq-81-novas-vagas-de-emprego-pelo-pais\\\/#primaryimage\"},\"thumbnailUrl\":\"https:\\\/\\\/www.vagadeempregorj.com.br\\\/wp-content\\\/uploads\\\/2024\\\/11\\\/image-22.png\",\"datePublished\":\"2024-11-22T09:00:00+00:00\",\"author\":{\"@id\":\"https:\\\/\\\/www.vagadeempregorj.com.br\\\/#\\\/schema\\\/person\\\/3ddb19fa0539706786e502152f3aae95\"},\"description\":\"Veja em Vagas de Emprego RJ as vagas de emprego com e sem experi\u00eancia no seu Estado e Regi\u00e3o!\",\"breadcrumb\":{\"@id\":\"https:\\\/\\\/www.vagadeempregorj.com.br\\\/grupo-bamaq-81-novas-vagas-de-emprego-pelo-pais\\\/#breadcrumb\"},\"inLanguage\":\"fr-FR\",\"potentialAction\":[{\"@type\":\"ReadAction\",\"target\":[\"https:\\\/\\\/www.vagadeempregorj.com.br\\\/grupo-bamaq-81-novas-vagas-de-emprego-pelo-pais\\\/\"]}]},{\"@type\":\"ImageObject\",\"inLanguage\":\"fr-FR\",\"@id\":\"https:\\\/\\\/www.vagadeempregorj.com.br\\\/grupo-bamaq-81-novas-vagas-de-emprego-pelo-pais\\\/#primaryimage\",\"url\":\"https:\\\/\\\/www.vagadeempregorj.com.br\\\/wp-content\\\/uploads\\\/2024\\\/11\\\/image-22.png\",\"contentUrl\":\"https:\\\/\\\/www.vagadeempregorj.com.br\\\/wp-content\\\/uploads\\\/2024\\\/11\\\/image-22.png\",\"width\":800,\"height\":200},{\"@type\":\"BreadcrumbList\",\"@id\":\"https:\\\/\\\/www.vagadeempregorj.com.br\\\/grupo-bamaq-81-novas-vagas-de-emprego-pelo-pais\\\/#breadcrumb\",\"itemListElement\":[{\"@type\":\"ListItem\",\"position\":1,\"name\":\"In\u00edcio\",\"item\":\"https:\\\/\\\/www.vagadeempregorj.com.br\\\/\"},{\"@type\":\"ListItem\",\"position\":2,\"name\":\"Vagas de Emprego Nacionais\",\"item\":\"https:\\\/\\\/www.vagadeempregorj.com.br\\\/vagas-de-emprego-nacionais\\\/\"},{\"@type\":\"ListItem\",\"position\":3,\"name\":\"Grupo Bamaq: 81 novas vagas de emprego pelo pa\u00eds\"}]},{\"@type\":\"WebSite\",\"@id\":\"https:\\\/\\\/www.vagadeempregorj.com.br\\\/#website\",\"url\":\"https:\\\/\\\/www.vagadeempregorj.com.br\\\/\",\"name\":\"\",\"description\":\"Conquiste Sonhos: Vagas, Benef\u00edcios e Economia para Transformar Vidas e Alcan\u00e7ar Melhorias Cotidianas\",\"potentialAction\":[{\"@type\":\"SearchAction\",\"target\":{\"@type\":\"EntryPoint\",\"urlTemplate\":\"https:\\\/\\\/www.vagadeempregorj.com.br\\\/?s={search_term_string}\"},\"query-input\":{\"@type\":\"PropertyValueSpecification\",\"valueRequired\":true,\"valueName\":\"search_term_string\"}}],\"inLanguage\":\"fr-FR\"},{\"@type\":\"Person\",\"@id\":\"https:\\\/\\\/www.vagadeempregorj.com.br\\\/#\\\/schema\\\/person\\\/3ddb19fa0539706786e502152f3aae95\",\"name\":\"Michele\",\"image\":{\"@type\":\"ImageObject\",\"inLanguage\":\"fr-FR\",\"@id\":\"https:\\\/\\\/secure.gravatar.com\\\/avatar\\\/6b0eb9d22841282815e2cd856a0061c45e1761cd54b22e952d98c4746939aa85?s=96&r=g\",\"url\":\"https:\\\/\\\/secure.gravatar.com\\\/avatar\\\/6b0eb9d22841282815e2cd856a0061c45e1761cd54b22e952d98c4746939aa85?s=96&r=g\",\"contentUrl\":\"https:\\\/\\\/secure.gravatar.com\\\/avatar\\\/6b0eb9d22841282815e2cd856a0061c45e1761cd54b22e952d98c4746939aa85?s=96&r=g\",\"caption\":\"Michele\"},\"description\":\"Formada em Letras - Portugu\u00eas\\\/ Ingl\u00eas, e idealizadora do site Escritora de Sucesso, busca expandir o conhecimento de todos com informa\u00e7\u00f5es relevantes sobre diversos assuntos, enquanto redatora. No Vaga de Emprego RJ, traz oportunidades e dicas sobre o mercado de trabalho.\",\"url\":\"https:\\\/\\\/www.vagadeempregorj.com.br\\\/fr\\\/author\\\/michele\\\/\"}]}<\/script>\n<!-- \/ Yoast SEO plugin. -->","yoast_head_json":{"title":"Grupo Bamaq: 81 novas vagas de emprego pelo pa\u00eds -","description":"Veja em Vagas de Emprego RJ as vagas de emprego com e sem experi\u00eancia no seu Estado e Regi\u00e3o!","robots":{"index":"index","follow":"follow","max-snippet":"max-snippet:-1","max-image-preview":"max-image-preview:large","max-video-preview":"max-video-preview:-1"},"canonical":"https:\/\/www.vagadeempregorj.com.br\/fr\/grupo-bamaq-81-novas-vagas-de-emprego-pelo-pais\/","og_locale":"fr_FR","og_type":"article","og_title":"Grupo Bamaq: 81 novas vagas de emprego pelo pa\u00eds -","og_description":"Veja em Vagas de Emprego RJ as vagas de emprego com e sem experi\u00eancia no seu Estado e Regi\u00e3o!","og_url":"https:\/\/www.vagadeempregorj.com.br\/fr\/grupo-bamaq-81-novas-vagas-de-emprego-pelo-pais\/","article_publisher":"https:\/\/www.facebook.com\/empregobrasiloficial","article_published_time":"2024-11-22T09:00:00+00:00","og_image":[{"width":800,"height":200,"url":"https:\/\/www.vagadeempregorj.com.br\/wp-content\/uploads\/2024\/11\/image-22.png","type":"image\/png"}],"author":"Michele","twitter_card":"summary_large_image","twitter_misc":{"\u00c9crit par":"Michele","Dur\u00e9e de lecture estim\u00e9e":"4 minutes"},"schema":{"@context":"https:\/\/schema.org","@graph":[{"@type":"Article","@id":"https:\/\/www.vagadeempregorj.com.br\/grupo-bamaq-81-novas-vagas-de-emprego-pelo-pais\/#article","isPartOf":{"@id":"https:\/\/www.vagadeempregorj.com.br\/grupo-bamaq-81-novas-vagas-de-emprego-pelo-pais\/"},"author":{"name":"Michele","@id":"https:\/\/www.vagadeempregorj.com.br\/#\/schema\/person\/3ddb19fa0539706786e502152f3aae95"},"headline":"Grupo Bamaq: 81 novas vagas de emprego pelo pa\u00eds","datePublished":"2024-11-22T09:00:00+00:00","mainEntityOfPage":{"@id":"https:\/\/www.vagadeempregorj.com.br\/grupo-bamaq-81-novas-vagas-de-emprego-pelo-pais\/"},"wordCount":841,"image":{"@id":"https:\/\/www.vagadeempregorj.com.br\/grupo-bamaq-81-novas-vagas-de-emprego-pelo-pais\/#primaryimage"},"thumbnailUrl":"https:\/\/www.vagadeempregorj.com.br\/wp-content\/uploads\/2024\/11\/image-22.png","articleSection":["Vagas de Emprego Nacionais"],"inLanguage":"fr-FR"},{"@type":"WebPage","@id":"https:\/\/www.vagadeempregorj.com.br\/grupo-bamaq-81-novas-vagas-de-emprego-pelo-pais\/","url":"https:\/\/www.vagadeempregorj.com.br\/grupo-bamaq-81-novas-vagas-de-emprego-pelo-pais\/","name":"Grupo Bamaq: 81 novas vagas de emprego pelo pa\u00eds -","isPartOf":{"@id":"https:\/\/www.vagadeempregorj.com.br\/#website"},"primaryImageOfPage":{"@id":"https:\/\/www.vagadeempregorj.com.br\/grupo-bamaq-81-novas-vagas-de-emprego-pelo-pais\/#primaryimage"},"image":{"@id":"https:\/\/www.vagadeempregorj.com.br\/grupo-bamaq-81-novas-vagas-de-emprego-pelo-pais\/#primaryimage"},"thumbnailUrl":"https:\/\/www.vagadeempregorj.com.br\/wp-content\/uploads\/2024\/11\/image-22.png","datePublished":"2024-11-22T09:00:00+00:00","author":{"@id":"https:\/\/www.vagadeempregorj.com.br\/#\/schema\/person\/3ddb19fa0539706786e502152f3aae95"},"description":"Veja em Vagas de Emprego RJ as vagas de emprego com e sem experi\u00eancia no seu Estado e Regi\u00e3o!","breadcrumb":{"@id":"https:\/\/www.vagadeempregorj.com.br\/grupo-bamaq-81-novas-vagas-de-emprego-pelo-pais\/#breadcrumb"},"inLanguage":"fr-FR","potentialAction":[{"@type":"ReadAction","target":["https:\/\/www.vagadeempregorj.com.br\/grupo-bamaq-81-novas-vagas-de-emprego-pelo-pais\/"]}]},{"@type":"ImageObject","inLanguage":"fr-FR","@id":"https:\/\/www.vagadeempregorj.com.br\/grupo-bamaq-81-novas-vagas-de-emprego-pelo-pais\/#primaryimage","url":"https:\/\/www.vagadeempregorj.com.br\/wp-content\/uploads\/2024\/11\/image-22.png","contentUrl":"https:\/\/www.vagadeempregorj.com.br\/wp-content\/uploads\/2024\/11\/image-22.png","width":800,"height":200},{"@type":"BreadcrumbList","@id":"https:\/\/www.vagadeempregorj.com.br\/grupo-bamaq-81-novas-vagas-de-emprego-pelo-pais\/#breadcrumb","itemListElement":[{"@type":"ListItem","position":1,"name":"In\u00edcio","item":"https:\/\/www.vagadeempregorj.com.br\/"},{"@type":"ListItem","position":2,"name":"Vagas de Emprego Nacionais","item":"https:\/\/www.vagadeempregorj.com.br\/vagas-de-emprego-nacionais\/"},{"@type":"ListItem","position":3,"name":"Grupo Bamaq: 81 novas vagas de emprego pelo pa\u00eds"}]},{"@type":"WebSite","@id":"https:\/\/www.vagadeempregorj.com.br\/#website","url":"https:\/\/www.vagadeempregorj.com.br\/","name":"","description":"Conquiste Sonhos: Vagas, Benef\u00edcios e Economia para Transformar Vidas e Alcan\u00e7ar Melhorias Cotidianas","potentialAction":[{"@type":"SearchAction","target":{"@type":"EntryPoint","urlTemplate":"https:\/\/www.vagadeempregorj.com.br\/?s={search_term_string}"},"query-input":{"@type":"PropertyValueSpecification","valueRequired":true,"valueName":"search_term_string"}}],"inLanguage":"fr-FR"},{"@type":"Person","@id":"https:\/\/www.vagadeempregorj.com.br\/#\/schema\/person\/3ddb19fa0539706786e502152f3aae95","name":"Michele","image":{"@type":"ImageObject","inLanguage":"fr-FR","@id":"https:\/\/secure.gravatar.com\/avatar\/6b0eb9d22841282815e2cd856a0061c45e1761cd54b22e952d98c4746939aa85?s=96&r=g","url":"https:\/\/secure.gravatar.com\/avatar\/6b0eb9d22841282815e2cd856a0061c45e1761cd54b22e952d98c4746939aa85?s=96&r=g","contentUrl":"https:\/\/secure.gravatar.com\/avatar\/6b0eb9d22841282815e2cd856a0061c45e1761cd54b22e952d98c4746939aa85?s=96&r=g","caption":"Michele"},"description":"Formada em Letras - Portugu\u00eas\/ Ingl\u00eas, e idealizadora do site Escritora de Sucesso, busca expandir o conhecimento de todos com informa\u00e7\u00f5es relevantes sobre diversos assuntos, enquanto redatora. No Vaga de Emprego RJ, traz oportunidades e dicas sobre o mercado de trabalho.","url":"https:\/\/www.vagadeempregorj.com.br\/fr\/author\/michele\/"}]}},"_links":{"self":[{"href":"https:\/\/www.vagadeempregorj.com.br\/fr\/wp-json\/wp\/v2\/posts\/41309","targetHints":{"allow":["GET"]}}],"collection":[{"href":"https:\/\/www.vagadeempregorj.com.br\/fr\/wp-json\/wp\/v2\/posts"}],"about":[{"href":"https:\/\/www.vagadeempregorj.com.br\/fr\/wp-json\/wp\/v2\/types\/post"}],"author":[{"embeddable":true,"href":"https:\/\/www.vagadeempregorj.com.br\/fr\/wp-json\/wp\/v2\/users\/16"}],"replies":[{"embeddable":true,"href":"https:\/\/www.vagadeempregorj.com.br\/fr\/wp-json\/wp\/v2\/comments?post=41309"}],"version-history":[{"count":0,"href":"https:\/\/www.vagadeempregorj.com.br\/fr\/wp-json\/wp\/v2\/posts\/41309\/revisions"}],"wp:featuredmedia":[{"embeddable":true,"href":"https:\/\/www.vagadeempregorj.com.br\/fr\/wp-json\/wp\/v2\/media\/41329"}],"wp:attachment":[{"href":"https:\/\/www.vagadeempregorj.com.br\/fr\/wp-json\/wp\/v2\/media?parent=41309"}],"wp:term":[{"taxonomy":"category","embeddable":true,"href":"https:\/\/www.vagadeempregorj.com.br\/fr\/wp-json\/wp\/v2\/categories?post=41309"},{"taxonomy":"post_tag","embeddable":true,"href":"https:\/\/www.vagadeempregorj.com.br\/fr\/wp-json\/wp\/v2\/tags?post=41309"}],"curies":[{"name":"wp","href":"https:\/\/api.w.org\/{rel}","templated":true}]}}