{"id":41313,"date":"2024-11-26T06:00:00","date_gmt":"2024-11-26T09:00:00","guid":{"rendered":"https:\/\/www.vagadeempregorj.com.br\/?p=41313"},"modified":"2024-11-22T01:59:23","modified_gmt":"2024-11-22T04:59:23","slug":"lojas-gpa-682-novas-vagas-de-emprego-pelo-pais","status":"publish","type":"post","link":"https:\/\/www.vagadeempregorj.com.br\/fr\/lojas-gpa-682-novas-vagas-de-emprego-pelo-pais\/","title":{"rendered":"Lojas GPA: 682 novas vagas de emprego pelo pa\u00eds"},"content":{"rendered":"<p>O mercado de trabalho brasileiro est\u00e1 com boas not\u00edcias para quem est\u00e1 em busca de uma nova oportunidade. A <strong>Lojas GPA<\/strong>, uma das maiores redes varejistas do pa\u00eds, acaba de anunciar a abertura de 682 novas vagas de emprego em diversas regi\u00f5es do Brasil. Com vagas para diferentes perfis e \u00e1reas de atua\u00e7\u00e3o, essa \u00e9 uma grande oportunidade para quem deseja ingressar em uma empresa s\u00f3lida e com forte presen\u00e7a no mercado.<\/p>\n\n\n\n<figure class=\"wp-block-image size-full\"><img loading=\"lazy\" decoding=\"async\" width=\"950\" height=\"536\" src=\"https:\/\/www.vagadeempregorj.com.br\/wp-content\/uploads\/2024\/11\/image-24.png\" alt=\"\" class=\"wp-image-41333\" srcset=\"https:\/\/www.vagadeempregorj.com.br\/wp-content\/uploads\/2024\/11\/image-24.png 950w, https:\/\/www.vagadeempregorj.com.br\/wp-content\/uploads\/2024\/11\/image-24-300x169.png 300w, https:\/\/www.vagadeempregorj.com.br\/wp-content\/uploads\/2024\/11\/image-24-768x433.png 768w, https:\/\/www.vagadeempregorj.com.br\/wp-content\/uploads\/2024\/11\/image-24-383x215.png 383w, https:\/\/www.vagadeempregorj.com.br\/wp-content\/uploads\/2024\/11\/image-24-150x85.png 150w\" sizes=\"auto, (max-width: 950px) 100vw, 950px\" \/><\/figure>\n\n\n\n<p>Veja as vagas oferecidas, as diversas oportunidades de carreira dispon\u00edveis e como se candidatar a essas oportunidades. Se voc\u00ea est\u00e1 \u00e0 procura de uma nova coloca\u00e7\u00e3o no mercado, continue lendo para saber como dar o pr\u00f3ximo passo em dire\u00e7\u00e3o ao seu futuro profissional.<\/p>\n\n\n\n<h2 class=\"wp-block-heading\">Quais s\u00e3o as oportunidades de carreira no Lojas GPA?<\/h2>\n\n\n\n<p>A Lojas GPA oferece oportunidades para profissionais com diferentes forma\u00e7\u00f5es e experi\u00eancias, desde cargos operacionais at\u00e9 fun\u00e7\u00f5es que exigem um grau mais elevado de especializa\u00e7\u00e3o. Abaixo, est\u00e3o listadas algumas das principais vagas abertas e o que cada uma delas envolve.<\/p>\n\n\n\n<h3 class=\"wp-block-heading\">Vendedor<\/h3>\n\n\n\n<p>O vendedor \u00e9 respons\u00e1vel pelo atendimento ao cliente, garantindo uma experi\u00eancia de compra positiva. Esse cargo exige comunica\u00e7\u00e3o eficiente, empatia e conhecimento dos produtos comercializados. \u00c9 ideal para pessoas que gostam de lidar com o p\u00fablico e desejam crescer na \u00e1rea de vendas.<\/p>\n\n\n\n<h3 class=\"wp-block-heading\">Repositor de Mercadorias<\/h3>\n\n\n\n<p>O repositor atua garantindo que as prateleiras estejam sempre abastecidas e organizadas, para que os clientes possam encontrar facilmente o que precisam. Esse cargo \u00e9 indicado para pessoas din\u00e2micas, que gostam de manter tudo em ordem e n\u00e3o t\u00eam problema em trabalhar em p\u00e9 e em atividades que exigem movimenta\u00e7\u00e3o f\u00edsica.<\/p>\n\n\n\n<h3 class=\"wp-block-heading\">Operador de Caixa<\/h3>\n\n\n\n<p>O operador de caixa \u00e9 respons\u00e1vel pelo fechamento das compras, manuseio de valores e atendimento ao cliente durante o pagamento. Al\u00e9m de organiza\u00e7\u00e3o e aten\u00e7\u00e3o, \u00e9 essencial ter bom relacionamento interpessoal, pois \u00e9 o \u00faltimo ponto de contato com o cliente antes dele deixar a loja.<\/p>\n\n\n\n<h3 class=\"wp-block-heading\">Auxiliar de Limpeza<\/h3>\n\n\n\n<p>O auxiliar de limpeza \u00e9 uma pe\u00e7a fundamental para manter um ambiente limpo e agrad\u00e1vel. Esse cargo \u00e9 essencial para garantir o bem-estar dos clientes e colaboradores, assegurando que todas as \u00e1reas da loja estejam devidamente higienizadas.<\/p>\n\n\n\n<h3 class=\"wp-block-heading\">Supervisor de Loja<\/h3>\n\n\n\n<p>O supervisor de loja \u00e9 o respons\u00e1vel por liderar a equipe, acompanhando as vendas, garantindo que os processos sejam cumpridos e que os clientes estejam satisfeitos. Essa vaga exige experi\u00eancia em gest\u00e3o de pessoas e foco em resultados.<\/p>\n\n\n\n<h3 class=\"wp-block-heading\">Assistente Administrativo<\/h3>\n\n\n\n<p>O assistente administrativo auxilia nas tarefas burocr\u00e1ticas da loja, como organiza\u00e7\u00e3o de documentos, controle de relat\u00f3rios e suporte \u00e0 gest\u00e3o. Essa \u00e9 uma \u00f3tima op\u00e7\u00e3o para quem prefere trabalhar em uma rotina mais estruturada e com menos contato direto com o p\u00fablico.<\/p>\n\n\n\n<h3 class=\"wp-block-heading\">Jovem Aprendiz<\/h3>\n\n\n\n<p>A Lojas GPA tamb\u00e9m possui vagas para jovens aprendizes, oferecendo uma excelente oportunidade de primeiro emprego para aqueles que buscam iniciar a carreira no varejo. O programa de jovem aprendiz proporciona experi\u00eancia pr\u00e1tica e aprendizado constante, sendo uma porta de entrada para o mercado de trabalho.<\/p>\n\n\n\n<h2 class=\"wp-block-heading\">Como se candidatar?<\/h2>\n\n\n\n<p>Candidatar-se para uma das vagas abertas na Lojas GPA \u00e9 um processo simples e direto. Para garantir que sua candidatura seja registrada, siga os passos abaixo:<\/p>\n\n\n\n<ul class=\"wp-block-list\">\n<li>Copie e cole o endere\u00e7o <strong>https:\/\/lojasgpa.gupy.io\/<\/strong> em seu navegador;<\/li>\n\n\n\n<li>Acesse a p\u00e1gina e encontre uma oportunidade que se encaixe com seu perfil;<\/li>\n\n\n\n<li>Leia atentamente a descri\u00e7\u00e3o da vaga, verificando se voc\u00ea atende aos requisitos necess\u00e1rios;<\/li>\n\n\n\n<li>Clique em &#8220;Candidatar-se para a vaga&#8221; e preencha todas as informa\u00e7\u00f5es solicitadas no formul\u00e1rio;<\/li>\n\n\n\n<li>Caso j\u00e1 possua um cadastro na plataforma Gupy, apenas fa\u00e7a login e envie sua candidatura;<\/li>\n\n\n\n<li>Aguarde o contato da equipe de recrutamento para as pr\u00f3ximas etapas.<\/li>\n<\/ul>\n\n\n\n<p>O processo \u00e9 todo feito online, proporcionando praticidade e acessibilidade para quem deseja fazer parte do time Lojas GPA. As vagas s\u00e3o constantemente atualizadas, ent\u00e3o vale a pena conferir a p\u00e1gina regularmente.<\/p>\n\n\n\n<h3 class=\"wp-block-heading\">Dicas para Destacar sua Candidatura<\/h3>\n\n\n\n<p>Para aumentar suas chances de ser selecionado, \u00e9 importante prestar aten\u00e7\u00e3o a alguns pontos durante o processo de candidatura:<\/p>\n\n\n\n<ul class=\"wp-block-list\">\n<li><strong>Atualize seu Curr\u00edculo<\/strong>: Certifique-se de que todas as suas informa\u00e7\u00f5es est\u00e3o atualizadas e em destaque, como experi\u00eancias anteriores e cursos realizados.<\/li>\n\n\n\n<li><strong>Customize sua Aplica\u00e7\u00e3o<\/strong>: Se poss\u00edvel, personalize a descri\u00e7\u00e3o do seu perfil de acordo com a vaga para a qual voc\u00ea est\u00e1 se candidatando.<\/li>\n\n\n\n<li><strong>Mostre Disposi\u00e7\u00e3o e Entusiasmo<\/strong>: No campo de descri\u00e7\u00e3o ou entrevista, mostre interesse em aprender e evoluir dentro da empresa.<\/li>\n<\/ul>\n\n\n\n<h2 class=\"wp-block-heading\">Trabalhe no GPA e Cres\u00e7a com uma Empresa L\u00edder<\/h2>\n\n\n\n<p>Trabalhar na <strong>Lojas GPA<\/strong> \u00e9 muito mais do que apenas ter um emprego. A empresa oferece um ambiente de trabalho din\u00e2mico, com oportunidades de crescimento e desenvolvimento profissional. Desde jovens aprendizes at\u00e9 profissionais com experi\u00eancia, todos os colaboradores s\u00e3o estimulados a crescer e se desenvolver, sempre em um clima de respeito e colabora\u00e7\u00e3o.<\/p>\n\n\n\n<p><strong>Veja tamb\u00e9m: <a href=\"https:\/\/www.vagadeempregorj.com.br\/fr\/piracanjuba-tem-59-vagas-de-emprego-abertas-em-todo-o-pais\/\">Piracanjuba tem 59 vagas de emprego abertas em todo o pa\u00eds<\/a><\/strong><\/p>\n\n\n\n<p>26 de novembro de 2024<\/p>","protected":false},"excerpt":{"rendered":"<p>O mercado de trabalho brasileiro est\u00e1 com boas not\u00edcias para quem est\u00e1 em busca de uma nova oportunidade. A Lojas GPA, uma das maiores redes varejistas do pa\u00eds, acaba de anunciar a abertura de 682 novas vagas de emprego em diversas regi\u00f5es do Brasil. Com vagas para diferentes perfis e \u00e1reas de atua\u00e7\u00e3o, essa \u00e9&hellip;&nbsp;<\/p>","protected":false},"author":16,"featured_media":41333,"comment_status":"closed","ping_status":"closed","sticky":false,"template":"","format":"standard","meta":{"neve_meta_sidebar":"","neve_meta_container":"","neve_meta_enable_content_width":"","neve_meta_content_width":0,"neve_meta_title_alignment":"","neve_meta_author_avatar":"","neve_post_elements_order":"","neve_meta_disable_header":"","neve_meta_disable_footer":"","neve_meta_disable_title":"","footnotes":""},"categories":[123],"tags":[],"class_list":["post-41313","post","type-post","status-publish","format-standard","has-post-thumbnail","hentry","category-vagas-de-emprego-nacionais"],"yoast_head":"<!-- This site is optimized with the Yoast SEO plugin v27.5 - https:\/\/yoast.com\/product\/yoast-seo-wordpress\/ -->\n<title>Lojas GPA: 682 novas vagas de emprego pelo pa\u00eds -<\/title>\n<meta name=\"description\" content=\"Veja em Vagas de Emprego RJ as vagas de emprego com e sem experi\u00eancia no seu Estado e Regi\u00e3o!\" \/>\n<meta name=\"robots\" content=\"index, follow, max-snippet:-1, max-image-preview:large, max-video-preview:-1\" \/>\n<link rel=\"canonical\" href=\"https:\/\/www.vagadeempregorj.com.br\/fr\/lojas-gpa-682-novas-vagas-de-emprego-pelo-pais\/\" \/>\n<meta property=\"og:locale\" content=\"fr_FR\" \/>\n<meta property=\"og:type\" content=\"article\" \/>\n<meta property=\"og:title\" content=\"Lojas GPA: 682 novas vagas de emprego pelo pa\u00eds -\" \/>\n<meta property=\"og:description\" content=\"Veja em Vagas de Emprego RJ as vagas de emprego com e sem experi\u00eancia no seu Estado e Regi\u00e3o!\" \/>\n<meta property=\"og:url\" content=\"https:\/\/www.vagadeempregorj.com.br\/fr\/lojas-gpa-682-novas-vagas-de-emprego-pelo-pais\/\" \/>\n<meta property=\"article:publisher\" content=\"https:\/\/www.facebook.com\/empregobrasiloficial\" \/>\n<meta property=\"article:published_time\" content=\"2024-11-26T09:00:00+00:00\" \/>\n<meta property=\"og:image\" content=\"https:\/\/www.vagadeempregorj.com.br\/wp-content\/uploads\/2024\/11\/image-24.png\" \/>\n\t<meta property=\"og:image:width\" content=\"950\" \/>\n\t<meta property=\"og:image:height\" content=\"536\" \/>\n\t<meta property=\"og:image:type\" content=\"image\/png\" \/>\n<meta name=\"author\" content=\"Michele\" \/>\n<meta name=\"twitter:card\" content=\"summary_large_image\" \/>\n<meta name=\"twitter:label1\" content=\"\u00c9crit par\" \/>\n\t<meta name=\"twitter:data1\" content=\"Michele\" \/>\n\t<meta name=\"twitter:label2\" content=\"Dur\u00e9e de lecture estim\u00e9e\" \/>\n\t<meta name=\"twitter:data2\" content=\"4 minutes\" \/>\n<script type=\"application\/ld+json\" class=\"yoast-schema-graph\">{\"@context\":\"https:\\\/\\\/schema.org\",\"@graph\":[{\"@type\":\"Article\",\"@id\":\"https:\\\/\\\/www.vagadeempregorj.com.br\\\/lojas-gpa-682-novas-vagas-de-emprego-pelo-pais\\\/#article\",\"isPartOf\":{\"@id\":\"https:\\\/\\\/www.vagadeempregorj.com.br\\\/lojas-gpa-682-novas-vagas-de-emprego-pelo-pais\\\/\"},\"author\":{\"name\":\"Michele\",\"@id\":\"https:\\\/\\\/www.vagadeempregorj.com.br\\\/#\\\/schema\\\/person\\\/3ddb19fa0539706786e502152f3aae95\"},\"headline\":\"Lojas GPA: 682 novas vagas de emprego pelo pa\u00eds\",\"datePublished\":\"2024-11-26T09:00:00+00:00\",\"mainEntityOfPage\":{\"@id\":\"https:\\\/\\\/www.vagadeempregorj.com.br\\\/lojas-gpa-682-novas-vagas-de-emprego-pelo-pais\\\/\"},\"wordCount\":850,\"image\":{\"@id\":\"https:\\\/\\\/www.vagadeempregorj.com.br\\\/lojas-gpa-682-novas-vagas-de-emprego-pelo-pais\\\/#primaryimage\"},\"thumbnailUrl\":\"https:\\\/\\\/www.vagadeempregorj.com.br\\\/wp-content\\\/uploads\\\/2024\\\/11\\\/image-24.png\",\"articleSection\":[\"Vagas de Emprego Nacionais\"],\"inLanguage\":\"fr-FR\"},{\"@type\":\"WebPage\",\"@id\":\"https:\\\/\\\/www.vagadeempregorj.com.br\\\/lojas-gpa-682-novas-vagas-de-emprego-pelo-pais\\\/\",\"url\":\"https:\\\/\\\/www.vagadeempregorj.com.br\\\/lojas-gpa-682-novas-vagas-de-emprego-pelo-pais\\\/\",\"name\":\"Lojas GPA: 682 novas vagas de emprego pelo pa\u00eds -\",\"isPartOf\":{\"@id\":\"https:\\\/\\\/www.vagadeempregorj.com.br\\\/#website\"},\"primaryImageOfPage\":{\"@id\":\"https:\\\/\\\/www.vagadeempregorj.com.br\\\/lojas-gpa-682-novas-vagas-de-emprego-pelo-pais\\\/#primaryimage\"},\"image\":{\"@id\":\"https:\\\/\\\/www.vagadeempregorj.com.br\\\/lojas-gpa-682-novas-vagas-de-emprego-pelo-pais\\\/#primaryimage\"},\"thumbnailUrl\":\"https:\\\/\\\/www.vagadeempregorj.com.br\\\/wp-content\\\/uploads\\\/2024\\\/11\\\/image-24.png\",\"datePublished\":\"2024-11-26T09:00:00+00:00\",\"author\":{\"@id\":\"https:\\\/\\\/www.vagadeempregorj.com.br\\\/#\\\/schema\\\/person\\\/3ddb19fa0539706786e502152f3aae95\"},\"description\":\"Veja em Vagas de Emprego RJ as vagas de emprego com e sem experi\u00eancia no seu Estado e Regi\u00e3o!\",\"breadcrumb\":{\"@id\":\"https:\\\/\\\/www.vagadeempregorj.com.br\\\/lojas-gpa-682-novas-vagas-de-emprego-pelo-pais\\\/#breadcrumb\"},\"inLanguage\":\"fr-FR\",\"potentialAction\":[{\"@type\":\"ReadAction\",\"target\":[\"https:\\\/\\\/www.vagadeempregorj.com.br\\\/lojas-gpa-682-novas-vagas-de-emprego-pelo-pais\\\/\"]}]},{\"@type\":\"ImageObject\",\"inLanguage\":\"fr-FR\",\"@id\":\"https:\\\/\\\/www.vagadeempregorj.com.br\\\/lojas-gpa-682-novas-vagas-de-emprego-pelo-pais\\\/#primaryimage\",\"url\":\"https:\\\/\\\/www.vagadeempregorj.com.br\\\/wp-content\\\/uploads\\\/2024\\\/11\\\/image-24.png\",\"contentUrl\":\"https:\\\/\\\/www.vagadeempregorj.com.br\\\/wp-content\\\/uploads\\\/2024\\\/11\\\/image-24.png\",\"width\":950,\"height\":536},{\"@type\":\"BreadcrumbList\",\"@id\":\"https:\\\/\\\/www.vagadeempregorj.com.br\\\/lojas-gpa-682-novas-vagas-de-emprego-pelo-pais\\\/#breadcrumb\",\"itemListElement\":[{\"@type\":\"ListItem\",\"position\":1,\"name\":\"In\u00edcio\",\"item\":\"https:\\\/\\\/www.vagadeempregorj.com.br\\\/\"},{\"@type\":\"ListItem\",\"position\":2,\"name\":\"Vagas de Emprego Nacionais\",\"item\":\"https:\\\/\\\/www.vagadeempregorj.com.br\\\/vagas-de-emprego-nacionais\\\/\"},{\"@type\":\"ListItem\",\"position\":3,\"name\":\"Lojas GPA: 682 novas vagas de emprego pelo pa\u00eds\"}]},{\"@type\":\"WebSite\",\"@id\":\"https:\\\/\\\/www.vagadeempregorj.com.br\\\/#website\",\"url\":\"https:\\\/\\\/www.vagadeempregorj.com.br\\\/\",\"name\":\"\",\"description\":\"Conquiste Sonhos: Vagas, Benef\u00edcios e Economia para Transformar Vidas e Alcan\u00e7ar Melhorias Cotidianas\",\"potentialAction\":[{\"@type\":\"SearchAction\",\"target\":{\"@type\":\"EntryPoint\",\"urlTemplate\":\"https:\\\/\\\/www.vagadeempregorj.com.br\\\/?s={search_term_string}\"},\"query-input\":{\"@type\":\"PropertyValueSpecification\",\"valueRequired\":true,\"valueName\":\"search_term_string\"}}],\"inLanguage\":\"fr-FR\"},{\"@type\":\"Person\",\"@id\":\"https:\\\/\\\/www.vagadeempregorj.com.br\\\/#\\\/schema\\\/person\\\/3ddb19fa0539706786e502152f3aae95\",\"name\":\"Michele\",\"image\":{\"@type\":\"ImageObject\",\"inLanguage\":\"fr-FR\",\"@id\":\"https:\\\/\\\/secure.gravatar.com\\\/avatar\\\/6b0eb9d22841282815e2cd856a0061c45e1761cd54b22e952d98c4746939aa85?s=96&r=g\",\"url\":\"https:\\\/\\\/secure.gravatar.com\\\/avatar\\\/6b0eb9d22841282815e2cd856a0061c45e1761cd54b22e952d98c4746939aa85?s=96&r=g\",\"contentUrl\":\"https:\\\/\\\/secure.gravatar.com\\\/avatar\\\/6b0eb9d22841282815e2cd856a0061c45e1761cd54b22e952d98c4746939aa85?s=96&r=g\",\"caption\":\"Michele\"},\"description\":\"Formada em Letras - Portugu\u00eas\\\/ Ingl\u00eas, e idealizadora do site Escritora de Sucesso, busca expandir o conhecimento de todos com informa\u00e7\u00f5es relevantes sobre diversos assuntos, enquanto redatora. No Vaga de Emprego RJ, traz oportunidades e dicas sobre o mercado de trabalho.\",\"url\":\"https:\\\/\\\/www.vagadeempregorj.com.br\\\/fr\\\/author\\\/michele\\\/\"}]}<\/script>\n<!-- \/ Yoast SEO plugin. -->","yoast_head_json":{"title":"Lojas GPA: 682 novas vagas de emprego pelo pa\u00eds -","description":"Veja em Vagas de Emprego RJ as vagas de emprego com e sem experi\u00eancia no seu Estado e Regi\u00e3o!","robots":{"index":"index","follow":"follow","max-snippet":"max-snippet:-1","max-image-preview":"max-image-preview:large","max-video-preview":"max-video-preview:-1"},"canonical":"https:\/\/www.vagadeempregorj.com.br\/fr\/lojas-gpa-682-novas-vagas-de-emprego-pelo-pais\/","og_locale":"fr_FR","og_type":"article","og_title":"Lojas GPA: 682 novas vagas de emprego pelo pa\u00eds -","og_description":"Veja em Vagas de Emprego RJ as vagas de emprego com e sem experi\u00eancia no seu Estado e Regi\u00e3o!","og_url":"https:\/\/www.vagadeempregorj.com.br\/fr\/lojas-gpa-682-novas-vagas-de-emprego-pelo-pais\/","article_publisher":"https:\/\/www.facebook.com\/empregobrasiloficial","article_published_time":"2024-11-26T09:00:00+00:00","og_image":[{"width":950,"height":536,"url":"https:\/\/www.vagadeempregorj.com.br\/wp-content\/uploads\/2024\/11\/image-24.png","type":"image\/png"}],"author":"Michele","twitter_card":"summary_large_image","twitter_misc":{"\u00c9crit par":"Michele","Dur\u00e9e de lecture estim\u00e9e":"4 minutes"},"schema":{"@context":"https:\/\/schema.org","@graph":[{"@type":"Article","@id":"https:\/\/www.vagadeempregorj.com.br\/lojas-gpa-682-novas-vagas-de-emprego-pelo-pais\/#article","isPartOf":{"@id":"https:\/\/www.vagadeempregorj.com.br\/lojas-gpa-682-novas-vagas-de-emprego-pelo-pais\/"},"author":{"name":"Michele","@id":"https:\/\/www.vagadeempregorj.com.br\/#\/schema\/person\/3ddb19fa0539706786e502152f3aae95"},"headline":"Lojas GPA: 682 novas vagas de emprego pelo pa\u00eds","datePublished":"2024-11-26T09:00:00+00:00","mainEntityOfPage":{"@id":"https:\/\/www.vagadeempregorj.com.br\/lojas-gpa-682-novas-vagas-de-emprego-pelo-pais\/"},"wordCount":850,"image":{"@id":"https:\/\/www.vagadeempregorj.com.br\/lojas-gpa-682-novas-vagas-de-emprego-pelo-pais\/#primaryimage"},"thumbnailUrl":"https:\/\/www.vagadeempregorj.com.br\/wp-content\/uploads\/2024\/11\/image-24.png","articleSection":["Vagas de Emprego Nacionais"],"inLanguage":"fr-FR"},{"@type":"WebPage","@id":"https:\/\/www.vagadeempregorj.com.br\/lojas-gpa-682-novas-vagas-de-emprego-pelo-pais\/","url":"https:\/\/www.vagadeempregorj.com.br\/lojas-gpa-682-novas-vagas-de-emprego-pelo-pais\/","name":"Lojas GPA: 682 novas vagas de emprego pelo pa\u00eds -","isPartOf":{"@id":"https:\/\/www.vagadeempregorj.com.br\/#website"},"primaryImageOfPage":{"@id":"https:\/\/www.vagadeempregorj.com.br\/lojas-gpa-682-novas-vagas-de-emprego-pelo-pais\/#primaryimage"},"image":{"@id":"https:\/\/www.vagadeempregorj.com.br\/lojas-gpa-682-novas-vagas-de-emprego-pelo-pais\/#primaryimage"},"thumbnailUrl":"https:\/\/www.vagadeempregorj.com.br\/wp-content\/uploads\/2024\/11\/image-24.png","datePublished":"2024-11-26T09:00:00+00:00","author":{"@id":"https:\/\/www.vagadeempregorj.com.br\/#\/schema\/person\/3ddb19fa0539706786e502152f3aae95"},"description":"Veja em Vagas de Emprego RJ as vagas de emprego com e sem experi\u00eancia no seu Estado e Regi\u00e3o!","breadcrumb":{"@id":"https:\/\/www.vagadeempregorj.com.br\/lojas-gpa-682-novas-vagas-de-emprego-pelo-pais\/#breadcrumb"},"inLanguage":"fr-FR","potentialAction":[{"@type":"ReadAction","target":["https:\/\/www.vagadeempregorj.com.br\/lojas-gpa-682-novas-vagas-de-emprego-pelo-pais\/"]}]},{"@type":"ImageObject","inLanguage":"fr-FR","@id":"https:\/\/www.vagadeempregorj.com.br\/lojas-gpa-682-novas-vagas-de-emprego-pelo-pais\/#primaryimage","url":"https:\/\/www.vagadeempregorj.com.br\/wp-content\/uploads\/2024\/11\/image-24.png","contentUrl":"https:\/\/www.vagadeempregorj.com.br\/wp-content\/uploads\/2024\/11\/image-24.png","width":950,"height":536},{"@type":"BreadcrumbList","@id":"https:\/\/www.vagadeempregorj.com.br\/lojas-gpa-682-novas-vagas-de-emprego-pelo-pais\/#breadcrumb","itemListElement":[{"@type":"ListItem","position":1,"name":"In\u00edcio","item":"https:\/\/www.vagadeempregorj.com.br\/"},{"@type":"ListItem","position":2,"name":"Vagas de Emprego Nacionais","item":"https:\/\/www.vagadeempregorj.com.br\/vagas-de-emprego-nacionais\/"},{"@type":"ListItem","position":3,"name":"Lojas GPA: 682 novas vagas de emprego pelo pa\u00eds"}]},{"@type":"WebSite","@id":"https:\/\/www.vagadeempregorj.com.br\/#website","url":"https:\/\/www.vagadeempregorj.com.br\/","name":"","description":"Conquiste Sonhos: Vagas, Benef\u00edcios e Economia para Transformar Vidas e Alcan\u00e7ar Melhorias Cotidianas","potentialAction":[{"@type":"SearchAction","target":{"@type":"EntryPoint","urlTemplate":"https:\/\/www.vagadeempregorj.com.br\/?s={search_term_string}"},"query-input":{"@type":"PropertyValueSpecification","valueRequired":true,"valueName":"search_term_string"}}],"inLanguage":"fr-FR"},{"@type":"Person","@id":"https:\/\/www.vagadeempregorj.com.br\/#\/schema\/person\/3ddb19fa0539706786e502152f3aae95","name":"Michele","image":{"@type":"ImageObject","inLanguage":"fr-FR","@id":"https:\/\/secure.gravatar.com\/avatar\/6b0eb9d22841282815e2cd856a0061c45e1761cd54b22e952d98c4746939aa85?s=96&r=g","url":"https:\/\/secure.gravatar.com\/avatar\/6b0eb9d22841282815e2cd856a0061c45e1761cd54b22e952d98c4746939aa85?s=96&r=g","contentUrl":"https:\/\/secure.gravatar.com\/avatar\/6b0eb9d22841282815e2cd856a0061c45e1761cd54b22e952d98c4746939aa85?s=96&r=g","caption":"Michele"},"description":"Formada em Letras - Portugu\u00eas\/ Ingl\u00eas, e idealizadora do site Escritora de Sucesso, busca expandir o conhecimento de todos com informa\u00e7\u00f5es relevantes sobre diversos assuntos, enquanto redatora. No Vaga de Emprego RJ, traz oportunidades e dicas sobre o mercado de trabalho.","url":"https:\/\/www.vagadeempregorj.com.br\/fr\/author\/michele\/"}]}},"_links":{"self":[{"href":"https:\/\/www.vagadeempregorj.com.br\/fr\/wp-json\/wp\/v2\/posts\/41313","targetHints":{"allow":["GET"]}}],"collection":[{"href":"https:\/\/www.vagadeempregorj.com.br\/fr\/wp-json\/wp\/v2\/posts"}],"about":[{"href":"https:\/\/www.vagadeempregorj.com.br\/fr\/wp-json\/wp\/v2\/types\/post"}],"author":[{"embeddable":true,"href":"https:\/\/www.vagadeempregorj.com.br\/fr\/wp-json\/wp\/v2\/users\/16"}],"replies":[{"embeddable":true,"href":"https:\/\/www.vagadeempregorj.com.br\/fr\/wp-json\/wp\/v2\/comments?post=41313"}],"version-history":[{"count":0,"href":"https:\/\/www.vagadeempregorj.com.br\/fr\/wp-json\/wp\/v2\/posts\/41313\/revisions"}],"wp:featuredmedia":[{"embeddable":true,"href":"https:\/\/www.vagadeempregorj.com.br\/fr\/wp-json\/wp\/v2\/media\/41333"}],"wp:attachment":[{"href":"https:\/\/www.vagadeempregorj.com.br\/fr\/wp-json\/wp\/v2\/media?parent=41313"}],"wp:term":[{"taxonomy":"category","embeddable":true,"href":"https:\/\/www.vagadeempregorj.com.br\/fr\/wp-json\/wp\/v2\/categories?post=41313"},{"taxonomy":"post_tag","embeddable":true,"href":"https:\/\/www.vagadeempregorj.com.br\/fr\/wp-json\/wp\/v2\/tags?post=41313"}],"curies":[{"name":"wp","href":"https:\/\/api.w.org\/{rel}","templated":true}]}}