{"id":41319,"date":"2024-12-02T06:00:00","date_gmt":"2024-12-02T09:00:00","guid":{"rendered":"https:\/\/www.vagadeempregorj.com.br\/?p=41319"},"modified":"2024-11-22T02:03:00","modified_gmt":"2024-11-22T05:03:00","slug":"lojas-torra-700-novas-vagas-de-emprego-pelo-pais","status":"publish","type":"post","link":"https:\/\/www.vagadeempregorj.com.br\/fr\/lojas-torra-700-novas-vagas-de-emprego-pelo-pais\/","title":{"rendered":"Lojas Torra: 700 novas vagas de emprego pelo pa\u00eds"},"content":{"rendered":"<p>As <strong>Lojas Torra<\/strong>, uma das redes de varejo mais conhecidas do Brasil, acabam de anunciar uma excelente not\u00edcia para quem est\u00e1 em busca de uma oportunidade no mercado de trabalho. Com a amplia\u00e7\u00e3o de suas opera\u00e7\u00f5es e planos de crescimento, a empresa abriu 700 novas vagas de emprego distribu\u00eddas por diversas regi\u00f5es do pa\u00eds. Esta \u00e9 uma grande oportunidade para quem deseja ingressar em uma empresa que valoriza seus colaboradores e oferece chances de desenvolvimento profissional.<\/p>\n\n\n\n<figure class=\"wp-block-image size-full is-resized\"><img loading=\"lazy\" decoding=\"async\" width=\"800\" height=\"500\" src=\"https:\/\/www.vagadeempregorj.com.br\/wp-content\/uploads\/2024\/11\/image-27.png\" alt=\"\" class=\"wp-image-41339\" style=\"width:840px;height:auto\" srcset=\"https:\/\/www.vagadeempregorj.com.br\/wp-content\/uploads\/2024\/11\/image-27.png 800w, https:\/\/www.vagadeempregorj.com.br\/wp-content\/uploads\/2024\/11\/image-27-300x188.png 300w, https:\/\/www.vagadeempregorj.com.br\/wp-content\/uploads\/2024\/11\/image-27-768x480.png 768w, https:\/\/www.vagadeempregorj.com.br\/wp-content\/uploads\/2024\/11\/image-27-150x94.png 150w\" sizes=\"auto, (max-width: 800px) 100vw, 800px\" \/><\/figure>\n\n\n\n<p>Com foco em oferecer produtos de qualidade a pre\u00e7os acess\u00edveis, as Lojas Torra t\u00eam conquistado o cora\u00e7\u00e3o dos consumidores e expandido suas unidades de forma expressiva. Agora, \u00e9 a vez de fortalecer o time e garantir que a experi\u00eancia dos clientes nas lojas seja ainda melhor. Se voc\u00ea est\u00e1 procurando uma chance de construir uma carreira em um ambiente din\u00e2mico e cheio de possibilidades, as Lojas Torra podem ser o lugar certo.<\/p>\n\n\n\n<h2 class=\"wp-block-heading\">Quais s\u00e3o as oportunidades de carreira nas Lojas Torra?<\/h2>\n\n\n\n<p>Com 700 novas vagas de emprego dispon\u00edveis, as Lojas Torra est\u00e3o recrutando profissionais para diversas \u00e1reas e fun\u00e7\u00f5es, oferecendo oportunidades tanto para quem est\u00e1 iniciando a carreira quanto para quem j\u00e1 possui experi\u00eancia no mercado. Abaixo, conhe\u00e7a algumas das principais posi\u00e7\u00f5es abertas e o que cada uma delas envolve.<\/p>\n\n\n\n<h3 class=\"wp-block-heading\">Assistente de Vendas<\/h3>\n\n\n\n<p>O assistente de vendas \u00e9 respons\u00e1vel por atender os clientes, entender suas necessidades e garantir uma excelente experi\u00eancia de compra. A fun\u00e7\u00e3o envolve organiza\u00e7\u00e3o dos produtos nas prateleiras, apoio na reposi\u00e7\u00e3o de mercadorias e presta\u00e7\u00e3o de informa\u00e7\u00f5es sobre promo\u00e7\u00f5es e condi\u00e7\u00f5es de pagamento. \u00c9 uma excelente oportunidade para quem gosta de interagir com o p\u00fablico e tem facilidade em se comunicar.<\/p>\n\n\n\n<h3 class=\"wp-block-heading\">Operador de Caixa<\/h3>\n\n\n\n<p>Os operadores de caixa s\u00e3o respons\u00e1veis por realizar o fechamento das compras dos clientes, manuseando o sistema de pagamento e garantindo um atendimento \u00e1gil e cort\u00eas. Para essa posi\u00e7\u00e3o, \u00e9 importante ter boa concentra\u00e7\u00e3o e um perfil atento aos detalhes, j\u00e1 que a precis\u00e3o no registro dos valores \u00e9 essencial.<\/p>\n\n\n\n<h3 class=\"wp-block-heading\">Estoquista<\/h3>\n\n\n\n<p>O estoquista \u00e9 quem garante que todos os produtos estejam dispon\u00edveis e bem organizados nos bastidores. A fun\u00e7\u00e3o inclui recebimento de mercadorias, controle do estoque e organiza\u00e7\u00e3o dos itens no armaz\u00e9m. Para quem prefere atuar nos bastidores e tem habilidades com organiza\u00e7\u00e3o e controle, essa pode ser a vaga ideal.<\/p>\n\n\n\n<h3 class=\"wp-block-heading\">Supervisor de Loja<\/h3>\n\n\n\n<p>Para quem j\u00e1 possui experi\u00eancia no varejo, a posi\u00e7\u00e3o de supervisor de loja pode ser uma excelente oportunidade. O supervisor \u00e9 respons\u00e1vel por liderar a equipe, acompanhar o desempenho dos colaboradores, garantir que as metas sejam alcan\u00e7adas e que o atendimento ao cliente seja de qualidade. A fun\u00e7\u00e3o requer habilidades de lideran\u00e7a e experi\u00eancia pr\u00e9via em gest\u00e3o de pessoas.<\/p>\n\n\n\n<h3 class=\"wp-block-heading\">Auxiliar de Limpeza<\/h3>\n\n\n\n<p>Outra vaga importante \u00e9 a de auxiliar de limpeza, que tem como responsabilidade manter a loja limpa e organizada, garantindo um ambiente agrad\u00e1vel para os clientes e para os demais colaboradores. Esse papel \u00e9 essencial para o bom funcionamento da loja e para proporcionar uma boa experi\u00eancia de compra.<\/p>\n\n\n\n<h3 class=\"wp-block-heading\">Analista de Recursos Humanos<\/h3>\n\n\n\n<p>Para a \u00e1rea administrativa, as Lojas Torra tamb\u00e9m est\u00e3o contratando analistas de recursos humanos. Este profissional ser\u00e1 respons\u00e1vel pelo recrutamento e sele\u00e7\u00e3o de novos colaboradores, al\u00e9m de outras atividades ligadas \u00e0 gest\u00e3o de pessoas. Habilidades em comunica\u00e7\u00e3o, organiza\u00e7\u00e3o e experi\u00eancia na \u00e1rea s\u00e3o requisitos importantes para essa fun\u00e7\u00e3o.<\/p>\n\n\n\n<h3 class=\"wp-block-heading\">Vendedor Digital<\/h3>\n\n\n\n<p>Com o crescimento das vendas online, as Lojas Torra tamb\u00e9m est\u00e3o expandindo sua equipe digital. O vendedor digital \u00e9 respons\u00e1vel por atender clientes atrav\u00e9s dos canais online, como chat e redes sociais, auxiliando no processo de compra e esclarecendo d\u00favidas. \u00c9 uma oportunidade para quem tem afinidade com tecnologia e gosta de vendas.<\/p>\n\n\n\n<h2 class=\"wp-block-heading\">Como se candidatar?<\/h2>\n\n\n\n<p>Se voc\u00ea ficou interessado em alguma dessas oportunidades e quer se candidatar para trabalhar nas Lojas Torra, o processo \u00e9 simples e pode ser feito inteiramente online. A empresa utiliza a plataforma Gupy para a sele\u00e7\u00e3o de candidatos, o que facilita a busca pelas vagas e o envio do curr\u00edculo. Confira abaixo como fazer:<\/p>\n\n\n\n<ul class=\"wp-block-list\">\n<li>Copie e cole o endere\u00e7o <strong>https:\/\/lojastorra.gupy.io<\/strong> em seu navegador;<\/li>\n\n\n\n<li>Acesse a p\u00e1gina e encontre uma oportunidade que combine com seu perfil;<\/li>\n\n\n\n<li>Clique na vaga desejada para obter mais detalhes e, se atender aos requisitos, clique em \u201cCandidatar-se para a vaga\u201d;<\/li>\n\n\n\n<li>Preencha o formul\u00e1rio com seus dados pessoais e envie seu curr\u00edculo.<\/li>\n<\/ul>\n\n\n\n<p>Al\u00e9m disso, \u00e9 importante manter seu perfil atualizado e dedicar um tempo para preencher todas as informa\u00e7\u00f5es solicitadas. Isso aumenta suas chances de ser chamado para uma entrevista e demonstra seu interesse pela vaga.<\/p>\n\n\n\n<p>As Lojas Torra est\u00e3o \u00e0 procura de pessoas din\u00e2micas, motivadas e que estejam dispostas a crescer junto com a empresa. As oportunidades abrangem desde cargos operacionais at\u00e9 fun\u00e7\u00f5es de lideran\u00e7a e \u00e1reas administrativas, o que significa que h\u00e1 espa\u00e7o para profissionais de diferentes perfis e forma\u00e7\u00f5es.<\/p>\n\n\n\n<h2 class=\"wp-block-heading\">Uma oportunidade para voc\u00ea crescer junto com as Lojas Torra<\/h2>\n\n\n\n<p>Trabalhar nas Lojas Torra \u00e9 uma oportunidade para quem busca estabilidade, desenvolvimento profissional e a chance de fazer parte de uma empresa que valoriza seus colaboradores. Com um ambiente de trabalho din\u00e2mico e repleto de desafios, as vagas oferecidas permitem que os profissionais aprendam e se desenvolvam, sempre contando com apoio e incentivo para crescer na carreira.<\/p>\n\n\n\n<p><strong>Veja tamb\u00e9m: <a href=\"https:\/\/www.vagadeempregorj.com.br\/fr\/piracanjuba-tem-59-vagas-de-emprego-abertas-em-todo-o-pais\/\">Piracanjuba tem 59 vagas de emprego abertas em todo o pa\u00eds<\/a><\/strong><\/p>\n\n\n\n<p>2 de dezembro de 2024<\/p>","protected":false},"excerpt":{"rendered":"<p>As Lojas Torra, uma das redes de varejo mais conhecidas do Brasil, acabam de anunciar uma excelente not\u00edcia para quem est\u00e1 em busca de uma oportunidade no mercado de trabalho. Com a amplia\u00e7\u00e3o de suas opera\u00e7\u00f5es e planos de crescimento, a empresa abriu 700 novas vagas de emprego distribu\u00eddas por diversas regi\u00f5es do pa\u00eds. Esta&hellip;&nbsp;<\/p>","protected":false},"author":16,"featured_media":41339,"comment_status":"closed","ping_status":"closed","sticky":false,"template":"","format":"standard","meta":{"neve_meta_sidebar":"","neve_meta_container":"","neve_meta_enable_content_width":"","neve_meta_content_width":0,"neve_meta_title_alignment":"","neve_meta_author_avatar":"","neve_post_elements_order":"","neve_meta_disable_header":"","neve_meta_disable_footer":"","neve_meta_disable_title":"","footnotes":""},"categories":[123],"tags":[],"class_list":["post-41319","post","type-post","status-publish","format-standard","has-post-thumbnail","hentry","category-vagas-de-emprego-nacionais"],"yoast_head":"<!-- This site is optimized with the Yoast SEO plugin v27.5 - https:\/\/yoast.com\/product\/yoast-seo-wordpress\/ -->\n<title>Lojas Torra: 700 novas vagas de emprego pelo pa\u00eds -<\/title>\n<meta name=\"description\" content=\"Veja em Vagas de Emprego RJ as vagas de emprego com e sem experi\u00eancia no seu Estado e Regi\u00e3o!\" \/>\n<meta name=\"robots\" content=\"index, follow, max-snippet:-1, max-image-preview:large, max-video-preview:-1\" \/>\n<link rel=\"canonical\" href=\"https:\/\/www.vagadeempregorj.com.br\/fr\/lojas-torra-700-novas-vagas-de-emprego-pelo-pais\/\" \/>\n<meta property=\"og:locale\" content=\"fr_FR\" \/>\n<meta property=\"og:type\" content=\"article\" \/>\n<meta property=\"og:title\" content=\"Lojas Torra: 700 novas vagas de emprego pelo pa\u00eds -\" \/>\n<meta property=\"og:description\" content=\"Veja em Vagas de Emprego RJ as vagas de emprego com e sem experi\u00eancia no seu Estado e Regi\u00e3o!\" \/>\n<meta property=\"og:url\" content=\"https:\/\/www.vagadeempregorj.com.br\/fr\/lojas-torra-700-novas-vagas-de-emprego-pelo-pais\/\" \/>\n<meta property=\"article:publisher\" content=\"https:\/\/www.facebook.com\/empregobrasiloficial\" \/>\n<meta property=\"article:published_time\" content=\"2024-12-02T09:00:00+00:00\" \/>\n<meta property=\"og:image\" content=\"https:\/\/www.vagadeempregorj.com.br\/wp-content\/uploads\/2024\/11\/image-27.png\" \/>\n\t<meta property=\"og:image:width\" content=\"800\" \/>\n\t<meta property=\"og:image:height\" content=\"500\" \/>\n\t<meta property=\"og:image:type\" content=\"image\/png\" \/>\n<meta name=\"author\" content=\"Michele\" \/>\n<meta name=\"twitter:card\" content=\"summary_large_image\" \/>\n<meta name=\"twitter:label1\" content=\"\u00c9crit par\" \/>\n\t<meta name=\"twitter:data1\" content=\"Michele\" \/>\n\t<meta name=\"twitter:label2\" content=\"Dur\u00e9e de lecture estim\u00e9e\" \/>\n\t<meta name=\"twitter:data2\" content=\"5 minutes\" \/>\n<script type=\"application\/ld+json\" class=\"yoast-schema-graph\">{\"@context\":\"https:\\\/\\\/schema.org\",\"@graph\":[{\"@type\":\"Article\",\"@id\":\"https:\\\/\\\/www.vagadeempregorj.com.br\\\/lojas-torra-700-novas-vagas-de-emprego-pelo-pais\\\/#article\",\"isPartOf\":{\"@id\":\"https:\\\/\\\/www.vagadeempregorj.com.br\\\/lojas-torra-700-novas-vagas-de-emprego-pelo-pais\\\/\"},\"author\":{\"name\":\"Michele\",\"@id\":\"https:\\\/\\\/www.vagadeempregorj.com.br\\\/#\\\/schema\\\/person\\\/3ddb19fa0539706786e502152f3aae95\"},\"headline\":\"Lojas Torra: 700 novas vagas de emprego pelo pa\u00eds\",\"datePublished\":\"2024-12-02T09:00:00+00:00\",\"mainEntityOfPage\":{\"@id\":\"https:\\\/\\\/www.vagadeempregorj.com.br\\\/lojas-torra-700-novas-vagas-de-emprego-pelo-pais\\\/\"},\"wordCount\":942,\"image\":{\"@id\":\"https:\\\/\\\/www.vagadeempregorj.com.br\\\/lojas-torra-700-novas-vagas-de-emprego-pelo-pais\\\/#primaryimage\"},\"thumbnailUrl\":\"https:\\\/\\\/www.vagadeempregorj.com.br\\\/wp-content\\\/uploads\\\/2024\\\/11\\\/image-27.png\",\"articleSection\":[\"Vagas de Emprego Nacionais\"],\"inLanguage\":\"fr-FR\"},{\"@type\":\"WebPage\",\"@id\":\"https:\\\/\\\/www.vagadeempregorj.com.br\\\/lojas-torra-700-novas-vagas-de-emprego-pelo-pais\\\/\",\"url\":\"https:\\\/\\\/www.vagadeempregorj.com.br\\\/lojas-torra-700-novas-vagas-de-emprego-pelo-pais\\\/\",\"name\":\"Lojas Torra: 700 novas vagas de emprego pelo pa\u00eds -\",\"isPartOf\":{\"@id\":\"https:\\\/\\\/www.vagadeempregorj.com.br\\\/#website\"},\"primaryImageOfPage\":{\"@id\":\"https:\\\/\\\/www.vagadeempregorj.com.br\\\/lojas-torra-700-novas-vagas-de-emprego-pelo-pais\\\/#primaryimage\"},\"image\":{\"@id\":\"https:\\\/\\\/www.vagadeempregorj.com.br\\\/lojas-torra-700-novas-vagas-de-emprego-pelo-pais\\\/#primaryimage\"},\"thumbnailUrl\":\"https:\\\/\\\/www.vagadeempregorj.com.br\\\/wp-content\\\/uploads\\\/2024\\\/11\\\/image-27.png\",\"datePublished\":\"2024-12-02T09:00:00+00:00\",\"author\":{\"@id\":\"https:\\\/\\\/www.vagadeempregorj.com.br\\\/#\\\/schema\\\/person\\\/3ddb19fa0539706786e502152f3aae95\"},\"description\":\"Veja em Vagas de Emprego RJ as vagas de emprego com e sem experi\u00eancia no seu Estado e Regi\u00e3o!\",\"breadcrumb\":{\"@id\":\"https:\\\/\\\/www.vagadeempregorj.com.br\\\/lojas-torra-700-novas-vagas-de-emprego-pelo-pais\\\/#breadcrumb\"},\"inLanguage\":\"fr-FR\",\"potentialAction\":[{\"@type\":\"ReadAction\",\"target\":[\"https:\\\/\\\/www.vagadeempregorj.com.br\\\/lojas-torra-700-novas-vagas-de-emprego-pelo-pais\\\/\"]}]},{\"@type\":\"ImageObject\",\"inLanguage\":\"fr-FR\",\"@id\":\"https:\\\/\\\/www.vagadeempregorj.com.br\\\/lojas-torra-700-novas-vagas-de-emprego-pelo-pais\\\/#primaryimage\",\"url\":\"https:\\\/\\\/www.vagadeempregorj.com.br\\\/wp-content\\\/uploads\\\/2024\\\/11\\\/image-27.png\",\"contentUrl\":\"https:\\\/\\\/www.vagadeempregorj.com.br\\\/wp-content\\\/uploads\\\/2024\\\/11\\\/image-27.png\",\"width\":800,\"height\":500},{\"@type\":\"BreadcrumbList\",\"@id\":\"https:\\\/\\\/www.vagadeempregorj.com.br\\\/lojas-torra-700-novas-vagas-de-emprego-pelo-pais\\\/#breadcrumb\",\"itemListElement\":[{\"@type\":\"ListItem\",\"position\":1,\"name\":\"In\u00edcio\",\"item\":\"https:\\\/\\\/www.vagadeempregorj.com.br\\\/\"},{\"@type\":\"ListItem\",\"position\":2,\"name\":\"Vagas de Emprego Nacionais\",\"item\":\"https:\\\/\\\/www.vagadeempregorj.com.br\\\/vagas-de-emprego-nacionais\\\/\"},{\"@type\":\"ListItem\",\"position\":3,\"name\":\"Lojas Torra: 700 novas vagas de emprego pelo pa\u00eds\"}]},{\"@type\":\"WebSite\",\"@id\":\"https:\\\/\\\/www.vagadeempregorj.com.br\\\/#website\",\"url\":\"https:\\\/\\\/www.vagadeempregorj.com.br\\\/\",\"name\":\"\",\"description\":\"Conquiste Sonhos: Vagas, Benef\u00edcios e Economia para Transformar Vidas e Alcan\u00e7ar Melhorias Cotidianas\",\"potentialAction\":[{\"@type\":\"SearchAction\",\"target\":{\"@type\":\"EntryPoint\",\"urlTemplate\":\"https:\\\/\\\/www.vagadeempregorj.com.br\\\/?s={search_term_string}\"},\"query-input\":{\"@type\":\"PropertyValueSpecification\",\"valueRequired\":true,\"valueName\":\"search_term_string\"}}],\"inLanguage\":\"fr-FR\"},{\"@type\":\"Person\",\"@id\":\"https:\\\/\\\/www.vagadeempregorj.com.br\\\/#\\\/schema\\\/person\\\/3ddb19fa0539706786e502152f3aae95\",\"name\":\"Michele\",\"image\":{\"@type\":\"ImageObject\",\"inLanguage\":\"fr-FR\",\"@id\":\"https:\\\/\\\/secure.gravatar.com\\\/avatar\\\/6b0eb9d22841282815e2cd856a0061c45e1761cd54b22e952d98c4746939aa85?s=96&r=g\",\"url\":\"https:\\\/\\\/secure.gravatar.com\\\/avatar\\\/6b0eb9d22841282815e2cd856a0061c45e1761cd54b22e952d98c4746939aa85?s=96&r=g\",\"contentUrl\":\"https:\\\/\\\/secure.gravatar.com\\\/avatar\\\/6b0eb9d22841282815e2cd856a0061c45e1761cd54b22e952d98c4746939aa85?s=96&r=g\",\"caption\":\"Michele\"},\"description\":\"Formada em Letras - Portugu\u00eas\\\/ Ingl\u00eas, e idealizadora do site Escritora de Sucesso, busca expandir o conhecimento de todos com informa\u00e7\u00f5es relevantes sobre diversos assuntos, enquanto redatora. No Vaga de Emprego RJ, traz oportunidades e dicas sobre o mercado de trabalho.\",\"url\":\"https:\\\/\\\/www.vagadeempregorj.com.br\\\/fr\\\/author\\\/michele\\\/\"}]}<\/script>\n<!-- \/ Yoast SEO plugin. -->","yoast_head_json":{"title":"Lojas Torra: 700 novas vagas de emprego pelo pa\u00eds -","description":"Veja em Vagas de Emprego RJ as vagas de emprego com e sem experi\u00eancia no seu Estado e Regi\u00e3o!","robots":{"index":"index","follow":"follow","max-snippet":"max-snippet:-1","max-image-preview":"max-image-preview:large","max-video-preview":"max-video-preview:-1"},"canonical":"https:\/\/www.vagadeempregorj.com.br\/fr\/lojas-torra-700-novas-vagas-de-emprego-pelo-pais\/","og_locale":"fr_FR","og_type":"article","og_title":"Lojas Torra: 700 novas vagas de emprego pelo pa\u00eds -","og_description":"Veja em Vagas de Emprego RJ as vagas de emprego com e sem experi\u00eancia no seu Estado e Regi\u00e3o!","og_url":"https:\/\/www.vagadeempregorj.com.br\/fr\/lojas-torra-700-novas-vagas-de-emprego-pelo-pais\/","article_publisher":"https:\/\/www.facebook.com\/empregobrasiloficial","article_published_time":"2024-12-02T09:00:00+00:00","og_image":[{"width":800,"height":500,"url":"https:\/\/www.vagadeempregorj.com.br\/wp-content\/uploads\/2024\/11\/image-27.png","type":"image\/png"}],"author":"Michele","twitter_card":"summary_large_image","twitter_misc":{"\u00c9crit par":"Michele","Dur\u00e9e de lecture estim\u00e9e":"5 minutes"},"schema":{"@context":"https:\/\/schema.org","@graph":[{"@type":"Article","@id":"https:\/\/www.vagadeempregorj.com.br\/lojas-torra-700-novas-vagas-de-emprego-pelo-pais\/#article","isPartOf":{"@id":"https:\/\/www.vagadeempregorj.com.br\/lojas-torra-700-novas-vagas-de-emprego-pelo-pais\/"},"author":{"name":"Michele","@id":"https:\/\/www.vagadeempregorj.com.br\/#\/schema\/person\/3ddb19fa0539706786e502152f3aae95"},"headline":"Lojas Torra: 700 novas vagas de emprego pelo pa\u00eds","datePublished":"2024-12-02T09:00:00+00:00","mainEntityOfPage":{"@id":"https:\/\/www.vagadeempregorj.com.br\/lojas-torra-700-novas-vagas-de-emprego-pelo-pais\/"},"wordCount":942,"image":{"@id":"https:\/\/www.vagadeempregorj.com.br\/lojas-torra-700-novas-vagas-de-emprego-pelo-pais\/#primaryimage"},"thumbnailUrl":"https:\/\/www.vagadeempregorj.com.br\/wp-content\/uploads\/2024\/11\/image-27.png","articleSection":["Vagas de Emprego Nacionais"],"inLanguage":"fr-FR"},{"@type":"WebPage","@id":"https:\/\/www.vagadeempregorj.com.br\/lojas-torra-700-novas-vagas-de-emprego-pelo-pais\/","url":"https:\/\/www.vagadeempregorj.com.br\/lojas-torra-700-novas-vagas-de-emprego-pelo-pais\/","name":"Lojas Torra: 700 novas vagas de emprego pelo pa\u00eds -","isPartOf":{"@id":"https:\/\/www.vagadeempregorj.com.br\/#website"},"primaryImageOfPage":{"@id":"https:\/\/www.vagadeempregorj.com.br\/lojas-torra-700-novas-vagas-de-emprego-pelo-pais\/#primaryimage"},"image":{"@id":"https:\/\/www.vagadeempregorj.com.br\/lojas-torra-700-novas-vagas-de-emprego-pelo-pais\/#primaryimage"},"thumbnailUrl":"https:\/\/www.vagadeempregorj.com.br\/wp-content\/uploads\/2024\/11\/image-27.png","datePublished":"2024-12-02T09:00:00+00:00","author":{"@id":"https:\/\/www.vagadeempregorj.com.br\/#\/schema\/person\/3ddb19fa0539706786e502152f3aae95"},"description":"Veja em Vagas de Emprego RJ as vagas de emprego com e sem experi\u00eancia no seu Estado e Regi\u00e3o!","breadcrumb":{"@id":"https:\/\/www.vagadeempregorj.com.br\/lojas-torra-700-novas-vagas-de-emprego-pelo-pais\/#breadcrumb"},"inLanguage":"fr-FR","potentialAction":[{"@type":"ReadAction","target":["https:\/\/www.vagadeempregorj.com.br\/lojas-torra-700-novas-vagas-de-emprego-pelo-pais\/"]}]},{"@type":"ImageObject","inLanguage":"fr-FR","@id":"https:\/\/www.vagadeempregorj.com.br\/lojas-torra-700-novas-vagas-de-emprego-pelo-pais\/#primaryimage","url":"https:\/\/www.vagadeempregorj.com.br\/wp-content\/uploads\/2024\/11\/image-27.png","contentUrl":"https:\/\/www.vagadeempregorj.com.br\/wp-content\/uploads\/2024\/11\/image-27.png","width":800,"height":500},{"@type":"BreadcrumbList","@id":"https:\/\/www.vagadeempregorj.com.br\/lojas-torra-700-novas-vagas-de-emprego-pelo-pais\/#breadcrumb","itemListElement":[{"@type":"ListItem","position":1,"name":"In\u00edcio","item":"https:\/\/www.vagadeempregorj.com.br\/"},{"@type":"ListItem","position":2,"name":"Vagas de Emprego Nacionais","item":"https:\/\/www.vagadeempregorj.com.br\/vagas-de-emprego-nacionais\/"},{"@type":"ListItem","position":3,"name":"Lojas Torra: 700 novas vagas de emprego pelo pa\u00eds"}]},{"@type":"WebSite","@id":"https:\/\/www.vagadeempregorj.com.br\/#website","url":"https:\/\/www.vagadeempregorj.com.br\/","name":"","description":"Conquiste Sonhos: Vagas, Benef\u00edcios e Economia para Transformar Vidas e Alcan\u00e7ar Melhorias Cotidianas","potentialAction":[{"@type":"SearchAction","target":{"@type":"EntryPoint","urlTemplate":"https:\/\/www.vagadeempregorj.com.br\/?s={search_term_string}"},"query-input":{"@type":"PropertyValueSpecification","valueRequired":true,"valueName":"search_term_string"}}],"inLanguage":"fr-FR"},{"@type":"Person","@id":"https:\/\/www.vagadeempregorj.com.br\/#\/schema\/person\/3ddb19fa0539706786e502152f3aae95","name":"Michele","image":{"@type":"ImageObject","inLanguage":"fr-FR","@id":"https:\/\/secure.gravatar.com\/avatar\/6b0eb9d22841282815e2cd856a0061c45e1761cd54b22e952d98c4746939aa85?s=96&r=g","url":"https:\/\/secure.gravatar.com\/avatar\/6b0eb9d22841282815e2cd856a0061c45e1761cd54b22e952d98c4746939aa85?s=96&r=g","contentUrl":"https:\/\/secure.gravatar.com\/avatar\/6b0eb9d22841282815e2cd856a0061c45e1761cd54b22e952d98c4746939aa85?s=96&r=g","caption":"Michele"},"description":"Formada em Letras - Portugu\u00eas\/ Ingl\u00eas, e idealizadora do site Escritora de Sucesso, busca expandir o conhecimento de todos com informa\u00e7\u00f5es relevantes sobre diversos assuntos, enquanto redatora. No Vaga de Emprego RJ, traz oportunidades e dicas sobre o mercado de trabalho.","url":"https:\/\/www.vagadeempregorj.com.br\/fr\/author\/michele\/"}]}},"_links":{"self":[{"href":"https:\/\/www.vagadeempregorj.com.br\/fr\/wp-json\/wp\/v2\/posts\/41319","targetHints":{"allow":["GET"]}}],"collection":[{"href":"https:\/\/www.vagadeempregorj.com.br\/fr\/wp-json\/wp\/v2\/posts"}],"about":[{"href":"https:\/\/www.vagadeempregorj.com.br\/fr\/wp-json\/wp\/v2\/types\/post"}],"author":[{"embeddable":true,"href":"https:\/\/www.vagadeempregorj.com.br\/fr\/wp-json\/wp\/v2\/users\/16"}],"replies":[{"embeddable":true,"href":"https:\/\/www.vagadeempregorj.com.br\/fr\/wp-json\/wp\/v2\/comments?post=41319"}],"version-history":[{"count":0,"href":"https:\/\/www.vagadeempregorj.com.br\/fr\/wp-json\/wp\/v2\/posts\/41319\/revisions"}],"wp:featuredmedia":[{"embeddable":true,"href":"https:\/\/www.vagadeempregorj.com.br\/fr\/wp-json\/wp\/v2\/media\/41339"}],"wp:attachment":[{"href":"https:\/\/www.vagadeempregorj.com.br\/fr\/wp-json\/wp\/v2\/media?parent=41319"}],"wp:term":[{"taxonomy":"category","embeddable":true,"href":"https:\/\/www.vagadeempregorj.com.br\/fr\/wp-json\/wp\/v2\/categories?post=41319"},{"taxonomy":"post_tag","embeddable":true,"href":"https:\/\/www.vagadeempregorj.com.br\/fr\/wp-json\/wp\/v2\/tags?post=41319"}],"curies":[{"name":"wp","href":"https:\/\/api.w.org\/{rel}","templated":true}]}}