{"id":41321,"date":"2024-12-04T06:00:00","date_gmt":"2024-12-04T09:00:00","guid":{"rendered":"https:\/\/www.vagadeempregorj.com.br\/?p=41321"},"modified":"2024-11-22T02:03:48","modified_gmt":"2024-11-22T05:03:48","slug":"copapel-15-novas-vagas-de-emprego-no-sul-do-pais","status":"publish","type":"post","link":"https:\/\/www.vagadeempregorj.com.br\/fr\/copapel-15-novas-vagas-de-emprego-no-sul-do-pais\/","title":{"rendered":"Copapel: 15 novas vagas de emprego no sul do pa\u00eds"},"content":{"rendered":"<p>A <strong>Copapel<\/strong>, uma das maiores empresas de distribui\u00e7\u00e3o de pap\u00e9is e embalagens do Brasil, anunciou a abertura de 15 novas vagas de emprego para a regi\u00e3o sul do pa\u00eds. As oportunidades abrangem diversos setores e n\u00edveis de experi\u00eancia, oferecendo uma excelente chance para quem busca crescimento profissional em uma empresa consolidada no mercado. Com vagas para diferentes \u00e1reas e perfis, a empresa espera atrair talentos que estejam dispostos a contribuir para o crescimento e desenvolvimento da companhia.<\/p>\n\n\n\n<figure class=\"wp-block-image size-full is-resized\"><img loading=\"lazy\" decoding=\"async\" width=\"696\" height=\"510\" src=\"https:\/\/www.vagadeempregorj.com.br\/wp-content\/uploads\/2024\/11\/image-28.png\" alt=\"\" class=\"wp-image-41341\" style=\"width:840px;height:auto\" srcset=\"https:\/\/www.vagadeempregorj.com.br\/wp-content\/uploads\/2024\/11\/image-28.png 696w, https:\/\/www.vagadeempregorj.com.br\/wp-content\/uploads\/2024\/11\/image-28-300x220.png 300w, https:\/\/www.vagadeempregorj.com.br\/wp-content\/uploads\/2024\/11\/image-28-150x110.png 150w\" sizes=\"auto, (max-width: 696px) 100vw, 696px\" \/><\/figure>\n\n\n\n<p>A novidade \u00e9 parte de um esfor\u00e7o da <strong>Copapel <\/strong>em expandir suas opera\u00e7\u00f5es e fortalecer sua equipe no sul do Brasil, onde a empresa possui forte presen\u00e7a. <\/p>\n\n\n\n<h2 class=\"wp-block-heading\">Quais s\u00e3o as oportunidades de carreira na Copapel?<\/h2>\n\n\n\n<p>A Copapel est\u00e1 oferecendo vagas para diversos setores, cada um deles com fun\u00e7\u00f5es espec\u00edficas e \u00e1reas de atua\u00e7\u00e3o que possibilitam o desenvolvimento profissional dos colaboradores. Se voc\u00ea est\u00e1 em busca de uma oportunidade de emprego e deseja fazer parte de uma empresa em crescimento, veja as op\u00e7\u00f5es abaixo:<\/p>\n\n\n\n<h3 class=\"wp-block-heading\">1. Analista de Log\u00edstica<\/h3>\n\n\n\n<p>A vaga de Analista de Log\u00edstica \u00e9 destinada a profissionais que desejam atuar na organiza\u00e7\u00e3o e controle de fluxos log\u00edsticos, garantindo que a distribui\u00e7\u00e3o dos produtos seja eficiente e sem falhas.<\/p>\n\n\n\n<ul class=\"wp-block-list\">\n<li><strong>Responsabilidades<\/strong>: Planejar e coordenar os processos log\u00edsticos, controlar o estoque e monitorar a distribui\u00e7\u00e3o dos produtos.<\/li>\n\n\n\n<li><strong>Requisitos<\/strong>: Experi\u00eancia na \u00e1rea de log\u00edstica e habilidade para resolver problemas rapidamente.<\/li>\n<\/ul>\n\n\n\n<h3 class=\"wp-block-heading\">2. Assistente Comercial<\/h3>\n\n\n\n<p>A posi\u00e7\u00e3o de Assistente Comercial est\u00e1 focada no suporte \u00e0 equipe de vendas, ajudando a organizar processos, realizar atendimento ao cliente e apoiar o fechamento de neg\u00f3cios.<\/p>\n\n\n\n<ul class=\"wp-block-list\">\n<li><strong>Responsabilidades<\/strong>: Atendimento aos clientes, suporte administrativo \u00e0s atividades de vendas e elabora\u00e7\u00e3o de relat\u00f3rios.<\/li>\n\n\n\n<li><strong>Requisitos<\/strong>: Boa comunica\u00e7\u00e3o, organiza\u00e7\u00e3o e experi\u00eancia com vendas ou atendimento.<\/li>\n<\/ul>\n\n\n\n<h3 class=\"wp-block-heading\">3. Supervisor de Produ\u00e7\u00e3o<\/h3>\n\n\n\n<p>O Supervisor de Produ\u00e7\u00e3o \u00e9 respons\u00e1vel por acompanhar as atividades da \u00e1rea de produ\u00e7\u00e3o, garantindo que as metas sejam cumpridas com qualidade e seguran\u00e7a.<\/p>\n\n\n\n<ul class=\"wp-block-list\">\n<li><strong>Responsabilidades<\/strong>: Supervisionar as atividades de produ\u00e7\u00e3o, garantir a qualidade dos produtos e o cumprimento de prazos.<\/li>\n\n\n\n<li><strong>Requisitos<\/strong>: Experi\u00eancia com gest\u00e3o de equipes e conhecimento em processos de produ\u00e7\u00e3o.<\/li>\n<\/ul>\n\n\n\n<h3 class=\"wp-block-heading\">4. Motorista Entregador<\/h3>\n\n\n\n<p>Para quem gosta de estar na estrada, a Copapel tamb\u00e9m tem vagas para Motorista Entregador, que ser\u00e1 respons\u00e1vel por garantir que os produtos cheguem aos clientes de forma segura e no prazo.<\/p>\n\n\n\n<ul class=\"wp-block-list\">\n<li><strong>Responsabilidades<\/strong>: Realizar entregas de produtos para os clientes da regi\u00e3o sul, garantindo a seguran\u00e7a e a pontualidade.<\/li>\n\n\n\n<li><strong>Requisitos<\/strong>: CNH categoria C ou D e experi\u00eancia como motorista entregador.<\/li>\n<\/ul>\n\n\n\n<h3 class=\"wp-block-heading\">5. Analista de Recursos Humanos<\/h3>\n\n\n\n<p>A \u00e1rea de Recursos Humanos tamb\u00e9m conta com oportunidades. O Analista de RH ser\u00e1 respons\u00e1vel por gerenciar processos seletivos, treinamentos e outras demandas relacionadas ao bem-estar dos colaboradores.<\/p>\n\n\n\n<ul class=\"wp-block-list\">\n<li><strong>Responsabilidades<\/strong>: Conduzir processos de recrutamento e sele\u00e7\u00e3o, gerenciar treinamentos e desenvolvimento de pessoal.<\/li>\n\n\n\n<li><strong>Requisitos<\/strong>: Experi\u00eancia com recrutamento e sele\u00e7\u00e3o e habilidades de comunica\u00e7\u00e3o.<\/li>\n<\/ul>\n\n\n\n<h3 class=\"wp-block-heading\">6. Auxiliar Administrativo<\/h3>\n\n\n\n<p>Para quem est\u00e1 em busca de uma vaga que exige organiza\u00e7\u00e3o e proatividade, a vaga de Auxiliar Administrativo pode ser ideal.<\/p>\n\n\n\n<ul class=\"wp-block-list\">\n<li><strong>Responsabilidades<\/strong>: Apoio administrativo \u00e0s \u00e1reas de vendas e log\u00edstica, atendimento telef\u00f4nico e controle de documentos.<\/li>\n\n\n\n<li><strong>Requisitos<\/strong>: Boa comunica\u00e7\u00e3o, habilidades de organiza\u00e7\u00e3o e experi\u00eancia na \u00e1rea administrativa.<\/li>\n<\/ul>\n\n\n\n<p>Essas s\u00e3o apenas algumas das vagas abertas na Copapel, e a empresa espera encontrar profissionais comprometidos, proativos e que desejem se desenvolver dentro da companhia.<\/p>\n\n\n\n<h2 class=\"wp-block-heading\">Como se candidatar?<\/h2>\n\n\n\n<p>Se voc\u00ea se identificou com alguma das vagas abertas pela Copapel e deseja se candidatar, o processo \u00e9 bastante simples e pode ser feito online. Veja o passo a passo para se inscrever em uma das oportunidades oferecidas:<\/p>\n\n\n\n<ul class=\"wp-block-list\">\n<li>Copie e cole o endere\u00e7o<strong> https:\/\/copapel.gupy.io\/ <\/strong>em seu navegador.<\/li>\n\n\n\n<li>Acesse a p\u00e1gina e encontre uma oportunidade que combine com o seu perfil.<\/li>\n\n\n\n<li>Clique na vaga desejada para obter mais informa\u00e7\u00f5es sobre os requisitos e responsabilidades.<\/li>\n\n\n\n<li>Ap\u00f3s ler todos os detalhes, clique em \u201cCandidatar-se para a vaga\u201d.<\/li>\n\n\n\n<li>Preencha o formul\u00e1rio de candidatura com seus dados pessoais e profissionais.<\/li>\n\n\n\n<li>Anexe seu curr\u00edculo atualizado e uma carta de apresenta\u00e7\u00e3o, caso queira.<\/li>\n\n\n\n<li>Finalize a candidatura e aguarde o retorno da equipe de recrutamento.<\/li>\n<\/ul>\n\n\n\n<p>\u00c9 importante lembrar que, antes de se candidatar, voc\u00ea deve ter um curr\u00edculo atualizado, destacando suas experi\u00eancias mais relevantes e suas compet\u00eancias. Assim, voc\u00ea aumenta suas chances de ser selecionado para uma entrevista.<\/p>\n\n\n\n<p>A Copapel est\u00e1 investindo em pessoas que querem crescer junto com a empresa e contribuir para o desenvolvimento de uma distribui\u00e7\u00e3o eficiente e de qualidade. Se voc\u00ea tem interesse em fazer parte de uma empresa com um ambiente de trabalho colaborativo e din\u00e2mico, esta pode ser a oportunidade que voc\u00ea estava esperando!<\/p>\n\n\n\n<h2 class=\"wp-block-heading\">Por que trabalhar na Copapel?<\/h2>\n\n\n\n<p><strong>Trabalhar na Copapel<\/strong> \u00e9 uma chance de integrar uma empresa que preza pelo desenvolvimento dos colaboradores e pelo crescimento profissional de cada um. A companhia oferece um ambiente de trabalho din\u00e2mico, onde os colaboradores s\u00e3o valorizados e incentivados a contribu\u00edrem com novas ideias e solu\u00e7\u00f5es.<\/p>\n\n\n\n<p><strong>Veja tamb\u00e9m: <a href=\"https:\/\/www.vagadeempregorj.com.br\/fr\/piracanjuba-tem-59-vagas-de-emprego-abertas-em-todo-o-pais\/\">Piracanjuba tem 59 vagas de emprego abertas em todo o pa\u00eds<\/a><\/strong><\/p>\n\n\n\n<p>4 de dezembro de 2024<\/p>","protected":false},"excerpt":{"rendered":"<p>A Copapel, uma das maiores empresas de distribui\u00e7\u00e3o de pap\u00e9is e embalagens do Brasil, anunciou a abertura de 15 novas vagas de emprego para a regi\u00e3o sul do pa\u00eds. As oportunidades abrangem diversos setores e n\u00edveis de experi\u00eancia, oferecendo uma excelente chance para quem busca crescimento profissional em uma empresa consolidada no mercado. Com vagas&hellip;&nbsp;<\/p>","protected":false},"author":16,"featured_media":41341,"comment_status":"closed","ping_status":"closed","sticky":false,"template":"","format":"standard","meta":{"neve_meta_sidebar":"","neve_meta_container":"","neve_meta_enable_content_width":"","neve_meta_content_width":0,"neve_meta_title_alignment":"","neve_meta_author_avatar":"","neve_post_elements_order":"","neve_meta_disable_header":"","neve_meta_disable_footer":"","neve_meta_disable_title":"","footnotes":""},"categories":[123],"tags":[],"class_list":["post-41321","post","type-post","status-publish","format-standard","has-post-thumbnail","hentry","category-vagas-de-emprego-nacionais"],"yoast_head":"<!-- This site is optimized with the Yoast SEO plugin v27.5 - https:\/\/yoast.com\/product\/yoast-seo-wordpress\/ -->\n<title>Copapel: 15 novas vagas de emprego no sul do pa\u00eds -<\/title>\n<meta name=\"description\" content=\"Veja em Vagas de Emprego RJ as vagas de emprego com e sem experi\u00eancia no seu Estado e Regi\u00e3o!\" \/>\n<meta name=\"robots\" content=\"index, follow, max-snippet:-1, max-image-preview:large, max-video-preview:-1\" \/>\n<link rel=\"canonical\" href=\"https:\/\/www.vagadeempregorj.com.br\/fr\/copapel-15-novas-vagas-de-emprego-no-sul-do-pais\/\" \/>\n<meta property=\"og:locale\" content=\"fr_FR\" \/>\n<meta property=\"og:type\" content=\"article\" \/>\n<meta property=\"og:title\" content=\"Copapel: 15 novas vagas de emprego no sul do pa\u00eds -\" \/>\n<meta property=\"og:description\" content=\"Veja em Vagas de Emprego RJ as vagas de emprego com e sem experi\u00eancia no seu Estado e Regi\u00e3o!\" \/>\n<meta property=\"og:url\" content=\"https:\/\/www.vagadeempregorj.com.br\/fr\/copapel-15-novas-vagas-de-emprego-no-sul-do-pais\/\" \/>\n<meta property=\"article:publisher\" content=\"https:\/\/www.facebook.com\/empregobrasiloficial\" \/>\n<meta property=\"article:published_time\" content=\"2024-12-04T09:00:00+00:00\" \/>\n<meta property=\"og:image\" content=\"https:\/\/www.vagadeempregorj.com.br\/wp-content\/uploads\/2024\/11\/image-28.png\" \/>\n\t<meta property=\"og:image:width\" content=\"696\" \/>\n\t<meta property=\"og:image:height\" content=\"510\" \/>\n\t<meta property=\"og:image:type\" content=\"image\/png\" \/>\n<meta name=\"author\" content=\"Michele\" \/>\n<meta name=\"twitter:card\" content=\"summary_large_image\" \/>\n<meta name=\"twitter:label1\" content=\"\u00c9crit par\" \/>\n\t<meta name=\"twitter:data1\" content=\"Michele\" \/>\n\t<meta name=\"twitter:label2\" content=\"Dur\u00e9e de lecture estim\u00e9e\" \/>\n\t<meta name=\"twitter:data2\" content=\"4 minutes\" \/>\n<script type=\"application\/ld+json\" class=\"yoast-schema-graph\">{\"@context\":\"https:\\\/\\\/schema.org\",\"@graph\":[{\"@type\":\"Article\",\"@id\":\"https:\\\/\\\/www.vagadeempregorj.com.br\\\/copapel-15-novas-vagas-de-emprego-no-sul-do-pais\\\/#article\",\"isPartOf\":{\"@id\":\"https:\\\/\\\/www.vagadeempregorj.com.br\\\/copapel-15-novas-vagas-de-emprego-no-sul-do-pais\\\/\"},\"author\":{\"name\":\"Michele\",\"@id\":\"https:\\\/\\\/www.vagadeempregorj.com.br\\\/#\\\/schema\\\/person\\\/3ddb19fa0539706786e502152f3aae95\"},\"headline\":\"Copapel: 15 novas vagas de emprego no sul do pa\u00eds\",\"datePublished\":\"2024-12-04T09:00:00+00:00\",\"mainEntityOfPage\":{\"@id\":\"https:\\\/\\\/www.vagadeempregorj.com.br\\\/copapel-15-novas-vagas-de-emprego-no-sul-do-pais\\\/\"},\"wordCount\":871,\"image\":{\"@id\":\"https:\\\/\\\/www.vagadeempregorj.com.br\\\/copapel-15-novas-vagas-de-emprego-no-sul-do-pais\\\/#primaryimage\"},\"thumbnailUrl\":\"https:\\\/\\\/www.vagadeempregorj.com.br\\\/wp-content\\\/uploads\\\/2024\\\/11\\\/image-28.png\",\"articleSection\":[\"Vagas de Emprego Nacionais\"],\"inLanguage\":\"fr-FR\"},{\"@type\":\"WebPage\",\"@id\":\"https:\\\/\\\/www.vagadeempregorj.com.br\\\/copapel-15-novas-vagas-de-emprego-no-sul-do-pais\\\/\",\"url\":\"https:\\\/\\\/www.vagadeempregorj.com.br\\\/copapel-15-novas-vagas-de-emprego-no-sul-do-pais\\\/\",\"name\":\"Copapel: 15 novas vagas de emprego no sul do pa\u00eds -\",\"isPartOf\":{\"@id\":\"https:\\\/\\\/www.vagadeempregorj.com.br\\\/#website\"},\"primaryImageOfPage\":{\"@id\":\"https:\\\/\\\/www.vagadeempregorj.com.br\\\/copapel-15-novas-vagas-de-emprego-no-sul-do-pais\\\/#primaryimage\"},\"image\":{\"@id\":\"https:\\\/\\\/www.vagadeempregorj.com.br\\\/copapel-15-novas-vagas-de-emprego-no-sul-do-pais\\\/#primaryimage\"},\"thumbnailUrl\":\"https:\\\/\\\/www.vagadeempregorj.com.br\\\/wp-content\\\/uploads\\\/2024\\\/11\\\/image-28.png\",\"datePublished\":\"2024-12-04T09:00:00+00:00\",\"author\":{\"@id\":\"https:\\\/\\\/www.vagadeempregorj.com.br\\\/#\\\/schema\\\/person\\\/3ddb19fa0539706786e502152f3aae95\"},\"description\":\"Veja em Vagas de Emprego RJ as vagas de emprego com e sem experi\u00eancia no seu Estado e Regi\u00e3o!\",\"breadcrumb\":{\"@id\":\"https:\\\/\\\/www.vagadeempregorj.com.br\\\/copapel-15-novas-vagas-de-emprego-no-sul-do-pais\\\/#breadcrumb\"},\"inLanguage\":\"fr-FR\",\"potentialAction\":[{\"@type\":\"ReadAction\",\"target\":[\"https:\\\/\\\/www.vagadeempregorj.com.br\\\/copapel-15-novas-vagas-de-emprego-no-sul-do-pais\\\/\"]}]},{\"@type\":\"ImageObject\",\"inLanguage\":\"fr-FR\",\"@id\":\"https:\\\/\\\/www.vagadeempregorj.com.br\\\/copapel-15-novas-vagas-de-emprego-no-sul-do-pais\\\/#primaryimage\",\"url\":\"https:\\\/\\\/www.vagadeempregorj.com.br\\\/wp-content\\\/uploads\\\/2024\\\/11\\\/image-28.png\",\"contentUrl\":\"https:\\\/\\\/www.vagadeempregorj.com.br\\\/wp-content\\\/uploads\\\/2024\\\/11\\\/image-28.png\",\"width\":696,\"height\":510},{\"@type\":\"BreadcrumbList\",\"@id\":\"https:\\\/\\\/www.vagadeempregorj.com.br\\\/copapel-15-novas-vagas-de-emprego-no-sul-do-pais\\\/#breadcrumb\",\"itemListElement\":[{\"@type\":\"ListItem\",\"position\":1,\"name\":\"In\u00edcio\",\"item\":\"https:\\\/\\\/www.vagadeempregorj.com.br\\\/\"},{\"@type\":\"ListItem\",\"position\":2,\"name\":\"Vagas de Emprego Nacionais\",\"item\":\"https:\\\/\\\/www.vagadeempregorj.com.br\\\/vagas-de-emprego-nacionais\\\/\"},{\"@type\":\"ListItem\",\"position\":3,\"name\":\"Copapel: 15 novas vagas de emprego no sul do pa\u00eds\"}]},{\"@type\":\"WebSite\",\"@id\":\"https:\\\/\\\/www.vagadeempregorj.com.br\\\/#website\",\"url\":\"https:\\\/\\\/www.vagadeempregorj.com.br\\\/\",\"name\":\"\",\"description\":\"Conquiste Sonhos: Vagas, Benef\u00edcios e Economia para Transformar Vidas e Alcan\u00e7ar Melhorias Cotidianas\",\"potentialAction\":[{\"@type\":\"SearchAction\",\"target\":{\"@type\":\"EntryPoint\",\"urlTemplate\":\"https:\\\/\\\/www.vagadeempregorj.com.br\\\/?s={search_term_string}\"},\"query-input\":{\"@type\":\"PropertyValueSpecification\",\"valueRequired\":true,\"valueName\":\"search_term_string\"}}],\"inLanguage\":\"fr-FR\"},{\"@type\":\"Person\",\"@id\":\"https:\\\/\\\/www.vagadeempregorj.com.br\\\/#\\\/schema\\\/person\\\/3ddb19fa0539706786e502152f3aae95\",\"name\":\"Michele\",\"image\":{\"@type\":\"ImageObject\",\"inLanguage\":\"fr-FR\",\"@id\":\"https:\\\/\\\/secure.gravatar.com\\\/avatar\\\/6b0eb9d22841282815e2cd856a0061c45e1761cd54b22e952d98c4746939aa85?s=96&r=g\",\"url\":\"https:\\\/\\\/secure.gravatar.com\\\/avatar\\\/6b0eb9d22841282815e2cd856a0061c45e1761cd54b22e952d98c4746939aa85?s=96&r=g\",\"contentUrl\":\"https:\\\/\\\/secure.gravatar.com\\\/avatar\\\/6b0eb9d22841282815e2cd856a0061c45e1761cd54b22e952d98c4746939aa85?s=96&r=g\",\"caption\":\"Michele\"},\"description\":\"Formada em Letras - Portugu\u00eas\\\/ Ingl\u00eas, e idealizadora do site Escritora de Sucesso, busca expandir o conhecimento de todos com informa\u00e7\u00f5es relevantes sobre diversos assuntos, enquanto redatora. No Vaga de Emprego RJ, traz oportunidades e dicas sobre o mercado de trabalho.\",\"url\":\"https:\\\/\\\/www.vagadeempregorj.com.br\\\/fr\\\/author\\\/michele\\\/\"}]}<\/script>\n<!-- \/ Yoast SEO plugin. -->","yoast_head_json":{"title":"Copapel: 15 novas vagas de emprego no sul do pa\u00eds -","description":"Veja em Vagas de Emprego RJ as vagas de emprego com e sem experi\u00eancia no seu Estado e Regi\u00e3o!","robots":{"index":"index","follow":"follow","max-snippet":"max-snippet:-1","max-image-preview":"max-image-preview:large","max-video-preview":"max-video-preview:-1"},"canonical":"https:\/\/www.vagadeempregorj.com.br\/fr\/copapel-15-novas-vagas-de-emprego-no-sul-do-pais\/","og_locale":"fr_FR","og_type":"article","og_title":"Copapel: 15 novas vagas de emprego no sul do pa\u00eds -","og_description":"Veja em Vagas de Emprego RJ as vagas de emprego com e sem experi\u00eancia no seu Estado e Regi\u00e3o!","og_url":"https:\/\/www.vagadeempregorj.com.br\/fr\/copapel-15-novas-vagas-de-emprego-no-sul-do-pais\/","article_publisher":"https:\/\/www.facebook.com\/empregobrasiloficial","article_published_time":"2024-12-04T09:00:00+00:00","og_image":[{"width":696,"height":510,"url":"https:\/\/www.vagadeempregorj.com.br\/wp-content\/uploads\/2024\/11\/image-28.png","type":"image\/png"}],"author":"Michele","twitter_card":"summary_large_image","twitter_misc":{"\u00c9crit par":"Michele","Dur\u00e9e de lecture estim\u00e9e":"4 minutes"},"schema":{"@context":"https:\/\/schema.org","@graph":[{"@type":"Article","@id":"https:\/\/www.vagadeempregorj.com.br\/copapel-15-novas-vagas-de-emprego-no-sul-do-pais\/#article","isPartOf":{"@id":"https:\/\/www.vagadeempregorj.com.br\/copapel-15-novas-vagas-de-emprego-no-sul-do-pais\/"},"author":{"name":"Michele","@id":"https:\/\/www.vagadeempregorj.com.br\/#\/schema\/person\/3ddb19fa0539706786e502152f3aae95"},"headline":"Copapel: 15 novas vagas de emprego no sul do pa\u00eds","datePublished":"2024-12-04T09:00:00+00:00","mainEntityOfPage":{"@id":"https:\/\/www.vagadeempregorj.com.br\/copapel-15-novas-vagas-de-emprego-no-sul-do-pais\/"},"wordCount":871,"image":{"@id":"https:\/\/www.vagadeempregorj.com.br\/copapel-15-novas-vagas-de-emprego-no-sul-do-pais\/#primaryimage"},"thumbnailUrl":"https:\/\/www.vagadeempregorj.com.br\/wp-content\/uploads\/2024\/11\/image-28.png","articleSection":["Vagas de Emprego Nacionais"],"inLanguage":"fr-FR"},{"@type":"WebPage","@id":"https:\/\/www.vagadeempregorj.com.br\/copapel-15-novas-vagas-de-emprego-no-sul-do-pais\/","url":"https:\/\/www.vagadeempregorj.com.br\/copapel-15-novas-vagas-de-emprego-no-sul-do-pais\/","name":"Copapel: 15 novas vagas de emprego no sul do pa\u00eds -","isPartOf":{"@id":"https:\/\/www.vagadeempregorj.com.br\/#website"},"primaryImageOfPage":{"@id":"https:\/\/www.vagadeempregorj.com.br\/copapel-15-novas-vagas-de-emprego-no-sul-do-pais\/#primaryimage"},"image":{"@id":"https:\/\/www.vagadeempregorj.com.br\/copapel-15-novas-vagas-de-emprego-no-sul-do-pais\/#primaryimage"},"thumbnailUrl":"https:\/\/www.vagadeempregorj.com.br\/wp-content\/uploads\/2024\/11\/image-28.png","datePublished":"2024-12-04T09:00:00+00:00","author":{"@id":"https:\/\/www.vagadeempregorj.com.br\/#\/schema\/person\/3ddb19fa0539706786e502152f3aae95"},"description":"Veja em Vagas de Emprego RJ as vagas de emprego com e sem experi\u00eancia no seu Estado e Regi\u00e3o!","breadcrumb":{"@id":"https:\/\/www.vagadeempregorj.com.br\/copapel-15-novas-vagas-de-emprego-no-sul-do-pais\/#breadcrumb"},"inLanguage":"fr-FR","potentialAction":[{"@type":"ReadAction","target":["https:\/\/www.vagadeempregorj.com.br\/copapel-15-novas-vagas-de-emprego-no-sul-do-pais\/"]}]},{"@type":"ImageObject","inLanguage":"fr-FR","@id":"https:\/\/www.vagadeempregorj.com.br\/copapel-15-novas-vagas-de-emprego-no-sul-do-pais\/#primaryimage","url":"https:\/\/www.vagadeempregorj.com.br\/wp-content\/uploads\/2024\/11\/image-28.png","contentUrl":"https:\/\/www.vagadeempregorj.com.br\/wp-content\/uploads\/2024\/11\/image-28.png","width":696,"height":510},{"@type":"BreadcrumbList","@id":"https:\/\/www.vagadeempregorj.com.br\/copapel-15-novas-vagas-de-emprego-no-sul-do-pais\/#breadcrumb","itemListElement":[{"@type":"ListItem","position":1,"name":"In\u00edcio","item":"https:\/\/www.vagadeempregorj.com.br\/"},{"@type":"ListItem","position":2,"name":"Vagas de Emprego Nacionais","item":"https:\/\/www.vagadeempregorj.com.br\/vagas-de-emprego-nacionais\/"},{"@type":"ListItem","position":3,"name":"Copapel: 15 novas vagas de emprego no sul do pa\u00eds"}]},{"@type":"WebSite","@id":"https:\/\/www.vagadeempregorj.com.br\/#website","url":"https:\/\/www.vagadeempregorj.com.br\/","name":"","description":"Conquiste Sonhos: Vagas, Benef\u00edcios e Economia para Transformar Vidas e Alcan\u00e7ar Melhorias Cotidianas","potentialAction":[{"@type":"SearchAction","target":{"@type":"EntryPoint","urlTemplate":"https:\/\/www.vagadeempregorj.com.br\/?s={search_term_string}"},"query-input":{"@type":"PropertyValueSpecification","valueRequired":true,"valueName":"search_term_string"}}],"inLanguage":"fr-FR"},{"@type":"Person","@id":"https:\/\/www.vagadeempregorj.com.br\/#\/schema\/person\/3ddb19fa0539706786e502152f3aae95","name":"Michele","image":{"@type":"ImageObject","inLanguage":"fr-FR","@id":"https:\/\/secure.gravatar.com\/avatar\/6b0eb9d22841282815e2cd856a0061c45e1761cd54b22e952d98c4746939aa85?s=96&r=g","url":"https:\/\/secure.gravatar.com\/avatar\/6b0eb9d22841282815e2cd856a0061c45e1761cd54b22e952d98c4746939aa85?s=96&r=g","contentUrl":"https:\/\/secure.gravatar.com\/avatar\/6b0eb9d22841282815e2cd856a0061c45e1761cd54b22e952d98c4746939aa85?s=96&r=g","caption":"Michele"},"description":"Formada em Letras - Portugu\u00eas\/ Ingl\u00eas, e idealizadora do site Escritora de Sucesso, busca expandir o conhecimento de todos com informa\u00e7\u00f5es relevantes sobre diversos assuntos, enquanto redatora. No Vaga de Emprego RJ, traz oportunidades e dicas sobre o mercado de trabalho.","url":"https:\/\/www.vagadeempregorj.com.br\/fr\/author\/michele\/"}]}},"_links":{"self":[{"href":"https:\/\/www.vagadeempregorj.com.br\/fr\/wp-json\/wp\/v2\/posts\/41321","targetHints":{"allow":["GET"]}}],"collection":[{"href":"https:\/\/www.vagadeempregorj.com.br\/fr\/wp-json\/wp\/v2\/posts"}],"about":[{"href":"https:\/\/www.vagadeempregorj.com.br\/fr\/wp-json\/wp\/v2\/types\/post"}],"author":[{"embeddable":true,"href":"https:\/\/www.vagadeempregorj.com.br\/fr\/wp-json\/wp\/v2\/users\/16"}],"replies":[{"embeddable":true,"href":"https:\/\/www.vagadeempregorj.com.br\/fr\/wp-json\/wp\/v2\/comments?post=41321"}],"version-history":[{"count":0,"href":"https:\/\/www.vagadeempregorj.com.br\/fr\/wp-json\/wp\/v2\/posts\/41321\/revisions"}],"wp:featuredmedia":[{"embeddable":true,"href":"https:\/\/www.vagadeempregorj.com.br\/fr\/wp-json\/wp\/v2\/media\/41341"}],"wp:attachment":[{"href":"https:\/\/www.vagadeempregorj.com.br\/fr\/wp-json\/wp\/v2\/media?parent=41321"}],"wp:term":[{"taxonomy":"category","embeddable":true,"href":"https:\/\/www.vagadeempregorj.com.br\/fr\/wp-json\/wp\/v2\/categories?post=41321"},{"taxonomy":"post_tag","embeddable":true,"href":"https:\/\/www.vagadeempregorj.com.br\/fr\/wp-json\/wp\/v2\/tags?post=41321"}],"curies":[{"name":"wp","href":"https:\/\/api.w.org\/{rel}","templated":true}]}}