{"id":41325,"date":"2024-12-10T06:00:00","date_gmt":"2024-12-10T09:00:00","guid":{"rendered":"https:\/\/www.vagadeempregorj.com.br\/?p=41325"},"modified":"2024-11-22T02:06:09","modified_gmt":"2024-11-22T05:06:09","slug":"aurora-coop-66-novas-vagas-de-emprego-pelo-pais","status":"publish","type":"post","link":"https:\/\/www.vagadeempregorj.com.br\/fr\/aurora-coop-66-novas-vagas-de-emprego-pelo-pais\/","title":{"rendered":"Aurora Coop: 66 novas vagas de emprego pelo pa\u00eds"},"content":{"rendered":"<p>A <strong>Aurora Coop<\/strong>, uma das maiores cooperativas do setor agroindustrial do Brasil, acaba de anunciar a abertura de 66 novas vagas de emprego distribu\u00eddas por diversas regi\u00f5es do pa\u00eds. Se voc\u00ea est\u00e1 em busca de uma oportunidade em uma empresa s\u00f3lida e comprometida com o desenvolvimento social e econ\u00f4mico, essa pode ser a chance que voc\u00ea estava esperando.<\/p>\n\n\n\n<p>Com um hist\u00f3rico marcado por crescimento e inova\u00e7\u00e3o, a Aurora Coop n\u00e3o s\u00f3 oferece um ambiente de trabalho inclusivo e acolhedor, como tamb\u00e9m investe na forma\u00e7\u00e3o e no bem-estar de seus colaboradores. As novas vagas abrangem \u00e1reas diversas, desde o setor administrativo at\u00e9 o operacional, garantindo boas oportunidades para profissionais de diferentes forma\u00e7\u00f5es e experi\u00eancias.<\/p>\n\n\n\n<figure class=\"wp-block-image size-full is-resized\"><img loading=\"lazy\" decoding=\"async\" width=\"830\" height=\"300\" src=\"https:\/\/www.vagadeempregorj.com.br\/wp-content\/uploads\/2024\/11\/image-31.png\" alt=\"\" class=\"wp-image-41347\" style=\"width:840px;height:auto\" srcset=\"https:\/\/www.vagadeempregorj.com.br\/wp-content\/uploads\/2024\/11\/image-31.png 830w, https:\/\/www.vagadeempregorj.com.br\/wp-content\/uploads\/2024\/11\/image-31-300x108.png 300w, https:\/\/www.vagadeempregorj.com.br\/wp-content\/uploads\/2024\/11\/image-31-768x278.png 768w, https:\/\/www.vagadeempregorj.com.br\/wp-content\/uploads\/2024\/11\/image-31-150x54.png 150w\" sizes=\"auto, (max-width: 830px) 100vw, 830px\" \/><\/figure>\n\n\n\n<p>Se voc\u00ea tem interesse em fazer parte de uma empresa que valoriza seu time e investe no desenvolvimento de seus talentos, continue a leitura para saber mais sobre as oportunidades oferecidas e como se candidatar.<\/p>\n\n\n\n<h2 class=\"wp-block-heading\">Quais s\u00e3o as oportunidades de carreira na Aurora Coop?<\/h2>\n\n\n\n<p>As novas vagas da Aurora Coop abrangem diferentes fun\u00e7\u00f5es e setores, desde atividades no campo at\u00e9 \u00e1reas t\u00e9cnicas e administrativas. Confira abaixo algumas das principais vagas abertas:<\/p>\n\n\n\n<h3 class=\"wp-block-heading\">Analista de Recursos Humanos<\/h3>\n\n\n\n<p>Respons\u00e1vel pelo desenvolvimento e execu\u00e7\u00e3o de estrat\u00e9gias de recrutamento, sele\u00e7\u00e3o, treinamento e desenvolvimento de pessoas. O cargo requer experi\u00eancia na \u00e1rea de RH, habilidades de comunica\u00e7\u00e3o e conhecimentos em legisla\u00e7\u00e3o trabalhista.<\/p>\n\n\n\n<h3 class=\"wp-block-heading\">T\u00e9cnico de Seguran\u00e7a do Trabalho<\/h3>\n\n\n\n<p>O profissional ser\u00e1 respons\u00e1vel pela implementa\u00e7\u00e3o e pelo acompanhamento de pol\u00edticas de seguran\u00e7a e sa\u00fade no ambiente de trabalho, garantindo a preven\u00e7\u00e3o de acidentes e promovendo o bem-estar dos colaboradores. \u00c9 necess\u00e1rio possuir forma\u00e7\u00e3o t\u00e9cnica na \u00e1rea e registro no \u00f3rg\u00e3o competente.<\/p>\n\n\n\n<h3 class=\"wp-block-heading\">Operador de Produ\u00e7\u00e3o<\/h3>\n\n\n\n<p>Atuar\u00e1 diretamente na linha de produ\u00e7\u00e3o, operando m\u00e1quinas e realizando atividades essenciais para a continuidade dos processos industriais da cooperativa. \u00c9 desej\u00e1vel que o candidato tenha experi\u00eancia na ind\u00fastria e disponha de flexibilidade para trabalhar em turnos.<\/p>\n\n\n\n<h3 class=\"wp-block-heading\">Supervisor de Log\u00edstica<\/h3>\n\n\n\n<p>Respons\u00e1vel por supervisionar as opera\u00e7\u00f5es de armazenagem, transporte e distribui\u00e7\u00e3o de produtos, garantindo a efic\u00e1cia e pontualidade das entregas. O cargo exige forma\u00e7\u00e3o em Log\u00edstica ou \u00e1reas afins e experi\u00eancia comprovada em gest\u00e3o de equipes.<\/p>\n\n\n\n<h3 class=\"wp-block-heading\">Assistente Administrativo<\/h3>\n\n\n\n<p>O assistente administrativo atuar\u00e1 prestando suporte \u00e0s rotinas do departamento administrativo, realizando atividades como organiza\u00e7\u00e3o de documentos, atendimento telef\u00f4nico e suporte aos colaboradores. \u00c9 desej\u00e1vel que o candidato possua habilidades em inform\u00e1tica e experi\u00eancia pr\u00e9via em atividades administrativas.<\/p>\n\n\n\n<h3 class=\"wp-block-heading\">Engenheiro de Produ\u00e7\u00e3o<\/h3>\n\n\n\n<p>Respons\u00e1vel pelo acompanhamento e otimiza\u00e7\u00e3o dos processos industriais, buscando aumento de efici\u00eancia e produtividade. Necess\u00e1rio forma\u00e7\u00e3o superior em Engenharia de Produ\u00e7\u00e3o e experi\u00eancia em ind\u00fastrias do setor.<\/p>\n\n\n\n<h3 class=\"wp-block-heading\">Auxiliar de Servi\u00e7os Gerais<\/h3>\n\n\n\n<p>O profissional atuar\u00e1 em diferentes \u00e1reas da unidade, prestando suporte na manuten\u00e7\u00e3o da limpeza e organiza\u00e7\u00e3o dos ambientes. \u00c9 uma excelente oportunidade para quem deseja ingressar no mercado de trabalho ou est\u00e1 em busca de uma recoloca\u00e7\u00e3o.<\/p>\n\n\n\n<h3 class=\"wp-block-heading\">Analista de Qualidade<\/h3>\n\n\n\n<p>Respons\u00e1vel pelo monitoramento dos processos e produtos, garantindo que os padr\u00f5es de qualidade sejam atendidos. Requer experi\u00eancia na \u00e1rea de controle de qualidade e forma\u00e7\u00e3o t\u00e9cnica ou superior em \u00e1reas correlatas.<\/p>\n\n\n\n<p>Com estas oportunidades, a Aurora Coop n\u00e3o apenas busca preencher posi\u00e7\u00f5es-chave para seu crescimento, mas tamb\u00e9m oferece aos candidatos a possibilidade de fazer parte de um ambiente de trabalho que valoriza o colaborador e promove o crescimento pessoal e profissional.<\/p>\n\n\n\n<h2 class=\"wp-block-heading\">Como se candidatar?<\/h2>\n\n\n\n<p>O processo de candidatura para as vagas da Aurora Coop \u00e9 simples e pode ser realizado online, atrav\u00e9s da plataforma Gupy, que facilita o cadastro de curr\u00edculos e a aplica\u00e7\u00e3o para diferentes oportunidades. Confira o passo a passo para se candidatar:<\/p>\n\n\n\n<ul class=\"wp-block-list\">\n<li>Copie e cole o endere\u00e7o <strong>https:\/\/auroracoop.gupy.io<\/strong> em seu navegador;<\/li>\n\n\n\n<li>Acesse a p\u00e1gina e encontre uma oportunidade que combine com suas experi\u00eancias e expectativas;<\/li>\n\n\n\n<li>Clique na vaga desejada e leia atentamente os requisitos e descri\u00e7\u00e3o das atividades;<\/li>\n\n\n\n<li>Caso se encaixe no perfil, clique em &#8220;Candidatar-se para a vaga&#8221;;<\/li>\n\n\n\n<li>Preencha os dados solicitados e anexe seu curr\u00edculo atualizado;<\/li>\n\n\n\n<li>Envie sua candidatura e acompanhe o status do processo atrav\u00e9s da pr\u00f3pria plataforma.<\/li>\n<\/ul>\n\n\n\n<p>A Aurora Coop valoriza a diversidade e incentiva a candidatura de pessoas de todos os perfis, promovendo um ambiente de trabalho inclusivo e aberto \u00e0s diferen\u00e7as. N\u00e3o deixe de aproveitar essa oportunidade de fazer parte de uma empresa que investe no desenvolvimento dos seus colaboradores e contribui de forma significativa para o crescimento do pa\u00eds.<\/p>\n\n\n\n<p><strong>Veja tamb\u00e9m: <a href=\"https:\/\/www.vagadeempregorj.com.br\/fr\/piracanjuba-tem-59-vagas-de-emprego-abertas-em-todo-o-pais\/\">Piracanjuba tem 59 vagas de emprego abertas em todo o pa\u00eds<\/a><\/strong><\/p>\n\n\n\n<p>10 de dezembro de 2024<\/p>","protected":false},"excerpt":{"rendered":"<p>A Aurora Coop, uma das maiores cooperativas do setor agroindustrial do Brasil, acaba de anunciar a abertura de 66 novas vagas de emprego distribu\u00eddas por diversas regi\u00f5es do pa\u00eds. Se voc\u00ea est\u00e1 em busca de uma oportunidade em uma empresa s\u00f3lida e comprometida com o desenvolvimento social e econ\u00f4mico, essa pode ser a chance que&hellip;&nbsp;<\/p>","protected":false},"author":16,"featured_media":41347,"comment_status":"closed","ping_status":"closed","sticky":false,"template":"","format":"standard","meta":{"neve_meta_sidebar":"","neve_meta_container":"","neve_meta_enable_content_width":"","neve_meta_content_width":0,"neve_meta_title_alignment":"","neve_meta_author_avatar":"","neve_post_elements_order":"","neve_meta_disable_header":"","neve_meta_disable_footer":"","neve_meta_disable_title":"","footnotes":""},"categories":[123],"tags":[],"class_list":["post-41325","post","type-post","status-publish","format-standard","has-post-thumbnail","hentry","category-vagas-de-emprego-nacionais"],"yoast_head":"<!-- This site is optimized with the Yoast SEO plugin v27.5 - https:\/\/yoast.com\/product\/yoast-seo-wordpress\/ -->\n<title>Aurora Coop: 66 novas vagas de emprego pelo pa\u00eds -<\/title>\n<meta name=\"description\" content=\"Veja em Vagas de Emprego RJ as vagas de emprego com e sem experi\u00eancia no seu Estado e Regi\u00e3o!\" \/>\n<meta name=\"robots\" content=\"index, follow, max-snippet:-1, max-image-preview:large, max-video-preview:-1\" \/>\n<link rel=\"canonical\" href=\"https:\/\/www.vagadeempregorj.com.br\/fr\/aurora-coop-66-novas-vagas-de-emprego-pelo-pais\/\" \/>\n<meta property=\"og:locale\" content=\"fr_FR\" \/>\n<meta property=\"og:type\" content=\"article\" \/>\n<meta property=\"og:title\" content=\"Aurora Coop: 66 novas vagas de emprego pelo pa\u00eds -\" \/>\n<meta property=\"og:description\" content=\"Veja em Vagas de Emprego RJ as vagas de emprego com e sem experi\u00eancia no seu Estado e Regi\u00e3o!\" \/>\n<meta property=\"og:url\" content=\"https:\/\/www.vagadeempregorj.com.br\/fr\/aurora-coop-66-novas-vagas-de-emprego-pelo-pais\/\" \/>\n<meta property=\"article:publisher\" content=\"https:\/\/www.facebook.com\/empregobrasiloficial\" \/>\n<meta property=\"article:published_time\" content=\"2024-12-10T09:00:00+00:00\" \/>\n<meta property=\"og:image\" content=\"https:\/\/www.vagadeempregorj.com.br\/wp-content\/uploads\/2024\/11\/image-31.png\" \/>\n\t<meta property=\"og:image:width\" content=\"830\" \/>\n\t<meta property=\"og:image:height\" content=\"300\" \/>\n\t<meta property=\"og:image:type\" content=\"image\/png\" \/>\n<meta name=\"author\" content=\"Michele\" \/>\n<meta name=\"twitter:card\" content=\"summary_large_image\" \/>\n<meta name=\"twitter:label1\" content=\"\u00c9crit par\" \/>\n\t<meta name=\"twitter:data1\" content=\"Michele\" \/>\n\t<meta name=\"twitter:label2\" content=\"Dur\u00e9e de lecture estim\u00e9e\" \/>\n\t<meta name=\"twitter:data2\" content=\"4 minutes\" \/>\n<script type=\"application\/ld+json\" class=\"yoast-schema-graph\">{\"@context\":\"https:\\\/\\\/schema.org\",\"@graph\":[{\"@type\":\"Article\",\"@id\":\"https:\\\/\\\/www.vagadeempregorj.com.br\\\/aurora-coop-66-novas-vagas-de-emprego-pelo-pais\\\/#article\",\"isPartOf\":{\"@id\":\"https:\\\/\\\/www.vagadeempregorj.com.br\\\/aurora-coop-66-novas-vagas-de-emprego-pelo-pais\\\/\"},\"author\":{\"name\":\"Michele\",\"@id\":\"https:\\\/\\\/www.vagadeempregorj.com.br\\\/#\\\/schema\\\/person\\\/3ddb19fa0539706786e502152f3aae95\"},\"headline\":\"Aurora Coop: 66 novas vagas de emprego pelo pa\u00eds\",\"datePublished\":\"2024-12-10T09:00:00+00:00\",\"mainEntityOfPage\":{\"@id\":\"https:\\\/\\\/www.vagadeempregorj.com.br\\\/aurora-coop-66-novas-vagas-de-emprego-pelo-pais\\\/\"},\"wordCount\":809,\"image\":{\"@id\":\"https:\\\/\\\/www.vagadeempregorj.com.br\\\/aurora-coop-66-novas-vagas-de-emprego-pelo-pais\\\/#primaryimage\"},\"thumbnailUrl\":\"https:\\\/\\\/www.vagadeempregorj.com.br\\\/wp-content\\\/uploads\\\/2024\\\/11\\\/image-31.png\",\"articleSection\":[\"Vagas de Emprego Nacionais\"],\"inLanguage\":\"fr-FR\"},{\"@type\":\"WebPage\",\"@id\":\"https:\\\/\\\/www.vagadeempregorj.com.br\\\/aurora-coop-66-novas-vagas-de-emprego-pelo-pais\\\/\",\"url\":\"https:\\\/\\\/www.vagadeempregorj.com.br\\\/aurora-coop-66-novas-vagas-de-emprego-pelo-pais\\\/\",\"name\":\"Aurora Coop: 66 novas vagas de emprego pelo pa\u00eds -\",\"isPartOf\":{\"@id\":\"https:\\\/\\\/www.vagadeempregorj.com.br\\\/#website\"},\"primaryImageOfPage\":{\"@id\":\"https:\\\/\\\/www.vagadeempregorj.com.br\\\/aurora-coop-66-novas-vagas-de-emprego-pelo-pais\\\/#primaryimage\"},\"image\":{\"@id\":\"https:\\\/\\\/www.vagadeempregorj.com.br\\\/aurora-coop-66-novas-vagas-de-emprego-pelo-pais\\\/#primaryimage\"},\"thumbnailUrl\":\"https:\\\/\\\/www.vagadeempregorj.com.br\\\/wp-content\\\/uploads\\\/2024\\\/11\\\/image-31.png\",\"datePublished\":\"2024-12-10T09:00:00+00:00\",\"author\":{\"@id\":\"https:\\\/\\\/www.vagadeempregorj.com.br\\\/#\\\/schema\\\/person\\\/3ddb19fa0539706786e502152f3aae95\"},\"description\":\"Veja em Vagas de Emprego RJ as vagas de emprego com e sem experi\u00eancia no seu Estado e Regi\u00e3o!\",\"breadcrumb\":{\"@id\":\"https:\\\/\\\/www.vagadeempregorj.com.br\\\/aurora-coop-66-novas-vagas-de-emprego-pelo-pais\\\/#breadcrumb\"},\"inLanguage\":\"fr-FR\",\"potentialAction\":[{\"@type\":\"ReadAction\",\"target\":[\"https:\\\/\\\/www.vagadeempregorj.com.br\\\/aurora-coop-66-novas-vagas-de-emprego-pelo-pais\\\/\"]}]},{\"@type\":\"ImageObject\",\"inLanguage\":\"fr-FR\",\"@id\":\"https:\\\/\\\/www.vagadeempregorj.com.br\\\/aurora-coop-66-novas-vagas-de-emprego-pelo-pais\\\/#primaryimage\",\"url\":\"https:\\\/\\\/www.vagadeempregorj.com.br\\\/wp-content\\\/uploads\\\/2024\\\/11\\\/image-31.png\",\"contentUrl\":\"https:\\\/\\\/www.vagadeempregorj.com.br\\\/wp-content\\\/uploads\\\/2024\\\/11\\\/image-31.png\",\"width\":830,\"height\":300},{\"@type\":\"BreadcrumbList\",\"@id\":\"https:\\\/\\\/www.vagadeempregorj.com.br\\\/aurora-coop-66-novas-vagas-de-emprego-pelo-pais\\\/#breadcrumb\",\"itemListElement\":[{\"@type\":\"ListItem\",\"position\":1,\"name\":\"In\u00edcio\",\"item\":\"https:\\\/\\\/www.vagadeempregorj.com.br\\\/\"},{\"@type\":\"ListItem\",\"position\":2,\"name\":\"Vagas de Emprego Nacionais\",\"item\":\"https:\\\/\\\/www.vagadeempregorj.com.br\\\/vagas-de-emprego-nacionais\\\/\"},{\"@type\":\"ListItem\",\"position\":3,\"name\":\"Aurora Coop: 66 novas vagas de emprego pelo pa\u00eds\"}]},{\"@type\":\"WebSite\",\"@id\":\"https:\\\/\\\/www.vagadeempregorj.com.br\\\/#website\",\"url\":\"https:\\\/\\\/www.vagadeempregorj.com.br\\\/\",\"name\":\"\",\"description\":\"Conquiste Sonhos: Vagas, Benef\u00edcios e Economia para Transformar Vidas e Alcan\u00e7ar Melhorias Cotidianas\",\"potentialAction\":[{\"@type\":\"SearchAction\",\"target\":{\"@type\":\"EntryPoint\",\"urlTemplate\":\"https:\\\/\\\/www.vagadeempregorj.com.br\\\/?s={search_term_string}\"},\"query-input\":{\"@type\":\"PropertyValueSpecification\",\"valueRequired\":true,\"valueName\":\"search_term_string\"}}],\"inLanguage\":\"fr-FR\"},{\"@type\":\"Person\",\"@id\":\"https:\\\/\\\/www.vagadeempregorj.com.br\\\/#\\\/schema\\\/person\\\/3ddb19fa0539706786e502152f3aae95\",\"name\":\"Michele\",\"image\":{\"@type\":\"ImageObject\",\"inLanguage\":\"fr-FR\",\"@id\":\"https:\\\/\\\/secure.gravatar.com\\\/avatar\\\/6b0eb9d22841282815e2cd856a0061c45e1761cd54b22e952d98c4746939aa85?s=96&r=g\",\"url\":\"https:\\\/\\\/secure.gravatar.com\\\/avatar\\\/6b0eb9d22841282815e2cd856a0061c45e1761cd54b22e952d98c4746939aa85?s=96&r=g\",\"contentUrl\":\"https:\\\/\\\/secure.gravatar.com\\\/avatar\\\/6b0eb9d22841282815e2cd856a0061c45e1761cd54b22e952d98c4746939aa85?s=96&r=g\",\"caption\":\"Michele\"},\"description\":\"Formada em Letras - Portugu\u00eas\\\/ Ingl\u00eas, e idealizadora do site Escritora de Sucesso, busca expandir o conhecimento de todos com informa\u00e7\u00f5es relevantes sobre diversos assuntos, enquanto redatora. No Vaga de Emprego RJ, traz oportunidades e dicas sobre o mercado de trabalho.\",\"url\":\"https:\\\/\\\/www.vagadeempregorj.com.br\\\/fr\\\/author\\\/michele\\\/\"}]}<\/script>\n<!-- \/ Yoast SEO plugin. -->","yoast_head_json":{"title":"Aurora Coop: 66 novas vagas de emprego pelo pa\u00eds -","description":"Veja em Vagas de Emprego RJ as vagas de emprego com e sem experi\u00eancia no seu Estado e Regi\u00e3o!","robots":{"index":"index","follow":"follow","max-snippet":"max-snippet:-1","max-image-preview":"max-image-preview:large","max-video-preview":"max-video-preview:-1"},"canonical":"https:\/\/www.vagadeempregorj.com.br\/fr\/aurora-coop-66-novas-vagas-de-emprego-pelo-pais\/","og_locale":"fr_FR","og_type":"article","og_title":"Aurora Coop: 66 novas vagas de emprego pelo pa\u00eds -","og_description":"Veja em Vagas de Emprego RJ as vagas de emprego com e sem experi\u00eancia no seu Estado e Regi\u00e3o!","og_url":"https:\/\/www.vagadeempregorj.com.br\/fr\/aurora-coop-66-novas-vagas-de-emprego-pelo-pais\/","article_publisher":"https:\/\/www.facebook.com\/empregobrasiloficial","article_published_time":"2024-12-10T09:00:00+00:00","og_image":[{"width":830,"height":300,"url":"https:\/\/www.vagadeempregorj.com.br\/wp-content\/uploads\/2024\/11\/image-31.png","type":"image\/png"}],"author":"Michele","twitter_card":"summary_large_image","twitter_misc":{"\u00c9crit par":"Michele","Dur\u00e9e de lecture estim\u00e9e":"4 minutes"},"schema":{"@context":"https:\/\/schema.org","@graph":[{"@type":"Article","@id":"https:\/\/www.vagadeempregorj.com.br\/aurora-coop-66-novas-vagas-de-emprego-pelo-pais\/#article","isPartOf":{"@id":"https:\/\/www.vagadeempregorj.com.br\/aurora-coop-66-novas-vagas-de-emprego-pelo-pais\/"},"author":{"name":"Michele","@id":"https:\/\/www.vagadeempregorj.com.br\/#\/schema\/person\/3ddb19fa0539706786e502152f3aae95"},"headline":"Aurora Coop: 66 novas vagas de emprego pelo pa\u00eds","datePublished":"2024-12-10T09:00:00+00:00","mainEntityOfPage":{"@id":"https:\/\/www.vagadeempregorj.com.br\/aurora-coop-66-novas-vagas-de-emprego-pelo-pais\/"},"wordCount":809,"image":{"@id":"https:\/\/www.vagadeempregorj.com.br\/aurora-coop-66-novas-vagas-de-emprego-pelo-pais\/#primaryimage"},"thumbnailUrl":"https:\/\/www.vagadeempregorj.com.br\/wp-content\/uploads\/2024\/11\/image-31.png","articleSection":["Vagas de Emprego Nacionais"],"inLanguage":"fr-FR"},{"@type":"WebPage","@id":"https:\/\/www.vagadeempregorj.com.br\/aurora-coop-66-novas-vagas-de-emprego-pelo-pais\/","url":"https:\/\/www.vagadeempregorj.com.br\/aurora-coop-66-novas-vagas-de-emprego-pelo-pais\/","name":"Aurora Coop: 66 novas vagas de emprego pelo pa\u00eds -","isPartOf":{"@id":"https:\/\/www.vagadeempregorj.com.br\/#website"},"primaryImageOfPage":{"@id":"https:\/\/www.vagadeempregorj.com.br\/aurora-coop-66-novas-vagas-de-emprego-pelo-pais\/#primaryimage"},"image":{"@id":"https:\/\/www.vagadeempregorj.com.br\/aurora-coop-66-novas-vagas-de-emprego-pelo-pais\/#primaryimage"},"thumbnailUrl":"https:\/\/www.vagadeempregorj.com.br\/wp-content\/uploads\/2024\/11\/image-31.png","datePublished":"2024-12-10T09:00:00+00:00","author":{"@id":"https:\/\/www.vagadeempregorj.com.br\/#\/schema\/person\/3ddb19fa0539706786e502152f3aae95"},"description":"Veja em Vagas de Emprego RJ as vagas de emprego com e sem experi\u00eancia no seu Estado e Regi\u00e3o!","breadcrumb":{"@id":"https:\/\/www.vagadeempregorj.com.br\/aurora-coop-66-novas-vagas-de-emprego-pelo-pais\/#breadcrumb"},"inLanguage":"fr-FR","potentialAction":[{"@type":"ReadAction","target":["https:\/\/www.vagadeempregorj.com.br\/aurora-coop-66-novas-vagas-de-emprego-pelo-pais\/"]}]},{"@type":"ImageObject","inLanguage":"fr-FR","@id":"https:\/\/www.vagadeempregorj.com.br\/aurora-coop-66-novas-vagas-de-emprego-pelo-pais\/#primaryimage","url":"https:\/\/www.vagadeempregorj.com.br\/wp-content\/uploads\/2024\/11\/image-31.png","contentUrl":"https:\/\/www.vagadeempregorj.com.br\/wp-content\/uploads\/2024\/11\/image-31.png","width":830,"height":300},{"@type":"BreadcrumbList","@id":"https:\/\/www.vagadeempregorj.com.br\/aurora-coop-66-novas-vagas-de-emprego-pelo-pais\/#breadcrumb","itemListElement":[{"@type":"ListItem","position":1,"name":"In\u00edcio","item":"https:\/\/www.vagadeempregorj.com.br\/"},{"@type":"ListItem","position":2,"name":"Vagas de Emprego Nacionais","item":"https:\/\/www.vagadeempregorj.com.br\/vagas-de-emprego-nacionais\/"},{"@type":"ListItem","position":3,"name":"Aurora Coop: 66 novas vagas de emprego pelo pa\u00eds"}]},{"@type":"WebSite","@id":"https:\/\/www.vagadeempregorj.com.br\/#website","url":"https:\/\/www.vagadeempregorj.com.br\/","name":"","description":"Conquiste Sonhos: Vagas, Benef\u00edcios e Economia para Transformar Vidas e Alcan\u00e7ar Melhorias Cotidianas","potentialAction":[{"@type":"SearchAction","target":{"@type":"EntryPoint","urlTemplate":"https:\/\/www.vagadeempregorj.com.br\/?s={search_term_string}"},"query-input":{"@type":"PropertyValueSpecification","valueRequired":true,"valueName":"search_term_string"}}],"inLanguage":"fr-FR"},{"@type":"Person","@id":"https:\/\/www.vagadeempregorj.com.br\/#\/schema\/person\/3ddb19fa0539706786e502152f3aae95","name":"Michele","image":{"@type":"ImageObject","inLanguage":"fr-FR","@id":"https:\/\/secure.gravatar.com\/avatar\/6b0eb9d22841282815e2cd856a0061c45e1761cd54b22e952d98c4746939aa85?s=96&r=g","url":"https:\/\/secure.gravatar.com\/avatar\/6b0eb9d22841282815e2cd856a0061c45e1761cd54b22e952d98c4746939aa85?s=96&r=g","contentUrl":"https:\/\/secure.gravatar.com\/avatar\/6b0eb9d22841282815e2cd856a0061c45e1761cd54b22e952d98c4746939aa85?s=96&r=g","caption":"Michele"},"description":"Formada em Letras - Portugu\u00eas\/ Ingl\u00eas, e idealizadora do site Escritora de Sucesso, busca expandir o conhecimento de todos com informa\u00e7\u00f5es relevantes sobre diversos assuntos, enquanto redatora. No Vaga de Emprego RJ, traz oportunidades e dicas sobre o mercado de trabalho.","url":"https:\/\/www.vagadeempregorj.com.br\/fr\/author\/michele\/"}]}},"_links":{"self":[{"href":"https:\/\/www.vagadeempregorj.com.br\/fr\/wp-json\/wp\/v2\/posts\/41325","targetHints":{"allow":["GET"]}}],"collection":[{"href":"https:\/\/www.vagadeempregorj.com.br\/fr\/wp-json\/wp\/v2\/posts"}],"about":[{"href":"https:\/\/www.vagadeempregorj.com.br\/fr\/wp-json\/wp\/v2\/types\/post"}],"author":[{"embeddable":true,"href":"https:\/\/www.vagadeempregorj.com.br\/fr\/wp-json\/wp\/v2\/users\/16"}],"replies":[{"embeddable":true,"href":"https:\/\/www.vagadeempregorj.com.br\/fr\/wp-json\/wp\/v2\/comments?post=41325"}],"version-history":[{"count":0,"href":"https:\/\/www.vagadeempregorj.com.br\/fr\/wp-json\/wp\/v2\/posts\/41325\/revisions"}],"wp:featuredmedia":[{"embeddable":true,"href":"https:\/\/www.vagadeempregorj.com.br\/fr\/wp-json\/wp\/v2\/media\/41347"}],"wp:attachment":[{"href":"https:\/\/www.vagadeempregorj.com.br\/fr\/wp-json\/wp\/v2\/media?parent=41325"}],"wp:term":[{"taxonomy":"category","embeddable":true,"href":"https:\/\/www.vagadeempregorj.com.br\/fr\/wp-json\/wp\/v2\/categories?post=41325"},{"taxonomy":"post_tag","embeddable":true,"href":"https:\/\/www.vagadeempregorj.com.br\/fr\/wp-json\/wp\/v2\/tags?post=41325"}],"curies":[{"name":"wp","href":"https:\/\/api.w.org\/{rel}","templated":true}]}}