{"id":41523,"date":"2024-11-28T12:06:47","date_gmt":"2024-11-28T15:06:47","guid":{"rendered":"https:\/\/www.vagadeempregorj.com.br\/?p=41523"},"modified":"2024-11-28T14:38:01","modified_gmt":"2024-11-28T17:38:01","slug":"emprego-e-beneficio-social-obtenha-oportunidades-e-seus-direitos","status":"publish","type":"post","link":"https:\/\/www.vagadeempregorj.com.br\/fr\/emprego-e-beneficio-social-obtenha-oportunidades-e-seus-direitos\/","title":{"rendered":"Emprego e Benef\u00edcio Social: Obtenha oportunidades e seus direitos"},"content":{"rendered":"<p>Sabemos que tudo nesse mundo vive em constante transforma\u00e7\u00e3o e a busca por\u00a0<strong>oportunidades de emprego<\/strong>\u00a0e o\u00a0<strong>obten\u00e7\u00e3o de benef\u00edcios sociais\u00a0<\/strong>do governo s\u00e3o duas vertentes fundamentais para construir uma vida mais est\u00e1vel financeira.\u00a0<\/p>\n\n\n\n<p>Quer saber mais sobre cada um dos t\u00f3picos? Estes s\u00e3o assuntos aparentemente distintos, mas na verdade est\u00e3o intrinsecamente ligados um ao outro. E \u00e9 essencial compreender como eles podem trabalhar juntos para moldar o nosso <strong>presente<\/strong> e o nosso <strong>futuro<\/strong>.<\/p>\n\n\n\n<p>Entenda como essa conex\u00e3o pode abrir portas para uma vida mais segura e pr\u00f3spera. Voc\u00ea encontrar\u00e1 informa\u00e7\u00f5es fundamentais que o orientar\u00e3o a aproveitar ao m\u00e1ximo esses recursos e melhorar sua qualidade de vida.<\/p>\n\n\n<div class=\"wp-block-image\">\n<figure class=\"aligncenter size-full\"><img loading=\"lazy\" decoding=\"async\" width=\"690\" height=\"383\" src=\"https:\/\/www.vagadeempregorj.com.br\/wp-content\/uploads\/2024\/11\/image-37.png\" alt=\"\" class=\"wp-image-41527\" srcset=\"https:\/\/www.vagadeempregorj.com.br\/wp-content\/uploads\/2024\/11\/image-37.png 690w, https:\/\/www.vagadeempregorj.com.br\/wp-content\/uploads\/2024\/11\/image-37-300x167.png 300w, https:\/\/www.vagadeempregorj.com.br\/wp-content\/uploads\/2024\/11\/image-37-350x195.png 350w, https:\/\/www.vagadeempregorj.com.br\/wp-content\/uploads\/2024\/11\/image-37-150x83.png 150w\" sizes=\"auto, (max-width: 690px) 100vw, 690px\" \/><\/figure>\n<\/div>\n\n\n<h2 class=\"wp-block-heading has-text-align-center\">Benef\u00edcios Sociais<\/h2>\n\n\n\n<p>Os <strong>benef\u00edcios sociais<\/strong> fornecidos pelo governo desempenham um papel fundamental em nossa sociedade. Eles s\u00e3o projetados para garantir que todos os cidad\u00e3os tenham acesso a servi\u00e7os essenciais, independentemente de sua situa\u00e7\u00e3o financeira.&nbsp;<\/p>\n\n\n\n<p>Esses benef\u00edcios incluem assist\u00eancia m\u00e9dica, aux\u00edlio-desemprego, benef\u00edcios para fam\u00edlias de baixa renda, educa\u00e7\u00e3o gratuita e muito mais.<\/p>\n\n\n\n<p>Estes s\u00e3o alguns dos benef\u00edcios sociais que podem mudar a sua vida:<\/p>\n\n\n\n<ul class=\"wp-block-list\">\n<li><strong>Bolsa Fam\u00edlia<\/strong> Este \u00e9 um programa social no Brasil que visa ajudar fam\u00edlias em situa\u00e7\u00e3o de vulnerabilidade econ\u00f4mica. Ele substitui o Bolsa Fam\u00edlia e \u00e9 destinado a fornecer assist\u00eancia financeira mensal para fam\u00edlias de baixa renda.&nbsp;Ele inclui diversos benef\u00edcios, como aux\u00edlio-creche, aux\u00edlio-alimenta\u00e7\u00e3o e um benef\u00edcio vari\u00e1vel, que pode ser direcionado para crian\u00e7as, adolescentes, gestantes ou nutrizes.&nbsp;<\/li>\n\n\n\n<li><strong>FGTS (Fundo de Garantia do Tempo de Servi\u00e7o)<\/strong> \u00c9 um fundo de poupan\u00e7a for\u00e7ada, criado para proteger os direitos do trabalhador. Os empregadores depositam mensalmente uma quantia equivalente a 8% do sal\u00e1rio do trabalhador em uma conta vinculada ao FGTS.&nbsp;O dinheiro pode ser sacado em situa\u00e7\u00f5es espec\u00edficas, como demiss\u00e3o sem justa causa, compra de im\u00f3vel, aposentadoria ou em casos de doen\u00e7as graves.<\/li>\n\n\n\n<li><strong>CNH (Carteira Nacional de Habilita\u00e7\u00e3o)<\/strong> \u00c9 um documento que atesta que uma pessoa est\u00e1 habilitada para dirigir ve\u00edculos automotores. No Brasil, a CNH \u00e9 dividida em categorias, como A (para motocicletas), B (para carros), C (para caminh\u00f5es), entre outras.&nbsp;<\/li>\n\n\n\n<li><strong>Brasil Sorridente<\/strong> Trata-se de um programa de sa\u00fade bucal criado pelo governo brasileiro para oferecer atendimento odontol\u00f3gico gratuito \u00e0 popula\u00e7\u00e3o por meio do Sistema \u00danico de Sa\u00fade (SUS).&nbsp;Este programa foi lan\u00e7ado em 2004 e tem como objetivo promover a sa\u00fade bucal e melhorar o acesso aos servi\u00e7os odontol\u00f3gicos no Brasil.<\/li>\n<\/ul>\n\n\n\n<h2 class=\"wp-block-heading has-text-align-center\">Vagas de Emprego<\/h2>\n\n\n\n<p>Encontrar um trabalho adequado n\u00e3o \u00e9 apenas sobre ganhar dinheiro; \u00e9 sobre construir uma carreira e ganhar independ\u00eancia financeira. Veja, a seguir, algumas raz\u00f5es pelas quais as <strong>vagas de emprego<\/strong> s\u00e3o t\u00e3o essenciais:<\/p>\n\n\n\n<ul class=\"wp-block-list\">\n<li><strong>Estabilidade Financeira:&nbsp;<\/strong>Um emprego est\u00e1vel proporciona um fluxo de renda regular, permitindo que voc\u00ea atenda \u00e0s suas necessidades financeiras b\u00e1sicas.<br><\/li>\n\n\n\n<li><strong>Desenvolvimento Profissional:&nbsp;<\/strong>Cada vaga de emprego \u00e9 uma oportunidade de aprendizado e crescimento. Ela permite que voc\u00ea adquira novas habilidades, experi\u00eancia e avance em sua carreira.<br><\/li>\n\n\n\n<li><strong>Independ\u00eancia:&nbsp;<\/strong>Com um emprego, voc\u00ea n\u00e3o precisa depender exclusivamente de benef\u00edcios sociais. Voc\u00ea pode se tornar autossuficiente e planejar um futuro financeiramente seguro.<br><\/li>\n\n\n\n<li><strong>Contribui\u00e7\u00e3o para a Sociedade:<\/strong>&nbsp;Trabalhar n\u00e3o \u00e9 apenas sobre si mesmo; \u00e9 tamb\u00e9m uma maneira de contribuir para a sociedade e fazer a diferen\u00e7a em sua comunidade.<\/li>\n<\/ul>\n\n\n\n<h2 class=\"wp-block-heading has-text-align-center\">Como obter sua vaga de emprego<\/h2>\n\n\n\n<p>Obter uma vaga de emprego pode ser um desafio, mas com a abordagem certa e algumas estrat\u00e9gias eficazes, voc\u00ea pode aumentar suas chances de sucesso. Essas s\u00e3o etapas importantes para ajud\u00e1-lo a conseguir uma vaga de emprego:<\/p>\n\n\n\n<p><strong>1# Autoavalia\u00e7\u00e3o:&nbsp;<\/strong>Comece definindo seus objetivos profissionais e identificando suas habilidades, interesses e valores. Isso ajudar\u00e1 voc\u00ea a escolher um campo ou setor que realmente o motive.<br><strong>2# Elabora\u00e7\u00e3o de Curr\u00edculo:&nbsp;<\/strong>Crie um curr\u00edculo que destaque suas habilidades, experi\u00eancias e conquistas relevantes para a vaga que voc\u00ea est\u00e1 buscando. Personalize-o para cada posi\u00e7\u00e3o que voc\u00ea se candidatar.<br><strong>3# Pesquisa de Vagas:<\/strong>&nbsp;Procure oportunidades de emprego aqui, no Vagas de Emprego RJ, redes sociais profissionais, empresas locais, ag\u00eancias de recrutamento e redes de contatos. Fique atento a oportunidades em empresas que estejam alinhadas com seus objetivos profissionais.<br><strong>4# Prepara\u00e7\u00e3o para Entrevistas:&nbsp;<\/strong>Esteja preparado para entrevistas. Pesquise sobre a empresa, pratique suas respostas para perguntas comuns de entrevista e esteja pronto para destacar suas habilidades e experi\u00eancias.<\/p>\n\n\n\n<p><strong>Agora que voc\u00ea entende a import\u00e2ncia de&nbsp;benef\u00edcios sociais&nbsp;e&nbsp;vagas de emprego, a pr\u00f3xima etapa \u00e9 explorar as oportunidades dispon\u00edveis para voc\u00ea. Clique para saber mais sobre as oportunidades dispon\u00edveis em sua regi\u00e3o e os programas sociais aos quais voc\u00ea pode ter direito.<\/strong><\/p>\n\n\n\n<h2 class=\"wp-block-heading has-text-align-center\">Conquiste seus direitos e oportunidades!<\/h2>\n\n\n\n<p>Lembre-se de que seu futuro est\u00e1 em suas m\u00e3os, e a combina\u00e7\u00e3o certa de&nbsp;<strong>benef\u00edcios sociais&nbsp;<\/strong>e uma&nbsp;<strong>vaga de emprego<\/strong>&nbsp;pode abrir portas para uma vida mais pr\u00f3spera e segura. N\u00e3o deixe essa oportunidade escapar. Clique nos \u00edcones acima e comece a construir o futuro que voc\u00ea merece.<\/p>\n\n\n\n<figure class=\"wp-block-image size-large\"><img loading=\"lazy\" decoding=\"async\" width=\"1024\" height=\"353\" src=\"https:\/\/www.vagadeempregorj.com.br\/wp-content\/uploads\/2024\/11\/image-36-1024x353.png\" alt=\"\" class=\"wp-image-41526\" srcset=\"https:\/\/www.vagadeempregorj.com.br\/wp-content\/uploads\/2024\/11\/image-36-1024x353.png 1024w, https:\/\/www.vagadeempregorj.com.br\/wp-content\/uploads\/2024\/11\/image-36-300x104.png 300w, https:\/\/www.vagadeempregorj.com.br\/wp-content\/uploads\/2024\/11\/image-36-768x265.png 768w, https:\/\/www.vagadeempregorj.com.br\/wp-content\/uploads\/2024\/11\/image-36-150x52.png 150w, https:\/\/www.vagadeempregorj.com.br\/wp-content\/uploads\/2024\/11\/image-36.png 1156w\" sizes=\"auto, (max-width: 1024px) 100vw, 1024px\" \/><\/figure>\n\n\n\n<p><strong>Veja tamb\u00e9m: <a href=\"https:\/\/www.vagadeempregorj.com.br\/fr\/fgts-paga-mais-de-r1200-para-beneficiarios-entenda-como-receber\/\">FGTS paga mais de R$1200 para benefici\u00e1rios; entenda como receber<\/a><\/strong><\/p>\n\n\n\n<p>28 de novembro de 2024<\/p>","protected":false},"excerpt":{"rendered":"<p>Sabemos que tudo nesse mundo vive em constante transforma\u00e7\u00e3o e a busca por\u00a0oportunidades de emprego\u00a0e o\u00a0obten\u00e7\u00e3o de benef\u00edcios sociais\u00a0do governo s\u00e3o duas vertentes fundamentais para construir uma vida mais est\u00e1vel financeira.\u00a0 Quer saber mais sobre cada um dos t\u00f3picos? Estes s\u00e3o assuntos aparentemente distintos, mas na verdade est\u00e3o intrinsecamente ligados um ao outro. E \u00e9&hellip;&nbsp;<\/p>","protected":false},"author":16,"featured_media":41524,"comment_status":"closed","ping_status":"closed","sticky":false,"template":"","format":"standard","meta":{"neve_meta_sidebar":"","neve_meta_container":"","neve_meta_enable_content_width":"","neve_meta_content_width":0,"neve_meta_title_alignment":"","neve_meta_author_avatar":"","neve_post_elements_order":"","neve_meta_disable_header":"","neve_meta_disable_footer":"","neve_meta_disable_title":"","footnotes":""},"categories":[1,123],"tags":[814,830,608],"class_list":["post-41523","post","type-post","status-publish","format-standard","has-post-thumbnail","hentry","category-beneficios-sociais","category-vagas-de-emprego-nacionais","tag-beneficio-social","tag-empregos","tag-oportunidades"],"yoast_head":"<!-- This site is optimized with the Yoast SEO plugin v27.5 - https:\/\/yoast.com\/product\/yoast-seo-wordpress\/ -->\n<title>Emprego e Benef\u00edcio Social: Obtenha oportunidades e seus direitos -<\/title>\n<meta name=\"description\" content=\"Veja em Vagas de Emprego RJ as vagas de emprego com e sem experi\u00eancia no seu Estado e Regi\u00e3o!\" \/>\n<meta name=\"robots\" content=\"index, follow, max-snippet:-1, max-image-preview:large, max-video-preview:-1\" \/>\n<link rel=\"canonical\" href=\"https:\/\/www.vagadeempregorj.com.br\/fr\/emprego-e-beneficio-social-obtenha-oportunidades-e-seus-direitos\/\" \/>\n<meta property=\"og:locale\" content=\"fr_FR\" \/>\n<meta property=\"og:type\" content=\"article\" \/>\n<meta property=\"og:title\" content=\"Emprego e Benef\u00edcio Social: Obtenha oportunidades e seus direitos -\" \/>\n<meta property=\"og:description\" content=\"Veja em Vagas de Emprego RJ as vagas de emprego com e sem experi\u00eancia no seu Estado e Regi\u00e3o!\" \/>\n<meta property=\"og:url\" content=\"https:\/\/www.vagadeempregorj.com.br\/fr\/emprego-e-beneficio-social-obtenha-oportunidades-e-seus-direitos\/\" \/>\n<meta property=\"article:publisher\" content=\"https:\/\/www.facebook.com\/empregobrasiloficial\" \/>\n<meta property=\"article:published_time\" content=\"2024-11-28T15:06:47+00:00\" \/>\n<meta property=\"article:modified_time\" content=\"2024-11-28T17:38:01+00:00\" \/>\n<meta property=\"og:image\" content=\"https:\/\/www.vagadeempregorj.com.br\/wp-content\/uploads\/2024\/11\/image-34.png\" \/>\n\t<meta property=\"og:image:width\" content=\"1125\" \/>\n\t<meta property=\"og:image:height\" content=\"750\" \/>\n\t<meta property=\"og:image:type\" content=\"image\/png\" \/>\n<meta name=\"author\" content=\"Michele\" \/>\n<meta name=\"twitter:card\" content=\"summary_large_image\" \/>\n<meta name=\"twitter:label1\" content=\"\u00c9crit par\" \/>\n\t<meta name=\"twitter:data1\" content=\"Michele\" \/>\n\t<meta name=\"twitter:label2\" content=\"Dur\u00e9e de lecture estim\u00e9e\" \/>\n\t<meta name=\"twitter:data2\" content=\"4 minutes\" \/>\n<script type=\"application\/ld+json\" class=\"yoast-schema-graph\">{\"@context\":\"https:\\\/\\\/schema.org\",\"@graph\":[{\"@type\":\"Article\",\"@id\":\"https:\\\/\\\/www.vagadeempregorj.com.br\\\/emprego-e-beneficio-social-obtenha-oportunidades-e-seus-direitos\\\/#article\",\"isPartOf\":{\"@id\":\"https:\\\/\\\/www.vagadeempregorj.com.br\\\/emprego-e-beneficio-social-obtenha-oportunidades-e-seus-direitos\\\/\"},\"author\":{\"name\":\"Michele\",\"@id\":\"https:\\\/\\\/www.vagadeempregorj.com.br\\\/#\\\/schema\\\/person\\\/3ddb19fa0539706786e502152f3aae95\"},\"headline\":\"Emprego e Benef\u00edcio Social: Obtenha oportunidades e seus direitos\",\"datePublished\":\"2024-11-28T15:06:47+00:00\",\"dateModified\":\"2024-11-28T17:38:01+00:00\",\"mainEntityOfPage\":{\"@id\":\"https:\\\/\\\/www.vagadeempregorj.com.br\\\/emprego-e-beneficio-social-obtenha-oportunidades-e-seus-direitos\\\/\"},\"wordCount\":908,\"image\":{\"@id\":\"https:\\\/\\\/www.vagadeempregorj.com.br\\\/emprego-e-beneficio-social-obtenha-oportunidades-e-seus-direitos\\\/#primaryimage\"},\"thumbnailUrl\":\"https:\\\/\\\/www.vagadeempregorj.com.br\\\/wp-content\\\/uploads\\\/2024\\\/11\\\/image-34.png\",\"keywords\":[\"benef\u00edcio social\",\"empregos\",\"oportunidades\"],\"articleSection\":[\"Benef\u00edcios Sociais\",\"Vagas de Emprego Nacionais\"],\"inLanguage\":\"fr-FR\"},{\"@type\":\"WebPage\",\"@id\":\"https:\\\/\\\/www.vagadeempregorj.com.br\\\/emprego-e-beneficio-social-obtenha-oportunidades-e-seus-direitos\\\/\",\"url\":\"https:\\\/\\\/www.vagadeempregorj.com.br\\\/emprego-e-beneficio-social-obtenha-oportunidades-e-seus-direitos\\\/\",\"name\":\"Emprego e Benef\u00edcio Social: Obtenha oportunidades e seus direitos -\",\"isPartOf\":{\"@id\":\"https:\\\/\\\/www.vagadeempregorj.com.br\\\/#website\"},\"primaryImageOfPage\":{\"@id\":\"https:\\\/\\\/www.vagadeempregorj.com.br\\\/emprego-e-beneficio-social-obtenha-oportunidades-e-seus-direitos\\\/#primaryimage\"},\"image\":{\"@id\":\"https:\\\/\\\/www.vagadeempregorj.com.br\\\/emprego-e-beneficio-social-obtenha-oportunidades-e-seus-direitos\\\/#primaryimage\"},\"thumbnailUrl\":\"https:\\\/\\\/www.vagadeempregorj.com.br\\\/wp-content\\\/uploads\\\/2024\\\/11\\\/image-34.png\",\"datePublished\":\"2024-11-28T15:06:47+00:00\",\"dateModified\":\"2024-11-28T17:38:01+00:00\",\"author\":{\"@id\":\"https:\\\/\\\/www.vagadeempregorj.com.br\\\/#\\\/schema\\\/person\\\/3ddb19fa0539706786e502152f3aae95\"},\"description\":\"Veja em Vagas de Emprego RJ as vagas de emprego com e sem experi\u00eancia no seu Estado e Regi\u00e3o!\",\"breadcrumb\":{\"@id\":\"https:\\\/\\\/www.vagadeempregorj.com.br\\\/emprego-e-beneficio-social-obtenha-oportunidades-e-seus-direitos\\\/#breadcrumb\"},\"inLanguage\":\"fr-FR\",\"potentialAction\":[{\"@type\":\"ReadAction\",\"target\":[\"https:\\\/\\\/www.vagadeempregorj.com.br\\\/emprego-e-beneficio-social-obtenha-oportunidades-e-seus-direitos\\\/\"]}]},{\"@type\":\"ImageObject\",\"inLanguage\":\"fr-FR\",\"@id\":\"https:\\\/\\\/www.vagadeempregorj.com.br\\\/emprego-e-beneficio-social-obtenha-oportunidades-e-seus-direitos\\\/#primaryimage\",\"url\":\"https:\\\/\\\/www.vagadeempregorj.com.br\\\/wp-content\\\/uploads\\\/2024\\\/11\\\/image-34.png\",\"contentUrl\":\"https:\\\/\\\/www.vagadeempregorj.com.br\\\/wp-content\\\/uploads\\\/2024\\\/11\\\/image-34.png\",\"width\":1125,\"height\":750},{\"@type\":\"BreadcrumbList\",\"@id\":\"https:\\\/\\\/www.vagadeempregorj.com.br\\\/emprego-e-beneficio-social-obtenha-oportunidades-e-seus-direitos\\\/#breadcrumb\",\"itemListElement\":[{\"@type\":\"ListItem\",\"position\":1,\"name\":\"In\u00edcio\",\"item\":\"https:\\\/\\\/www.vagadeempregorj.com.br\\\/\"},{\"@type\":\"ListItem\",\"position\":2,\"name\":\"Benef\u00edcios Sociais\",\"item\":\"https:\\\/\\\/www.vagadeempregorj.com.br\\\/beneficios-sociais\\\/\"},{\"@type\":\"ListItem\",\"position\":3,\"name\":\"Emprego e Benef\u00edcio Social: Obtenha oportunidades e seus direitos\"}]},{\"@type\":\"WebSite\",\"@id\":\"https:\\\/\\\/www.vagadeempregorj.com.br\\\/#website\",\"url\":\"https:\\\/\\\/www.vagadeempregorj.com.br\\\/\",\"name\":\"\",\"description\":\"Conquiste Sonhos: Vagas, Benef\u00edcios e Economia para Transformar Vidas e Alcan\u00e7ar Melhorias Cotidianas\",\"potentialAction\":[{\"@type\":\"SearchAction\",\"target\":{\"@type\":\"EntryPoint\",\"urlTemplate\":\"https:\\\/\\\/www.vagadeempregorj.com.br\\\/?s={search_term_string}\"},\"query-input\":{\"@type\":\"PropertyValueSpecification\",\"valueRequired\":true,\"valueName\":\"search_term_string\"}}],\"inLanguage\":\"fr-FR\"},{\"@type\":\"Person\",\"@id\":\"https:\\\/\\\/www.vagadeempregorj.com.br\\\/#\\\/schema\\\/person\\\/3ddb19fa0539706786e502152f3aae95\",\"name\":\"Michele\",\"image\":{\"@type\":\"ImageObject\",\"inLanguage\":\"fr-FR\",\"@id\":\"https:\\\/\\\/secure.gravatar.com\\\/avatar\\\/6b0eb9d22841282815e2cd856a0061c45e1761cd54b22e952d98c4746939aa85?s=96&r=g\",\"url\":\"https:\\\/\\\/secure.gravatar.com\\\/avatar\\\/6b0eb9d22841282815e2cd856a0061c45e1761cd54b22e952d98c4746939aa85?s=96&r=g\",\"contentUrl\":\"https:\\\/\\\/secure.gravatar.com\\\/avatar\\\/6b0eb9d22841282815e2cd856a0061c45e1761cd54b22e952d98c4746939aa85?s=96&r=g\",\"caption\":\"Michele\"},\"description\":\"Formada em Letras - Portugu\u00eas\\\/ Ingl\u00eas, e idealizadora do site Escritora de Sucesso, busca expandir o conhecimento de todos com informa\u00e7\u00f5es relevantes sobre diversos assuntos, enquanto redatora. No Vaga de Emprego RJ, traz oportunidades e dicas sobre o mercado de trabalho.\",\"url\":\"https:\\\/\\\/www.vagadeempregorj.com.br\\\/fr\\\/author\\\/michele\\\/\"}]}<\/script>\n<!-- \/ Yoast SEO plugin. -->","yoast_head_json":{"title":"Emprego e Benef\u00edcio Social: Obtenha oportunidades e seus direitos -","description":"Veja em Vagas de Emprego RJ as vagas de emprego com e sem experi\u00eancia no seu Estado e Regi\u00e3o!","robots":{"index":"index","follow":"follow","max-snippet":"max-snippet:-1","max-image-preview":"max-image-preview:large","max-video-preview":"max-video-preview:-1"},"canonical":"https:\/\/www.vagadeempregorj.com.br\/fr\/emprego-e-beneficio-social-obtenha-oportunidades-e-seus-direitos\/","og_locale":"fr_FR","og_type":"article","og_title":"Emprego e Benef\u00edcio Social: Obtenha oportunidades e seus direitos -","og_description":"Veja em Vagas de Emprego RJ as vagas de emprego com e sem experi\u00eancia no seu Estado e Regi\u00e3o!","og_url":"https:\/\/www.vagadeempregorj.com.br\/fr\/emprego-e-beneficio-social-obtenha-oportunidades-e-seus-direitos\/","article_publisher":"https:\/\/www.facebook.com\/empregobrasiloficial","article_published_time":"2024-11-28T15:06:47+00:00","article_modified_time":"2024-11-28T17:38:01+00:00","og_image":[{"width":1125,"height":750,"url":"https:\/\/www.vagadeempregorj.com.br\/wp-content\/uploads\/2024\/11\/image-34.png","type":"image\/png"}],"author":"Michele","twitter_card":"summary_large_image","twitter_misc":{"\u00c9crit par":"Michele","Dur\u00e9e de lecture estim\u00e9e":"4 minutes"},"schema":{"@context":"https:\/\/schema.org","@graph":[{"@type":"Article","@id":"https:\/\/www.vagadeempregorj.com.br\/emprego-e-beneficio-social-obtenha-oportunidades-e-seus-direitos\/#article","isPartOf":{"@id":"https:\/\/www.vagadeempregorj.com.br\/emprego-e-beneficio-social-obtenha-oportunidades-e-seus-direitos\/"},"author":{"name":"Michele","@id":"https:\/\/www.vagadeempregorj.com.br\/#\/schema\/person\/3ddb19fa0539706786e502152f3aae95"},"headline":"Emprego e Benef\u00edcio Social: Obtenha oportunidades e seus direitos","datePublished":"2024-11-28T15:06:47+00:00","dateModified":"2024-11-28T17:38:01+00:00","mainEntityOfPage":{"@id":"https:\/\/www.vagadeempregorj.com.br\/emprego-e-beneficio-social-obtenha-oportunidades-e-seus-direitos\/"},"wordCount":908,"image":{"@id":"https:\/\/www.vagadeempregorj.com.br\/emprego-e-beneficio-social-obtenha-oportunidades-e-seus-direitos\/#primaryimage"},"thumbnailUrl":"https:\/\/www.vagadeempregorj.com.br\/wp-content\/uploads\/2024\/11\/image-34.png","keywords":["benef\u00edcio social","empregos","oportunidades"],"articleSection":["Benef\u00edcios Sociais","Vagas de Emprego Nacionais"],"inLanguage":"fr-FR"},{"@type":"WebPage","@id":"https:\/\/www.vagadeempregorj.com.br\/emprego-e-beneficio-social-obtenha-oportunidades-e-seus-direitos\/","url":"https:\/\/www.vagadeempregorj.com.br\/emprego-e-beneficio-social-obtenha-oportunidades-e-seus-direitos\/","name":"Emprego e Benef\u00edcio Social: Obtenha oportunidades e seus direitos -","isPartOf":{"@id":"https:\/\/www.vagadeempregorj.com.br\/#website"},"primaryImageOfPage":{"@id":"https:\/\/www.vagadeempregorj.com.br\/emprego-e-beneficio-social-obtenha-oportunidades-e-seus-direitos\/#primaryimage"},"image":{"@id":"https:\/\/www.vagadeempregorj.com.br\/emprego-e-beneficio-social-obtenha-oportunidades-e-seus-direitos\/#primaryimage"},"thumbnailUrl":"https:\/\/www.vagadeempregorj.com.br\/wp-content\/uploads\/2024\/11\/image-34.png","datePublished":"2024-11-28T15:06:47+00:00","dateModified":"2024-11-28T17:38:01+00:00","author":{"@id":"https:\/\/www.vagadeempregorj.com.br\/#\/schema\/person\/3ddb19fa0539706786e502152f3aae95"},"description":"Veja em Vagas de Emprego RJ as vagas de emprego com e sem experi\u00eancia no seu Estado e Regi\u00e3o!","breadcrumb":{"@id":"https:\/\/www.vagadeempregorj.com.br\/emprego-e-beneficio-social-obtenha-oportunidades-e-seus-direitos\/#breadcrumb"},"inLanguage":"fr-FR","potentialAction":[{"@type":"ReadAction","target":["https:\/\/www.vagadeempregorj.com.br\/emprego-e-beneficio-social-obtenha-oportunidades-e-seus-direitos\/"]}]},{"@type":"ImageObject","inLanguage":"fr-FR","@id":"https:\/\/www.vagadeempregorj.com.br\/emprego-e-beneficio-social-obtenha-oportunidades-e-seus-direitos\/#primaryimage","url":"https:\/\/www.vagadeempregorj.com.br\/wp-content\/uploads\/2024\/11\/image-34.png","contentUrl":"https:\/\/www.vagadeempregorj.com.br\/wp-content\/uploads\/2024\/11\/image-34.png","width":1125,"height":750},{"@type":"BreadcrumbList","@id":"https:\/\/www.vagadeempregorj.com.br\/emprego-e-beneficio-social-obtenha-oportunidades-e-seus-direitos\/#breadcrumb","itemListElement":[{"@type":"ListItem","position":1,"name":"In\u00edcio","item":"https:\/\/www.vagadeempregorj.com.br\/"},{"@type":"ListItem","position":2,"name":"Benef\u00edcios Sociais","item":"https:\/\/www.vagadeempregorj.com.br\/beneficios-sociais\/"},{"@type":"ListItem","position":3,"name":"Emprego e Benef\u00edcio Social: Obtenha oportunidades e seus direitos"}]},{"@type":"WebSite","@id":"https:\/\/www.vagadeempregorj.com.br\/#website","url":"https:\/\/www.vagadeempregorj.com.br\/","name":"","description":"Conquiste Sonhos: Vagas, Benef\u00edcios e Economia para Transformar Vidas e Alcan\u00e7ar Melhorias Cotidianas","potentialAction":[{"@type":"SearchAction","target":{"@type":"EntryPoint","urlTemplate":"https:\/\/www.vagadeempregorj.com.br\/?s={search_term_string}"},"query-input":{"@type":"PropertyValueSpecification","valueRequired":true,"valueName":"search_term_string"}}],"inLanguage":"fr-FR"},{"@type":"Person","@id":"https:\/\/www.vagadeempregorj.com.br\/#\/schema\/person\/3ddb19fa0539706786e502152f3aae95","name":"Michele","image":{"@type":"ImageObject","inLanguage":"fr-FR","@id":"https:\/\/secure.gravatar.com\/avatar\/6b0eb9d22841282815e2cd856a0061c45e1761cd54b22e952d98c4746939aa85?s=96&r=g","url":"https:\/\/secure.gravatar.com\/avatar\/6b0eb9d22841282815e2cd856a0061c45e1761cd54b22e952d98c4746939aa85?s=96&r=g","contentUrl":"https:\/\/secure.gravatar.com\/avatar\/6b0eb9d22841282815e2cd856a0061c45e1761cd54b22e952d98c4746939aa85?s=96&r=g","caption":"Michele"},"description":"Formada em Letras - Portugu\u00eas\/ Ingl\u00eas, e idealizadora do site Escritora de Sucesso, busca expandir o conhecimento de todos com informa\u00e7\u00f5es relevantes sobre diversos assuntos, enquanto redatora. No Vaga de Emprego RJ, traz oportunidades e dicas sobre o mercado de trabalho.","url":"https:\/\/www.vagadeempregorj.com.br\/fr\/author\/michele\/"}]}},"_links":{"self":[{"href":"https:\/\/www.vagadeempregorj.com.br\/fr\/wp-json\/wp\/v2\/posts\/41523","targetHints":{"allow":["GET"]}}],"collection":[{"href":"https:\/\/www.vagadeempregorj.com.br\/fr\/wp-json\/wp\/v2\/posts"}],"about":[{"href":"https:\/\/www.vagadeempregorj.com.br\/fr\/wp-json\/wp\/v2\/types\/post"}],"author":[{"embeddable":true,"href":"https:\/\/www.vagadeempregorj.com.br\/fr\/wp-json\/wp\/v2\/users\/16"}],"replies":[{"embeddable":true,"href":"https:\/\/www.vagadeempregorj.com.br\/fr\/wp-json\/wp\/v2\/comments?post=41523"}],"version-history":[{"count":0,"href":"https:\/\/www.vagadeempregorj.com.br\/fr\/wp-json\/wp\/v2\/posts\/41523\/revisions"}],"wp:featuredmedia":[{"embeddable":true,"href":"https:\/\/www.vagadeempregorj.com.br\/fr\/wp-json\/wp\/v2\/media\/41524"}],"wp:attachment":[{"href":"https:\/\/www.vagadeempregorj.com.br\/fr\/wp-json\/wp\/v2\/media?parent=41523"}],"wp:term":[{"taxonomy":"category","embeddable":true,"href":"https:\/\/www.vagadeempregorj.com.br\/fr\/wp-json\/wp\/v2\/categories?post=41523"},{"taxonomy":"post_tag","embeddable":true,"href":"https:\/\/www.vagadeempregorj.com.br\/fr\/wp-json\/wp\/v2\/tags?post=41523"}],"curies":[{"name":"wp","href":"https:\/\/api.w.org\/{rel}","templated":true}]}}