{"id":41529,"date":"2024-11-28T11:55:41","date_gmt":"2024-11-28T14:55:41","guid":{"rendered":"https:\/\/www.vagadeempregorj.com.br\/?p=41529"},"modified":"2024-11-28T12:09:46","modified_gmt":"2024-11-28T15:09:46","slug":"saiba-quais-sao-os-beneficios-sociais-e-se-voce-tem-direito-a-eles","status":"publish","type":"post","link":"https:\/\/www.vagadeempregorj.com.br\/fr\/saiba-quais-sao-os-beneficios-sociais-e-se-voce-tem-direito-a-eles\/","title":{"rendered":"Saiba quais s\u00e3o os benef\u00edcios sociais e se voc\u00ea tem direito a eles"},"content":{"rendered":"<p><\/p>\n\n\n\n<p>Aqui, voc\u00ea encontrar\u00e1 informa\u00e7\u00f5es detalhadas sobre programas&nbsp;que desempenham um papel fundamental na melhoria da qualidade de vida de milh\u00f5es de brasileiros.<\/p>\n\n\n\n<div class=\"wp-block-buttons is-content-justification-center is-layout-flex wp-container-core-buttons-is-layout-16018d1d wp-block-buttons-is-layout-flex\">\n<div class=\"wp-block-button is-style-outline is-style-outline--2\"><a class=\"wp-block-button__link wp-element-button\" href=\"https:\/\/www.vagadeempregorj.com.br\/fr\/beneficios-sociais\/\"><strong>Benef\u00edcios Dispon\u00edveis<\/strong><\/a><\/div>\n<\/div>\n\n\n\n<p class=\"has-text-align-center\"><sub>Ao clicar no bot\u00e3o, voc\u00ea permanecer\u00e1 no mesmo site.<\/sub><\/p>\n\n\n\n<p>N\u00e3o perca a oportunidade de estar sempre um passo \u00e0 frente quando se trata dos benef\u00edcios sociais que o governo tem a oferecer!<\/p>\n\n\n\n<p>N\u00e3o deixe que oportunidades passem despercebidas. <strong>Registre-se agora<\/strong> e garanta que voc\u00ea esteja bem informado e pronto para aproveitar ao m\u00e1ximo os benef\u00edcios sociais dispon\u00edveis. Sua tranquilidade e bem-estar merecem essa aten\u00e7\u00e3o especial!<\/p>\n\n\n\n<h2 class=\"wp-block-heading\">Descubra quais s\u00e3o os Benef\u00edcios Sociais e conquiste uma vida melhor!<\/h2>\n\n\n\n<p>Conhe\u00e7a diversos recursos que podem transformar sua qualidade de vida e proporcionar seguran\u00e7a financeira. Prepare-se para desvendar os segredos por tr\u00e1s dos programas de assist\u00eancia do governo e descobrir como eles podem impactar positivamente sua jornada.<\/p>\n\n\n\n<figure class=\"wp-block-image size-large\"><img loading=\"lazy\" decoding=\"async\" width=\"1024\" height=\"585\" src=\"https:\/\/www.vagadeempregorj.com.br\/wp-content\/uploads\/2024\/11\/image-40-1024x585.png\" alt=\"\" class=\"wp-image-41532\" srcset=\"https:\/\/www.vagadeempregorj.com.br\/wp-content\/uploads\/2024\/11\/image-40-1024x585.png 1024w, https:\/\/www.vagadeempregorj.com.br\/wp-content\/uploads\/2024\/11\/image-40-300x171.png 300w, https:\/\/www.vagadeempregorj.com.br\/wp-content\/uploads\/2024\/11\/image-40-768x439.png 768w, https:\/\/www.vagadeempregorj.com.br\/wp-content\/uploads\/2024\/11\/image-40-1536x878.png 1536w, https:\/\/www.vagadeempregorj.com.br\/wp-content\/uploads\/2024\/11\/image-40-150x86.png 150w, https:\/\/www.vagadeempregorj.com.br\/wp-content\/uploads\/2024\/11\/image-40.png 1792w\" sizes=\"auto, (max-width: 1024px) 100vw, 1024px\" \/><\/figure>\n\n\n\n<p>Esteja pronto para obter as informa\u00e7\u00f5es que o ajudar\u00e3o a tomar decis\u00f5es informadas e a aproveitar ao m\u00e1ximo os benef\u00edcios sociais dispon\u00edveis. Seu futuro mais pr\u00f3spero come\u00e7a aqui! Veja se voc\u00ea tem direito a um dos benef\u00edcios sociais, a seguir.<\/p>\n\n\n\n<h3 class=\"wp-block-heading has-text-align-center\">Lar Doce Lar<\/h3>\n\n\n\n<p>O&nbsp;<strong>Lar Doce Lar<\/strong>&nbsp;\u00e9 um quadro popular do programa&nbsp;<em>Caldeir\u00e3o do Huck<\/em>, exibido na TV Globo e apresentado por Luciano Huck. Fam\u00edlias de diferentes partes do Brasil t\u00eam a chance de transformar completamente suas casas, atrav\u00e9s de reformas que buscam oferecer um ambiente mais confort\u00e1vel e adequado para viver.&nbsp;<\/p>\n\n\n\n<ul class=\"wp-block-list\">\n<li><strong>Transforma\u00e7\u00e3o da qualidade de vida:&nbsp;<\/strong>As reformas realizadas pelo programa proporcionam um lar mais seguro, funcional e confort\u00e1vel, impactando diretamente o bem-estar da fam\u00edlia.<\/li>\n\n\n\n<li><strong>Fortalecimento da autoestima:<\/strong>&nbsp;Ter um lar renovado, com um ambiente bonito e agrad\u00e1vel, contribui para a autoestima e felicidade dos moradores.<\/li>\n\n\n\n<li><strong>Inspira\u00e7\u00e3o e exemplo:<\/strong>&nbsp;As hist\u00f3rias de vida apresentadas no quadro servem como exemplos de resili\u00eancia e inspiram a comunidade, mostrando que mudan\u00e7as positivas s\u00e3o poss\u00edveis mesmo em circunst\u00e2ncias desafiadoras.<\/li>\n<\/ul>\n\n\n\n<h3 class=\"wp-block-heading has-text-align-center\">PIS (Programa de Integra\u00e7\u00e3o Social)<\/h3>\n\n\n\n<p>O&nbsp;<strong>PIS, ou Programa de Integra\u00e7\u00e3o Social<\/strong>, \u00e9 um benef\u00edcio criado pelo governo brasileiro com o objetivo de proporcionar um aux\u00edlio financeiro aos trabalhadores do setor privado. Atrav\u00e9s do PIS, muitos trabalhadores t\u00eam acesso a direitos que os ajudam a manter sua qualidade de vida e garantir uma renda extra.<\/p>\n\n\n\n<ul class=\"wp-block-list\">\n<li><strong>Renda extra anual:&nbsp;<\/strong>Os trabalhadores com direito ao abono salarial recebem uma quantia anual que ajuda a equilibrar o or\u00e7amento.<\/li>\n\n\n\n<li><strong>Seguran\u00e7a financeira:<\/strong>&nbsp;O PIS tamb\u00e9m contribui para o fundo de garantia, proporcionando mais seguran\u00e7a aos trabalhadores em casos de demiss\u00e3o.<\/li>\n\n\n\n<li><strong>Direitos trabalhistas garantidos:<\/strong>&nbsp;O PIS \u00e9 uma forma de assegurar que o trabalhador esteja vinculado a programas sociais e tenha acesso a benef\u00edcios como o seguro-desemprego.<\/li>\n<\/ul>\n\n\n\n<h3 class=\"wp-block-heading has-text-align-center\">Brasil Sorridente<\/h3>\n\n\n\n<p>O programa&nbsp;<strong>Brasil Sorridente<\/strong>&nbsp;\u00e9 uma iniciativa voltada para a sa\u00fade bucal da popula\u00e7\u00e3o brasileira. Seus principais aspectos incluem:<\/p>\n\n\n\n<ul class=\"wp-block-list\">\n<li><strong>Acesso a Tratamentos Odontol\u00f3gicos:<\/strong>&nbsp;O programa oferece servi\u00e7os odontol\u00f3gicos gratuitos, incluindo consultas, restaura\u00e7\u00f5es, extra\u00e7\u00f5es e pr\u00f3teses.<\/li>\n\n\n\n<li><strong>Preven\u00e7\u00e3o e Educa\u00e7\u00e3o:&nbsp;<\/strong>Al\u00e9m de tratar problemas dent\u00e1rios, o Brasil Sorridente tamb\u00e9m se concentra na preven\u00e7\u00e3o, promovendo a educa\u00e7\u00e3o sobre a import\u00e2ncia da higiene bucal.<\/li>\n\n\n\n<li><strong>Melhoria da Qualidade de Vida:&nbsp;<\/strong>Ter uma sa\u00fade bucal adequada n\u00e3o apenas evita problemas de sa\u00fade, mas tamb\u00e9m contribui para a qualidade de vida e autoestima das pessoas.<\/li>\n<\/ul>\n\n\n\n<h3 class=\"wp-block-heading has-text-align-center\">Minha Casa Minha Vida<\/h3>\n\n\n\n<p>O programa&nbsp;<strong>Minha Casa Minha Vida<\/strong>&nbsp;foi desenvolvido para ajudar fam\u00edlias de baixa e m\u00e9dia renda a realizarem o sonho de ter um im\u00f3vel pr\u00f3prio. Com condi\u00e7\u00f5es de financiamento acess\u00edveis e subs\u00eddios do governo, o programa facilita a aquisi\u00e7\u00e3o de casas e apartamentos, promovendo mais qualidade de vida e seguran\u00e7a para milhares de brasileiros.<\/p>\n\n\n\n<ul class=\"wp-block-list\">\n<li><strong>Facilidade no financiamento:&nbsp;<\/strong>As taxas de juros mais baixas e os prazos maiores facilitam o pagamento e tornam o sonho da casa pr\u00f3pria poss\u00edvel para muitas fam\u00edlias.<\/li>\n\n\n\n<li><strong>Subs\u00eddios do governo:&nbsp;<\/strong>Dependendo da renda, o governo pode fornecer subs\u00eddios que ajudam a diminuir o valor total do im\u00f3vel, reduzindo as parcelas.<\/li>\n\n\n\n<li><strong>Seguran\u00e7a e estabilidade:&nbsp;<\/strong>Ter a casa pr\u00f3pria oferece mais seguran\u00e7a e estabilidade, j\u00e1 que n\u00e3o h\u00e1 preocupa\u00e7\u00e3o com reajustes de aluguel ou poss\u00edveis mudan\u00e7as for\u00e7adas.<\/li>\n<\/ul>\n\n\n\n<h3 class=\"wp-block-heading has-text-align-center\">Bolsa Fam\u00edlia<\/h3>\n\n\n\n<p>O&nbsp;<strong>Aux\u00edlio Brasil&nbsp;<\/strong>\u00e9 um programa que visa aperfei\u00e7oar e expandir o Bolsa Fam\u00edlia, trazendo um conjunto de benef\u00edcios financeiros para fam\u00edlias em situa\u00e7\u00e3o de vulnerabilidade. Entre os principais aspectos do benef\u00edcio, destacamos:<\/p>\n\n\n\n<ul class=\"wp-block-list\">\n<li><strong>Benef\u00edcios Ampliados:<\/strong>&nbsp;O programa oferece valores maiores em compara\u00e7\u00e3o ao Bolsa Fam\u00edlia, auxiliando ainda mais fam\u00edlias a garantir alimenta\u00e7\u00e3o, educa\u00e7\u00e3o e sa\u00fade adequadas.<\/li>\n\n\n\n<li><strong>Inclus\u00e3o Produtiva:&nbsp;<\/strong>H\u00e1 um enfoque na promo\u00e7\u00e3o da inclus\u00e3o no mercado de trabalho, com a\u00e7\u00f5es de capacita\u00e7\u00e3o e suporte para que os benefici\u00e1rios possam buscar empregos.<\/li>\n\n\n\n<li><strong>Foco na Primeira Inf\u00e2ncia:&nbsp;<\/strong>O Aux\u00edlio Brasil tamb\u00e9m reconhece a import\u00e2ncia da primeira inf\u00e2ncia e oferece benef\u00edcios espec\u00edficos para crian\u00e7as de at\u00e9 36 meses, garantindo seu desenvolvimento adequado.<\/li>\n<\/ul>\n\n\n\n<h3 class=\"wp-block-heading has-text-align-center\">FGTS &#8211; Fundo de Garantia do Tempo de Servi\u00e7o<\/h3>\n\n\n\n<p>O&nbsp;<strong>FGTS&nbsp;<\/strong>\u00e9 um benef\u00edcio fundamental para todos os trabalhadores brasileiros com carteira assinada. Veja algumas das vantagens desse programa:<\/p>\n\n\n\n<ul class=\"wp-block-list\">\n<li><strong>Reserva Financeira:&nbsp;<\/strong>O FGTS funciona como uma poupan\u00e7a compuls\u00f3ria, onde o empregador deposita mensalmente um valor correspondente a uma porcentagem do sal\u00e1rio do trabalhador.<\/li>\n\n\n\n<li><strong>Fundo de Garantia para Situa\u00e7\u00f5es Espec\u00edficas:<\/strong>&nbsp;O FGTS pode ser sacado em situa\u00e7\u00f5es como compra de casa pr\u00f3pria, aposentadoria, demiss\u00e3o sem justa causa e em casos de doen\u00e7as graves.<\/li>\n\n\n\n<li><strong>Seguran\u00e7a para o Futuro:<\/strong>&nbsp;Contribuir regularmente para o FGTS \u00e9 uma forma eficaz de garantir uma seguran\u00e7a financeira no futuro.<\/li>\n<\/ul>\n\n\n\n<h3 class=\"wp-block-heading has-text-align-center\">CNH Gratuita &#8211; Carteira Nacional de Habilita\u00e7\u00e3o<\/h3>\n\n\n\n<p>A&nbsp;<strong>CNH Gratuita<\/strong>&nbsp;\u00e9 um programa que possibilita que jovens de baixa renda tenham acesso \u00e0 sua Carteira Nacional de Habilita\u00e7\u00e3o sem custos elevados. Os benef\u00edcios incluem:<\/p>\n\n\n\n<ul class=\"wp-block-list\">\n<li><strong>Acesso \u00e0 Mobilidade:&nbsp;<\/strong>A CNH \u00e9 uma ferramenta essencial para a mobilidade e independ\u00eancia, facilitando o acesso a oportunidades de emprego e educa\u00e7\u00e3o.<\/li>\n\n\n\n<li><strong>Inclus\u00e3o Social:&nbsp;<\/strong>O programa contribui para a inclus\u00e3o social ao permitir que jovens de fam\u00edlias com menos recursos tenham as mesmas oportunidades de obter sua CNH.<\/li>\n\n\n\n<li><strong>Redu\u00e7\u00e3o de Desigualdades:<\/strong>&nbsp;A CNH Gratuita ajuda a reduzir desigualdades e promove a igualdade de acesso aos benef\u00edcios da sociedade.<\/li>\n<\/ul>\n\n\n\n<h3 class=\"wp-block-heading has-text-align-center\">Aux\u00edlio Desemprego<\/h3>\n\n\n\n<p>O&nbsp;<strong>Aux\u00edlio Desemprego<\/strong>&nbsp;\u00e9 um benef\u00edcio fundamental para trabalhadores que perderam seus empregos involuntariamente. Veja o que ele oferece:<\/p>\n\n\n\n<ul class=\"wp-block-list\">\n<li><strong>Seguran\u00e7a Financeira:<\/strong>&nbsp;O Aux\u00edlio Desemprego fornece uma renda tempor\u00e1ria para ajudar as pessoas a cobrirem suas despesas b\u00e1sicas enquanto buscam por um novo emprego.<\/li>\n\n\n\n<li><strong>Capacita\u00e7\u00e3o Profissional:&nbsp;<\/strong>Al\u00e9m do suporte financeiro, o programa tamb\u00e9m oferece oportunidades de treinamento e capacita\u00e7\u00e3o para melhorar as habilidades dos benefici\u00e1rios.<\/li>\n\n\n\n<li><strong>Estabilidade Financeira em Tempos Dif\u00edceis:&nbsp;<\/strong>O Aux\u00edlio Desemprego atua como uma rede de seguran\u00e7a em momentos de crise econ\u00f4mica, garantindo que os trabalhadores n\u00e3o fiquem desamparados.<\/li>\n<\/ul>\n\n\n\n<h2 class=\"wp-block-heading has-text-align-center\">Tenho direito aos benef\u00edcios sociais?<\/h2>\n\n\n\n<p>Os crit\u00e9rios de elegibilidade para os&nbsp;<strong>benef\u00edcios sociais do governo<\/strong>&nbsp;podem variar significativamente de um pa\u00eds para outro e at\u00e9 mesmo dentro de um pa\u00eds, dependendo do programa espec\u00edfico. No entanto, geralmente, os benef\u00edcios sociais s\u00e3o projetados para apoiar pessoas em situa\u00e7\u00f5es de necessidade, com base em fatores como renda, idade, defici\u00eancia, status de emprego, estado civil, n\u00famero de dependentes e outros crit\u00e9rios.<\/p>\n\n\n\n<p>Os grupos que frequentemente t\u00eam direito aos benef\u00edcios sociais incluem:<\/p>\n\n\n\n<ul class=\"wp-block-list\">\n<li>Pessoas de baixa renda ou em situa\u00e7\u00e3o de pobreza.<\/li>\n\n\n\n<li>Pessoas com defici\u00eancia ou incapacidade.<\/li>\n\n\n\n<li>Idosos, aposentados e pensionistas.<\/li>\n\n\n\n<li>Fam\u00edlias com crian\u00e7as dependentes.<\/li>\n\n\n\n<li>Desempregados ou trabalhadores de baixa renda.<\/li>\n\n\n\n<li>Gr\u00e1vidas e m\u00e3es em licen\u00e7a-maternidade.<\/li>\n\n\n\n<li>Veteranos militares e suas fam\u00edlias.<\/li>\n\n\n\n<li>Estudantes em busca de assist\u00eancia educacional.<\/li>\n<\/ul>\n\n\n\n<p><strong>\u00c9 importante observar que cada programa de benef\u00edcios sociais tem seus pr\u00f3prios requisitos e crit\u00e9rios espec\u00edficos de elegibilidade. Portanto, \u00e9 fundamental consultar as informa\u00e7\u00f5es fornecidas pelos \u00f3rg\u00e3os governamentais para determinar se voc\u00ea ou algu\u00e9m que voc\u00ea conhece tem direito a esses benef\u00edcios e como solicit\u00e1-los.<\/strong><\/p>\n\n\n\n<h2 class=\"wp-block-heading\">Obtenha os seus direitos!<\/h2>\n\n\n\n<p>Os<strong>&nbsp;benef\u00edcios sociais&nbsp;<\/strong>do governo brasileiro desempenham um papel fundamental na constru\u00e7\u00e3o de uma sociedade mais justa e igualit\u00e1ria. O Bolsa Fam\u00edlia, FGTS, CNH Gratuita, Brasil Sorridente e Aux\u00edlio Desemprego s\u00e3o programas essenciais que contribuem para a melhoria da qualidade de vida de milh\u00f5es de brasileiros, promovendo a inclus\u00e3o social, econ\u00f4mica e proporcionando oportunidades para todos.<\/p>\n\n\n\n<p>Lembre-se de que a busca por conhecimento \u00e9 o primeiro passo para aproveitar ao m\u00e1ximo esses benef\u00edcios. Se voc\u00ea ou algu\u00e9m que voc\u00ea conhece pode se beneficiar desses programas, n\u00e3o hesite em explorar as oportunidades dispon\u00edveis e melhorar sua qualidade de vida e bem-estar.<\/p>\n\n\n\n<p><strong>Veja tamb\u00e9m: <a href=\"https:\/\/www.vagadeempregorj.com.br\/fr\/como-desbloquear-o-beneficio-do-bolsa-familia-pela-internet\/\">Como desbloquear o benef\u00edcio do Bolsa Fam\u00edlia pela internet?<\/a><\/strong><\/p>\n\n\n\n<p>28 de novembro de 2024<\/p>","protected":false},"excerpt":{"rendered":"<p>Aqui, voc\u00ea encontrar\u00e1 informa\u00e7\u00f5es detalhadas sobre programas&nbsp;que desempenham um papel fundamental na melhoria da qualidade de vida de milh\u00f5es de brasileiros. Ao clicar no bot\u00e3o, voc\u00ea permanecer\u00e1 no mesmo site. N\u00e3o perca a oportunidade de estar sempre um passo \u00e0 frente quando se trata dos benef\u00edcios sociais que o governo tem a oferecer! N\u00e3o deixe&hellip;&nbsp;<\/p>","protected":false},"author":16,"featured_media":41532,"comment_status":"closed","ping_status":"closed","sticky":false,"template":"","format":"standard","meta":{"neve_meta_sidebar":"","neve_meta_container":"","neve_meta_enable_content_width":"","neve_meta_content_width":0,"neve_meta_title_alignment":"","neve_meta_author_avatar":"","neve_post_elements_order":"","neve_meta_disable_header":"","neve_meta_disable_footer":"","neve_meta_disable_title":"","footnotes":""},"categories":[1],"tags":[814,608],"class_list":["post-41529","post","type-post","status-publish","format-standard","has-post-thumbnail","hentry","category-beneficios-sociais","tag-beneficio-social","tag-oportunidades"],"yoast_head":"<!-- This site is optimized with the Yoast SEO plugin v27.5 - https:\/\/yoast.com\/product\/yoast-seo-wordpress\/ -->\n<title>Saiba quais s\u00e3o os benef\u00edcios sociais e se voc\u00ea tem direito a eles -<\/title>\n<meta name=\"description\" content=\"Veja em Vagas de Emprego RJ as vagas de emprego com e sem experi\u00eancia no seu Estado e Regi\u00e3o!\" \/>\n<meta name=\"robots\" content=\"index, follow, max-snippet:-1, max-image-preview:large, max-video-preview:-1\" \/>\n<link rel=\"canonical\" href=\"https:\/\/www.vagadeempregorj.com.br\/fr\/saiba-quais-sao-os-beneficios-sociais-e-se-voce-tem-direito-a-eles\/\" \/>\n<meta property=\"og:locale\" content=\"fr_FR\" \/>\n<meta property=\"og:type\" content=\"article\" \/>\n<meta property=\"og:title\" content=\"Saiba quais s\u00e3o os benef\u00edcios sociais e se voc\u00ea tem direito a eles -\" \/>\n<meta property=\"og:description\" content=\"Veja em Vagas de Emprego RJ as vagas de emprego com e sem experi\u00eancia no seu Estado e Regi\u00e3o!\" \/>\n<meta property=\"og:url\" content=\"https:\/\/www.vagadeempregorj.com.br\/fr\/saiba-quais-sao-os-beneficios-sociais-e-se-voce-tem-direito-a-eles\/\" \/>\n<meta property=\"article:publisher\" content=\"https:\/\/www.facebook.com\/empregobrasiloficial\" \/>\n<meta property=\"article:published_time\" content=\"2024-11-28T14:55:41+00:00\" \/>\n<meta property=\"article:modified_time\" content=\"2024-11-28T15:09:46+00:00\" \/>\n<meta property=\"og:image\" content=\"https:\/\/www.vagadeempregorj.com.br\/wp-content\/uploads\/2024\/11\/image-40.png\" \/>\n\t<meta property=\"og:image:width\" content=\"1792\" \/>\n\t<meta property=\"og:image:height\" content=\"1024\" \/>\n\t<meta property=\"og:image:type\" content=\"image\/png\" \/>\n<meta name=\"author\" content=\"Michele\" \/>\n<meta name=\"twitter:card\" content=\"summary_large_image\" \/>\n<meta name=\"twitter:label1\" content=\"\u00c9crit par\" \/>\n\t<meta name=\"twitter:data1\" content=\"Michele\" \/>\n\t<meta name=\"twitter:label2\" content=\"Dur\u00e9e de lecture estim\u00e9e\" \/>\n\t<meta name=\"twitter:data2\" content=\"8 minutes\" \/>\n<script type=\"application\/ld+json\" class=\"yoast-schema-graph\">{\"@context\":\"https:\\\/\\\/schema.org\",\"@graph\":[{\"@type\":\"Article\",\"@id\":\"https:\\\/\\\/www.vagadeempregorj.com.br\\\/saiba-quais-sao-os-beneficios-sociais-e-se-voce-tem-direito-a-eles\\\/#article\",\"isPartOf\":{\"@id\":\"https:\\\/\\\/www.vagadeempregorj.com.br\\\/saiba-quais-sao-os-beneficios-sociais-e-se-voce-tem-direito-a-eles\\\/\"},\"author\":{\"name\":\"Michele\",\"@id\":\"https:\\\/\\\/www.vagadeempregorj.com.br\\\/#\\\/schema\\\/person\\\/3ddb19fa0539706786e502152f3aae95\"},\"headline\":\"Saiba quais s\u00e3o os benef\u00edcios sociais e se voc\u00ea tem direito a eles\",\"datePublished\":\"2024-11-28T14:55:41+00:00\",\"dateModified\":\"2024-11-28T15:09:46+00:00\",\"mainEntityOfPage\":{\"@id\":\"https:\\\/\\\/www.vagadeempregorj.com.br\\\/saiba-quais-sao-os-beneficios-sociais-e-se-voce-tem-direito-a-eles\\\/\"},\"wordCount\":1601,\"image\":{\"@id\":\"https:\\\/\\\/www.vagadeempregorj.com.br\\\/saiba-quais-sao-os-beneficios-sociais-e-se-voce-tem-direito-a-eles\\\/#primaryimage\"},\"thumbnailUrl\":\"https:\\\/\\\/www.vagadeempregorj.com.br\\\/wp-content\\\/uploads\\\/2024\\\/11\\\/image-40.png\",\"keywords\":[\"benef\u00edcio social\",\"oportunidades\"],\"articleSection\":[\"Benef\u00edcios Sociais\"],\"inLanguage\":\"fr-FR\"},{\"@type\":\"WebPage\",\"@id\":\"https:\\\/\\\/www.vagadeempregorj.com.br\\\/saiba-quais-sao-os-beneficios-sociais-e-se-voce-tem-direito-a-eles\\\/\",\"url\":\"https:\\\/\\\/www.vagadeempregorj.com.br\\\/saiba-quais-sao-os-beneficios-sociais-e-se-voce-tem-direito-a-eles\\\/\",\"name\":\"Saiba quais s\u00e3o os benef\u00edcios sociais e se voc\u00ea tem direito a eles -\",\"isPartOf\":{\"@id\":\"https:\\\/\\\/www.vagadeempregorj.com.br\\\/#website\"},\"primaryImageOfPage\":{\"@id\":\"https:\\\/\\\/www.vagadeempregorj.com.br\\\/saiba-quais-sao-os-beneficios-sociais-e-se-voce-tem-direito-a-eles\\\/#primaryimage\"},\"image\":{\"@id\":\"https:\\\/\\\/www.vagadeempregorj.com.br\\\/saiba-quais-sao-os-beneficios-sociais-e-se-voce-tem-direito-a-eles\\\/#primaryimage\"},\"thumbnailUrl\":\"https:\\\/\\\/www.vagadeempregorj.com.br\\\/wp-content\\\/uploads\\\/2024\\\/11\\\/image-40.png\",\"datePublished\":\"2024-11-28T14:55:41+00:00\",\"dateModified\":\"2024-11-28T15:09:46+00:00\",\"author\":{\"@id\":\"https:\\\/\\\/www.vagadeempregorj.com.br\\\/#\\\/schema\\\/person\\\/3ddb19fa0539706786e502152f3aae95\"},\"description\":\"Veja em Vagas de Emprego RJ as vagas de emprego com e sem experi\u00eancia no seu Estado e Regi\u00e3o!\",\"breadcrumb\":{\"@id\":\"https:\\\/\\\/www.vagadeempregorj.com.br\\\/saiba-quais-sao-os-beneficios-sociais-e-se-voce-tem-direito-a-eles\\\/#breadcrumb\"},\"inLanguage\":\"fr-FR\",\"potentialAction\":[{\"@type\":\"ReadAction\",\"target\":[\"https:\\\/\\\/www.vagadeempregorj.com.br\\\/saiba-quais-sao-os-beneficios-sociais-e-se-voce-tem-direito-a-eles\\\/\"]}]},{\"@type\":\"ImageObject\",\"inLanguage\":\"fr-FR\",\"@id\":\"https:\\\/\\\/www.vagadeempregorj.com.br\\\/saiba-quais-sao-os-beneficios-sociais-e-se-voce-tem-direito-a-eles\\\/#primaryimage\",\"url\":\"https:\\\/\\\/www.vagadeempregorj.com.br\\\/wp-content\\\/uploads\\\/2024\\\/11\\\/image-40.png\",\"contentUrl\":\"https:\\\/\\\/www.vagadeempregorj.com.br\\\/wp-content\\\/uploads\\\/2024\\\/11\\\/image-40.png\",\"width\":1792,\"height\":1024},{\"@type\":\"BreadcrumbList\",\"@id\":\"https:\\\/\\\/www.vagadeempregorj.com.br\\\/saiba-quais-sao-os-beneficios-sociais-e-se-voce-tem-direito-a-eles\\\/#breadcrumb\",\"itemListElement\":[{\"@type\":\"ListItem\",\"position\":1,\"name\":\"In\u00edcio\",\"item\":\"https:\\\/\\\/www.vagadeempregorj.com.br\\\/\"},{\"@type\":\"ListItem\",\"position\":2,\"name\":\"Benef\u00edcios Sociais\",\"item\":\"https:\\\/\\\/www.vagadeempregorj.com.br\\\/beneficios-sociais\\\/\"},{\"@type\":\"ListItem\",\"position\":3,\"name\":\"Saiba quais s\u00e3o os benef\u00edcios sociais e se voc\u00ea tem direito a eles\"}]},{\"@type\":\"WebSite\",\"@id\":\"https:\\\/\\\/www.vagadeempregorj.com.br\\\/#website\",\"url\":\"https:\\\/\\\/www.vagadeempregorj.com.br\\\/\",\"name\":\"\",\"description\":\"Conquiste Sonhos: Vagas, Benef\u00edcios e Economia para Transformar Vidas e Alcan\u00e7ar Melhorias Cotidianas\",\"potentialAction\":[{\"@type\":\"SearchAction\",\"target\":{\"@type\":\"EntryPoint\",\"urlTemplate\":\"https:\\\/\\\/www.vagadeempregorj.com.br\\\/?s={search_term_string}\"},\"query-input\":{\"@type\":\"PropertyValueSpecification\",\"valueRequired\":true,\"valueName\":\"search_term_string\"}}],\"inLanguage\":\"fr-FR\"},{\"@type\":\"Person\",\"@id\":\"https:\\\/\\\/www.vagadeempregorj.com.br\\\/#\\\/schema\\\/person\\\/3ddb19fa0539706786e502152f3aae95\",\"name\":\"Michele\",\"image\":{\"@type\":\"ImageObject\",\"inLanguage\":\"fr-FR\",\"@id\":\"https:\\\/\\\/secure.gravatar.com\\\/avatar\\\/6b0eb9d22841282815e2cd856a0061c45e1761cd54b22e952d98c4746939aa85?s=96&r=g\",\"url\":\"https:\\\/\\\/secure.gravatar.com\\\/avatar\\\/6b0eb9d22841282815e2cd856a0061c45e1761cd54b22e952d98c4746939aa85?s=96&r=g\",\"contentUrl\":\"https:\\\/\\\/secure.gravatar.com\\\/avatar\\\/6b0eb9d22841282815e2cd856a0061c45e1761cd54b22e952d98c4746939aa85?s=96&r=g\",\"caption\":\"Michele\"},\"description\":\"Formada em Letras - Portugu\u00eas\\\/ Ingl\u00eas, e idealizadora do site Escritora de Sucesso, busca expandir o conhecimento de todos com informa\u00e7\u00f5es relevantes sobre diversos assuntos, enquanto redatora. No Vaga de Emprego RJ, traz oportunidades e dicas sobre o mercado de trabalho.\",\"url\":\"https:\\\/\\\/www.vagadeempregorj.com.br\\\/fr\\\/author\\\/michele\\\/\"}]}<\/script>\n<!-- \/ Yoast SEO plugin. -->","yoast_head_json":{"title":"Saiba quais s\u00e3o os benef\u00edcios sociais e se voc\u00ea tem direito a eles -","description":"Veja em Vagas de Emprego RJ as vagas de emprego com e sem experi\u00eancia no seu Estado e Regi\u00e3o!","robots":{"index":"index","follow":"follow","max-snippet":"max-snippet:-1","max-image-preview":"max-image-preview:large","max-video-preview":"max-video-preview:-1"},"canonical":"https:\/\/www.vagadeempregorj.com.br\/fr\/saiba-quais-sao-os-beneficios-sociais-e-se-voce-tem-direito-a-eles\/","og_locale":"fr_FR","og_type":"article","og_title":"Saiba quais s\u00e3o os benef\u00edcios sociais e se voc\u00ea tem direito a eles -","og_description":"Veja em Vagas de Emprego RJ as vagas de emprego com e sem experi\u00eancia no seu Estado e Regi\u00e3o!","og_url":"https:\/\/www.vagadeempregorj.com.br\/fr\/saiba-quais-sao-os-beneficios-sociais-e-se-voce-tem-direito-a-eles\/","article_publisher":"https:\/\/www.facebook.com\/empregobrasiloficial","article_published_time":"2024-11-28T14:55:41+00:00","article_modified_time":"2024-11-28T15:09:46+00:00","og_image":[{"width":1792,"height":1024,"url":"https:\/\/www.vagadeempregorj.com.br\/wp-content\/uploads\/2024\/11\/image-40.png","type":"image\/png"}],"author":"Michele","twitter_card":"summary_large_image","twitter_misc":{"\u00c9crit par":"Michele","Dur\u00e9e de lecture estim\u00e9e":"8 minutes"},"schema":{"@context":"https:\/\/schema.org","@graph":[{"@type":"Article","@id":"https:\/\/www.vagadeempregorj.com.br\/saiba-quais-sao-os-beneficios-sociais-e-se-voce-tem-direito-a-eles\/#article","isPartOf":{"@id":"https:\/\/www.vagadeempregorj.com.br\/saiba-quais-sao-os-beneficios-sociais-e-se-voce-tem-direito-a-eles\/"},"author":{"name":"Michele","@id":"https:\/\/www.vagadeempregorj.com.br\/#\/schema\/person\/3ddb19fa0539706786e502152f3aae95"},"headline":"Saiba quais s\u00e3o os benef\u00edcios sociais e se voc\u00ea tem direito a eles","datePublished":"2024-11-28T14:55:41+00:00","dateModified":"2024-11-28T15:09:46+00:00","mainEntityOfPage":{"@id":"https:\/\/www.vagadeempregorj.com.br\/saiba-quais-sao-os-beneficios-sociais-e-se-voce-tem-direito-a-eles\/"},"wordCount":1601,"image":{"@id":"https:\/\/www.vagadeempregorj.com.br\/saiba-quais-sao-os-beneficios-sociais-e-se-voce-tem-direito-a-eles\/#primaryimage"},"thumbnailUrl":"https:\/\/www.vagadeempregorj.com.br\/wp-content\/uploads\/2024\/11\/image-40.png","keywords":["benef\u00edcio social","oportunidades"],"articleSection":["Benef\u00edcios Sociais"],"inLanguage":"fr-FR"},{"@type":"WebPage","@id":"https:\/\/www.vagadeempregorj.com.br\/saiba-quais-sao-os-beneficios-sociais-e-se-voce-tem-direito-a-eles\/","url":"https:\/\/www.vagadeempregorj.com.br\/saiba-quais-sao-os-beneficios-sociais-e-se-voce-tem-direito-a-eles\/","name":"Saiba quais s\u00e3o os benef\u00edcios sociais e se voc\u00ea tem direito a eles -","isPartOf":{"@id":"https:\/\/www.vagadeempregorj.com.br\/#website"},"primaryImageOfPage":{"@id":"https:\/\/www.vagadeempregorj.com.br\/saiba-quais-sao-os-beneficios-sociais-e-se-voce-tem-direito-a-eles\/#primaryimage"},"image":{"@id":"https:\/\/www.vagadeempregorj.com.br\/saiba-quais-sao-os-beneficios-sociais-e-se-voce-tem-direito-a-eles\/#primaryimage"},"thumbnailUrl":"https:\/\/www.vagadeempregorj.com.br\/wp-content\/uploads\/2024\/11\/image-40.png","datePublished":"2024-11-28T14:55:41+00:00","dateModified":"2024-11-28T15:09:46+00:00","author":{"@id":"https:\/\/www.vagadeempregorj.com.br\/#\/schema\/person\/3ddb19fa0539706786e502152f3aae95"},"description":"Veja em Vagas de Emprego RJ as vagas de emprego com e sem experi\u00eancia no seu Estado e Regi\u00e3o!","breadcrumb":{"@id":"https:\/\/www.vagadeempregorj.com.br\/saiba-quais-sao-os-beneficios-sociais-e-se-voce-tem-direito-a-eles\/#breadcrumb"},"inLanguage":"fr-FR","potentialAction":[{"@type":"ReadAction","target":["https:\/\/www.vagadeempregorj.com.br\/saiba-quais-sao-os-beneficios-sociais-e-se-voce-tem-direito-a-eles\/"]}]},{"@type":"ImageObject","inLanguage":"fr-FR","@id":"https:\/\/www.vagadeempregorj.com.br\/saiba-quais-sao-os-beneficios-sociais-e-se-voce-tem-direito-a-eles\/#primaryimage","url":"https:\/\/www.vagadeempregorj.com.br\/wp-content\/uploads\/2024\/11\/image-40.png","contentUrl":"https:\/\/www.vagadeempregorj.com.br\/wp-content\/uploads\/2024\/11\/image-40.png","width":1792,"height":1024},{"@type":"BreadcrumbList","@id":"https:\/\/www.vagadeempregorj.com.br\/saiba-quais-sao-os-beneficios-sociais-e-se-voce-tem-direito-a-eles\/#breadcrumb","itemListElement":[{"@type":"ListItem","position":1,"name":"In\u00edcio","item":"https:\/\/www.vagadeempregorj.com.br\/"},{"@type":"ListItem","position":2,"name":"Benef\u00edcios Sociais","item":"https:\/\/www.vagadeempregorj.com.br\/beneficios-sociais\/"},{"@type":"ListItem","position":3,"name":"Saiba quais s\u00e3o os benef\u00edcios sociais e se voc\u00ea tem direito a eles"}]},{"@type":"WebSite","@id":"https:\/\/www.vagadeempregorj.com.br\/#website","url":"https:\/\/www.vagadeempregorj.com.br\/","name":"","description":"Conquiste Sonhos: Vagas, Benef\u00edcios e Economia para Transformar Vidas e Alcan\u00e7ar Melhorias Cotidianas","potentialAction":[{"@type":"SearchAction","target":{"@type":"EntryPoint","urlTemplate":"https:\/\/www.vagadeempregorj.com.br\/?s={search_term_string}"},"query-input":{"@type":"PropertyValueSpecification","valueRequired":true,"valueName":"search_term_string"}}],"inLanguage":"fr-FR"},{"@type":"Person","@id":"https:\/\/www.vagadeempregorj.com.br\/#\/schema\/person\/3ddb19fa0539706786e502152f3aae95","name":"Michele","image":{"@type":"ImageObject","inLanguage":"fr-FR","@id":"https:\/\/secure.gravatar.com\/avatar\/6b0eb9d22841282815e2cd856a0061c45e1761cd54b22e952d98c4746939aa85?s=96&r=g","url":"https:\/\/secure.gravatar.com\/avatar\/6b0eb9d22841282815e2cd856a0061c45e1761cd54b22e952d98c4746939aa85?s=96&r=g","contentUrl":"https:\/\/secure.gravatar.com\/avatar\/6b0eb9d22841282815e2cd856a0061c45e1761cd54b22e952d98c4746939aa85?s=96&r=g","caption":"Michele"},"description":"Formada em Letras - Portugu\u00eas\/ Ingl\u00eas, e idealizadora do site Escritora de Sucesso, busca expandir o conhecimento de todos com informa\u00e7\u00f5es relevantes sobre diversos assuntos, enquanto redatora. No Vaga de Emprego RJ, traz oportunidades e dicas sobre o mercado de trabalho.","url":"https:\/\/www.vagadeempregorj.com.br\/fr\/author\/michele\/"}]}},"_links":{"self":[{"href":"https:\/\/www.vagadeempregorj.com.br\/fr\/wp-json\/wp\/v2\/posts\/41529","targetHints":{"allow":["GET"]}}],"collection":[{"href":"https:\/\/www.vagadeempregorj.com.br\/fr\/wp-json\/wp\/v2\/posts"}],"about":[{"href":"https:\/\/www.vagadeempregorj.com.br\/fr\/wp-json\/wp\/v2\/types\/post"}],"author":[{"embeddable":true,"href":"https:\/\/www.vagadeempregorj.com.br\/fr\/wp-json\/wp\/v2\/users\/16"}],"replies":[{"embeddable":true,"href":"https:\/\/www.vagadeempregorj.com.br\/fr\/wp-json\/wp\/v2\/comments?post=41529"}],"version-history":[{"count":0,"href":"https:\/\/www.vagadeempregorj.com.br\/fr\/wp-json\/wp\/v2\/posts\/41529\/revisions"}],"wp:featuredmedia":[{"embeddable":true,"href":"https:\/\/www.vagadeempregorj.com.br\/fr\/wp-json\/wp\/v2\/media\/41532"}],"wp:attachment":[{"href":"https:\/\/www.vagadeempregorj.com.br\/fr\/wp-json\/wp\/v2\/media?parent=41529"}],"wp:term":[{"taxonomy":"category","embeddable":true,"href":"https:\/\/www.vagadeempregorj.com.br\/fr\/wp-json\/wp\/v2\/categories?post=41529"},{"taxonomy":"post_tag","embeddable":true,"href":"https:\/\/www.vagadeempregorj.com.br\/fr\/wp-json\/wp\/v2\/tags?post=41529"}],"curies":[{"name":"wp","href":"https:\/\/api.w.org\/{rel}","templated":true}]}}